{"id":9994,"date":"2026-09-03T09:20:17","date_gmt":"2026-09-03T12:20:17","guid":{"rendered":"https:\/\/portalmaisagro.com\/?p=9994"},"modified":"2026-09-03T09:20:17","modified_gmt":"2026-09-03T12:20:17","slug":"painel-aborda-ciencia-e-conhecimento-dos-produtores-como-forma-de-fortalecer-a-erva-mate-do-alto-taquari","status":"publish","type":"post","link":"https:\/\/portalmaisagro.com\/?p=9994","title":{"rendered":"Painel aborda ci\u00eancia e conhecimento dos produtores como forma de fortalecer a erva-mate do Alto Taquari"},"content":{"rendered":"<p><img loading=\"lazy\" decoding=\"async\" class=\"alignnone  wp-image-9996\" src=\"https:\/\/portalmaisagro.com\/wp-content\/uploads\/2026\/09\/02163713_90564_GD.jpeg\" alt=\"\" width=\"1001\" height=\"563\" srcset=\"https:\/\/portalmaisagro.com\/wp-content\/uploads\/2026\/09\/02163713_90564_GD.jpeg 800w, https:\/\/portalmaisagro.com\/wp-content\/uploads\/2026\/09\/02163713_90564_GD-300x169.jpeg 300w, https:\/\/portalmaisagro.com\/wp-content\/uploads\/2026\/09\/02163713_90564_GD-768x432.jpeg 768w, https:\/\/portalmaisagro.com\/wp-content\/uploads\/2026\/09\/02163713_90564_GD-150x84.jpeg 150w\" sizes=\"auto, (max-width: 1001px) 100vw, 1001px\" \/><\/p>\n<p style=\"text-align: justify\"><em>Apresenta\u00e7\u00e3o destacou an\u00e1lise sensorial e iniciativas para futura Indica\u00e7\u00e3o Geogr\u00e1fica do produto<\/em><\/p>\n<p style=\"text-align: justify\">A integra\u00e7\u00e3o entre ci\u00eancia, coopera\u00e7\u00e3o e conhecimento dos produtores pode impulsionar a valoriza\u00e7\u00e3o da erva-mate e o desenvolvimento regional. O tema foi debatido nesta ultima quarta-feira (2\/9), durante a 49\u00aa Expointer, em painel promovido pela Secretaria da Agricultura, Pecu\u00e1ria, Produ\u00e7\u00e3o Sustent\u00e1vel e Irriga\u00e7\u00e3o (Seapi), no Audit\u00f3rio Gov RS, em Esteio. A atividade foi mediada pelo coordenador do Plano ABC+ RS na Seapi, Jackson Brilhante.<\/p>\n<p style=\"text-align: justify\">Especialista em erva-mate e representante da Associa\u00e7\u00e3o dos Produtores e Parceiros da Erva-Mate do Alto Taquari (Appemate), Ariana Maia apresentou iniciativas voltadas ao conhecimento e \u00e0 valoriza\u00e7\u00e3o das caracter\u00edsticas da produ\u00e7\u00e3o\u00a0regional.\u00a0Segundo ela, os resultados da an\u00e1lise sensorial podem contribuir para a estrutura\u00e7\u00e3o de uma futura Indica\u00e7\u00e3o Geogr\u00e1fica (IG) para a erva-mate do Alto Taquari,\u00a0regi\u00e3o que\u00a0concentra 60% da produ\u00e7\u00e3o do Estado. O trabalho envolve a aproxima\u00e7\u00e3o entre produtores,\u00a079\u00a0empresas, institui\u00e7\u00f5es de pesquisa e poder p\u00fablico.<\/p>\n<p style=\"text-align: justify\">\u201cEstamos utilizando a an\u00e1lise sensorial para conhecer, identificar e valorizar os aromas, sabores e caracter\u00edsticas da erva-mate. Esse conhecimento contribui para a estrutura\u00e7\u00e3o da futura\u00a0IG\u00a0e para compreender melhor aquilo que diferencia o produto do territ\u00f3rio\u201d, explicou.<\/p>\n<p style=\"text-align: justify\">Ariana ainda destacou a atua\u00e7\u00e3o dos t\u00e9cnicos da\u00a0Seapi\u00a0na identifica\u00e7\u00e3o e sistematiza\u00e7\u00e3o das caracter\u00edsticas do territ\u00f3rio. Para ela, a articula\u00e7\u00e3o entre conhecimento cient\u00edfico e saberes dos produtores pode gerar avan\u00e7os em qualidade, inova\u00e7\u00e3o e valoriza\u00e7\u00e3o da origem.\u00a0\u201cA gente vem trabalhando cada vez mais em conjunto, tamb\u00e9m com a Secretaria do Meio Ambiente e outros \u00f3rg\u00e3os. O objetivo \u00e9 oferecer ao produtor mais e melhores informa\u00e7\u00f5es\u201d,\u00a0finalizou\u00a0Brilhante.<\/p>\n<p style=\"text-align: justify\">Texto:\u00a0Elstor\u00a0Hanzen\/Ascom\u00a0Expointer<\/p>\n<p style=\"text-align: justify\">Foto: Elstor Hanzen\/Ascom Expointer<\/p>\n<p style=\"text-align: justify\"><img loading=\"lazy\" decoding=\"async\" class=\"alignnone  wp-image-9943\" src=\"https:\/\/portalmaisagro.com\/wp-content\/uploads\/2026\/09\/WhatsApp-Image-2026-08-11-at-10.28.27.jpeg\" alt=\"\" width=\"252\" height=\"331\" srcset=\"https:\/\/portalmaisagro.com\/wp-content\/uploads\/2026\/09\/WhatsApp-Image-2026-08-11-at-10.28.27.jpeg 298w, https:\/\/portalmaisagro.com\/wp-content\/uploads\/2026\/09\/WhatsApp-Image-2026-08-11-at-10.28.27-229x300.jpeg 229w, https:\/\/portalmaisagro.com\/wp-content\/uploads\/2026\/09\/WhatsApp-Image-2026-08-11-at-10.28.27-150x197.jpeg 150w\" sizes=\"auto, (max-width: 252px) 100vw, 252px\" \/><\/p>\n<p style=\"text-align: justify\"><a href=\"https:\/\/digital.agriculturafamiliar.agr.br\/pub\/agriculturafamiliar\/#page\/147\"><strong><em>Conte\u00fado exclusivo de empresas participantes do Anu\u00e1rio Brasileiro do Agroneg\u00f3cio e Agricultura Familiar \u2013 LEIA O ANU\u00c1RIO GRATUITAMENTE<\/em><\/strong><\/a><\/p>\n","protected":false},"excerpt":{"rendered":"<p>Apresenta\u00e7\u00e3o destacou an\u00e1lise sensorial e iniciativas para futura Indica\u00e7\u00e3o Geogr\u00e1fica do produto A integra\u00e7\u00e3o entre ci\u00eancia, coopera\u00e7\u00e3o e conhecimento dos produtores pode impulsionar a valoriza\u00e7\u00e3o da erva-mate e o desenvolvimento regional. O tema foi debatido nesta ultima quarta-feira (2\/9), durante a 49\u00aa Expointer, em painel promovido pela Secretaria da Agricultura,&hellip;<\/p>\n","protected":false},"author":10,"featured_media":0,"comment_status":"closed","ping_status":"closed","sticky":false,"template":"","format":"standard","meta":{"footnotes":"","jetpack_publicize_message":"","jetpack_publicize_feature_enabled":true,"jetpack_social_post_already_shared":true,"jetpack_social_options":{"image_generator_settings":{"template":"highway","default_image_id":0,"font":"","enabled":false},"version":2},"_members_access_role":[],"_members_access_error":""},"categories":[131,230],"tags":[],"class_list":["post-9994","post","type-post","status-publish","format-standard","hentry","category-destaques","category-feiras-2"],"yoast_head":"<!-- This site is optimized with the Yoast SEO plugin v28.1 - https:\/\/yoast.com\/product\/yoast-seo-wordpress\/ -->\n<title>Painel aborda ci\u00eancia e conhecimento dos produtores como forma de fortalecer a erva-mate do Alto Taquari - MaisAgro<\/title>\n<meta name=\"robots\" content=\"index, follow, max-snippet:-1, max-image-preview:large, max-video-preview:-1\" \/>\n<link rel=\"canonical\" href=\"https:\/\/portalmaisagro.com\/?p=9994\" \/>\n<meta property=\"og:locale\" content=\"pt_BR\" \/>\n<meta property=\"og:type\" content=\"article\" \/>\n<meta property=\"og:title\" content=\"Painel aborda ci\u00eancia e conhecimento dos produtores como forma de fortalecer a erva-mate do Alto Taquari - MaisAgro\" \/>\n<meta property=\"og:description\" content=\"Apresenta\u00e7\u00e3o destacou an\u00e1lise sensorial e iniciativas para futura Indica\u00e7\u00e3o Geogr\u00e1fica do produto A integra\u00e7\u00e3o entre ci\u00eancia, coopera\u00e7\u00e3o e conhecimento dos produtores pode impulsionar a valoriza\u00e7\u00e3o da erva-mate e o desenvolvimento regional. O tema foi debatido nesta ultima quarta-feira (2\/9), durante a 49\u00aa Expointer, em painel promovido pela Secretaria da Agricultura,&hellip;\" \/>\n<meta property=\"og:url\" content=\"https:\/\/portalmaisagro.com\/?p=9994\" \/>\n<meta property=\"og:site_name\" content=\"MaisAgro\" \/>\n<meta property=\"article:publisher\" content=\"https:\/\/www.facebook.com\/maisagroportal\" \/>\n<meta property=\"article:published_time\" content=\"2026-09-03T12:20:17+00:00\" \/>\n<meta property=\"og:image\" content=\"https:\/\/portalmaisagro.com\/wp-content\/uploads\/2026\/09\/02163713_90564_GD.jpeg\" \/>\n\t<meta property=\"og:image:width\" content=\"800\" \/>\n\t<meta property=\"og:image:height\" content=\"450\" \/>\n\t<meta property=\"og:image:type\" content=\"image\/jpeg\" \/>\n<meta name=\"author\" content=\"Taiane do Carmo\" \/>\n<meta name=\"twitter:card\" content=\"summary_large_image\" \/>\n<meta name=\"twitter:label1\" content=\"Escrito por\" \/>\n\t<meta name=\"twitter:data1\" content=\"Taiane do Carmo\" \/>\n\t<meta name=\"twitter:label2\" content=\"Est. tempo de leitura\" \/>\n\t<meta name=\"twitter:data2\" content=\"2 minutos\" \/>\n<script type=\"application\/ld+json\" class=\"yoast-schema-graph\">{\"@context\":\"https:\\\/\\\/schema.org\",\"@graph\":[{\"@type\":\"Article\",\"@id\":\"https:\\\/\\\/portalmaisagro.com\\\/?p=9994#article\",\"isPartOf\":{\"@id\":\"https:\\\/\\\/portalmaisagro.com\\\/?p=9994\"},\"author\":{\"name\":\"Taiane do Carmo\",\"@id\":\"https:\\\/\\\/portalmaisagro.com\\\/#\\\/schema\\\/person\\\/ade0f16b5a3434e1ec47b1fbdb9b9318\"},\"headline\":\"Painel aborda ci\u00eancia e conhecimento dos produtores como forma de fortalecer a erva-mate do Alto Taquari\",\"datePublished\":\"2026-09-03T12:20:17+00:00\",\"mainEntityOfPage\":{\"@id\":\"https:\\\/\\\/portalmaisagro.com\\\/?p=9994\"},\"wordCount\":348,\"publisher\":{\"@id\":\"https:\\\/\\\/portalmaisagro.com\\\/#organization\"},\"image\":{\"@id\":\"https:\\\/\\\/portalmaisagro.com\\\/?p=9994#primaryimage\"},\"thumbnailUrl\":\"https:\\\/\\\/portalmaisagro.com\\\/wp-content\\\/uploads\\\/2026\\\/09\\\/02163713_90564_GD.jpeg\",\"articleSection\":[\"DESTAQUES\",\"FEIRAS\"],\"inLanguage\":\"pt-BR\"},{\"@type\":\"WebPage\",\"@id\":\"https:\\\/\\\/portalmaisagro.com\\\/?p=9994\",\"url\":\"https:\\\/\\\/portalmaisagro.com\\\/?p=9994\",\"name\":\"Painel aborda ci\u00eancia e conhecimento dos produtores como forma de fortalecer a erva-mate do Alto Taquari - MaisAgro\",\"isPartOf\":{\"@id\":\"https:\\\/\\\/portalmaisagro.com\\\/#website\"},\"primaryImageOfPage\":{\"@id\":\"https:\\\/\\\/portalmaisagro.com\\\/?p=9994#primaryimage\"},\"image\":{\"@id\":\"https:\\\/\\\/portalmaisagro.com\\\/?p=9994#primaryimage\"},\"thumbnailUrl\":\"https:\\\/\\\/portalmaisagro.com\\\/wp-content\\\/uploads\\\/2026\\\/09\\\/02163713_90564_GD.jpeg\",\"datePublished\":\"2026-09-03T12:20:17+00:00\",\"breadcrumb\":{\"@id\":\"https:\\\/\\\/portalmaisagro.com\\\/?p=9994#breadcrumb\"},\"inLanguage\":\"pt-BR\",\"potentialAction\":[{\"@type\":\"ReadAction\",\"target\":[\"https:\\\/\\\/portalmaisagro.com\\\/?p=9994\"]}]},{\"@type\":\"ImageObject\",\"inLanguage\":\"pt-BR\",\"@id\":\"https:\\\/\\\/portalmaisagro.com\\\/?p=9994#primaryimage\",\"url\":\"https:\\\/\\\/portalmaisagro.com\\\/wp-content\\\/uploads\\\/2026\\\/09\\\/02163713_90564_GD.jpeg\",\"contentUrl\":\"https:\\\/\\\/portalmaisagro.com\\\/wp-content\\\/uploads\\\/2026\\\/09\\\/02163713_90564_GD.jpeg\",\"width\":800,\"height\":450},{\"@type\":\"BreadcrumbList\",\"@id\":\"https:\\\/\\\/portalmaisagro.com\\\/?p=9994#breadcrumb\",\"itemListElement\":[{\"@type\":\"ListItem\",\"position\":1,\"name\":\"In\u00edcio\",\"item\":\"https:\\\/\\\/portalmaisagro.com\\\/\"},{\"@type\":\"ListItem\",\"position\":2,\"name\":\"Painel aborda ci\u00eancia e conhecimento dos produtores como forma de fortalecer a erva-mate do Alto Taquari\"}]},{\"@type\":\"WebSite\",\"@id\":\"https:\\\/\\\/portalmaisagro.com\\\/#website\",\"url\":\"https:\\\/\\\/portalmaisagro.com\\\/\",\"name\":\"MaisAgro\",\"description\":\"O portal do agroneg\u00f3cio\",\"publisher\":{\"@id\":\"https:\\\/\\\/portalmaisagro.com\\\/#organization\"},\"potentialAction\":[{\"@type\":\"SearchAction\",\"target\":{\"@type\":\"EntryPoint\",\"urlTemplate\":\"https:\\\/\\\/portalmaisagro.com\\\/?s={search_term_string}\"},\"query-input\":{\"@type\":\"PropertyValueSpecification\",\"valueRequired\":true,\"valueName\":\"search_term_string\"}}],\"inLanguage\":\"pt-BR\"},{\"@type\":\"Organization\",\"@id\":\"https:\\\/\\\/portalmaisagro.com\\\/#organization\",\"name\":\"MaisAgro\",\"url\":\"https:\\\/\\\/portalmaisagro.com\\\/\",\"logo\":{\"@type\":\"ImageObject\",\"inLanguage\":\"pt-BR\",\"@id\":\"https:\\\/\\\/portalmaisagro.com\\\/#\\\/schema\\\/logo\\\/image\\\/\",\"url\":\"https:\\\/\\\/portalmaisagro.com\\\/wp-content\\\/uploads\\\/2024\\\/11\\\/logo_oficial-e1749247575377.png\",\"contentUrl\":\"https:\\\/\\\/portalmaisagro.com\\\/wp-content\\\/uploads\\\/2024\\\/11\\\/logo_oficial-e1749247575377.png\",\"width\":513,\"height\":107,\"caption\":\"MaisAgro\"},\"image\":{\"@id\":\"https:\\\/\\\/portalmaisagro.com\\\/#\\\/schema\\\/logo\\\/image\\\/\"},\"sameAs\":[\"https:\\\/\\\/www.facebook.com\\\/maisagroportal\"]},{\"@type\":\"Person\",\"@id\":\"https:\\\/\\\/portalmaisagro.com\\\/#\\\/schema\\\/person\\\/ade0f16b5a3434e1ec47b1fbdb9b9318\",\"name\":\"Taiane do Carmo\",\"image\":{\"@type\":\"ImageObject\",\"inLanguage\":\"pt-BR\",\"@id\":\"https:\\\/\\\/portalmaisagro.com\\\/wp-content\\\/uploads\\\/2026\\\/04\\\/images.jpeg640e5d69297d7dd56cc39a10251ad7db\",\"url\":\"https:\\\/\\\/portalmaisagro.com\\\/wp-content\\\/uploads\\\/2026\\\/04\\\/images.jpeg\",\"contentUrl\":\"https:\\\/\\\/portalmaisagro.com\\\/wp-content\\\/uploads\\\/2026\\\/04\\\/images.jpeg\",\"caption\":\"Taiane do Carmo\"},\"url\":\"https:\\\/\\\/portalmaisagro.com\\\/?author=10\"}]}<\/script>\n<!-- \/ Yoast SEO plugin. -->","yoast_head_json":{"title":"Painel aborda ci\u00eancia e conhecimento dos produtores como forma de fortalecer a erva-mate do Alto Taquari - MaisAgro","robots":{"index":"index","follow":"follow","max-snippet":"max-snippet:-1","max-image-preview":"max-image-preview:large","max-video-preview":"max-video-preview:-1"},"canonical":"https:\/\/portalmaisagro.com\/?p=9994","og_locale":"pt_BR","og_type":"article","og_title":"Painel aborda ci\u00eancia e conhecimento dos produtores como forma de fortalecer a erva-mate do Alto Taquari - MaisAgro","og_description":"Apresenta\u00e7\u00e3o destacou an\u00e1lise sensorial e iniciativas para futura Indica\u00e7\u00e3o Geogr\u00e1fica do produto A integra\u00e7\u00e3o entre ci\u00eancia, coopera\u00e7\u00e3o e conhecimento dos produtores pode impulsionar a valoriza\u00e7\u00e3o da erva-mate e o desenvolvimento regional. O tema foi debatido nesta ultima quarta-feira (2\/9), durante a 49\u00aa Expointer, em painel promovido pela Secretaria da Agricultura,&hellip;","og_url":"https:\/\/portalmaisagro.com\/?p=9994","og_site_name":"MaisAgro","article_publisher":"https:\/\/www.facebook.com\/maisagroportal","article_published_time":"2026-09-03T12:20:17+00:00","og_image":[{"width":800,"height":450,"url":"https:\/\/portalmaisagro.com\/wp-content\/uploads\/2026\/09\/02163713_90564_GD.jpeg","type":"image\/jpeg"}],"author":"Taiane do Carmo","twitter_card":"summary_large_image","twitter_misc":{"Escrito por":"Taiane do Carmo","Est. tempo de leitura":"2 minutos"},"schema":{"@context":"https:\/\/schema.org","@graph":[{"@type":"Article","@id":"https:\/\/portalmaisagro.com\/?p=9994#article","isPartOf":{"@id":"https:\/\/portalmaisagro.com\/?p=9994"},"author":{"name":"Taiane do Carmo","@id":"https:\/\/portalmaisagro.com\/#\/schema\/person\/ade0f16b5a3434e1ec47b1fbdb9b9318"},"headline":"Painel aborda ci\u00eancia e conhecimento dos produtores como forma de fortalecer a erva-mate do Alto Taquari","datePublished":"2026-09-03T12:20:17+00:00","mainEntityOfPage":{"@id":"https:\/\/portalmaisagro.com\/?p=9994"},"wordCount":348,"publisher":{"@id":"https:\/\/portalmaisagro.com\/#organization"},"image":{"@id":"https:\/\/portalmaisagro.com\/?p=9994#primaryimage"},"thumbnailUrl":"https:\/\/portalmaisagro.com\/wp-content\/uploads\/2026\/09\/02163713_90564_GD.jpeg","articleSection":["DESTAQUES","FEIRAS"],"inLanguage":"pt-BR"},{"@type":"WebPage","@id":"https:\/\/portalmaisagro.com\/?p=9994","url":"https:\/\/portalmaisagro.com\/?p=9994","name":"Painel aborda ci\u00eancia e conhecimento dos produtores como forma de fortalecer a erva-mate do Alto Taquari - MaisAgro","isPartOf":{"@id":"https:\/\/portalmaisagro.com\/#website"},"primaryImageOfPage":{"@id":"https:\/\/portalmaisagro.com\/?p=9994#primaryimage"},"image":{"@id":"https:\/\/portalmaisagro.com\/?p=9994#primaryimage"},"thumbnailUrl":"https:\/\/portalmaisagro.com\/wp-content\/uploads\/2026\/09\/02163713_90564_GD.jpeg","datePublished":"2026-09-03T12:20:17+00:00","breadcrumb":{"@id":"https:\/\/portalmaisagro.com\/?p=9994#breadcrumb"},"inLanguage":"pt-BR","potentialAction":[{"@type":"ReadAction","target":["https:\/\/portalmaisagro.com\/?p=9994"]}]},{"@type":"ImageObject","inLanguage":"pt-BR","@id":"https:\/\/portalmaisagro.com\/?p=9994#primaryimage","url":"https:\/\/portalmaisagro.com\/wp-content\/uploads\/2026\/09\/02163713_90564_GD.jpeg","contentUrl":"https:\/\/portalmaisagro.com\/wp-content\/uploads\/2026\/09\/02163713_90564_GD.jpeg","width":800,"height":450},{"@type":"BreadcrumbList","@id":"https:\/\/portalmaisagro.com\/?p=9994#breadcrumb","itemListElement":[{"@type":"ListItem","position":1,"name":"In\u00edcio","item":"https:\/\/portalmaisagro.com\/"},{"@type":"ListItem","position":2,"name":"Painel aborda ci\u00eancia e conhecimento dos produtores como forma de fortalecer a erva-mate do Alto Taquari"}]},{"@type":"WebSite","@id":"https:\/\/portalmaisagro.com\/#website","url":"https:\/\/portalmaisagro.com\/","name":"MaisAgro","description":"O portal do agroneg\u00f3cio","publisher":{"@id":"https:\/\/portalmaisagro.com\/#organization"},"potentialAction":[{"@type":"SearchAction","target":{"@type":"EntryPoint","urlTemplate":"https:\/\/portalmaisagro.com\/?s={search_term_string}"},"query-input":{"@type":"PropertyValueSpecification","valueRequired":true,"valueName":"search_term_string"}}],"inLanguage":"pt-BR"},{"@type":"Organization","@id":"https:\/\/portalmaisagro.com\/#organization","name":"MaisAgro","url":"https:\/\/portalmaisagro.com\/","logo":{"@type":"ImageObject","inLanguage":"pt-BR","@id":"https:\/\/portalmaisagro.com\/#\/schema\/logo\/image\/","url":"https:\/\/portalmaisagro.com\/wp-content\/uploads\/2024\/11\/logo_oficial-e1749247575377.png","contentUrl":"https:\/\/portalmaisagro.com\/wp-content\/uploads\/2024\/11\/logo_oficial-e1749247575377.png","width":513,"height":107,"caption":"MaisAgro"},"image":{"@id":"https:\/\/portalmaisagro.com\/#\/schema\/logo\/image\/"},"sameAs":["https:\/\/www.facebook.com\/maisagroportal"]},{"@type":"Person","@id":"https:\/\/portalmaisagro.com\/#\/schema\/person\/ade0f16b5a3434e1ec47b1fbdb9b9318","name":"Taiane do Carmo","image":{"@type":"ImageObject","inLanguage":"pt-BR","@id":"https:\/\/portalmaisagro.com\/wp-content\/uploads\/2026\/04\/images.jpeg640e5d69297d7dd56cc39a10251ad7db","url":"https:\/\/portalmaisagro.com\/wp-content\/uploads\/2026\/04\/images.jpeg","contentUrl":"https:\/\/portalmaisagro.com\/wp-content\/uploads\/2026\/04\/images.jpeg","caption":"Taiane do Carmo"},"url":"https:\/\/portalmaisagro.com\/?author=10"}]}},"jetpack_publicize_connections":[],"authors":[],"_links":{"self":[{"href":"https:\/\/portalmaisagro.com\/index.php?rest_route=\/wp\/v2\/posts\/9994","targetHints":{"allow":["GET"]}}],"collection":[{"href":"https:\/\/portalmaisagro.com\/index.php?rest_route=\/wp\/v2\/posts"}],"about":[{"href":"https:\/\/portalmaisagro.com\/index.php?rest_route=\/wp\/v2\/types\/post"}],"author":[{"embeddable":true,"href":"https:\/\/portalmaisagro.com\/index.php?rest_route=\/wp\/v2\/users\/10"}],"replies":[{"embeddable":true,"href":"https:\/\/portalmaisagro.com\/index.php?rest_route=%2Fwp%2Fv2%2Fcomments&post=9994"}],"version-history":[{"count":1,"href":"https:\/\/portalmaisagro.com\/index.php?rest_route=\/wp\/v2\/posts\/9994\/revisions"}],"predecessor-version":[{"id":9997,"href":"https:\/\/portalmaisagro.com\/index.php?rest_route=\/wp\/v2\/posts\/9994\/revisions\/9997"}],"wp:attachment":[{"href":"https:\/\/portalmaisagro.com\/index.php?rest_route=%2Fwp%2Fv2%2Fmedia&parent=9994"}],"wp:term":[{"taxonomy":"category","embeddable":true,"href":"https:\/\/portalmaisagro.com\/index.php?rest_route=%2Fwp%2Fv2%2Fcategories&post=9994"},{"taxonomy":"post_tag","embeddable":true,"href":"https:\/\/portalmaisagro.com\/index.php?rest_route=%2Fwp%2Fv2%2Ftags&post=9994"}],"curies":[{"name":"wp","href":"https:\/\/api.w.org\/{rel}","templated":true}]}}