{"id":9988,"date":"2026-09-03T08:36:50","date_gmt":"2026-09-03T11:36:50","guid":{"rendered":"https:\/\/portalmaisagro.com\/?p=9988"},"modified":"2026-09-03T08:36:50","modified_gmt":"2026-09-03T11:36:50","slug":"nova-portaria-altera-regras-para-declaracao-de-atividades-nao-sujeitas-ao-licenciamento-ambiental","status":"publish","type":"post","link":"https:\/\/portalmaisagro.com\/?p=9988","title":{"rendered":"Nova portaria altera regras para declara\u00e7\u00e3o de atividades n\u00e3o sujeitas ao licenciamento ambiental"},"content":{"rendered":"<p><img loading=\"lazy\" decoding=\"async\" class=\"alignnone  wp-image-9989\" src=\"https:\/\/portalmaisagro.com\/wp-content\/uploads\/2026\/09\/02201410_90641_GD.jpg\" alt=\"\" width=\"1042\" height=\"586\" srcset=\"https:\/\/portalmaisagro.com\/wp-content\/uploads\/2026\/09\/02201410_90641_GD.jpg 800w, https:\/\/portalmaisagro.com\/wp-content\/uploads\/2026\/09\/02201410_90641_GD-300x169.jpg 300w, https:\/\/portalmaisagro.com\/wp-content\/uploads\/2026\/09\/02201410_90641_GD-768x432.jpg 768w, https:\/\/portalmaisagro.com\/wp-content\/uploads\/2026\/09\/02201410_90641_GD-150x84.jpg 150w\" sizes=\"auto, (max-width: 1042px) 100vw, 1042px\" \/><\/p>\n<p style=\"text-align: justify\"><em>Atividades ou empreendimentos enquadrados nas situa\u00e7\u00f5es de n\u00e3o sujei\u00e7\u00e3o ao licenciamento podem obter uma Certid\u00e3o Declarat\u00f3ria<\/em><\/p>\n<p style=\"text-align: justify\">Atividades agrossilvipastoris previstas no artigo 9\u00ba da Lei Federal n\u00ba 15.190\/2025 passam a n\u00e3o necessitar de respons\u00e1vel t\u00e9cnico para a declara\u00e7\u00e3o de n\u00e3o sujei\u00e7\u00e3o ao licenciamento ambiental. A mudan\u00e7a est\u00e1 prevista na Portaria da Funda\u00e7\u00e3o Estadual de Prote\u00e7\u00e3o Ambiental (Fepam) n\u00ba 625\/2026, apresentada a produtores nesta ultima quarta-feira (2\/9), durante a Expointer 2026.<\/p>\n<p style=\"text-align: justify\">A norma altera a Portaria n\u00ba 590\/2026, em alinhamento com a nova legisla\u00e7\u00e3o nacional de licenciamento ambiental.\u00a0Para\u00a0os\u00a0casos\u00a0que n\u00e3o exigirem respons\u00e1vel t\u00e9cnico, passa a ser obrigat\u00f3rio o preenchimento do n\u00famero de inscri\u00e7\u00e3o no Cadastro Ambiental Rural (CAR).<\/p>\n<p style=\"text-align: justify\">A Portaria n\u00ba 590\/2026 prev\u00ea que atividades ou\u00a0empreendimentos\u00a0enquadrados nas situa\u00e7\u00f5es de n\u00e3o sujei\u00e7\u00e3o ao licenciamento possam obter uma Certid\u00e3o Declarat\u00f3ria, emitida gratuitamente e de forma autom\u00e1tica mediante solicita\u00e7\u00e3o\u00a0na \u00e1rea disponibilizada\u00a0para essa finalidade no Sistema de Licenciamento Online (SOL), no site da Fepam.<\/p>\n<p style=\"text-align: justify\"><b><strong>Novas licen\u00e7as emitidas<\/strong><\/b><\/p>\n<p style=\"text-align: justify\">Al\u00e9m da nova portaria, licen\u00e7as ambientais foram emitidas durante a Expointer 2026. Entre elas est\u00e1 a de amplia\u00e7\u00e3o da Usina Hidrel\u00e9trica Leonel de Moura Brizola, em Salto do Jacu\u00ed, que teve autorizada a amplia\u00e7\u00e3o da pot\u00eancia instalada de 180 MW para 223,3 MW. A Licen\u00e7a Pr\u00e9via e de Instala\u00e7\u00e3o para Altera\u00e7\u00e3o estabelece condi\u00e7\u00f5es ambientais para a execu\u00e7\u00e3o das obras e tem validade at\u00e9 agosto de 2031.<\/p>\n<p style=\"text-align: justify\">J\u00e1 as sete autoriza\u00e7\u00f5es para manejo de vegeta\u00e7\u00e3o destinadas \u00e0 implanta\u00e7\u00e3o e amplia\u00e7\u00e3o de redes de distribui\u00e7\u00e3o de energia el\u00e9trica da RGE e da\u00a0Cerfox\u00a0foram entregues aos empreendimentos durante a Expointer. As interven\u00e7\u00f5es contemplam diferentes munic\u00edpios e incluem \u00e1reas de 0,492 hectare para uma estrutura de distribui\u00e7\u00e3o entre 38 e 138 kV da RGE, em Canela; 1,08 hectare para obras da\u00a0Cerfox\u00a0em Linha Boa Vista, em Barros\u00a0Cassal; e 0,55 hectare para interven\u00e7\u00e3o em S\u00e3o Jos\u00e9 do Herval.<\/p>\n<p style=\"text-align: justify\">Os atos estabelecem condi\u00e7\u00f5es e requisitos ambientais a serem observados pelos respons\u00e1veis pelos empreendimentos, conforme as caracter\u00edsticas e especificidades de cada projeto.<\/p>\n<p>Texto: Cassiano Cavalheiro\/ Ascom Expointer<\/p>\n<p>Foto: Igor de Almeida\/Ascom Expointer<\/p>\n<p>&nbsp;<\/p>\n<p><img loading=\"lazy\" decoding=\"async\" class=\"alignnone  wp-image-9943\" src=\"https:\/\/portalmaisagro.com\/wp-content\/uploads\/2026\/09\/WhatsApp-Image-2026-08-11-at-10.28.27.jpeg\" alt=\"\" width=\"242\" height=\"317\" srcset=\"https:\/\/portalmaisagro.com\/wp-content\/uploads\/2026\/09\/WhatsApp-Image-2026-08-11-at-10.28.27.jpeg 298w, https:\/\/portalmaisagro.com\/wp-content\/uploads\/2026\/09\/WhatsApp-Image-2026-08-11-at-10.28.27-229x300.jpeg 229w, https:\/\/portalmaisagro.com\/wp-content\/uploads\/2026\/09\/WhatsApp-Image-2026-08-11-at-10.28.27-150x197.jpeg 150w\" sizes=\"auto, (max-width: 242px) 100vw, 242px\" \/><\/p>\n<p><a href=\"https:\/\/digital.agriculturafamiliar.agr.br\/pub\/agriculturafamiliar\/#page\/147\"><strong><em>Conte\u00fado exclusivo de empresas participantes do Anu\u00e1rio Brasileiro do Agroneg\u00f3cio e Agricultura Familiar \u2013 LEIA O ANU\u00c1RIO GRATUITAMENTE<\/em><\/strong><\/a><\/p>\n","protected":false},"excerpt":{"rendered":"<p>Atividades ou empreendimentos enquadrados nas situa\u00e7\u00f5es de n\u00e3o sujei\u00e7\u00e3o ao licenciamento podem obter uma Certid\u00e3o Declarat\u00f3ria Atividades agrossilvipastoris previstas no artigo 9\u00ba da Lei Federal n\u00ba 15.190\/2025 passam a n\u00e3o necessitar de respons\u00e1vel t\u00e9cnico para a declara\u00e7\u00e3o de n\u00e3o sujei\u00e7\u00e3o ao licenciamento ambiental. A mudan\u00e7a est\u00e1 prevista na Portaria da&hellip;<\/p>\n","protected":false},"author":10,"featured_media":0,"comment_status":"closed","ping_status":"closed","sticky":false,"template":"","format":"standard","meta":{"footnotes":"","jetpack_publicize_message":"","jetpack_publicize_feature_enabled":true,"jetpack_social_post_already_shared":true,"jetpack_social_options":{"image_generator_settings":{"template":"highway","default_image_id":0,"font":"","enabled":false},"version":2},"_members_access_role":[],"_members_access_error":""},"categories":[131,230],"tags":[],"class_list":["post-9988","post","type-post","status-publish","format-standard","hentry","category-destaques","category-feiras-2"],"yoast_head":"<!-- This site is optimized with the Yoast SEO plugin v28.1 - https:\/\/yoast.com\/product\/yoast-seo-wordpress\/ -->\n<title>Nova portaria altera regras para declara\u00e7\u00e3o de atividades n\u00e3o sujeitas ao licenciamento ambiental - MaisAgro<\/title>\n<meta name=\"robots\" content=\"index, follow, max-snippet:-1, max-image-preview:large, max-video-preview:-1\" \/>\n<link rel=\"canonical\" href=\"https:\/\/portalmaisagro.com\/?p=9988\" \/>\n<meta property=\"og:locale\" content=\"pt_BR\" \/>\n<meta property=\"og:type\" content=\"article\" \/>\n<meta property=\"og:title\" content=\"Nova portaria altera regras para declara\u00e7\u00e3o de atividades n\u00e3o sujeitas ao licenciamento ambiental - MaisAgro\" \/>\n<meta property=\"og:description\" content=\"Atividades ou empreendimentos enquadrados nas situa\u00e7\u00f5es de n\u00e3o sujei\u00e7\u00e3o ao licenciamento podem obter uma Certid\u00e3o Declarat\u00f3ria Atividades agrossilvipastoris previstas no artigo 9\u00ba da Lei Federal n\u00ba 15.190\/2025 passam a n\u00e3o necessitar de respons\u00e1vel t\u00e9cnico para a declara\u00e7\u00e3o de n\u00e3o sujei\u00e7\u00e3o ao licenciamento ambiental. A mudan\u00e7a est\u00e1 prevista na Portaria da&hellip;\" \/>\n<meta property=\"og:url\" content=\"https:\/\/portalmaisagro.com\/?p=9988\" \/>\n<meta property=\"og:site_name\" content=\"MaisAgro\" \/>\n<meta property=\"article:publisher\" content=\"https:\/\/www.facebook.com\/maisagroportal\" \/>\n<meta property=\"article:published_time\" content=\"2026-09-03T11:36:50+00:00\" \/>\n<meta property=\"og:image\" content=\"https:\/\/portalmaisagro.com\/wp-content\/uploads\/2026\/09\/02201410_90641_GD.jpg\" \/>\n\t<meta property=\"og:image:width\" content=\"800\" \/>\n\t<meta property=\"og:image:height\" content=\"450\" \/>\n\t<meta property=\"og:image:type\" content=\"image\/jpeg\" \/>\n<meta name=\"author\" content=\"Taiane do Carmo\" \/>\n<meta name=\"twitter:card\" content=\"summary_large_image\" \/>\n<meta name=\"twitter:label1\" content=\"Escrito por\" \/>\n\t<meta name=\"twitter:data1\" content=\"Taiane do Carmo\" \/>\n\t<meta name=\"twitter:label2\" content=\"Est. tempo de leitura\" \/>\n\t<meta name=\"twitter:data2\" content=\"3 minutos\" \/>\n<script type=\"application\/ld+json\" class=\"yoast-schema-graph\">{\"@context\":\"https:\\\/\\\/schema.org\",\"@graph\":[{\"@type\":\"Article\",\"@id\":\"https:\\\/\\\/portalmaisagro.com\\\/?p=9988#article\",\"isPartOf\":{\"@id\":\"https:\\\/\\\/portalmaisagro.com\\\/?p=9988\"},\"author\":{\"name\":\"Taiane do Carmo\",\"@id\":\"https:\\\/\\\/portalmaisagro.com\\\/#\\\/schema\\\/person\\\/ade0f16b5a3434e1ec47b1fbdb9b9318\"},\"headline\":\"Nova portaria altera regras para declara\u00e7\u00e3o de atividades n\u00e3o sujeitas ao licenciamento ambiental\",\"datePublished\":\"2026-09-03T11:36:50+00:00\",\"mainEntityOfPage\":{\"@id\":\"https:\\\/\\\/portalmaisagro.com\\\/?p=9988\"},\"wordCount\":412,\"publisher\":{\"@id\":\"https:\\\/\\\/portalmaisagro.com\\\/#organization\"},\"image\":{\"@id\":\"https:\\\/\\\/portalmaisagro.com\\\/?p=9988#primaryimage\"},\"thumbnailUrl\":\"https:\\\/\\\/portalmaisagro.com\\\/wp-content\\\/uploads\\\/2026\\\/09\\\/02201410_90641_GD.jpg\",\"articleSection\":[\"DESTAQUES\",\"FEIRAS\"],\"inLanguage\":\"pt-BR\"},{\"@type\":\"WebPage\",\"@id\":\"https:\\\/\\\/portalmaisagro.com\\\/?p=9988\",\"url\":\"https:\\\/\\\/portalmaisagro.com\\\/?p=9988\",\"name\":\"Nova portaria altera regras para declara\u00e7\u00e3o de atividades n\u00e3o sujeitas ao licenciamento ambiental - MaisAgro\",\"isPartOf\":{\"@id\":\"https:\\\/\\\/portalmaisagro.com\\\/#website\"},\"primaryImageOfPage\":{\"@id\":\"https:\\\/\\\/portalmaisagro.com\\\/?p=9988#primaryimage\"},\"image\":{\"@id\":\"https:\\\/\\\/portalmaisagro.com\\\/?p=9988#primaryimage\"},\"thumbnailUrl\":\"https:\\\/\\\/portalmaisagro.com\\\/wp-content\\\/uploads\\\/2026\\\/09\\\/02201410_90641_GD.jpg\",\"datePublished\":\"2026-09-03T11:36:50+00:00\",\"breadcrumb\":{\"@id\":\"https:\\\/\\\/portalmaisagro.com\\\/?p=9988#breadcrumb\"},\"inLanguage\":\"pt-BR\",\"potentialAction\":[{\"@type\":\"ReadAction\",\"target\":[\"https:\\\/\\\/portalmaisagro.com\\\/?p=9988\"]}]},{\"@type\":\"ImageObject\",\"inLanguage\":\"pt-BR\",\"@id\":\"https:\\\/\\\/portalmaisagro.com\\\/?p=9988#primaryimage\",\"url\":\"https:\\\/\\\/portalmaisagro.com\\\/wp-content\\\/uploads\\\/2026\\\/09\\\/02201410_90641_GD.jpg\",\"contentUrl\":\"https:\\\/\\\/portalmaisagro.com\\\/wp-content\\\/uploads\\\/2026\\\/09\\\/02201410_90641_GD.jpg\",\"width\":800,\"height\":450},{\"@type\":\"BreadcrumbList\",\"@id\":\"https:\\\/\\\/portalmaisagro.com\\\/?p=9988#breadcrumb\",\"itemListElement\":[{\"@type\":\"ListItem\",\"position\":1,\"name\":\"In\u00edcio\",\"item\":\"https:\\\/\\\/portalmaisagro.com\\\/\"},{\"@type\":\"ListItem\",\"position\":2,\"name\":\"Nova portaria altera regras para declara\u00e7\u00e3o de atividades n\u00e3o sujeitas ao licenciamento ambiental\"}]},{\"@type\":\"WebSite\",\"@id\":\"https:\\\/\\\/portalmaisagro.com\\\/#website\",\"url\":\"https:\\\/\\\/portalmaisagro.com\\\/\",\"name\":\"MaisAgro\",\"description\":\"O portal do agroneg\u00f3cio\",\"publisher\":{\"@id\":\"https:\\\/\\\/portalmaisagro.com\\\/#organization\"},\"potentialAction\":[{\"@type\":\"SearchAction\",\"target\":{\"@type\":\"EntryPoint\",\"urlTemplate\":\"https:\\\/\\\/portalmaisagro.com\\\/?s={search_term_string}\"},\"query-input\":{\"@type\":\"PropertyValueSpecification\",\"valueRequired\":true,\"valueName\":\"search_term_string\"}}],\"inLanguage\":\"pt-BR\"},{\"@type\":\"Organization\",\"@id\":\"https:\\\/\\\/portalmaisagro.com\\\/#organization\",\"name\":\"MaisAgro\",\"url\":\"https:\\\/\\\/portalmaisagro.com\\\/\",\"logo\":{\"@type\":\"ImageObject\",\"inLanguage\":\"pt-BR\",\"@id\":\"https:\\\/\\\/portalmaisagro.com\\\/#\\\/schema\\\/logo\\\/image\\\/\",\"url\":\"https:\\\/\\\/portalmaisagro.com\\\/wp-content\\\/uploads\\\/2024\\\/11\\\/logo_oficial-e1749247575377.png\",\"contentUrl\":\"https:\\\/\\\/portalmaisagro.com\\\/wp-content\\\/uploads\\\/2024\\\/11\\\/logo_oficial-e1749247575377.png\",\"width\":513,\"height\":107,\"caption\":\"MaisAgro\"},\"image\":{\"@id\":\"https:\\\/\\\/portalmaisagro.com\\\/#\\\/schema\\\/logo\\\/image\\\/\"},\"sameAs\":[\"https:\\\/\\\/www.facebook.com\\\/maisagroportal\"]},{\"@type\":\"Person\",\"@id\":\"https:\\\/\\\/portalmaisagro.com\\\/#\\\/schema\\\/person\\\/ade0f16b5a3434e1ec47b1fbdb9b9318\",\"name\":\"Taiane do Carmo\",\"image\":{\"@type\":\"ImageObject\",\"inLanguage\":\"pt-BR\",\"@id\":\"https:\\\/\\\/portalmaisagro.com\\\/wp-content\\\/uploads\\\/2026\\\/04\\\/images.jpeg640e5d69297d7dd56cc39a10251ad7db\",\"url\":\"https:\\\/\\\/portalmaisagro.com\\\/wp-content\\\/uploads\\\/2026\\\/04\\\/images.jpeg\",\"contentUrl\":\"https:\\\/\\\/portalmaisagro.com\\\/wp-content\\\/uploads\\\/2026\\\/04\\\/images.jpeg\",\"caption\":\"Taiane do Carmo\"},\"url\":\"https:\\\/\\\/portalmaisagro.com\\\/?author=10\"}]}<\/script>\n<!-- \/ Yoast SEO plugin. -->","yoast_head_json":{"title":"Nova portaria altera regras para declara\u00e7\u00e3o de atividades n\u00e3o sujeitas ao licenciamento ambiental - MaisAgro","robots":{"index":"index","follow":"follow","max-snippet":"max-snippet:-1","max-image-preview":"max-image-preview:large","max-video-preview":"max-video-preview:-1"},"canonical":"https:\/\/portalmaisagro.com\/?p=9988","og_locale":"pt_BR","og_type":"article","og_title":"Nova portaria altera regras para declara\u00e7\u00e3o de atividades n\u00e3o sujeitas ao licenciamento ambiental - MaisAgro","og_description":"Atividades ou empreendimentos enquadrados nas situa\u00e7\u00f5es de n\u00e3o sujei\u00e7\u00e3o ao licenciamento podem obter uma Certid\u00e3o Declarat\u00f3ria Atividades agrossilvipastoris previstas no artigo 9\u00ba da Lei Federal n\u00ba 15.190\/2025 passam a n\u00e3o necessitar de respons\u00e1vel t\u00e9cnico para a declara\u00e7\u00e3o de n\u00e3o sujei\u00e7\u00e3o ao licenciamento ambiental. A mudan\u00e7a est\u00e1 prevista na Portaria da&hellip;","og_url":"https:\/\/portalmaisagro.com\/?p=9988","og_site_name":"MaisAgro","article_publisher":"https:\/\/www.facebook.com\/maisagroportal","article_published_time":"2026-09-03T11:36:50+00:00","og_image":[{"width":800,"height":450,"url":"https:\/\/portalmaisagro.com\/wp-content\/uploads\/2026\/09\/02201410_90641_GD.jpg","type":"image\/jpeg"}],"author":"Taiane do Carmo","twitter_card":"summary_large_image","twitter_misc":{"Escrito por":"Taiane do Carmo","Est. tempo de leitura":"3 minutos"},"schema":{"@context":"https:\/\/schema.org","@graph":[{"@type":"Article","@id":"https:\/\/portalmaisagro.com\/?p=9988#article","isPartOf":{"@id":"https:\/\/portalmaisagro.com\/?p=9988"},"author":{"name":"Taiane do Carmo","@id":"https:\/\/portalmaisagro.com\/#\/schema\/person\/ade0f16b5a3434e1ec47b1fbdb9b9318"},"headline":"Nova portaria altera regras para declara\u00e7\u00e3o de atividades n\u00e3o sujeitas ao licenciamento ambiental","datePublished":"2026-09-03T11:36:50+00:00","mainEntityOfPage":{"@id":"https:\/\/portalmaisagro.com\/?p=9988"},"wordCount":412,"publisher":{"@id":"https:\/\/portalmaisagro.com\/#organization"},"image":{"@id":"https:\/\/portalmaisagro.com\/?p=9988#primaryimage"},"thumbnailUrl":"https:\/\/portalmaisagro.com\/wp-content\/uploads\/2026\/09\/02201410_90641_GD.jpg","articleSection":["DESTAQUES","FEIRAS"],"inLanguage":"pt-BR"},{"@type":"WebPage","@id":"https:\/\/portalmaisagro.com\/?p=9988","url":"https:\/\/portalmaisagro.com\/?p=9988","name":"Nova portaria altera regras para declara\u00e7\u00e3o de atividades n\u00e3o sujeitas ao licenciamento ambiental - MaisAgro","isPartOf":{"@id":"https:\/\/portalmaisagro.com\/#website"},"primaryImageOfPage":{"@id":"https:\/\/portalmaisagro.com\/?p=9988#primaryimage"},"image":{"@id":"https:\/\/portalmaisagro.com\/?p=9988#primaryimage"},"thumbnailUrl":"https:\/\/portalmaisagro.com\/wp-content\/uploads\/2026\/09\/02201410_90641_GD.jpg","datePublished":"2026-09-03T11:36:50+00:00","breadcrumb":{"@id":"https:\/\/portalmaisagro.com\/?p=9988#breadcrumb"},"inLanguage":"pt-BR","potentialAction":[{"@type":"ReadAction","target":["https:\/\/portalmaisagro.com\/?p=9988"]}]},{"@type":"ImageObject","inLanguage":"pt-BR","@id":"https:\/\/portalmaisagro.com\/?p=9988#primaryimage","url":"https:\/\/portalmaisagro.com\/wp-content\/uploads\/2026\/09\/02201410_90641_GD.jpg","contentUrl":"https:\/\/portalmaisagro.com\/wp-content\/uploads\/2026\/09\/02201410_90641_GD.jpg","width":800,"height":450},{"@type":"BreadcrumbList","@id":"https:\/\/portalmaisagro.com\/?p=9988#breadcrumb","itemListElement":[{"@type":"ListItem","position":1,"name":"In\u00edcio","item":"https:\/\/portalmaisagro.com\/"},{"@type":"ListItem","position":2,"name":"Nova portaria altera regras para declara\u00e7\u00e3o de atividades n\u00e3o sujeitas ao licenciamento ambiental"}]},{"@type":"WebSite","@id":"https:\/\/portalmaisagro.com\/#website","url":"https:\/\/portalmaisagro.com\/","name":"MaisAgro","description":"O portal do agroneg\u00f3cio","publisher":{"@id":"https:\/\/portalmaisagro.com\/#organization"},"potentialAction":[{"@type":"SearchAction","target":{"@type":"EntryPoint","urlTemplate":"https:\/\/portalmaisagro.com\/?s={search_term_string}"},"query-input":{"@type":"PropertyValueSpecification","valueRequired":true,"valueName":"search_term_string"}}],"inLanguage":"pt-BR"},{"@type":"Organization","@id":"https:\/\/portalmaisagro.com\/#organization","name":"MaisAgro","url":"https:\/\/portalmaisagro.com\/","logo":{"@type":"ImageObject","inLanguage":"pt-BR","@id":"https:\/\/portalmaisagro.com\/#\/schema\/logo\/image\/","url":"https:\/\/portalmaisagro.com\/wp-content\/uploads\/2024\/11\/logo_oficial-e1749247575377.png","contentUrl":"https:\/\/portalmaisagro.com\/wp-content\/uploads\/2024\/11\/logo_oficial-e1749247575377.png","width":513,"height":107,"caption":"MaisAgro"},"image":{"@id":"https:\/\/portalmaisagro.com\/#\/schema\/logo\/image\/"},"sameAs":["https:\/\/www.facebook.com\/maisagroportal"]},{"@type":"Person","@id":"https:\/\/portalmaisagro.com\/#\/schema\/person\/ade0f16b5a3434e1ec47b1fbdb9b9318","name":"Taiane do Carmo","image":{"@type":"ImageObject","inLanguage":"pt-BR","@id":"https:\/\/portalmaisagro.com\/wp-content\/uploads\/2026\/04\/images.jpeg640e5d69297d7dd56cc39a10251ad7db","url":"https:\/\/portalmaisagro.com\/wp-content\/uploads\/2026\/04\/images.jpeg","contentUrl":"https:\/\/portalmaisagro.com\/wp-content\/uploads\/2026\/04\/images.jpeg","caption":"Taiane do Carmo"},"url":"https:\/\/portalmaisagro.com\/?author=10"}]}},"jetpack_publicize_connections":[],"authors":[],"_links":{"self":[{"href":"https:\/\/portalmaisagro.com\/index.php?rest_route=\/wp\/v2\/posts\/9988","targetHints":{"allow":["GET"]}}],"collection":[{"href":"https:\/\/portalmaisagro.com\/index.php?rest_route=\/wp\/v2\/posts"}],"about":[{"href":"https:\/\/portalmaisagro.com\/index.php?rest_route=\/wp\/v2\/types\/post"}],"author":[{"embeddable":true,"href":"https:\/\/portalmaisagro.com\/index.php?rest_route=\/wp\/v2\/users\/10"}],"replies":[{"embeddable":true,"href":"https:\/\/portalmaisagro.com\/index.php?rest_route=%2Fwp%2Fv2%2Fcomments&post=9988"}],"version-history":[{"count":1,"href":"https:\/\/portalmaisagro.com\/index.php?rest_route=\/wp\/v2\/posts\/9988\/revisions"}],"predecessor-version":[{"id":9990,"href":"https:\/\/portalmaisagro.com\/index.php?rest_route=\/wp\/v2\/posts\/9988\/revisions\/9990"}],"wp:attachment":[{"href":"https:\/\/portalmaisagro.com\/index.php?rest_route=%2Fwp%2Fv2%2Fmedia&parent=9988"}],"wp:term":[{"taxonomy":"category","embeddable":true,"href":"https:\/\/portalmaisagro.com\/index.php?rest_route=%2Fwp%2Fv2%2Fcategories&post=9988"},{"taxonomy":"post_tag","embeddable":true,"href":"https:\/\/portalmaisagro.com\/index.php?rest_route=%2Fwp%2Fv2%2Ftags&post=9988"}],"curies":[{"name":"wp","href":"https:\/\/api.w.org\/{rel}","templated":true}]}}