{"id":9979,"date":"2026-09-02T11:00:02","date_gmt":"2026-09-02T14:00:02","guid":{"rendered":"https:\/\/portalmaisagro.com\/?p=9979"},"modified":"2026-09-02T11:00:02","modified_gmt":"2026-09-02T14:00:02","slug":"cresol-participa-do-concred-e-debate-o-futuro-do-cooperativismo-no-campo-e-na-cidade","status":"publish","type":"post","link":"https:\/\/portalmaisagro.com\/?p=9979","title":{"rendered":"Cresol participa do Concred e debate o futuro do cooperativismo no campo e na cidade"},"content":{"rendered":"<p><img loading=\"lazy\" decoding=\"async\" class=\"alignnone  wp-image-9982\" src=\"https:\/\/portalmaisagro.com\/wp-content\/uploads\/2026\/09\/Cresol-Concred-2026-scaled-rsrnwjgjrsillwnw84ulom4r4lyadf5vtztjdk1634-1024x476.webp\" alt=\"\" width=\"1059\" height=\"492\" srcset=\"https:\/\/portalmaisagro.com\/wp-content\/uploads\/2026\/09\/Cresol-Concred-2026-scaled-rsrnwjgjrsillwnw84ulom4r4lyadf5vtztjdk1634-1024x476.webp 1024w, https:\/\/portalmaisagro.com\/wp-content\/uploads\/2026\/09\/Cresol-Concred-2026-scaled-rsrnwjgjrsillwnw84ulom4r4lyadf5vtztjdk1634-300x140.webp 300w, https:\/\/portalmaisagro.com\/wp-content\/uploads\/2026\/09\/Cresol-Concred-2026-scaled-rsrnwjgjrsillwnw84ulom4r4lyadf5vtztjdk1634-768x357.webp 768w, https:\/\/portalmaisagro.com\/wp-content\/uploads\/2026\/09\/Cresol-Concred-2026-scaled-rsrnwjgjrsillwnw84ulom4r4lyadf5vtztjdk1634-1536x714.webp 1536w, https:\/\/portalmaisagro.com\/wp-content\/uploads\/2026\/09\/Cresol-Concred-2026-scaled-rsrnwjgjrsillwnw84ulom4r4lyadf5vtztjdk1634-150x70.webp 150w, https:\/\/portalmaisagro.com\/wp-content\/uploads\/2026\/09\/Cresol-Concred-2026-scaled-rsrnwjgjrsillwnw84ulom4r4lyadf5vtztjdk1634.webp 1600w\" sizes=\"auto, (max-width: 1059px) 100vw, 1059px\" \/><\/p>\n<p style=\"text-align: justify\"><em>Cooperativa levou mais de 150 lideran\u00e7as ao evento, que debateu o cooperativismo diante de transforma\u00e7\u00f5es econ\u00f4micas, tecnol\u00f3gicas e sociais<\/em><\/p>\n<div class=\"elementor-column elementor-col-33 elementor-top-column elementor-element elementor-element-54eb2065\" style=\"text-align: justify\" data-id=\"54eb2065\" data-element_type=\"column\" data-e-type=\"column\">\n<div class=\"elementor-widget-wrap elementor-element-populated\">\n<div class=\"elementor-element elementor-element-48dfbf9 elementor-widget elementor-widget-theme-post-content\" data-id=\"48dfbf9\" data-element_type=\"widget\" data-e-type=\"widget\" data-widget_type=\"theme-post-content.default\">\n<div class=\"elementor-widget-container\">\n<p class=\"wp-block-paragraph\">A\u00a0Cresol\u00a0participou da\u00a016\u00aa edi\u00e7\u00e3o do Congresso Brasileiro do Cooperativismo de Cr\u00e9dito (Concred), realizado entre os dias 26 e 28 de agosto, em Goi\u00e2nia (GO), pela Confedera\u00e7\u00e3o Brasileira das Cooperativas de Cr\u00e9dito (Confebras). Com um grupo de mais de 150 representantes, a institui\u00e7\u00e3o acompanhou a programa\u00e7\u00e3o voltada ao debate de temas estrat\u00e9gicos para o desenvolvimento do cooperativismo financeiro no Brasil.<\/p>\n<p class=\"wp-block-paragraph\">Considerado um dos principais espa\u00e7os de discuss\u00e3o do setor, o Concred reuniu cerca de 5 mil participantes sob o tema \u201cCooperativismo Financeiro: no campo e na cidade, juntos na constru\u00e7\u00e3o de um futuro sustent\u00e1vel\u201d. Lideran\u00e7as e profissionais do segmento discutiram os desafios e as oportunidades para o cooperativismo diante de transforma\u00e7\u00f5es econ\u00f4micas, tecnol\u00f3gicas e sociais.<\/p>\n<h3 class=\"wp-block-heading has-medium-font-size\">Futuro do cooperativismo em debate no Concred<\/h3>\n<p class=\"wp-block-paragraph\">Entre os destaques da participa\u00e7\u00e3o da Cresol esteve o talkshow \u201cAl\u00e9m do Cr\u00e9dito: As For\u00e7as que V\u00e3o Moldar o Cooperativismo Financeiro at\u00e9 2030\u201d, realizado na plen\u00e1ria principal. O presidente da Cresol Confedera\u00e7\u00e3o,\u00a0Cledir Ass\u00edsio Magri, participou do debate ao lado de outras lideran\u00e7as do cooperativismo financeiro, contribuindo para as discuss\u00f5es sobre as perspectivas e os caminhos do setor para os pr\u00f3ximos anos.<\/p>\n<p class=\"wp-block-paragraph\">A Cresol tamb\u00e9m esteve representada no painel \u201cCooperativismo de Seguros: Uma Nova Fronteira para o Cooperativismo Brasileiro\u201d, com Ricardo Balbinot, presidente da Cresol Mato Grosso e diretor institucional da OCB-MT.<\/p>\n<p class=\"wp-block-paragraph\">Outro momento de participa\u00e7\u00e3o institucional foi o lan\u00e7amento da segunda edi\u00e7\u00e3o da cartilha \u201cReten\u00e7\u00e3o de Riqueza nos Munic\u00edpios \u2013 Rela\u00e7\u00e3o entre Cooperativas de Cr\u00e9dito e Entes P\u00fablicos Municipais\u201d, que contou com a participa\u00e7\u00e3o de Cledir Magri e do gerente de Rela\u00e7\u00f5es Institucionais do Sistema OCB, Eduardo Queiroz.<\/p>\n<p class=\"wp-block-paragraph\"><strong>Livro homenageia mulheres cooperativistas<\/strong><\/p>\n<p class=\"wp-block-paragraph\">Na programa\u00e7\u00e3o do Concred, tamb\u00e9m aconteceu o lan\u00e7amento do\u00a0<a href=\"https:\/\/confebras.coop.br\/vozes-que-ecoam\/\" target=\"_blank\" rel=\"nofollow noopener\">livro \u201cVozes que Ecoam \u2013 Lideran\u00e7a com Prop\u00f3sito\u201d<\/a>, que destaca a hist\u00f3ria de 40 mulheres no cooperativismo financeiro. De autoria de Rosana Ouriques e idealizada por Telma Galletti, superintendente da Confebras, a obra marca as comemora\u00e7\u00f5es de 40 anos da Confebras.<\/p>\n<p class=\"wp-block-paragraph\">No livro, h\u00e1 relatos de experi\u00eancias reais, de desafios e de conquistas das lideran\u00e7as femininas. A Cresol est\u00e1 presente na narrativa com tr\u00eas participantes: Claudiane Piovesan, presidente da Cresol Raiz; Iomara Gaeski Ziger, diretora-executiva da Cresol Uni\u00e3o; e Rosane Dalsoglio, presidente da Cresol Planalto Serra Sul.<\/p>\n<p class=\"wp-block-paragraph\">\u201cEstar entre essas 40 mulheres mostra que estamos ocupando cada vez mais espa\u00e7os e que a lideran\u00e7a feminina tem muito a contribuir para o futuro do cooperativismo de cr\u00e9dito\u201d, destacou Claudiane Piovesan.<\/p>\n<p class=\"wp-block-paragraph\"><strong>Reuni\u00e3o do Conselho Consultivo Nacional do Ramo Cr\u00e9dito<\/strong><\/p>\n<p class=\"wp-block-paragraph\">Al\u00e9m da programa\u00e7\u00e3o do congresso, o presidente da Cresol Confedera\u00e7\u00e3o, Cledir Magri, participou da reuni\u00e3o do Conselho Consultivo Nacional do Ramo Cr\u00e9dito (Ceco), realizada no primeiro dia do evento. Cledir \u00e9 o coordenador do conselho.<\/p>\n<p class=\"wp-block-paragraph\">O encontro reuniu lideran\u00e7as do cooperativismo de cr\u00e9dito, como a presidente-executiva da OCB, T\u00e2nia Zanella, para tratar de pautas estrat\u00e9gicas para o Sistema Nacional de Cr\u00e9dito Cooperativo (SNCC), como Reforma Tribut\u00e1ria, seguro rural, fundos constitucionais e seguran\u00e7a das institui\u00e7\u00f5es financeiras.<\/p>\n<p class=\"wp-block-paragraph\">Para Cledir Magri, a presen\u00e7a da Cresol em espa\u00e7os como o Concred e o Ceco contribui para ampliar o di\u00e1logo e construir, de forma conjunta, os pr\u00f3ximos passos do cooperativismo. \u201c\u00c9 nesses encontros que temos a oportunidade de compartilhar experi\u00eancias, compreender os desafios do setor e, principalmente, construir caminhos de forma conjunta. A Cresol tem um papel importante nesse movimento e acredita que o cooperativismo se fortalece quando suas lideran\u00e7as est\u00e3o pr\u00f3ximas, dialogando e trabalhando por um futuro cada vez mais conectado \u00e0s necessidades dos cooperados e das comunidades\u201d, afirmou o presidente.<\/p>\n<p class=\"wp-block-paragraph\"><strong>Sobre a Cresol\u00a0<\/strong><\/p>\n<p class=\"wp-block-paragraph\">Com 31 anos de hist\u00f3ria, mais de 1,2 milh\u00e3o de cooperados e 1.060 ag\u00eancias de relacionamento, a Cresol \u00e9 uma das principais institui\u00e7\u00f5es financeiras cooperativas do Brasil. Com foco no atendimento personalizado, fornece solu\u00e7\u00f5es financeiras para pessoas f\u00edsicas, empresas e empreendimentos rurais.<\/p>\n<div class=\"pgc-sgb-cb wp-block-pgcsimplygalleryblock-slider \" data-gallery-id=\"a4865962\">\n<div class=\"pgcsimplygalleryblock-slider-collection action-lightbox\">\n<div class=\"pgcsimplygalleryblock-slider-content\">\n<div class=\"pgcsimplygalleryblock-slider-slider-view\" tabindex=\"0\" data-pgc-action=\"next\" data-pgc-gallery=\"a4865962\"><\/div>\n<\/div>\n<\/div>\n<\/div>\n<\/div>\n<\/div>\n<div class=\"elementor-element elementor-element-3dcc59c elementor-widget elementor-widget-ucaddon_images_gallery\" data-id=\"3dcc59c\" data-element_type=\"widget\" data-e-type=\"widget\" data-widget_type=\"ucaddon_images_gallery.default\">\n<div class=\"elementor-widget-container\">Texto: Ascom Cresol<\/div>\n<div><\/div>\n<div>Foto: Divulga\u00e7\u00e3o<\/div>\n<\/div>\n<div><img loading=\"lazy\" decoding=\"async\" class=\"alignnone  wp-image-9943\" src=\"https:\/\/portalmaisagro.com\/wp-content\/uploads\/2026\/09\/WhatsApp-Image-2026-08-11-at-10.28.27.jpeg\" alt=\"\" width=\"243\" height=\"319\" srcset=\"https:\/\/portalmaisagro.com\/wp-content\/uploads\/2026\/09\/WhatsApp-Image-2026-08-11-at-10.28.27.jpeg 298w, https:\/\/portalmaisagro.com\/wp-content\/uploads\/2026\/09\/WhatsApp-Image-2026-08-11-at-10.28.27-229x300.jpeg 229w, https:\/\/portalmaisagro.com\/wp-content\/uploads\/2026\/09\/WhatsApp-Image-2026-08-11-at-10.28.27-150x197.jpeg 150w\" sizes=\"auto, (max-width: 243px) 100vw, 243px\" \/><\/div>\n<div><\/div>\n<div><a href=\"https:\/\/digital.agriculturafamiliar.agr.br\/pub\/agriculturafamiliar\/#page\/147\"><strong><em>Conte\u00fado exclusivo de empresas participantes do Anu\u00e1rio Brasileiro do Agroneg\u00f3cio e Agricultura Familiar \u2013 LEIA O ANU\u00c1RIO GRATUITAMENTE<\/em><\/strong><\/a><\/div>\n<\/div>\n<\/div>\n<div class=\"elementor-column elementor-col-33 elementor-top-column elementor-element elementor-element-311b326a\" style=\"text-align: justify\" data-id=\"311b326a\" data-element_type=\"column\" data-e-type=\"column\"><\/div>\n","protected":false},"excerpt":{"rendered":"<p>Cooperativa levou mais de 150 lideran\u00e7as ao evento, que debateu o cooperativismo diante de transforma\u00e7\u00f5es econ\u00f4micas, tecnol\u00f3gicas e sociais A\u00a0Cresol\u00a0participou da\u00a016\u00aa edi\u00e7\u00e3o do Congresso Brasileiro do Cooperativismo de Cr\u00e9dito (Concred), realizado entre os dias 26 e 28 de agosto, em Goi\u00e2nia (GO), pela Confedera\u00e7\u00e3o Brasileira das Cooperativas de Cr\u00e9dito (Confebras).&hellip;<\/p>\n","protected":false},"author":10,"featured_media":0,"comment_status":"closed","ping_status":"closed","sticky":false,"template":"","format":"standard","meta":{"footnotes":"","jetpack_publicize_message":"","jetpack_publicize_feature_enabled":true,"jetpack_social_post_already_shared":true,"jetpack_social_options":{"image_generator_settings":{"template":"highway","default_image_id":0,"font":"","enabled":false},"version":2},"_members_access_role":[],"_members_access_error":""},"categories":[131,167],"tags":[],"class_list":["post-9979","post","type-post","status-publish","format-standard","hentry","category-destaques","category-geral"],"yoast_head":"<!-- This site is optimized with the Yoast SEO plugin v28.1 - https:\/\/yoast.com\/product\/yoast-seo-wordpress\/ -->\n<title>Cresol participa do Concred e debate o futuro do cooperativismo no campo e na cidade - MaisAgro<\/title>\n<meta name=\"robots\" content=\"index, follow, max-snippet:-1, max-image-preview:large, max-video-preview:-1\" \/>\n<link rel=\"canonical\" href=\"https:\/\/portalmaisagro.com\/?p=9979\" \/>\n<meta property=\"og:locale\" content=\"pt_BR\" \/>\n<meta property=\"og:type\" content=\"article\" \/>\n<meta property=\"og:title\" content=\"Cresol participa do Concred e debate o futuro do cooperativismo no campo e na cidade - MaisAgro\" \/>\n<meta property=\"og:description\" content=\"Cooperativa levou mais de 150 lideran\u00e7as ao evento, que debateu o cooperativismo diante de transforma\u00e7\u00f5es econ\u00f4micas, tecnol\u00f3gicas e sociais A\u00a0Cresol\u00a0participou da\u00a016\u00aa edi\u00e7\u00e3o do Congresso Brasileiro do Cooperativismo de Cr\u00e9dito (Concred), realizado entre os dias 26 e 28 de agosto, em Goi\u00e2nia (GO), pela Confedera\u00e7\u00e3o Brasileira das Cooperativas de Cr\u00e9dito (Confebras).&hellip;\" \/>\n<meta property=\"og:url\" content=\"https:\/\/portalmaisagro.com\/?p=9979\" \/>\n<meta property=\"og:site_name\" content=\"MaisAgro\" \/>\n<meta property=\"article:publisher\" content=\"https:\/\/www.facebook.com\/maisagroportal\" \/>\n<meta property=\"article:published_time\" content=\"2026-09-02T14:00:02+00:00\" \/>\n<meta property=\"og:image\" content=\"https:\/\/portalmaisagro.com\/wp-content\/uploads\/2026\/09\/Cresol-Concred-2026-scaled-rsrnwjgjrsillwnw84ulom4r4lyadf5vtztjdk1634.webp\" \/>\n\t<meta property=\"og:image:width\" content=\"1600\" \/>\n\t<meta property=\"og:image:height\" content=\"744\" \/>\n\t<meta property=\"og:image:type\" content=\"image\/webp\" \/>\n<meta name=\"author\" content=\"Taiane do Carmo\" \/>\n<meta name=\"twitter:card\" content=\"summary_large_image\" \/>\n<meta name=\"twitter:label1\" content=\"Escrito por\" \/>\n\t<meta name=\"twitter:data1\" content=\"Taiane do Carmo\" \/>\n\t<meta name=\"twitter:label2\" content=\"Est. tempo de leitura\" \/>\n\t<meta name=\"twitter:data2\" content=\"5 minutos\" \/>\n<script type=\"application\/ld+json\" class=\"yoast-schema-graph\">{\"@context\":\"https:\\\/\\\/schema.org\",\"@graph\":[{\"@type\":\"Article\",\"@id\":\"https:\\\/\\\/portalmaisagro.com\\\/?p=9979#article\",\"isPartOf\":{\"@id\":\"https:\\\/\\\/portalmaisagro.com\\\/?p=9979\"},\"author\":{\"name\":\"Taiane do Carmo\",\"@id\":\"https:\\\/\\\/portalmaisagro.com\\\/#\\\/schema\\\/person\\\/ade0f16b5a3434e1ec47b1fbdb9b9318\"},\"headline\":\"Cresol participa do Concred e debate o futuro do cooperativismo no campo e na cidade\",\"datePublished\":\"2026-09-02T14:00:02+00:00\",\"mainEntityOfPage\":{\"@id\":\"https:\\\/\\\/portalmaisagro.com\\\/?p=9979\"},\"wordCount\":742,\"publisher\":{\"@id\":\"https:\\\/\\\/portalmaisagro.com\\\/#organization\"},\"image\":{\"@id\":\"https:\\\/\\\/portalmaisagro.com\\\/?p=9979#primaryimage\"},\"thumbnailUrl\":\"https:\\\/\\\/portalmaisagro.com\\\/wp-content\\\/uploads\\\/2026\\\/09\\\/Cresol-Concred-2026-scaled-rsrnwjgjrsillwnw84ulom4r4lyadf5vtztjdk1634-1024x476.webp\",\"articleSection\":[\"DESTAQUES\",\"GERAL\"],\"inLanguage\":\"pt-BR\"},{\"@type\":\"WebPage\",\"@id\":\"https:\\\/\\\/portalmaisagro.com\\\/?p=9979\",\"url\":\"https:\\\/\\\/portalmaisagro.com\\\/?p=9979\",\"name\":\"Cresol participa do Concred e debate o futuro do cooperativismo no campo e na cidade - MaisAgro\",\"isPartOf\":{\"@id\":\"https:\\\/\\\/portalmaisagro.com\\\/#website\"},\"primaryImageOfPage\":{\"@id\":\"https:\\\/\\\/portalmaisagro.com\\\/?p=9979#primaryimage\"},\"image\":{\"@id\":\"https:\\\/\\\/portalmaisagro.com\\\/?p=9979#primaryimage\"},\"thumbnailUrl\":\"https:\\\/\\\/portalmaisagro.com\\\/wp-content\\\/uploads\\\/2026\\\/09\\\/Cresol-Concred-2026-scaled-rsrnwjgjrsillwnw84ulom4r4lyadf5vtztjdk1634-1024x476.webp\",\"datePublished\":\"2026-09-02T14:00:02+00:00\",\"breadcrumb\":{\"@id\":\"https:\\\/\\\/portalmaisagro.com\\\/?p=9979#breadcrumb\"},\"inLanguage\":\"pt-BR\",\"potentialAction\":[{\"@type\":\"ReadAction\",\"target\":[\"https:\\\/\\\/portalmaisagro.com\\\/?p=9979\"]}]},{\"@type\":\"ImageObject\",\"inLanguage\":\"pt-BR\",\"@id\":\"https:\\\/\\\/portalmaisagro.com\\\/?p=9979#primaryimage\",\"url\":\"https:\\\/\\\/portalmaisagro.com\\\/wp-content\\\/uploads\\\/2026\\\/09\\\/Cresol-Concred-2026-scaled-rsrnwjgjrsillwnw84ulom4r4lyadf5vtztjdk1634.webp\",\"contentUrl\":\"https:\\\/\\\/portalmaisagro.com\\\/wp-content\\\/uploads\\\/2026\\\/09\\\/Cresol-Concred-2026-scaled-rsrnwjgjrsillwnw84ulom4r4lyadf5vtztjdk1634.webp\",\"width\":1600,\"height\":744},{\"@type\":\"BreadcrumbList\",\"@id\":\"https:\\\/\\\/portalmaisagro.com\\\/?p=9979#breadcrumb\",\"itemListElement\":[{\"@type\":\"ListItem\",\"position\":1,\"name\":\"In\u00edcio\",\"item\":\"https:\\\/\\\/portalmaisagro.com\\\/\"},{\"@type\":\"ListItem\",\"position\":2,\"name\":\"Cresol participa do Concred e debate o futuro do cooperativismo no campo e na cidade\"}]},{\"@type\":\"WebSite\",\"@id\":\"https:\\\/\\\/portalmaisagro.com\\\/#website\",\"url\":\"https:\\\/\\\/portalmaisagro.com\\\/\",\"name\":\"MaisAgro\",\"description\":\"O portal do agroneg\u00f3cio\",\"publisher\":{\"@id\":\"https:\\\/\\\/portalmaisagro.com\\\/#organization\"},\"potentialAction\":[{\"@type\":\"SearchAction\",\"target\":{\"@type\":\"EntryPoint\",\"urlTemplate\":\"https:\\\/\\\/portalmaisagro.com\\\/?s={search_term_string}\"},\"query-input\":{\"@type\":\"PropertyValueSpecification\",\"valueRequired\":true,\"valueName\":\"search_term_string\"}}],\"inLanguage\":\"pt-BR\"},{\"@type\":\"Organization\",\"@id\":\"https:\\\/\\\/portalmaisagro.com\\\/#organization\",\"name\":\"MaisAgro\",\"url\":\"https:\\\/\\\/portalmaisagro.com\\\/\",\"logo\":{\"@type\":\"ImageObject\",\"inLanguage\":\"pt-BR\",\"@id\":\"https:\\\/\\\/portalmaisagro.com\\\/#\\\/schema\\\/logo\\\/image\\\/\",\"url\":\"https:\\\/\\\/portalmaisagro.com\\\/wp-content\\\/uploads\\\/2024\\\/11\\\/logo_oficial-e1749247575377.png\",\"contentUrl\":\"https:\\\/\\\/portalmaisagro.com\\\/wp-content\\\/uploads\\\/2024\\\/11\\\/logo_oficial-e1749247575377.png\",\"width\":513,\"height\":107,\"caption\":\"MaisAgro\"},\"image\":{\"@id\":\"https:\\\/\\\/portalmaisagro.com\\\/#\\\/schema\\\/logo\\\/image\\\/\"},\"sameAs\":[\"https:\\\/\\\/www.facebook.com\\\/maisagroportal\"]},{\"@type\":\"Person\",\"@id\":\"https:\\\/\\\/portalmaisagro.com\\\/#\\\/schema\\\/person\\\/ade0f16b5a3434e1ec47b1fbdb9b9318\",\"name\":\"Taiane do Carmo\",\"image\":{\"@type\":\"ImageObject\",\"inLanguage\":\"pt-BR\",\"@id\":\"https:\\\/\\\/portalmaisagro.com\\\/wp-content\\\/uploads\\\/2026\\\/04\\\/images.jpeg640e5d69297d7dd56cc39a10251ad7db\",\"url\":\"https:\\\/\\\/portalmaisagro.com\\\/wp-content\\\/uploads\\\/2026\\\/04\\\/images.jpeg\",\"contentUrl\":\"https:\\\/\\\/portalmaisagro.com\\\/wp-content\\\/uploads\\\/2026\\\/04\\\/images.jpeg\",\"caption\":\"Taiane do Carmo\"},\"url\":\"https:\\\/\\\/portalmaisagro.com\\\/?author=10\"}]}<\/script>\n<!-- \/ Yoast SEO plugin. -->","yoast_head_json":{"title":"Cresol participa do Concred e debate o futuro do cooperativismo no campo e na cidade - MaisAgro","robots":{"index":"index","follow":"follow","max-snippet":"max-snippet:-1","max-image-preview":"max-image-preview:large","max-video-preview":"max-video-preview:-1"},"canonical":"https:\/\/portalmaisagro.com\/?p=9979","og_locale":"pt_BR","og_type":"article","og_title":"Cresol participa do Concred e debate o futuro do cooperativismo no campo e na cidade - MaisAgro","og_description":"Cooperativa levou mais de 150 lideran\u00e7as ao evento, que debateu o cooperativismo diante de transforma\u00e7\u00f5es econ\u00f4micas, tecnol\u00f3gicas e sociais A\u00a0Cresol\u00a0participou da\u00a016\u00aa edi\u00e7\u00e3o do Congresso Brasileiro do Cooperativismo de Cr\u00e9dito (Concred), realizado entre os dias 26 e 28 de agosto, em Goi\u00e2nia (GO), pela Confedera\u00e7\u00e3o Brasileira das Cooperativas de Cr\u00e9dito (Confebras).&hellip;","og_url":"https:\/\/portalmaisagro.com\/?p=9979","og_site_name":"MaisAgro","article_publisher":"https:\/\/www.facebook.com\/maisagroportal","article_published_time":"2026-09-02T14:00:02+00:00","og_image":[{"width":1600,"height":744,"url":"https:\/\/portalmaisagro.com\/wp-content\/uploads\/2026\/09\/Cresol-Concred-2026-scaled-rsrnwjgjrsillwnw84ulom4r4lyadf5vtztjdk1634.webp","type":"image\/webp"}],"author":"Taiane do Carmo","twitter_card":"summary_large_image","twitter_misc":{"Escrito por":"Taiane do Carmo","Est. tempo de leitura":"5 minutos"},"schema":{"@context":"https:\/\/schema.org","@graph":[{"@type":"Article","@id":"https:\/\/portalmaisagro.com\/?p=9979#article","isPartOf":{"@id":"https:\/\/portalmaisagro.com\/?p=9979"},"author":{"name":"Taiane do Carmo","@id":"https:\/\/portalmaisagro.com\/#\/schema\/person\/ade0f16b5a3434e1ec47b1fbdb9b9318"},"headline":"Cresol participa do Concred e debate o futuro do cooperativismo no campo e na cidade","datePublished":"2026-09-02T14:00:02+00:00","mainEntityOfPage":{"@id":"https:\/\/portalmaisagro.com\/?p=9979"},"wordCount":742,"publisher":{"@id":"https:\/\/portalmaisagro.com\/#organization"},"image":{"@id":"https:\/\/portalmaisagro.com\/?p=9979#primaryimage"},"thumbnailUrl":"https:\/\/portalmaisagro.com\/wp-content\/uploads\/2026\/09\/Cresol-Concred-2026-scaled-rsrnwjgjrsillwnw84ulom4r4lyadf5vtztjdk1634-1024x476.webp","articleSection":["DESTAQUES","GERAL"],"inLanguage":"pt-BR"},{"@type":"WebPage","@id":"https:\/\/portalmaisagro.com\/?p=9979","url":"https:\/\/portalmaisagro.com\/?p=9979","name":"Cresol participa do Concred e debate o futuro do cooperativismo no campo e na cidade - MaisAgro","isPartOf":{"@id":"https:\/\/portalmaisagro.com\/#website"},"primaryImageOfPage":{"@id":"https:\/\/portalmaisagro.com\/?p=9979#primaryimage"},"image":{"@id":"https:\/\/portalmaisagro.com\/?p=9979#primaryimage"},"thumbnailUrl":"https:\/\/portalmaisagro.com\/wp-content\/uploads\/2026\/09\/Cresol-Concred-2026-scaled-rsrnwjgjrsillwnw84ulom4r4lyadf5vtztjdk1634-1024x476.webp","datePublished":"2026-09-02T14:00:02+00:00","breadcrumb":{"@id":"https:\/\/portalmaisagro.com\/?p=9979#breadcrumb"},"inLanguage":"pt-BR","potentialAction":[{"@type":"ReadAction","target":["https:\/\/portalmaisagro.com\/?p=9979"]}]},{"@type":"ImageObject","inLanguage":"pt-BR","@id":"https:\/\/portalmaisagro.com\/?p=9979#primaryimage","url":"https:\/\/portalmaisagro.com\/wp-content\/uploads\/2026\/09\/Cresol-Concred-2026-scaled-rsrnwjgjrsillwnw84ulom4r4lyadf5vtztjdk1634.webp","contentUrl":"https:\/\/portalmaisagro.com\/wp-content\/uploads\/2026\/09\/Cresol-Concred-2026-scaled-rsrnwjgjrsillwnw84ulom4r4lyadf5vtztjdk1634.webp","width":1600,"height":744},{"@type":"BreadcrumbList","@id":"https:\/\/portalmaisagro.com\/?p=9979#breadcrumb","itemListElement":[{"@type":"ListItem","position":1,"name":"In\u00edcio","item":"https:\/\/portalmaisagro.com\/"},{"@type":"ListItem","position":2,"name":"Cresol participa do Concred e debate o futuro do cooperativismo no campo e na cidade"}]},{"@type":"WebSite","@id":"https:\/\/portalmaisagro.com\/#website","url":"https:\/\/portalmaisagro.com\/","name":"MaisAgro","description":"O portal do agroneg\u00f3cio","publisher":{"@id":"https:\/\/portalmaisagro.com\/#organization"},"potentialAction":[{"@type":"SearchAction","target":{"@type":"EntryPoint","urlTemplate":"https:\/\/portalmaisagro.com\/?s={search_term_string}"},"query-input":{"@type":"PropertyValueSpecification","valueRequired":true,"valueName":"search_term_string"}}],"inLanguage":"pt-BR"},{"@type":"Organization","@id":"https:\/\/portalmaisagro.com\/#organization","name":"MaisAgro","url":"https:\/\/portalmaisagro.com\/","logo":{"@type":"ImageObject","inLanguage":"pt-BR","@id":"https:\/\/portalmaisagro.com\/#\/schema\/logo\/image\/","url":"https:\/\/portalmaisagro.com\/wp-content\/uploads\/2024\/11\/logo_oficial-e1749247575377.png","contentUrl":"https:\/\/portalmaisagro.com\/wp-content\/uploads\/2024\/11\/logo_oficial-e1749247575377.png","width":513,"height":107,"caption":"MaisAgro"},"image":{"@id":"https:\/\/portalmaisagro.com\/#\/schema\/logo\/image\/"},"sameAs":["https:\/\/www.facebook.com\/maisagroportal"]},{"@type":"Person","@id":"https:\/\/portalmaisagro.com\/#\/schema\/person\/ade0f16b5a3434e1ec47b1fbdb9b9318","name":"Taiane do Carmo","image":{"@type":"ImageObject","inLanguage":"pt-BR","@id":"https:\/\/portalmaisagro.com\/wp-content\/uploads\/2026\/04\/images.jpeg640e5d69297d7dd56cc39a10251ad7db","url":"https:\/\/portalmaisagro.com\/wp-content\/uploads\/2026\/04\/images.jpeg","contentUrl":"https:\/\/portalmaisagro.com\/wp-content\/uploads\/2026\/04\/images.jpeg","caption":"Taiane do Carmo"},"url":"https:\/\/portalmaisagro.com\/?author=10"}]}},"jetpack_publicize_connections":[],"authors":[],"_links":{"self":[{"href":"https:\/\/portalmaisagro.com\/index.php?rest_route=\/wp\/v2\/posts\/9979","targetHints":{"allow":["GET"]}}],"collection":[{"href":"https:\/\/portalmaisagro.com\/index.php?rest_route=\/wp\/v2\/posts"}],"about":[{"href":"https:\/\/portalmaisagro.com\/index.php?rest_route=\/wp\/v2\/types\/post"}],"author":[{"embeddable":true,"href":"https:\/\/portalmaisagro.com\/index.php?rest_route=\/wp\/v2\/users\/10"}],"replies":[{"embeddable":true,"href":"https:\/\/portalmaisagro.com\/index.php?rest_route=%2Fwp%2Fv2%2Fcomments&post=9979"}],"version-history":[{"count":1,"href":"https:\/\/portalmaisagro.com\/index.php?rest_route=\/wp\/v2\/posts\/9979\/revisions"}],"predecessor-version":[{"id":9983,"href":"https:\/\/portalmaisagro.com\/index.php?rest_route=\/wp\/v2\/posts\/9979\/revisions\/9983"}],"wp:attachment":[{"href":"https:\/\/portalmaisagro.com\/index.php?rest_route=%2Fwp%2Fv2%2Fmedia&parent=9979"}],"wp:term":[{"taxonomy":"category","embeddable":true,"href":"https:\/\/portalmaisagro.com\/index.php?rest_route=%2Fwp%2Fv2%2Fcategories&post=9979"},{"taxonomy":"post_tag","embeddable":true,"href":"https:\/\/portalmaisagro.com\/index.php?rest_route=%2Fwp%2Fv2%2Ftags&post=9979"}],"curies":[{"name":"wp","href":"https:\/\/api.w.org\/{rel}","templated":true}]}}