{"id":9971,"date":"2026-09-02T10:40:14","date_gmt":"2026-09-02T13:40:14","guid":{"rendered":"https:\/\/portalmaisagro.com\/?p=9971"},"modified":"2026-09-02T10:40:14","modified_gmt":"2026-09-02T13:40:14","slug":"em-ano-de-el-nino-embrapa-apresenta-163-medidas-para-gestao-de-riscos-climaticos-no-campo","status":"publish","type":"post","link":"https:\/\/portalmaisagro.com\/?p=9971","title":{"rendered":"Em ano de El Ni\u00f1o, Embrapa apresenta 163 medidas para gest\u00e3o de riscos clim\u00e1ticos no campo"},"content":{"rendered":"<p><img loading=\"lazy\" decoding=\"async\" class=\"alignnone  wp-image-9972\" src=\"https:\/\/portalmaisagro.com\/wp-content\/uploads\/2026\/09\/AGR_27032004_0225.jpg.jpeg\" alt=\"\" width=\"1033\" height=\"687\" srcset=\"https:\/\/portalmaisagro.com\/wp-content\/uploads\/2026\/09\/AGR_27032004_0225.jpg.jpeg 567w, https:\/\/portalmaisagro.com\/wp-content\/uploads\/2026\/09\/AGR_27032004_0225.jpg-300x199.jpeg 300w, https:\/\/portalmaisagro.com\/wp-content\/uploads\/2026\/09\/AGR_27032004_0225.jpg-150x100.jpeg 150w\" sizes=\"auto, (max-width: 1033px) 100vw, 1033px\" \/><\/p>\n<p style=\"text-align: justify\"><em>O documento extrapola o fen\u00f4meno e enfatiza a necessidade de a\u00e7\u00f5es permanentes para gest\u00e3o de riscos clim\u00e1ticos<\/em><\/p>\n<p style=\"text-align: justify\">A Embrapa entregou ao Minist\u00e9rio da Agricultura e Pecu\u00e1ria (<a href=\"https:\/\/www.gov.br\/agricultura\/pt-br\" target=\"_blank\" rel=\"noopener\">Mapa<\/a>) uma\u00a0<a href=\"https:\/\/www.embrapa.br\/documents\/d\/agricultura-digital\/nota-tecnica-el-nino-2026-2027\" target=\"_blank\" rel=\"noopener\">Nota T\u00e9cnica<\/a>\u00a0contendo 163 medidas que podem ser adotadas na agropecu\u00e1ria brasileira com objetivo de reduzir riscos de perdas causadas pelo clima. Motivado pela ocorr\u00eancia do El Ni\u00f1o na safra 2026\/2027, o documento extrapola o fen\u00f4meno e enfatiza a necessidade de a\u00e7\u00f5es permanentes para gest\u00e3o de riscos clim\u00e1ticos.<\/p>\n<p style=\"text-align: justify\">Das 163 medidas propostas, 14 s\u00e3o transversais a todo o setor agropecu\u00e1rio, 139 s\u00e3o espec\u00edficas por segmento produtivo e dez correspondem a a\u00e7\u00f5es viabilizadoras ou de apoio a programas de pol\u00edtica p\u00fablica.<\/p>\n<p style=\"text-align: justify\">A Nota T\u00e9cnica foi produzida no \u00e2mbito do Grupo de Trabalho sobre El Ni\u00f1o estabelecido pelo Mapa, com participa\u00e7\u00e3o de especialistas da Embrapa e do Instituto Nacional de Meteorologia (<a href=\"https:\/\/portal.inmet.gov.br\/\" target=\"_blank\" rel=\"noopener\">Inmet<\/a>). Cerca de 50 profissionais da Embrapa participaram da elabora\u00e7\u00e3o das recomenda\u00e7\u00f5es.<\/p>\n<p style=\"text-align: justify\">\u201cEmbora motivado pelo El Ni\u00f1o 2026\/27, o documento adota uma perspectiva mais ampla de gest\u00e3o de riscos agroclim\u00e1ticos, reconhecendo que grande parte das amea\u00e7as, vulnerabilidades e medidas analisadas \u00e9 aplic\u00e1vel tamb\u00e9m a outros eventos e condi\u00e7\u00f5es clim\u00e1ticas recorrentes\u201d, afirma a presidente da Embrapa\u00a0<a href=\"https:\/\/www.embrapa.br\/equipe\/-\/empregado\/363957\/silvia-maria-fonseca-silveira-massruha\" target=\"_blank\" rel=\"noopener\">Silvia Massruh\u00e1<\/a>.<\/p>\n<p style=\"text-align: justify\">O coordenador da Rede Zarc (Zoneamento Agr\u00edcola de Risco Clim\u00e1tico) e pesquisador da Embrapa Agricultura Digital,\u00a0<a href=\"https:\/\/www.embrapa.br\/equipe\/-\/empregado\/349140\/jose-eduardo-boffino-de-almeida-monteiro\" target=\"_blank\" rel=\"noopener\">Eduardo Monteiro<\/a>, acrescenta que a nota t\u00e9cnica aponta para um desafio mais amplo para a agropecu\u00e1ria brasileira, que \u00e9 a necessidade de se consolidar uma pol\u00edtica permanente de gest\u00e3o de riscos agroclim\u00e1ticos. Isso inclui a capacidade de antecipar, monitorar e responder de forma organizada a secas, excesso de precipita\u00e7\u00e3o, ondas de calor, geadas, tempestades e inc\u00eandios.<\/p>\n<p style=\"text-align: justify\">\u201cO principal legado desse grupo de trabalho pode ser a transi\u00e7\u00e3o de uma l\u00f3gica predominantemente reativa de gest\u00e3o de crises para uma cultura permanente de antecipa\u00e7\u00e3o, prepara\u00e7\u00e3o, adapta\u00e7\u00e3o, monitoramento e aprendizagem\u201d, analisa Monteiro.<\/p>\n<figure style=\"width: 782px\" class=\"wp-caption alignnone\"><img loading=\"lazy\" decoding=\"async\" src=\"https:\/\/www.embrapa.br\/documents\/d\/portal\/260901_elnino_nt_adobe-stock_solo-encharcado\" alt=\"\" width=\"782\" height=\"423\" data-fileentryid=\"146957398\" \/><figcaption class=\"wp-caption-text\">Adobe Stock<\/figcaption><\/figure>\n<p style=\"text-align: justify\">\n<h3 style=\"text-align: justify\"><strong>Impactos do El Ni\u00f1o\u00a0<\/strong><\/h3>\n<p style=\"text-align: justify\">O documento apresenta o hist\u00f3rico de efeitos causados no Brasil nos anos com ocorr\u00eancia de El Ni\u00f1o, bem como as proje\u00e7\u00f5es para este ano. Entre elas est\u00e1 a maior probabilidade de precipita\u00e7\u00e3o abaixo da m\u00e9dia em \u00e1reas do Centro-Norte do Pa\u00eds e acima da m\u00e9dia na regi\u00e3o Sul. As proje\u00e7\u00f5es, destaca a nota t\u00e9cnica, indicam aumento do risco, mas n\u00e3o determinam antecipadamente os impactos sobre cada regi\u00e3o, cultura ou sistema produtivo.<\/p>\n<p style=\"text-align: justify\">A nota t\u00e9cnica considera riscos clim\u00e1ticos como atraso ou irregularidade no in\u00edcio da esta\u00e7\u00e3o chuvosa, chuvas abaixo da m\u00e9dia e d\u00e9ficit h\u00eddrico prolongado, temperaturas elevadas, chuvas acima da m\u00e9dia e tempestades convectivas severas. Os impactos negativos de cada um desses riscos, e positivos em alguns casos, s\u00e3o detalhados para as cadeias de gr\u00e3os e fibras, fruticultura, silvicultura, olericultura, pastagens e pecu\u00e1ria, culturas industriais e aquicultura.<\/p>\n<figure style=\"width: 640px\" class=\"wp-caption alignnone\"><img loading=\"lazy\" decoding=\"async\" src=\"https:\/\/www.embrapa.br\/documents\/d\/portal\/260901_elnino_nt_fernando_malavazi_chuva\" alt=\"\" width=\"640\" height=\"424\" data-fileentryid=\"146958040\" \/><figcaption class=\"wp-caption-text\">Fernando Malavazi<\/figcaption><\/figure>\n<p style=\"text-align: justify\">\n<h3 style=\"text-align: justify\"><strong>Tratamento dos riscos clim\u00e1ticos<\/strong><\/h3>\n<p style=\"text-align: justify\">Ap\u00f3s fazer a identifica\u00e7\u00e3o dos riscos e dos impactos que podem ter nas culturas e cadeias produtivas, a nota t\u00e9cnica aborda o tratamento dos riscos visando a preven\u00e7\u00e3o, a redu\u00e7\u00e3o do impacto, as medidas de transfer\u00eancia de riscos e de aceita\u00e7\u00e3o do risco remanescente.<\/p>\n<p style=\"text-align: justify\">As 163 medidas recomendadas est\u00e3o estruturadas de forma a indicar o risco tratado, o horizonte para implementa\u00e7\u00e3o (imediato, curto, m\u00e9dio e longo prazo) e as condi\u00e7\u00f5es para ado\u00e7\u00e3o.<\/p>\n<p style=\"text-align: justify\">Entre as medidas consideradas transversais, est\u00e3o: monitoramento de previs\u00f5es meteorol\u00f3gicas; uso de dados meteorol\u00f3gicos locais; utiliza\u00e7\u00e3o do Zoneamento Agr\u00edcola de Risco Clim\u00e1tico (Zarc); diversifica\u00e7\u00e3o espacial e temporal da produ\u00e7\u00e3o; ado\u00e7\u00e3o de sistemas de integra\u00e7\u00e3o lavoura-pecu\u00e1ria (ILP) e integra\u00e7\u00e3o lavoura-pecu\u00e1ria-floresta (ILPF); avalia\u00e7\u00e3o constante dos riscos; elabora\u00e7\u00e3o de plano de conting\u00eancia para eventos clim\u00e1ticos adversos; manuten\u00e7\u00e3o de infraestrutura da propriedade rural; dimensionamento da capacidade operacional; registro de eventos e impactos clim\u00e1ticos para melhor avalia\u00e7\u00e3o sobre as medidas adotadas; avalia\u00e7\u00e3o econ\u00f4mica do n\u00edvel de prote\u00e7\u00e3o para cada risco; cria\u00e7\u00e3o de reservas financeiras; utiliza\u00e7\u00e3o de seguro rural e outros mecanismos de transfer\u00eancia de risco; e capacita\u00e7\u00e3o de equipes.<\/p>\n<p style=\"text-align: justify\">Para cada uma das cadeias produtivas, s\u00e3o estabelecidas medidas espec\u00edficas que passam pelo manejo do solo, escolha de cultivares, planejamento das opera\u00e7\u00f5es, investimento em estruturas de prote\u00e7\u00e3o, drenagem, irriga\u00e7\u00e3o, entre outros. S\u00e3o 139 medidas.<br \/>\nPor fim, a nota t\u00e9cnica traz dez medidas viabilizadoras e de apoio a instrumentos de pol\u00edtica p\u00fablica. S\u00e3o a\u00e7\u00f5es de car\u00e1ter institucional, financeiro, cient\u00edfico, tecnol\u00f3gico e de assist\u00eancia t\u00e9cnica, cuja implementa\u00e7\u00e3o n\u00e3o depende do produtor rural.<\/p>\n<p style=\"text-align: justify\">Est\u00e3o elencados o fortalecimento e o aperfei\u00e7oamento de instrumentos de avalia\u00e7\u00e3o de risco, como o Zarc; a amplia\u00e7\u00e3o de mecanismos de financiamento focados na adapta\u00e7\u00e3o clim\u00e1tica; a amplia\u00e7\u00e3o e aperfei\u00e7oamento de instrumentos de transfer\u00eancia de riscos, como o seguro rural; o fortalecimento da assist\u00eancia t\u00e9cnica; o fortalecimento da pesquisa e a valida\u00e7\u00e3o de tecnologias para desenvolvimento de materiais adaptados; o aperfei\u00e7oamento de sistemas de monitoramento agrometeorol\u00f3gico; o fortalecimento da gest\u00e3o integrada de recursos h\u00eddricos; o monitoramento das pol\u00edticas e medidas de adapta\u00e7\u00e3o; a amplia\u00e7\u00e3o da capacidade nacional de preven\u00e7\u00e3o, detec\u00e7\u00e3o e combate a inc\u00eandios rurais e florestais; e a amplia\u00e7\u00e3o de programas de recupera\u00e7\u00e3o e recomposi\u00e7\u00e3o da cobertura vegetal em \u00e1reas vulner\u00e1veis e estrat\u00e9gicas para a seguran\u00e7a h\u00eddrica.<\/p>\n<p style=\"text-align: justify\"><strong>Leia a\u00a0<a href=\"https:\/\/www.embrapa.br\/documents\/d\/agricultura-digital\/nota-tecnica-el-nino-2026-2027\" target=\"_blank\" rel=\"noopener\">Nota T\u00e9cnica El Ni\u00f1o 2026\/2027: 163 Medidas para a Gest\u00e3o de Riscos clim\u00e1ticos na Agropecu\u00e1ria Brasileira<\/a>.<\/strong><\/p>\n<h3 style=\"text-align: justify\"><strong>Recomenda\u00e7\u00f5es regionais<\/strong><\/h3>\n<p style=\"text-align: justify\">As equipes da Embrapa est\u00e3o trabalhando em notas t\u00e9cnicas com foco em recomenda\u00e7\u00f5es regionalizadas. A previs\u00e3o \u00e9 de que at\u00e9 meados de setembro sejam publicadas notas de orienta\u00e7\u00e3o para as regi\u00f5es Sudeste, Centro-Oeste, Nordeste e Norte.<\/p>\n<p style=\"text-align: justify\">O documento \u201c<a href=\"http:\/\/www.embrapa.br\/documents\/d\/clima-temperado\/nt-el-nino_embrapa-2026_27-pdf\" target=\"_blank\" rel=\"noopener\">A\u00e7\u00f5es para mitiga\u00e7\u00e3o dos efeitos do El Ni\u00f1o 2026\/2027 na Agricultura do Sul do Brasil<\/a>\u201d j\u00e1 est\u00e1 dispon\u00edvel.<\/p>\n<figure style=\"width: 781px\" class=\"wp-caption alignnone\"><img loading=\"lazy\" decoding=\"async\" src=\"https:\/\/www.embrapa.br\/documents\/d\/portal\/260901_elnino_nt_fernanda_birolo_caprino-na-seca\" alt=\"\" width=\"781\" height=\"557\" data-fileentryid=\"146957413\" \/><figcaption class=\"wp-caption-text\">Fernando Malavazi<\/figcaption><\/figure>\n<h3 style=\"text-align: justify\">\u00a0<strong>GT do Mapa ter\u00e1 relat\u00f3rio<\/strong><\/h3>\n<p style=\"text-align: justify\">A nota t\u00e9cnica desenvolvida pela Embrapa faz parte de uma das frentes de a\u00e7\u00e3o do Grupo de Trabalho institu\u00eddo por meio da Portaria MAPA n\u00ba 928, de 30 de junho de 2026, para tratar de medidas de preven\u00e7\u00e3o de riscos causados pelo El Ni\u00f1o na agropecu\u00e1ria brasileira.<\/p>\n<p style=\"text-align: justify\">Na pr\u00f3xima quinta-feira o GT entregar\u00e1 um relat\u00f3rio contendo informa\u00e7\u00f5es de todas as frentes de atua\u00e7\u00e3o.<\/p>\n<p style=\"text-align: justify\">Durante o per\u00edodo de atua\u00e7\u00e3o, o GT ouviu institui\u00e7\u00f5es como Ag\u00eancia Nacional de \u00c1guas (<a href=\"https:\/\/www.gov.br\/ana\/pt-br\" target=\"_blank\" rel=\"noopener\">ANA<\/a>), Instituto Nacional de Pesquisas Espaciais (<a href=\"https:\/\/www.gov.br\/inpe\/pt-br\">Inpe<\/a>), al\u00e9m da Embrapa, Inmet e secretarias do Mapa.<\/p>\n<p style=\"text-align: justify\">De acordo com Bruno Leite, coordenador do grupo de trabalho, a nota t\u00e9cnica da Embrapa contribui com o dimensionamento dos impactos do El Ni\u00f1o e indica um padr\u00e3o t\u00e9cnico na abordagem de redu\u00e7\u00e3o de danos que dever\u00e1 ser o norte para as a\u00e7\u00f5es futuras.<\/p>\n<p style=\"text-align: justify\">\u201cN\u00f3s j\u00e1 temos um card\u00e1pio bastante grande de tecnologias que ajudam a enfrentar o El Ni\u00f1o e eventos clim\u00e1ticos adversos. O desafio agora \u00e9 fazer com que esse conhecimento chegue ao produtor rural\u201d, diz.<\/p>\n<p style=\"text-align: justify\">Uma das recomenda\u00e7\u00f5es do relat\u00f3rio final do GT, antecipa Leite, ser\u00e1 a implanta\u00e7\u00e3o de um plano de comunica\u00e7\u00e3o coordenado entre as institui\u00e7\u00f5es. Em paralelo ao desenvolvimento das a\u00e7\u00f5es do GT, a equipe de comunica\u00e7\u00e3o do Mapa j\u00e1 vem trabalhando na elabora\u00e7\u00e3o de uma p\u00e1gina especial, na produ\u00e7\u00e3o de v\u00eddeos informativos e outros materiais de divulga\u00e7\u00e3o.<\/p>\n","protected":false},"excerpt":{"rendered":"<p>O documento extrapola o fen\u00f4meno e enfatiza a necessidade de a\u00e7\u00f5es permanentes para gest\u00e3o de riscos clim\u00e1ticos A Embrapa entregou ao Minist\u00e9rio da Agricultura e Pecu\u00e1ria (Mapa) uma\u00a0Nota T\u00e9cnica\u00a0contendo 163 medidas que podem ser adotadas na agropecu\u00e1ria brasileira com objetivo de reduzir riscos de perdas causadas pelo clima. Motivado pela&hellip;<\/p>\n","protected":false},"author":10,"featured_media":0,"comment_status":"closed","ping_status":"closed","sticky":false,"template":"","format":"standard","meta":{"footnotes":"","jetpack_publicize_message":"","jetpack_publicize_feature_enabled":true,"jetpack_social_post_already_shared":true,"jetpack_social_options":{"image_generator_settings":{"template":"highway","default_image_id":0,"font":"","enabled":false},"version":2},"_members_access_role":[],"_members_access_error":""},"categories":[131,136],"tags":[],"class_list":["post-9971","post","type-post","status-publish","format-standard","hentry","category-destaques","category-embrapa"],"yoast_head":"<!-- This site is optimized with the Yoast SEO plugin v28.1 - https:\/\/yoast.com\/product\/yoast-seo-wordpress\/ -->\n<title>Em ano de El Ni\u00f1o, Embrapa apresenta 163 medidas para gest\u00e3o de riscos clim\u00e1ticos no campo - MaisAgro<\/title>\n<meta name=\"robots\" content=\"index, follow, max-snippet:-1, max-image-preview:large, max-video-preview:-1\" \/>\n<link rel=\"canonical\" href=\"https:\/\/portalmaisagro.com\/?p=9971\" \/>\n<meta property=\"og:locale\" content=\"pt_BR\" \/>\n<meta property=\"og:type\" content=\"article\" \/>\n<meta property=\"og:title\" content=\"Em ano de El Ni\u00f1o, Embrapa apresenta 163 medidas para gest\u00e3o de riscos clim\u00e1ticos no campo - MaisAgro\" \/>\n<meta property=\"og:description\" content=\"O documento extrapola o fen\u00f4meno e enfatiza a necessidade de a\u00e7\u00f5es permanentes para gest\u00e3o de riscos clim\u00e1ticos A Embrapa entregou ao Minist\u00e9rio da Agricultura e Pecu\u00e1ria (Mapa) uma\u00a0Nota T\u00e9cnica\u00a0contendo 163 medidas que podem ser adotadas na agropecu\u00e1ria brasileira com objetivo de reduzir riscos de perdas causadas pelo clima. Motivado pela&hellip;\" \/>\n<meta property=\"og:url\" content=\"https:\/\/portalmaisagro.com\/?p=9971\" \/>\n<meta property=\"og:site_name\" content=\"MaisAgro\" \/>\n<meta property=\"article:publisher\" content=\"https:\/\/www.facebook.com\/maisagroportal\" \/>\n<meta property=\"article:published_time\" content=\"2026-09-02T13:40:14+00:00\" \/>\n<meta property=\"og:image\" content=\"https:\/\/portalmaisagro.com\/wp-content\/uploads\/2026\/09\/AGR_27032004_0225.jpg.jpeg\" \/>\n\t<meta property=\"og:image:width\" content=\"567\" \/>\n\t<meta property=\"og:image:height\" content=\"377\" \/>\n\t<meta property=\"og:image:type\" content=\"image\/jpeg\" \/>\n<meta name=\"author\" content=\"Taiane do Carmo\" \/>\n<meta name=\"twitter:card\" content=\"summary_large_image\" \/>\n<meta name=\"twitter:label1\" content=\"Escrito por\" \/>\n\t<meta name=\"twitter:data1\" content=\"Taiane do Carmo\" \/>\n\t<meta name=\"twitter:label2\" content=\"Est. tempo de leitura\" \/>\n\t<meta name=\"twitter:data2\" content=\"7 minutos\" \/>\n<script type=\"application\/ld+json\" class=\"yoast-schema-graph\">{\"@context\":\"https:\\\/\\\/schema.org\",\"@graph\":[{\"@type\":\"Article\",\"@id\":\"https:\\\/\\\/portalmaisagro.com\\\/?p=9971#article\",\"isPartOf\":{\"@id\":\"https:\\\/\\\/portalmaisagro.com\\\/?p=9971\"},\"author\":{\"name\":\"Taiane do Carmo\",\"@id\":\"https:\\\/\\\/portalmaisagro.com\\\/#\\\/schema\\\/person\\\/ade0f16b5a3434e1ec47b1fbdb9b9318\"},\"headline\":\"Em ano de El Ni\u00f1o, Embrapa apresenta 163 medidas para gest\u00e3o de riscos clim\u00e1ticos no campo\",\"datePublished\":\"2026-09-02T13:40:14+00:00\",\"mainEntityOfPage\":{\"@id\":\"https:\\\/\\\/portalmaisagro.com\\\/?p=9971\"},\"wordCount\":1353,\"publisher\":{\"@id\":\"https:\\\/\\\/portalmaisagro.com\\\/#organization\"},\"image\":{\"@id\":\"https:\\\/\\\/portalmaisagro.com\\\/?p=9971#primaryimage\"},\"thumbnailUrl\":\"https:\\\/\\\/portalmaisagro.com\\\/wp-content\\\/uploads\\\/2026\\\/09\\\/AGR_27032004_0225.jpg.jpeg\",\"articleSection\":[\"DESTAQUES\",\"EMBRAPA\"],\"inLanguage\":\"pt-BR\"},{\"@type\":\"WebPage\",\"@id\":\"https:\\\/\\\/portalmaisagro.com\\\/?p=9971\",\"url\":\"https:\\\/\\\/portalmaisagro.com\\\/?p=9971\",\"name\":\"Em ano de El Ni\u00f1o, Embrapa apresenta 163 medidas para gest\u00e3o de riscos clim\u00e1ticos no campo - MaisAgro\",\"isPartOf\":{\"@id\":\"https:\\\/\\\/portalmaisagro.com\\\/#website\"},\"primaryImageOfPage\":{\"@id\":\"https:\\\/\\\/portalmaisagro.com\\\/?p=9971#primaryimage\"},\"image\":{\"@id\":\"https:\\\/\\\/portalmaisagro.com\\\/?p=9971#primaryimage\"},\"thumbnailUrl\":\"https:\\\/\\\/portalmaisagro.com\\\/wp-content\\\/uploads\\\/2026\\\/09\\\/AGR_27032004_0225.jpg.jpeg\",\"datePublished\":\"2026-09-02T13:40:14+00:00\",\"breadcrumb\":{\"@id\":\"https:\\\/\\\/portalmaisagro.com\\\/?p=9971#breadcrumb\"},\"inLanguage\":\"pt-BR\",\"potentialAction\":[{\"@type\":\"ReadAction\",\"target\":[\"https:\\\/\\\/portalmaisagro.com\\\/?p=9971\"]}]},{\"@type\":\"ImageObject\",\"inLanguage\":\"pt-BR\",\"@id\":\"https:\\\/\\\/portalmaisagro.com\\\/?p=9971#primaryimage\",\"url\":\"https:\\\/\\\/portalmaisagro.com\\\/wp-content\\\/uploads\\\/2026\\\/09\\\/AGR_27032004_0225.jpg.jpeg\",\"contentUrl\":\"https:\\\/\\\/portalmaisagro.com\\\/wp-content\\\/uploads\\\/2026\\\/09\\\/AGR_27032004_0225.jpg.jpeg\",\"width\":567,\"height\":377},{\"@type\":\"BreadcrumbList\",\"@id\":\"https:\\\/\\\/portalmaisagro.com\\\/?p=9971#breadcrumb\",\"itemListElement\":[{\"@type\":\"ListItem\",\"position\":1,\"name\":\"In\u00edcio\",\"item\":\"https:\\\/\\\/portalmaisagro.com\\\/\"},{\"@type\":\"ListItem\",\"position\":2,\"name\":\"Em ano de El Ni\u00f1o, Embrapa apresenta 163 medidas para gest\u00e3o de riscos clim\u00e1ticos no campo\"}]},{\"@type\":\"WebSite\",\"@id\":\"https:\\\/\\\/portalmaisagro.com\\\/#website\",\"url\":\"https:\\\/\\\/portalmaisagro.com\\\/\",\"name\":\"MaisAgro\",\"description\":\"O portal do agroneg\u00f3cio\",\"publisher\":{\"@id\":\"https:\\\/\\\/portalmaisagro.com\\\/#organization\"},\"potentialAction\":[{\"@type\":\"SearchAction\",\"target\":{\"@type\":\"EntryPoint\",\"urlTemplate\":\"https:\\\/\\\/portalmaisagro.com\\\/?s={search_term_string}\"},\"query-input\":{\"@type\":\"PropertyValueSpecification\",\"valueRequired\":true,\"valueName\":\"search_term_string\"}}],\"inLanguage\":\"pt-BR\"},{\"@type\":\"Organization\",\"@id\":\"https:\\\/\\\/portalmaisagro.com\\\/#organization\",\"name\":\"MaisAgro\",\"url\":\"https:\\\/\\\/portalmaisagro.com\\\/\",\"logo\":{\"@type\":\"ImageObject\",\"inLanguage\":\"pt-BR\",\"@id\":\"https:\\\/\\\/portalmaisagro.com\\\/#\\\/schema\\\/logo\\\/image\\\/\",\"url\":\"https:\\\/\\\/portalmaisagro.com\\\/wp-content\\\/uploads\\\/2024\\\/11\\\/logo_oficial-e1749247575377.png\",\"contentUrl\":\"https:\\\/\\\/portalmaisagro.com\\\/wp-content\\\/uploads\\\/2024\\\/11\\\/logo_oficial-e1749247575377.png\",\"width\":513,\"height\":107,\"caption\":\"MaisAgro\"},\"image\":{\"@id\":\"https:\\\/\\\/portalmaisagro.com\\\/#\\\/schema\\\/logo\\\/image\\\/\"},\"sameAs\":[\"https:\\\/\\\/www.facebook.com\\\/maisagroportal\"]},{\"@type\":\"Person\",\"@id\":\"https:\\\/\\\/portalmaisagro.com\\\/#\\\/schema\\\/person\\\/ade0f16b5a3434e1ec47b1fbdb9b9318\",\"name\":\"Taiane do Carmo\",\"image\":{\"@type\":\"ImageObject\",\"inLanguage\":\"pt-BR\",\"@id\":\"https:\\\/\\\/portalmaisagro.com\\\/wp-content\\\/uploads\\\/2026\\\/04\\\/images.jpeg640e5d69297d7dd56cc39a10251ad7db\",\"url\":\"https:\\\/\\\/portalmaisagro.com\\\/wp-content\\\/uploads\\\/2026\\\/04\\\/images.jpeg\",\"contentUrl\":\"https:\\\/\\\/portalmaisagro.com\\\/wp-content\\\/uploads\\\/2026\\\/04\\\/images.jpeg\",\"caption\":\"Taiane do Carmo\"},\"url\":\"https:\\\/\\\/portalmaisagro.com\\\/?author=10\"}]}<\/script>\n<!-- \/ Yoast SEO plugin. -->","yoast_head_json":{"title":"Em ano de El Ni\u00f1o, Embrapa apresenta 163 medidas para gest\u00e3o de riscos clim\u00e1ticos no campo - MaisAgro","robots":{"index":"index","follow":"follow","max-snippet":"max-snippet:-1","max-image-preview":"max-image-preview:large","max-video-preview":"max-video-preview:-1"},"canonical":"https:\/\/portalmaisagro.com\/?p=9971","og_locale":"pt_BR","og_type":"article","og_title":"Em ano de El Ni\u00f1o, Embrapa apresenta 163 medidas para gest\u00e3o de riscos clim\u00e1ticos no campo - MaisAgro","og_description":"O documento extrapola o fen\u00f4meno e enfatiza a necessidade de a\u00e7\u00f5es permanentes para gest\u00e3o de riscos clim\u00e1ticos A Embrapa entregou ao Minist\u00e9rio da Agricultura e Pecu\u00e1ria (Mapa) uma\u00a0Nota T\u00e9cnica\u00a0contendo 163 medidas que podem ser adotadas na agropecu\u00e1ria brasileira com objetivo de reduzir riscos de perdas causadas pelo clima. Motivado pela&hellip;","og_url":"https:\/\/portalmaisagro.com\/?p=9971","og_site_name":"MaisAgro","article_publisher":"https:\/\/www.facebook.com\/maisagroportal","article_published_time":"2026-09-02T13:40:14+00:00","og_image":[{"width":567,"height":377,"url":"https:\/\/portalmaisagro.com\/wp-content\/uploads\/2026\/09\/AGR_27032004_0225.jpg.jpeg","type":"image\/jpeg"}],"author":"Taiane do Carmo","twitter_card":"summary_large_image","twitter_misc":{"Escrito por":"Taiane do Carmo","Est. tempo de leitura":"7 minutos"},"schema":{"@context":"https:\/\/schema.org","@graph":[{"@type":"Article","@id":"https:\/\/portalmaisagro.com\/?p=9971#article","isPartOf":{"@id":"https:\/\/portalmaisagro.com\/?p=9971"},"author":{"name":"Taiane do Carmo","@id":"https:\/\/portalmaisagro.com\/#\/schema\/person\/ade0f16b5a3434e1ec47b1fbdb9b9318"},"headline":"Em ano de El Ni\u00f1o, Embrapa apresenta 163 medidas para gest\u00e3o de riscos clim\u00e1ticos no campo","datePublished":"2026-09-02T13:40:14+00:00","mainEntityOfPage":{"@id":"https:\/\/portalmaisagro.com\/?p=9971"},"wordCount":1353,"publisher":{"@id":"https:\/\/portalmaisagro.com\/#organization"},"image":{"@id":"https:\/\/portalmaisagro.com\/?p=9971#primaryimage"},"thumbnailUrl":"https:\/\/portalmaisagro.com\/wp-content\/uploads\/2026\/09\/AGR_27032004_0225.jpg.jpeg","articleSection":["DESTAQUES","EMBRAPA"],"inLanguage":"pt-BR"},{"@type":"WebPage","@id":"https:\/\/portalmaisagro.com\/?p=9971","url":"https:\/\/portalmaisagro.com\/?p=9971","name":"Em ano de El Ni\u00f1o, Embrapa apresenta 163 medidas para gest\u00e3o de riscos clim\u00e1ticos no campo - MaisAgro","isPartOf":{"@id":"https:\/\/portalmaisagro.com\/#website"},"primaryImageOfPage":{"@id":"https:\/\/portalmaisagro.com\/?p=9971#primaryimage"},"image":{"@id":"https:\/\/portalmaisagro.com\/?p=9971#primaryimage"},"thumbnailUrl":"https:\/\/portalmaisagro.com\/wp-content\/uploads\/2026\/09\/AGR_27032004_0225.jpg.jpeg","datePublished":"2026-09-02T13:40:14+00:00","breadcrumb":{"@id":"https:\/\/portalmaisagro.com\/?p=9971#breadcrumb"},"inLanguage":"pt-BR","potentialAction":[{"@type":"ReadAction","target":["https:\/\/portalmaisagro.com\/?p=9971"]}]},{"@type":"ImageObject","inLanguage":"pt-BR","@id":"https:\/\/portalmaisagro.com\/?p=9971#primaryimage","url":"https:\/\/portalmaisagro.com\/wp-content\/uploads\/2026\/09\/AGR_27032004_0225.jpg.jpeg","contentUrl":"https:\/\/portalmaisagro.com\/wp-content\/uploads\/2026\/09\/AGR_27032004_0225.jpg.jpeg","width":567,"height":377},{"@type":"BreadcrumbList","@id":"https:\/\/portalmaisagro.com\/?p=9971#breadcrumb","itemListElement":[{"@type":"ListItem","position":1,"name":"In\u00edcio","item":"https:\/\/portalmaisagro.com\/"},{"@type":"ListItem","position":2,"name":"Em ano de El Ni\u00f1o, Embrapa apresenta 163 medidas para gest\u00e3o de riscos clim\u00e1ticos no campo"}]},{"@type":"WebSite","@id":"https:\/\/portalmaisagro.com\/#website","url":"https:\/\/portalmaisagro.com\/","name":"MaisAgro","description":"O portal do agroneg\u00f3cio","publisher":{"@id":"https:\/\/portalmaisagro.com\/#organization"},"potentialAction":[{"@type":"SearchAction","target":{"@type":"EntryPoint","urlTemplate":"https:\/\/portalmaisagro.com\/?s={search_term_string}"},"query-input":{"@type":"PropertyValueSpecification","valueRequired":true,"valueName":"search_term_string"}}],"inLanguage":"pt-BR"},{"@type":"Organization","@id":"https:\/\/portalmaisagro.com\/#organization","name":"MaisAgro","url":"https:\/\/portalmaisagro.com\/","logo":{"@type":"ImageObject","inLanguage":"pt-BR","@id":"https:\/\/portalmaisagro.com\/#\/schema\/logo\/image\/","url":"https:\/\/portalmaisagro.com\/wp-content\/uploads\/2024\/11\/logo_oficial-e1749247575377.png","contentUrl":"https:\/\/portalmaisagro.com\/wp-content\/uploads\/2024\/11\/logo_oficial-e1749247575377.png","width":513,"height":107,"caption":"MaisAgro"},"image":{"@id":"https:\/\/portalmaisagro.com\/#\/schema\/logo\/image\/"},"sameAs":["https:\/\/www.facebook.com\/maisagroportal"]},{"@type":"Person","@id":"https:\/\/portalmaisagro.com\/#\/schema\/person\/ade0f16b5a3434e1ec47b1fbdb9b9318","name":"Taiane do Carmo","image":{"@type":"ImageObject","inLanguage":"pt-BR","@id":"https:\/\/portalmaisagro.com\/wp-content\/uploads\/2026\/04\/images.jpeg640e5d69297d7dd56cc39a10251ad7db","url":"https:\/\/portalmaisagro.com\/wp-content\/uploads\/2026\/04\/images.jpeg","contentUrl":"https:\/\/portalmaisagro.com\/wp-content\/uploads\/2026\/04\/images.jpeg","caption":"Taiane do Carmo"},"url":"https:\/\/portalmaisagro.com\/?author=10"}]}},"jetpack_publicize_connections":[],"authors":[],"_links":{"self":[{"href":"https:\/\/portalmaisagro.com\/index.php?rest_route=\/wp\/v2\/posts\/9971","targetHints":{"allow":["GET"]}}],"collection":[{"href":"https:\/\/portalmaisagro.com\/index.php?rest_route=\/wp\/v2\/posts"}],"about":[{"href":"https:\/\/portalmaisagro.com\/index.php?rest_route=\/wp\/v2\/types\/post"}],"author":[{"embeddable":true,"href":"https:\/\/portalmaisagro.com\/index.php?rest_route=\/wp\/v2\/users\/10"}],"replies":[{"embeddable":true,"href":"https:\/\/portalmaisagro.com\/index.php?rest_route=%2Fwp%2Fv2%2Fcomments&post=9971"}],"version-history":[{"count":1,"href":"https:\/\/portalmaisagro.com\/index.php?rest_route=\/wp\/v2\/posts\/9971\/revisions"}],"predecessor-version":[{"id":9973,"href":"https:\/\/portalmaisagro.com\/index.php?rest_route=\/wp\/v2\/posts\/9971\/revisions\/9973"}],"wp:attachment":[{"href":"https:\/\/portalmaisagro.com\/index.php?rest_route=%2Fwp%2Fv2%2Fmedia&parent=9971"}],"wp:term":[{"taxonomy":"category","embeddable":true,"href":"https:\/\/portalmaisagro.com\/index.php?rest_route=%2Fwp%2Fv2%2Fcategories&post=9971"},{"taxonomy":"post_tag","embeddable":true,"href":"https:\/\/portalmaisagro.com\/index.php?rest_route=%2Fwp%2Fv2%2Ftags&post=9971"}],"curies":[{"name":"wp","href":"https:\/\/api.w.org\/{rel}","templated":true}]}}