{"id":9968,"date":"2026-09-02T10:29:13","date_gmt":"2026-09-02T13:29:13","guid":{"rendered":"https:\/\/portalmaisagro.com\/?p=9968"},"modified":"2026-09-02T10:29:13","modified_gmt":"2026-09-02T13:29:13","slug":"rio-tera-dia-de-chuva-com-temperatura-em-declinio-e-mar-de-ressaca","status":"publish","type":"post","link":"https:\/\/portalmaisagro.com\/?p=9968","title":{"rendered":"Rio ter\u00e1 dia de chuva, com temperatura em decl\u00ednio e mar de ressaca"},"content":{"rendered":"<p><img loading=\"lazy\" decoding=\"async\" class=\"alignnone  wp-image-9969\" src=\"https:\/\/portalmaisagro.com\/wp-content\/uploads\/2026\/09\/d6a4026-1024x613.jpg\" alt=\"\" width=\"1041\" height=\"623\" srcset=\"https:\/\/portalmaisagro.com\/wp-content\/uploads\/2026\/09\/d6a4026-1024x613.jpg 1024w, https:\/\/portalmaisagro.com\/wp-content\/uploads\/2026\/09\/d6a4026-300x179.jpg 300w, https:\/\/portalmaisagro.com\/wp-content\/uploads\/2026\/09\/d6a4026-768x459.jpg 768w, https:\/\/portalmaisagro.com\/wp-content\/uploads\/2026\/09\/d6a4026-150x90.jpg 150w, https:\/\/portalmaisagro.com\/wp-content\/uploads\/2026\/09\/d6a4026.jpg 1170w\" sizes=\"auto, (max-width: 1041px) 100vw, 1041px\" \/><\/p>\n<p style=\"text-align: justify\"><em>Cidade entrou em est\u00e1gio 2 em uma escala de cinco<\/em><\/p>\n<p style=\"text-align: justify\">O Sistema Alerta Rio, da prefeitura carioca, prev\u00ea para esta quarta-feira (2)\u00a0c\u00e9u encoberto com pancadas de chuva e temperatura em decl\u00ednio, variando entre a m\u00ednima de 15\u00baC e a m\u00e1xima de 24\u00baC. Os ventos estar\u00e3o moderados a fortes at\u00e9 o per\u00edodo da manh\u00e3.<img decoding=\"async\" src=\"https:\/\/agenciabrasil.ebc.com.br\/ebc.png?id=1701307&amp;o=node\" \/><img decoding=\"async\" src=\"https:\/\/agenciabrasil.ebc.com.br\/ebc.gif?id=1701307&amp;o=node\" \/><\/p>\n<p style=\"text-align: justify\">O munic\u00edpio do Rio de Janeiro entrou em est\u00e1gio\u00a02, devido \u00e0 previs\u00e3o de pancadas de chuva com raios e rajadas de ventos fortes e pontuais, em raz\u00e3o da passagem de uma frente fria, procedente\u00a0do oceano.<\/p>\n<p style=\"text-align: justify\">O est\u00e1gio 2 \u00e9 o segundo n\u00edvel em uma escala de cinco e significa que h\u00e1 riscos de ocorr\u00eancias de alto impacto na cidade. H\u00e1 possibilidade de nova mudan\u00e7a de est\u00e1gio devido \u00e0 chuva e\/ou a outros fatores.<\/p>\n<p style=\"text-align: justify\">A Marinha do Brasil emitiu aviso de ressaca, que vai at\u00e9 as 9h desta\u00a0quinta-feira (3). As ondas podem variar entre 2,5 e 3 metros de altura e atingir a orla da cidade.<\/p>\n<p style=\"text-align: justify\">O Centro de Opera\u00e7\u00f5es Rio adverte aos banhistas que evitem:<\/p>\n<p style=\"text-align: justify\">\u2013 Permanecer em mirantes na orla ou em locais pr\u00f3ximos ao mar durante o per\u00edodo do aviso.<\/p>\n<p style=\"text-align: justify\">\u2013 Os frequentadores de praias devem seguir rigorosamente as orienta\u00e7\u00f5es das equipes do Corpo de Bombeiros.<\/p>\n<p style=\"text-align: justify\">\u2013 Pescadores devem evitar navegar enquanto a ressaca estiver ativa.<\/p>\n<p style=\"text-align: justify\">\u2013 Evite pedalar de bicicleta na orla se as ondas estiverem alcan\u00e7ando a ciclovia.<\/p>\n<p style=\"text-align: justify\">\u2013 Em caso de acidentes no mar, n\u00e3o tente resgatar v\u00edtimas por conta pr\u00f3pria. Acione imediatamente o Corpo de Bombeiros pelo telefone 193.<\/p>\n<p>Texto: Ag\u00eancia Brasil<\/p>\n<p>Foto: Fernando Fraz\u00e3o\/Ag\u00eancia Brasil<\/p>\n<p><img loading=\"lazy\" decoding=\"async\" class=\"alignnone  wp-image-9943\" src=\"https:\/\/portalmaisagro.com\/wp-content\/uploads\/2026\/09\/WhatsApp-Image-2026-08-11-at-10.28.27.jpeg\" alt=\"\" width=\"243\" height=\"319\" srcset=\"https:\/\/portalmaisagro.com\/wp-content\/uploads\/2026\/09\/WhatsApp-Image-2026-08-11-at-10.28.27.jpeg 298w, https:\/\/portalmaisagro.com\/wp-content\/uploads\/2026\/09\/WhatsApp-Image-2026-08-11-at-10.28.27-229x300.jpeg 229w, https:\/\/portalmaisagro.com\/wp-content\/uploads\/2026\/09\/WhatsApp-Image-2026-08-11-at-10.28.27-150x197.jpeg 150w\" sizes=\"auto, (max-width: 243px) 100vw, 243px\" \/><\/p>\n<p><a href=\"https:\/\/digital.agriculturafamiliar.agr.br\/pub\/agriculturafamiliar\/#page\/147\"><strong><em>Conte\u00fado exclusivo de empresas participantes do Anu\u00e1rio Brasileiro do Agroneg\u00f3cio e Agricultura Familiar \u2013 LEIA O ANU\u00c1RIO GRATUITAMENTE<\/em><\/strong><\/a><\/p>\n","protected":false},"excerpt":{"rendered":"<p>Cidade entrou em est\u00e1gio 2 em uma escala de cinco O Sistema Alerta Rio, da prefeitura carioca, prev\u00ea para esta quarta-feira (2)\u00a0c\u00e9u encoberto com pancadas de chuva e temperatura em decl\u00ednio, variando entre a m\u00ednima de 15\u00baC e a m\u00e1xima de 24\u00baC. Os ventos estar\u00e3o moderados a fortes at\u00e9 o&hellip;<\/p>\n","protected":false},"author":10,"featured_media":0,"comment_status":"closed","ping_status":"closed","sticky":false,"template":"","format":"standard","meta":{"footnotes":"","jetpack_publicize_message":"","jetpack_publicize_feature_enabled":true,"jetpack_social_post_already_shared":true,"jetpack_social_options":{"image_generator_settings":{"template":"highway","default_image_id":0,"font":"","enabled":false},"version":2},"_members_access_role":[],"_members_access_error":""},"categories":[131,6],"tags":[],"class_list":["post-9968","post","type-post","status-publish","format-standard","hentry","category-destaques","category-tempo"],"yoast_head":"<!-- This site is optimized with the Yoast SEO plugin v28.1 - https:\/\/yoast.com\/product\/yoast-seo-wordpress\/ -->\n<title>Rio ter\u00e1 dia de chuva, com temperatura em decl\u00ednio e mar de ressaca - MaisAgro<\/title>\n<meta name=\"robots\" content=\"index, follow, max-snippet:-1, max-image-preview:large, max-video-preview:-1\" \/>\n<link rel=\"canonical\" href=\"https:\/\/portalmaisagro.com\/?p=9968\" \/>\n<meta property=\"og:locale\" content=\"pt_BR\" \/>\n<meta property=\"og:type\" content=\"article\" \/>\n<meta property=\"og:title\" content=\"Rio ter\u00e1 dia de chuva, com temperatura em decl\u00ednio e mar de ressaca - MaisAgro\" \/>\n<meta property=\"og:description\" content=\"Cidade entrou em est\u00e1gio 2 em uma escala de cinco O Sistema Alerta Rio, da prefeitura carioca, prev\u00ea para esta quarta-feira (2)\u00a0c\u00e9u encoberto com pancadas de chuva e temperatura em decl\u00ednio, variando entre a m\u00ednima de 15\u00baC e a m\u00e1xima de 24\u00baC. Os ventos estar\u00e3o moderados a fortes at\u00e9 o&hellip;\" \/>\n<meta property=\"og:url\" content=\"https:\/\/portalmaisagro.com\/?p=9968\" \/>\n<meta property=\"og:site_name\" content=\"MaisAgro\" \/>\n<meta property=\"article:publisher\" content=\"https:\/\/www.facebook.com\/maisagroportal\" \/>\n<meta property=\"article:published_time\" content=\"2026-09-02T13:29:13+00:00\" \/>\n<meta property=\"og:image\" content=\"https:\/\/portalmaisagro.com\/wp-content\/uploads\/2026\/09\/d6a4026.jpg\" \/>\n\t<meta property=\"og:image:width\" content=\"1170\" \/>\n\t<meta property=\"og:image:height\" content=\"700\" \/>\n\t<meta property=\"og:image:type\" content=\"image\/jpeg\" \/>\n<meta name=\"author\" content=\"Taiane do Carmo\" \/>\n<meta name=\"twitter:card\" content=\"summary_large_image\" \/>\n<meta name=\"twitter:label1\" content=\"Escrito por\" \/>\n\t<meta name=\"twitter:data1\" content=\"Taiane do Carmo\" \/>\n\t<meta name=\"twitter:label2\" content=\"Est. tempo de leitura\" \/>\n\t<meta name=\"twitter:data2\" content=\"3 minutos\" \/>\n<script type=\"application\/ld+json\" class=\"yoast-schema-graph\">{\"@context\":\"https:\\\/\\\/schema.org\",\"@graph\":[{\"@type\":\"Article\",\"@id\":\"https:\\\/\\\/portalmaisagro.com\\\/?p=9968#article\",\"isPartOf\":{\"@id\":\"https:\\\/\\\/portalmaisagro.com\\\/?p=9968\"},\"author\":{\"name\":\"Taiane do Carmo\",\"@id\":\"https:\\\/\\\/portalmaisagro.com\\\/#\\\/schema\\\/person\\\/ade0f16b5a3434e1ec47b1fbdb9b9318\"},\"headline\":\"Rio ter\u00e1 dia de chuva, com temperatura em decl\u00ednio e mar de ressaca\",\"datePublished\":\"2026-09-02T13:29:13+00:00\",\"mainEntityOfPage\":{\"@id\":\"https:\\\/\\\/portalmaisagro.com\\\/?p=9968\"},\"wordCount\":307,\"publisher\":{\"@id\":\"https:\\\/\\\/portalmaisagro.com\\\/#organization\"},\"image\":{\"@id\":\"https:\\\/\\\/portalmaisagro.com\\\/?p=9968#primaryimage\"},\"thumbnailUrl\":\"https:\\\/\\\/portalmaisagro.com\\\/wp-content\\\/uploads\\\/2026\\\/09\\\/d6a4026-1024x613.jpg\",\"articleSection\":[\"DESTAQUES\",\"TEMPO\"],\"inLanguage\":\"pt-BR\"},{\"@type\":\"WebPage\",\"@id\":\"https:\\\/\\\/portalmaisagro.com\\\/?p=9968\",\"url\":\"https:\\\/\\\/portalmaisagro.com\\\/?p=9968\",\"name\":\"Rio ter\u00e1 dia de chuva, com temperatura em decl\u00ednio e mar de ressaca - MaisAgro\",\"isPartOf\":{\"@id\":\"https:\\\/\\\/portalmaisagro.com\\\/#website\"},\"primaryImageOfPage\":{\"@id\":\"https:\\\/\\\/portalmaisagro.com\\\/?p=9968#primaryimage\"},\"image\":{\"@id\":\"https:\\\/\\\/portalmaisagro.com\\\/?p=9968#primaryimage\"},\"thumbnailUrl\":\"https:\\\/\\\/portalmaisagro.com\\\/wp-content\\\/uploads\\\/2026\\\/09\\\/d6a4026-1024x613.jpg\",\"datePublished\":\"2026-09-02T13:29:13+00:00\",\"breadcrumb\":{\"@id\":\"https:\\\/\\\/portalmaisagro.com\\\/?p=9968#breadcrumb\"},\"inLanguage\":\"pt-BR\",\"potentialAction\":[{\"@type\":\"ReadAction\",\"target\":[\"https:\\\/\\\/portalmaisagro.com\\\/?p=9968\"]}]},{\"@type\":\"ImageObject\",\"inLanguage\":\"pt-BR\",\"@id\":\"https:\\\/\\\/portalmaisagro.com\\\/?p=9968#primaryimage\",\"url\":\"https:\\\/\\\/portalmaisagro.com\\\/wp-content\\\/uploads\\\/2026\\\/09\\\/d6a4026.jpg\",\"contentUrl\":\"https:\\\/\\\/portalmaisagro.com\\\/wp-content\\\/uploads\\\/2026\\\/09\\\/d6a4026.jpg\",\"width\":1170,\"height\":700},{\"@type\":\"BreadcrumbList\",\"@id\":\"https:\\\/\\\/portalmaisagro.com\\\/?p=9968#breadcrumb\",\"itemListElement\":[{\"@type\":\"ListItem\",\"position\":1,\"name\":\"In\u00edcio\",\"item\":\"https:\\\/\\\/portalmaisagro.com\\\/\"},{\"@type\":\"ListItem\",\"position\":2,\"name\":\"Rio ter\u00e1 dia de chuva, com temperatura em decl\u00ednio e mar de ressaca\"}]},{\"@type\":\"WebSite\",\"@id\":\"https:\\\/\\\/portalmaisagro.com\\\/#website\",\"url\":\"https:\\\/\\\/portalmaisagro.com\\\/\",\"name\":\"MaisAgro\",\"description\":\"O portal do agroneg\u00f3cio\",\"publisher\":{\"@id\":\"https:\\\/\\\/portalmaisagro.com\\\/#organization\"},\"potentialAction\":[{\"@type\":\"SearchAction\",\"target\":{\"@type\":\"EntryPoint\",\"urlTemplate\":\"https:\\\/\\\/portalmaisagro.com\\\/?s={search_term_string}\"},\"query-input\":{\"@type\":\"PropertyValueSpecification\",\"valueRequired\":true,\"valueName\":\"search_term_string\"}}],\"inLanguage\":\"pt-BR\"},{\"@type\":\"Organization\",\"@id\":\"https:\\\/\\\/portalmaisagro.com\\\/#organization\",\"name\":\"MaisAgro\",\"url\":\"https:\\\/\\\/portalmaisagro.com\\\/\",\"logo\":{\"@type\":\"ImageObject\",\"inLanguage\":\"pt-BR\",\"@id\":\"https:\\\/\\\/portalmaisagro.com\\\/#\\\/schema\\\/logo\\\/image\\\/\",\"url\":\"https:\\\/\\\/portalmaisagro.com\\\/wp-content\\\/uploads\\\/2024\\\/11\\\/logo_oficial-e1749247575377.png\",\"contentUrl\":\"https:\\\/\\\/portalmaisagro.com\\\/wp-content\\\/uploads\\\/2024\\\/11\\\/logo_oficial-e1749247575377.png\",\"width\":513,\"height\":107,\"caption\":\"MaisAgro\"},\"image\":{\"@id\":\"https:\\\/\\\/portalmaisagro.com\\\/#\\\/schema\\\/logo\\\/image\\\/\"},\"sameAs\":[\"https:\\\/\\\/www.facebook.com\\\/maisagroportal\"]},{\"@type\":\"Person\",\"@id\":\"https:\\\/\\\/portalmaisagro.com\\\/#\\\/schema\\\/person\\\/ade0f16b5a3434e1ec47b1fbdb9b9318\",\"name\":\"Taiane do Carmo\",\"image\":{\"@type\":\"ImageObject\",\"inLanguage\":\"pt-BR\",\"@id\":\"https:\\\/\\\/portalmaisagro.com\\\/wp-content\\\/uploads\\\/2026\\\/04\\\/images.jpeg640e5d69297d7dd56cc39a10251ad7db\",\"url\":\"https:\\\/\\\/portalmaisagro.com\\\/wp-content\\\/uploads\\\/2026\\\/04\\\/images.jpeg\",\"contentUrl\":\"https:\\\/\\\/portalmaisagro.com\\\/wp-content\\\/uploads\\\/2026\\\/04\\\/images.jpeg\",\"caption\":\"Taiane do Carmo\"},\"url\":\"https:\\\/\\\/portalmaisagro.com\\\/?author=10\"}]}<\/script>\n<!-- \/ Yoast SEO plugin. -->","yoast_head_json":{"title":"Rio ter\u00e1 dia de chuva, com temperatura em decl\u00ednio e mar de ressaca - MaisAgro","robots":{"index":"index","follow":"follow","max-snippet":"max-snippet:-1","max-image-preview":"max-image-preview:large","max-video-preview":"max-video-preview:-1"},"canonical":"https:\/\/portalmaisagro.com\/?p=9968","og_locale":"pt_BR","og_type":"article","og_title":"Rio ter\u00e1 dia de chuva, com temperatura em decl\u00ednio e mar de ressaca - MaisAgro","og_description":"Cidade entrou em est\u00e1gio 2 em uma escala de cinco O Sistema Alerta Rio, da prefeitura carioca, prev\u00ea para esta quarta-feira (2)\u00a0c\u00e9u encoberto com pancadas de chuva e temperatura em decl\u00ednio, variando entre a m\u00ednima de 15\u00baC e a m\u00e1xima de 24\u00baC. Os ventos estar\u00e3o moderados a fortes at\u00e9 o&hellip;","og_url":"https:\/\/portalmaisagro.com\/?p=9968","og_site_name":"MaisAgro","article_publisher":"https:\/\/www.facebook.com\/maisagroportal","article_published_time":"2026-09-02T13:29:13+00:00","og_image":[{"width":1170,"height":700,"url":"https:\/\/portalmaisagro.com\/wp-content\/uploads\/2026\/09\/d6a4026.jpg","type":"image\/jpeg"}],"author":"Taiane do Carmo","twitter_card":"summary_large_image","twitter_misc":{"Escrito por":"Taiane do Carmo","Est. tempo de leitura":"3 minutos"},"schema":{"@context":"https:\/\/schema.org","@graph":[{"@type":"Article","@id":"https:\/\/portalmaisagro.com\/?p=9968#article","isPartOf":{"@id":"https:\/\/portalmaisagro.com\/?p=9968"},"author":{"name":"Taiane do Carmo","@id":"https:\/\/portalmaisagro.com\/#\/schema\/person\/ade0f16b5a3434e1ec47b1fbdb9b9318"},"headline":"Rio ter\u00e1 dia de chuva, com temperatura em decl\u00ednio e mar de ressaca","datePublished":"2026-09-02T13:29:13+00:00","mainEntityOfPage":{"@id":"https:\/\/portalmaisagro.com\/?p=9968"},"wordCount":307,"publisher":{"@id":"https:\/\/portalmaisagro.com\/#organization"},"image":{"@id":"https:\/\/portalmaisagro.com\/?p=9968#primaryimage"},"thumbnailUrl":"https:\/\/portalmaisagro.com\/wp-content\/uploads\/2026\/09\/d6a4026-1024x613.jpg","articleSection":["DESTAQUES","TEMPO"],"inLanguage":"pt-BR"},{"@type":"WebPage","@id":"https:\/\/portalmaisagro.com\/?p=9968","url":"https:\/\/portalmaisagro.com\/?p=9968","name":"Rio ter\u00e1 dia de chuva, com temperatura em decl\u00ednio e mar de ressaca - MaisAgro","isPartOf":{"@id":"https:\/\/portalmaisagro.com\/#website"},"primaryImageOfPage":{"@id":"https:\/\/portalmaisagro.com\/?p=9968#primaryimage"},"image":{"@id":"https:\/\/portalmaisagro.com\/?p=9968#primaryimage"},"thumbnailUrl":"https:\/\/portalmaisagro.com\/wp-content\/uploads\/2026\/09\/d6a4026-1024x613.jpg","datePublished":"2026-09-02T13:29:13+00:00","breadcrumb":{"@id":"https:\/\/portalmaisagro.com\/?p=9968#breadcrumb"},"inLanguage":"pt-BR","potentialAction":[{"@type":"ReadAction","target":["https:\/\/portalmaisagro.com\/?p=9968"]}]},{"@type":"ImageObject","inLanguage":"pt-BR","@id":"https:\/\/portalmaisagro.com\/?p=9968#primaryimage","url":"https:\/\/portalmaisagro.com\/wp-content\/uploads\/2026\/09\/d6a4026.jpg","contentUrl":"https:\/\/portalmaisagro.com\/wp-content\/uploads\/2026\/09\/d6a4026.jpg","width":1170,"height":700},{"@type":"BreadcrumbList","@id":"https:\/\/portalmaisagro.com\/?p=9968#breadcrumb","itemListElement":[{"@type":"ListItem","position":1,"name":"In\u00edcio","item":"https:\/\/portalmaisagro.com\/"},{"@type":"ListItem","position":2,"name":"Rio ter\u00e1 dia de chuva, com temperatura em decl\u00ednio e mar de ressaca"}]},{"@type":"WebSite","@id":"https:\/\/portalmaisagro.com\/#website","url":"https:\/\/portalmaisagro.com\/","name":"MaisAgro","description":"O portal do agroneg\u00f3cio","publisher":{"@id":"https:\/\/portalmaisagro.com\/#organization"},"potentialAction":[{"@type":"SearchAction","target":{"@type":"EntryPoint","urlTemplate":"https:\/\/portalmaisagro.com\/?s={search_term_string}"},"query-input":{"@type":"PropertyValueSpecification","valueRequired":true,"valueName":"search_term_string"}}],"inLanguage":"pt-BR"},{"@type":"Organization","@id":"https:\/\/portalmaisagro.com\/#organization","name":"MaisAgro","url":"https:\/\/portalmaisagro.com\/","logo":{"@type":"ImageObject","inLanguage":"pt-BR","@id":"https:\/\/portalmaisagro.com\/#\/schema\/logo\/image\/","url":"https:\/\/portalmaisagro.com\/wp-content\/uploads\/2024\/11\/logo_oficial-e1749247575377.png","contentUrl":"https:\/\/portalmaisagro.com\/wp-content\/uploads\/2024\/11\/logo_oficial-e1749247575377.png","width":513,"height":107,"caption":"MaisAgro"},"image":{"@id":"https:\/\/portalmaisagro.com\/#\/schema\/logo\/image\/"},"sameAs":["https:\/\/www.facebook.com\/maisagroportal"]},{"@type":"Person","@id":"https:\/\/portalmaisagro.com\/#\/schema\/person\/ade0f16b5a3434e1ec47b1fbdb9b9318","name":"Taiane do Carmo","image":{"@type":"ImageObject","inLanguage":"pt-BR","@id":"https:\/\/portalmaisagro.com\/wp-content\/uploads\/2026\/04\/images.jpeg640e5d69297d7dd56cc39a10251ad7db","url":"https:\/\/portalmaisagro.com\/wp-content\/uploads\/2026\/04\/images.jpeg","contentUrl":"https:\/\/portalmaisagro.com\/wp-content\/uploads\/2026\/04\/images.jpeg","caption":"Taiane do Carmo"},"url":"https:\/\/portalmaisagro.com\/?author=10"}]}},"jetpack_publicize_connections":[],"authors":[],"_links":{"self":[{"href":"https:\/\/portalmaisagro.com\/index.php?rest_route=\/wp\/v2\/posts\/9968","targetHints":{"allow":["GET"]}}],"collection":[{"href":"https:\/\/portalmaisagro.com\/index.php?rest_route=\/wp\/v2\/posts"}],"about":[{"href":"https:\/\/portalmaisagro.com\/index.php?rest_route=\/wp\/v2\/types\/post"}],"author":[{"embeddable":true,"href":"https:\/\/portalmaisagro.com\/index.php?rest_route=\/wp\/v2\/users\/10"}],"replies":[{"embeddable":true,"href":"https:\/\/portalmaisagro.com\/index.php?rest_route=%2Fwp%2Fv2%2Fcomments&post=9968"}],"version-history":[{"count":1,"href":"https:\/\/portalmaisagro.com\/index.php?rest_route=\/wp\/v2\/posts\/9968\/revisions"}],"predecessor-version":[{"id":9970,"href":"https:\/\/portalmaisagro.com\/index.php?rest_route=\/wp\/v2\/posts\/9968\/revisions\/9970"}],"wp:attachment":[{"href":"https:\/\/portalmaisagro.com\/index.php?rest_route=%2Fwp%2Fv2%2Fmedia&parent=9968"}],"wp:term":[{"taxonomy":"category","embeddable":true,"href":"https:\/\/portalmaisagro.com\/index.php?rest_route=%2Fwp%2Fv2%2Fcategories&post=9968"},{"taxonomy":"post_tag","embeddable":true,"href":"https:\/\/portalmaisagro.com\/index.php?rest_route=%2Fwp%2Fv2%2Ftags&post=9968"}],"curies":[{"name":"wp","href":"https:\/\/api.w.org\/{rel}","templated":true}]}}