{"id":9962,"date":"2026-09-02T09:44:27","date_gmt":"2026-09-02T12:44:27","guid":{"rendered":"https:\/\/portalmaisagro.com\/?p=9962"},"modified":"2026-09-02T09:44:27","modified_gmt":"2026-09-02T12:44:27","slug":"conab-abre-edital-para-aquisicao-de-cestas-de-alimentos-destinadas-a-familias-indigenas-em-situacao-de-inseguranca-alimentar-e-nutricional","status":"publish","type":"post","link":"https:\/\/portalmaisagro.com\/?p=9962","title":{"rendered":"Conab abre edital para aquisi\u00e7\u00e3o de cestas de alimentos destinadas a fam\u00edlias ind\u00edgenas em situa\u00e7\u00e3o de inseguran\u00e7a alimentar e nutricional"},"content":{"rendered":"<p style=\"text-align: justify\"><img loading=\"lazy\" decoding=\"async\" class=\"alignnone  wp-image-9963\" src=\"https:\/\/portalmaisagro.com\/wp-content\/uploads\/2026\/09\/f236253f-0a41-4de2-a1f0-91beb55cbbc5.jpeg\" alt=\"\" width=\"1044\" height=\"719\" srcset=\"https:\/\/portalmaisagro.com\/wp-content\/uploads\/2026\/09\/f236253f-0a41-4de2-a1f0-91beb55cbbc5.jpeg 768w, https:\/\/portalmaisagro.com\/wp-content\/uploads\/2026\/09\/f236253f-0a41-4de2-a1f0-91beb55cbbc5-300x207.jpeg 300w, https:\/\/portalmaisagro.com\/wp-content\/uploads\/2026\/09\/f236253f-0a41-4de2-a1f0-91beb55cbbc5-150x103.jpeg 150w\" sizes=\"auto, (max-width: 1044px) 100vw, 1044px\" \/><\/p>\n<p style=\"text-align: justify\"><em>Opera\u00e7\u00e3o ser\u00e1 executada pela Plataforma Contrata+Brasil e prev\u00ea a aquisi\u00e7\u00e3o de mais de 5 mil cestas de alimentos no \u00e2mbito da A\u00e7\u00e3o de Distribui\u00e7\u00e3o de Alimentos a Grupos Populacionais Espec\u00edficos (ADA)<\/em><\/p>\n<p style=\"text-align: justify\">Entre as a\u00e7\u00f5es para assegurar o direito \u00e0 alimenta\u00e7\u00e3o a fam\u00edlias ind\u00edgenas de Santa Catarina e do Rio Grande do Sul, a Companhia Nacional de Abastecimento (Conab) torna dispon\u00edveis os editais para aquisi\u00e7\u00e3o de cestas de alimentos por meio da Plataforma Contrata+ Brasil. De acordo com o <a class=\"internal-link\" href=\"https:\/\/www.gov.br\/conab\/pt-br\/atuacao\/comercializacao\/contrata-brasil\/edital-no-776-2026-cestas-de-alimentos-grupo-ii-2a-et\/edital-no-439-2026-compra-de-alimentos-agrupados-em-embalagem-2013-grupo-ii\" target=\"_blank\" rel=\"noopener\" data-tippreview-image=\"\" data-tippreview-title=\"\" data-tippreview-enabled=\"true\" data-tippy=\"\">Edital n\u00ba 776<\/a>,\u00a0fornecedores interessados devem\u00a0apresentar as propostas de venda dos produtos at\u00e9 o pr\u00f3ximo dia 02 de setembro. A opera\u00e7\u00e3o de compra ampara-se no Plano de Trabalho N\u00ba 05\/2026, formalizado entre a Conab e o Minist\u00e9rio do Desenvolvimento e Assist\u00eancia Social, Fam\u00edlia e Combate \u00e0 Fome (MDS).<\/p>\n<p style=\"text-align: justify\">O edital prev\u00ea a aquisi\u00e7\u00e3o de 5.368 cestas de 25 quilos cada, contendo a\u00e7\u00facar, arroz, feij\u00e3o-preto, farinha de trigo, charque bovino, fub\u00e1, leite em p\u00f3, macarr\u00e3o e \u00f3leo de soja. As cestas ser\u00e3o entregues nas unidades da Funda\u00e7\u00e3o Nacional dos Povos Ind\u00edgenas (Funai) em Nonoai (RS), Passo Fundo (RS), Ronda Alta (RS), Ipua\u00e7u (SC) e Jos\u00e9 Boiteux (SC).<\/p>\n<p style=\"text-align: justify\">De acordo com o documento, a habilita\u00e7\u00e3o e a sele\u00e7\u00e3o das propostas est\u00e3o previstas para o dia 3 do pr\u00f3ximo m\u00eas com a divulga\u00e7\u00e3o do resultado parcial no dia 8 de setembro. J\u00e1 a divulga\u00e7\u00e3o do resultado final est\u00e1 marcada para o dia 10. Os produtos a serem adquiridos dever\u00e3o ser entregues nos locais de destino at\u00e9 o dia 25 de setembro.<\/p>\n<p style=\"text-align: justify\">Al\u00e9m de fornecedores convencionais, tamb\u00e9m poder\u00e3o apresentar propostas as cooperativas de produtores rurais da agricultura familiar e associa\u00e7\u00f5es da agricultura familiar que possuam Cadastro Nacional da Agricultura Familiar (CAF) ou Declara\u00e7\u00e3o de Aptid\u00e3o ao Pronaf Jur\u00eddica (DAP) v\u00e1lidos.<\/p>\n<p style=\"text-align: justify\">Poder\u00e3o apresentar propostas as cooperativas de produtores rurais da agricultura familiar e associa\u00e7\u00f5es da agricultura familiar que possuam Cadastro Nacional da Agricultura Familiar (CAF) ou Declara\u00e7\u00e3o de Aptid\u00e3o ao Pronaf Jur\u00eddica (DAP) v\u00e1lidos.<\/p>\n<p style=\"text-align: justify\">As contrata\u00e7\u00f5es ser\u00e3o realizadas na modalidade \u201cmenor pre\u00e7o\u201d e, para cadastro da proposta na plataforma, os participantes dever\u00e3o comprovar atendimento aos requisitos sanit\u00e1rios correspondentes a cada produto ofertado, conforme legisla\u00e7\u00e3o espec\u00edfica.<\/p>\n<p style=\"text-align: justify\">As informa\u00e7\u00f5es que estabelecem as condi\u00e7\u00f5es gerais para a compra das cestas, com crit\u00e9rios de participa\u00e7\u00e3o e os prazos de execu\u00e7\u00e3o, est\u00e3o dispon\u00edveis no\u00a0<a class=\"external-link\" title=\"\" href=\"https:\/\/www.gov.br\/conab\/pt-br\/atuacao\/comercializacao\/contrata-brasil\/edital-no-776-2026-cestas-de-alimentos-grupo-ii-2a-et\/edital-no-439-2026-compra-de-alimentos-agrupados-em-embalagem-2013-grupo-ii\" target=\"_self\" data-tippreview-enabled=\"false\" data-tippreview-image=\"\" data-tippreview-title=\"\">Edital n\u00ba 776<\/a>.<\/p>\n<p style=\"text-align: justify\"><strong>Outras aquisi\u00e7\u00f5es \u2013<\/strong>\u00a0Essa \u00e9 a segunda opera\u00e7\u00e3o da Conab realizada por meio da Plataforma Contrata+ Brasil. Na primeira rodada de editais, ocorrida em julho deste ano, foram compradas 788.994 toneladas de alimentos para forma\u00e7\u00e3o de cestas, al\u00e9m de outras 11.176 cestas de alimentos j\u00e1 montadas para atendimento \u00e0s pessoas em situa\u00e7\u00e3o de inseguran\u00e7a alimentar e nutricional. A aquisi\u00e7\u00e3o envolveu o montante de R$ 11,5 milh\u00f5es, valor que auxilia a comercializa\u00e7\u00e3o da produ\u00e7\u00e3o de 2.577 cooperativas ou associa\u00e7\u00f5es da agricultura familiar; com 655 agricultores individualmente e com 31 grupos informais de produtores rurais.<\/p>\n<p style=\"text-align: justify\">As contrata\u00e7\u00f5es da Conab atingiram o montante de R$ 11,5 milh\u00f5es dos R$ 25,7 milh\u00f5es movimentados pelo Contrata+Brasil junto aos agricultores familiares, desde a cria\u00e7\u00e3o do programa, em fevereiro de 2025, at\u00e9 agora. Ao todo, a plataforma j\u00e1 negociou, por meio da Companhia, com 2.577 cooperativas ou associa\u00e7\u00f5es de produ\u00e7\u00e3o; com 655 agricultores individualmente e com 31 grupos informais de produtores rurais.<\/p>\n<p style=\"text-align: justify\"><strong>Servi\u00e7o:<\/strong><br \/>\n<em>Edital de Compra para aquisi\u00e7\u00e3o de cestas de alimentos<\/em><br \/>\nData limite para envio das propostas: quarta-feira, 2 de setembro<br \/>\nHor\u00e1rio limite: 23h59 (hor\u00e1rio de Bras\u00edlia)<br \/>\nLink para envio da proposta:\u00a0<a class=\"external-link\" title=\"\" href=\"https:\/\/contratamaisbrasil.sistema.gov.br\/alimentos\/oportunidade\/776\/detalhar\" target=\"_blank\" rel=\"noopener\" data-tippreview-enabled=\"false\" data-tippreview-image=\"\" data-tippreview-title=\"\">https:\/\/contratamaisbrasil.sistema.gov.br\/alimentos\/orgao\/oportunidade\/776\/detalhar<\/a><br \/>\nLink de acompanhamento no site da Conab:\u00a0<a class=\"external-link\" title=\"\" href=\"https:\/\/www.gov.br\/conab\/pt-br\/atuacao\/comercializacao\/contrata-brasil\" target=\"_blank\" rel=\"noopener\" data-tippreview-enabled=\"false\" data-tippreview-image=\"\" data-tippreview-title=\"\">https:\/\/www.gov.br\/conab\/pt-br\/atuacao\/comercializacao\/contrata-brasil<\/a><\/p>\n<p style=\"text-align: justify\">Texto: Conab<\/p>\n<p style=\"text-align: justify\">Foto: Divulga\u00e7\u00e3o<\/p>\n<p style=\"text-align: justify\"><img loading=\"lazy\" decoding=\"async\" class=\"alignnone  wp-image-9943\" src=\"https:\/\/portalmaisagro.com\/wp-content\/uploads\/2026\/09\/WhatsApp-Image-2026-08-11-at-10.28.27.jpeg\" alt=\"\" width=\"239\" height=\"314\" srcset=\"https:\/\/portalmaisagro.com\/wp-content\/uploads\/2026\/09\/WhatsApp-Image-2026-08-11-at-10.28.27.jpeg 298w, https:\/\/portalmaisagro.com\/wp-content\/uploads\/2026\/09\/WhatsApp-Image-2026-08-11-at-10.28.27-229x300.jpeg 229w, https:\/\/portalmaisagro.com\/wp-content\/uploads\/2026\/09\/WhatsApp-Image-2026-08-11-at-10.28.27-150x197.jpeg 150w\" sizes=\"auto, (max-width: 239px) 100vw, 239px\" \/><\/p>\n<p style=\"text-align: justify\"><a href=\"https:\/\/digital.agriculturafamiliar.agr.br\/pub\/agriculturafamiliar\/#page\/147\"><strong><em>Conte\u00fado exclusivo de empresas participantes do Anu\u00e1rio Brasileiro do Agroneg\u00f3cio e Agricultura Familiar \u2013 LEIA O ANU\u00c1RIO GRATUITAMENTE<\/em><\/strong><\/a><\/p>\n","protected":false},"excerpt":{"rendered":"<p>Opera\u00e7\u00e3o ser\u00e1 executada pela Plataforma Contrata+Brasil e prev\u00ea a aquisi\u00e7\u00e3o de mais de 5 mil cestas de alimentos no \u00e2mbito da A\u00e7\u00e3o de Distribui\u00e7\u00e3o de Alimentos a Grupos Populacionais Espec\u00edficos (ADA) Entre as a\u00e7\u00f5es para assegurar o direito \u00e0 alimenta\u00e7\u00e3o a fam\u00edlias ind\u00edgenas de Santa Catarina e do Rio Grande&hellip;<\/p>\n","protected":false},"author":10,"featured_media":0,"comment_status":"closed","ping_status":"closed","sticky":false,"template":"","format":"standard","meta":{"footnotes":"","jetpack_publicize_message":"","jetpack_publicize_feature_enabled":true,"jetpack_social_post_already_shared":true,"jetpack_social_options":{"image_generator_settings":{"template":"highway","default_image_id":0,"font":"","enabled":false},"version":2},"_members_access_role":[],"_members_access_error":""},"categories":[131,205],"tags":[],"class_list":["post-9962","post","type-post","status-publish","format-standard","hentry","category-destaques","category-mais-alimentos"],"yoast_head":"<!-- This site is optimized with the Yoast SEO plugin v28.1 - https:\/\/yoast.com\/product\/yoast-seo-wordpress\/ -->\n<title>Conab abre edital para aquisi\u00e7\u00e3o de cestas de alimentos destinadas a fam\u00edlias ind\u00edgenas em situa\u00e7\u00e3o de inseguran\u00e7a alimentar e nutricional - MaisAgro<\/title>\n<meta name=\"robots\" content=\"index, follow, max-snippet:-1, max-image-preview:large, max-video-preview:-1\" \/>\n<link rel=\"canonical\" href=\"https:\/\/portalmaisagro.com\/?p=9962\" \/>\n<meta property=\"og:locale\" content=\"pt_BR\" \/>\n<meta property=\"og:type\" content=\"article\" \/>\n<meta property=\"og:title\" content=\"Conab abre edital para aquisi\u00e7\u00e3o de cestas de alimentos destinadas a fam\u00edlias ind\u00edgenas em situa\u00e7\u00e3o de inseguran\u00e7a alimentar e nutricional - MaisAgro\" \/>\n<meta property=\"og:description\" content=\"Opera\u00e7\u00e3o ser\u00e1 executada pela Plataforma Contrata+Brasil e prev\u00ea a aquisi\u00e7\u00e3o de mais de 5 mil cestas de alimentos no \u00e2mbito da A\u00e7\u00e3o de Distribui\u00e7\u00e3o de Alimentos a Grupos Populacionais Espec\u00edficos (ADA) Entre as a\u00e7\u00f5es para assegurar o direito \u00e0 alimenta\u00e7\u00e3o a fam\u00edlias ind\u00edgenas de Santa Catarina e do Rio Grande&hellip;\" \/>\n<meta property=\"og:url\" content=\"https:\/\/portalmaisagro.com\/?p=9962\" \/>\n<meta property=\"og:site_name\" content=\"MaisAgro\" \/>\n<meta property=\"article:publisher\" content=\"https:\/\/www.facebook.com\/maisagroportal\" \/>\n<meta property=\"article:published_time\" content=\"2026-09-02T12:44:27+00:00\" \/>\n<meta property=\"og:image\" content=\"https:\/\/portalmaisagro.com\/wp-content\/uploads\/2026\/09\/f236253f-0a41-4de2-a1f0-91beb55cbbc5.jpeg\" \/>\n\t<meta property=\"og:image:width\" content=\"768\" \/>\n\t<meta property=\"og:image:height\" content=\"529\" \/>\n\t<meta property=\"og:image:type\" content=\"image\/jpeg\" \/>\n<meta name=\"author\" content=\"Taiane do Carmo\" \/>\n<meta name=\"twitter:card\" content=\"summary_large_image\" \/>\n<meta name=\"twitter:label1\" content=\"Escrito por\" \/>\n\t<meta name=\"twitter:data1\" content=\"Taiane do Carmo\" \/>\n\t<meta name=\"twitter:label2\" content=\"Est. tempo de leitura\" \/>\n\t<meta name=\"twitter:data2\" content=\"4 minutos\" \/>\n<script type=\"application\/ld+json\" class=\"yoast-schema-graph\">{\"@context\":\"https:\\\/\\\/schema.org\",\"@graph\":[{\"@type\":\"Article\",\"@id\":\"https:\\\/\\\/portalmaisagro.com\\\/?p=9962#article\",\"isPartOf\":{\"@id\":\"https:\\\/\\\/portalmaisagro.com\\\/?p=9962\"},\"author\":{\"name\":\"Taiane do Carmo\",\"@id\":\"https:\\\/\\\/portalmaisagro.com\\\/#\\\/schema\\\/person\\\/ade0f16b5a3434e1ec47b1fbdb9b9318\"},\"headline\":\"Conab abre edital para aquisi\u00e7\u00e3o de cestas de alimentos destinadas a fam\u00edlias ind\u00edgenas em situa\u00e7\u00e3o de inseguran\u00e7a alimentar e nutricional\",\"datePublished\":\"2026-09-02T12:44:27+00:00\",\"mainEntityOfPage\":{\"@id\":\"https:\\\/\\\/portalmaisagro.com\\\/?p=9962\"},\"wordCount\":694,\"publisher\":{\"@id\":\"https:\\\/\\\/portalmaisagro.com\\\/#organization\"},\"image\":{\"@id\":\"https:\\\/\\\/portalmaisagro.com\\\/?p=9962#primaryimage\"},\"thumbnailUrl\":\"https:\\\/\\\/portalmaisagro.com\\\/wp-content\\\/uploads\\\/2026\\\/09\\\/f236253f-0a41-4de2-a1f0-91beb55cbbc5.jpeg\",\"articleSection\":[\"DESTAQUES\",\"MAIS ALIMENTOS\"],\"inLanguage\":\"pt-BR\"},{\"@type\":\"WebPage\",\"@id\":\"https:\\\/\\\/portalmaisagro.com\\\/?p=9962\",\"url\":\"https:\\\/\\\/portalmaisagro.com\\\/?p=9962\",\"name\":\"Conab abre edital para aquisi\u00e7\u00e3o de cestas de alimentos destinadas a fam\u00edlias ind\u00edgenas em situa\u00e7\u00e3o de inseguran\u00e7a alimentar e nutricional - MaisAgro\",\"isPartOf\":{\"@id\":\"https:\\\/\\\/portalmaisagro.com\\\/#website\"},\"primaryImageOfPage\":{\"@id\":\"https:\\\/\\\/portalmaisagro.com\\\/?p=9962#primaryimage\"},\"image\":{\"@id\":\"https:\\\/\\\/portalmaisagro.com\\\/?p=9962#primaryimage\"},\"thumbnailUrl\":\"https:\\\/\\\/portalmaisagro.com\\\/wp-content\\\/uploads\\\/2026\\\/09\\\/f236253f-0a41-4de2-a1f0-91beb55cbbc5.jpeg\",\"datePublished\":\"2026-09-02T12:44:27+00:00\",\"breadcrumb\":{\"@id\":\"https:\\\/\\\/portalmaisagro.com\\\/?p=9962#breadcrumb\"},\"inLanguage\":\"pt-BR\",\"potentialAction\":[{\"@type\":\"ReadAction\",\"target\":[\"https:\\\/\\\/portalmaisagro.com\\\/?p=9962\"]}]},{\"@type\":\"ImageObject\",\"inLanguage\":\"pt-BR\",\"@id\":\"https:\\\/\\\/portalmaisagro.com\\\/?p=9962#primaryimage\",\"url\":\"https:\\\/\\\/portalmaisagro.com\\\/wp-content\\\/uploads\\\/2026\\\/09\\\/f236253f-0a41-4de2-a1f0-91beb55cbbc5.jpeg\",\"contentUrl\":\"https:\\\/\\\/portalmaisagro.com\\\/wp-content\\\/uploads\\\/2026\\\/09\\\/f236253f-0a41-4de2-a1f0-91beb55cbbc5.jpeg\",\"width\":768,\"height\":529},{\"@type\":\"BreadcrumbList\",\"@id\":\"https:\\\/\\\/portalmaisagro.com\\\/?p=9962#breadcrumb\",\"itemListElement\":[{\"@type\":\"ListItem\",\"position\":1,\"name\":\"In\u00edcio\",\"item\":\"https:\\\/\\\/portalmaisagro.com\\\/\"},{\"@type\":\"ListItem\",\"position\":2,\"name\":\"Conab abre edital para aquisi\u00e7\u00e3o de cestas de alimentos destinadas a fam\u00edlias ind\u00edgenas em situa\u00e7\u00e3o de inseguran\u00e7a alimentar e nutricional\"}]},{\"@type\":\"WebSite\",\"@id\":\"https:\\\/\\\/portalmaisagro.com\\\/#website\",\"url\":\"https:\\\/\\\/portalmaisagro.com\\\/\",\"name\":\"MaisAgro\",\"description\":\"O portal do agroneg\u00f3cio\",\"publisher\":{\"@id\":\"https:\\\/\\\/portalmaisagro.com\\\/#organization\"},\"potentialAction\":[{\"@type\":\"SearchAction\",\"target\":{\"@type\":\"EntryPoint\",\"urlTemplate\":\"https:\\\/\\\/portalmaisagro.com\\\/?s={search_term_string}\"},\"query-input\":{\"@type\":\"PropertyValueSpecification\",\"valueRequired\":true,\"valueName\":\"search_term_string\"}}],\"inLanguage\":\"pt-BR\"},{\"@type\":\"Organization\",\"@id\":\"https:\\\/\\\/portalmaisagro.com\\\/#organization\",\"name\":\"MaisAgro\",\"url\":\"https:\\\/\\\/portalmaisagro.com\\\/\",\"logo\":{\"@type\":\"ImageObject\",\"inLanguage\":\"pt-BR\",\"@id\":\"https:\\\/\\\/portalmaisagro.com\\\/#\\\/schema\\\/logo\\\/image\\\/\",\"url\":\"https:\\\/\\\/portalmaisagro.com\\\/wp-content\\\/uploads\\\/2024\\\/11\\\/logo_oficial-e1749247575377.png\",\"contentUrl\":\"https:\\\/\\\/portalmaisagro.com\\\/wp-content\\\/uploads\\\/2024\\\/11\\\/logo_oficial-e1749247575377.png\",\"width\":513,\"height\":107,\"caption\":\"MaisAgro\"},\"image\":{\"@id\":\"https:\\\/\\\/portalmaisagro.com\\\/#\\\/schema\\\/logo\\\/image\\\/\"},\"sameAs\":[\"https:\\\/\\\/www.facebook.com\\\/maisagroportal\"]},{\"@type\":\"Person\",\"@id\":\"https:\\\/\\\/portalmaisagro.com\\\/#\\\/schema\\\/person\\\/ade0f16b5a3434e1ec47b1fbdb9b9318\",\"name\":\"Taiane do Carmo\",\"image\":{\"@type\":\"ImageObject\",\"inLanguage\":\"pt-BR\",\"@id\":\"https:\\\/\\\/portalmaisagro.com\\\/wp-content\\\/uploads\\\/2026\\\/04\\\/images.jpeg640e5d69297d7dd56cc39a10251ad7db\",\"url\":\"https:\\\/\\\/portalmaisagro.com\\\/wp-content\\\/uploads\\\/2026\\\/04\\\/images.jpeg\",\"contentUrl\":\"https:\\\/\\\/portalmaisagro.com\\\/wp-content\\\/uploads\\\/2026\\\/04\\\/images.jpeg\",\"caption\":\"Taiane do Carmo\"},\"url\":\"https:\\\/\\\/portalmaisagro.com\\\/?author=10\"}]}<\/script>\n<!-- \/ Yoast SEO plugin. -->","yoast_head_json":{"title":"Conab abre edital para aquisi\u00e7\u00e3o de cestas de alimentos destinadas a fam\u00edlias ind\u00edgenas em situa\u00e7\u00e3o de inseguran\u00e7a alimentar e nutricional - MaisAgro","robots":{"index":"index","follow":"follow","max-snippet":"max-snippet:-1","max-image-preview":"max-image-preview:large","max-video-preview":"max-video-preview:-1"},"canonical":"https:\/\/portalmaisagro.com\/?p=9962","og_locale":"pt_BR","og_type":"article","og_title":"Conab abre edital para aquisi\u00e7\u00e3o de cestas de alimentos destinadas a fam\u00edlias ind\u00edgenas em situa\u00e7\u00e3o de inseguran\u00e7a alimentar e nutricional - MaisAgro","og_description":"Opera\u00e7\u00e3o ser\u00e1 executada pela Plataforma Contrata+Brasil e prev\u00ea a aquisi\u00e7\u00e3o de mais de 5 mil cestas de alimentos no \u00e2mbito da A\u00e7\u00e3o de Distribui\u00e7\u00e3o de Alimentos a Grupos Populacionais Espec\u00edficos (ADA) Entre as a\u00e7\u00f5es para assegurar o direito \u00e0 alimenta\u00e7\u00e3o a fam\u00edlias ind\u00edgenas de Santa Catarina e do Rio Grande&hellip;","og_url":"https:\/\/portalmaisagro.com\/?p=9962","og_site_name":"MaisAgro","article_publisher":"https:\/\/www.facebook.com\/maisagroportal","article_published_time":"2026-09-02T12:44:27+00:00","og_image":[{"width":768,"height":529,"url":"https:\/\/portalmaisagro.com\/wp-content\/uploads\/2026\/09\/f236253f-0a41-4de2-a1f0-91beb55cbbc5.jpeg","type":"image\/jpeg"}],"author":"Taiane do Carmo","twitter_card":"summary_large_image","twitter_misc":{"Escrito por":"Taiane do Carmo","Est. tempo de leitura":"4 minutos"},"schema":{"@context":"https:\/\/schema.org","@graph":[{"@type":"Article","@id":"https:\/\/portalmaisagro.com\/?p=9962#article","isPartOf":{"@id":"https:\/\/portalmaisagro.com\/?p=9962"},"author":{"name":"Taiane do Carmo","@id":"https:\/\/portalmaisagro.com\/#\/schema\/person\/ade0f16b5a3434e1ec47b1fbdb9b9318"},"headline":"Conab abre edital para aquisi\u00e7\u00e3o de cestas de alimentos destinadas a fam\u00edlias ind\u00edgenas em situa\u00e7\u00e3o de inseguran\u00e7a alimentar e nutricional","datePublished":"2026-09-02T12:44:27+00:00","mainEntityOfPage":{"@id":"https:\/\/portalmaisagro.com\/?p=9962"},"wordCount":694,"publisher":{"@id":"https:\/\/portalmaisagro.com\/#organization"},"image":{"@id":"https:\/\/portalmaisagro.com\/?p=9962#primaryimage"},"thumbnailUrl":"https:\/\/portalmaisagro.com\/wp-content\/uploads\/2026\/09\/f236253f-0a41-4de2-a1f0-91beb55cbbc5.jpeg","articleSection":["DESTAQUES","MAIS ALIMENTOS"],"inLanguage":"pt-BR"},{"@type":"WebPage","@id":"https:\/\/portalmaisagro.com\/?p=9962","url":"https:\/\/portalmaisagro.com\/?p=9962","name":"Conab abre edital para aquisi\u00e7\u00e3o de cestas de alimentos destinadas a fam\u00edlias ind\u00edgenas em situa\u00e7\u00e3o de inseguran\u00e7a alimentar e nutricional - MaisAgro","isPartOf":{"@id":"https:\/\/portalmaisagro.com\/#website"},"primaryImageOfPage":{"@id":"https:\/\/portalmaisagro.com\/?p=9962#primaryimage"},"image":{"@id":"https:\/\/portalmaisagro.com\/?p=9962#primaryimage"},"thumbnailUrl":"https:\/\/portalmaisagro.com\/wp-content\/uploads\/2026\/09\/f236253f-0a41-4de2-a1f0-91beb55cbbc5.jpeg","datePublished":"2026-09-02T12:44:27+00:00","breadcrumb":{"@id":"https:\/\/portalmaisagro.com\/?p=9962#breadcrumb"},"inLanguage":"pt-BR","potentialAction":[{"@type":"ReadAction","target":["https:\/\/portalmaisagro.com\/?p=9962"]}]},{"@type":"ImageObject","inLanguage":"pt-BR","@id":"https:\/\/portalmaisagro.com\/?p=9962#primaryimage","url":"https:\/\/portalmaisagro.com\/wp-content\/uploads\/2026\/09\/f236253f-0a41-4de2-a1f0-91beb55cbbc5.jpeg","contentUrl":"https:\/\/portalmaisagro.com\/wp-content\/uploads\/2026\/09\/f236253f-0a41-4de2-a1f0-91beb55cbbc5.jpeg","width":768,"height":529},{"@type":"BreadcrumbList","@id":"https:\/\/portalmaisagro.com\/?p=9962#breadcrumb","itemListElement":[{"@type":"ListItem","position":1,"name":"In\u00edcio","item":"https:\/\/portalmaisagro.com\/"},{"@type":"ListItem","position":2,"name":"Conab abre edital para aquisi\u00e7\u00e3o de cestas de alimentos destinadas a fam\u00edlias ind\u00edgenas em situa\u00e7\u00e3o de inseguran\u00e7a alimentar e nutricional"}]},{"@type":"WebSite","@id":"https:\/\/portalmaisagro.com\/#website","url":"https:\/\/portalmaisagro.com\/","name":"MaisAgro","description":"O portal do agroneg\u00f3cio","publisher":{"@id":"https:\/\/portalmaisagro.com\/#organization"},"potentialAction":[{"@type":"SearchAction","target":{"@type":"EntryPoint","urlTemplate":"https:\/\/portalmaisagro.com\/?s={search_term_string}"},"query-input":{"@type":"PropertyValueSpecification","valueRequired":true,"valueName":"search_term_string"}}],"inLanguage":"pt-BR"},{"@type":"Organization","@id":"https:\/\/portalmaisagro.com\/#organization","name":"MaisAgro","url":"https:\/\/portalmaisagro.com\/","logo":{"@type":"ImageObject","inLanguage":"pt-BR","@id":"https:\/\/portalmaisagro.com\/#\/schema\/logo\/image\/","url":"https:\/\/portalmaisagro.com\/wp-content\/uploads\/2024\/11\/logo_oficial-e1749247575377.png","contentUrl":"https:\/\/portalmaisagro.com\/wp-content\/uploads\/2024\/11\/logo_oficial-e1749247575377.png","width":513,"height":107,"caption":"MaisAgro"},"image":{"@id":"https:\/\/portalmaisagro.com\/#\/schema\/logo\/image\/"},"sameAs":["https:\/\/www.facebook.com\/maisagroportal"]},{"@type":"Person","@id":"https:\/\/portalmaisagro.com\/#\/schema\/person\/ade0f16b5a3434e1ec47b1fbdb9b9318","name":"Taiane do Carmo","image":{"@type":"ImageObject","inLanguage":"pt-BR","@id":"https:\/\/portalmaisagro.com\/wp-content\/uploads\/2026\/04\/images.jpeg640e5d69297d7dd56cc39a10251ad7db","url":"https:\/\/portalmaisagro.com\/wp-content\/uploads\/2026\/04\/images.jpeg","contentUrl":"https:\/\/portalmaisagro.com\/wp-content\/uploads\/2026\/04\/images.jpeg","caption":"Taiane do Carmo"},"url":"https:\/\/portalmaisagro.com\/?author=10"}]}},"jetpack_publicize_connections":[],"authors":[],"_links":{"self":[{"href":"https:\/\/portalmaisagro.com\/index.php?rest_route=\/wp\/v2\/posts\/9962","targetHints":{"allow":["GET"]}}],"collection":[{"href":"https:\/\/portalmaisagro.com\/index.php?rest_route=\/wp\/v2\/posts"}],"about":[{"href":"https:\/\/portalmaisagro.com\/index.php?rest_route=\/wp\/v2\/types\/post"}],"author":[{"embeddable":true,"href":"https:\/\/portalmaisagro.com\/index.php?rest_route=\/wp\/v2\/users\/10"}],"replies":[{"embeddable":true,"href":"https:\/\/portalmaisagro.com\/index.php?rest_route=%2Fwp%2Fv2%2Fcomments&post=9962"}],"version-history":[{"count":1,"href":"https:\/\/portalmaisagro.com\/index.php?rest_route=\/wp\/v2\/posts\/9962\/revisions"}],"predecessor-version":[{"id":9964,"href":"https:\/\/portalmaisagro.com\/index.php?rest_route=\/wp\/v2\/posts\/9962\/revisions\/9964"}],"wp:attachment":[{"href":"https:\/\/portalmaisagro.com\/index.php?rest_route=%2Fwp%2Fv2%2Fmedia&parent=9962"}],"wp:term":[{"taxonomy":"category","embeddable":true,"href":"https:\/\/portalmaisagro.com\/index.php?rest_route=%2Fwp%2Fv2%2Fcategories&post=9962"},{"taxonomy":"post_tag","embeddable":true,"href":"https:\/\/portalmaisagro.com\/index.php?rest_route=%2Fwp%2Fv2%2Ftags&post=9962"}],"curies":[{"name":"wp","href":"https:\/\/api.w.org\/{rel}","templated":true}]}}