{"id":9959,"date":"2026-09-02T09:36:57","date_gmt":"2026-09-02T12:36:57","guid":{"rendered":"https:\/\/portalmaisagro.com\/?p=9959"},"modified":"2026-09-02T09:36:57","modified_gmt":"2026-09-02T12:36:57","slug":"cooperativas-discutem-estrategias-para-ganhar-competitividade-frente-ao-acordo-com-a-uniao-europeia","status":"publish","type":"post","link":"https:\/\/portalmaisagro.com\/?p=9959","title":{"rendered":"Cooperativas discutem estrat\u00e9gias para ganhar competitividade frente ao acordo com a Uni\u00e3o Europeia"},"content":{"rendered":"<p><img loading=\"lazy\" decoding=\"async\" class=\"alignnone  wp-image-9960\" src=\"https:\/\/portalmaisagro.com\/wp-content\/uploads\/2026\/09\/WhatsApp-Image-2026-09-02-at-08.11.31-1024x684.jpeg\" alt=\"\" width=\"1036\" height=\"693\" srcset=\"https:\/\/portalmaisagro.com\/wp-content\/uploads\/2026\/09\/WhatsApp-Image-2026-09-02-at-08.11.31-1024x684.jpeg 1024w, https:\/\/portalmaisagro.com\/wp-content\/uploads\/2026\/09\/WhatsApp-Image-2026-09-02-at-08.11.31-300x200.jpeg 300w, https:\/\/portalmaisagro.com\/wp-content\/uploads\/2026\/09\/WhatsApp-Image-2026-09-02-at-08.11.31-768x513.jpeg 768w, https:\/\/portalmaisagro.com\/wp-content\/uploads\/2026\/09\/WhatsApp-Image-2026-09-02-at-08.11.31-150x100.jpeg 150w, https:\/\/portalmaisagro.com\/wp-content\/uploads\/2026\/09\/WhatsApp-Image-2026-09-02-at-08.11.31.jpeg 1600w\" sizes=\"auto, (max-width: 1036px) 100vw, 1036px\" \/><\/p>\n<p><em>Tema foi pauta no Conex\u00e3o de Neg\u00f3cios, painel promovido pelo Sistema Ocergs na Casa do Cooperativismo na Expointer 2026<\/em><\/p>\n<p>As mudan\u00e7as impostas pelo Acordo Comercial Interino (ITA) entre Mercosul e Uni\u00e3o Europeia, que passou a valer em 1\u00ba de maio, exigir\u00e3o das cooperativas ga\u00fachas estrat\u00e9gias para enfrentar a maior concorr\u00eancia no mercado interno e, ao mesmo tempo, identificar oportunidades de acesso ao mercado europeu. A avalia\u00e7\u00e3o foi apresentada pela professora e pesquisadora da Universidade Federal do Rio Grande do Sul (UFRGS) Kelly Bruch durante o painel Conex\u00e3o de Neg\u00f3cios, promovido dia 31, numa segunda-feira, pelo Sistema Ocergs, na Casa do Cooperativismo da Expointer.<\/p>\n<p>Refer\u00eancia em propriedade intelectual, inova\u00e7\u00e3o e agroneg\u00f3cios, a palestrante abordou os desafios e oportunidades trazidos pelo acordo com foco nos produtos mais impactados: vinhos, carnes, arroz, queijos, leites e embutidos. O painel reuniu representantes de cooperativas interessadas em compreender como as mudan\u00e7as no ambiente comercial podem afetar seus neg\u00f3cios.<\/p>\n<p>\u201cVamos ter uma desgrava\u00e7\u00e3o tarif\u00e1ria, com redu\u00e7\u00e3o dos impostos de importa\u00e7\u00e3o em v\u00e1rios setores. As cooperativas precisam estar atentas e se preparar para uma concorr\u00eancia maior, porque produtos europeus poder\u00e3o chegar ao mercado brasileiro com a mesma tributa\u00e7\u00e3o e, em alguns casos, maior competitividade\u201d, explica Kelly.<\/p>\n<p>Ao mesmo tempo, a abertura pode criar oportunidades para produtos brasileiros no mercado europeu, desde que as cooperativas estejam preparadas para atender exig\u00eancias t\u00e9cnicas, sanit\u00e1rias, de certifica\u00e7\u00e3o e de posicionamento.<\/p>\n<p>\u201cAo mesmo tempo, a abertura de mercado traz uma oportunidade importante, e as cooperativas precisam investir em produtos de nicho e de maior valor agregado. O consumidor europeu valoriza produtos que carregam uma hist\u00f3ria, uma origem e uma coletividade, e esse \u00e9 um diferencial que o cooperativismo ga\u00facho pode explorar\u201d, acrescenta a pesquisadora.<\/p>\n<p>Um dos pontos destacados por Kelly foi a import\u00e2ncia da origem como elemento de diferencia\u00e7\u00e3o e gera\u00e7\u00e3o de valor. A prote\u00e7\u00e3o das indica\u00e7\u00f5es geogr\u00e1ficas e de origem previstas no acordo criam desafios para produtos brasileiros que utilizam determinadas denomina\u00e7\u00f5es europeias, mas tamb\u00e9m pode fortalecer a valoriza\u00e7\u00e3o de produtos brasileiros associados a uma origem reconhecida.<\/p>\n<p><strong>Identidade cooperativista como diferencial<\/strong><\/p>\n<p>Nesse contexto, a identidade cooperativista tamb\u00e9m pode ser utilizada como elemento de diferencia\u00e7\u00e3o. O carimbo SomosCoop, presente nas embalagens e na comunica\u00e7\u00e3o de produtos e servi\u00e7os de cooperativas, permite comunicar ao consumidor a origem cooperativista e os atributos associados a esse modelo de neg\u00f3cio.<\/p>\n<p>Para Kelly, o uso da marca pode ajudar as cooperativas a comunicar uma caracter\u00edstica que ganha relev\u00e2ncia diante da maior concorr\u00eancia internacional: a rela\u00e7\u00e3o entre produto, territ\u00f3rio e produtores.<\/p>\n<p>\u201cO carimbo \u00e9 uma op\u00e7\u00e3o interessante, especialmente se a gente aprender a divulgar para o consumidor o que ele significa. N\u00e3o \u00e9 uma empresa, \u00e9 uma cooperativa: s\u00e3o produtores que est\u00e3o juntos para fazer um produto que vai da casa deles para a casa do consumidor. Se soubermos comunicar isso, com certeza vai agregar muito valor\u201d, afirma.<\/p>\n<p>A professora tamb\u00e9m destacou que essa identidade pode contribuir para posicionar produtos cooperativos em mercados que valorizam produtos de nicho e com origem conhecida. No Rio <strong>Grande do Sul, cerca de 150 cooperativas j\u00e1 utilizam o carimbo SomosCoop.<\/strong><\/p>\n<p><strong>Sistema Ocergs prepara cooperativas para novas oportunidades<\/strong><\/p>\n<p>O debate sobre o acordo integra uma programa\u00e7\u00e3o voltada a antecipar tend\u00eancias e oferecer ferramentas para que as cooperativas ampliem sua competitividade.<\/p>\n<p>\u201cFaz parte da estrat\u00e9gia do Sistema Ocergs criar espa\u00e7os que estimulem o debate e antecipem discuss\u00f5es importantes para o cooperativismo. O Conex\u00e3o de Neg\u00f3cios cumpre esse papel ao aproximar as cooperativas de informa\u00e7\u00f5es, tend\u00eancias e oportunidades, contribuindo para que estejam mais preparadas diante das transforma\u00e7\u00f5es do mercado\u201d, afirma o presidente do Sistema Ocergs, Darci Hartmann.<\/p>\n<p>O painel tamb\u00e9m contou com a palestra de Marcelo Foga\u00e7a, fundador da Quarterback Trade &amp; Marketing, que abordou estrat\u00e9gias comerciais, parcerias e caminhos para ampliar a gera\u00e7\u00e3o de neg\u00f3cios.<\/p>\n<p>\u201cSe eu tirar pre\u00e7o e qualidade, o que me faz diferente do meu concorrente? Se um consumidor me escolher por pre\u00e7o, eu tenho convic\u00e7\u00e3o de que ele tamb\u00e9m vai me trocar por pre\u00e7o. Ent\u00e3o, eu preciso levar outras vari\u00e1veis para que ele realmente leve o meu produto para casa\u201d, defendeu Marcelo.<\/p>\n<p>A iniciativa integra a atua\u00e7\u00e3o do Sistema Ocergs na Casa do Cooperativismo durante a Expointer, que busca aproveitar a presen\u00e7a de diferentes p\u00fablicos e agentes do agroneg\u00f3cio na feira para ampliar conex\u00f5es e colocar o cooperativismo em contato com novas oportunidades de neg\u00f3cios.<\/p>\n<p>Texto: Sistema Ocergs<\/p>\n<p>Foto: Divulga\u00e7\u00e3o Ocergs<\/p>\n<p><img loading=\"lazy\" decoding=\"async\" class=\"alignnone  wp-image-9943\" src=\"https:\/\/portalmaisagro.com\/wp-content\/uploads\/2026\/09\/WhatsApp-Image-2026-08-11-at-10.28.27.jpeg\" alt=\"\" width=\"242\" height=\"318\" srcset=\"https:\/\/portalmaisagro.com\/wp-content\/uploads\/2026\/09\/WhatsApp-Image-2026-08-11-at-10.28.27.jpeg 298w, https:\/\/portalmaisagro.com\/wp-content\/uploads\/2026\/09\/WhatsApp-Image-2026-08-11-at-10.28.27-229x300.jpeg 229w, https:\/\/portalmaisagro.com\/wp-content\/uploads\/2026\/09\/WhatsApp-Image-2026-08-11-at-10.28.27-150x197.jpeg 150w\" sizes=\"auto, (max-width: 242px) 100vw, 242px\" \/><\/p>\n<p><a href=\"https:\/\/digital.agriculturafamiliar.agr.br\/pub\/agriculturafamiliar\/#page\/147\"><strong><em>Conte\u00fado exclusivo de empresas participantes do Anu\u00e1rio Brasileiro do Agroneg\u00f3cio e Agricultura Familiar \u2013 LEIA O ANU\u00c1RIO GRATUITAMENTE<\/em><\/strong><\/a><\/p>\n","protected":false},"excerpt":{"rendered":"<p>Tema foi pauta no Conex\u00e3o de Neg\u00f3cios, painel promovido pelo Sistema Ocergs na Casa do Cooperativismo na Expointer 2026 As mudan\u00e7as impostas pelo Acordo Comercial Interino (ITA) entre Mercosul e Uni\u00e3o Europeia, que passou a valer em 1\u00ba de maio, exigir\u00e3o das cooperativas ga\u00fachas estrat\u00e9gias para enfrentar a maior concorr\u00eancia&hellip;<\/p>\n","protected":false},"author":10,"featured_media":0,"comment_status":"closed","ping_status":"closed","sticky":false,"template":"","format":"standard","meta":{"footnotes":"","jetpack_publicize_message":"","jetpack_publicize_feature_enabled":true,"jetpack_social_post_already_shared":true,"jetpack_social_options":{"image_generator_settings":{"template":"highway","default_image_id":0,"font":"","enabled":false},"version":2},"_members_access_role":[],"_members_access_error":""},"categories":[131,167],"tags":[],"class_list":["post-9959","post","type-post","status-publish","format-standard","hentry","category-destaques","category-geral"],"yoast_head":"<!-- This site is optimized with the Yoast SEO plugin v28.1 - https:\/\/yoast.com\/product\/yoast-seo-wordpress\/ -->\n<title>Cooperativas discutem estrat\u00e9gias para ganhar competitividade frente ao acordo com a Uni\u00e3o Europeia - MaisAgro<\/title>\n<meta name=\"robots\" content=\"index, follow, max-snippet:-1, max-image-preview:large, max-video-preview:-1\" \/>\n<link rel=\"canonical\" href=\"https:\/\/portalmaisagro.com\/?p=9959\" \/>\n<meta property=\"og:locale\" content=\"pt_BR\" \/>\n<meta property=\"og:type\" content=\"article\" \/>\n<meta property=\"og:title\" content=\"Cooperativas discutem estrat\u00e9gias para ganhar competitividade frente ao acordo com a Uni\u00e3o Europeia - MaisAgro\" \/>\n<meta property=\"og:description\" content=\"Tema foi pauta no Conex\u00e3o de Neg\u00f3cios, painel promovido pelo Sistema Ocergs na Casa do Cooperativismo na Expointer 2026 As mudan\u00e7as impostas pelo Acordo Comercial Interino (ITA) entre Mercosul e Uni\u00e3o Europeia, que passou a valer em 1\u00ba de maio, exigir\u00e3o das cooperativas ga\u00fachas estrat\u00e9gias para enfrentar a maior concorr\u00eancia&hellip;\" \/>\n<meta property=\"og:url\" content=\"https:\/\/portalmaisagro.com\/?p=9959\" \/>\n<meta property=\"og:site_name\" content=\"MaisAgro\" \/>\n<meta property=\"article:publisher\" content=\"https:\/\/www.facebook.com\/maisagroportal\" \/>\n<meta property=\"article:published_time\" content=\"2026-09-02T12:36:57+00:00\" \/>\n<meta property=\"og:image\" content=\"https:\/\/portalmaisagro.com\/wp-content\/uploads\/2026\/09\/WhatsApp-Image-2026-09-02-at-08.11.31.jpeg\" \/>\n\t<meta property=\"og:image:width\" content=\"1600\" \/>\n\t<meta property=\"og:image:height\" content=\"1068\" \/>\n\t<meta property=\"og:image:type\" content=\"image\/jpeg\" \/>\n<meta name=\"author\" content=\"Taiane do Carmo\" \/>\n<meta name=\"twitter:card\" content=\"summary_large_image\" \/>\n<meta name=\"twitter:label1\" content=\"Escrito por\" \/>\n\t<meta name=\"twitter:data1\" content=\"Taiane do Carmo\" \/>\n\t<meta name=\"twitter:label2\" content=\"Est. tempo de leitura\" \/>\n\t<meta name=\"twitter:data2\" content=\"5 minutos\" \/>\n<script type=\"application\/ld+json\" class=\"yoast-schema-graph\">{\"@context\":\"https:\\\/\\\/schema.org\",\"@graph\":[{\"@type\":\"Article\",\"@id\":\"https:\\\/\\\/portalmaisagro.com\\\/?p=9959#article\",\"isPartOf\":{\"@id\":\"https:\\\/\\\/portalmaisagro.com\\\/?p=9959\"},\"author\":{\"name\":\"Taiane do Carmo\",\"@id\":\"https:\\\/\\\/portalmaisagro.com\\\/#\\\/schema\\\/person\\\/ade0f16b5a3434e1ec47b1fbdb9b9318\"},\"headline\":\"Cooperativas discutem estrat\u00e9gias para ganhar competitividade frente ao acordo com a Uni\u00e3o Europeia\",\"datePublished\":\"2026-09-02T12:36:57+00:00\",\"mainEntityOfPage\":{\"@id\":\"https:\\\/\\\/portalmaisagro.com\\\/?p=9959\"},\"wordCount\":831,\"publisher\":{\"@id\":\"https:\\\/\\\/portalmaisagro.com\\\/#organization\"},\"image\":{\"@id\":\"https:\\\/\\\/portalmaisagro.com\\\/?p=9959#primaryimage\"},\"thumbnailUrl\":\"https:\\\/\\\/portalmaisagro.com\\\/wp-content\\\/uploads\\\/2026\\\/09\\\/WhatsApp-Image-2026-09-02-at-08.11.31-1024x684.jpeg\",\"articleSection\":[\"DESTAQUES\",\"GERAL\"],\"inLanguage\":\"pt-BR\"},{\"@type\":\"WebPage\",\"@id\":\"https:\\\/\\\/portalmaisagro.com\\\/?p=9959\",\"url\":\"https:\\\/\\\/portalmaisagro.com\\\/?p=9959\",\"name\":\"Cooperativas discutem estrat\u00e9gias para ganhar competitividade frente ao acordo com a Uni\u00e3o Europeia - MaisAgro\",\"isPartOf\":{\"@id\":\"https:\\\/\\\/portalmaisagro.com\\\/#website\"},\"primaryImageOfPage\":{\"@id\":\"https:\\\/\\\/portalmaisagro.com\\\/?p=9959#primaryimage\"},\"image\":{\"@id\":\"https:\\\/\\\/portalmaisagro.com\\\/?p=9959#primaryimage\"},\"thumbnailUrl\":\"https:\\\/\\\/portalmaisagro.com\\\/wp-content\\\/uploads\\\/2026\\\/09\\\/WhatsApp-Image-2026-09-02-at-08.11.31-1024x684.jpeg\",\"datePublished\":\"2026-09-02T12:36:57+00:00\",\"breadcrumb\":{\"@id\":\"https:\\\/\\\/portalmaisagro.com\\\/?p=9959#breadcrumb\"},\"inLanguage\":\"pt-BR\",\"potentialAction\":[{\"@type\":\"ReadAction\",\"target\":[\"https:\\\/\\\/portalmaisagro.com\\\/?p=9959\"]}]},{\"@type\":\"ImageObject\",\"inLanguage\":\"pt-BR\",\"@id\":\"https:\\\/\\\/portalmaisagro.com\\\/?p=9959#primaryimage\",\"url\":\"https:\\\/\\\/portalmaisagro.com\\\/wp-content\\\/uploads\\\/2026\\\/09\\\/WhatsApp-Image-2026-09-02-at-08.11.31.jpeg\",\"contentUrl\":\"https:\\\/\\\/portalmaisagro.com\\\/wp-content\\\/uploads\\\/2026\\\/09\\\/WhatsApp-Image-2026-09-02-at-08.11.31.jpeg\",\"width\":1600,\"height\":1068},{\"@type\":\"BreadcrumbList\",\"@id\":\"https:\\\/\\\/portalmaisagro.com\\\/?p=9959#breadcrumb\",\"itemListElement\":[{\"@type\":\"ListItem\",\"position\":1,\"name\":\"In\u00edcio\",\"item\":\"https:\\\/\\\/portalmaisagro.com\\\/\"},{\"@type\":\"ListItem\",\"position\":2,\"name\":\"Cooperativas discutem estrat\u00e9gias para ganhar competitividade frente ao acordo com a Uni\u00e3o Europeia\"}]},{\"@type\":\"WebSite\",\"@id\":\"https:\\\/\\\/portalmaisagro.com\\\/#website\",\"url\":\"https:\\\/\\\/portalmaisagro.com\\\/\",\"name\":\"MaisAgro\",\"description\":\"O portal do agroneg\u00f3cio\",\"publisher\":{\"@id\":\"https:\\\/\\\/portalmaisagro.com\\\/#organization\"},\"potentialAction\":[{\"@type\":\"SearchAction\",\"target\":{\"@type\":\"EntryPoint\",\"urlTemplate\":\"https:\\\/\\\/portalmaisagro.com\\\/?s={search_term_string}\"},\"query-input\":{\"@type\":\"PropertyValueSpecification\",\"valueRequired\":true,\"valueName\":\"search_term_string\"}}],\"inLanguage\":\"pt-BR\"},{\"@type\":\"Organization\",\"@id\":\"https:\\\/\\\/portalmaisagro.com\\\/#organization\",\"name\":\"MaisAgro\",\"url\":\"https:\\\/\\\/portalmaisagro.com\\\/\",\"logo\":{\"@type\":\"ImageObject\",\"inLanguage\":\"pt-BR\",\"@id\":\"https:\\\/\\\/portalmaisagro.com\\\/#\\\/schema\\\/logo\\\/image\\\/\",\"url\":\"https:\\\/\\\/portalmaisagro.com\\\/wp-content\\\/uploads\\\/2024\\\/11\\\/logo_oficial-e1749247575377.png\",\"contentUrl\":\"https:\\\/\\\/portalmaisagro.com\\\/wp-content\\\/uploads\\\/2024\\\/11\\\/logo_oficial-e1749247575377.png\",\"width\":513,\"height\":107,\"caption\":\"MaisAgro\"},\"image\":{\"@id\":\"https:\\\/\\\/portalmaisagro.com\\\/#\\\/schema\\\/logo\\\/image\\\/\"},\"sameAs\":[\"https:\\\/\\\/www.facebook.com\\\/maisagroportal\"]},{\"@type\":\"Person\",\"@id\":\"https:\\\/\\\/portalmaisagro.com\\\/#\\\/schema\\\/person\\\/ade0f16b5a3434e1ec47b1fbdb9b9318\",\"name\":\"Taiane do Carmo\",\"image\":{\"@type\":\"ImageObject\",\"inLanguage\":\"pt-BR\",\"@id\":\"https:\\\/\\\/portalmaisagro.com\\\/wp-content\\\/uploads\\\/2026\\\/04\\\/images.jpeg640e5d69297d7dd56cc39a10251ad7db\",\"url\":\"https:\\\/\\\/portalmaisagro.com\\\/wp-content\\\/uploads\\\/2026\\\/04\\\/images.jpeg\",\"contentUrl\":\"https:\\\/\\\/portalmaisagro.com\\\/wp-content\\\/uploads\\\/2026\\\/04\\\/images.jpeg\",\"caption\":\"Taiane do Carmo\"},\"url\":\"https:\\\/\\\/portalmaisagro.com\\\/?author=10\"}]}<\/script>\n<!-- \/ Yoast SEO plugin. -->","yoast_head_json":{"title":"Cooperativas discutem estrat\u00e9gias para ganhar competitividade frente ao acordo com a Uni\u00e3o Europeia - MaisAgro","robots":{"index":"index","follow":"follow","max-snippet":"max-snippet:-1","max-image-preview":"max-image-preview:large","max-video-preview":"max-video-preview:-1"},"canonical":"https:\/\/portalmaisagro.com\/?p=9959","og_locale":"pt_BR","og_type":"article","og_title":"Cooperativas discutem estrat\u00e9gias para ganhar competitividade frente ao acordo com a Uni\u00e3o Europeia - MaisAgro","og_description":"Tema foi pauta no Conex\u00e3o de Neg\u00f3cios, painel promovido pelo Sistema Ocergs na Casa do Cooperativismo na Expointer 2026 As mudan\u00e7as impostas pelo Acordo Comercial Interino (ITA) entre Mercosul e Uni\u00e3o Europeia, que passou a valer em 1\u00ba de maio, exigir\u00e3o das cooperativas ga\u00fachas estrat\u00e9gias para enfrentar a maior concorr\u00eancia&hellip;","og_url":"https:\/\/portalmaisagro.com\/?p=9959","og_site_name":"MaisAgro","article_publisher":"https:\/\/www.facebook.com\/maisagroportal","article_published_time":"2026-09-02T12:36:57+00:00","og_image":[{"width":1600,"height":1068,"url":"https:\/\/portalmaisagro.com\/wp-content\/uploads\/2026\/09\/WhatsApp-Image-2026-09-02-at-08.11.31.jpeg","type":"image\/jpeg"}],"author":"Taiane do Carmo","twitter_card":"summary_large_image","twitter_misc":{"Escrito por":"Taiane do Carmo","Est. tempo de leitura":"5 minutos"},"schema":{"@context":"https:\/\/schema.org","@graph":[{"@type":"Article","@id":"https:\/\/portalmaisagro.com\/?p=9959#article","isPartOf":{"@id":"https:\/\/portalmaisagro.com\/?p=9959"},"author":{"name":"Taiane do Carmo","@id":"https:\/\/portalmaisagro.com\/#\/schema\/person\/ade0f16b5a3434e1ec47b1fbdb9b9318"},"headline":"Cooperativas discutem estrat\u00e9gias para ganhar competitividade frente ao acordo com a Uni\u00e3o Europeia","datePublished":"2026-09-02T12:36:57+00:00","mainEntityOfPage":{"@id":"https:\/\/portalmaisagro.com\/?p=9959"},"wordCount":831,"publisher":{"@id":"https:\/\/portalmaisagro.com\/#organization"},"image":{"@id":"https:\/\/portalmaisagro.com\/?p=9959#primaryimage"},"thumbnailUrl":"https:\/\/portalmaisagro.com\/wp-content\/uploads\/2026\/09\/WhatsApp-Image-2026-09-02-at-08.11.31-1024x684.jpeg","articleSection":["DESTAQUES","GERAL"],"inLanguage":"pt-BR"},{"@type":"WebPage","@id":"https:\/\/portalmaisagro.com\/?p=9959","url":"https:\/\/portalmaisagro.com\/?p=9959","name":"Cooperativas discutem estrat\u00e9gias para ganhar competitividade frente ao acordo com a Uni\u00e3o Europeia - MaisAgro","isPartOf":{"@id":"https:\/\/portalmaisagro.com\/#website"},"primaryImageOfPage":{"@id":"https:\/\/portalmaisagro.com\/?p=9959#primaryimage"},"image":{"@id":"https:\/\/portalmaisagro.com\/?p=9959#primaryimage"},"thumbnailUrl":"https:\/\/portalmaisagro.com\/wp-content\/uploads\/2026\/09\/WhatsApp-Image-2026-09-02-at-08.11.31-1024x684.jpeg","datePublished":"2026-09-02T12:36:57+00:00","breadcrumb":{"@id":"https:\/\/portalmaisagro.com\/?p=9959#breadcrumb"},"inLanguage":"pt-BR","potentialAction":[{"@type":"ReadAction","target":["https:\/\/portalmaisagro.com\/?p=9959"]}]},{"@type":"ImageObject","inLanguage":"pt-BR","@id":"https:\/\/portalmaisagro.com\/?p=9959#primaryimage","url":"https:\/\/portalmaisagro.com\/wp-content\/uploads\/2026\/09\/WhatsApp-Image-2026-09-02-at-08.11.31.jpeg","contentUrl":"https:\/\/portalmaisagro.com\/wp-content\/uploads\/2026\/09\/WhatsApp-Image-2026-09-02-at-08.11.31.jpeg","width":1600,"height":1068},{"@type":"BreadcrumbList","@id":"https:\/\/portalmaisagro.com\/?p=9959#breadcrumb","itemListElement":[{"@type":"ListItem","position":1,"name":"In\u00edcio","item":"https:\/\/portalmaisagro.com\/"},{"@type":"ListItem","position":2,"name":"Cooperativas discutem estrat\u00e9gias para ganhar competitividade frente ao acordo com a Uni\u00e3o Europeia"}]},{"@type":"WebSite","@id":"https:\/\/portalmaisagro.com\/#website","url":"https:\/\/portalmaisagro.com\/","name":"MaisAgro","description":"O portal do agroneg\u00f3cio","publisher":{"@id":"https:\/\/portalmaisagro.com\/#organization"},"potentialAction":[{"@type":"SearchAction","target":{"@type":"EntryPoint","urlTemplate":"https:\/\/portalmaisagro.com\/?s={search_term_string}"},"query-input":{"@type":"PropertyValueSpecification","valueRequired":true,"valueName":"search_term_string"}}],"inLanguage":"pt-BR"},{"@type":"Organization","@id":"https:\/\/portalmaisagro.com\/#organization","name":"MaisAgro","url":"https:\/\/portalmaisagro.com\/","logo":{"@type":"ImageObject","inLanguage":"pt-BR","@id":"https:\/\/portalmaisagro.com\/#\/schema\/logo\/image\/","url":"https:\/\/portalmaisagro.com\/wp-content\/uploads\/2024\/11\/logo_oficial-e1749247575377.png","contentUrl":"https:\/\/portalmaisagro.com\/wp-content\/uploads\/2024\/11\/logo_oficial-e1749247575377.png","width":513,"height":107,"caption":"MaisAgro"},"image":{"@id":"https:\/\/portalmaisagro.com\/#\/schema\/logo\/image\/"},"sameAs":["https:\/\/www.facebook.com\/maisagroportal"]},{"@type":"Person","@id":"https:\/\/portalmaisagro.com\/#\/schema\/person\/ade0f16b5a3434e1ec47b1fbdb9b9318","name":"Taiane do Carmo","image":{"@type":"ImageObject","inLanguage":"pt-BR","@id":"https:\/\/portalmaisagro.com\/wp-content\/uploads\/2026\/04\/images.jpeg640e5d69297d7dd56cc39a10251ad7db","url":"https:\/\/portalmaisagro.com\/wp-content\/uploads\/2026\/04\/images.jpeg","contentUrl":"https:\/\/portalmaisagro.com\/wp-content\/uploads\/2026\/04\/images.jpeg","caption":"Taiane do Carmo"},"url":"https:\/\/portalmaisagro.com\/?author=10"}]}},"jetpack_publicize_connections":[],"authors":[],"_links":{"self":[{"href":"https:\/\/portalmaisagro.com\/index.php?rest_route=\/wp\/v2\/posts\/9959","targetHints":{"allow":["GET"]}}],"collection":[{"href":"https:\/\/portalmaisagro.com\/index.php?rest_route=\/wp\/v2\/posts"}],"about":[{"href":"https:\/\/portalmaisagro.com\/index.php?rest_route=\/wp\/v2\/types\/post"}],"author":[{"embeddable":true,"href":"https:\/\/portalmaisagro.com\/index.php?rest_route=\/wp\/v2\/users\/10"}],"replies":[{"embeddable":true,"href":"https:\/\/portalmaisagro.com\/index.php?rest_route=%2Fwp%2Fv2%2Fcomments&post=9959"}],"version-history":[{"count":1,"href":"https:\/\/portalmaisagro.com\/index.php?rest_route=\/wp\/v2\/posts\/9959\/revisions"}],"predecessor-version":[{"id":9961,"href":"https:\/\/portalmaisagro.com\/index.php?rest_route=\/wp\/v2\/posts\/9959\/revisions\/9961"}],"wp:attachment":[{"href":"https:\/\/portalmaisagro.com\/index.php?rest_route=%2Fwp%2Fv2%2Fmedia&parent=9959"}],"wp:term":[{"taxonomy":"category","embeddable":true,"href":"https:\/\/portalmaisagro.com\/index.php?rest_route=%2Fwp%2Fv2%2Fcategories&post=9959"},{"taxonomy":"post_tag","embeddable":true,"href":"https:\/\/portalmaisagro.com\/index.php?rest_route=%2Fwp%2Fv2%2Ftags&post=9959"}],"curies":[{"name":"wp","href":"https:\/\/api.w.org\/{rel}","templated":true}]}}