{"id":9957,"date":"2026-09-02T09:23:43","date_gmt":"2026-09-02T12:23:43","guid":{"rendered":"https:\/\/portalmaisagro.com\/?p=9957"},"modified":"2026-09-02T10:50:48","modified_gmt":"2026-09-02T13:50:48","slug":"produtores-rurais-terao-novo-certificado-para-cadastro-de-plantios-florestais","status":"publish","type":"post","link":"https:\/\/portalmaisagro.com\/?p=9957","title":{"rendered":"Produtores rurais ter\u00e3o novo certificado para cadastro de plantios florestais"},"content":{"rendered":"<p><img loading=\"lazy\" decoding=\"async\" class=\" wp-image-9976\" src=\"https:\/\/portalmaisagro.com\/wp-content\/uploads\/2026\/09\/dense-forest-canopy-from-above-in-daytime-2026-03-17-01-36-17-utc-1-1024x575.jpg\" alt=\"\" width=\"1036\" height=\"581\" srcset=\"https:\/\/portalmaisagro.com\/wp-content\/uploads\/2026\/09\/dense-forest-canopy-from-above-in-daytime-2026-03-17-01-36-17-utc-1-1024x575.jpg 1024w, https:\/\/portalmaisagro.com\/wp-content\/uploads\/2026\/09\/dense-forest-canopy-from-above-in-daytime-2026-03-17-01-36-17-utc-1-300x169.jpg 300w, https:\/\/portalmaisagro.com\/wp-content\/uploads\/2026\/09\/dense-forest-canopy-from-above-in-daytime-2026-03-17-01-36-17-utc-1-768x432.jpg 768w, https:\/\/portalmaisagro.com\/wp-content\/uploads\/2026\/09\/dense-forest-canopy-from-above-in-daytime-2026-03-17-01-36-17-utc-1-1536x863.jpg 1536w, https:\/\/portalmaisagro.com\/wp-content\/uploads\/2026\/09\/dense-forest-canopy-from-above-in-daytime-2026-03-17-01-36-17-utc-1-2048x1151.jpg 2048w, https:\/\/portalmaisagro.com\/wp-content\/uploads\/2026\/09\/dense-forest-canopy-from-above-in-daytime-2026-03-17-01-36-17-utc-1-150x84.jpg 150w\" sizes=\"auto, (max-width: 1036px) 100vw, 1036px\" \/><\/p>\n<p><em>Documento eletr\u00f4nico teve a instru\u00e7\u00e3o normativa assinada na 49a Expointer<\/em><\/p>\n<p style=\"text-align: justify\">Produtores rurais que possuem ou pretendem desenvolver plantios florestais no Rio Grande do Sul passar\u00e3o a contar com um novo procedimento para o cadastro da atividade.\u00a0A\u00a0Instru\u00e7\u00e3o Normativa Conjunta n\u00ba 001\/2026, que institui o Certificado de Cadastro da Atividade de Silvicultura (CCAS) e estabelece as regras para o cadastramento de florestas plantadas no Estado\u00a0foi assinada\u00a0nesta ter\u00e7a-feira (1), na Expointer.<\/p>\n<p style=\"text-align: justify\">O CCAS ser\u00e1\u00a0feito\u00a0por meio do Sistema Online de Licenciamento Ambiental (SOL), ap\u00f3s an\u00e1lise da Fepam sobre a localiza\u00e7\u00e3o do plantio e sua conformidade com o Zoneamento Ambiental da Silvicultura (ZAS). Para solicitar o certificado, o produtor dever\u00e1 informar dados como localiza\u00e7\u00e3o, \u00e1rea, esp\u00e9cies e finalidade do plantio, ano de implanta\u00e7\u00e3o e n\u00famero do Cadastro Ambiental Rural (CAR). O certificado ter\u00e1 validade de\u00a0dez\u00a0anos.<\/p>\n<p style=\"text-align: justify\">O novo procedimento estabelece ainda prazo de dois anos para o cadastramento dos plantios j\u00e1 existentes. O CCAS poder\u00e1 ser utilizado para comprovar a regularidade do cadastro em pol\u00edticas p\u00fablicas, institui\u00e7\u00f5es financeiras, certifica\u00e7\u00f5es e outros instrumentos de apoio \u00e0 atividade. O documento n\u00e3o substitui licen\u00e7as, autoriza\u00e7\u00f5es ambientais ou a autoriza\u00e7\u00e3o espec\u00edfica para supress\u00e3o de vegeta\u00e7\u00e3o nativa exigidas pela legisla\u00e7\u00e3o.<\/p>\n<p style=\"text-align: justify\">\u00a0Acesso ao Sistema Online\u00a0de Licenciamento Ambiental (SOL)\u00a0<a href=\"https:\/\/secweb.procergs.com.br\/sra\/\">neste<\/a><a href=\"https:\/\/secweb.procergs.com.br\/sra\/\"> link<\/a><\/p>\n<p>Texto: <span class=\"TextRun SCXW157263549 BCX8\" lang=\"pt-br\" xml:lang=\"pt-br\"><span class=\"NormalTextRun SCXW157263549 BCX8\">Cassiano<\/span><\/span><span class=\"TextRun SCXW157263549 BCX8\" lang=\"pt-br\" xml:lang=\"pt-br\"><span class=\"NormalTextRun SCXW157263549 BCX8\"> C<\/span><\/span><span class=\"TextRun SCXW157263549 BCX8\" lang=\"pt-br\" xml:lang=\"pt-br\"><span class=\"NormalTextRun SCXW157263549 BCX8\">avalheiro<\/span><\/span><span class=\"TextRun SCXW157263549 BCX8\" lang=\"pt-br\" xml:lang=\"pt-br\"><span class=\"NormalTextRun SCXW157263549 BCX8\">\/<\/span><\/span><em><span class=\"TextRun SCXW157263549 BCX8\" lang=\"pt-br\" xml:lang=\"pt-br\"><span class=\"NormalTextRun SCXW157263549 BCX8\"> Ascom<\/span><\/span><\/em><span class=\"TextRun SCXW157263549 BCX8\" lang=\"pt-br\" xml:lang=\"pt-br\"><span class=\"NormalTextRun SCXW157263549 BCX8\"> Fepam<\/span><\/span><\/p>\n<p>Foto: Johnstocker<\/p>\n<p><img loading=\"lazy\" decoding=\"async\" class=\"alignnone wp-image-9943\" src=\"https:\/\/portalmaisagro.com\/wp-content\/uploads\/2026\/09\/WhatsApp-Image-2026-08-11-at-10.28.27.jpeg\" alt=\"\" width=\"242\" height=\"318\" srcset=\"https:\/\/portalmaisagro.com\/wp-content\/uploads\/2026\/09\/WhatsApp-Image-2026-08-11-at-10.28.27.jpeg 298w, https:\/\/portalmaisagro.com\/wp-content\/uploads\/2026\/09\/WhatsApp-Image-2026-08-11-at-10.28.27-229x300.jpeg 229w, https:\/\/portalmaisagro.com\/wp-content\/uploads\/2026\/09\/WhatsApp-Image-2026-08-11-at-10.28.27-150x197.jpeg 150w\" sizes=\"auto, (max-width: 242px) 100vw, 242px\" \/><\/p>\n<p><a href=\"https:\/\/digital.agriculturafamiliar.agr.br\/pub\/agriculturafamiliar\/#page\/147\"><strong><em>Conte\u00fado exclusivo de empresas participantes do Anu\u00e1rio Brasileiro do Agroneg\u00f3cio e Agricultura Familiar \u2013 LEIA O ANU\u00c1RIO GRATUITAMENTE<\/em><\/strong><\/a><\/p>\n","protected":false},"excerpt":{"rendered":"<p>Documento eletr\u00f4nico teve a instru\u00e7\u00e3o normativa assinada na 49a Expointer Produtores rurais que possuem ou pretendem desenvolver plantios florestais no Rio Grande do Sul passar\u00e3o a contar com um novo procedimento para o cadastro da atividade.\u00a0A\u00a0Instru\u00e7\u00e3o Normativa Conjunta n\u00ba 001\/2026, que institui o Certificado de Cadastro da Atividade de Silvicultura&hellip;<\/p>\n","protected":false},"author":10,"featured_media":0,"comment_status":"closed","ping_status":"closed","sticky":false,"template":"","format":"standard","meta":{"footnotes":"","jetpack_publicize_message":"","jetpack_publicize_feature_enabled":true,"jetpack_social_post_already_shared":true,"jetpack_social_options":{"image_generator_settings":{"template":"highway","default_image_id":0,"font":"","enabled":false},"version":2},"_members_access_role":[],"_members_access_error":""},"categories":[131,230],"tags":[],"class_list":["post-9957","post","type-post","status-publish","format-standard","hentry","category-destaques","category-feiras-2"],"yoast_head":"<!-- This site is optimized with the Yoast SEO plugin v28.1 - https:\/\/yoast.com\/product\/yoast-seo-wordpress\/ -->\n<title>Produtores rurais ter\u00e3o novo certificado para cadastro de plantios florestais - MaisAgro<\/title>\n<meta name=\"robots\" content=\"index, follow, max-snippet:-1, max-image-preview:large, max-video-preview:-1\" \/>\n<link rel=\"canonical\" href=\"https:\/\/portalmaisagro.com\/?p=9957\" \/>\n<meta property=\"og:locale\" content=\"pt_BR\" \/>\n<meta property=\"og:type\" content=\"article\" \/>\n<meta property=\"og:title\" content=\"Produtores rurais ter\u00e3o novo certificado para cadastro de plantios florestais - MaisAgro\" \/>\n<meta property=\"og:description\" content=\"Documento eletr\u00f4nico teve a instru\u00e7\u00e3o normativa assinada na 49a Expointer Produtores rurais que possuem ou pretendem desenvolver plantios florestais no Rio Grande do Sul passar\u00e3o a contar com um novo procedimento para o cadastro da atividade.\u00a0A\u00a0Instru\u00e7\u00e3o Normativa Conjunta n\u00ba 001\/2026, que institui o Certificado de Cadastro da Atividade de Silvicultura&hellip;\" \/>\n<meta property=\"og:url\" content=\"https:\/\/portalmaisagro.com\/?p=9957\" \/>\n<meta property=\"og:site_name\" content=\"MaisAgro\" \/>\n<meta property=\"article:publisher\" content=\"https:\/\/www.facebook.com\/maisagroportal\" \/>\n<meta property=\"article:published_time\" content=\"2026-09-02T12:23:43+00:00\" \/>\n<meta property=\"article:modified_time\" content=\"2026-09-02T13:50:48+00:00\" \/>\n<meta property=\"og:image\" content=\"https:\/\/portalmaisagro.com\/wp-content\/uploads\/2026\/09\/dense-forest-canopy-from-above-in-daytime-2026-03-17-01-36-17-utc-1-scaled.jpg\" \/>\n\t<meta property=\"og:image:width\" content=\"2560\" \/>\n\t<meta property=\"og:image:height\" content=\"1438\" \/>\n\t<meta property=\"og:image:type\" content=\"image\/jpeg\" \/>\n<meta name=\"author\" content=\"Taiane do Carmo\" \/>\n<meta name=\"twitter:card\" content=\"summary_large_image\" \/>\n<meta name=\"twitter:label1\" content=\"Escrito por\" \/>\n\t<meta name=\"twitter:data1\" content=\"Taiane do Carmo\" \/>\n\t<meta name=\"twitter:label2\" content=\"Est. tempo de leitura\" \/>\n\t<meta name=\"twitter:data2\" content=\"2 minutos\" \/>\n<script type=\"application\/ld+json\" class=\"yoast-schema-graph\">{\"@context\":\"https:\\\/\\\/schema.org\",\"@graph\":[{\"@type\":\"Article\",\"@id\":\"https:\\\/\\\/portalmaisagro.com\\\/?p=9957#article\",\"isPartOf\":{\"@id\":\"https:\\\/\\\/portalmaisagro.com\\\/?p=9957\"},\"author\":{\"name\":\"Taiane do Carmo\",\"@id\":\"https:\\\/\\\/portalmaisagro.com\\\/#\\\/schema\\\/person\\\/ade0f16b5a3434e1ec47b1fbdb9b9318\"},\"headline\":\"Produtores rurais ter\u00e3o novo certificado para cadastro de plantios florestais\",\"datePublished\":\"2026-09-02T12:23:43+00:00\",\"dateModified\":\"2026-09-02T13:50:48+00:00\",\"mainEntityOfPage\":{\"@id\":\"https:\\\/\\\/portalmaisagro.com\\\/?p=9957\"},\"wordCount\":268,\"publisher\":{\"@id\":\"https:\\\/\\\/portalmaisagro.com\\\/#organization\"},\"image\":{\"@id\":\"https:\\\/\\\/portalmaisagro.com\\\/?p=9957#primaryimage\"},\"thumbnailUrl\":\"https:\\\/\\\/portalmaisagro.com\\\/wp-content\\\/uploads\\\/2026\\\/09\\\/dense-forest-canopy-from-above-in-daytime-2026-03-17-01-36-17-utc-1-1024x575.jpg\",\"articleSection\":[\"DESTAQUES\",\"FEIRAS\"],\"inLanguage\":\"pt-BR\"},{\"@type\":\"WebPage\",\"@id\":\"https:\\\/\\\/portalmaisagro.com\\\/?p=9957\",\"url\":\"https:\\\/\\\/portalmaisagro.com\\\/?p=9957\",\"name\":\"Produtores rurais ter\u00e3o novo certificado para cadastro de plantios florestais - MaisAgro\",\"isPartOf\":{\"@id\":\"https:\\\/\\\/portalmaisagro.com\\\/#website\"},\"primaryImageOfPage\":{\"@id\":\"https:\\\/\\\/portalmaisagro.com\\\/?p=9957#primaryimage\"},\"image\":{\"@id\":\"https:\\\/\\\/portalmaisagro.com\\\/?p=9957#primaryimage\"},\"thumbnailUrl\":\"https:\\\/\\\/portalmaisagro.com\\\/wp-content\\\/uploads\\\/2026\\\/09\\\/dense-forest-canopy-from-above-in-daytime-2026-03-17-01-36-17-utc-1-1024x575.jpg\",\"datePublished\":\"2026-09-02T12:23:43+00:00\",\"dateModified\":\"2026-09-02T13:50:48+00:00\",\"breadcrumb\":{\"@id\":\"https:\\\/\\\/portalmaisagro.com\\\/?p=9957#breadcrumb\"},\"inLanguage\":\"pt-BR\",\"potentialAction\":[{\"@type\":\"ReadAction\",\"target\":[\"https:\\\/\\\/portalmaisagro.com\\\/?p=9957\"]}]},{\"@type\":\"ImageObject\",\"inLanguage\":\"pt-BR\",\"@id\":\"https:\\\/\\\/portalmaisagro.com\\\/?p=9957#primaryimage\",\"url\":\"https:\\\/\\\/portalmaisagro.com\\\/wp-content\\\/uploads\\\/2026\\\/09\\\/dense-forest-canopy-from-above-in-daytime-2026-03-17-01-36-17-utc-1-scaled.jpg\",\"contentUrl\":\"https:\\\/\\\/portalmaisagro.com\\\/wp-content\\\/uploads\\\/2026\\\/09\\\/dense-forest-canopy-from-above-in-daytime-2026-03-17-01-36-17-utc-1-scaled.jpg\",\"width\":2560,\"height\":1438,\"caption\":\"Aerial view of green tree forest\"},{\"@type\":\"BreadcrumbList\",\"@id\":\"https:\\\/\\\/portalmaisagro.com\\\/?p=9957#breadcrumb\",\"itemListElement\":[{\"@type\":\"ListItem\",\"position\":1,\"name\":\"In\u00edcio\",\"item\":\"https:\\\/\\\/portalmaisagro.com\\\/\"},{\"@type\":\"ListItem\",\"position\":2,\"name\":\"Produtores rurais ter\u00e3o novo certificado para cadastro de plantios florestais\"}]},{\"@type\":\"WebSite\",\"@id\":\"https:\\\/\\\/portalmaisagro.com\\\/#website\",\"url\":\"https:\\\/\\\/portalmaisagro.com\\\/\",\"name\":\"MaisAgro\",\"description\":\"O portal do agroneg\u00f3cio\",\"publisher\":{\"@id\":\"https:\\\/\\\/portalmaisagro.com\\\/#organization\"},\"potentialAction\":[{\"@type\":\"SearchAction\",\"target\":{\"@type\":\"EntryPoint\",\"urlTemplate\":\"https:\\\/\\\/portalmaisagro.com\\\/?s={search_term_string}\"},\"query-input\":{\"@type\":\"PropertyValueSpecification\",\"valueRequired\":true,\"valueName\":\"search_term_string\"}}],\"inLanguage\":\"pt-BR\"},{\"@type\":\"Organization\",\"@id\":\"https:\\\/\\\/portalmaisagro.com\\\/#organization\",\"name\":\"MaisAgro\",\"url\":\"https:\\\/\\\/portalmaisagro.com\\\/\",\"logo\":{\"@type\":\"ImageObject\",\"inLanguage\":\"pt-BR\",\"@id\":\"https:\\\/\\\/portalmaisagro.com\\\/#\\\/schema\\\/logo\\\/image\\\/\",\"url\":\"https:\\\/\\\/portalmaisagro.com\\\/wp-content\\\/uploads\\\/2024\\\/11\\\/logo_oficial-e1749247575377.png\",\"contentUrl\":\"https:\\\/\\\/portalmaisagro.com\\\/wp-content\\\/uploads\\\/2024\\\/11\\\/logo_oficial-e1749247575377.png\",\"width\":513,\"height\":107,\"caption\":\"MaisAgro\"},\"image\":{\"@id\":\"https:\\\/\\\/portalmaisagro.com\\\/#\\\/schema\\\/logo\\\/image\\\/\"},\"sameAs\":[\"https:\\\/\\\/www.facebook.com\\\/maisagroportal\"]},{\"@type\":\"Person\",\"@id\":\"https:\\\/\\\/portalmaisagro.com\\\/#\\\/schema\\\/person\\\/ade0f16b5a3434e1ec47b1fbdb9b9318\",\"name\":\"Taiane do Carmo\",\"image\":{\"@type\":\"ImageObject\",\"inLanguage\":\"pt-BR\",\"@id\":\"https:\\\/\\\/portalmaisagro.com\\\/wp-content\\\/uploads\\\/2026\\\/04\\\/images.jpeg640e5d69297d7dd56cc39a10251ad7db\",\"url\":\"https:\\\/\\\/portalmaisagro.com\\\/wp-content\\\/uploads\\\/2026\\\/04\\\/images.jpeg\",\"contentUrl\":\"https:\\\/\\\/portalmaisagro.com\\\/wp-content\\\/uploads\\\/2026\\\/04\\\/images.jpeg\",\"caption\":\"Taiane do Carmo\"},\"url\":\"https:\\\/\\\/portalmaisagro.com\\\/?author=10\"}]}<\/script>\n<!-- \/ Yoast SEO plugin. -->","yoast_head_json":{"title":"Produtores rurais ter\u00e3o novo certificado para cadastro de plantios florestais - MaisAgro","robots":{"index":"index","follow":"follow","max-snippet":"max-snippet:-1","max-image-preview":"max-image-preview:large","max-video-preview":"max-video-preview:-1"},"canonical":"https:\/\/portalmaisagro.com\/?p=9957","og_locale":"pt_BR","og_type":"article","og_title":"Produtores rurais ter\u00e3o novo certificado para cadastro de plantios florestais - MaisAgro","og_description":"Documento eletr\u00f4nico teve a instru\u00e7\u00e3o normativa assinada na 49a Expointer Produtores rurais que possuem ou pretendem desenvolver plantios florestais no Rio Grande do Sul passar\u00e3o a contar com um novo procedimento para o cadastro da atividade.\u00a0A\u00a0Instru\u00e7\u00e3o Normativa Conjunta n\u00ba 001\/2026, que institui o Certificado de Cadastro da Atividade de Silvicultura&hellip;","og_url":"https:\/\/portalmaisagro.com\/?p=9957","og_site_name":"MaisAgro","article_publisher":"https:\/\/www.facebook.com\/maisagroportal","article_published_time":"2026-09-02T12:23:43+00:00","article_modified_time":"2026-09-02T13:50:48+00:00","og_image":[{"width":2560,"height":1438,"url":"https:\/\/portalmaisagro.com\/wp-content\/uploads\/2026\/09\/dense-forest-canopy-from-above-in-daytime-2026-03-17-01-36-17-utc-1-scaled.jpg","type":"image\/jpeg"}],"author":"Taiane do Carmo","twitter_card":"summary_large_image","twitter_misc":{"Escrito por":"Taiane do Carmo","Est. tempo de leitura":"2 minutos"},"schema":{"@context":"https:\/\/schema.org","@graph":[{"@type":"Article","@id":"https:\/\/portalmaisagro.com\/?p=9957#article","isPartOf":{"@id":"https:\/\/portalmaisagro.com\/?p=9957"},"author":{"name":"Taiane do Carmo","@id":"https:\/\/portalmaisagro.com\/#\/schema\/person\/ade0f16b5a3434e1ec47b1fbdb9b9318"},"headline":"Produtores rurais ter\u00e3o novo certificado para cadastro de plantios florestais","datePublished":"2026-09-02T12:23:43+00:00","dateModified":"2026-09-02T13:50:48+00:00","mainEntityOfPage":{"@id":"https:\/\/portalmaisagro.com\/?p=9957"},"wordCount":268,"publisher":{"@id":"https:\/\/portalmaisagro.com\/#organization"},"image":{"@id":"https:\/\/portalmaisagro.com\/?p=9957#primaryimage"},"thumbnailUrl":"https:\/\/portalmaisagro.com\/wp-content\/uploads\/2026\/09\/dense-forest-canopy-from-above-in-daytime-2026-03-17-01-36-17-utc-1-1024x575.jpg","articleSection":["DESTAQUES","FEIRAS"],"inLanguage":"pt-BR"},{"@type":"WebPage","@id":"https:\/\/portalmaisagro.com\/?p=9957","url":"https:\/\/portalmaisagro.com\/?p=9957","name":"Produtores rurais ter\u00e3o novo certificado para cadastro de plantios florestais - MaisAgro","isPartOf":{"@id":"https:\/\/portalmaisagro.com\/#website"},"primaryImageOfPage":{"@id":"https:\/\/portalmaisagro.com\/?p=9957#primaryimage"},"image":{"@id":"https:\/\/portalmaisagro.com\/?p=9957#primaryimage"},"thumbnailUrl":"https:\/\/portalmaisagro.com\/wp-content\/uploads\/2026\/09\/dense-forest-canopy-from-above-in-daytime-2026-03-17-01-36-17-utc-1-1024x575.jpg","datePublished":"2026-09-02T12:23:43+00:00","dateModified":"2026-09-02T13:50:48+00:00","breadcrumb":{"@id":"https:\/\/portalmaisagro.com\/?p=9957#breadcrumb"},"inLanguage":"pt-BR","potentialAction":[{"@type":"ReadAction","target":["https:\/\/portalmaisagro.com\/?p=9957"]}]},{"@type":"ImageObject","inLanguage":"pt-BR","@id":"https:\/\/portalmaisagro.com\/?p=9957#primaryimage","url":"https:\/\/portalmaisagro.com\/wp-content\/uploads\/2026\/09\/dense-forest-canopy-from-above-in-daytime-2026-03-17-01-36-17-utc-1-scaled.jpg","contentUrl":"https:\/\/portalmaisagro.com\/wp-content\/uploads\/2026\/09\/dense-forest-canopy-from-above-in-daytime-2026-03-17-01-36-17-utc-1-scaled.jpg","width":2560,"height":1438,"caption":"Aerial view of green tree forest"},{"@type":"BreadcrumbList","@id":"https:\/\/portalmaisagro.com\/?p=9957#breadcrumb","itemListElement":[{"@type":"ListItem","position":1,"name":"In\u00edcio","item":"https:\/\/portalmaisagro.com\/"},{"@type":"ListItem","position":2,"name":"Produtores rurais ter\u00e3o novo certificado para cadastro de plantios florestais"}]},{"@type":"WebSite","@id":"https:\/\/portalmaisagro.com\/#website","url":"https:\/\/portalmaisagro.com\/","name":"MaisAgro","description":"O portal do agroneg\u00f3cio","publisher":{"@id":"https:\/\/portalmaisagro.com\/#organization"},"potentialAction":[{"@type":"SearchAction","target":{"@type":"EntryPoint","urlTemplate":"https:\/\/portalmaisagro.com\/?s={search_term_string}"},"query-input":{"@type":"PropertyValueSpecification","valueRequired":true,"valueName":"search_term_string"}}],"inLanguage":"pt-BR"},{"@type":"Organization","@id":"https:\/\/portalmaisagro.com\/#organization","name":"MaisAgro","url":"https:\/\/portalmaisagro.com\/","logo":{"@type":"ImageObject","inLanguage":"pt-BR","@id":"https:\/\/portalmaisagro.com\/#\/schema\/logo\/image\/","url":"https:\/\/portalmaisagro.com\/wp-content\/uploads\/2024\/11\/logo_oficial-e1749247575377.png","contentUrl":"https:\/\/portalmaisagro.com\/wp-content\/uploads\/2024\/11\/logo_oficial-e1749247575377.png","width":513,"height":107,"caption":"MaisAgro"},"image":{"@id":"https:\/\/portalmaisagro.com\/#\/schema\/logo\/image\/"},"sameAs":["https:\/\/www.facebook.com\/maisagroportal"]},{"@type":"Person","@id":"https:\/\/portalmaisagro.com\/#\/schema\/person\/ade0f16b5a3434e1ec47b1fbdb9b9318","name":"Taiane do Carmo","image":{"@type":"ImageObject","inLanguage":"pt-BR","@id":"https:\/\/portalmaisagro.com\/wp-content\/uploads\/2026\/04\/images.jpeg640e5d69297d7dd56cc39a10251ad7db","url":"https:\/\/portalmaisagro.com\/wp-content\/uploads\/2026\/04\/images.jpeg","contentUrl":"https:\/\/portalmaisagro.com\/wp-content\/uploads\/2026\/04\/images.jpeg","caption":"Taiane do Carmo"},"url":"https:\/\/portalmaisagro.com\/?author=10"}]}},"jetpack_publicize_connections":[],"authors":[],"_links":{"self":[{"href":"https:\/\/portalmaisagro.com\/index.php?rest_route=\/wp\/v2\/posts\/9957","targetHints":{"allow":["GET"]}}],"collection":[{"href":"https:\/\/portalmaisagro.com\/index.php?rest_route=\/wp\/v2\/posts"}],"about":[{"href":"https:\/\/portalmaisagro.com\/index.php?rest_route=\/wp\/v2\/types\/post"}],"author":[{"embeddable":true,"href":"https:\/\/portalmaisagro.com\/index.php?rest_route=\/wp\/v2\/users\/10"}],"replies":[{"embeddable":true,"href":"https:\/\/portalmaisagro.com\/index.php?rest_route=%2Fwp%2Fv2%2Fcomments&post=9957"}],"version-history":[{"count":4,"href":"https:\/\/portalmaisagro.com\/index.php?rest_route=\/wp\/v2\/posts\/9957\/revisions"}],"predecessor-version":[{"id":9978,"href":"https:\/\/portalmaisagro.com\/index.php?rest_route=\/wp\/v2\/posts\/9957\/revisions\/9978"}],"wp:attachment":[{"href":"https:\/\/portalmaisagro.com\/index.php?rest_route=%2Fwp%2Fv2%2Fmedia&parent=9957"}],"wp:term":[{"taxonomy":"category","embeddable":true,"href":"https:\/\/portalmaisagro.com\/index.php?rest_route=%2Fwp%2Fv2%2Fcategories&post=9957"},{"taxonomy":"post_tag","embeddable":true,"href":"https:\/\/portalmaisagro.com\/index.php?rest_route=%2Fwp%2Fv2%2Ftags&post=9957"}],"curies":[{"name":"wp","href":"https:\/\/api.w.org\/{rel}","templated":true}]}}