{"id":9954,"date":"2026-09-02T09:15:50","date_gmt":"2026-09-02T12:15:50","guid":{"rendered":"https:\/\/portalmaisagro.com\/?p=9954"},"modified":"2026-09-02T09:15:50","modified_gmt":"2026-09-02T12:15:50","slug":"produtores-podem-enviar-documentos-para-solicitacao-do-auxilio-da-cana-de-acucar","status":"publish","type":"post","link":"https:\/\/portalmaisagro.com\/?p=9954","title":{"rendered":"Produtores podem enviar documentos para solicita\u00e7\u00e3o do aux\u00edlio da cana-de-a\u00e7\u00facar"},"content":{"rendered":"<p style=\"text-align: justify\"><em><img loading=\"lazy\" decoding=\"async\" class=\"alignnone  wp-image-9955\" src=\"https:\/\/portalmaisagro.com\/wp-content\/uploads\/2026\/09\/a269198a-0047-4f5d-8f73-982d08e123e4.png\" alt=\"\" width=\"1042\" height=\"688\" srcset=\"https:\/\/portalmaisagro.com\/wp-content\/uploads\/2026\/09\/a269198a-0047-4f5d-8f73-982d08e123e4.png 768w, https:\/\/portalmaisagro.com\/wp-content\/uploads\/2026\/09\/a269198a-0047-4f5d-8f73-982d08e123e4-300x198.png 300w, https:\/\/portalmaisagro.com\/wp-content\/uploads\/2026\/09\/a269198a-0047-4f5d-8f73-982d08e123e4-150x99.png 150w\" sizes=\"auto, (max-width: 1042px) 100vw, 1042px\" \/><\/em><\/p>\n<p style=\"text-align: justify\"><em>Est\u00e1 sendo contemplada a produ\u00e7\u00e3o comercializada na safra 2025\/2026; pedidos devem ser protocolados exclusivamente pelo SISSUB at\u00e9 30 de outubro<\/em><\/p>\n<p style=\"text-align: justify\">Companhia Nacional de Abastecimento (Conab) abriu o prazo para o envio da documenta\u00e7\u00e3o necess\u00e1ria \u00e0\u00a0<a class=\"external-link\" title=\"\" href=\"https:\/\/www.gov.br\/conab\/pt-br\/atuacao\/comercializacao\/subvencao-cana-de-acucar\" target=\"_blank\" rel=\"noopener\" data-tippreview-enabled=\"false\" data-tippreview-image=\"\" data-tippreview-title=\"\">solicita\u00e7\u00e3o do aux\u00edlio destinado \u00e0 produ\u00e7\u00e3o de cana-de-a\u00e7\u00facar comercializada na safra 2025\/2026<\/a>. Produtores independentes da Regi\u00e3o Nordeste devem encaminhar os documentos exclusivamente pelo Sistema de Controle das Opera\u00e7\u00f5es de Subven\u00e7\u00e3o (<a class=\"external-link\" title=\"\" href=\"https:\/\/www.gov.br\/conab\/pt-br\/atuacao\/comercializacao\/subvencao-cana-de-acucar\/sistema-de-controle-das-operacoes-de-subvencao-sissub-cana-de-acucar\" target=\"_blank\" rel=\"noopener\" data-tippreview-enabled=\"false\" data-tippreview-image=\"\" data-tippreview-title=\"\">SISSUB<\/a>) \u2013 Cana-de-A\u00e7\u00facar at\u00e9 30 de outubro de 2026.<\/p>\n<p>Segundo o\u00a0<a class=\"external-link\" title=\"\" href=\"https:\/\/www.gov.br\/conab\/pt-br\/atuacao\/comercializacao\/subvencao-cana-de-acucar\" target=\"_blank\" rel=\"noopener\" data-tippreview-enabled=\"false\" data-tippreview-image=\"\" data-tippreview-title=\"\">Comunicado<\/a>, a medida foi institu\u00edda para conceder apoio financeiro extraordin\u00e1rio aos produtores independentes de cana-de-a\u00e7\u00facar que sofreram preju\u00edzos econ\u00f4micos em decorr\u00eancia da tributa\u00e7\u00e3o adicional incidente sobre as exporta\u00e7\u00f5es brasileiras ou de eventos clim\u00e1ticos extremos \u00e0 \u00e9poca.<\/p>\n<p>De acordo com o\u00a0<a class=\"external-link\" title=\"\" href=\"https:\/\/legislacao.presidencia.gov.br\/atos\/?tipo=DEC&amp;numero=13092&amp;ano=2026&amp;ato=9a4kXQE1EejpWT909\" target=\"_blank\" rel=\"noopener\" data-tippreview-enabled=\"false\" data-tippreview-image=\"\" data-tippreview-title=\"\">Decreto n\u00ba 13.092<\/a>, a subven\u00e7\u00e3o econ\u00f4mica concedida corresponde a R$ 12,00 reais por tonelada de cana-de-a\u00e7\u00facar comercializada na safra 2025\/2026, ou seja, ser\u00e3o consideradas as opera\u00e7\u00f5es referentes \u00e0 produ\u00e7\u00e3o entregue entre 1\u00ba de agosto de 2025 e 31 de julho de 2026. Os recursos destinados est\u00e3o limitados a R$ 270 milh\u00f5es.<\/p>\n<p><strong>Quem pode participar<\/strong><\/p>\n<p>O aux\u00edlio contempla exclusivamente a produ\u00e7\u00e3o de cana-de-a\u00e7\u00facar realizada na Regi\u00e3o Nordeste comercializada no per\u00edodo de 1\u00ba de agosto de 2025 a 31 de julho de 2026. Podem participar:<\/p>\n<ul style=\"text-align: justify\">\n<li>produtores rurais independentes, pessoas f\u00edsicas ou jur\u00eddicas;<\/li>\n<li>cooperativas de produ\u00e7\u00e3o e associa\u00e7\u00f5es de produtores, representando seus cooperados\/associados ativos, que sejam produtores independentes.<\/li>\n<\/ul>\n<p style=\"text-align: justify\">\u00c9 considerado produtor independente aquele que n\u00e3o mant\u00e9m rela\u00e7\u00e3o contratual que preveja o fornecimento de insumos, m\u00e1quinas, equipamentos, assist\u00eancia t\u00e9cnica ou transporte pela unidade industrial em contrapartida \u00e0 obriga\u00e7\u00e3o de comercializar ou fornecer a totalidade da produ\u00e7\u00e3o, preservando sua autonomia na produ\u00e7\u00e3o e comercializa\u00e7\u00e3o da cana-de-a\u00e7\u00facar.<\/p>\n<p>Tamb\u00e9m \u00e9 permitida a participa\u00e7\u00e3o por meio de cooperativas de produ\u00e7\u00e3o e associa\u00e7\u00f5es de produtores, desde que sejam observadas as condi\u00e7\u00f5es estabelecidas nos Comunicados, entre elas a representa\u00e7\u00e3o dos cooperados ou associados ativos e a exist\u00eancia de cadastro individual regular no\u00a0<a class=\"external-link\" title=\"\" href=\"https:\/\/www.gov.br\/conab\/pt-br\/acesso-rapido\/sican\" target=\"_blank\" rel=\"noopener\" data-tippreview-enabled=\"false\" data-tippreview-image=\"\" data-tippreview-title=\"\">Sican<\/a>.<\/p>\n<p><strong>Recomenda\u00e7\u00f5es<\/strong><\/p>\n<p>Para reduzir o risco de pend\u00eancias e atrasos na an\u00e1lise, a Conab recomenda:<\/p>\n<ul style=\"text-align: justify\">\n<li>manter o cadastro no\u00a0<a class=\"external-link\" title=\"\" href=\"https:\/\/www.gov.br\/conab\/pt-br\/acesso-rapido\/sican\" target=\"_blank\" rel=\"noopener\" data-tippreview-enabled=\"false\" data-tippreview-image=\"\" data-tippreview-title=\"\">Sican<\/a>\u00a0atualizado antes de iniciar a solicita\u00e7\u00e3o;<\/li>\n<li>conferir se todos os documentos obrigat\u00f3rios foram anexados ao SISSUB;<\/li>\n<li>verificar se os dados da propriedade rural e das notas fiscais s\u00e3o compat\u00edveis com o cadastro do Sican;<\/li>\n<li>acompanhar periodicamente a solicita\u00e7\u00e3o no SISSUB para verificar eventuais notifica\u00e7\u00f5es;<\/li>\n<li>e n\u00e3o deixar o protocolo para os \u00faltimos dias do prazo, evitando dificuldades operacionais ou falta de tempo para eventuais corre\u00e7\u00f5es.<\/li>\n<\/ul>\n<p style=\"text-align: justify\">\n<strong>Prazos<\/strong><\/p>\n<p>Per\u00edodo de comercializa\u00e7\u00e3o da cana-de-a\u00e7\u00facar contemplada para pagamento: 1\u00ba de agosto de 2025 a 31 de julho de 2026<\/p>\n<p>Protocolo da solicita\u00e7\u00e3o e envio da documenta\u00e7\u00e3o: 24 de agosto a 30 de outubro de 2026<\/p>\n<p>Confira os canais de atendimento e o cronograma completo no\u00a0<a class=\"external-link\" title=\"\" href=\"https:\/\/www.gov.br\/conab\/pt-br\/atuacao\/comercializacao\/subvencao-cana-de-acucar\" target=\"_blank\" rel=\"noopener\" data-tippreview-enabled=\"false\" data-tippreview-image=\"\" data-tippreview-title=\"\">Comunicado<\/a>\u00a0disponibilizado no site da Conab.<\/p>\n<p>Texto: CONAB<\/p>\n<p>Foto: Divulga\u00e7\u00e3o<\/p>\n<p><img loading=\"lazy\" decoding=\"async\" class=\"alignnone  wp-image-9943\" src=\"https:\/\/portalmaisagro.com\/wp-content\/uploads\/2026\/09\/WhatsApp-Image-2026-08-11-at-10.28.27.jpeg\" alt=\"\" width=\"242\" height=\"318\" srcset=\"https:\/\/portalmaisagro.com\/wp-content\/uploads\/2026\/09\/WhatsApp-Image-2026-08-11-at-10.28.27.jpeg 298w, https:\/\/portalmaisagro.com\/wp-content\/uploads\/2026\/09\/WhatsApp-Image-2026-08-11-at-10.28.27-229x300.jpeg 229w, https:\/\/portalmaisagro.com\/wp-content\/uploads\/2026\/09\/WhatsApp-Image-2026-08-11-at-10.28.27-150x197.jpeg 150w\" sizes=\"auto, (max-width: 242px) 100vw, 242px\" \/><\/p>\n<p><a href=\"https:\/\/digital.agriculturafamiliar.agr.br\/pub\/agriculturafamiliar\/#page\/147\"><strong><em>Conte\u00fado exclusivo de empresas participantes do Anu\u00e1rio Brasileiro do Agroneg\u00f3cio e Agricultura Familiar \u2013 LEIA O ANU\u00c1RIO GRATUITAMENTE<\/em><\/strong><\/a><\/p>\n","protected":false},"excerpt":{"rendered":"<p>Est\u00e1 sendo contemplada a produ\u00e7\u00e3o comercializada na safra 2025\/2026; pedidos devem ser protocolados exclusivamente pelo SISSUB at\u00e9 30 de outubro Companhia Nacional de Abastecimento (Conab) abriu o prazo para o envio da documenta\u00e7\u00e3o necess\u00e1ria \u00e0\u00a0solicita\u00e7\u00e3o do aux\u00edlio destinado \u00e0 produ\u00e7\u00e3o de cana-de-a\u00e7\u00facar comercializada na safra 2025\/2026. Produtores independentes da Regi\u00e3o&hellip;<\/p>\n","protected":false},"author":10,"featured_media":0,"comment_status":"closed","ping_status":"closed","sticky":false,"template":"","format":"standard","meta":{"footnotes":"","jetpack_publicize_message":"","jetpack_publicize_feature_enabled":true,"jetpack_social_post_already_shared":true,"jetpack_social_options":{"image_generator_settings":{"template":"highway","default_image_id":0,"font":"","enabled":false},"version":2},"_members_access_role":[],"_members_access_error":""},"categories":[3,21,131],"tags":[],"class_list":["post-9954","post","type-post","status-publish","format-standard","hentry","category-agricultura","category-cana-de-acucar","category-destaques"],"yoast_head":"<!-- This site is optimized with the Yoast SEO plugin v28.1 - https:\/\/yoast.com\/product\/yoast-seo-wordpress\/ -->\n<title>Produtores podem enviar documentos para solicita\u00e7\u00e3o do aux\u00edlio da cana-de-a\u00e7\u00facar - MaisAgro<\/title>\n<meta name=\"robots\" content=\"index, follow, max-snippet:-1, max-image-preview:large, max-video-preview:-1\" \/>\n<link rel=\"canonical\" href=\"https:\/\/portalmaisagro.com\/?p=9954\" \/>\n<meta property=\"og:locale\" content=\"pt_BR\" \/>\n<meta property=\"og:type\" content=\"article\" \/>\n<meta property=\"og:title\" content=\"Produtores podem enviar documentos para solicita\u00e7\u00e3o do aux\u00edlio da cana-de-a\u00e7\u00facar - MaisAgro\" \/>\n<meta property=\"og:description\" content=\"Est\u00e1 sendo contemplada a produ\u00e7\u00e3o comercializada na safra 2025\/2026; pedidos devem ser protocolados exclusivamente pelo SISSUB at\u00e9 30 de outubro Companhia Nacional de Abastecimento (Conab) abriu o prazo para o envio da documenta\u00e7\u00e3o necess\u00e1ria \u00e0\u00a0solicita\u00e7\u00e3o do aux\u00edlio destinado \u00e0 produ\u00e7\u00e3o de cana-de-a\u00e7\u00facar comercializada na safra 2025\/2026. Produtores independentes da Regi\u00e3o&hellip;\" \/>\n<meta property=\"og:url\" content=\"https:\/\/portalmaisagro.com\/?p=9954\" \/>\n<meta property=\"og:site_name\" content=\"MaisAgro\" \/>\n<meta property=\"article:publisher\" content=\"https:\/\/www.facebook.com\/maisagroportal\" \/>\n<meta property=\"article:published_time\" content=\"2026-09-02T12:15:50+00:00\" \/>\n<meta property=\"og:image\" content=\"https:\/\/portalmaisagro.com\/wp-content\/uploads\/2026\/09\/a269198a-0047-4f5d-8f73-982d08e123e4.png\" \/>\n\t<meta property=\"og:image:width\" content=\"768\" \/>\n\t<meta property=\"og:image:height\" content=\"507\" \/>\n\t<meta property=\"og:image:type\" content=\"image\/png\" \/>\n<meta name=\"author\" content=\"Taiane do Carmo\" \/>\n<meta name=\"twitter:card\" content=\"summary_large_image\" \/>\n<meta name=\"twitter:label1\" content=\"Escrito por\" \/>\n\t<meta name=\"twitter:data1\" content=\"Taiane do Carmo\" \/>\n\t<meta name=\"twitter:label2\" content=\"Est. tempo de leitura\" \/>\n\t<meta name=\"twitter:data2\" content=\"3 minutos\" \/>\n<script type=\"application\/ld+json\" class=\"yoast-schema-graph\">{\"@context\":\"https:\\\/\\\/schema.org\",\"@graph\":[{\"@type\":\"Article\",\"@id\":\"https:\\\/\\\/portalmaisagro.com\\\/?p=9954#article\",\"isPartOf\":{\"@id\":\"https:\\\/\\\/portalmaisagro.com\\\/?p=9954\"},\"author\":{\"name\":\"Taiane do Carmo\",\"@id\":\"https:\\\/\\\/portalmaisagro.com\\\/#\\\/schema\\\/person\\\/ade0f16b5a3434e1ec47b1fbdb9b9318\"},\"headline\":\"Produtores podem enviar documentos para solicita\u00e7\u00e3o do aux\u00edlio da cana-de-a\u00e7\u00facar\",\"datePublished\":\"2026-09-02T12:15:50+00:00\",\"mainEntityOfPage\":{\"@id\":\"https:\\\/\\\/portalmaisagro.com\\\/?p=9954\"},\"wordCount\":524,\"publisher\":{\"@id\":\"https:\\\/\\\/portalmaisagro.com\\\/#organization\"},\"image\":{\"@id\":\"https:\\\/\\\/portalmaisagro.com\\\/?p=9954#primaryimage\"},\"thumbnailUrl\":\"https:\\\/\\\/portalmaisagro.com\\\/wp-content\\\/uploads\\\/2026\\\/09\\\/a269198a-0047-4f5d-8f73-982d08e123e4.png\",\"articleSection\":[\"AGRICULTURA\",\"CANA DE A\u00c7\u00daCAR\",\"DESTAQUES\"],\"inLanguage\":\"pt-BR\"},{\"@type\":\"WebPage\",\"@id\":\"https:\\\/\\\/portalmaisagro.com\\\/?p=9954\",\"url\":\"https:\\\/\\\/portalmaisagro.com\\\/?p=9954\",\"name\":\"Produtores podem enviar documentos para solicita\u00e7\u00e3o do aux\u00edlio da cana-de-a\u00e7\u00facar - MaisAgro\",\"isPartOf\":{\"@id\":\"https:\\\/\\\/portalmaisagro.com\\\/#website\"},\"primaryImageOfPage\":{\"@id\":\"https:\\\/\\\/portalmaisagro.com\\\/?p=9954#primaryimage\"},\"image\":{\"@id\":\"https:\\\/\\\/portalmaisagro.com\\\/?p=9954#primaryimage\"},\"thumbnailUrl\":\"https:\\\/\\\/portalmaisagro.com\\\/wp-content\\\/uploads\\\/2026\\\/09\\\/a269198a-0047-4f5d-8f73-982d08e123e4.png\",\"datePublished\":\"2026-09-02T12:15:50+00:00\",\"breadcrumb\":{\"@id\":\"https:\\\/\\\/portalmaisagro.com\\\/?p=9954#breadcrumb\"},\"inLanguage\":\"pt-BR\",\"potentialAction\":[{\"@type\":\"ReadAction\",\"target\":[\"https:\\\/\\\/portalmaisagro.com\\\/?p=9954\"]}]},{\"@type\":\"ImageObject\",\"inLanguage\":\"pt-BR\",\"@id\":\"https:\\\/\\\/portalmaisagro.com\\\/?p=9954#primaryimage\",\"url\":\"https:\\\/\\\/portalmaisagro.com\\\/wp-content\\\/uploads\\\/2026\\\/09\\\/a269198a-0047-4f5d-8f73-982d08e123e4.png\",\"contentUrl\":\"https:\\\/\\\/portalmaisagro.com\\\/wp-content\\\/uploads\\\/2026\\\/09\\\/a269198a-0047-4f5d-8f73-982d08e123e4.png\",\"width\":768,\"height\":507},{\"@type\":\"BreadcrumbList\",\"@id\":\"https:\\\/\\\/portalmaisagro.com\\\/?p=9954#breadcrumb\",\"itemListElement\":[{\"@type\":\"ListItem\",\"position\":1,\"name\":\"In\u00edcio\",\"item\":\"https:\\\/\\\/portalmaisagro.com\\\/\"},{\"@type\":\"ListItem\",\"position\":2,\"name\":\"Produtores podem enviar documentos para solicita\u00e7\u00e3o do aux\u00edlio da cana-de-a\u00e7\u00facar\"}]},{\"@type\":\"WebSite\",\"@id\":\"https:\\\/\\\/portalmaisagro.com\\\/#website\",\"url\":\"https:\\\/\\\/portalmaisagro.com\\\/\",\"name\":\"MaisAgro\",\"description\":\"O portal do agroneg\u00f3cio\",\"publisher\":{\"@id\":\"https:\\\/\\\/portalmaisagro.com\\\/#organization\"},\"potentialAction\":[{\"@type\":\"SearchAction\",\"target\":{\"@type\":\"EntryPoint\",\"urlTemplate\":\"https:\\\/\\\/portalmaisagro.com\\\/?s={search_term_string}\"},\"query-input\":{\"@type\":\"PropertyValueSpecification\",\"valueRequired\":true,\"valueName\":\"search_term_string\"}}],\"inLanguage\":\"pt-BR\"},{\"@type\":\"Organization\",\"@id\":\"https:\\\/\\\/portalmaisagro.com\\\/#organization\",\"name\":\"MaisAgro\",\"url\":\"https:\\\/\\\/portalmaisagro.com\\\/\",\"logo\":{\"@type\":\"ImageObject\",\"inLanguage\":\"pt-BR\",\"@id\":\"https:\\\/\\\/portalmaisagro.com\\\/#\\\/schema\\\/logo\\\/image\\\/\",\"url\":\"https:\\\/\\\/portalmaisagro.com\\\/wp-content\\\/uploads\\\/2024\\\/11\\\/logo_oficial-e1749247575377.png\",\"contentUrl\":\"https:\\\/\\\/portalmaisagro.com\\\/wp-content\\\/uploads\\\/2024\\\/11\\\/logo_oficial-e1749247575377.png\",\"width\":513,\"height\":107,\"caption\":\"MaisAgro\"},\"image\":{\"@id\":\"https:\\\/\\\/portalmaisagro.com\\\/#\\\/schema\\\/logo\\\/image\\\/\"},\"sameAs\":[\"https:\\\/\\\/www.facebook.com\\\/maisagroportal\"]},{\"@type\":\"Person\",\"@id\":\"https:\\\/\\\/portalmaisagro.com\\\/#\\\/schema\\\/person\\\/ade0f16b5a3434e1ec47b1fbdb9b9318\",\"name\":\"Taiane do Carmo\",\"image\":{\"@type\":\"ImageObject\",\"inLanguage\":\"pt-BR\",\"@id\":\"https:\\\/\\\/portalmaisagro.com\\\/wp-content\\\/uploads\\\/2026\\\/04\\\/images.jpeg640e5d69297d7dd56cc39a10251ad7db\",\"url\":\"https:\\\/\\\/portalmaisagro.com\\\/wp-content\\\/uploads\\\/2026\\\/04\\\/images.jpeg\",\"contentUrl\":\"https:\\\/\\\/portalmaisagro.com\\\/wp-content\\\/uploads\\\/2026\\\/04\\\/images.jpeg\",\"caption\":\"Taiane do Carmo\"},\"url\":\"https:\\\/\\\/portalmaisagro.com\\\/?author=10\"}]}<\/script>\n<!-- \/ Yoast SEO plugin. -->","yoast_head_json":{"title":"Produtores podem enviar documentos para solicita\u00e7\u00e3o do aux\u00edlio da cana-de-a\u00e7\u00facar - MaisAgro","robots":{"index":"index","follow":"follow","max-snippet":"max-snippet:-1","max-image-preview":"max-image-preview:large","max-video-preview":"max-video-preview:-1"},"canonical":"https:\/\/portalmaisagro.com\/?p=9954","og_locale":"pt_BR","og_type":"article","og_title":"Produtores podem enviar documentos para solicita\u00e7\u00e3o do aux\u00edlio da cana-de-a\u00e7\u00facar - MaisAgro","og_description":"Est\u00e1 sendo contemplada a produ\u00e7\u00e3o comercializada na safra 2025\/2026; pedidos devem ser protocolados exclusivamente pelo SISSUB at\u00e9 30 de outubro Companhia Nacional de Abastecimento (Conab) abriu o prazo para o envio da documenta\u00e7\u00e3o necess\u00e1ria \u00e0\u00a0solicita\u00e7\u00e3o do aux\u00edlio destinado \u00e0 produ\u00e7\u00e3o de cana-de-a\u00e7\u00facar comercializada na safra 2025\/2026. Produtores independentes da Regi\u00e3o&hellip;","og_url":"https:\/\/portalmaisagro.com\/?p=9954","og_site_name":"MaisAgro","article_publisher":"https:\/\/www.facebook.com\/maisagroportal","article_published_time":"2026-09-02T12:15:50+00:00","og_image":[{"width":768,"height":507,"url":"https:\/\/portalmaisagro.com\/wp-content\/uploads\/2026\/09\/a269198a-0047-4f5d-8f73-982d08e123e4.png","type":"image\/png"}],"author":"Taiane do Carmo","twitter_card":"summary_large_image","twitter_misc":{"Escrito por":"Taiane do Carmo","Est. tempo de leitura":"3 minutos"},"schema":{"@context":"https:\/\/schema.org","@graph":[{"@type":"Article","@id":"https:\/\/portalmaisagro.com\/?p=9954#article","isPartOf":{"@id":"https:\/\/portalmaisagro.com\/?p=9954"},"author":{"name":"Taiane do Carmo","@id":"https:\/\/portalmaisagro.com\/#\/schema\/person\/ade0f16b5a3434e1ec47b1fbdb9b9318"},"headline":"Produtores podem enviar documentos para solicita\u00e7\u00e3o do aux\u00edlio da cana-de-a\u00e7\u00facar","datePublished":"2026-09-02T12:15:50+00:00","mainEntityOfPage":{"@id":"https:\/\/portalmaisagro.com\/?p=9954"},"wordCount":524,"publisher":{"@id":"https:\/\/portalmaisagro.com\/#organization"},"image":{"@id":"https:\/\/portalmaisagro.com\/?p=9954#primaryimage"},"thumbnailUrl":"https:\/\/portalmaisagro.com\/wp-content\/uploads\/2026\/09\/a269198a-0047-4f5d-8f73-982d08e123e4.png","articleSection":["AGRICULTURA","CANA DE A\u00c7\u00daCAR","DESTAQUES"],"inLanguage":"pt-BR"},{"@type":"WebPage","@id":"https:\/\/portalmaisagro.com\/?p=9954","url":"https:\/\/portalmaisagro.com\/?p=9954","name":"Produtores podem enviar documentos para solicita\u00e7\u00e3o do aux\u00edlio da cana-de-a\u00e7\u00facar - MaisAgro","isPartOf":{"@id":"https:\/\/portalmaisagro.com\/#website"},"primaryImageOfPage":{"@id":"https:\/\/portalmaisagro.com\/?p=9954#primaryimage"},"image":{"@id":"https:\/\/portalmaisagro.com\/?p=9954#primaryimage"},"thumbnailUrl":"https:\/\/portalmaisagro.com\/wp-content\/uploads\/2026\/09\/a269198a-0047-4f5d-8f73-982d08e123e4.png","datePublished":"2026-09-02T12:15:50+00:00","breadcrumb":{"@id":"https:\/\/portalmaisagro.com\/?p=9954#breadcrumb"},"inLanguage":"pt-BR","potentialAction":[{"@type":"ReadAction","target":["https:\/\/portalmaisagro.com\/?p=9954"]}]},{"@type":"ImageObject","inLanguage":"pt-BR","@id":"https:\/\/portalmaisagro.com\/?p=9954#primaryimage","url":"https:\/\/portalmaisagro.com\/wp-content\/uploads\/2026\/09\/a269198a-0047-4f5d-8f73-982d08e123e4.png","contentUrl":"https:\/\/portalmaisagro.com\/wp-content\/uploads\/2026\/09\/a269198a-0047-4f5d-8f73-982d08e123e4.png","width":768,"height":507},{"@type":"BreadcrumbList","@id":"https:\/\/portalmaisagro.com\/?p=9954#breadcrumb","itemListElement":[{"@type":"ListItem","position":1,"name":"In\u00edcio","item":"https:\/\/portalmaisagro.com\/"},{"@type":"ListItem","position":2,"name":"Produtores podem enviar documentos para solicita\u00e7\u00e3o do aux\u00edlio da cana-de-a\u00e7\u00facar"}]},{"@type":"WebSite","@id":"https:\/\/portalmaisagro.com\/#website","url":"https:\/\/portalmaisagro.com\/","name":"MaisAgro","description":"O portal do agroneg\u00f3cio","publisher":{"@id":"https:\/\/portalmaisagro.com\/#organization"},"potentialAction":[{"@type":"SearchAction","target":{"@type":"EntryPoint","urlTemplate":"https:\/\/portalmaisagro.com\/?s={search_term_string}"},"query-input":{"@type":"PropertyValueSpecification","valueRequired":true,"valueName":"search_term_string"}}],"inLanguage":"pt-BR"},{"@type":"Organization","@id":"https:\/\/portalmaisagro.com\/#organization","name":"MaisAgro","url":"https:\/\/portalmaisagro.com\/","logo":{"@type":"ImageObject","inLanguage":"pt-BR","@id":"https:\/\/portalmaisagro.com\/#\/schema\/logo\/image\/","url":"https:\/\/portalmaisagro.com\/wp-content\/uploads\/2024\/11\/logo_oficial-e1749247575377.png","contentUrl":"https:\/\/portalmaisagro.com\/wp-content\/uploads\/2024\/11\/logo_oficial-e1749247575377.png","width":513,"height":107,"caption":"MaisAgro"},"image":{"@id":"https:\/\/portalmaisagro.com\/#\/schema\/logo\/image\/"},"sameAs":["https:\/\/www.facebook.com\/maisagroportal"]},{"@type":"Person","@id":"https:\/\/portalmaisagro.com\/#\/schema\/person\/ade0f16b5a3434e1ec47b1fbdb9b9318","name":"Taiane do Carmo","image":{"@type":"ImageObject","inLanguage":"pt-BR","@id":"https:\/\/portalmaisagro.com\/wp-content\/uploads\/2026\/04\/images.jpeg640e5d69297d7dd56cc39a10251ad7db","url":"https:\/\/portalmaisagro.com\/wp-content\/uploads\/2026\/04\/images.jpeg","contentUrl":"https:\/\/portalmaisagro.com\/wp-content\/uploads\/2026\/04\/images.jpeg","caption":"Taiane do Carmo"},"url":"https:\/\/portalmaisagro.com\/?author=10"}]}},"jetpack_publicize_connections":[],"authors":[],"_links":{"self":[{"href":"https:\/\/portalmaisagro.com\/index.php?rest_route=\/wp\/v2\/posts\/9954","targetHints":{"allow":["GET"]}}],"collection":[{"href":"https:\/\/portalmaisagro.com\/index.php?rest_route=\/wp\/v2\/posts"}],"about":[{"href":"https:\/\/portalmaisagro.com\/index.php?rest_route=\/wp\/v2\/types\/post"}],"author":[{"embeddable":true,"href":"https:\/\/portalmaisagro.com\/index.php?rest_route=\/wp\/v2\/users\/10"}],"replies":[{"embeddable":true,"href":"https:\/\/portalmaisagro.com\/index.php?rest_route=%2Fwp%2Fv2%2Fcomments&post=9954"}],"version-history":[{"count":1,"href":"https:\/\/portalmaisagro.com\/index.php?rest_route=\/wp\/v2\/posts\/9954\/revisions"}],"predecessor-version":[{"id":9956,"href":"https:\/\/portalmaisagro.com\/index.php?rest_route=\/wp\/v2\/posts\/9954\/revisions\/9956"}],"wp:attachment":[{"href":"https:\/\/portalmaisagro.com\/index.php?rest_route=%2Fwp%2Fv2%2Fmedia&parent=9954"}],"wp:term":[{"taxonomy":"category","embeddable":true,"href":"https:\/\/portalmaisagro.com\/index.php?rest_route=%2Fwp%2Fv2%2Fcategories&post=9954"},{"taxonomy":"post_tag","embeddable":true,"href":"https:\/\/portalmaisagro.com\/index.php?rest_route=%2Fwp%2Fv2%2Ftags&post=9954"}],"curies":[{"name":"wp","href":"https:\/\/api.w.org\/{rel}","templated":true}]}}