{"id":9946,"date":"2026-09-02T08:58:45","date_gmt":"2026-09-02T11:58:45","guid":{"rendered":"https:\/\/portalmaisagro.com\/?p=9946"},"modified":"2026-09-02T08:58:45","modified_gmt":"2026-09-02T11:58:45","slug":"alem-do-petroleo-aeronaves-cafe-e-cosmeticos-lideram-nova-fase-das-exportacoes-brasileiras-para-portugal","status":"publish","type":"post","link":"https:\/\/portalmaisagro.com\/?p=9946","title":{"rendered":"Al\u00e9m do petr\u00f3leo: aeronaves, caf\u00e9 e cosm\u00e9ticos lideram nova fase das exporta\u00e7\u00f5es brasileiras para Portugal"},"content":{"rendered":"<p style=\"text-align: justify\"><i>Com\u00e9rcio bilateral alcan\u00e7ou US$ 4,5 bilh\u00f5es em 2025, sendo US$ 3,3 bilh\u00f5es em vendas nacionais. Estudo da ApexBrasil mapeia 548 nichos de mercado impulsionados pela vig\u00eancia do acordo Mercosul-Uni\u00e3o Europeia<\/i><\/p>\n<p style=\"text-align: justify\">O com\u00e9rcio bilateral entre Brasil e Portugal alcan\u00e7ou US$ 4,5 bilh\u00f5es em 2025, impulsionado pela consolida\u00e7\u00e3o de fluxos agr\u00edcolas e industriais, mantendo uma trajet\u00f3ria hist\u00f3rica de crescimento. Esse cen\u00e1rio positivo ganha ainda mais tra\u00e7\u00e3o com a entrada em vigor do Acordo Mercosul-Uni\u00e3o Europeia, ampliando as perspectivas de acesso ao mercado e j\u00e1 gerando reflexos favor\u00e1veis sobre as exporta\u00e7\u00f5es nacionais. Do total transacionado no \u00faltimo ano, as exporta\u00e7\u00f5es brasileiras para o pa\u00eds corresponderam a US$ 3,3 bilh\u00f5es, mantendo o pa\u00eds ib\u00e9rico entre os principais destinos do Brasil no continente europeu.<\/p>\n<div style=\"text-align: justify\">\n<div class=\"aem-Grid aem-Grid--12 aem-Grid--default--12 \">\n<div class=\"button aem-GridColumn aem-GridColumn--default--12\"><a id=\"button-a6e9723afb\" class=\"cmp-button\" href=\"https:\/\/apexbrasil.com.br\/content\/apexbrasil\/br\/pt\/solucoes\/inteligencia\/estudos-e-publicacoes\/perfil-de-comercio-e-investimentos\/perfil-de-comercio-e-investimentos---portugal---2026.html\" target=\"_blank\" rel=\"noopener\" data-cmp-clickable=\"\" data-cmp-data-layer=\"{&quot;button-a6e9723afb&quot;:{&quot;@type&quot;:&quot;apexbrasil\/components\/button&quot;,&quot;repo:modifyDate&quot;:&quot;2026-09-01T13:39:24Z&quot;,&quot;dc:title&quot;:&quot;Acesse o estudo&quot;,&quot;xdm:linkURL&quot;:&quot;https:\/\/apexbrasil.com.br\/content\/apexbrasil\/br\/pt\/solucoes\/inteligencia\/estudos-e-publicacoes\/perfil-de-comercio-e-investimentos\/perfil-de-comercio-e-investimentos---portugal---2026.html&quot;}}\" data-test-id=\"test-button\"><span class=\"cmp-button__text\">Acesse o estudo<\/span><\/a><\/div>\n<\/div>\n<\/div>\n<p style=\"text-align: justify\">A pauta de exporta\u00e7\u00f5es brasileira para Portugal permanece concentrada em petr\u00f3leo bruto, item que representou 60,6% das vendas em 2025. No entanto, dados de intelig\u00eancia comercial indicam expans\u00e3o em setores de maior valor agregado e agroindustriais. No segmento aeron\u00e1utico, as vendas externas de aeronaves e equipamentos associados registraram crescimento m\u00e9dio anual de 106,7% entre 2021 e 2025, resultado do estreitamento da parceria industrial entre empresas dos dois pa\u00edses.<\/p>\n<p style=\"text-align: justify\">No mesmo per\u00edodo, o valor exportado de caf\u00e9 n\u00e3o torrado cresceu em m\u00e9dia 40,6% ao ano, mantendo o ritmo de alta entre janeiro e julho de 2026, quando os embarques do produto subiram mais de 30% em valor e 36% em volume em rela\u00e7\u00e3o ao mesmo per\u00edodo do ano anterior. A diversifica\u00e7\u00e3o da pauta contempla ainda trajet\u00f3ria crescente nas vendas de combust\u00edveis refinados, frutas frescas, a\u00e7\u00facar e produtos de perfumaria.<\/p>\n<h3 style=\"text-align: justify\">Impactos do Acordo Mercosul\u2013UE e oportunidades<\/h3>\n<p style=\"text-align: justify\">Estudo do Mapa de Oportunidades da ApexBrasil mapeou 548 nichos comerciais para produtos brasileiros em Portugal, mercado que importou US$ 112,4 bilh\u00f5es em 2024. Cerca de 75% das importa\u00e7\u00f5es de Portugal j\u00e1 ocorrem no \u00e2mbito de acordos comerciais mantidos pela Uni\u00e3o Europeia. A aplica\u00e7\u00e3o provis\u00f3ria do Acordo Mercosul\u2013Uni\u00e3o Europeia, iniciada em maio de 2026, foi acompanhada por um aumento das exporta\u00e7\u00f5es brasileiras entre maio e julho, na compara\u00e7\u00e3o com o mesmo per\u00edodo do ano anterior. Entre os produtos que registraram os maiores aumentos percentuais est\u00e3o caf\u00e9 torrado, carnes bovina e de aves, alimentos processados, frutas, a\u00e7\u00facar e cacha\u00e7a.<\/p>\n<h3 style=\"text-align: justify\">Investimentos bilaterais<\/h3>\n<p style=\"text-align: justify\">Na \u00e1rea de investimentos diretos, Portugal mant\u00e9m posi\u00e7\u00e3o de destaque como o 7\u00ba maior investidor europeu no Brasil, contabilizando um estoque de US$ 7,5 bilh\u00f5es em 2024. Grupos portugueses atuam no mercado brasileiro em setores como energia (com presen\u00e7a da EDP), hotelaria (grupo Vila Gal\u00e9), infraestrutura, log\u00edstica e ind\u00fastria.<\/p>\n<p style=\"text-align: justify\"><a href=\"https:\/\/apexbrasil.com.br\/content\/apexbrasil\/br\/pt\/solucoes\/inteligencia\/estudos-e-publicacoes\/perfil-de-comercio-e-investimentos\/perfil-de-comercio-e-investimentos---portugal---2026.html\" target=\"_blank\" rel=\"noopener noreferrer\">Confira o estudo completo<\/a><\/p>\n<p>Texto: ApexBrasil<\/p>\n<p>Foto: Divulga\u00e7\u00e3o<\/p>\n<p><img loading=\"lazy\" decoding=\"async\" class=\"alignnone  wp-image-9943\" src=\"https:\/\/portalmaisagro.com\/wp-content\/uploads\/2026\/09\/WhatsApp-Image-2026-08-11-at-10.28.27.jpeg\" alt=\"\" width=\"239\" height=\"314\" srcset=\"https:\/\/portalmaisagro.com\/wp-content\/uploads\/2026\/09\/WhatsApp-Image-2026-08-11-at-10.28.27.jpeg 298w, https:\/\/portalmaisagro.com\/wp-content\/uploads\/2026\/09\/WhatsApp-Image-2026-08-11-at-10.28.27-229x300.jpeg 229w, https:\/\/portalmaisagro.com\/wp-content\/uploads\/2026\/09\/WhatsApp-Image-2026-08-11-at-10.28.27-150x197.jpeg 150w\" sizes=\"auto, (max-width: 239px) 100vw, 239px\" \/><\/p>\n<p><a href=\"https:\/\/digital.agriculturafamiliar.agr.br\/pub\/agriculturafamiliar\/#page\/147\"><strong><em>Conte\u00fado exclusivo de empresas participantes do Anu\u00e1rio Brasileiro do Agroneg\u00f3cio e Agricultura Familiar \u2013 LEIA O ANU\u00c1RIO GRATUITAMENTE<\/em><\/strong><\/a><\/p>\n","protected":false},"excerpt":{"rendered":"<p>Com\u00e9rcio bilateral alcan\u00e7ou US$ 4,5 bilh\u00f5es em 2025, sendo US$ 3,3 bilh\u00f5es em vendas nacionais. Estudo da ApexBrasil mapeia 548 nichos de mercado impulsionados pela vig\u00eancia do acordo Mercosul-Uni\u00e3o Europeia O com\u00e9rcio bilateral entre Brasil e Portugal alcan\u00e7ou US$ 4,5 bilh\u00f5es em 2025, impulsionado pela consolida\u00e7\u00e3o de fluxos agr\u00edcolas e&hellip;<\/p>\n","protected":false},"author":10,"featured_media":9947,"comment_status":"closed","ping_status":"closed","sticky":false,"template":"","format":"standard","meta":{"footnotes":"","jetpack_publicize_message":"","jetpack_publicize_feature_enabled":true,"jetpack_social_post_already_shared":true,"jetpack_social_options":{"image_generator_settings":{"template":"highway","default_image_id":0,"font":"","enabled":false},"version":2},"_members_access_role":[],"_members_access_error":""},"categories":[131,167],"tags":[],"class_list":["post-9946","post","type-post","status-publish","format-standard","has-post-thumbnail","hentry","category-destaques","category-geral"],"yoast_head":"<!-- This site is optimized with the Yoast SEO plugin v28.1 - https:\/\/yoast.com\/product\/yoast-seo-wordpress\/ -->\n<title>Al\u00e9m do petr\u00f3leo: aeronaves, caf\u00e9 e cosm\u00e9ticos lideram nova fase das exporta\u00e7\u00f5es brasileiras para Portugal - MaisAgro<\/title>\n<meta name=\"robots\" content=\"index, follow, max-snippet:-1, max-image-preview:large, max-video-preview:-1\" \/>\n<link rel=\"canonical\" href=\"https:\/\/portalmaisagro.com\/?p=9946\" \/>\n<meta property=\"og:locale\" content=\"pt_BR\" \/>\n<meta property=\"og:type\" content=\"article\" \/>\n<meta property=\"og:title\" content=\"Al\u00e9m do petr\u00f3leo: aeronaves, caf\u00e9 e cosm\u00e9ticos lideram nova fase das exporta\u00e7\u00f5es brasileiras para Portugal - MaisAgro\" \/>\n<meta property=\"og:description\" content=\"Com\u00e9rcio bilateral alcan\u00e7ou US$ 4,5 bilh\u00f5es em 2025, sendo US$ 3,3 bilh\u00f5es em vendas nacionais. Estudo da ApexBrasil mapeia 548 nichos de mercado impulsionados pela vig\u00eancia do acordo Mercosul-Uni\u00e3o Europeia O com\u00e9rcio bilateral entre Brasil e Portugal alcan\u00e7ou US$ 4,5 bilh\u00f5es em 2025, impulsionado pela consolida\u00e7\u00e3o de fluxos agr\u00edcolas e&hellip;\" \/>\n<meta property=\"og:url\" content=\"https:\/\/portalmaisagro.com\/?p=9946\" \/>\n<meta property=\"og:site_name\" content=\"MaisAgro\" \/>\n<meta property=\"article:publisher\" content=\"https:\/\/www.facebook.com\/maisagroportal\" \/>\n<meta property=\"article:published_time\" content=\"2026-09-02T11:58:45+00:00\" \/>\n<meta property=\"og:image\" content=\"https:\/\/portalmaisagro.com\/wp-content\/uploads\/2026\/09\/flags_brazil_portugal.webp\" \/>\n\t<meta property=\"og:image:width\" content=\"1280\" \/>\n\t<meta property=\"og:image:height\" content=\"720\" \/>\n\t<meta property=\"og:image:type\" content=\"image\/webp\" \/>\n<meta name=\"author\" content=\"Taiane do Carmo\" \/>\n<meta name=\"twitter:card\" content=\"summary_large_image\" \/>\n<meta name=\"twitter:label1\" content=\"Escrito por\" \/>\n\t<meta name=\"twitter:data1\" content=\"Taiane do Carmo\" \/>\n\t<meta name=\"twitter:label2\" content=\"Est. tempo de leitura\" \/>\n\t<meta name=\"twitter:data2\" content=\"3 minutos\" \/>\n<script type=\"application\/ld+json\" class=\"yoast-schema-graph\">{\"@context\":\"https:\\\/\\\/schema.org\",\"@graph\":[{\"@type\":\"Article\",\"@id\":\"https:\\\/\\\/portalmaisagro.com\\\/?p=9946#article\",\"isPartOf\":{\"@id\":\"https:\\\/\\\/portalmaisagro.com\\\/?p=9946\"},\"author\":{\"name\":\"Taiane do Carmo\",\"@id\":\"https:\\\/\\\/portalmaisagro.com\\\/#\\\/schema\\\/person\\\/ade0f16b5a3434e1ec47b1fbdb9b9318\"},\"headline\":\"Al\u00e9m do petr\u00f3leo: aeronaves, caf\u00e9 e cosm\u00e9ticos lideram nova fase das exporta\u00e7\u00f5es brasileiras para Portugal\",\"datePublished\":\"2026-09-02T11:58:45+00:00\",\"mainEntityOfPage\":{\"@id\":\"https:\\\/\\\/portalmaisagro.com\\\/?p=9946\"},\"wordCount\":499,\"publisher\":{\"@id\":\"https:\\\/\\\/portalmaisagro.com\\\/#organization\"},\"image\":{\"@id\":\"https:\\\/\\\/portalmaisagro.com\\\/?p=9946#primaryimage\"},\"thumbnailUrl\":\"https:\\\/\\\/portalmaisagro.com\\\/wp-content\\\/uploads\\\/2026\\\/09\\\/flags_brazil_portugal.webp\",\"articleSection\":[\"DESTAQUES\",\"GERAL\"],\"inLanguage\":\"pt-BR\"},{\"@type\":\"WebPage\",\"@id\":\"https:\\\/\\\/portalmaisagro.com\\\/?p=9946\",\"url\":\"https:\\\/\\\/portalmaisagro.com\\\/?p=9946\",\"name\":\"Al\u00e9m do petr\u00f3leo: aeronaves, caf\u00e9 e cosm\u00e9ticos lideram nova fase das exporta\u00e7\u00f5es brasileiras para Portugal - MaisAgro\",\"isPartOf\":{\"@id\":\"https:\\\/\\\/portalmaisagro.com\\\/#website\"},\"primaryImageOfPage\":{\"@id\":\"https:\\\/\\\/portalmaisagro.com\\\/?p=9946#primaryimage\"},\"image\":{\"@id\":\"https:\\\/\\\/portalmaisagro.com\\\/?p=9946#primaryimage\"},\"thumbnailUrl\":\"https:\\\/\\\/portalmaisagro.com\\\/wp-content\\\/uploads\\\/2026\\\/09\\\/flags_brazil_portugal.webp\",\"datePublished\":\"2026-09-02T11:58:45+00:00\",\"breadcrumb\":{\"@id\":\"https:\\\/\\\/portalmaisagro.com\\\/?p=9946#breadcrumb\"},\"inLanguage\":\"pt-BR\",\"potentialAction\":[{\"@type\":\"ReadAction\",\"target\":[\"https:\\\/\\\/portalmaisagro.com\\\/?p=9946\"]}]},{\"@type\":\"ImageObject\",\"inLanguage\":\"pt-BR\",\"@id\":\"https:\\\/\\\/portalmaisagro.com\\\/?p=9946#primaryimage\",\"url\":\"https:\\\/\\\/portalmaisagro.com\\\/wp-content\\\/uploads\\\/2026\\\/09\\\/flags_brazil_portugal.webp\",\"contentUrl\":\"https:\\\/\\\/portalmaisagro.com\\\/wp-content\\\/uploads\\\/2026\\\/09\\\/flags_brazil_portugal.webp\",\"width\":1280,\"height\":720},{\"@type\":\"BreadcrumbList\",\"@id\":\"https:\\\/\\\/portalmaisagro.com\\\/?p=9946#breadcrumb\",\"itemListElement\":[{\"@type\":\"ListItem\",\"position\":1,\"name\":\"In\u00edcio\",\"item\":\"https:\\\/\\\/portalmaisagro.com\\\/\"},{\"@type\":\"ListItem\",\"position\":2,\"name\":\"Al\u00e9m do petr\u00f3leo: aeronaves, caf\u00e9 e cosm\u00e9ticos lideram nova fase das exporta\u00e7\u00f5es brasileiras para Portugal\"}]},{\"@type\":\"WebSite\",\"@id\":\"https:\\\/\\\/portalmaisagro.com\\\/#website\",\"url\":\"https:\\\/\\\/portalmaisagro.com\\\/\",\"name\":\"MaisAgro\",\"description\":\"O portal do agroneg\u00f3cio\",\"publisher\":{\"@id\":\"https:\\\/\\\/portalmaisagro.com\\\/#organization\"},\"potentialAction\":[{\"@type\":\"SearchAction\",\"target\":{\"@type\":\"EntryPoint\",\"urlTemplate\":\"https:\\\/\\\/portalmaisagro.com\\\/?s={search_term_string}\"},\"query-input\":{\"@type\":\"PropertyValueSpecification\",\"valueRequired\":true,\"valueName\":\"search_term_string\"}}],\"inLanguage\":\"pt-BR\"},{\"@type\":\"Organization\",\"@id\":\"https:\\\/\\\/portalmaisagro.com\\\/#organization\",\"name\":\"MaisAgro\",\"url\":\"https:\\\/\\\/portalmaisagro.com\\\/\",\"logo\":{\"@type\":\"ImageObject\",\"inLanguage\":\"pt-BR\",\"@id\":\"https:\\\/\\\/portalmaisagro.com\\\/#\\\/schema\\\/logo\\\/image\\\/\",\"url\":\"https:\\\/\\\/portalmaisagro.com\\\/wp-content\\\/uploads\\\/2024\\\/11\\\/logo_oficial-e1749247575377.png\",\"contentUrl\":\"https:\\\/\\\/portalmaisagro.com\\\/wp-content\\\/uploads\\\/2024\\\/11\\\/logo_oficial-e1749247575377.png\",\"width\":513,\"height\":107,\"caption\":\"MaisAgro\"},\"image\":{\"@id\":\"https:\\\/\\\/portalmaisagro.com\\\/#\\\/schema\\\/logo\\\/image\\\/\"},\"sameAs\":[\"https:\\\/\\\/www.facebook.com\\\/maisagroportal\"]},{\"@type\":\"Person\",\"@id\":\"https:\\\/\\\/portalmaisagro.com\\\/#\\\/schema\\\/person\\\/ade0f16b5a3434e1ec47b1fbdb9b9318\",\"name\":\"Taiane do Carmo\",\"image\":{\"@type\":\"ImageObject\",\"inLanguage\":\"pt-BR\",\"@id\":\"https:\\\/\\\/portalmaisagro.com\\\/wp-content\\\/uploads\\\/2026\\\/04\\\/images.jpeg640e5d69297d7dd56cc39a10251ad7db\",\"url\":\"https:\\\/\\\/portalmaisagro.com\\\/wp-content\\\/uploads\\\/2026\\\/04\\\/images.jpeg\",\"contentUrl\":\"https:\\\/\\\/portalmaisagro.com\\\/wp-content\\\/uploads\\\/2026\\\/04\\\/images.jpeg\",\"caption\":\"Taiane do Carmo\"},\"url\":\"https:\\\/\\\/portalmaisagro.com\\\/?author=10\"}]}<\/script>\n<!-- \/ Yoast SEO plugin. -->","yoast_head_json":{"title":"Al\u00e9m do petr\u00f3leo: aeronaves, caf\u00e9 e cosm\u00e9ticos lideram nova fase das exporta\u00e7\u00f5es brasileiras para Portugal - MaisAgro","robots":{"index":"index","follow":"follow","max-snippet":"max-snippet:-1","max-image-preview":"max-image-preview:large","max-video-preview":"max-video-preview:-1"},"canonical":"https:\/\/portalmaisagro.com\/?p=9946","og_locale":"pt_BR","og_type":"article","og_title":"Al\u00e9m do petr\u00f3leo: aeronaves, caf\u00e9 e cosm\u00e9ticos lideram nova fase das exporta\u00e7\u00f5es brasileiras para Portugal - MaisAgro","og_description":"Com\u00e9rcio bilateral alcan\u00e7ou US$ 4,5 bilh\u00f5es em 2025, sendo US$ 3,3 bilh\u00f5es em vendas nacionais. Estudo da ApexBrasil mapeia 548 nichos de mercado impulsionados pela vig\u00eancia do acordo Mercosul-Uni\u00e3o Europeia O com\u00e9rcio bilateral entre Brasil e Portugal alcan\u00e7ou US$ 4,5 bilh\u00f5es em 2025, impulsionado pela consolida\u00e7\u00e3o de fluxos agr\u00edcolas e&hellip;","og_url":"https:\/\/portalmaisagro.com\/?p=9946","og_site_name":"MaisAgro","article_publisher":"https:\/\/www.facebook.com\/maisagroportal","article_published_time":"2026-09-02T11:58:45+00:00","og_image":[{"width":1280,"height":720,"url":"https:\/\/portalmaisagro.com\/wp-content\/uploads\/2026\/09\/flags_brazil_portugal.webp","type":"image\/webp"}],"author":"Taiane do Carmo","twitter_card":"summary_large_image","twitter_misc":{"Escrito por":"Taiane do Carmo","Est. tempo de leitura":"3 minutos"},"schema":{"@context":"https:\/\/schema.org","@graph":[{"@type":"Article","@id":"https:\/\/portalmaisagro.com\/?p=9946#article","isPartOf":{"@id":"https:\/\/portalmaisagro.com\/?p=9946"},"author":{"name":"Taiane do Carmo","@id":"https:\/\/portalmaisagro.com\/#\/schema\/person\/ade0f16b5a3434e1ec47b1fbdb9b9318"},"headline":"Al\u00e9m do petr\u00f3leo: aeronaves, caf\u00e9 e cosm\u00e9ticos lideram nova fase das exporta\u00e7\u00f5es brasileiras para Portugal","datePublished":"2026-09-02T11:58:45+00:00","mainEntityOfPage":{"@id":"https:\/\/portalmaisagro.com\/?p=9946"},"wordCount":499,"publisher":{"@id":"https:\/\/portalmaisagro.com\/#organization"},"image":{"@id":"https:\/\/portalmaisagro.com\/?p=9946#primaryimage"},"thumbnailUrl":"https:\/\/portalmaisagro.com\/wp-content\/uploads\/2026\/09\/flags_brazil_portugal.webp","articleSection":["DESTAQUES","GERAL"],"inLanguage":"pt-BR"},{"@type":"WebPage","@id":"https:\/\/portalmaisagro.com\/?p=9946","url":"https:\/\/portalmaisagro.com\/?p=9946","name":"Al\u00e9m do petr\u00f3leo: aeronaves, caf\u00e9 e cosm\u00e9ticos lideram nova fase das exporta\u00e7\u00f5es brasileiras para Portugal - MaisAgro","isPartOf":{"@id":"https:\/\/portalmaisagro.com\/#website"},"primaryImageOfPage":{"@id":"https:\/\/portalmaisagro.com\/?p=9946#primaryimage"},"image":{"@id":"https:\/\/portalmaisagro.com\/?p=9946#primaryimage"},"thumbnailUrl":"https:\/\/portalmaisagro.com\/wp-content\/uploads\/2026\/09\/flags_brazil_portugal.webp","datePublished":"2026-09-02T11:58:45+00:00","breadcrumb":{"@id":"https:\/\/portalmaisagro.com\/?p=9946#breadcrumb"},"inLanguage":"pt-BR","potentialAction":[{"@type":"ReadAction","target":["https:\/\/portalmaisagro.com\/?p=9946"]}]},{"@type":"ImageObject","inLanguage":"pt-BR","@id":"https:\/\/portalmaisagro.com\/?p=9946#primaryimage","url":"https:\/\/portalmaisagro.com\/wp-content\/uploads\/2026\/09\/flags_brazil_portugal.webp","contentUrl":"https:\/\/portalmaisagro.com\/wp-content\/uploads\/2026\/09\/flags_brazil_portugal.webp","width":1280,"height":720},{"@type":"BreadcrumbList","@id":"https:\/\/portalmaisagro.com\/?p=9946#breadcrumb","itemListElement":[{"@type":"ListItem","position":1,"name":"In\u00edcio","item":"https:\/\/portalmaisagro.com\/"},{"@type":"ListItem","position":2,"name":"Al\u00e9m do petr\u00f3leo: aeronaves, caf\u00e9 e cosm\u00e9ticos lideram nova fase das exporta\u00e7\u00f5es brasileiras para Portugal"}]},{"@type":"WebSite","@id":"https:\/\/portalmaisagro.com\/#website","url":"https:\/\/portalmaisagro.com\/","name":"MaisAgro","description":"O portal do agroneg\u00f3cio","publisher":{"@id":"https:\/\/portalmaisagro.com\/#organization"},"potentialAction":[{"@type":"SearchAction","target":{"@type":"EntryPoint","urlTemplate":"https:\/\/portalmaisagro.com\/?s={search_term_string}"},"query-input":{"@type":"PropertyValueSpecification","valueRequired":true,"valueName":"search_term_string"}}],"inLanguage":"pt-BR"},{"@type":"Organization","@id":"https:\/\/portalmaisagro.com\/#organization","name":"MaisAgro","url":"https:\/\/portalmaisagro.com\/","logo":{"@type":"ImageObject","inLanguage":"pt-BR","@id":"https:\/\/portalmaisagro.com\/#\/schema\/logo\/image\/","url":"https:\/\/portalmaisagro.com\/wp-content\/uploads\/2024\/11\/logo_oficial-e1749247575377.png","contentUrl":"https:\/\/portalmaisagro.com\/wp-content\/uploads\/2024\/11\/logo_oficial-e1749247575377.png","width":513,"height":107,"caption":"MaisAgro"},"image":{"@id":"https:\/\/portalmaisagro.com\/#\/schema\/logo\/image\/"},"sameAs":["https:\/\/www.facebook.com\/maisagroportal"]},{"@type":"Person","@id":"https:\/\/portalmaisagro.com\/#\/schema\/person\/ade0f16b5a3434e1ec47b1fbdb9b9318","name":"Taiane do Carmo","image":{"@type":"ImageObject","inLanguage":"pt-BR","@id":"https:\/\/portalmaisagro.com\/wp-content\/uploads\/2026\/04\/images.jpeg640e5d69297d7dd56cc39a10251ad7db","url":"https:\/\/portalmaisagro.com\/wp-content\/uploads\/2026\/04\/images.jpeg","contentUrl":"https:\/\/portalmaisagro.com\/wp-content\/uploads\/2026\/04\/images.jpeg","caption":"Taiane do Carmo"},"url":"https:\/\/portalmaisagro.com\/?author=10"}]}},"jetpack_publicize_connections":[],"authors":[],"_links":{"self":[{"href":"https:\/\/portalmaisagro.com\/index.php?rest_route=\/wp\/v2\/posts\/9946","targetHints":{"allow":["GET"]}}],"collection":[{"href":"https:\/\/portalmaisagro.com\/index.php?rest_route=\/wp\/v2\/posts"}],"about":[{"href":"https:\/\/portalmaisagro.com\/index.php?rest_route=\/wp\/v2\/types\/post"}],"author":[{"embeddable":true,"href":"https:\/\/portalmaisagro.com\/index.php?rest_route=\/wp\/v2\/users\/10"}],"replies":[{"embeddable":true,"href":"https:\/\/portalmaisagro.com\/index.php?rest_route=%2Fwp%2Fv2%2Fcomments&post=9946"}],"version-history":[{"count":1,"href":"https:\/\/portalmaisagro.com\/index.php?rest_route=\/wp\/v2\/posts\/9946\/revisions"}],"predecessor-version":[{"id":9950,"href":"https:\/\/portalmaisagro.com\/index.php?rest_route=\/wp\/v2\/posts\/9946\/revisions\/9950"}],"wp:featuredmedia":[{"embeddable":true,"href":"https:\/\/portalmaisagro.com\/index.php?rest_route=\/wp\/v2\/media\/9947"}],"wp:attachment":[{"href":"https:\/\/portalmaisagro.com\/index.php?rest_route=%2Fwp%2Fv2%2Fmedia&parent=9946"}],"wp:term":[{"taxonomy":"category","embeddable":true,"href":"https:\/\/portalmaisagro.com\/index.php?rest_route=%2Fwp%2Fv2%2Fcategories&post=9946"},{"taxonomy":"post_tag","embeddable":true,"href":"https:\/\/portalmaisagro.com\/index.php?rest_route=%2Fwp%2Fv2%2Ftags&post=9946"}],"curies":[{"name":"wp","href":"https:\/\/api.w.org\/{rel}","templated":true}]}}