{"id":9942,"date":"2026-09-02T08:47:49","date_gmt":"2026-09-02T11:47:49","guid":{"rendered":"https:\/\/portalmaisagro.com\/?p=9942"},"modified":"2026-09-02T08:47:49","modified_gmt":"2026-09-02T11:47:49","slug":"exportacoes-de-graos-crescem-e-fretes-oscilam-nos-principais-corredores-logisticos-do-pais","status":"publish","type":"post","link":"https:\/\/portalmaisagro.com\/?p=9942","title":{"rendered":"Exporta\u00e7\u00f5es de gr\u00e3os crescem e fretes oscilam nos principais corredores log\u00edsticos do pa\u00eds"},"content":{"rendered":"<p style=\"text-align: justify\"><em>No acumulado at\u00e9 julho de 2026, embarques de milho registraram aumento de 10,53% e os de soja, 7,8%; Arco Norte foi respons\u00e1vel pelo maior volume das exporta\u00e7\u00f5es das duas commodities<\/em><\/p>\n<p style=\"text-align: justify\">As exporta\u00e7\u00f5es de milho e soja cresceram no acumulado at\u00e9 julho de 2026, com escoamento aquecido pelos portos do Arco Norte. No comparativo anual, os envios do cereal ao exterior atingiram 9,8 milh\u00f5es de toneladas, com incremento de 10,53% em rela\u00e7\u00e3o ao mesmo per\u00edodo de 2025. Para a oleaginosa, nos primeiros sete meses do ano foram exportadas 82,9 milh\u00f5es de toneladas, o que representa 7,8% a mais do que o acumulado no ciclo anterior. Em perspectiva estadual, Mato Grosso (MT) foi o respons\u00e1vel pelo maior volume da produ\u00e7\u00e3o destinada ao com\u00e9rcio externo das duas commodities, como mostra o Boletim Log\u00edstico divulgado pela Companhia Nacional de Abastecimento (Conab) nesta ultima sexta-feira (28).<\/p>\n<p style=\"text-align: justify\">Principal produtor de gr\u00e3os do pa\u00eds, o estado mato-grossense apresentou decl\u00ednio nas cota\u00e7\u00f5es dos fretes rodovi\u00e1rios na maioria das rotas pesquisadas pela Companhia no m\u00eas de julho. Ap\u00f3s per\u00edodo de aumento no fluxo entre mar\u00e7o e abril, influenciado pela safra da soja, os valores praticados apresentaram redu\u00e7\u00e3o percentual em 18 das 25 rotas, oscilando entre queda de at\u00e9 11% e aumento de at\u00e9 4% em compara\u00e7\u00e3o a junho. De acordo com a avalia\u00e7\u00e3o da Conab, apesar do movimento descendente observado, a base de refer\u00eancia parte de um patamar elevado, que leva em conta a din\u00e2mica da produ\u00e7\u00e3o de gr\u00e3os na safra 2025\/26. Al\u00e9m disso, a ascens\u00e3o do consumo interno de milho e a amplia\u00e7\u00e3o da malha ferrovi\u00e1ria em MT tamb\u00e9m interferem na conjuntura.<\/p>\n<p style=\"text-align: justify\">Em Mato Grosso do Sul (MS), os fretes recuaram mensalmente em diversas pra\u00e7as. Entretanto, a correla\u00e7\u00e3o mostra crescimento na varia\u00e7\u00e3o anual, com incremento nas cota\u00e7\u00f5es de 15 das 17 rotas pesquisadas. Para o escoamento do milho, o fluxo rodovi\u00e1rio de m\u00e9dia e longa dist\u00e2ncia para suprimento da nutri\u00e7\u00e3o animal e abastecimento de ind\u00fastrias locais de bioenergia e cooperativas agroindustriais mobilizou o m\u00eas de julho. Em Goi\u00e1s (GO), o panorama log\u00edstico demonstrou decl\u00ednio nos percentuais mensal e anual na maior parte das rotas. As condi\u00e7\u00f5es clim\u00e1ticas influenciaram o progresso da colheita do milho segunda safra, com avan\u00e7o heterog\u00eaneo entre as regi\u00f5es do estado. Ainda na regi\u00e3o Centro-Oeste, todas as rotas com origem no Distrito Federal (DF) mostraram varia\u00e7\u00e3o positiva em termos percentuais mensal e anual. Os patamares elevados em julho refletem o avan\u00e7o da colheita do milho segunda safra e os custos operacionais. Em rela\u00e7\u00e3o ao mesmo per\u00edodo de 2025, as conta\u00e7\u00f5es cresceram entre 9% e 32%.<\/p>\n<p style=\"text-align: justify\">Nas pra\u00e7as baianas, os fretes registraram queda de at\u00e9 8% no \u00faltimo m\u00eas, ficando mais baratos na maioria das rotas, resultado da diminui\u00e7\u00e3o dos estoques de soja, comum para o per\u00edodo, e da queda dos pre\u00e7os de alguns produtos, como o milho. No entanto, o panorama anual mostra valores pressionados e at\u00e9 16% superiores para alguns destinos. No Maranh\u00e3o (MA), o pico de escoamento da soja e do milho nos meses anteriores reduziu a demanda de movimenta\u00e7\u00e3o de carga agr\u00edcola, levando \u00e0 diminui\u00e7\u00e3o dos fretes. Nas rotas piauienses, os fretes agr\u00edcolas oscilaram entre queda de 12% e aumento de 9%, com predominante redu\u00e7\u00e3o em julho, decorrente da entressafra e de outros fatores sazonais.<\/p>\n<p style=\"text-align: justify\">Nos corredores log\u00edsticos do Paran\u00e1 (PR), o fluxo de julho foi aquecido pelo milho segunda safra. Na rota entre Campo Mour\u00e3o e o porto de Paranagu\u00e1, as cota\u00e7\u00f5es cresceram cerca de 40%, tamb\u00e9m impulsionadas pelas exporta\u00e7\u00f5es de soja. J\u00e1 na regi\u00e3o Sudeste, as rotas paulistas com destino ao porto de Santos recuaram.<\/p>\n<p style=\"text-align: justify\"><strong>Exporta\u00e7\u00f5es &#8211;<\/strong>\u00a0O escoamento de milho pelos portos do Arco Norte de janeiro a julho de 2026 representou 46,12% do total enviado ao exterior. No mesmo per\u00edodo, o centro de distribui\u00e7\u00e3o concentrou 39,03% das exporta\u00e7\u00f5es de soja e 12,28% das de farelo de soja. O porto de Santos foi o segundo principal polo de escoamento das duas commodities, totalizando 22,27% dos embarques de milho e 35,74% dos de soja. J\u00e1 para o farelo de soja, 43,79% dos embarques foram realizados pelo entreposto do litoral paulista.<\/p>\n<p style=\"text-align: justify\"><strong>Importa\u00e7\u00f5es &#8211;<\/strong>\u00a0As importa\u00e7\u00f5es de fertilizantes acumuladas at\u00e9 julho de 2026 atingiram 22,4 milh\u00f5es de toneladas. O valor \u00e9 aproximadamente 7,48% inferior ao verificado no mesmo per\u00edodo de 2025.<\/p>\n<p style=\"text-align: justify\">Movimenta\u00e7\u00e3o de estoques da Conab &#8211; O Boletim tamb\u00e9m apresenta o balan\u00e7o dos avisos de frete negociados pela Companhia no m\u00eas de julho. As contrata\u00e7\u00f5es negociadas ao longo do ano para transporte de milho est\u00e3o detalhadas no documento.<\/p>\n<p style=\"text-align: justify\">A pesquisa analisou as principais rotas de escoamento de gr\u00e3os do pa\u00eds, abrangendo dez estados. As informa\u00e7\u00f5es completas est\u00e3o dispon\u00edveis no\u00a0<a class=\"internal-link\" title=\"\" href=\"https:\/\/www.gov.br\/conab\/pt-br\/atuacao\/logistica\/boletim-logistico\" target=\"_blank\" rel=\"noopener\" data-tippreview-image=\"\" data-tippreview-title=\"\" data-tippreview-enabled=\"false\">Boletim Log\u00edstico &#8211; Agosto\/2026<\/a>.<\/p>\n<p>Texto: Conab<\/p>\n<p>Foto: Divulga\u00e7\u00e3o<\/p>\n<p><img loading=\"lazy\" decoding=\"async\" class=\"alignnone  wp-image-9943\" src=\"https:\/\/portalmaisagro.com\/wp-content\/uploads\/2026\/09\/WhatsApp-Image-2026-08-11-at-10.28.27.jpeg\" alt=\"\" width=\"243\" height=\"319\" srcset=\"https:\/\/portalmaisagro.com\/wp-content\/uploads\/2026\/09\/WhatsApp-Image-2026-08-11-at-10.28.27.jpeg 298w, https:\/\/portalmaisagro.com\/wp-content\/uploads\/2026\/09\/WhatsApp-Image-2026-08-11-at-10.28.27-229x300.jpeg 229w, https:\/\/portalmaisagro.com\/wp-content\/uploads\/2026\/09\/WhatsApp-Image-2026-08-11-at-10.28.27-150x197.jpeg 150w\" sizes=\"auto, (max-width: 243px) 100vw, 243px\" \/><\/p>\n<p><a href=\"https:\/\/digital.agriculturafamiliar.agr.br\/pub\/agriculturafamiliar\/#page\/147\"><strong><em>Conte\u00fado exclusivo de empresas participantes do Anu\u00e1rio Brasileiro do Agroneg\u00f3cio e Agricultura Familiar \u2013 LEIA O ANU\u00c1RIO GRATUITAMENTE<\/em><\/strong><\/a><\/p>\n","protected":false},"excerpt":{"rendered":"<p>No acumulado at\u00e9 julho de 2026, embarques de milho registraram aumento de 10,53% e os de soja, 7,8%; Arco Norte foi respons\u00e1vel pelo maior volume das exporta\u00e7\u00f5es das duas commodities As exporta\u00e7\u00f5es de milho e soja cresceram no acumulado at\u00e9 julho de 2026, com escoamento aquecido pelos portos do Arco&hellip;<\/p>\n","protected":false},"author":10,"featured_media":9944,"comment_status":"closed","ping_status":"closed","sticky":false,"template":"","format":"standard","meta":{"footnotes":"","jetpack_publicize_message":"","jetpack_publicize_feature_enabled":true,"jetpack_social_post_already_shared":true,"jetpack_social_options":{"image_generator_settings":{"template":"highway","default_image_id":0,"font":"","enabled":false},"version":2},"_members_access_role":[],"_members_access_error":""},"categories":[3,131],"tags":[],"class_list":["post-9942","post","type-post","status-publish","format-standard","has-post-thumbnail","hentry","category-agricultura","category-destaques"],"yoast_head":"<!-- This site is optimized with the Yoast SEO plugin v28.1 - https:\/\/yoast.com\/product\/yoast-seo-wordpress\/ -->\n<title>Exporta\u00e7\u00f5es de gr\u00e3os crescem e fretes oscilam nos principais corredores log\u00edsticos do pa\u00eds - MaisAgro<\/title>\n<meta name=\"robots\" content=\"index, follow, max-snippet:-1, max-image-preview:large, max-video-preview:-1\" \/>\n<link rel=\"canonical\" href=\"https:\/\/portalmaisagro.com\/?p=9942\" \/>\n<meta property=\"og:locale\" content=\"pt_BR\" \/>\n<meta property=\"og:type\" content=\"article\" \/>\n<meta property=\"og:title\" content=\"Exporta\u00e7\u00f5es de gr\u00e3os crescem e fretes oscilam nos principais corredores log\u00edsticos do pa\u00eds - MaisAgro\" \/>\n<meta property=\"og:description\" content=\"No acumulado at\u00e9 julho de 2026, embarques de milho registraram aumento de 10,53% e os de soja, 7,8%; Arco Norte foi respons\u00e1vel pelo maior volume das exporta\u00e7\u00f5es das duas commodities As exporta\u00e7\u00f5es de milho e soja cresceram no acumulado at\u00e9 julho de 2026, com escoamento aquecido pelos portos do Arco&hellip;\" \/>\n<meta property=\"og:url\" content=\"https:\/\/portalmaisagro.com\/?p=9942\" \/>\n<meta property=\"og:site_name\" content=\"MaisAgro\" \/>\n<meta property=\"article:publisher\" content=\"https:\/\/www.facebook.com\/maisagroportal\" \/>\n<meta property=\"article:published_time\" content=\"2026-09-02T11:47:49+00:00\" \/>\n<meta property=\"og:image\" content=\"https:\/\/portalmaisagro.com\/wp-content\/uploads\/2026\/09\/c25379bb-f294-49d4-835e-0448b2e91332.png\" \/>\n\t<meta property=\"og:image:width\" content=\"768\" \/>\n\t<meta property=\"og:image:height\" content=\"506\" \/>\n\t<meta property=\"og:image:type\" content=\"image\/png\" \/>\n<meta name=\"author\" content=\"Taiane do Carmo\" \/>\n<meta name=\"twitter:card\" content=\"summary_large_image\" \/>\n<meta name=\"twitter:label1\" content=\"Escrito por\" \/>\n\t<meta name=\"twitter:data1\" content=\"Taiane do Carmo\" \/>\n\t<meta name=\"twitter:label2\" content=\"Est. tempo de leitura\" \/>\n\t<meta name=\"twitter:data2\" content=\"5 minutos\" \/>\n<script type=\"application\/ld+json\" class=\"yoast-schema-graph\">{\"@context\":\"https:\\\/\\\/schema.org\",\"@graph\":[{\"@type\":\"Article\",\"@id\":\"https:\\\/\\\/portalmaisagro.com\\\/?p=9942#article\",\"isPartOf\":{\"@id\":\"https:\\\/\\\/portalmaisagro.com\\\/?p=9942\"},\"author\":{\"name\":\"Taiane do Carmo\",\"@id\":\"https:\\\/\\\/portalmaisagro.com\\\/#\\\/schema\\\/person\\\/ade0f16b5a3434e1ec47b1fbdb9b9318\"},\"headline\":\"Exporta\u00e7\u00f5es de gr\u00e3os crescem e fretes oscilam nos principais corredores log\u00edsticos do pa\u00eds\",\"datePublished\":\"2026-09-02T11:47:49+00:00\",\"mainEntityOfPage\":{\"@id\":\"https:\\\/\\\/portalmaisagro.com\\\/?p=9942\"},\"wordCount\":860,\"publisher\":{\"@id\":\"https:\\\/\\\/portalmaisagro.com\\\/#organization\"},\"image\":{\"@id\":\"https:\\\/\\\/portalmaisagro.com\\\/?p=9942#primaryimage\"},\"thumbnailUrl\":\"https:\\\/\\\/portalmaisagro.com\\\/wp-content\\\/uploads\\\/2026\\\/09\\\/c25379bb-f294-49d4-835e-0448b2e91332.png\",\"articleSection\":[\"AGRICULTURA\",\"DESTAQUES\"],\"inLanguage\":\"pt-BR\"},{\"@type\":\"WebPage\",\"@id\":\"https:\\\/\\\/portalmaisagro.com\\\/?p=9942\",\"url\":\"https:\\\/\\\/portalmaisagro.com\\\/?p=9942\",\"name\":\"Exporta\u00e7\u00f5es de gr\u00e3os crescem e fretes oscilam nos principais corredores log\u00edsticos do pa\u00eds - MaisAgro\",\"isPartOf\":{\"@id\":\"https:\\\/\\\/portalmaisagro.com\\\/#website\"},\"primaryImageOfPage\":{\"@id\":\"https:\\\/\\\/portalmaisagro.com\\\/?p=9942#primaryimage\"},\"image\":{\"@id\":\"https:\\\/\\\/portalmaisagro.com\\\/?p=9942#primaryimage\"},\"thumbnailUrl\":\"https:\\\/\\\/portalmaisagro.com\\\/wp-content\\\/uploads\\\/2026\\\/09\\\/c25379bb-f294-49d4-835e-0448b2e91332.png\",\"datePublished\":\"2026-09-02T11:47:49+00:00\",\"breadcrumb\":{\"@id\":\"https:\\\/\\\/portalmaisagro.com\\\/?p=9942#breadcrumb\"},\"inLanguage\":\"pt-BR\",\"potentialAction\":[{\"@type\":\"ReadAction\",\"target\":[\"https:\\\/\\\/portalmaisagro.com\\\/?p=9942\"]}]},{\"@type\":\"ImageObject\",\"inLanguage\":\"pt-BR\",\"@id\":\"https:\\\/\\\/portalmaisagro.com\\\/?p=9942#primaryimage\",\"url\":\"https:\\\/\\\/portalmaisagro.com\\\/wp-content\\\/uploads\\\/2026\\\/09\\\/c25379bb-f294-49d4-835e-0448b2e91332.png\",\"contentUrl\":\"https:\\\/\\\/portalmaisagro.com\\\/wp-content\\\/uploads\\\/2026\\\/09\\\/c25379bb-f294-49d4-835e-0448b2e91332.png\",\"width\":768,\"height\":506},{\"@type\":\"BreadcrumbList\",\"@id\":\"https:\\\/\\\/portalmaisagro.com\\\/?p=9942#breadcrumb\",\"itemListElement\":[{\"@type\":\"ListItem\",\"position\":1,\"name\":\"In\u00edcio\",\"item\":\"https:\\\/\\\/portalmaisagro.com\\\/\"},{\"@type\":\"ListItem\",\"position\":2,\"name\":\"Exporta\u00e7\u00f5es de gr\u00e3os crescem e fretes oscilam nos principais corredores log\u00edsticos do pa\u00eds\"}]},{\"@type\":\"WebSite\",\"@id\":\"https:\\\/\\\/portalmaisagro.com\\\/#website\",\"url\":\"https:\\\/\\\/portalmaisagro.com\\\/\",\"name\":\"MaisAgro\",\"description\":\"O portal do agroneg\u00f3cio\",\"publisher\":{\"@id\":\"https:\\\/\\\/portalmaisagro.com\\\/#organization\"},\"potentialAction\":[{\"@type\":\"SearchAction\",\"target\":{\"@type\":\"EntryPoint\",\"urlTemplate\":\"https:\\\/\\\/portalmaisagro.com\\\/?s={search_term_string}\"},\"query-input\":{\"@type\":\"PropertyValueSpecification\",\"valueRequired\":true,\"valueName\":\"search_term_string\"}}],\"inLanguage\":\"pt-BR\"},{\"@type\":\"Organization\",\"@id\":\"https:\\\/\\\/portalmaisagro.com\\\/#organization\",\"name\":\"MaisAgro\",\"url\":\"https:\\\/\\\/portalmaisagro.com\\\/\",\"logo\":{\"@type\":\"ImageObject\",\"inLanguage\":\"pt-BR\",\"@id\":\"https:\\\/\\\/portalmaisagro.com\\\/#\\\/schema\\\/logo\\\/image\\\/\",\"url\":\"https:\\\/\\\/portalmaisagro.com\\\/wp-content\\\/uploads\\\/2024\\\/11\\\/logo_oficial-e1749247575377.png\",\"contentUrl\":\"https:\\\/\\\/portalmaisagro.com\\\/wp-content\\\/uploads\\\/2024\\\/11\\\/logo_oficial-e1749247575377.png\",\"width\":513,\"height\":107,\"caption\":\"MaisAgro\"},\"image\":{\"@id\":\"https:\\\/\\\/portalmaisagro.com\\\/#\\\/schema\\\/logo\\\/image\\\/\"},\"sameAs\":[\"https:\\\/\\\/www.facebook.com\\\/maisagroportal\"]},{\"@type\":\"Person\",\"@id\":\"https:\\\/\\\/portalmaisagro.com\\\/#\\\/schema\\\/person\\\/ade0f16b5a3434e1ec47b1fbdb9b9318\",\"name\":\"Taiane do Carmo\",\"image\":{\"@type\":\"ImageObject\",\"inLanguage\":\"pt-BR\",\"@id\":\"https:\\\/\\\/portalmaisagro.com\\\/wp-content\\\/uploads\\\/2026\\\/04\\\/images.jpeg640e5d69297d7dd56cc39a10251ad7db\",\"url\":\"https:\\\/\\\/portalmaisagro.com\\\/wp-content\\\/uploads\\\/2026\\\/04\\\/images.jpeg\",\"contentUrl\":\"https:\\\/\\\/portalmaisagro.com\\\/wp-content\\\/uploads\\\/2026\\\/04\\\/images.jpeg\",\"caption\":\"Taiane do Carmo\"},\"url\":\"https:\\\/\\\/portalmaisagro.com\\\/?author=10\"}]}<\/script>\n<!-- \/ Yoast SEO plugin. -->","yoast_head_json":{"title":"Exporta\u00e7\u00f5es de gr\u00e3os crescem e fretes oscilam nos principais corredores log\u00edsticos do pa\u00eds - MaisAgro","robots":{"index":"index","follow":"follow","max-snippet":"max-snippet:-1","max-image-preview":"max-image-preview:large","max-video-preview":"max-video-preview:-1"},"canonical":"https:\/\/portalmaisagro.com\/?p=9942","og_locale":"pt_BR","og_type":"article","og_title":"Exporta\u00e7\u00f5es de gr\u00e3os crescem e fretes oscilam nos principais corredores log\u00edsticos do pa\u00eds - MaisAgro","og_description":"No acumulado at\u00e9 julho de 2026, embarques de milho registraram aumento de 10,53% e os de soja, 7,8%; Arco Norte foi respons\u00e1vel pelo maior volume das exporta\u00e7\u00f5es das duas commodities As exporta\u00e7\u00f5es de milho e soja cresceram no acumulado at\u00e9 julho de 2026, com escoamento aquecido pelos portos do Arco&hellip;","og_url":"https:\/\/portalmaisagro.com\/?p=9942","og_site_name":"MaisAgro","article_publisher":"https:\/\/www.facebook.com\/maisagroportal","article_published_time":"2026-09-02T11:47:49+00:00","og_image":[{"width":768,"height":506,"url":"https:\/\/portalmaisagro.com\/wp-content\/uploads\/2026\/09\/c25379bb-f294-49d4-835e-0448b2e91332.png","type":"image\/png"}],"author":"Taiane do Carmo","twitter_card":"summary_large_image","twitter_misc":{"Escrito por":"Taiane do Carmo","Est. tempo de leitura":"5 minutos"},"schema":{"@context":"https:\/\/schema.org","@graph":[{"@type":"Article","@id":"https:\/\/portalmaisagro.com\/?p=9942#article","isPartOf":{"@id":"https:\/\/portalmaisagro.com\/?p=9942"},"author":{"name":"Taiane do Carmo","@id":"https:\/\/portalmaisagro.com\/#\/schema\/person\/ade0f16b5a3434e1ec47b1fbdb9b9318"},"headline":"Exporta\u00e7\u00f5es de gr\u00e3os crescem e fretes oscilam nos principais corredores log\u00edsticos do pa\u00eds","datePublished":"2026-09-02T11:47:49+00:00","mainEntityOfPage":{"@id":"https:\/\/portalmaisagro.com\/?p=9942"},"wordCount":860,"publisher":{"@id":"https:\/\/portalmaisagro.com\/#organization"},"image":{"@id":"https:\/\/portalmaisagro.com\/?p=9942#primaryimage"},"thumbnailUrl":"https:\/\/portalmaisagro.com\/wp-content\/uploads\/2026\/09\/c25379bb-f294-49d4-835e-0448b2e91332.png","articleSection":["AGRICULTURA","DESTAQUES"],"inLanguage":"pt-BR"},{"@type":"WebPage","@id":"https:\/\/portalmaisagro.com\/?p=9942","url":"https:\/\/portalmaisagro.com\/?p=9942","name":"Exporta\u00e7\u00f5es de gr\u00e3os crescem e fretes oscilam nos principais corredores log\u00edsticos do pa\u00eds - MaisAgro","isPartOf":{"@id":"https:\/\/portalmaisagro.com\/#website"},"primaryImageOfPage":{"@id":"https:\/\/portalmaisagro.com\/?p=9942#primaryimage"},"image":{"@id":"https:\/\/portalmaisagro.com\/?p=9942#primaryimage"},"thumbnailUrl":"https:\/\/portalmaisagro.com\/wp-content\/uploads\/2026\/09\/c25379bb-f294-49d4-835e-0448b2e91332.png","datePublished":"2026-09-02T11:47:49+00:00","breadcrumb":{"@id":"https:\/\/portalmaisagro.com\/?p=9942#breadcrumb"},"inLanguage":"pt-BR","potentialAction":[{"@type":"ReadAction","target":["https:\/\/portalmaisagro.com\/?p=9942"]}]},{"@type":"ImageObject","inLanguage":"pt-BR","@id":"https:\/\/portalmaisagro.com\/?p=9942#primaryimage","url":"https:\/\/portalmaisagro.com\/wp-content\/uploads\/2026\/09\/c25379bb-f294-49d4-835e-0448b2e91332.png","contentUrl":"https:\/\/portalmaisagro.com\/wp-content\/uploads\/2026\/09\/c25379bb-f294-49d4-835e-0448b2e91332.png","width":768,"height":506},{"@type":"BreadcrumbList","@id":"https:\/\/portalmaisagro.com\/?p=9942#breadcrumb","itemListElement":[{"@type":"ListItem","position":1,"name":"In\u00edcio","item":"https:\/\/portalmaisagro.com\/"},{"@type":"ListItem","position":2,"name":"Exporta\u00e7\u00f5es de gr\u00e3os crescem e fretes oscilam nos principais corredores log\u00edsticos do pa\u00eds"}]},{"@type":"WebSite","@id":"https:\/\/portalmaisagro.com\/#website","url":"https:\/\/portalmaisagro.com\/","name":"MaisAgro","description":"O portal do agroneg\u00f3cio","publisher":{"@id":"https:\/\/portalmaisagro.com\/#organization"},"potentialAction":[{"@type":"SearchAction","target":{"@type":"EntryPoint","urlTemplate":"https:\/\/portalmaisagro.com\/?s={search_term_string}"},"query-input":{"@type":"PropertyValueSpecification","valueRequired":true,"valueName":"search_term_string"}}],"inLanguage":"pt-BR"},{"@type":"Organization","@id":"https:\/\/portalmaisagro.com\/#organization","name":"MaisAgro","url":"https:\/\/portalmaisagro.com\/","logo":{"@type":"ImageObject","inLanguage":"pt-BR","@id":"https:\/\/portalmaisagro.com\/#\/schema\/logo\/image\/","url":"https:\/\/portalmaisagro.com\/wp-content\/uploads\/2024\/11\/logo_oficial-e1749247575377.png","contentUrl":"https:\/\/portalmaisagro.com\/wp-content\/uploads\/2024\/11\/logo_oficial-e1749247575377.png","width":513,"height":107,"caption":"MaisAgro"},"image":{"@id":"https:\/\/portalmaisagro.com\/#\/schema\/logo\/image\/"},"sameAs":["https:\/\/www.facebook.com\/maisagroportal"]},{"@type":"Person","@id":"https:\/\/portalmaisagro.com\/#\/schema\/person\/ade0f16b5a3434e1ec47b1fbdb9b9318","name":"Taiane do Carmo","image":{"@type":"ImageObject","inLanguage":"pt-BR","@id":"https:\/\/portalmaisagro.com\/wp-content\/uploads\/2026\/04\/images.jpeg640e5d69297d7dd56cc39a10251ad7db","url":"https:\/\/portalmaisagro.com\/wp-content\/uploads\/2026\/04\/images.jpeg","contentUrl":"https:\/\/portalmaisagro.com\/wp-content\/uploads\/2026\/04\/images.jpeg","caption":"Taiane do Carmo"},"url":"https:\/\/portalmaisagro.com\/?author=10"}]}},"jetpack_publicize_connections":[],"authors":[],"_links":{"self":[{"href":"https:\/\/portalmaisagro.com\/index.php?rest_route=\/wp\/v2\/posts\/9942","targetHints":{"allow":["GET"]}}],"collection":[{"href":"https:\/\/portalmaisagro.com\/index.php?rest_route=\/wp\/v2\/posts"}],"about":[{"href":"https:\/\/portalmaisagro.com\/index.php?rest_route=\/wp\/v2\/types\/post"}],"author":[{"embeddable":true,"href":"https:\/\/portalmaisagro.com\/index.php?rest_route=\/wp\/v2\/users\/10"}],"replies":[{"embeddable":true,"href":"https:\/\/portalmaisagro.com\/index.php?rest_route=%2Fwp%2Fv2%2Fcomments&post=9942"}],"version-history":[{"count":1,"href":"https:\/\/portalmaisagro.com\/index.php?rest_route=\/wp\/v2\/posts\/9942\/revisions"}],"predecessor-version":[{"id":9945,"href":"https:\/\/portalmaisagro.com\/index.php?rest_route=\/wp\/v2\/posts\/9942\/revisions\/9945"}],"wp:featuredmedia":[{"embeddable":true,"href":"https:\/\/portalmaisagro.com\/index.php?rest_route=\/wp\/v2\/media\/9944"}],"wp:attachment":[{"href":"https:\/\/portalmaisagro.com\/index.php?rest_route=%2Fwp%2Fv2%2Fmedia&parent=9942"}],"wp:term":[{"taxonomy":"category","embeddable":true,"href":"https:\/\/portalmaisagro.com\/index.php?rest_route=%2Fwp%2Fv2%2Fcategories&post=9942"},{"taxonomy":"post_tag","embeddable":true,"href":"https:\/\/portalmaisagro.com\/index.php?rest_route=%2Fwp%2Fv2%2Ftags&post=9942"}],"curies":[{"name":"wp","href":"https:\/\/api.w.org\/{rel}","templated":true}]}}