{"id":9930,"date":"2026-09-01T10:48:59","date_gmt":"2026-09-01T13:48:59","guid":{"rendered":"https:\/\/portalmaisagro.com\/?p=9930"},"modified":"2026-09-01T10:54:46","modified_gmt":"2026-09-01T13:54:46","slug":"projeto-libera-venda-intermunicipal-e-interestadual-de-alimentos-artesanais-da-agricultura-familiar","status":"publish","type":"post","link":"https:\/\/portalmaisagro.com\/?p=9930","title":{"rendered":"Projeto libera venda intermunicipal e interestadual de alimentos artesanais da agricultura familiar"},"content":{"rendered":"<p style=\"text-align: justify\"><em>Texto ser\u00e1 analisado, em car\u00e1ter conclusivo, pelas comiss\u00f5es de Agricultura, Pecu\u00e1ria, Abastecimento e Desenvolvimento Rural; e de Constitui\u00e7\u00e3o e Justi\u00e7a e de Cidadania<\/em><\/p>\n<p style=\"text-align: justify\"><a href=\"https:\/\/www.camara.leg.br\/proposicoesWeb\/fichadetramitacao?idProposicao=2619995\">O Projeto de Lei 2071\/26<\/a> autoriza o com\u00e9rcio intermunicipal e interestadual de produtos que tenham inspe\u00e7\u00e3o dos Servi\u00e7os de Inspe\u00e7\u00e3o Municipal (SIM) e se enquadrem como alimentos artesanais e tradicionais da agricultura familiar.<\/p>\n<p style=\"text-align: justify\">Pelo texto em an\u00e1lise na C\u00e2mara dos Deputados, a regra valer\u00e1 para a produ\u00e7\u00e3o familiar, artesanal e de pequeno porte, sem a exig\u00eancia de ades\u00e3o do munic\u00edpio ao Sistema Brasileiro de Inspe\u00e7\u00e3o de Produtos de Origem Animal (Sisbi-Poa).<\/p>\n<p style=\"text-align: justify\">A proposta altera a <a href=\"https:\/\/www2.camara.gov.br\/legin\/fed\/lei\/1991\/lei-8171-17-janeiro-1991-365106-norma-pl.html\" target=\"_blank\" rel=\"noopener\">Lei da Pol\u00edtica Agr\u00edcola<\/a>. Pelo texto, o Minist\u00e9rio da Agricultura e Pecu\u00e1ria ter\u00e1 180 dias para regulamentar o assunto, ou a venda intermunicipal e interestadual dos produtos ficar\u00e1 autorizada at\u00e9 a defini\u00e7\u00e3o das regras.<\/p>\n<h3 style=\"text-align: justify\">Pr\u00f3ximos passos<\/h3>\n<p style=\"text-align: justify\">A proposta ser\u00e1 analisada, em <span class=\"termoglossario\"><span style=\"color: #5f5f5e\">car\u00e1ter conclusivo<\/span><\/span>, pelas comiss\u00f5es de Agricultura, Pecu\u00e1ria, Abastecimento e Desenvolvimento Rural; e de Constitui\u00e7\u00e3o e Justi\u00e7a e de Cidadania.<\/p>\n<p style=\"text-align: justify\">A \u00faltima atua\u00e7\u00e3o legislativa \u00e9 do dia 16 de junho de 2026. O despacho informa que o projeto de lei aguarda Designa\u00e7\u00e3o de Relator(a) na Comiss\u00e3o de Agricultura, Pecu\u00e1ria, Abastecimento e Desenvolvimento Rural (CAPADR)<\/p>\n<p style=\"text-align: justify\">Para virar lei, ter\u00e1 de ser aprovada pela C\u00e2mara e pelo Senado.<\/p>\n<p style=\"text-align: justify\">Fonte: Ag\u00eancia C\u00e2mara de Not\u00edcias<\/p>\n<p>Foto: Sofiiashunkina<\/p>\n<p><img loading=\"lazy\" decoding=\"async\" class=\"alignnone wp-image-9754\" src=\"https:\/\/portalmaisagro.com\/wp-content\/uploads\/2026\/08\/WhatsApp-Image-2026-08-11-at-10.28.27-1-2.jpeg\" alt=\"\" width=\"242\" height=\"318\" srcset=\"https:\/\/portalmaisagro.com\/wp-content\/uploads\/2026\/08\/WhatsApp-Image-2026-08-11-at-10.28.27-1-2.jpeg 298w, https:\/\/portalmaisagro.com\/wp-content\/uploads\/2026\/08\/WhatsApp-Image-2026-08-11-at-10.28.27-1-2-229x300.jpeg 229w, https:\/\/portalmaisagro.com\/wp-content\/uploads\/2026\/08\/WhatsApp-Image-2026-08-11-at-10.28.27-1-2-150x197.jpeg 150w\" sizes=\"auto, (max-width: 242px) 100vw, 242px\" \/><\/p>\n<p><a href=\"https:\/\/digital.agriculturafamiliar.agr.br\/pub\/agriculturafamiliar\/#page\/147\"><strong><em>Conte\u00fado exclusivo de empresas participantes do Anu\u00e1rio Brasileiro do Agroneg\u00f3cio e Agricultura Familiar \u2013 LEIA O ANU\u00c1RIO GRATUITAMENTE<\/em><\/strong><\/a><\/p>\n","protected":false},"excerpt":{"rendered":"<p>Texto ser\u00e1 analisado, em car\u00e1ter conclusivo, pelas comiss\u00f5es de Agricultura, Pecu\u00e1ria, Abastecimento e Desenvolvimento Rural; e de Constitui\u00e7\u00e3o e Justi\u00e7a e de Cidadania O Projeto de Lei 2071\/26 autoriza o com\u00e9rcio intermunicipal e interestadual de produtos que tenham inspe\u00e7\u00e3o dos Servi\u00e7os de Inspe\u00e7\u00e3o Municipal (SIM) e se enquadrem como alimentos&hellip;<\/p>\n","protected":false},"author":10,"featured_media":9931,"comment_status":"closed","ping_status":"closed","sticky":false,"template":"","format":"standard","meta":{"footnotes":"","jetpack_publicize_message":"","jetpack_publicize_feature_enabled":true,"jetpack_social_post_already_shared":true,"jetpack_social_options":{"image_generator_settings":{"template":"highway","default_image_id":0,"font":"","enabled":false},"version":2},"_members_access_role":[],"_members_access_error":""},"categories":[16,131],"tags":[],"class_list":["post-9930","post","type-post","status-publish","format-standard","has-post-thumbnail","hentry","category-agricultura-familiar","category-destaques"],"yoast_head":"<!-- This site is optimized with the Yoast SEO plugin v28.1 - https:\/\/yoast.com\/product\/yoast-seo-wordpress\/ -->\n<title>Projeto libera venda intermunicipal e interestadual de alimentos artesanais da agricultura familiar - MaisAgro<\/title>\n<meta name=\"robots\" content=\"index, follow, max-snippet:-1, max-image-preview:large, max-video-preview:-1\" \/>\n<link rel=\"canonical\" href=\"https:\/\/portalmaisagro.com\/?p=9930\" \/>\n<meta property=\"og:locale\" content=\"pt_BR\" \/>\n<meta property=\"og:type\" content=\"article\" \/>\n<meta property=\"og:title\" content=\"Projeto libera venda intermunicipal e interestadual de alimentos artesanais da agricultura familiar - MaisAgro\" \/>\n<meta property=\"og:description\" content=\"Texto ser\u00e1 analisado, em car\u00e1ter conclusivo, pelas comiss\u00f5es de Agricultura, Pecu\u00e1ria, Abastecimento e Desenvolvimento Rural; e de Constitui\u00e7\u00e3o e Justi\u00e7a e de Cidadania O Projeto de Lei 2071\/26 autoriza o com\u00e9rcio intermunicipal e interestadual de produtos que tenham inspe\u00e7\u00e3o dos Servi\u00e7os de Inspe\u00e7\u00e3o Municipal (SIM) e se enquadrem como alimentos&hellip;\" \/>\n<meta property=\"og:url\" content=\"https:\/\/portalmaisagro.com\/?p=9930\" \/>\n<meta property=\"og:site_name\" content=\"MaisAgro\" \/>\n<meta property=\"article:publisher\" content=\"https:\/\/www.facebook.com\/maisagroportal\" \/>\n<meta property=\"article:published_time\" content=\"2026-09-01T13:48:59+00:00\" \/>\n<meta property=\"article:modified_time\" content=\"2026-09-01T13:54:46+00:00\" \/>\n<meta property=\"og:image\" content=\"https:\/\/portalmaisagro.com\/wp-content\/uploads\/2026\/09\/woman-and-girl-holding-hands-while-walking-through-2026-05-08-18-58-52-utc-scaled.jpg\" \/>\n\t<meta property=\"og:image:width\" content=\"2560\" \/>\n\t<meta property=\"og:image:height\" content=\"1707\" \/>\n\t<meta property=\"og:image:type\" content=\"image\/jpeg\" \/>\n<meta name=\"author\" content=\"Taiane do Carmo\" \/>\n<meta name=\"twitter:card\" content=\"summary_large_image\" \/>\n<meta name=\"twitter:label1\" content=\"Escrito por\" \/>\n\t<meta name=\"twitter:data1\" content=\"Taiane do Carmo\" \/>\n\t<meta name=\"twitter:label2\" content=\"Est. tempo de leitura\" \/>\n\t<meta name=\"twitter:data2\" content=\"2 minutos\" \/>\n<script type=\"application\/ld+json\" class=\"yoast-schema-graph\">{\"@context\":\"https:\\\/\\\/schema.org\",\"@graph\":[{\"@type\":\"Article\",\"@id\":\"https:\\\/\\\/portalmaisagro.com\\\/?p=9930#article\",\"isPartOf\":{\"@id\":\"https:\\\/\\\/portalmaisagro.com\\\/?p=9930\"},\"author\":{\"name\":\"Taiane do Carmo\",\"@id\":\"https:\\\/\\\/portalmaisagro.com\\\/#\\\/schema\\\/person\\\/ade0f16b5a3434e1ec47b1fbdb9b9318\"},\"headline\":\"Projeto libera venda intermunicipal e interestadual de alimentos artesanais da agricultura familiar\",\"datePublished\":\"2026-09-01T13:48:59+00:00\",\"dateModified\":\"2026-09-01T13:54:46+00:00\",\"mainEntityOfPage\":{\"@id\":\"https:\\\/\\\/portalmaisagro.com\\\/?p=9930\"},\"wordCount\":275,\"publisher\":{\"@id\":\"https:\\\/\\\/portalmaisagro.com\\\/#organization\"},\"image\":{\"@id\":\"https:\\\/\\\/portalmaisagro.com\\\/?p=9930#primaryimage\"},\"thumbnailUrl\":\"https:\\\/\\\/portalmaisagro.com\\\/wp-content\\\/uploads\\\/2026\\\/09\\\/woman-and-girl-holding-hands-while-walking-through-2026-05-08-18-58-52-utc-scaled.jpg\",\"articleSection\":[\"AGRICULTURA FAMILIAR\",\"DESTAQUES\"],\"inLanguage\":\"pt-BR\"},{\"@type\":\"WebPage\",\"@id\":\"https:\\\/\\\/portalmaisagro.com\\\/?p=9930\",\"url\":\"https:\\\/\\\/portalmaisagro.com\\\/?p=9930\",\"name\":\"Projeto libera venda intermunicipal e interestadual de alimentos artesanais da agricultura familiar - MaisAgro\",\"isPartOf\":{\"@id\":\"https:\\\/\\\/portalmaisagro.com\\\/#website\"},\"primaryImageOfPage\":{\"@id\":\"https:\\\/\\\/portalmaisagro.com\\\/?p=9930#primaryimage\"},\"image\":{\"@id\":\"https:\\\/\\\/portalmaisagro.com\\\/?p=9930#primaryimage\"},\"thumbnailUrl\":\"https:\\\/\\\/portalmaisagro.com\\\/wp-content\\\/uploads\\\/2026\\\/09\\\/woman-and-girl-holding-hands-while-walking-through-2026-05-08-18-58-52-utc-scaled.jpg\",\"datePublished\":\"2026-09-01T13:48:59+00:00\",\"dateModified\":\"2026-09-01T13:54:46+00:00\",\"breadcrumb\":{\"@id\":\"https:\\\/\\\/portalmaisagro.com\\\/?p=9930#breadcrumb\"},\"inLanguage\":\"pt-BR\",\"potentialAction\":[{\"@type\":\"ReadAction\",\"target\":[\"https:\\\/\\\/portalmaisagro.com\\\/?p=9930\"]}]},{\"@type\":\"ImageObject\",\"inLanguage\":\"pt-BR\",\"@id\":\"https:\\\/\\\/portalmaisagro.com\\\/?p=9930#primaryimage\",\"url\":\"https:\\\/\\\/portalmaisagro.com\\\/wp-content\\\/uploads\\\/2026\\\/09\\\/woman-and-girl-holding-hands-while-walking-through-2026-05-08-18-58-52-utc-scaled.jpg\",\"contentUrl\":\"https:\\\/\\\/portalmaisagro.com\\\/wp-content\\\/uploads\\\/2026\\\/09\\\/woman-and-girl-holding-hands-while-walking-through-2026-05-08-18-58-52-utc-scaled.jpg\",\"width\":2560,\"height\":1707,\"caption\":\"A farmer and a child walk hand-in-hand through a lush green field, symbolizing generational connection and agricultural heritage\"},{\"@type\":\"BreadcrumbList\",\"@id\":\"https:\\\/\\\/portalmaisagro.com\\\/?p=9930#breadcrumb\",\"itemListElement\":[{\"@type\":\"ListItem\",\"position\":1,\"name\":\"In\u00edcio\",\"item\":\"https:\\\/\\\/portalmaisagro.com\\\/\"},{\"@type\":\"ListItem\",\"position\":2,\"name\":\"Projeto libera venda intermunicipal e interestadual de alimentos artesanais da agricultura familiar\"}]},{\"@type\":\"WebSite\",\"@id\":\"https:\\\/\\\/portalmaisagro.com\\\/#website\",\"url\":\"https:\\\/\\\/portalmaisagro.com\\\/\",\"name\":\"MaisAgro\",\"description\":\"O portal do agroneg\u00f3cio\",\"publisher\":{\"@id\":\"https:\\\/\\\/portalmaisagro.com\\\/#organization\"},\"potentialAction\":[{\"@type\":\"SearchAction\",\"target\":{\"@type\":\"EntryPoint\",\"urlTemplate\":\"https:\\\/\\\/portalmaisagro.com\\\/?s={search_term_string}\"},\"query-input\":{\"@type\":\"PropertyValueSpecification\",\"valueRequired\":true,\"valueName\":\"search_term_string\"}}],\"inLanguage\":\"pt-BR\"},{\"@type\":\"Organization\",\"@id\":\"https:\\\/\\\/portalmaisagro.com\\\/#organization\",\"name\":\"MaisAgro\",\"url\":\"https:\\\/\\\/portalmaisagro.com\\\/\",\"logo\":{\"@type\":\"ImageObject\",\"inLanguage\":\"pt-BR\",\"@id\":\"https:\\\/\\\/portalmaisagro.com\\\/#\\\/schema\\\/logo\\\/image\\\/\",\"url\":\"https:\\\/\\\/portalmaisagro.com\\\/wp-content\\\/uploads\\\/2024\\\/11\\\/logo_oficial-e1749247575377.png\",\"contentUrl\":\"https:\\\/\\\/portalmaisagro.com\\\/wp-content\\\/uploads\\\/2024\\\/11\\\/logo_oficial-e1749247575377.png\",\"width\":513,\"height\":107,\"caption\":\"MaisAgro\"},\"image\":{\"@id\":\"https:\\\/\\\/portalmaisagro.com\\\/#\\\/schema\\\/logo\\\/image\\\/\"},\"sameAs\":[\"https:\\\/\\\/www.facebook.com\\\/maisagroportal\"]},{\"@type\":\"Person\",\"@id\":\"https:\\\/\\\/portalmaisagro.com\\\/#\\\/schema\\\/person\\\/ade0f16b5a3434e1ec47b1fbdb9b9318\",\"name\":\"Taiane do Carmo\",\"image\":{\"@type\":\"ImageObject\",\"inLanguage\":\"pt-BR\",\"@id\":\"https:\\\/\\\/portalmaisagro.com\\\/wp-content\\\/uploads\\\/2026\\\/04\\\/images.jpeg640e5d69297d7dd56cc39a10251ad7db\",\"url\":\"https:\\\/\\\/portalmaisagro.com\\\/wp-content\\\/uploads\\\/2026\\\/04\\\/images.jpeg\",\"contentUrl\":\"https:\\\/\\\/portalmaisagro.com\\\/wp-content\\\/uploads\\\/2026\\\/04\\\/images.jpeg\",\"caption\":\"Taiane do Carmo\"},\"url\":\"https:\\\/\\\/portalmaisagro.com\\\/?author=10\"}]}<\/script>\n<!-- \/ Yoast SEO plugin. -->","yoast_head_json":{"title":"Projeto libera venda intermunicipal e interestadual de alimentos artesanais da agricultura familiar - MaisAgro","robots":{"index":"index","follow":"follow","max-snippet":"max-snippet:-1","max-image-preview":"max-image-preview:large","max-video-preview":"max-video-preview:-1"},"canonical":"https:\/\/portalmaisagro.com\/?p=9930","og_locale":"pt_BR","og_type":"article","og_title":"Projeto libera venda intermunicipal e interestadual de alimentos artesanais da agricultura familiar - MaisAgro","og_description":"Texto ser\u00e1 analisado, em car\u00e1ter conclusivo, pelas comiss\u00f5es de Agricultura, Pecu\u00e1ria, Abastecimento e Desenvolvimento Rural; e de Constitui\u00e7\u00e3o e Justi\u00e7a e de Cidadania O Projeto de Lei 2071\/26 autoriza o com\u00e9rcio intermunicipal e interestadual de produtos que tenham inspe\u00e7\u00e3o dos Servi\u00e7os de Inspe\u00e7\u00e3o Municipal (SIM) e se enquadrem como alimentos&hellip;","og_url":"https:\/\/portalmaisagro.com\/?p=9930","og_site_name":"MaisAgro","article_publisher":"https:\/\/www.facebook.com\/maisagroportal","article_published_time":"2026-09-01T13:48:59+00:00","article_modified_time":"2026-09-01T13:54:46+00:00","og_image":[{"width":2560,"height":1707,"url":"https:\/\/portalmaisagro.com\/wp-content\/uploads\/2026\/09\/woman-and-girl-holding-hands-while-walking-through-2026-05-08-18-58-52-utc-scaled.jpg","type":"image\/jpeg"}],"author":"Taiane do Carmo","twitter_card":"summary_large_image","twitter_misc":{"Escrito por":"Taiane do Carmo","Est. tempo de leitura":"2 minutos"},"schema":{"@context":"https:\/\/schema.org","@graph":[{"@type":"Article","@id":"https:\/\/portalmaisagro.com\/?p=9930#article","isPartOf":{"@id":"https:\/\/portalmaisagro.com\/?p=9930"},"author":{"name":"Taiane do Carmo","@id":"https:\/\/portalmaisagro.com\/#\/schema\/person\/ade0f16b5a3434e1ec47b1fbdb9b9318"},"headline":"Projeto libera venda intermunicipal e interestadual de alimentos artesanais da agricultura familiar","datePublished":"2026-09-01T13:48:59+00:00","dateModified":"2026-09-01T13:54:46+00:00","mainEntityOfPage":{"@id":"https:\/\/portalmaisagro.com\/?p=9930"},"wordCount":275,"publisher":{"@id":"https:\/\/portalmaisagro.com\/#organization"},"image":{"@id":"https:\/\/portalmaisagro.com\/?p=9930#primaryimage"},"thumbnailUrl":"https:\/\/portalmaisagro.com\/wp-content\/uploads\/2026\/09\/woman-and-girl-holding-hands-while-walking-through-2026-05-08-18-58-52-utc-scaled.jpg","articleSection":["AGRICULTURA FAMILIAR","DESTAQUES"],"inLanguage":"pt-BR"},{"@type":"WebPage","@id":"https:\/\/portalmaisagro.com\/?p=9930","url":"https:\/\/portalmaisagro.com\/?p=9930","name":"Projeto libera venda intermunicipal e interestadual de alimentos artesanais da agricultura familiar - MaisAgro","isPartOf":{"@id":"https:\/\/portalmaisagro.com\/#website"},"primaryImageOfPage":{"@id":"https:\/\/portalmaisagro.com\/?p=9930#primaryimage"},"image":{"@id":"https:\/\/portalmaisagro.com\/?p=9930#primaryimage"},"thumbnailUrl":"https:\/\/portalmaisagro.com\/wp-content\/uploads\/2026\/09\/woman-and-girl-holding-hands-while-walking-through-2026-05-08-18-58-52-utc-scaled.jpg","datePublished":"2026-09-01T13:48:59+00:00","dateModified":"2026-09-01T13:54:46+00:00","breadcrumb":{"@id":"https:\/\/portalmaisagro.com\/?p=9930#breadcrumb"},"inLanguage":"pt-BR","potentialAction":[{"@type":"ReadAction","target":["https:\/\/portalmaisagro.com\/?p=9930"]}]},{"@type":"ImageObject","inLanguage":"pt-BR","@id":"https:\/\/portalmaisagro.com\/?p=9930#primaryimage","url":"https:\/\/portalmaisagro.com\/wp-content\/uploads\/2026\/09\/woman-and-girl-holding-hands-while-walking-through-2026-05-08-18-58-52-utc-scaled.jpg","contentUrl":"https:\/\/portalmaisagro.com\/wp-content\/uploads\/2026\/09\/woman-and-girl-holding-hands-while-walking-through-2026-05-08-18-58-52-utc-scaled.jpg","width":2560,"height":1707,"caption":"A farmer and a child walk hand-in-hand through a lush green field, symbolizing generational connection and agricultural heritage"},{"@type":"BreadcrumbList","@id":"https:\/\/portalmaisagro.com\/?p=9930#breadcrumb","itemListElement":[{"@type":"ListItem","position":1,"name":"In\u00edcio","item":"https:\/\/portalmaisagro.com\/"},{"@type":"ListItem","position":2,"name":"Projeto libera venda intermunicipal e interestadual de alimentos artesanais da agricultura familiar"}]},{"@type":"WebSite","@id":"https:\/\/portalmaisagro.com\/#website","url":"https:\/\/portalmaisagro.com\/","name":"MaisAgro","description":"O portal do agroneg\u00f3cio","publisher":{"@id":"https:\/\/portalmaisagro.com\/#organization"},"potentialAction":[{"@type":"SearchAction","target":{"@type":"EntryPoint","urlTemplate":"https:\/\/portalmaisagro.com\/?s={search_term_string}"},"query-input":{"@type":"PropertyValueSpecification","valueRequired":true,"valueName":"search_term_string"}}],"inLanguage":"pt-BR"},{"@type":"Organization","@id":"https:\/\/portalmaisagro.com\/#organization","name":"MaisAgro","url":"https:\/\/portalmaisagro.com\/","logo":{"@type":"ImageObject","inLanguage":"pt-BR","@id":"https:\/\/portalmaisagro.com\/#\/schema\/logo\/image\/","url":"https:\/\/portalmaisagro.com\/wp-content\/uploads\/2024\/11\/logo_oficial-e1749247575377.png","contentUrl":"https:\/\/portalmaisagro.com\/wp-content\/uploads\/2024\/11\/logo_oficial-e1749247575377.png","width":513,"height":107,"caption":"MaisAgro"},"image":{"@id":"https:\/\/portalmaisagro.com\/#\/schema\/logo\/image\/"},"sameAs":["https:\/\/www.facebook.com\/maisagroportal"]},{"@type":"Person","@id":"https:\/\/portalmaisagro.com\/#\/schema\/person\/ade0f16b5a3434e1ec47b1fbdb9b9318","name":"Taiane do Carmo","image":{"@type":"ImageObject","inLanguage":"pt-BR","@id":"https:\/\/portalmaisagro.com\/wp-content\/uploads\/2026\/04\/images.jpeg640e5d69297d7dd56cc39a10251ad7db","url":"https:\/\/portalmaisagro.com\/wp-content\/uploads\/2026\/04\/images.jpeg","contentUrl":"https:\/\/portalmaisagro.com\/wp-content\/uploads\/2026\/04\/images.jpeg","caption":"Taiane do Carmo"},"url":"https:\/\/portalmaisagro.com\/?author=10"}]}},"jetpack_publicize_connections":[],"authors":[],"_links":{"self":[{"href":"https:\/\/portalmaisagro.com\/index.php?rest_route=\/wp\/v2\/posts\/9930","targetHints":{"allow":["GET"]}}],"collection":[{"href":"https:\/\/portalmaisagro.com\/index.php?rest_route=\/wp\/v2\/posts"}],"about":[{"href":"https:\/\/portalmaisagro.com\/index.php?rest_route=\/wp\/v2\/types\/post"}],"author":[{"embeddable":true,"href":"https:\/\/portalmaisagro.com\/index.php?rest_route=\/wp\/v2\/users\/10"}],"replies":[{"embeddable":true,"href":"https:\/\/portalmaisagro.com\/index.php?rest_route=%2Fwp%2Fv2%2Fcomments&post=9930"}],"version-history":[{"count":4,"href":"https:\/\/portalmaisagro.com\/index.php?rest_route=\/wp\/v2\/posts\/9930\/revisions"}],"predecessor-version":[{"id":9935,"href":"https:\/\/portalmaisagro.com\/index.php?rest_route=\/wp\/v2\/posts\/9930\/revisions\/9935"}],"wp:featuredmedia":[{"embeddable":true,"href":"https:\/\/portalmaisagro.com\/index.php?rest_route=\/wp\/v2\/media\/9931"}],"wp:attachment":[{"href":"https:\/\/portalmaisagro.com\/index.php?rest_route=%2Fwp%2Fv2%2Fmedia&parent=9930"}],"wp:term":[{"taxonomy":"category","embeddable":true,"href":"https:\/\/portalmaisagro.com\/index.php?rest_route=%2Fwp%2Fv2%2Fcategories&post=9930"},{"taxonomy":"post_tag","embeddable":true,"href":"https:\/\/portalmaisagro.com\/index.php?rest_route=%2Fwp%2Fv2%2Ftags&post=9930"}],"curies":[{"name":"wp","href":"https:\/\/api.w.org\/{rel}","templated":true}]}}