{"id":9921,"date":"2026-09-01T09:59:27","date_gmt":"2026-09-01T12:59:27","guid":{"rendered":"https:\/\/portalmaisagro.com\/?p=9921"},"modified":"2026-09-01T09:59:27","modified_gmt":"2026-09-01T12:59:27","slug":"na-expointer-2026-cresol-participa-da-programacao-do-dia-c","status":"publish","type":"post","link":"https:\/\/portalmaisagro.com\/?p=9921","title":{"rendered":"Na Expointer 2026, Cresol participa da programa\u00e7\u00e3o do Dia C"},"content":{"rendered":"<p style=\"text-align: justify\"><em>Cooperativa integrou a programa\u00e7\u00e3o promovida pelo Sistema Ocergs na Expointer, com oficina de educa\u00e7\u00e3o financeira e participa\u00e7\u00e3o no Fala Coop<\/em><\/p>\n<p class=\"wp-block-paragraph\" style=\"text-align: justify\">A\u00a0Cresol,\u00a0institui\u00e7\u00e3o financeira cooperativa,\u00a0esteve presente na programa\u00e7\u00e3o do\u00a0Dia C \u2013 Dia de Cooperar, realizada neste s\u00e1bado, dia 29 de agosto, durante a\u00a049\u00aa Expointer, em uma iniciativa promovida em parceria com o\u00a0<a href=\"https:\/\/somoscooperativismo-rs.coop.br\/\" target=\"_blank\" rel=\"noreferrer noopener nofollow\">Sistema Ocergs<\/a>\u00a0(Organiza\u00e7\u00e3o das Cooperativas do Estado do Rio Grande do Sul). A a\u00e7\u00e3o reuniu cooperativas de diferentes segmentos em um momento de integra\u00e7\u00e3o e valoriza\u00e7\u00e3o do cooperativismo ga\u00facho.<\/p>\n<p class=\"wp-block-paragraph\" style=\"text-align: justify\">A programa\u00e7\u00e3o proporcionou ao p\u00fablico da Expointer uma experi\u00eancia que foi al\u00e9m da exposi\u00e7\u00e3o de produtos e servi\u00e7os, apresentando o cooperativismo como um movimento que promove educa\u00e7\u00e3o, desenvolvimento, inclus\u00e3o, inova\u00e7\u00e3o e transforma\u00e7\u00e3o social.<\/p>\n<blockquote>\n<h3 class=\"wp-block-heading has-medium-font-size\" style=\"text-align: justify\">Fala Coop re\u00fane cooperativas<\/h3>\n<p class=\"wp-block-paragraph\" style=\"text-align: justify\">Um dos principais momentos da programa\u00e7\u00e3o foi o\u00a0Fala Coop, que reuniu representantes de diferentes cooperativas para compartilhar experi\u00eancias, projetos e iniciativas que demonstram, na pr\u00e1tica, a for\u00e7a do cooperativismo.<\/p>\n<div class=\"wp-block-media-text is-stacked-on-mobile\" style=\"text-align: justify\">\n<div class=\"wp-block-media-text__content\">\n<p class=\"wp-block-paragraph\">O programa contou com a condu\u00e7\u00e3o da comunicadora,\u00a0Rodaika, que apresentou a programa\u00e7\u00e3o de forma din\u00e2mica e aproximou os participantes dos temas apresentados. Com sua experi\u00eancia e carisma, Rodaika contribuiu para tornar o momento ainda mais interativo, valorizando as hist\u00f3rias e os projetos desenvolvidos pelas cooperativas.<\/p>\n<\/div>\n<\/div>\n<p class=\"wp-block-paragraph\" style=\"text-align: justify\">A participa\u00e7\u00e3o de diferentes cooperativas tornou o Fala Coop um espa\u00e7o de troca e conex\u00e3o, evidenciando a diversidade do sistema cooperativista e a capacidade de atua\u00e7\u00e3o em diferentes \u00e1reas da sociedade. Cada institui\u00e7\u00e3o trouxe sua perspectiva e suas iniciativas, mostrando que, embora atuem em segmentos distintos, todas compartilham um mesmo prop\u00f3sito: cooperar para transformar.<\/p>\n<p class=\"wp-block-paragraph\" style=\"text-align: justify\">O encontro tamb\u00e9m refor\u00e7ou a import\u00e2ncia da uni\u00e3o entre as cooperativas. A presen\u00e7a conjunta no Fala Coop demonstrou que a coopera\u00e7\u00e3o ganha ainda mais for\u00e7a quando diferentes institui\u00e7\u00f5es se unem para compartilhar conhecimento, experi\u00eancias e prop\u00f3sitos.<\/p>\n<\/blockquote>\n<h3 class=\"wp-block-heading has-medium-font-size\" style=\"text-align: justify\">\u201cO futuro come\u00e7a com um sonho: invista com seguran\u00e7a\u201d<\/h3>\n<p class=\"wp-block-paragraph\" style=\"text-align: justify\">Dentro da programa\u00e7\u00e3o do Dia C, a Cresol tamb\u00e9m promoveu a oficina \u201cO futuro come\u00e7a com um sonho: invista com seguran\u00e7a\u201d, voltada \u00e0 educa\u00e7\u00e3o financeira.<\/p>\n<figure class=\"wp-block-image size-large\" style=\"text-align: justify\"><\/figure>\n<p class=\"wp-block-paragraph\" style=\"text-align: justify\">A atividade teve como objetivo estimular os participantes a refletirem sobre seus sonhos e objetivos e compreenderem como o planejamento financeiro pode contribuir para transformar esses desejos em projetos poss\u00edveis.<\/p>\n<p class=\"wp-block-paragraph\" style=\"text-align: justify\">De forma leve e pr\u00e1tica, a oficina abordou temas relacionados a planejamento, organiza\u00e7\u00e3o financeira, investimentos e seguran\u00e7a, refor\u00e7ando que cuidar do futuro come\u00e7a com escolhas conscientes no presente.<\/p>\n<p class=\"wp-block-paragraph\" style=\"text-align: justify\">A proposta tamb\u00e9m buscou mostrar que investir n\u00e3o significa apenas pensar em grandes quantias ou objetivos distantes. O primeiro passo \u00e9 conhecer a pr\u00f3pria realidade financeira, definir metas e buscar alternativas que estejam de acordo com cada momento da vida.<\/p>\n<p class=\"wp-block-paragraph\" style=\"text-align: justify\">Ao levar esse conte\u00fado para a Expointer, a Cresol refor\u00e7ou seu compromisso com a educa\u00e7\u00e3o financeira e com a constru\u00e7\u00e3o de um relacionamento pr\u00f3ximo e respons\u00e1vel com seus cooperados e com a sociedade.<\/p>\n<h4 class=\"wp-block-heading has-medium-font-size\" style=\"text-align: justify\">Milki e B\u00fa tamb\u00e9m marcaram presen\u00e7a<\/h4>\n<p class=\"wp-block-paragraph\" style=\"text-align: justify\">A programa\u00e7\u00e3o contou ainda com a participa\u00e7\u00e3o dos mascotes Milki e B\u00fa, que levaram alegria e descontra\u00e7\u00e3o ao espa\u00e7o do Dia C.<\/p>\n<div class=\"wp-block-media-text is-stacked-on-mobile\" style=\"text-align: justify\">\n<figure class=\"wp-block-media-text__media\"><\/figure>\n<div class=\"wp-block-media-text__content\">\n<p class=\"wp-block-paragraph\">Os personagens interagiram com o p\u00fablico e ajudaram a criar momentos de proximidade, especialmente com as fam\u00edlias e as crian\u00e7as que passaram pelo espa\u00e7o. A presen\u00e7a dos mascotes tamb\u00e9m refor\u00e7ou a identidade da Cresol e tornou a experi\u00eancia na Expointer ainda mais acolhedora e divertida.<\/p>\n<\/div>\n<\/div>\n<h5 class=\"wp-block-heading has-medium-font-size\" style=\"text-align: justify\">Cooperar \u00e9 transformar<\/h5>\n<p class=\"wp-block-paragraph\" style=\"text-align: justify\">A participa\u00e7\u00e3o da Cresol no Dia C da Expointer refor\u00e7a a import\u00e2ncia de iniciativas que aproximam as cooperativas da sociedade e mostram os impactos positivos gerados pelo movimento cooperativista.<\/p>\n<p class=\"wp-block-paragraph\" style=\"text-align: justify\">Ao lado da Ocergs e de outras cooperativas, a Cresol participou de uma programa\u00e7\u00e3o que valoriza a coopera\u00e7\u00e3o, a educa\u00e7\u00e3o, o compartilhamento de experi\u00eancias e a constru\u00e7\u00e3o coletiva.<\/p>\n<p class=\"wp-block-paragraph\" style=\"text-align: justify\">Em meio \u00e0 grandiosidade da Expointer, o Dia C mostrou que o cooperativismo tamb\u00e9m se constr\u00f3i por meio de encontros, conhecimento e conex\u00f5es. Afinal, quando diferentes pessoas e organiza\u00e7\u00f5es se unem em torno de um prop\u00f3sito comum, novas possibilidades surgem e o futuro come\u00e7a a ser constru\u00eddo hoje.<\/p>\n<h3 class=\"wp-block-heading has-medium-font-size\" style=\"text-align: justify\">Cresol na Expointer<\/h3>\n<p class=\"wp-block-paragraph\" style=\"text-align: justify\">Expointer: 29 de agosto a 6 de setembro<\/p>\n<p class=\"wp-block-paragraph\" style=\"text-align: justify\">Local: Parque Estadual de Exposi\u00e7\u00f5es Assis Brasil, Esteio (RS)<\/p>\n<p class=\"wp-block-paragraph\" style=\"text-align: justify\">Estande Cresol: Quadra QBC 5, LT 4<\/p>\n<p class=\"wp-block-paragraph\" style=\"text-align: justify\">Casa Cresol: Quadra 12, Setor A<\/p>\n<p class=\"wp-block-paragraph\" style=\"text-align: justify\">Pavilh\u00e3o da Agricultura Familiar<\/p>\n<p class=\"wp-block-paragraph\" style=\"text-align: justify\">Festival Sou do Sul<\/p>\n<h3 class=\"wp-block-heading has-medium-font-size\" style=\"text-align: justify\">Sobre a Cresol<\/h3>\n<p class=\"wp-block-paragraph\" style=\"text-align: justify\">Com 31 anos de hist\u00f3ria, mais de 1,2 milh\u00e3o de cooperados e 1.060 ag\u00eancias de relacionamento, a Cresol \u00e9 uma das principais\u00a0institui\u00e7\u00f5es financeiras cooperativas do Brasil. Com foco no atendimento personalizado, fornece solu\u00e7\u00f5es financeiras para pessoas f\u00edsicas, empresas e empreendimentos rurais.<\/p>\n<p>Texto: Ascom Cresol<\/p>\n<p>Foto: Divulga\u00e7\u00e3o<\/p>\n<p><img loading=\"lazy\" decoding=\"async\" class=\"alignnone  wp-image-9754\" src=\"https:\/\/portalmaisagro.com\/wp-content\/uploads\/2026\/08\/WhatsApp-Image-2026-08-11-at-10.28.27-1-2.jpeg\" alt=\"\" width=\"239\" height=\"313\" srcset=\"https:\/\/portalmaisagro.com\/wp-content\/uploads\/2026\/08\/WhatsApp-Image-2026-08-11-at-10.28.27-1-2.jpeg 298w, https:\/\/portalmaisagro.com\/wp-content\/uploads\/2026\/08\/WhatsApp-Image-2026-08-11-at-10.28.27-1-2-229x300.jpeg 229w, https:\/\/portalmaisagro.com\/wp-content\/uploads\/2026\/08\/WhatsApp-Image-2026-08-11-at-10.28.27-1-2-150x197.jpeg 150w\" sizes=\"auto, (max-width: 239px) 100vw, 239px\" \/><\/p>\n<p><a href=\"https:\/\/digital.agriculturafamiliar.agr.br\/pub\/agriculturafamiliar\/#page\/147\"><strong><em>Conte\u00fado exclusivo de empresas participantes do Anu\u00e1rio Brasileiro do Agroneg\u00f3cio e Agricultura Familiar \u2013 LEIA O ANU\u00c1RIO GRATUITAMENTE<\/em><\/strong><\/a><\/p>\n","protected":false},"excerpt":{"rendered":"<p>Cooperativa integrou a programa\u00e7\u00e3o promovida pelo Sistema Ocergs na Expointer, com oficina de educa\u00e7\u00e3o financeira e participa\u00e7\u00e3o no Fala Coop A\u00a0Cresol,\u00a0institui\u00e7\u00e3o financeira cooperativa,\u00a0esteve presente na programa\u00e7\u00e3o do\u00a0Dia C \u2013 Dia de Cooperar, realizada neste s\u00e1bado, dia 29 de agosto, durante a\u00a049\u00aa Expointer, em uma iniciativa promovida em parceria com o\u00a0Sistema&hellip;<\/p>\n","protected":false},"author":10,"featured_media":9922,"comment_status":"closed","ping_status":"closed","sticky":false,"template":"","format":"standard","meta":{"footnotes":"","jetpack_publicize_message":"","jetpack_publicize_feature_enabled":true,"jetpack_social_post_already_shared":true,"jetpack_social_options":{"image_generator_settings":{"template":"highway","default_image_id":0,"font":"","enabled":false},"version":2},"_members_access_role":[],"_members_access_error":""},"categories":[131,230],"tags":[],"class_list":["post-9921","post","type-post","status-publish","format-standard","has-post-thumbnail","hentry","category-destaques","category-feiras-2"],"yoast_head":"<!-- This site is optimized with the Yoast SEO plugin v28.1 - https:\/\/yoast.com\/product\/yoast-seo-wordpress\/ -->\n<title>Na Expointer 2026, Cresol participa da programa\u00e7\u00e3o do Dia C - MaisAgro<\/title>\n<meta name=\"robots\" content=\"index, follow, max-snippet:-1, max-image-preview:large, max-video-preview:-1\" \/>\n<link rel=\"canonical\" href=\"https:\/\/portalmaisagro.com\/?p=9921\" \/>\n<meta property=\"og:locale\" content=\"pt_BR\" \/>\n<meta property=\"og:type\" content=\"article\" \/>\n<meta property=\"og:title\" content=\"Na Expointer 2026, Cresol participa da programa\u00e7\u00e3o do Dia C - MaisAgro\" \/>\n<meta property=\"og:description\" content=\"Cooperativa integrou a programa\u00e7\u00e3o promovida pelo Sistema Ocergs na Expointer, com oficina de educa\u00e7\u00e3o financeira e participa\u00e7\u00e3o no Fala Coop A\u00a0Cresol,\u00a0institui\u00e7\u00e3o financeira cooperativa,\u00a0esteve presente na programa\u00e7\u00e3o do\u00a0Dia C \u2013 Dia de Cooperar, realizada neste s\u00e1bado, dia 29 de agosto, durante a\u00a049\u00aa Expointer, em uma iniciativa promovida em parceria com o\u00a0Sistema&hellip;\" \/>\n<meta property=\"og:url\" content=\"https:\/\/portalmaisagro.com\/?p=9921\" \/>\n<meta property=\"og:site_name\" content=\"MaisAgro\" \/>\n<meta property=\"article:publisher\" content=\"https:\/\/www.facebook.com\/maisagroportal\" \/>\n<meta property=\"article:published_time\" content=\"2026-09-01T12:59:27+00:00\" \/>\n<meta property=\"og:image\" content=\"https:\/\/portalmaisagro.com\/wp-content\/uploads\/2026\/09\/Na-Expointer-2026-Cresol-participa-da-programacao-do-Dia-C-scaled-rspt41hezuxs43bzt9yjtvqtpnf8z6gu8tth4r7k4w.webp\" \/>\n\t<meta property=\"og:image:width\" content=\"1600\" \/>\n\t<meta property=\"og:image:height\" content=\"1144\" \/>\n\t<meta property=\"og:image:type\" content=\"image\/webp\" \/>\n<meta name=\"author\" content=\"Taiane do Carmo\" \/>\n<meta name=\"twitter:card\" content=\"summary_large_image\" \/>\n<meta name=\"twitter:label1\" content=\"Escrito por\" \/>\n\t<meta name=\"twitter:data1\" content=\"Taiane do Carmo\" \/>\n\t<meta name=\"twitter:label2\" content=\"Est. tempo de leitura\" \/>\n\t<meta name=\"twitter:data2\" content=\"4 minutos\" \/>\n<script type=\"application\/ld+json\" class=\"yoast-schema-graph\">{\"@context\":\"https:\\\/\\\/schema.org\",\"@graph\":[{\"@type\":\"Article\",\"@id\":\"https:\\\/\\\/portalmaisagro.com\\\/?p=9921#article\",\"isPartOf\":{\"@id\":\"https:\\\/\\\/portalmaisagro.com\\\/?p=9921\"},\"author\":{\"name\":\"Taiane do Carmo\",\"@id\":\"https:\\\/\\\/portalmaisagro.com\\\/#\\\/schema\\\/person\\\/ade0f16b5a3434e1ec47b1fbdb9b9318\"},\"headline\":\"Na Expointer 2026, Cresol participa da programa\u00e7\u00e3o do Dia C\",\"datePublished\":\"2026-09-01T12:59:27+00:00\",\"mainEntityOfPage\":{\"@id\":\"https:\\\/\\\/portalmaisagro.com\\\/?p=9921\"},\"wordCount\":846,\"publisher\":{\"@id\":\"https:\\\/\\\/portalmaisagro.com\\\/#organization\"},\"image\":{\"@id\":\"https:\\\/\\\/portalmaisagro.com\\\/?p=9921#primaryimage\"},\"thumbnailUrl\":\"https:\\\/\\\/portalmaisagro.com\\\/wp-content\\\/uploads\\\/2026\\\/09\\\/Na-Expointer-2026-Cresol-participa-da-programacao-do-Dia-C-scaled-rspt41hezuxs43bzt9yjtvqtpnf8z6gu8tth4r7k4w.webp\",\"articleSection\":[\"DESTAQUES\",\"FEIRAS\"],\"inLanguage\":\"pt-BR\"},{\"@type\":\"WebPage\",\"@id\":\"https:\\\/\\\/portalmaisagro.com\\\/?p=9921\",\"url\":\"https:\\\/\\\/portalmaisagro.com\\\/?p=9921\",\"name\":\"Na Expointer 2026, Cresol participa da programa\u00e7\u00e3o do Dia C - MaisAgro\",\"isPartOf\":{\"@id\":\"https:\\\/\\\/portalmaisagro.com\\\/#website\"},\"primaryImageOfPage\":{\"@id\":\"https:\\\/\\\/portalmaisagro.com\\\/?p=9921#primaryimage\"},\"image\":{\"@id\":\"https:\\\/\\\/portalmaisagro.com\\\/?p=9921#primaryimage\"},\"thumbnailUrl\":\"https:\\\/\\\/portalmaisagro.com\\\/wp-content\\\/uploads\\\/2026\\\/09\\\/Na-Expointer-2026-Cresol-participa-da-programacao-do-Dia-C-scaled-rspt41hezuxs43bzt9yjtvqtpnf8z6gu8tth4r7k4w.webp\",\"datePublished\":\"2026-09-01T12:59:27+00:00\",\"breadcrumb\":{\"@id\":\"https:\\\/\\\/portalmaisagro.com\\\/?p=9921#breadcrumb\"},\"inLanguage\":\"pt-BR\",\"potentialAction\":[{\"@type\":\"ReadAction\",\"target\":[\"https:\\\/\\\/portalmaisagro.com\\\/?p=9921\"]}]},{\"@type\":\"ImageObject\",\"inLanguage\":\"pt-BR\",\"@id\":\"https:\\\/\\\/portalmaisagro.com\\\/?p=9921#primaryimage\",\"url\":\"https:\\\/\\\/portalmaisagro.com\\\/wp-content\\\/uploads\\\/2026\\\/09\\\/Na-Expointer-2026-Cresol-participa-da-programacao-do-Dia-C-scaled-rspt41hezuxs43bzt9yjtvqtpnf8z6gu8tth4r7k4w.webp\",\"contentUrl\":\"https:\\\/\\\/portalmaisagro.com\\\/wp-content\\\/uploads\\\/2026\\\/09\\\/Na-Expointer-2026-Cresol-participa-da-programacao-do-Dia-C-scaled-rspt41hezuxs43bzt9yjtvqtpnf8z6gu8tth4r7k4w.webp\",\"width\":1600,\"height\":1144},{\"@type\":\"BreadcrumbList\",\"@id\":\"https:\\\/\\\/portalmaisagro.com\\\/?p=9921#breadcrumb\",\"itemListElement\":[{\"@type\":\"ListItem\",\"position\":1,\"name\":\"In\u00edcio\",\"item\":\"https:\\\/\\\/portalmaisagro.com\\\/\"},{\"@type\":\"ListItem\",\"position\":2,\"name\":\"Na Expointer 2026, Cresol participa da programa\u00e7\u00e3o do Dia C\"}]},{\"@type\":\"WebSite\",\"@id\":\"https:\\\/\\\/portalmaisagro.com\\\/#website\",\"url\":\"https:\\\/\\\/portalmaisagro.com\\\/\",\"name\":\"MaisAgro\",\"description\":\"O portal do agroneg\u00f3cio\",\"publisher\":{\"@id\":\"https:\\\/\\\/portalmaisagro.com\\\/#organization\"},\"potentialAction\":[{\"@type\":\"SearchAction\",\"target\":{\"@type\":\"EntryPoint\",\"urlTemplate\":\"https:\\\/\\\/portalmaisagro.com\\\/?s={search_term_string}\"},\"query-input\":{\"@type\":\"PropertyValueSpecification\",\"valueRequired\":true,\"valueName\":\"search_term_string\"}}],\"inLanguage\":\"pt-BR\"},{\"@type\":\"Organization\",\"@id\":\"https:\\\/\\\/portalmaisagro.com\\\/#organization\",\"name\":\"MaisAgro\",\"url\":\"https:\\\/\\\/portalmaisagro.com\\\/\",\"logo\":{\"@type\":\"ImageObject\",\"inLanguage\":\"pt-BR\",\"@id\":\"https:\\\/\\\/portalmaisagro.com\\\/#\\\/schema\\\/logo\\\/image\\\/\",\"url\":\"https:\\\/\\\/portalmaisagro.com\\\/wp-content\\\/uploads\\\/2024\\\/11\\\/logo_oficial-e1749247575377.png\",\"contentUrl\":\"https:\\\/\\\/portalmaisagro.com\\\/wp-content\\\/uploads\\\/2024\\\/11\\\/logo_oficial-e1749247575377.png\",\"width\":513,\"height\":107,\"caption\":\"MaisAgro\"},\"image\":{\"@id\":\"https:\\\/\\\/portalmaisagro.com\\\/#\\\/schema\\\/logo\\\/image\\\/\"},\"sameAs\":[\"https:\\\/\\\/www.facebook.com\\\/maisagroportal\"]},{\"@type\":\"Person\",\"@id\":\"https:\\\/\\\/portalmaisagro.com\\\/#\\\/schema\\\/person\\\/ade0f16b5a3434e1ec47b1fbdb9b9318\",\"name\":\"Taiane do Carmo\",\"image\":{\"@type\":\"ImageObject\",\"inLanguage\":\"pt-BR\",\"@id\":\"https:\\\/\\\/portalmaisagro.com\\\/wp-content\\\/uploads\\\/2026\\\/04\\\/images.jpeg640e5d69297d7dd56cc39a10251ad7db\",\"url\":\"https:\\\/\\\/portalmaisagro.com\\\/wp-content\\\/uploads\\\/2026\\\/04\\\/images.jpeg\",\"contentUrl\":\"https:\\\/\\\/portalmaisagro.com\\\/wp-content\\\/uploads\\\/2026\\\/04\\\/images.jpeg\",\"caption\":\"Taiane do Carmo\"},\"url\":\"https:\\\/\\\/portalmaisagro.com\\\/?author=10\"}]}<\/script>\n<!-- \/ Yoast SEO plugin. -->","yoast_head_json":{"title":"Na Expointer 2026, Cresol participa da programa\u00e7\u00e3o do Dia C - MaisAgro","robots":{"index":"index","follow":"follow","max-snippet":"max-snippet:-1","max-image-preview":"max-image-preview:large","max-video-preview":"max-video-preview:-1"},"canonical":"https:\/\/portalmaisagro.com\/?p=9921","og_locale":"pt_BR","og_type":"article","og_title":"Na Expointer 2026, Cresol participa da programa\u00e7\u00e3o do Dia C - MaisAgro","og_description":"Cooperativa integrou a programa\u00e7\u00e3o promovida pelo Sistema Ocergs na Expointer, com oficina de educa\u00e7\u00e3o financeira e participa\u00e7\u00e3o no Fala Coop A\u00a0Cresol,\u00a0institui\u00e7\u00e3o financeira cooperativa,\u00a0esteve presente na programa\u00e7\u00e3o do\u00a0Dia C \u2013 Dia de Cooperar, realizada neste s\u00e1bado, dia 29 de agosto, durante a\u00a049\u00aa Expointer, em uma iniciativa promovida em parceria com o\u00a0Sistema&hellip;","og_url":"https:\/\/portalmaisagro.com\/?p=9921","og_site_name":"MaisAgro","article_publisher":"https:\/\/www.facebook.com\/maisagroportal","article_published_time":"2026-09-01T12:59:27+00:00","og_image":[{"width":1600,"height":1144,"url":"https:\/\/portalmaisagro.com\/wp-content\/uploads\/2026\/09\/Na-Expointer-2026-Cresol-participa-da-programacao-do-Dia-C-scaled-rspt41hezuxs43bzt9yjtvqtpnf8z6gu8tth4r7k4w.webp","type":"image\/webp"}],"author":"Taiane do Carmo","twitter_card":"summary_large_image","twitter_misc":{"Escrito por":"Taiane do Carmo","Est. tempo de leitura":"4 minutos"},"schema":{"@context":"https:\/\/schema.org","@graph":[{"@type":"Article","@id":"https:\/\/portalmaisagro.com\/?p=9921#article","isPartOf":{"@id":"https:\/\/portalmaisagro.com\/?p=9921"},"author":{"name":"Taiane do Carmo","@id":"https:\/\/portalmaisagro.com\/#\/schema\/person\/ade0f16b5a3434e1ec47b1fbdb9b9318"},"headline":"Na Expointer 2026, Cresol participa da programa\u00e7\u00e3o do Dia C","datePublished":"2026-09-01T12:59:27+00:00","mainEntityOfPage":{"@id":"https:\/\/portalmaisagro.com\/?p=9921"},"wordCount":846,"publisher":{"@id":"https:\/\/portalmaisagro.com\/#organization"},"image":{"@id":"https:\/\/portalmaisagro.com\/?p=9921#primaryimage"},"thumbnailUrl":"https:\/\/portalmaisagro.com\/wp-content\/uploads\/2026\/09\/Na-Expointer-2026-Cresol-participa-da-programacao-do-Dia-C-scaled-rspt41hezuxs43bzt9yjtvqtpnf8z6gu8tth4r7k4w.webp","articleSection":["DESTAQUES","FEIRAS"],"inLanguage":"pt-BR"},{"@type":"WebPage","@id":"https:\/\/portalmaisagro.com\/?p=9921","url":"https:\/\/portalmaisagro.com\/?p=9921","name":"Na Expointer 2026, Cresol participa da programa\u00e7\u00e3o do Dia C - MaisAgro","isPartOf":{"@id":"https:\/\/portalmaisagro.com\/#website"},"primaryImageOfPage":{"@id":"https:\/\/portalmaisagro.com\/?p=9921#primaryimage"},"image":{"@id":"https:\/\/portalmaisagro.com\/?p=9921#primaryimage"},"thumbnailUrl":"https:\/\/portalmaisagro.com\/wp-content\/uploads\/2026\/09\/Na-Expointer-2026-Cresol-participa-da-programacao-do-Dia-C-scaled-rspt41hezuxs43bzt9yjtvqtpnf8z6gu8tth4r7k4w.webp","datePublished":"2026-09-01T12:59:27+00:00","breadcrumb":{"@id":"https:\/\/portalmaisagro.com\/?p=9921#breadcrumb"},"inLanguage":"pt-BR","potentialAction":[{"@type":"ReadAction","target":["https:\/\/portalmaisagro.com\/?p=9921"]}]},{"@type":"ImageObject","inLanguage":"pt-BR","@id":"https:\/\/portalmaisagro.com\/?p=9921#primaryimage","url":"https:\/\/portalmaisagro.com\/wp-content\/uploads\/2026\/09\/Na-Expointer-2026-Cresol-participa-da-programacao-do-Dia-C-scaled-rspt41hezuxs43bzt9yjtvqtpnf8z6gu8tth4r7k4w.webp","contentUrl":"https:\/\/portalmaisagro.com\/wp-content\/uploads\/2026\/09\/Na-Expointer-2026-Cresol-participa-da-programacao-do-Dia-C-scaled-rspt41hezuxs43bzt9yjtvqtpnf8z6gu8tth4r7k4w.webp","width":1600,"height":1144},{"@type":"BreadcrumbList","@id":"https:\/\/portalmaisagro.com\/?p=9921#breadcrumb","itemListElement":[{"@type":"ListItem","position":1,"name":"In\u00edcio","item":"https:\/\/portalmaisagro.com\/"},{"@type":"ListItem","position":2,"name":"Na Expointer 2026, Cresol participa da programa\u00e7\u00e3o do Dia C"}]},{"@type":"WebSite","@id":"https:\/\/portalmaisagro.com\/#website","url":"https:\/\/portalmaisagro.com\/","name":"MaisAgro","description":"O portal do agroneg\u00f3cio","publisher":{"@id":"https:\/\/portalmaisagro.com\/#organization"},"potentialAction":[{"@type":"SearchAction","target":{"@type":"EntryPoint","urlTemplate":"https:\/\/portalmaisagro.com\/?s={search_term_string}"},"query-input":{"@type":"PropertyValueSpecification","valueRequired":true,"valueName":"search_term_string"}}],"inLanguage":"pt-BR"},{"@type":"Organization","@id":"https:\/\/portalmaisagro.com\/#organization","name":"MaisAgro","url":"https:\/\/portalmaisagro.com\/","logo":{"@type":"ImageObject","inLanguage":"pt-BR","@id":"https:\/\/portalmaisagro.com\/#\/schema\/logo\/image\/","url":"https:\/\/portalmaisagro.com\/wp-content\/uploads\/2024\/11\/logo_oficial-e1749247575377.png","contentUrl":"https:\/\/portalmaisagro.com\/wp-content\/uploads\/2024\/11\/logo_oficial-e1749247575377.png","width":513,"height":107,"caption":"MaisAgro"},"image":{"@id":"https:\/\/portalmaisagro.com\/#\/schema\/logo\/image\/"},"sameAs":["https:\/\/www.facebook.com\/maisagroportal"]},{"@type":"Person","@id":"https:\/\/portalmaisagro.com\/#\/schema\/person\/ade0f16b5a3434e1ec47b1fbdb9b9318","name":"Taiane do Carmo","image":{"@type":"ImageObject","inLanguage":"pt-BR","@id":"https:\/\/portalmaisagro.com\/wp-content\/uploads\/2026\/04\/images.jpeg640e5d69297d7dd56cc39a10251ad7db","url":"https:\/\/portalmaisagro.com\/wp-content\/uploads\/2026\/04\/images.jpeg","contentUrl":"https:\/\/portalmaisagro.com\/wp-content\/uploads\/2026\/04\/images.jpeg","caption":"Taiane do Carmo"},"url":"https:\/\/portalmaisagro.com\/?author=10"}]}},"jetpack_publicize_connections":[],"authors":[],"_links":{"self":[{"href":"https:\/\/portalmaisagro.com\/index.php?rest_route=\/wp\/v2\/posts\/9921","targetHints":{"allow":["GET"]}}],"collection":[{"href":"https:\/\/portalmaisagro.com\/index.php?rest_route=\/wp\/v2\/posts"}],"about":[{"href":"https:\/\/portalmaisagro.com\/index.php?rest_route=\/wp\/v2\/types\/post"}],"author":[{"embeddable":true,"href":"https:\/\/portalmaisagro.com\/index.php?rest_route=\/wp\/v2\/users\/10"}],"replies":[{"embeddable":true,"href":"https:\/\/portalmaisagro.com\/index.php?rest_route=%2Fwp%2Fv2%2Fcomments&post=9921"}],"version-history":[{"count":1,"href":"https:\/\/portalmaisagro.com\/index.php?rest_route=\/wp\/v2\/posts\/9921\/revisions"}],"predecessor-version":[{"id":9923,"href":"https:\/\/portalmaisagro.com\/index.php?rest_route=\/wp\/v2\/posts\/9921\/revisions\/9923"}],"wp:featuredmedia":[{"embeddable":true,"href":"https:\/\/portalmaisagro.com\/index.php?rest_route=\/wp\/v2\/media\/9922"}],"wp:attachment":[{"href":"https:\/\/portalmaisagro.com\/index.php?rest_route=%2Fwp%2Fv2%2Fmedia&parent=9921"}],"wp:term":[{"taxonomy":"category","embeddable":true,"href":"https:\/\/portalmaisagro.com\/index.php?rest_route=%2Fwp%2Fv2%2Fcategories&post=9921"},{"taxonomy":"post_tag","embeddable":true,"href":"https:\/\/portalmaisagro.com\/index.php?rest_route=%2Fwp%2Fv2%2Ftags&post=9921"}],"curies":[{"name":"wp","href":"https:\/\/api.w.org\/{rel}","templated":true}]}}