{"id":9918,"date":"2026-09-01T09:45:18","date_gmt":"2026-09-01T12:45:18","guid":{"rendered":"https:\/\/portalmaisagro.com\/?p=9918"},"modified":"2026-09-01T09:45:18","modified_gmt":"2026-09-01T12:45:18","slug":"meteorologia-preve-ciclone-extratropical-com-chuvas-em-setembro","status":"publish","type":"post","link":"https:\/\/portalmaisagro.com\/?p=9918","title":{"rendered":"Meteorologia prev\u00ea ciclone extratropical com chuvas em setembro"},"content":{"rendered":"<p style=\"text-align: justify\"><em>Previs\u00e3o vale para as regi\u00f5es Sul, Sudeste e Centro-Oeste<\/em><\/p>\n<p style=\"text-align: justify\">O Instituto Nacional de Meteorologia (Inmet) prev\u00ea para o m\u00eas de setembro, que come\u00e7a nesta ter\u00e7a-feira (1\u00ba),\u00a0 a forma\u00e7\u00e3o de um ciclone extratropical na costa da Regi\u00e3o Sul, com\u00a0 \u00e1reas de instabilidade que favorecem chuva e trovoadas no Sul, Sudeste e Centro-Oeste.\u00a0No Sul, o avan\u00e7o de uma massa de ar frio e seco provoca queda acentuada das temperaturas, enquanto o calor intenso persiste no Norte e Nordeste, com m\u00e1ximas que podem chegar a 41\u00b0C no Piau\u00ed.\u00a0<img decoding=\"async\" src=\"https:\/\/agenciabrasil.ebc.com.br\/ebc.png?id=1701206&amp;o=node\" \/><img decoding=\"async\" src=\"https:\/\/agenciabrasil.ebc.com.br\/ebc.gif?id=1701206&amp;o=node\" \/><\/p>\n<h3 style=\"text-align: justify\">Regi\u00e3o Norte<\/h3>\n<p style=\"text-align: justify\">Setembro come\u00e7a\u00a0com tempo seco e quente em grande parte da Regi\u00e3o Norte.\u00a0Nesta ter\u00e7a-feira (1), a previs\u00e3o \u00e9 de\u00a0muitas nuvens entre Roraima, Amazonas, Acre e sul de Rond\u00f4nia. As pancadas de chuva ficam apenas no centro-oeste e norte do Amazonas, e h\u00e1 possibilidade de chuva isolada no sul de Rond\u00f4nia.<\/p>\n<p style=\"text-align: justify\">Na quarta-feira (2), as \u00e1reas de instabilidade se intensificam na Regi\u00e3o Norte. Haver\u00e1 chuva com trovoadas no norte de Roraima, oeste e norte do Amazonas e oeste do Acre. Possibilidade de chuva isolada nas demais \u00e1reas de Roraima, do Amazonas e Acre, em Rond\u00f4nia, no Amap\u00e1, na faixa litor\u00e2nea e no oeste do Par\u00e1. O tempo segue firme, com poucas nuvens, no sudeste do Par\u00e1 e no Tocantins.<\/p>\n<p style=\"text-align: justify\">Em rela\u00e7\u00e3o \u00e0s temperaturas na regi\u00e3o, o calor ser\u00e1 intenso no sul da Amaz\u00f4nia. A m\u00ednima ser\u00e1 de 22\u00b0C em Rio Branco, mas a m\u00e1xima alcan\u00e7a 39\u00b0C em Palmas\u00a0e Porto Velho.<\/p>\n<h3 style=\"text-align: justify\">Nordeste<\/h3>\n<p style=\"text-align: justify\">A regi\u00e3o\u00a0come\u00e7a tamb\u00e9m com tempo firme. Nesta ter\u00e7a-feira, muitas nuvens na faixa leste, com possibilidade de chuva isolada de\u00a0manh\u00e3 entre o litoral norte da Bahia, litoral de Sergipe, Alagoas, Pernambuco e Para\u00edba, e litoral leste do Rio Grande do Norte. Nas demais \u00e1reas, c\u00e9u com poucas nuvens.<\/p>\n<p style=\"text-align: justify\">Para quarta-feira (2), a instabilidade aumenta no Nordeste, com muitas nuvens em grande parte da regi\u00e3o.\u00a0Pancadas de chuva isoladas ocorrem no litoral do Rio Grande do Norte, Para\u00edba, Pernambuco e Alagoas. H\u00e1 possibilidade de chuva isolada na regi\u00e3o central do Maranh\u00e3o, Piau\u00ed, no litoral do Cear\u00e1, incluindo as capitais S\u00e3o Lu\u00eds, Teresina e Fortaleza, bem como no oeste de Pernambuco, sudoeste do Cear\u00e1 e na Bahia.<\/p>\n<p style=\"text-align: justify\">O calor ser\u00e1 intenso, principalmente no estado do Piau\u00ed. Entre as capitais, a m\u00ednima ser\u00e1 de 21\u00b0C em Salvador e Macei\u00f3,\u00a0enquanto a m\u00e1xima chega aos 41\u00b0C em Teresina.<\/p>\n<h3 style=\"text-align: justify\">Centro-Oeste<\/h3>\n<p style=\"text-align: justify\">A ter\u00e7a-feira (1) deve ter pancadas de chuva isolada no centro-sul de Mato Grosso e de Goi\u00e1s, chegando ao Distrito Federal e ao centro-norte de Goi\u00e1s no per\u00edodo da noite.<\/p>\n<p style=\"text-align: justify\">Para quarta-feira (2), permanece a instabilidade sobre a regi\u00e3o. Apenas no extremo norte de Goi\u00e1s e no extremo nordeste de Mato Grosso n\u00e3o h\u00e1 previs\u00e3o de chuva.<\/p>\n<p style=\"text-align: justify\">Entre as capitais, a temperatura m\u00ednima ser\u00e1 de 16\u00b0C em Campo Grande\u00a0e a m\u00e1xima de 36\u00b0C em Goi\u00e2nia. No Distrito Federal, a temperatura varia entre a m\u00ednima de 20\u00b0C e a m\u00e1xima de 33\u00b0C nesta\u00a0ter\u00e7a-feira.<\/p>\n<h3 style=\"text-align: justify\">Sudeste<\/h3>\n<p style=\"text-align: justify\">A regi\u00e3o tem\u00a0hoje\u00a0(1\u00ba) previs\u00e3o de pancadas de chuva e trovoadas isoladas para o estado de S\u00e3o Paulo e sul do Rio de Janeiro. Chuvas isoladas tamb\u00e9m ocorrem no centro-sul de Minas Gerais, nas demais \u00e1reas do Rio de Janeiro, e tamb\u00e9m no sul do Esp\u00edrito Santo. Durante a tarde e a noite, as instabilidades se intensificam. As pancadas de chuva com trovoadas isoladas ocorrem em S\u00e3o Paulo, no centro-sul de Minas Gerais, no Rio de Janeiro e no sul do Esp\u00edrito Santo.<\/p>\n<p style=\"text-align: justify\">Para a quarta-feira, a instabilidade continua sobre a regi\u00e3o. As pancadas de chuva com trovoadas isoladas se concentram entre o sudeste de Minas Gerais, Rio de Janeiro, nordeste de S\u00e3o Paulo e sul do Esp\u00edrito Santo. S\u00f3\u00a0n\u00e3o chove no extremo norte de Minas Gerais. Nas demais \u00e1reas, h\u00e1 possibilidade de chuva isolada.<\/p>\n<p style=\"text-align: justify\">Entre as capitais, S\u00e3o Paulo\u00a0segue com temperaturas mais baixas, com m\u00ednima de 12\u00b0C e m\u00e1xima de 22\u00b0C nesta\u00a0ter\u00e7a-feira. Belo Horizonte\u00a0deve registrar a m\u00e1xima entre as capitais da regi\u00e3o, chegando a 34\u00b0C, mas com tend\u00eancia de queda amanh\u00e3\u00a0na temperatura m\u00e1xima, que deve ficar\u00a0em torno de 29\u00b0C.<\/p>\n<h3 style=\"text-align: justify\">Sul<\/h3>\n<p style=\"text-align: justify\">A Regi\u00e3o Sul come\u00e7a com muita instabilidade. Nesta ter\u00e7a-feira (1), pela manh\u00e3, pancadas de chuva com trovoadas isoladas ocorrem no Paran\u00e1, em Santa Catarina e no leste do Rio Grande do Sul. Durante a tarde, as \u00e1reas de maior instabilidade gradualmente se deslocam para o Sudeste do Brasil e pancadas de chuva, com trovoadas isoladas, ocorrem no leste do Paran\u00e1 e de Santa Catarina. Nas demais \u00e1reas do Paran\u00e1, de Santa Catarina e no nordeste do Rio Grande do Sul\u00a0h\u00e1\u00a0tamb\u00e9m\u00a0previs\u00e3o de\u00a0pancadas de chuva isoladas. No centro-oeste e sul do Rio Grande do Sul, a nebulosidade come\u00e7a a diminuir, mas ainda h\u00e1 possibilidade de chuva isolada.<\/p>\n<p style=\"text-align: justify\">No per\u00edodo da noite, pancadas de chuva isoladas ocorrem no nordeste e leste do Paran\u00e1 e de Santa Catarina. No sul e oeste do Rio Grande do Sul, o tempo come\u00e7a a abrir \u00e0 medida que a massa de ar frio e seco avan\u00e7a sobre a regi\u00e3o.<\/p>\n<p style=\"text-align: justify\">Para quarta-feira (2), as instabilidades diminuem, mas ainda h\u00e1 possibilidade de chuva isolada no centro-norte e leste do Paran\u00e1, centro-leste de Santa Catarina e do Rio Grande do Sul.<\/p>\n<p style=\"text-align: justify\">A temperatura m\u00ednima ser\u00e1 de 6\u00b0C em Curitiba e 8\u00b0C em Porto Alegre. A m\u00e1xima no per\u00edodo n\u00e3o passa dos 22\u00b0C em Florian\u00f3polis nesta\u00a0ter\u00e7a-feira. Amanh\u00e3, a m\u00e1xima n\u00e3o passa dos 19\u00b0C em Curitiba e dos 18\u00b0C em Florian\u00f3polis\u00a0e Porto Alegre.<\/p>\n<p>Texto: Ag\u00eancia Brasil<\/p>\n<p>foto: Guia Limeira\/Instagram<\/p>\n<p><img loading=\"lazy\" decoding=\"async\" class=\"alignnone  wp-image-9754\" src=\"https:\/\/portalmaisagro.com\/wp-content\/uploads\/2026\/08\/WhatsApp-Image-2026-08-11-at-10.28.27-1-2.jpeg\" alt=\"\" width=\"240\" height=\"315\" srcset=\"https:\/\/portalmaisagro.com\/wp-content\/uploads\/2026\/08\/WhatsApp-Image-2026-08-11-at-10.28.27-1-2.jpeg 298w, https:\/\/portalmaisagro.com\/wp-content\/uploads\/2026\/08\/WhatsApp-Image-2026-08-11-at-10.28.27-1-2-229x300.jpeg 229w, https:\/\/portalmaisagro.com\/wp-content\/uploads\/2026\/08\/WhatsApp-Image-2026-08-11-at-10.28.27-1-2-150x197.jpeg 150w\" sizes=\"auto, (max-width: 240px) 100vw, 240px\" \/><\/p>\n<p><a href=\"https:\/\/digital.agriculturafamiliar.agr.br\/pub\/agriculturafamiliar\/#page\/147\"><strong><em>Conte\u00fado exclusivo de empresas participantes do Anu\u00e1rio Brasileiro do Agroneg\u00f3cio e Agricultura Familiar \u2013 LEIA O ANU\u00c1RIO GRATUITAMENTE<\/em><\/strong><\/a><\/p>\n","protected":false},"excerpt":{"rendered":"<p>Previs\u00e3o vale para as regi\u00f5es Sul, Sudeste e Centro-Oeste O Instituto Nacional de Meteorologia (Inmet) prev\u00ea para o m\u00eas de setembro, que come\u00e7a nesta ter\u00e7a-feira (1\u00ba),\u00a0 a forma\u00e7\u00e3o de um ciclone extratropical na costa da Regi\u00e3o Sul, com\u00a0 \u00e1reas de instabilidade que favorecem chuva e trovoadas no Sul, Sudeste e&hellip;<\/p>\n","protected":false},"author":10,"featured_media":9919,"comment_status":"closed","ping_status":"closed","sticky":false,"template":"","format":"standard","meta":{"footnotes":"","jetpack_publicize_message":"","jetpack_publicize_feature_enabled":true,"jetpack_social_post_already_shared":true,"jetpack_social_options":{"image_generator_settings":{"template":"highway","default_image_id":0,"font":"","enabled":false},"version":2},"_members_access_role":[],"_members_access_error":""},"categories":[131,6],"tags":[],"class_list":["post-9918","post","type-post","status-publish","format-standard","has-post-thumbnail","hentry","category-destaques","category-tempo"],"yoast_head":"<!-- This site is optimized with the Yoast SEO plugin v28.1 - https:\/\/yoast.com\/product\/yoast-seo-wordpress\/ -->\n<title>Meteorologia prev\u00ea ciclone extratropical com chuvas em setembro - MaisAgro<\/title>\n<meta name=\"robots\" content=\"index, follow, max-snippet:-1, max-image-preview:large, max-video-preview:-1\" \/>\n<link rel=\"canonical\" href=\"https:\/\/portalmaisagro.com\/?p=9918\" \/>\n<meta property=\"og:locale\" content=\"pt_BR\" \/>\n<meta property=\"og:type\" content=\"article\" \/>\n<meta property=\"og:title\" content=\"Meteorologia prev\u00ea ciclone extratropical com chuvas em setembro - MaisAgro\" \/>\n<meta property=\"og:description\" content=\"Previs\u00e3o vale para as regi\u00f5es Sul, Sudeste e Centro-Oeste O Instituto Nacional de Meteorologia (Inmet) prev\u00ea para o m\u00eas de setembro, que come\u00e7a nesta ter\u00e7a-feira (1\u00ba),\u00a0 a forma\u00e7\u00e3o de um ciclone extratropical na costa da Regi\u00e3o Sul, com\u00a0 \u00e1reas de instabilidade que favorecem chuva e trovoadas no Sul, Sudeste e&hellip;\" \/>\n<meta property=\"og:url\" content=\"https:\/\/portalmaisagro.com\/?p=9918\" \/>\n<meta property=\"og:site_name\" content=\"MaisAgro\" \/>\n<meta property=\"article:publisher\" content=\"https:\/\/www.facebook.com\/maisagroportal\" \/>\n<meta property=\"article:published_time\" content=\"2026-09-01T12:45:18+00:00\" \/>\n<meta property=\"og:image\" content=\"https:\/\/portalmaisagro.com\/wp-content\/uploads\/2026\/09\/captura_de_tela_2025-11-08_as_17.15.18.webp\" \/>\n\t<meta property=\"og:image:width\" content=\"1170\" \/>\n\t<meta property=\"og:image:height\" content=\"700\" \/>\n\t<meta property=\"og:image:type\" content=\"image\/webp\" \/>\n<meta name=\"author\" content=\"Taiane do Carmo\" \/>\n<meta name=\"twitter:card\" content=\"summary_large_image\" \/>\n<meta name=\"twitter:label1\" content=\"Escrito por\" \/>\n\t<meta name=\"twitter:data1\" content=\"Taiane do Carmo\" \/>\n\t<meta name=\"twitter:label2\" content=\"Est. tempo de leitura\" \/>\n\t<meta name=\"twitter:data2\" content=\"6 minutos\" \/>\n<script type=\"application\/ld+json\" class=\"yoast-schema-graph\">{\"@context\":\"https:\\\/\\\/schema.org\",\"@graph\":[{\"@type\":\"Article\",\"@id\":\"https:\\\/\\\/portalmaisagro.com\\\/?p=9918#article\",\"isPartOf\":{\"@id\":\"https:\\\/\\\/portalmaisagro.com\\\/?p=9918\"},\"author\":{\"name\":\"Taiane do Carmo\",\"@id\":\"https:\\\/\\\/portalmaisagro.com\\\/#\\\/schema\\\/person\\\/ade0f16b5a3434e1ec47b1fbdb9b9318\"},\"headline\":\"Meteorologia prev\u00ea ciclone extratropical com chuvas em setembro\",\"datePublished\":\"2026-09-01T12:45:18+00:00\",\"mainEntityOfPage\":{\"@id\":\"https:\\\/\\\/portalmaisagro.com\\\/?p=9918\"},\"wordCount\":1015,\"publisher\":{\"@id\":\"https:\\\/\\\/portalmaisagro.com\\\/#organization\"},\"image\":{\"@id\":\"https:\\\/\\\/portalmaisagro.com\\\/?p=9918#primaryimage\"},\"thumbnailUrl\":\"https:\\\/\\\/portalmaisagro.com\\\/wp-content\\\/uploads\\\/2026\\\/09\\\/captura_de_tela_2025-11-08_as_17.15.18.webp\",\"articleSection\":[\"DESTAQUES\",\"TEMPO\"],\"inLanguage\":\"pt-BR\"},{\"@type\":\"WebPage\",\"@id\":\"https:\\\/\\\/portalmaisagro.com\\\/?p=9918\",\"url\":\"https:\\\/\\\/portalmaisagro.com\\\/?p=9918\",\"name\":\"Meteorologia prev\u00ea ciclone extratropical com chuvas em setembro - MaisAgro\",\"isPartOf\":{\"@id\":\"https:\\\/\\\/portalmaisagro.com\\\/#website\"},\"primaryImageOfPage\":{\"@id\":\"https:\\\/\\\/portalmaisagro.com\\\/?p=9918#primaryimage\"},\"image\":{\"@id\":\"https:\\\/\\\/portalmaisagro.com\\\/?p=9918#primaryimage\"},\"thumbnailUrl\":\"https:\\\/\\\/portalmaisagro.com\\\/wp-content\\\/uploads\\\/2026\\\/09\\\/captura_de_tela_2025-11-08_as_17.15.18.webp\",\"datePublished\":\"2026-09-01T12:45:18+00:00\",\"breadcrumb\":{\"@id\":\"https:\\\/\\\/portalmaisagro.com\\\/?p=9918#breadcrumb\"},\"inLanguage\":\"pt-BR\",\"potentialAction\":[{\"@type\":\"ReadAction\",\"target\":[\"https:\\\/\\\/portalmaisagro.com\\\/?p=9918\"]}]},{\"@type\":\"ImageObject\",\"inLanguage\":\"pt-BR\",\"@id\":\"https:\\\/\\\/portalmaisagro.com\\\/?p=9918#primaryimage\",\"url\":\"https:\\\/\\\/portalmaisagro.com\\\/wp-content\\\/uploads\\\/2026\\\/09\\\/captura_de_tela_2025-11-08_as_17.15.18.webp\",\"contentUrl\":\"https:\\\/\\\/portalmaisagro.com\\\/wp-content\\\/uploads\\\/2026\\\/09\\\/captura_de_tela_2025-11-08_as_17.15.18.webp\",\"width\":1170,\"height\":700},{\"@type\":\"BreadcrumbList\",\"@id\":\"https:\\\/\\\/portalmaisagro.com\\\/?p=9918#breadcrumb\",\"itemListElement\":[{\"@type\":\"ListItem\",\"position\":1,\"name\":\"In\u00edcio\",\"item\":\"https:\\\/\\\/portalmaisagro.com\\\/\"},{\"@type\":\"ListItem\",\"position\":2,\"name\":\"Meteorologia prev\u00ea ciclone extratropical com chuvas em setembro\"}]},{\"@type\":\"WebSite\",\"@id\":\"https:\\\/\\\/portalmaisagro.com\\\/#website\",\"url\":\"https:\\\/\\\/portalmaisagro.com\\\/\",\"name\":\"MaisAgro\",\"description\":\"O portal do agroneg\u00f3cio\",\"publisher\":{\"@id\":\"https:\\\/\\\/portalmaisagro.com\\\/#organization\"},\"potentialAction\":[{\"@type\":\"SearchAction\",\"target\":{\"@type\":\"EntryPoint\",\"urlTemplate\":\"https:\\\/\\\/portalmaisagro.com\\\/?s={search_term_string}\"},\"query-input\":{\"@type\":\"PropertyValueSpecification\",\"valueRequired\":true,\"valueName\":\"search_term_string\"}}],\"inLanguage\":\"pt-BR\"},{\"@type\":\"Organization\",\"@id\":\"https:\\\/\\\/portalmaisagro.com\\\/#organization\",\"name\":\"MaisAgro\",\"url\":\"https:\\\/\\\/portalmaisagro.com\\\/\",\"logo\":{\"@type\":\"ImageObject\",\"inLanguage\":\"pt-BR\",\"@id\":\"https:\\\/\\\/portalmaisagro.com\\\/#\\\/schema\\\/logo\\\/image\\\/\",\"url\":\"https:\\\/\\\/portalmaisagro.com\\\/wp-content\\\/uploads\\\/2024\\\/11\\\/logo_oficial-e1749247575377.png\",\"contentUrl\":\"https:\\\/\\\/portalmaisagro.com\\\/wp-content\\\/uploads\\\/2024\\\/11\\\/logo_oficial-e1749247575377.png\",\"width\":513,\"height\":107,\"caption\":\"MaisAgro\"},\"image\":{\"@id\":\"https:\\\/\\\/portalmaisagro.com\\\/#\\\/schema\\\/logo\\\/image\\\/\"},\"sameAs\":[\"https:\\\/\\\/www.facebook.com\\\/maisagroportal\"]},{\"@type\":\"Person\",\"@id\":\"https:\\\/\\\/portalmaisagro.com\\\/#\\\/schema\\\/person\\\/ade0f16b5a3434e1ec47b1fbdb9b9318\",\"name\":\"Taiane do Carmo\",\"image\":{\"@type\":\"ImageObject\",\"inLanguage\":\"pt-BR\",\"@id\":\"https:\\\/\\\/portalmaisagro.com\\\/wp-content\\\/uploads\\\/2026\\\/04\\\/images.jpeg640e5d69297d7dd56cc39a10251ad7db\",\"url\":\"https:\\\/\\\/portalmaisagro.com\\\/wp-content\\\/uploads\\\/2026\\\/04\\\/images.jpeg\",\"contentUrl\":\"https:\\\/\\\/portalmaisagro.com\\\/wp-content\\\/uploads\\\/2026\\\/04\\\/images.jpeg\",\"caption\":\"Taiane do Carmo\"},\"url\":\"https:\\\/\\\/portalmaisagro.com\\\/?author=10\"}]}<\/script>\n<!-- \/ Yoast SEO plugin. -->","yoast_head_json":{"title":"Meteorologia prev\u00ea ciclone extratropical com chuvas em setembro - MaisAgro","robots":{"index":"index","follow":"follow","max-snippet":"max-snippet:-1","max-image-preview":"max-image-preview:large","max-video-preview":"max-video-preview:-1"},"canonical":"https:\/\/portalmaisagro.com\/?p=9918","og_locale":"pt_BR","og_type":"article","og_title":"Meteorologia prev\u00ea ciclone extratropical com chuvas em setembro - MaisAgro","og_description":"Previs\u00e3o vale para as regi\u00f5es Sul, Sudeste e Centro-Oeste O Instituto Nacional de Meteorologia (Inmet) prev\u00ea para o m\u00eas de setembro, que come\u00e7a nesta ter\u00e7a-feira (1\u00ba),\u00a0 a forma\u00e7\u00e3o de um ciclone extratropical na costa da Regi\u00e3o Sul, com\u00a0 \u00e1reas de instabilidade que favorecem chuva e trovoadas no Sul, Sudeste e&hellip;","og_url":"https:\/\/portalmaisagro.com\/?p=9918","og_site_name":"MaisAgro","article_publisher":"https:\/\/www.facebook.com\/maisagroportal","article_published_time":"2026-09-01T12:45:18+00:00","og_image":[{"width":1170,"height":700,"url":"https:\/\/portalmaisagro.com\/wp-content\/uploads\/2026\/09\/captura_de_tela_2025-11-08_as_17.15.18.webp","type":"image\/webp"}],"author":"Taiane do Carmo","twitter_card":"summary_large_image","twitter_misc":{"Escrito por":"Taiane do Carmo","Est. tempo de leitura":"6 minutos"},"schema":{"@context":"https:\/\/schema.org","@graph":[{"@type":"Article","@id":"https:\/\/portalmaisagro.com\/?p=9918#article","isPartOf":{"@id":"https:\/\/portalmaisagro.com\/?p=9918"},"author":{"name":"Taiane do Carmo","@id":"https:\/\/portalmaisagro.com\/#\/schema\/person\/ade0f16b5a3434e1ec47b1fbdb9b9318"},"headline":"Meteorologia prev\u00ea ciclone extratropical com chuvas em setembro","datePublished":"2026-09-01T12:45:18+00:00","mainEntityOfPage":{"@id":"https:\/\/portalmaisagro.com\/?p=9918"},"wordCount":1015,"publisher":{"@id":"https:\/\/portalmaisagro.com\/#organization"},"image":{"@id":"https:\/\/portalmaisagro.com\/?p=9918#primaryimage"},"thumbnailUrl":"https:\/\/portalmaisagro.com\/wp-content\/uploads\/2026\/09\/captura_de_tela_2025-11-08_as_17.15.18.webp","articleSection":["DESTAQUES","TEMPO"],"inLanguage":"pt-BR"},{"@type":"WebPage","@id":"https:\/\/portalmaisagro.com\/?p=9918","url":"https:\/\/portalmaisagro.com\/?p=9918","name":"Meteorologia prev\u00ea ciclone extratropical com chuvas em setembro - MaisAgro","isPartOf":{"@id":"https:\/\/portalmaisagro.com\/#website"},"primaryImageOfPage":{"@id":"https:\/\/portalmaisagro.com\/?p=9918#primaryimage"},"image":{"@id":"https:\/\/portalmaisagro.com\/?p=9918#primaryimage"},"thumbnailUrl":"https:\/\/portalmaisagro.com\/wp-content\/uploads\/2026\/09\/captura_de_tela_2025-11-08_as_17.15.18.webp","datePublished":"2026-09-01T12:45:18+00:00","breadcrumb":{"@id":"https:\/\/portalmaisagro.com\/?p=9918#breadcrumb"},"inLanguage":"pt-BR","potentialAction":[{"@type":"ReadAction","target":["https:\/\/portalmaisagro.com\/?p=9918"]}]},{"@type":"ImageObject","inLanguage":"pt-BR","@id":"https:\/\/portalmaisagro.com\/?p=9918#primaryimage","url":"https:\/\/portalmaisagro.com\/wp-content\/uploads\/2026\/09\/captura_de_tela_2025-11-08_as_17.15.18.webp","contentUrl":"https:\/\/portalmaisagro.com\/wp-content\/uploads\/2026\/09\/captura_de_tela_2025-11-08_as_17.15.18.webp","width":1170,"height":700},{"@type":"BreadcrumbList","@id":"https:\/\/portalmaisagro.com\/?p=9918#breadcrumb","itemListElement":[{"@type":"ListItem","position":1,"name":"In\u00edcio","item":"https:\/\/portalmaisagro.com\/"},{"@type":"ListItem","position":2,"name":"Meteorologia prev\u00ea ciclone extratropical com chuvas em setembro"}]},{"@type":"WebSite","@id":"https:\/\/portalmaisagro.com\/#website","url":"https:\/\/portalmaisagro.com\/","name":"MaisAgro","description":"O portal do agroneg\u00f3cio","publisher":{"@id":"https:\/\/portalmaisagro.com\/#organization"},"potentialAction":[{"@type":"SearchAction","target":{"@type":"EntryPoint","urlTemplate":"https:\/\/portalmaisagro.com\/?s={search_term_string}"},"query-input":{"@type":"PropertyValueSpecification","valueRequired":true,"valueName":"search_term_string"}}],"inLanguage":"pt-BR"},{"@type":"Organization","@id":"https:\/\/portalmaisagro.com\/#organization","name":"MaisAgro","url":"https:\/\/portalmaisagro.com\/","logo":{"@type":"ImageObject","inLanguage":"pt-BR","@id":"https:\/\/portalmaisagro.com\/#\/schema\/logo\/image\/","url":"https:\/\/portalmaisagro.com\/wp-content\/uploads\/2024\/11\/logo_oficial-e1749247575377.png","contentUrl":"https:\/\/portalmaisagro.com\/wp-content\/uploads\/2024\/11\/logo_oficial-e1749247575377.png","width":513,"height":107,"caption":"MaisAgro"},"image":{"@id":"https:\/\/portalmaisagro.com\/#\/schema\/logo\/image\/"},"sameAs":["https:\/\/www.facebook.com\/maisagroportal"]},{"@type":"Person","@id":"https:\/\/portalmaisagro.com\/#\/schema\/person\/ade0f16b5a3434e1ec47b1fbdb9b9318","name":"Taiane do Carmo","image":{"@type":"ImageObject","inLanguage":"pt-BR","@id":"https:\/\/portalmaisagro.com\/wp-content\/uploads\/2026\/04\/images.jpeg640e5d69297d7dd56cc39a10251ad7db","url":"https:\/\/portalmaisagro.com\/wp-content\/uploads\/2026\/04\/images.jpeg","contentUrl":"https:\/\/portalmaisagro.com\/wp-content\/uploads\/2026\/04\/images.jpeg","caption":"Taiane do Carmo"},"url":"https:\/\/portalmaisagro.com\/?author=10"}]}},"jetpack_publicize_connections":[],"authors":[],"_links":{"self":[{"href":"https:\/\/portalmaisagro.com\/index.php?rest_route=\/wp\/v2\/posts\/9918","targetHints":{"allow":["GET"]}}],"collection":[{"href":"https:\/\/portalmaisagro.com\/index.php?rest_route=\/wp\/v2\/posts"}],"about":[{"href":"https:\/\/portalmaisagro.com\/index.php?rest_route=\/wp\/v2\/types\/post"}],"author":[{"embeddable":true,"href":"https:\/\/portalmaisagro.com\/index.php?rest_route=\/wp\/v2\/users\/10"}],"replies":[{"embeddable":true,"href":"https:\/\/portalmaisagro.com\/index.php?rest_route=%2Fwp%2Fv2%2Fcomments&post=9918"}],"version-history":[{"count":1,"href":"https:\/\/portalmaisagro.com\/index.php?rest_route=\/wp\/v2\/posts\/9918\/revisions"}],"predecessor-version":[{"id":9920,"href":"https:\/\/portalmaisagro.com\/index.php?rest_route=\/wp\/v2\/posts\/9918\/revisions\/9920"}],"wp:featuredmedia":[{"embeddable":true,"href":"https:\/\/portalmaisagro.com\/index.php?rest_route=\/wp\/v2\/media\/9919"}],"wp:attachment":[{"href":"https:\/\/portalmaisagro.com\/index.php?rest_route=%2Fwp%2Fv2%2Fmedia&parent=9918"}],"wp:term":[{"taxonomy":"category","embeddable":true,"href":"https:\/\/portalmaisagro.com\/index.php?rest_route=%2Fwp%2Fv2%2Fcategories&post=9918"},{"taxonomy":"post_tag","embeddable":true,"href":"https:\/\/portalmaisagro.com\/index.php?rest_route=%2Fwp%2Fv2%2Ftags&post=9918"}],"curies":[{"name":"wp","href":"https:\/\/api.w.org\/{rel}","templated":true}]}}