{"id":9914,"date":"2026-09-01T09:33:55","date_gmt":"2026-09-01T12:33:55","guid":{"rendered":"https:\/\/portalmaisagro.com\/?p=9914"},"modified":"2026-09-01T09:33:55","modified_gmt":"2026-09-01T12:33:55","slug":"exposicao-nacional-de-caprinos-boer-reune-criadores-de-quatro-estados-na-expointer","status":"publish","type":"post","link":"https:\/\/portalmaisagro.com\/?p=9914","title":{"rendered":"Exposi\u00e7\u00e3o nacional de caprinos Boer re\u00fane criadores de quatro estados na Expointer"},"content":{"rendered":"<p style=\"text-align: justify\"><em>Evento chega \u00e0 26\u00aa edi\u00e7\u00e3o, ocorre pela primeira vez no Rio Grande do Sul e re\u00fane 103 animais inscritos<\/em><\/p>\n<p style=\"text-align: justify\">A 26\u00aa Exposi\u00e7\u00e3o Nacional da Ra\u00e7a\u00a0Boer\u00a0ocorre durante a 49\u00aa\u00a0Expointer, no Parque Estadual de Exposi\u00e7\u00f5es Assis Brasil, em Esteio. Pela primeira vez, a mostra nacional da ra\u00e7a \u00e9 realizada no Rio Grande do Sul. S\u00e3o 103\u00a0animais inscritos, dos quais 92 foram classificados para os julgamentos, com a participa\u00e7\u00e3o de criadores de S\u00e3o Paulo, Paran\u00e1, Santa Catarina e Rio Grande do Sul.<\/p>\n<p style=\"text-align: justify\">A programa\u00e7\u00e3o de julgamentos ocorre nesta ultima segunda-feira (31\/8), na pista do Gado Leiteiro, com avalia\u00e7\u00e3o dos animais de acordo com as caracter\u00edsticas da ra\u00e7a. Os resultados ser\u00e3o consolidados, e a premia\u00e7\u00e3o oficial, com a defini\u00e7\u00e3o dos grandes campe\u00f5es nacionais, do melhor bode e da melhor cabra, ocorre nesta ter\u00e7a-feira (1\u00ba\/9).<\/p>\n<p style=\"text-align: justify\">Segundo o diretor t\u00e9cnico da Associa\u00e7\u00e3o Brasileira de Criadores de\u00a0Boer\u00a0(ABCBoer),\u00a0Clessio\u00a0Jos\u00e9 Gomes Moreira, a exposi\u00e7\u00e3o nacional \u00e9 o principal evento da ra\u00e7a no pa\u00eds. A escolha do Rio Grande do Sul faz parte de uma estrat\u00e9gia de altern\u00e2ncia da sede entre diferentes regi\u00f5es.<\/p>\n<p style=\"text-align: justify\">\u201c\u00c9 uma edi\u00e7\u00e3o significativa por ser a primeira vez que a exposi\u00e7\u00e3o nacional \u00e9 realizada na\u00a0Expointer. A decis\u00e3o de trazer o evento para c\u00e1 busca valorizar a ra\u00e7a\u00a0Boer\u00a0em todo o territ\u00f3rio nacional, alternando a sede entre as regi\u00f5es Nordeste, Centro e Sul a cada dois anos\u201d, explica.<\/p>\n<p style=\"text-align: justify\">A concentra\u00e7\u00e3o da cria\u00e7\u00e3o de\u00a0Boer\u00a0no Nordeste \u00e9 um dos fatores considerados para a escolha das sedes. Na edi\u00e7\u00e3o do ano passado, realizada em Fortaleza, foram reunidos 408 animais. A dist\u00e2ncia dificulta a participa\u00e7\u00e3o de criadores nordestinos em eventos realizados no Sul, enquanto a realiza\u00e7\u00e3o da exposi\u00e7\u00e3o na\u00a0Expointer\u00a0amplia a presen\u00e7a da ra\u00e7a na regi\u00e3o.<\/p>\n<figure id=\"attachment_9915\" aria-describedby=\"caption-attachment-9915\" style=\"width: 654px\" class=\"wp-caption alignnone\"><img loading=\"lazy\" decoding=\"async\" class=\"wp-image-9915\" src=\"https:\/\/portalmaisagro.com\/wp-content\/uploads\/2026\/09\/31132645_89821_GDO.jpeg\" alt=\"\" width=\"654\" height=\"368\" srcset=\"https:\/\/portalmaisagro.com\/wp-content\/uploads\/2026\/09\/31132645_89821_GDO.jpeg 800w, https:\/\/portalmaisagro.com\/wp-content\/uploads\/2026\/09\/31132645_89821_GDO-300x169.jpeg 300w, https:\/\/portalmaisagro.com\/wp-content\/uploads\/2026\/09\/31132645_89821_GDO-768x432.jpeg 768w, https:\/\/portalmaisagro.com\/wp-content\/uploads\/2026\/09\/31132645_89821_GDO-150x84.jpeg 150w\" sizes=\"auto, (max-width: 654px) 100vw, 654px\" \/><figcaption id=\"caption-attachment-9915\" class=\"wp-caption-text\">Fernando Dias\/Ascom SeapiCaracter\u00edsticas da ra\u00e7a\u00a0<\/figcaption><\/figure>\n<p style=\"text-align: justify\">De origem sul-africana, a ra\u00e7a\u00a0Boer\u00a0est\u00e1 presente no Brasil h\u00e1 mais de 30 anos e \u00e9 voltada \u00e0 produ\u00e7\u00e3o de carne. Durante a exposi\u00e7\u00e3o, os animais s\u00e3o divididos em categorias conforme a faixa et\u00e1ria e avaliados individualmente e em conjuntos, prog\u00eanies e linhagens.<\/p>\n<p style=\"text-align: justify\">De acordo com o diretor da ABCB e criador no Paran\u00e1,\u00a0Samy\u00a0Guimar\u00e3es, o julgamento considera\u00a0aspectos\u00a0como conforma\u00e7\u00e3o f\u00edsica, aprumo, movimenta\u00e7\u00e3o, padroniza\u00e7\u00e3o das manchas e caracter\u00edsticas raciais. Tamb\u00e9m \u00e9 avaliada a condi\u00e7\u00e3o corporal, especialmente o desenvolvimento da carca\u00e7a.<\/p>\n<p style=\"text-align: justify\">\u201cA avalia\u00e7\u00e3o busca identificar os animais que apresentam as melhores caracter\u00edsticas dentro do padr\u00e3o racial e o melhor desenvolvimento de carca\u00e7a, considerando que o\u00a0Boer\u00a0\u00e9 uma ra\u00e7a voltada \u00e0 produ\u00e7\u00e3o de carne\u201d, afirma.<\/p>\n<p style=\"text-align: justify\">Ao todo, s\u00e3o cerca de 32 categorias entre machos e f\u00eameas. Para esta edi\u00e7\u00e3o, a organiza\u00e7\u00e3o conta com um juiz sul-africano para conduzir os julgamentos.<\/p>\n<p style=\"text-align: justify\">Participa\u00e7\u00e3o do Sul<\/p>\n<p style=\"text-align: justify\">A realiza\u00e7\u00e3o da Exposi\u00e7\u00e3o Nacional na\u00a0Expointer\u00a0busca ampliar a visibilidade da ra\u00e7a na\u00a0Regi\u00e3o Sul. Segundo Guimar\u00e3es, cerca de 90% dos criadores de\u00a0Boer\u00a0est\u00e3o concentrados nas regi\u00f5es Norte e Nordeste. O Sul representa menos de 10% do total de criadores.\u00a0\u201cA presen\u00e7a da exposi\u00e7\u00e3o na\u00a0feira\u00a0contribui para aproximar criadores, ampliar a divulga\u00e7\u00e3o da ra\u00e7a e estimular a participa\u00e7\u00e3o de produtores de diferentes regi\u00f5es do pa\u00eds\u201d, afirma Moreira.<\/p>\n<p style=\"text-align: justify\">Para\u00a0o diretor da ra\u00e7a\u00a0Boer\u00a0no Sul do Brasil e criador da Cabanha\u00a0Caragatto,\u00a0Valdinei\u00a0Peres, a realiza\u00e7\u00e3o desta exposi\u00e7\u00e3o ocorre em um momento de crescimento da participa\u00e7\u00e3o da caprinocultura na\u00a0Expointer. Neste ano, as inscri\u00e7\u00f5es de caprinos aumentaram 16%, enquanto a ra\u00e7a\u00a0Boer\u00a0registrou\u00a0crescimento de 56%, impulsionado pela realiza\u00e7\u00e3o da Nacional. \u201cA\u00a0Expointer\u00a0coloca a caprinocultura de corte em contato direto com um p\u00fablico muito maior\u201d, destaca.<\/p>\n<p style=\"text-align: justify\">Peres\u00a0acredita\u00a0que\u00a0a\u00a0exposi\u00e7\u00e3o tamb\u00e9m evidencia o trabalho de sele\u00e7\u00e3o gen\u00e9tica e o potencial produtivo da ra\u00e7a.\u00a0\u201cO\u00a0Boer\u00a0n\u00e3o pode ser visto apenas como um animal de pista. A pista mostra a gen\u00e9tica; o verdadeiro objetivo \u00e9 levar essa gen\u00e9tica para dentro da propriedade e transformar qualidade em produtividade, carne e renda para o criador\u201d, afirma. Segundo ele, o desafio \u00e9 ampliar o n\u00famero de criadores, profissionalizar a produ\u00e7\u00e3o e desenvolver o mercado de carne caprina. \u201cA Nacional na\u00a0Expointer\u00a0representa exatamente isso: gen\u00e9tica, produ\u00e7\u00e3o, mercado e futuro para a caprinocultura brasileira.\u201d<\/p>\n<p style=\"text-align: justify\">Texto: Elstor Hansen\/ Ascom Seapi<\/p>\n<p style=\"text-align: justify\">Foto: \u00a0Fernando Dias\/Ascom Seapi<\/p>\n<p style=\"text-align: justify\"><img loading=\"lazy\" decoding=\"async\" class=\"alignnone  wp-image-9605\" src=\"https:\/\/portalmaisagro.com\/wp-content\/uploads\/2026\/08\/WhatsApp-Image-2026-08-11-at-10.28.27-1.jpeg\" alt=\"\" width=\"240\" height=\"315\" srcset=\"https:\/\/portalmaisagro.com\/wp-content\/uploads\/2026\/08\/WhatsApp-Image-2026-08-11-at-10.28.27-1.jpeg 298w, https:\/\/portalmaisagro.com\/wp-content\/uploads\/2026\/08\/WhatsApp-Image-2026-08-11-at-10.28.27-1-229x300.jpeg 229w, https:\/\/portalmaisagro.com\/wp-content\/uploads\/2026\/08\/WhatsApp-Image-2026-08-11-at-10.28.27-1-150x197.jpeg 150w\" sizes=\"auto, (max-width: 240px) 100vw, 240px\" \/><\/p>\n<p style=\"text-align: justify\"><a href=\"https:\/\/digital.agriculturafamiliar.agr.br\/pub\/agriculturafamiliar\/#page\/147\"><strong><em>Conte\u00fado exclusivo de empresas participantes do Anu\u00e1rio Brasileiro do Agroneg\u00f3cio e Agricultura Familiar \u2013 LEIA O ANU\u00c1RIO GRATUITAMENTE<\/em><\/strong><\/a><\/p>\n","protected":false},"excerpt":{"rendered":"<p>Evento chega \u00e0 26\u00aa edi\u00e7\u00e3o, ocorre pela primeira vez no Rio Grande do Sul e re\u00fane 103 animais inscritos A 26\u00aa Exposi\u00e7\u00e3o Nacional da Ra\u00e7a\u00a0Boer\u00a0ocorre durante a 49\u00aa\u00a0Expointer, no Parque Estadual de Exposi\u00e7\u00f5es Assis Brasil, em Esteio. Pela primeira vez, a mostra nacional da ra\u00e7a \u00e9 realizada no Rio Grande&hellip;<\/p>\n","protected":false},"author":10,"featured_media":9916,"comment_status":"closed","ping_status":"closed","sticky":false,"template":"","format":"standard","meta":{"footnotes":"","jetpack_publicize_message":"","jetpack_publicize_feature_enabled":true,"jetpack_social_post_already_shared":true,"jetpack_social_options":{"image_generator_settings":{"template":"highway","default_image_id":0,"font":"","enabled":false},"version":2},"_members_access_role":[],"_members_access_error":""},"categories":[131,230],"tags":[],"class_list":["post-9914","post","type-post","status-publish","format-standard","has-post-thumbnail","hentry","category-destaques","category-feiras-2"],"yoast_head":"<!-- This site is optimized with the Yoast SEO plugin v28.1 - https:\/\/yoast.com\/product\/yoast-seo-wordpress\/ -->\n<title>Exposi\u00e7\u00e3o nacional de caprinos Boer re\u00fane criadores de quatro estados na Expointer - MaisAgro<\/title>\n<meta name=\"robots\" content=\"index, follow, max-snippet:-1, max-image-preview:large, max-video-preview:-1\" \/>\n<link rel=\"canonical\" href=\"https:\/\/portalmaisagro.com\/?p=9914\" \/>\n<meta property=\"og:locale\" content=\"pt_BR\" \/>\n<meta property=\"og:type\" content=\"article\" \/>\n<meta property=\"og:title\" content=\"Exposi\u00e7\u00e3o nacional de caprinos Boer re\u00fane criadores de quatro estados na Expointer - MaisAgro\" \/>\n<meta property=\"og:description\" content=\"Evento chega \u00e0 26\u00aa edi\u00e7\u00e3o, ocorre pela primeira vez no Rio Grande do Sul e re\u00fane 103 animais inscritos A 26\u00aa Exposi\u00e7\u00e3o Nacional da Ra\u00e7a\u00a0Boer\u00a0ocorre durante a 49\u00aa\u00a0Expointer, no Parque Estadual de Exposi\u00e7\u00f5es Assis Brasil, em Esteio. Pela primeira vez, a mostra nacional da ra\u00e7a \u00e9 realizada no Rio Grande&hellip;\" \/>\n<meta property=\"og:url\" content=\"https:\/\/portalmaisagro.com\/?p=9914\" \/>\n<meta property=\"og:site_name\" content=\"MaisAgro\" \/>\n<meta property=\"article:publisher\" content=\"https:\/\/www.facebook.com\/maisagroportal\" \/>\n<meta property=\"article:published_time\" content=\"2026-09-01T12:33:55+00:00\" \/>\n<meta property=\"og:image\" content=\"https:\/\/portalmaisagro.com\/wp-content\/uploads\/2026\/09\/31132421_89810_GD.jpeg\" \/>\n\t<meta property=\"og:image:width\" content=\"800\" \/>\n\t<meta property=\"og:image:height\" content=\"450\" \/>\n\t<meta property=\"og:image:type\" content=\"image\/jpeg\" \/>\n<meta name=\"author\" content=\"Taiane do Carmo\" \/>\n<meta name=\"twitter:card\" content=\"summary_large_image\" \/>\n<meta name=\"twitter:label1\" content=\"Escrito por\" \/>\n\t<meta name=\"twitter:data1\" content=\"Taiane do Carmo\" \/>\n\t<meta name=\"twitter:label2\" content=\"Est. tempo de leitura\" \/>\n\t<meta name=\"twitter:data2\" content=\"5 minutos\" \/>\n<script type=\"application\/ld+json\" class=\"yoast-schema-graph\">{\"@context\":\"https:\\\/\\\/schema.org\",\"@graph\":[{\"@type\":\"Article\",\"@id\":\"https:\\\/\\\/portalmaisagro.com\\\/?p=9914#article\",\"isPartOf\":{\"@id\":\"https:\\\/\\\/portalmaisagro.com\\\/?p=9914\"},\"author\":{\"name\":\"Taiane do Carmo\",\"@id\":\"https:\\\/\\\/portalmaisagro.com\\\/#\\\/schema\\\/person\\\/ade0f16b5a3434e1ec47b1fbdb9b9318\"},\"headline\":\"Exposi\u00e7\u00e3o nacional de caprinos Boer re\u00fane criadores de quatro estados na Expointer\",\"datePublished\":\"2026-09-01T12:33:55+00:00\",\"mainEntityOfPage\":{\"@id\":\"https:\\\/\\\/portalmaisagro.com\\\/?p=9914\"},\"wordCount\":800,\"publisher\":{\"@id\":\"https:\\\/\\\/portalmaisagro.com\\\/#organization\"},\"image\":{\"@id\":\"https:\\\/\\\/portalmaisagro.com\\\/?p=9914#primaryimage\"},\"thumbnailUrl\":\"https:\\\/\\\/portalmaisagro.com\\\/wp-content\\\/uploads\\\/2026\\\/09\\\/31132421_89810_GD.jpeg\",\"articleSection\":[\"DESTAQUES\",\"FEIRAS\"],\"inLanguage\":\"pt-BR\"},{\"@type\":\"WebPage\",\"@id\":\"https:\\\/\\\/portalmaisagro.com\\\/?p=9914\",\"url\":\"https:\\\/\\\/portalmaisagro.com\\\/?p=9914\",\"name\":\"Exposi\u00e7\u00e3o nacional de caprinos Boer re\u00fane criadores de quatro estados na Expointer - MaisAgro\",\"isPartOf\":{\"@id\":\"https:\\\/\\\/portalmaisagro.com\\\/#website\"},\"primaryImageOfPage\":{\"@id\":\"https:\\\/\\\/portalmaisagro.com\\\/?p=9914#primaryimage\"},\"image\":{\"@id\":\"https:\\\/\\\/portalmaisagro.com\\\/?p=9914#primaryimage\"},\"thumbnailUrl\":\"https:\\\/\\\/portalmaisagro.com\\\/wp-content\\\/uploads\\\/2026\\\/09\\\/31132421_89810_GD.jpeg\",\"datePublished\":\"2026-09-01T12:33:55+00:00\",\"breadcrumb\":{\"@id\":\"https:\\\/\\\/portalmaisagro.com\\\/?p=9914#breadcrumb\"},\"inLanguage\":\"pt-BR\",\"potentialAction\":[{\"@type\":\"ReadAction\",\"target\":[\"https:\\\/\\\/portalmaisagro.com\\\/?p=9914\"]}]},{\"@type\":\"ImageObject\",\"inLanguage\":\"pt-BR\",\"@id\":\"https:\\\/\\\/portalmaisagro.com\\\/?p=9914#primaryimage\",\"url\":\"https:\\\/\\\/portalmaisagro.com\\\/wp-content\\\/uploads\\\/2026\\\/09\\\/31132421_89810_GD.jpeg\",\"contentUrl\":\"https:\\\/\\\/portalmaisagro.com\\\/wp-content\\\/uploads\\\/2026\\\/09\\\/31132421_89810_GD.jpeg\",\"width\":800,\"height\":450},{\"@type\":\"BreadcrumbList\",\"@id\":\"https:\\\/\\\/portalmaisagro.com\\\/?p=9914#breadcrumb\",\"itemListElement\":[{\"@type\":\"ListItem\",\"position\":1,\"name\":\"In\u00edcio\",\"item\":\"https:\\\/\\\/portalmaisagro.com\\\/\"},{\"@type\":\"ListItem\",\"position\":2,\"name\":\"Exposi\u00e7\u00e3o nacional de caprinos Boer re\u00fane criadores de quatro estados na Expointer\"}]},{\"@type\":\"WebSite\",\"@id\":\"https:\\\/\\\/portalmaisagro.com\\\/#website\",\"url\":\"https:\\\/\\\/portalmaisagro.com\\\/\",\"name\":\"MaisAgro\",\"description\":\"O portal do agroneg\u00f3cio\",\"publisher\":{\"@id\":\"https:\\\/\\\/portalmaisagro.com\\\/#organization\"},\"potentialAction\":[{\"@type\":\"SearchAction\",\"target\":{\"@type\":\"EntryPoint\",\"urlTemplate\":\"https:\\\/\\\/portalmaisagro.com\\\/?s={search_term_string}\"},\"query-input\":{\"@type\":\"PropertyValueSpecification\",\"valueRequired\":true,\"valueName\":\"search_term_string\"}}],\"inLanguage\":\"pt-BR\"},{\"@type\":\"Organization\",\"@id\":\"https:\\\/\\\/portalmaisagro.com\\\/#organization\",\"name\":\"MaisAgro\",\"url\":\"https:\\\/\\\/portalmaisagro.com\\\/\",\"logo\":{\"@type\":\"ImageObject\",\"inLanguage\":\"pt-BR\",\"@id\":\"https:\\\/\\\/portalmaisagro.com\\\/#\\\/schema\\\/logo\\\/image\\\/\",\"url\":\"https:\\\/\\\/portalmaisagro.com\\\/wp-content\\\/uploads\\\/2024\\\/11\\\/logo_oficial-e1749247575377.png\",\"contentUrl\":\"https:\\\/\\\/portalmaisagro.com\\\/wp-content\\\/uploads\\\/2024\\\/11\\\/logo_oficial-e1749247575377.png\",\"width\":513,\"height\":107,\"caption\":\"MaisAgro\"},\"image\":{\"@id\":\"https:\\\/\\\/portalmaisagro.com\\\/#\\\/schema\\\/logo\\\/image\\\/\"},\"sameAs\":[\"https:\\\/\\\/www.facebook.com\\\/maisagroportal\"]},{\"@type\":\"Person\",\"@id\":\"https:\\\/\\\/portalmaisagro.com\\\/#\\\/schema\\\/person\\\/ade0f16b5a3434e1ec47b1fbdb9b9318\",\"name\":\"Taiane do Carmo\",\"image\":{\"@type\":\"ImageObject\",\"inLanguage\":\"pt-BR\",\"@id\":\"https:\\\/\\\/portalmaisagro.com\\\/wp-content\\\/uploads\\\/2026\\\/04\\\/images.jpeg640e5d69297d7dd56cc39a10251ad7db\",\"url\":\"https:\\\/\\\/portalmaisagro.com\\\/wp-content\\\/uploads\\\/2026\\\/04\\\/images.jpeg\",\"contentUrl\":\"https:\\\/\\\/portalmaisagro.com\\\/wp-content\\\/uploads\\\/2026\\\/04\\\/images.jpeg\",\"caption\":\"Taiane do Carmo\"},\"url\":\"https:\\\/\\\/portalmaisagro.com\\\/?author=10\"}]}<\/script>\n<!-- \/ Yoast SEO plugin. -->","yoast_head_json":{"title":"Exposi\u00e7\u00e3o nacional de caprinos Boer re\u00fane criadores de quatro estados na Expointer - MaisAgro","robots":{"index":"index","follow":"follow","max-snippet":"max-snippet:-1","max-image-preview":"max-image-preview:large","max-video-preview":"max-video-preview:-1"},"canonical":"https:\/\/portalmaisagro.com\/?p=9914","og_locale":"pt_BR","og_type":"article","og_title":"Exposi\u00e7\u00e3o nacional de caprinos Boer re\u00fane criadores de quatro estados na Expointer - MaisAgro","og_description":"Evento chega \u00e0 26\u00aa edi\u00e7\u00e3o, ocorre pela primeira vez no Rio Grande do Sul e re\u00fane 103 animais inscritos A 26\u00aa Exposi\u00e7\u00e3o Nacional da Ra\u00e7a\u00a0Boer\u00a0ocorre durante a 49\u00aa\u00a0Expointer, no Parque Estadual de Exposi\u00e7\u00f5es Assis Brasil, em Esteio. Pela primeira vez, a mostra nacional da ra\u00e7a \u00e9 realizada no Rio Grande&hellip;","og_url":"https:\/\/portalmaisagro.com\/?p=9914","og_site_name":"MaisAgro","article_publisher":"https:\/\/www.facebook.com\/maisagroportal","article_published_time":"2026-09-01T12:33:55+00:00","og_image":[{"width":800,"height":450,"url":"https:\/\/portalmaisagro.com\/wp-content\/uploads\/2026\/09\/31132421_89810_GD.jpeg","type":"image\/jpeg"}],"author":"Taiane do Carmo","twitter_card":"summary_large_image","twitter_misc":{"Escrito por":"Taiane do Carmo","Est. tempo de leitura":"5 minutos"},"schema":{"@context":"https:\/\/schema.org","@graph":[{"@type":"Article","@id":"https:\/\/portalmaisagro.com\/?p=9914#article","isPartOf":{"@id":"https:\/\/portalmaisagro.com\/?p=9914"},"author":{"name":"Taiane do Carmo","@id":"https:\/\/portalmaisagro.com\/#\/schema\/person\/ade0f16b5a3434e1ec47b1fbdb9b9318"},"headline":"Exposi\u00e7\u00e3o nacional de caprinos Boer re\u00fane criadores de quatro estados na Expointer","datePublished":"2026-09-01T12:33:55+00:00","mainEntityOfPage":{"@id":"https:\/\/portalmaisagro.com\/?p=9914"},"wordCount":800,"publisher":{"@id":"https:\/\/portalmaisagro.com\/#organization"},"image":{"@id":"https:\/\/portalmaisagro.com\/?p=9914#primaryimage"},"thumbnailUrl":"https:\/\/portalmaisagro.com\/wp-content\/uploads\/2026\/09\/31132421_89810_GD.jpeg","articleSection":["DESTAQUES","FEIRAS"],"inLanguage":"pt-BR"},{"@type":"WebPage","@id":"https:\/\/portalmaisagro.com\/?p=9914","url":"https:\/\/portalmaisagro.com\/?p=9914","name":"Exposi\u00e7\u00e3o nacional de caprinos Boer re\u00fane criadores de quatro estados na Expointer - MaisAgro","isPartOf":{"@id":"https:\/\/portalmaisagro.com\/#website"},"primaryImageOfPage":{"@id":"https:\/\/portalmaisagro.com\/?p=9914#primaryimage"},"image":{"@id":"https:\/\/portalmaisagro.com\/?p=9914#primaryimage"},"thumbnailUrl":"https:\/\/portalmaisagro.com\/wp-content\/uploads\/2026\/09\/31132421_89810_GD.jpeg","datePublished":"2026-09-01T12:33:55+00:00","breadcrumb":{"@id":"https:\/\/portalmaisagro.com\/?p=9914#breadcrumb"},"inLanguage":"pt-BR","potentialAction":[{"@type":"ReadAction","target":["https:\/\/portalmaisagro.com\/?p=9914"]}]},{"@type":"ImageObject","inLanguage":"pt-BR","@id":"https:\/\/portalmaisagro.com\/?p=9914#primaryimage","url":"https:\/\/portalmaisagro.com\/wp-content\/uploads\/2026\/09\/31132421_89810_GD.jpeg","contentUrl":"https:\/\/portalmaisagro.com\/wp-content\/uploads\/2026\/09\/31132421_89810_GD.jpeg","width":800,"height":450},{"@type":"BreadcrumbList","@id":"https:\/\/portalmaisagro.com\/?p=9914#breadcrumb","itemListElement":[{"@type":"ListItem","position":1,"name":"In\u00edcio","item":"https:\/\/portalmaisagro.com\/"},{"@type":"ListItem","position":2,"name":"Exposi\u00e7\u00e3o nacional de caprinos Boer re\u00fane criadores de quatro estados na Expointer"}]},{"@type":"WebSite","@id":"https:\/\/portalmaisagro.com\/#website","url":"https:\/\/portalmaisagro.com\/","name":"MaisAgro","description":"O portal do agroneg\u00f3cio","publisher":{"@id":"https:\/\/portalmaisagro.com\/#organization"},"potentialAction":[{"@type":"SearchAction","target":{"@type":"EntryPoint","urlTemplate":"https:\/\/portalmaisagro.com\/?s={search_term_string}"},"query-input":{"@type":"PropertyValueSpecification","valueRequired":true,"valueName":"search_term_string"}}],"inLanguage":"pt-BR"},{"@type":"Organization","@id":"https:\/\/portalmaisagro.com\/#organization","name":"MaisAgro","url":"https:\/\/portalmaisagro.com\/","logo":{"@type":"ImageObject","inLanguage":"pt-BR","@id":"https:\/\/portalmaisagro.com\/#\/schema\/logo\/image\/","url":"https:\/\/portalmaisagro.com\/wp-content\/uploads\/2024\/11\/logo_oficial-e1749247575377.png","contentUrl":"https:\/\/portalmaisagro.com\/wp-content\/uploads\/2024\/11\/logo_oficial-e1749247575377.png","width":513,"height":107,"caption":"MaisAgro"},"image":{"@id":"https:\/\/portalmaisagro.com\/#\/schema\/logo\/image\/"},"sameAs":["https:\/\/www.facebook.com\/maisagroportal"]},{"@type":"Person","@id":"https:\/\/portalmaisagro.com\/#\/schema\/person\/ade0f16b5a3434e1ec47b1fbdb9b9318","name":"Taiane do Carmo","image":{"@type":"ImageObject","inLanguage":"pt-BR","@id":"https:\/\/portalmaisagro.com\/wp-content\/uploads\/2026\/04\/images.jpeg640e5d69297d7dd56cc39a10251ad7db","url":"https:\/\/portalmaisagro.com\/wp-content\/uploads\/2026\/04\/images.jpeg","contentUrl":"https:\/\/portalmaisagro.com\/wp-content\/uploads\/2026\/04\/images.jpeg","caption":"Taiane do Carmo"},"url":"https:\/\/portalmaisagro.com\/?author=10"}]}},"jetpack_publicize_connections":[],"authors":[],"_links":{"self":[{"href":"https:\/\/portalmaisagro.com\/index.php?rest_route=\/wp\/v2\/posts\/9914","targetHints":{"allow":["GET"]}}],"collection":[{"href":"https:\/\/portalmaisagro.com\/index.php?rest_route=\/wp\/v2\/posts"}],"about":[{"href":"https:\/\/portalmaisagro.com\/index.php?rest_route=\/wp\/v2\/types\/post"}],"author":[{"embeddable":true,"href":"https:\/\/portalmaisagro.com\/index.php?rest_route=\/wp\/v2\/users\/10"}],"replies":[{"embeddable":true,"href":"https:\/\/portalmaisagro.com\/index.php?rest_route=%2Fwp%2Fv2%2Fcomments&post=9914"}],"version-history":[{"count":1,"href":"https:\/\/portalmaisagro.com\/index.php?rest_route=\/wp\/v2\/posts\/9914\/revisions"}],"predecessor-version":[{"id":9917,"href":"https:\/\/portalmaisagro.com\/index.php?rest_route=\/wp\/v2\/posts\/9914\/revisions\/9917"}],"wp:featuredmedia":[{"embeddable":true,"href":"https:\/\/portalmaisagro.com\/index.php?rest_route=\/wp\/v2\/media\/9916"}],"wp:attachment":[{"href":"https:\/\/portalmaisagro.com\/index.php?rest_route=%2Fwp%2Fv2%2Fmedia&parent=9914"}],"wp:term":[{"taxonomy":"category","embeddable":true,"href":"https:\/\/portalmaisagro.com\/index.php?rest_route=%2Fwp%2Fv2%2Fcategories&post=9914"},{"taxonomy":"post_tag","embeddable":true,"href":"https:\/\/portalmaisagro.com\/index.php?rest_route=%2Fwp%2Fv2%2Ftags&post=9914"}],"curies":[{"name":"wp","href":"https:\/\/api.w.org\/{rel}","templated":true}]}}