{"id":9898,"date":"2026-09-01T08:36:37","date_gmt":"2026-09-01T11:36:37","guid":{"rendered":"https:\/\/portalmaisagro.com\/?p=9898"},"modified":"2026-09-01T08:36:37","modified_gmt":"2026-09-01T11:36:37","slug":"pavilhao-da-agricultura-familiar-registra-vendas-de-r-23-milhoes-nos-dois-primeiros-dias-da-expointer","status":"publish","type":"post","link":"https:\/\/portalmaisagro.com\/?p=9898","title":{"rendered":"Pavilh\u00e3o da Agricultura Familiar registra vendas de R$ 2,3 milh\u00f5es nos dois primeiros dias da Expointer"},"content":{"rendered":"<p style=\"text-align: justify\"><em>Mesmo com a chuva no fim de semana, p\u00fablico movimentou o espa\u00e7o durante a abertura da feira<\/em><\/p>\n<p style=\"text-align: justify\">O movimento de vendas no 28\u00ba Pavilh\u00e3o da Agricultura Familiar alcan\u00e7ou R$ 2.317.583,12 nos dois primeiros dias da 49\u00aa Expointer. Os dados s\u00e3o do Boletim Di\u00e1rio elaborado pela Emater\/RS-Ascar e incluem as vendas das agroind\u00fastrias familiares, do artesanato, de flores e plantas e das cozinhas.<\/p>\n<p style=\"text-align: justify\">No primeiro dia de feira, s\u00e1bado (29\/8), marcado pela chuva intensa, foram comercializados R$ 1.000.735,14 em produtos. J\u00e1 no domingo (30\/8), com o tempo mais firme e maior circula\u00e7\u00e3o de p\u00fablico, as vendas chegaram a R$ 1.316.847,98.<\/p>\n<figure id=\"attachment_9899\" aria-describedby=\"caption-attachment-9899\" style=\"width: 561px\" class=\"wp-caption alignnone\"><img loading=\"lazy\" decoding=\"async\" class=\"wp-image-9899\" src=\"https:\/\/portalmaisagro.com\/wp-content\/uploads\/2026\/09\/31135416_89832_GDO.jpeg\" alt=\"\" width=\"561\" height=\"421\" srcset=\"https:\/\/portalmaisagro.com\/wp-content\/uploads\/2026\/09\/31135416_89832_GDO.jpeg 800w, https:\/\/portalmaisagro.com\/wp-content\/uploads\/2026\/09\/31135416_89832_GDO-300x225.jpeg 300w, https:\/\/portalmaisagro.com\/wp-content\/uploads\/2026\/09\/31135416_89832_GDO-768x576.jpeg 768w, https:\/\/portalmaisagro.com\/wp-content\/uploads\/2026\/09\/31135416_89832_GDO-150x113.jpeg 150w\" sizes=\"auto, (max-width: 561px) 100vw, 561px\" \/><figcaption id=\"caption-attachment-9899\" class=\"wp-caption-text\">Foto: Ascom SDR<\/figcaption><\/figure>\n<p style=\"text-align: justify\">A movimenta\u00e7\u00e3o do fim de semana foi registrada mesmo com as condi\u00e7\u00f5es clim\u00e1ticas adversas, e o domingo apresentou crescimento nas vendas em rela\u00e7\u00e3o ao primeiro dia de feira. A expectativa \u00e9 de que o fluxo de visitantes se intensifique ao longo da semana, ampliando tamb\u00e9m as oportunidades de comercializa\u00e7\u00e3o para os empreendimentos.<\/p>\n<p style=\"text-align: justify\">\u201cO Pavilh\u00e3o da Agricultura Familiar \u00e9 o local em que cada visitante pode levar um pedacinho dessa feira\u201d, destaca\u00a0o secret\u00e1rio\u00a0de Desenvolvimento Rural, Gustavo Paim.<\/p>\n<p style=\"text-align: justify\">Entre\u00a0os recursos dispon\u00edveis\u00a0nesta edi\u00e7\u00e3o est\u00e1\u00a0um\u00a0mapa interativo do Pavilh\u00e3o da Agricultura Familiar,\u00a0que facilita a localiza\u00e7\u00e3o dos empreendimentos pelos visitantes. A busca pode ser feita por meio de filtros como tipo de produto, munic\u00edpio ou nome da agroind\u00fastria.\u00a0O espa\u00e7o tamb\u00e9m conta com\u00a0estrutura de camping destinada aos expositores, com pontos de \u00e1gua pot\u00e1vel e energia el\u00e9trica, al\u00e9m de chuveiros com \u00e1gua quente.<\/p>\n<p>Texto: Ascom SDR<\/p>\n<p>Foto: Ascom SDR<\/p>\n<p><img loading=\"lazy\" decoding=\"async\" class=\"alignnone  wp-image-9724\" src=\"https:\/\/portalmaisagro.com\/wp-content\/uploads\/2026\/08\/WhatsApp-Image-2026-08-11-at-10.28.27-1-1.jpeg\" alt=\"\" width=\"243\" height=\"319\" srcset=\"https:\/\/portalmaisagro.com\/wp-content\/uploads\/2026\/08\/WhatsApp-Image-2026-08-11-at-10.28.27-1-1.jpeg 298w, https:\/\/portalmaisagro.com\/wp-content\/uploads\/2026\/08\/WhatsApp-Image-2026-08-11-at-10.28.27-1-1-229x300.jpeg 229w, https:\/\/portalmaisagro.com\/wp-content\/uploads\/2026\/08\/WhatsApp-Image-2026-08-11-at-10.28.27-1-1-150x197.jpeg 150w\" sizes=\"auto, (max-width: 243px) 100vw, 243px\" \/><\/p>\n<p><a href=\"https:\/\/digital.agriculturafamiliar.agr.br\/pub\/agriculturafamiliar\/#page\/147\"><strong><em>Conte\u00fado exclusivo de empresas participantes do Anu\u00e1rio Brasileiro do Agroneg\u00f3cio e Agricultura Familiar \u2013 LEIA O ANU\u00c1RIO GRATUITAMENTE<\/em><\/strong><\/a><\/p>\n","protected":false},"excerpt":{"rendered":"<p>Mesmo com a chuva no fim de semana, p\u00fablico movimentou o espa\u00e7o durante a abertura da feira O movimento de vendas no 28\u00ba Pavilh\u00e3o da Agricultura Familiar alcan\u00e7ou R$ 2.317.583,12 nos dois primeiros dias da 49\u00aa Expointer. Os dados s\u00e3o do Boletim Di\u00e1rio elaborado pela Emater\/RS-Ascar e incluem as vendas&hellip;<\/p>\n","protected":false},"author":10,"featured_media":9900,"comment_status":"closed","ping_status":"closed","sticky":false,"template":"","format":"standard","meta":{"footnotes":"","jetpack_publicize_message":"","jetpack_publicize_feature_enabled":true,"jetpack_social_post_already_shared":true,"jetpack_social_options":{"image_generator_settings":{"template":"highway","default_image_id":0,"font":"","enabled":false},"version":2},"_members_access_role":[],"_members_access_error":""},"categories":[131,230],"tags":[],"class_list":["post-9898","post","type-post","status-publish","format-standard","has-post-thumbnail","hentry","category-destaques","category-feiras-2"],"yoast_head":"<!-- This site is optimized with the Yoast SEO plugin v28.1 - https:\/\/yoast.com\/product\/yoast-seo-wordpress\/ -->\n<title>Pavilh\u00e3o da Agricultura Familiar registra vendas de R$ 2,3 milh\u00f5es nos dois primeiros dias da Expointer - MaisAgro<\/title>\n<meta name=\"robots\" content=\"index, follow, max-snippet:-1, max-image-preview:large, max-video-preview:-1\" \/>\n<link rel=\"canonical\" href=\"https:\/\/portalmaisagro.com\/?p=9898\" \/>\n<meta property=\"og:locale\" content=\"pt_BR\" \/>\n<meta property=\"og:type\" content=\"article\" \/>\n<meta property=\"og:title\" content=\"Pavilh\u00e3o da Agricultura Familiar registra vendas de R$ 2,3 milh\u00f5es nos dois primeiros dias da Expointer - MaisAgro\" \/>\n<meta property=\"og:description\" content=\"Mesmo com a chuva no fim de semana, p\u00fablico movimentou o espa\u00e7o durante a abertura da feira O movimento de vendas no 28\u00ba Pavilh\u00e3o da Agricultura Familiar alcan\u00e7ou R$ 2.317.583,12 nos dois primeiros dias da 49\u00aa Expointer. Os dados s\u00e3o do Boletim Di\u00e1rio elaborado pela Emater\/RS-Ascar e incluem as vendas&hellip;\" \/>\n<meta property=\"og:url\" content=\"https:\/\/portalmaisagro.com\/?p=9898\" \/>\n<meta property=\"og:site_name\" content=\"MaisAgro\" \/>\n<meta property=\"article:publisher\" content=\"https:\/\/www.facebook.com\/maisagroportal\" \/>\n<meta property=\"article:published_time\" content=\"2026-09-01T11:36:37+00:00\" \/>\n<meta property=\"og:image\" content=\"https:\/\/portalmaisagro.com\/wp-content\/uploads\/2026\/09\/31135840_89843_GD.jpeg\" \/>\n\t<meta property=\"og:image:width\" content=\"800\" \/>\n\t<meta property=\"og:image:height\" content=\"450\" \/>\n\t<meta property=\"og:image:type\" content=\"image\/jpeg\" \/>\n<meta name=\"author\" content=\"Taiane do Carmo\" \/>\n<meta name=\"twitter:card\" content=\"summary_large_image\" \/>\n<meta name=\"twitter:label1\" content=\"Escrito por\" \/>\n\t<meta name=\"twitter:data1\" content=\"Taiane do Carmo\" \/>\n\t<meta name=\"twitter:label2\" content=\"Est. tempo de leitura\" \/>\n\t<meta name=\"twitter:data2\" content=\"3 minutos\" \/>\n<script type=\"application\/ld+json\" class=\"yoast-schema-graph\">{\"@context\":\"https:\\\/\\\/schema.org\",\"@graph\":[{\"@type\":\"Article\",\"@id\":\"https:\\\/\\\/portalmaisagro.com\\\/?p=9898#article\",\"isPartOf\":{\"@id\":\"https:\\\/\\\/portalmaisagro.com\\\/?p=9898\"},\"author\":{\"name\":\"Taiane do Carmo\",\"@id\":\"https:\\\/\\\/portalmaisagro.com\\\/#\\\/schema\\\/person\\\/ade0f16b5a3434e1ec47b1fbdb9b9318\"},\"headline\":\"Pavilh\u00e3o da Agricultura Familiar registra vendas de R$ 2,3 milh\u00f5es nos dois primeiros dias da Expointer\",\"datePublished\":\"2026-09-01T11:36:37+00:00\",\"mainEntityOfPage\":{\"@id\":\"https:\\\/\\\/portalmaisagro.com\\\/?p=9898\"},\"wordCount\":318,\"publisher\":{\"@id\":\"https:\\\/\\\/portalmaisagro.com\\\/#organization\"},\"image\":{\"@id\":\"https:\\\/\\\/portalmaisagro.com\\\/?p=9898#primaryimage\"},\"thumbnailUrl\":\"https:\\\/\\\/portalmaisagro.com\\\/wp-content\\\/uploads\\\/2026\\\/09\\\/31135840_89843_GD.jpeg\",\"articleSection\":[\"DESTAQUES\",\"FEIRAS\"],\"inLanguage\":\"pt-BR\"},{\"@type\":\"WebPage\",\"@id\":\"https:\\\/\\\/portalmaisagro.com\\\/?p=9898\",\"url\":\"https:\\\/\\\/portalmaisagro.com\\\/?p=9898\",\"name\":\"Pavilh\u00e3o da Agricultura Familiar registra vendas de R$ 2,3 milh\u00f5es nos dois primeiros dias da Expointer - MaisAgro\",\"isPartOf\":{\"@id\":\"https:\\\/\\\/portalmaisagro.com\\\/#website\"},\"primaryImageOfPage\":{\"@id\":\"https:\\\/\\\/portalmaisagro.com\\\/?p=9898#primaryimage\"},\"image\":{\"@id\":\"https:\\\/\\\/portalmaisagro.com\\\/?p=9898#primaryimage\"},\"thumbnailUrl\":\"https:\\\/\\\/portalmaisagro.com\\\/wp-content\\\/uploads\\\/2026\\\/09\\\/31135840_89843_GD.jpeg\",\"datePublished\":\"2026-09-01T11:36:37+00:00\",\"breadcrumb\":{\"@id\":\"https:\\\/\\\/portalmaisagro.com\\\/?p=9898#breadcrumb\"},\"inLanguage\":\"pt-BR\",\"potentialAction\":[{\"@type\":\"ReadAction\",\"target\":[\"https:\\\/\\\/portalmaisagro.com\\\/?p=9898\"]}]},{\"@type\":\"ImageObject\",\"inLanguage\":\"pt-BR\",\"@id\":\"https:\\\/\\\/portalmaisagro.com\\\/?p=9898#primaryimage\",\"url\":\"https:\\\/\\\/portalmaisagro.com\\\/wp-content\\\/uploads\\\/2026\\\/09\\\/31135840_89843_GD.jpeg\",\"contentUrl\":\"https:\\\/\\\/portalmaisagro.com\\\/wp-content\\\/uploads\\\/2026\\\/09\\\/31135840_89843_GD.jpeg\",\"width\":800,\"height\":450},{\"@type\":\"BreadcrumbList\",\"@id\":\"https:\\\/\\\/portalmaisagro.com\\\/?p=9898#breadcrumb\",\"itemListElement\":[{\"@type\":\"ListItem\",\"position\":1,\"name\":\"In\u00edcio\",\"item\":\"https:\\\/\\\/portalmaisagro.com\\\/\"},{\"@type\":\"ListItem\",\"position\":2,\"name\":\"Pavilh\u00e3o da Agricultura Familiar registra vendas de R$ 2,3 milh\u00f5es nos dois primeiros dias da Expointer\"}]},{\"@type\":\"WebSite\",\"@id\":\"https:\\\/\\\/portalmaisagro.com\\\/#website\",\"url\":\"https:\\\/\\\/portalmaisagro.com\\\/\",\"name\":\"MaisAgro\",\"description\":\"O portal do agroneg\u00f3cio\",\"publisher\":{\"@id\":\"https:\\\/\\\/portalmaisagro.com\\\/#organization\"},\"potentialAction\":[{\"@type\":\"SearchAction\",\"target\":{\"@type\":\"EntryPoint\",\"urlTemplate\":\"https:\\\/\\\/portalmaisagro.com\\\/?s={search_term_string}\"},\"query-input\":{\"@type\":\"PropertyValueSpecification\",\"valueRequired\":true,\"valueName\":\"search_term_string\"}}],\"inLanguage\":\"pt-BR\"},{\"@type\":\"Organization\",\"@id\":\"https:\\\/\\\/portalmaisagro.com\\\/#organization\",\"name\":\"MaisAgro\",\"url\":\"https:\\\/\\\/portalmaisagro.com\\\/\",\"logo\":{\"@type\":\"ImageObject\",\"inLanguage\":\"pt-BR\",\"@id\":\"https:\\\/\\\/portalmaisagro.com\\\/#\\\/schema\\\/logo\\\/image\\\/\",\"url\":\"https:\\\/\\\/portalmaisagro.com\\\/wp-content\\\/uploads\\\/2024\\\/11\\\/logo_oficial-e1749247575377.png\",\"contentUrl\":\"https:\\\/\\\/portalmaisagro.com\\\/wp-content\\\/uploads\\\/2024\\\/11\\\/logo_oficial-e1749247575377.png\",\"width\":513,\"height\":107,\"caption\":\"MaisAgro\"},\"image\":{\"@id\":\"https:\\\/\\\/portalmaisagro.com\\\/#\\\/schema\\\/logo\\\/image\\\/\"},\"sameAs\":[\"https:\\\/\\\/www.facebook.com\\\/maisagroportal\"]},{\"@type\":\"Person\",\"@id\":\"https:\\\/\\\/portalmaisagro.com\\\/#\\\/schema\\\/person\\\/ade0f16b5a3434e1ec47b1fbdb9b9318\",\"name\":\"Taiane do Carmo\",\"image\":{\"@type\":\"ImageObject\",\"inLanguage\":\"pt-BR\",\"@id\":\"https:\\\/\\\/portalmaisagro.com\\\/wp-content\\\/uploads\\\/2026\\\/04\\\/images.jpeg640e5d69297d7dd56cc39a10251ad7db\",\"url\":\"https:\\\/\\\/portalmaisagro.com\\\/wp-content\\\/uploads\\\/2026\\\/04\\\/images.jpeg\",\"contentUrl\":\"https:\\\/\\\/portalmaisagro.com\\\/wp-content\\\/uploads\\\/2026\\\/04\\\/images.jpeg\",\"caption\":\"Taiane do Carmo\"},\"url\":\"https:\\\/\\\/portalmaisagro.com\\\/?author=10\"}]}<\/script>\n<!-- \/ Yoast SEO plugin. -->","yoast_head_json":{"title":"Pavilh\u00e3o da Agricultura Familiar registra vendas de R$ 2,3 milh\u00f5es nos dois primeiros dias da Expointer - MaisAgro","robots":{"index":"index","follow":"follow","max-snippet":"max-snippet:-1","max-image-preview":"max-image-preview:large","max-video-preview":"max-video-preview:-1"},"canonical":"https:\/\/portalmaisagro.com\/?p=9898","og_locale":"pt_BR","og_type":"article","og_title":"Pavilh\u00e3o da Agricultura Familiar registra vendas de R$ 2,3 milh\u00f5es nos dois primeiros dias da Expointer - MaisAgro","og_description":"Mesmo com a chuva no fim de semana, p\u00fablico movimentou o espa\u00e7o durante a abertura da feira O movimento de vendas no 28\u00ba Pavilh\u00e3o da Agricultura Familiar alcan\u00e7ou R$ 2.317.583,12 nos dois primeiros dias da 49\u00aa Expointer. Os dados s\u00e3o do Boletim Di\u00e1rio elaborado pela Emater\/RS-Ascar e incluem as vendas&hellip;","og_url":"https:\/\/portalmaisagro.com\/?p=9898","og_site_name":"MaisAgro","article_publisher":"https:\/\/www.facebook.com\/maisagroportal","article_published_time":"2026-09-01T11:36:37+00:00","og_image":[{"width":800,"height":450,"url":"https:\/\/portalmaisagro.com\/wp-content\/uploads\/2026\/09\/31135840_89843_GD.jpeg","type":"image\/jpeg"}],"author":"Taiane do Carmo","twitter_card":"summary_large_image","twitter_misc":{"Escrito por":"Taiane do Carmo","Est. tempo de leitura":"3 minutos"},"schema":{"@context":"https:\/\/schema.org","@graph":[{"@type":"Article","@id":"https:\/\/portalmaisagro.com\/?p=9898#article","isPartOf":{"@id":"https:\/\/portalmaisagro.com\/?p=9898"},"author":{"name":"Taiane do Carmo","@id":"https:\/\/portalmaisagro.com\/#\/schema\/person\/ade0f16b5a3434e1ec47b1fbdb9b9318"},"headline":"Pavilh\u00e3o da Agricultura Familiar registra vendas de R$ 2,3 milh\u00f5es nos dois primeiros dias da Expointer","datePublished":"2026-09-01T11:36:37+00:00","mainEntityOfPage":{"@id":"https:\/\/portalmaisagro.com\/?p=9898"},"wordCount":318,"publisher":{"@id":"https:\/\/portalmaisagro.com\/#organization"},"image":{"@id":"https:\/\/portalmaisagro.com\/?p=9898#primaryimage"},"thumbnailUrl":"https:\/\/portalmaisagro.com\/wp-content\/uploads\/2026\/09\/31135840_89843_GD.jpeg","articleSection":["DESTAQUES","FEIRAS"],"inLanguage":"pt-BR"},{"@type":"WebPage","@id":"https:\/\/portalmaisagro.com\/?p=9898","url":"https:\/\/portalmaisagro.com\/?p=9898","name":"Pavilh\u00e3o da Agricultura Familiar registra vendas de R$ 2,3 milh\u00f5es nos dois primeiros dias da Expointer - MaisAgro","isPartOf":{"@id":"https:\/\/portalmaisagro.com\/#website"},"primaryImageOfPage":{"@id":"https:\/\/portalmaisagro.com\/?p=9898#primaryimage"},"image":{"@id":"https:\/\/portalmaisagro.com\/?p=9898#primaryimage"},"thumbnailUrl":"https:\/\/portalmaisagro.com\/wp-content\/uploads\/2026\/09\/31135840_89843_GD.jpeg","datePublished":"2026-09-01T11:36:37+00:00","breadcrumb":{"@id":"https:\/\/portalmaisagro.com\/?p=9898#breadcrumb"},"inLanguage":"pt-BR","potentialAction":[{"@type":"ReadAction","target":["https:\/\/portalmaisagro.com\/?p=9898"]}]},{"@type":"ImageObject","inLanguage":"pt-BR","@id":"https:\/\/portalmaisagro.com\/?p=9898#primaryimage","url":"https:\/\/portalmaisagro.com\/wp-content\/uploads\/2026\/09\/31135840_89843_GD.jpeg","contentUrl":"https:\/\/portalmaisagro.com\/wp-content\/uploads\/2026\/09\/31135840_89843_GD.jpeg","width":800,"height":450},{"@type":"BreadcrumbList","@id":"https:\/\/portalmaisagro.com\/?p=9898#breadcrumb","itemListElement":[{"@type":"ListItem","position":1,"name":"In\u00edcio","item":"https:\/\/portalmaisagro.com\/"},{"@type":"ListItem","position":2,"name":"Pavilh\u00e3o da Agricultura Familiar registra vendas de R$ 2,3 milh\u00f5es nos dois primeiros dias da Expointer"}]},{"@type":"WebSite","@id":"https:\/\/portalmaisagro.com\/#website","url":"https:\/\/portalmaisagro.com\/","name":"MaisAgro","description":"O portal do agroneg\u00f3cio","publisher":{"@id":"https:\/\/portalmaisagro.com\/#organization"},"potentialAction":[{"@type":"SearchAction","target":{"@type":"EntryPoint","urlTemplate":"https:\/\/portalmaisagro.com\/?s={search_term_string}"},"query-input":{"@type":"PropertyValueSpecification","valueRequired":true,"valueName":"search_term_string"}}],"inLanguage":"pt-BR"},{"@type":"Organization","@id":"https:\/\/portalmaisagro.com\/#organization","name":"MaisAgro","url":"https:\/\/portalmaisagro.com\/","logo":{"@type":"ImageObject","inLanguage":"pt-BR","@id":"https:\/\/portalmaisagro.com\/#\/schema\/logo\/image\/","url":"https:\/\/portalmaisagro.com\/wp-content\/uploads\/2024\/11\/logo_oficial-e1749247575377.png","contentUrl":"https:\/\/portalmaisagro.com\/wp-content\/uploads\/2024\/11\/logo_oficial-e1749247575377.png","width":513,"height":107,"caption":"MaisAgro"},"image":{"@id":"https:\/\/portalmaisagro.com\/#\/schema\/logo\/image\/"},"sameAs":["https:\/\/www.facebook.com\/maisagroportal"]},{"@type":"Person","@id":"https:\/\/portalmaisagro.com\/#\/schema\/person\/ade0f16b5a3434e1ec47b1fbdb9b9318","name":"Taiane do Carmo","image":{"@type":"ImageObject","inLanguage":"pt-BR","@id":"https:\/\/portalmaisagro.com\/wp-content\/uploads\/2026\/04\/images.jpeg640e5d69297d7dd56cc39a10251ad7db","url":"https:\/\/portalmaisagro.com\/wp-content\/uploads\/2026\/04\/images.jpeg","contentUrl":"https:\/\/portalmaisagro.com\/wp-content\/uploads\/2026\/04\/images.jpeg","caption":"Taiane do Carmo"},"url":"https:\/\/portalmaisagro.com\/?author=10"}]}},"jetpack_publicize_connections":[],"authors":[],"_links":{"self":[{"href":"https:\/\/portalmaisagro.com\/index.php?rest_route=\/wp\/v2\/posts\/9898","targetHints":{"allow":["GET"]}}],"collection":[{"href":"https:\/\/portalmaisagro.com\/index.php?rest_route=\/wp\/v2\/posts"}],"about":[{"href":"https:\/\/portalmaisagro.com\/index.php?rest_route=\/wp\/v2\/types\/post"}],"author":[{"embeddable":true,"href":"https:\/\/portalmaisagro.com\/index.php?rest_route=\/wp\/v2\/users\/10"}],"replies":[{"embeddable":true,"href":"https:\/\/portalmaisagro.com\/index.php?rest_route=%2Fwp%2Fv2%2Fcomments&post=9898"}],"version-history":[{"count":1,"href":"https:\/\/portalmaisagro.com\/index.php?rest_route=\/wp\/v2\/posts\/9898\/revisions"}],"predecessor-version":[{"id":9901,"href":"https:\/\/portalmaisagro.com\/index.php?rest_route=\/wp\/v2\/posts\/9898\/revisions\/9901"}],"wp:featuredmedia":[{"embeddable":true,"href":"https:\/\/portalmaisagro.com\/index.php?rest_route=\/wp\/v2\/media\/9900"}],"wp:attachment":[{"href":"https:\/\/portalmaisagro.com\/index.php?rest_route=%2Fwp%2Fv2%2Fmedia&parent=9898"}],"wp:term":[{"taxonomy":"category","embeddable":true,"href":"https:\/\/portalmaisagro.com\/index.php?rest_route=%2Fwp%2Fv2%2Fcategories&post=9898"},{"taxonomy":"post_tag","embeddable":true,"href":"https:\/\/portalmaisagro.com\/index.php?rest_route=%2Fwp%2Fv2%2Ftags&post=9898"}],"curies":[{"name":"wp","href":"https:\/\/api.w.org\/{rel}","templated":true}]}}