{"id":9894,"date":"2026-08-31T11:21:27","date_gmt":"2026-08-31T14:21:27","guid":{"rendered":"https:\/\/portalmaisagro.com\/?p=9894"},"modified":"2026-08-31T11:21:27","modified_gmt":"2026-08-31T14:21:27","slug":"sem-acordo-contra-secas-comunidades-vao-sofrer-avaliam-especialistas","status":"publish","type":"post","link":"https:\/\/portalmaisagro.com\/?p=9894","title":{"rendered":"Sem acordo contra secas, comunidades v\u00e3o sofrer, avaliam especialistas"},"content":{"rendered":"<p style=\"text-align: justify\"><em>COP da Desertifica\u00e7\u00e3o frusta por n\u00e3o criar estrat\u00e9gia global<\/em><\/p>\n<p style=\"text-align: justify\">Inacredit\u00e1vel. Frustrante. Sabor amargo. Essas foram algumas das palavras usadas por organiza\u00e7\u00f5es ambientais, representantes da sociedade civil e outros especialistas para avaliar os resultados da 17\u00aa Confer\u00eancia das Na\u00e7\u00f5es Unidas de Combate \u00e0 Desertifica\u00e7\u00e3o (COP17), que terminou nesta ultima sexta-feira (28) em Ulaanbaatar, capital da Mong\u00f3lia.<img decoding=\"async\" src=\"https:\/\/agenciabrasil.ebc.com.br\/ebc.png?id=1701051&amp;o=node\" \/><img decoding=\"async\" src=\"https:\/\/agenciabrasil.ebc.com.br\/ebc.gif?id=1701051&amp;o=node\" \/><\/p>\n<p style=\"text-align: justify\">A principal decep\u00e7\u00e3o foi o novo adiamento do acordo global para enfrentar as secas e os impactos que isso trar\u00e1 sobre as comunidades.<\/p>\n<p style=\"text-align: justify\">O especialista do Instituto Escolhas, Rafael Giovanelli, disse que\u00a0os governos falharam ao jogar para a COP18, no Egito, novas discuss\u00f5es sobre o problema.<\/p>\n<blockquote><p>&#8220;Isso deixa um sabor amargo, porque a COP termina sem decis\u00f5es substanciais para lidar com as secas&#8221;, disse.<\/p><\/blockquote>\n<p style=\"text-align: justify\">O representante da organiza\u00e7\u00e3o Wetlands Internacional, Richard Lee, disse que a\u00a0falta de consenso acontece justamente quando o n\u00famero de desastres pelo mundo n\u00e3o para de crescer.<\/p>\n<blockquote><p>&#8220;\u00c9 inacredit\u00e1vel. Neste ano, a Europa sofre com uma seca hist\u00f3rica e os n\u00edveis de \u00e1gua ca\u00edram a patamares recordes no Rio Colorado, nos Estados Unidos. O chamado Super El Ni\u00f1o traz riscos de secas devastadoras do Sul da \u00c1frica at\u00e9 a Amaz\u00f4nia&#8221;, avalia Richard.<\/p><\/blockquote>\n<p style=\"text-align: justify\">&#8220;N\u00f3s acredit\u00e1vamos que esse cen\u00e1rio for\u00e7aria os governos de todo o mundo a agir. Est\u00e1vamos errados. Adiar a decis\u00e3o sobre as secas em mais dois anos custar\u00e1 mais do que tempo: comunidades e economias em todo o mundo v\u00e3o pagar o pre\u00e7o&#8221;, complementa.<\/p>\n<p style=\"text-align: justify\">A especialista em pol\u00edticas de \u00e1gua da WWF Global, Christine Colvin, aposta na\u00a0a\u00e7\u00e3o conjunta de alguns governos, sociedade civil e institui\u00e7\u00f5es financeiras para que o combate \u00e0s secas tenha algum progresso. Por\u00e9m, destaca que iniciativas isoladas n\u00e3o s\u00e3o o suficiente.<\/p>\n<blockquote><p>&#8220;\u00c9 profundamente frustrante que a ambi\u00e7\u00e3o sobre a seca tenha se esvaziado na COP17. N\u00e3o foi entregue um resultado significativo e n\u00e3o temos uma base forte para que possamos construir a\u00e7\u00f5es&#8221;, avalia Christine.<\/p><\/blockquote>\n<h3 style=\"text-align: justify\">Acordo global sobre secas<\/h3>\n<p style=\"text-align: justify\">A proposta de criar um mecanismo multilateral para\u00a0enfrentar de forma coordenada as secas\u00a0\u00e9 defendida por africanos h\u00e1, pelo menos, tr\u00eas confer\u00eancias. Historicamente, o continente \u00e9 um dos mais afetados pelo problema.<\/p>\n<p style=\"text-align: justify\">Isso demandaria ajuda financeira para os pa\u00edses mais vulner\u00e1veis serem capazes de se antecipar e se recuperar dos eventos extremos. Eles entendem que instrumentos internacionais, como o Fundo Global para o Meio Ambiente (GEF, na sigla em ingl\u00eas), s\u00e3o estruturados sob o tema de degrada\u00e7\u00e3o das terras, algo mais amplo do que a seca.<\/p>\n<p style=\"text-align: justify\">Os pa\u00edses mais ricos, por\u00e9m, n\u00e3o querem se comprometer com um acordo obrigat\u00f3rio e defendem ades\u00e3o volunt\u00e1ria. A Uni\u00e3o Europeia n\u00e3o quer se comprometer com gastos externos, principalmente quando precisa enfrentar crises recentes de seca no pr\u00f3prio territ\u00f3rio.<\/p>\n<h3 style=\"text-align: justify\"><strong>Iniciativas paralelas<\/strong><\/h3>\n<p style=\"text-align: justify\">Iniciativas paralelas lan\u00e7adas durante a COP17 tentam lidar com o problema das secas. \u00c9 o caso do Mecanismo de Investimento para Resili\u00eancia \u00e0 Seca (DRIF), a primeira plataforma global de financiamento dedicada exclusivamente ao tema.<\/p>\n<p style=\"text-align: justify\">Criada pela UNCCD e por Luxemburgo, com apoio da Alian\u00e7a Internacional para a Resili\u00eancia \u00e0 Seca (IDRA), a iniciativa pretende mobilizar at\u00e9 US$ 400 milh\u00f5es em recursos p\u00fablicos e privados.<\/p>\n<p style=\"text-align: justify\">Os investimentos dever\u00e3o ser direcionados para seguran\u00e7a h\u00eddrica, agricultura sustent\u00e1vel, solu\u00e7\u00f5es baseadas na natureza e recupera\u00e7\u00e3o de terras.<\/p>\n<p style=\"text-align: justify\">Outra novidade foi a segunda fase do Observat\u00f3rio Internacional de Resili\u00eancia \u00e0 Seca (IDRO), que apresentou o primeiro \u00cdndice de Resili\u00eancia \u00e0 Seca (DRI). A ferramenta pretende ajudar os pa\u00edses a avaliar sua capacidade de antecipar, se preparar e se adaptar aos per\u00edodos de escassez de \u00e1gua.<\/p>\n<p style=\"text-align: justify\"><em>*O rep\u00f3rter viajou para a Mong\u00f3lia a convite da Conven\u00e7\u00e3o das Na\u00e7\u00f5es Unidas de Combate \u00e0 Desertifica\u00e7\u00e3o (UNCCD), ap\u00f3s sele\u00e7\u00e3o entre jornalistas de diversos continentes.<\/em><\/p>\n<p>Texto: Ag\u00eancia Brasil<\/p>\n<p>Foto: \u00a0Kiara worth\/NCCD<\/p>\n<p><img loading=\"lazy\" decoding=\"async\" class=\"alignnone  wp-image-9754\" src=\"https:\/\/portalmaisagro.com\/wp-content\/uploads\/2026\/08\/WhatsApp-Image-2026-08-11-at-10.28.27-1-2.jpeg\" alt=\"\" width=\"242\" height=\"318\" srcset=\"https:\/\/portalmaisagro.com\/wp-content\/uploads\/2026\/08\/WhatsApp-Image-2026-08-11-at-10.28.27-1-2.jpeg 298w, https:\/\/portalmaisagro.com\/wp-content\/uploads\/2026\/08\/WhatsApp-Image-2026-08-11-at-10.28.27-1-2-229x300.jpeg 229w, https:\/\/portalmaisagro.com\/wp-content\/uploads\/2026\/08\/WhatsApp-Image-2026-08-11-at-10.28.27-1-2-150x197.jpeg 150w\" sizes=\"auto, (max-width: 242px) 100vw, 242px\" \/><\/p>\n<p><a href=\"https:\/\/digital.agriculturafamiliar.agr.br\/pub\/agriculturafamiliar\/#page\/147\"><strong><em>Conte\u00fado exclusivo de empresas participantes do Anu\u00e1rio Brasileiro do Agroneg\u00f3cio e Agricultura Familiar \u2013 LEIA O ANU\u00c1RIO GRATUITAMENTE<\/em><\/strong><\/a><\/p>\n","protected":false},"excerpt":{"rendered":"<p>COP da Desertifica\u00e7\u00e3o frusta por n\u00e3o criar estrat\u00e9gia global Inacredit\u00e1vel. Frustrante. Sabor amargo. Essas foram algumas das palavras usadas por organiza\u00e7\u00f5es ambientais, representantes da sociedade civil e outros especialistas para avaliar os resultados da 17\u00aa Confer\u00eancia das Na\u00e7\u00f5es Unidas de Combate \u00e0 Desertifica\u00e7\u00e3o (COP17), que terminou nesta ultima sexta-feira (28)&hellip;<\/p>\n","protected":false},"author":10,"featured_media":9895,"comment_status":"closed","ping_status":"closed","sticky":false,"template":"","format":"standard","meta":{"footnotes":"","jetpack_publicize_message":"","jetpack_publicize_feature_enabled":true,"jetpack_social_post_already_shared":true,"jetpack_social_options":{"image_generator_settings":{"template":"highway","default_image_id":0,"font":"","enabled":false},"version":2},"_members_access_role":[],"_members_access_error":""},"categories":[131,167,6],"tags":[],"class_list":["post-9894","post","type-post","status-publish","format-standard","has-post-thumbnail","hentry","category-destaques","category-geral","category-tempo"],"yoast_head":"<!-- This site is optimized with the Yoast SEO plugin v28.1 - https:\/\/yoast.com\/product\/yoast-seo-wordpress\/ -->\n<title>Sem acordo contra secas, comunidades v\u00e3o sofrer, avaliam especialistas - MaisAgro<\/title>\n<meta name=\"robots\" content=\"index, follow, max-snippet:-1, max-image-preview:large, max-video-preview:-1\" \/>\n<link rel=\"canonical\" href=\"https:\/\/portalmaisagro.com\/?p=9894\" \/>\n<meta property=\"og:locale\" content=\"pt_BR\" \/>\n<meta property=\"og:type\" content=\"article\" \/>\n<meta property=\"og:title\" content=\"Sem acordo contra secas, comunidades v\u00e3o sofrer, avaliam especialistas - MaisAgro\" \/>\n<meta property=\"og:description\" content=\"COP da Desertifica\u00e7\u00e3o frusta por n\u00e3o criar estrat\u00e9gia global Inacredit\u00e1vel. Frustrante. Sabor amargo. Essas foram algumas das palavras usadas por organiza\u00e7\u00f5es ambientais, representantes da sociedade civil e outros especialistas para avaliar os resultados da 17\u00aa Confer\u00eancia das Na\u00e7\u00f5es Unidas de Combate \u00e0 Desertifica\u00e7\u00e3o (COP17), que terminou nesta ultima sexta-feira (28)&hellip;\" \/>\n<meta property=\"og:url\" content=\"https:\/\/portalmaisagro.com\/?p=9894\" \/>\n<meta property=\"og:site_name\" content=\"MaisAgro\" \/>\n<meta property=\"article:publisher\" content=\"https:\/\/www.facebook.com\/maisagroportal\" \/>\n<meta property=\"article:published_time\" content=\"2026-08-31T14:21:27+00:00\" \/>\n<meta property=\"og:image\" content=\"https:\/\/portalmaisagro.com\/wp-content\/uploads\/2026\/08\/55487582845_8b903bc2a7_k1.webp\" \/>\n\t<meta property=\"og:image:width\" content=\"1170\" \/>\n\t<meta property=\"og:image:height\" content=\"700\" \/>\n\t<meta property=\"og:image:type\" content=\"image\/webp\" \/>\n<meta name=\"author\" content=\"Taiane do Carmo\" \/>\n<meta name=\"twitter:card\" content=\"summary_large_image\" \/>\n<meta name=\"twitter:label1\" content=\"Escrito por\" \/>\n\t<meta name=\"twitter:data1\" content=\"Taiane do Carmo\" \/>\n\t<meta name=\"twitter:label2\" content=\"Est. tempo de leitura\" \/>\n\t<meta name=\"twitter:data2\" content=\"4 minutos\" \/>\n<script type=\"application\/ld+json\" class=\"yoast-schema-graph\">{\"@context\":\"https:\\\/\\\/schema.org\",\"@graph\":[{\"@type\":\"Article\",\"@id\":\"https:\\\/\\\/portalmaisagro.com\\\/?p=9894#article\",\"isPartOf\":{\"@id\":\"https:\\\/\\\/portalmaisagro.com\\\/?p=9894\"},\"author\":{\"name\":\"Taiane do Carmo\",\"@id\":\"https:\\\/\\\/portalmaisagro.com\\\/#\\\/schema\\\/person\\\/ade0f16b5a3434e1ec47b1fbdb9b9318\"},\"headline\":\"Sem acordo contra secas, comunidades v\u00e3o sofrer, avaliam especialistas\",\"datePublished\":\"2026-08-31T14:21:27+00:00\",\"mainEntityOfPage\":{\"@id\":\"https:\\\/\\\/portalmaisagro.com\\\/?p=9894\"},\"wordCount\":700,\"publisher\":{\"@id\":\"https:\\\/\\\/portalmaisagro.com\\\/#organization\"},\"image\":{\"@id\":\"https:\\\/\\\/portalmaisagro.com\\\/?p=9894#primaryimage\"},\"thumbnailUrl\":\"https:\\\/\\\/portalmaisagro.com\\\/wp-content\\\/uploads\\\/2026\\\/08\\\/55487582845_8b903bc2a7_k1.webp\",\"articleSection\":[\"DESTAQUES\",\"GERAL\",\"TEMPO\"],\"inLanguage\":\"pt-BR\"},{\"@type\":\"WebPage\",\"@id\":\"https:\\\/\\\/portalmaisagro.com\\\/?p=9894\",\"url\":\"https:\\\/\\\/portalmaisagro.com\\\/?p=9894\",\"name\":\"Sem acordo contra secas, comunidades v\u00e3o sofrer, avaliam especialistas - MaisAgro\",\"isPartOf\":{\"@id\":\"https:\\\/\\\/portalmaisagro.com\\\/#website\"},\"primaryImageOfPage\":{\"@id\":\"https:\\\/\\\/portalmaisagro.com\\\/?p=9894#primaryimage\"},\"image\":{\"@id\":\"https:\\\/\\\/portalmaisagro.com\\\/?p=9894#primaryimage\"},\"thumbnailUrl\":\"https:\\\/\\\/portalmaisagro.com\\\/wp-content\\\/uploads\\\/2026\\\/08\\\/55487582845_8b903bc2a7_k1.webp\",\"datePublished\":\"2026-08-31T14:21:27+00:00\",\"breadcrumb\":{\"@id\":\"https:\\\/\\\/portalmaisagro.com\\\/?p=9894#breadcrumb\"},\"inLanguage\":\"pt-BR\",\"potentialAction\":[{\"@type\":\"ReadAction\",\"target\":[\"https:\\\/\\\/portalmaisagro.com\\\/?p=9894\"]}]},{\"@type\":\"ImageObject\",\"inLanguage\":\"pt-BR\",\"@id\":\"https:\\\/\\\/portalmaisagro.com\\\/?p=9894#primaryimage\",\"url\":\"https:\\\/\\\/portalmaisagro.com\\\/wp-content\\\/uploads\\\/2026\\\/08\\\/55487582845_8b903bc2a7_k1.webp\",\"contentUrl\":\"https:\\\/\\\/portalmaisagro.com\\\/wp-content\\\/uploads\\\/2026\\\/08\\\/55487582845_8b903bc2a7_k1.webp\",\"width\":1170,\"height\":700},{\"@type\":\"BreadcrumbList\",\"@id\":\"https:\\\/\\\/portalmaisagro.com\\\/?p=9894#breadcrumb\",\"itemListElement\":[{\"@type\":\"ListItem\",\"position\":1,\"name\":\"In\u00edcio\",\"item\":\"https:\\\/\\\/portalmaisagro.com\\\/\"},{\"@type\":\"ListItem\",\"position\":2,\"name\":\"Sem acordo contra secas, comunidades v\u00e3o sofrer, avaliam especialistas\"}]},{\"@type\":\"WebSite\",\"@id\":\"https:\\\/\\\/portalmaisagro.com\\\/#website\",\"url\":\"https:\\\/\\\/portalmaisagro.com\\\/\",\"name\":\"MaisAgro\",\"description\":\"O portal do agroneg\u00f3cio\",\"publisher\":{\"@id\":\"https:\\\/\\\/portalmaisagro.com\\\/#organization\"},\"potentialAction\":[{\"@type\":\"SearchAction\",\"target\":{\"@type\":\"EntryPoint\",\"urlTemplate\":\"https:\\\/\\\/portalmaisagro.com\\\/?s={search_term_string}\"},\"query-input\":{\"@type\":\"PropertyValueSpecification\",\"valueRequired\":true,\"valueName\":\"search_term_string\"}}],\"inLanguage\":\"pt-BR\"},{\"@type\":\"Organization\",\"@id\":\"https:\\\/\\\/portalmaisagro.com\\\/#organization\",\"name\":\"MaisAgro\",\"url\":\"https:\\\/\\\/portalmaisagro.com\\\/\",\"logo\":{\"@type\":\"ImageObject\",\"inLanguage\":\"pt-BR\",\"@id\":\"https:\\\/\\\/portalmaisagro.com\\\/#\\\/schema\\\/logo\\\/image\\\/\",\"url\":\"https:\\\/\\\/portalmaisagro.com\\\/wp-content\\\/uploads\\\/2024\\\/11\\\/logo_oficial-e1749247575377.png\",\"contentUrl\":\"https:\\\/\\\/portalmaisagro.com\\\/wp-content\\\/uploads\\\/2024\\\/11\\\/logo_oficial-e1749247575377.png\",\"width\":513,\"height\":107,\"caption\":\"MaisAgro\"},\"image\":{\"@id\":\"https:\\\/\\\/portalmaisagro.com\\\/#\\\/schema\\\/logo\\\/image\\\/\"},\"sameAs\":[\"https:\\\/\\\/www.facebook.com\\\/maisagroportal\"]},{\"@type\":\"Person\",\"@id\":\"https:\\\/\\\/portalmaisagro.com\\\/#\\\/schema\\\/person\\\/ade0f16b5a3434e1ec47b1fbdb9b9318\",\"name\":\"Taiane do Carmo\",\"image\":{\"@type\":\"ImageObject\",\"inLanguage\":\"pt-BR\",\"@id\":\"https:\\\/\\\/portalmaisagro.com\\\/wp-content\\\/uploads\\\/2026\\\/04\\\/images.jpeg640e5d69297d7dd56cc39a10251ad7db\",\"url\":\"https:\\\/\\\/portalmaisagro.com\\\/wp-content\\\/uploads\\\/2026\\\/04\\\/images.jpeg\",\"contentUrl\":\"https:\\\/\\\/portalmaisagro.com\\\/wp-content\\\/uploads\\\/2026\\\/04\\\/images.jpeg\",\"caption\":\"Taiane do Carmo\"},\"url\":\"https:\\\/\\\/portalmaisagro.com\\\/?author=10\"}]}<\/script>\n<!-- \/ Yoast SEO plugin. -->","yoast_head_json":{"title":"Sem acordo contra secas, comunidades v\u00e3o sofrer, avaliam especialistas - MaisAgro","robots":{"index":"index","follow":"follow","max-snippet":"max-snippet:-1","max-image-preview":"max-image-preview:large","max-video-preview":"max-video-preview:-1"},"canonical":"https:\/\/portalmaisagro.com\/?p=9894","og_locale":"pt_BR","og_type":"article","og_title":"Sem acordo contra secas, comunidades v\u00e3o sofrer, avaliam especialistas - MaisAgro","og_description":"COP da Desertifica\u00e7\u00e3o frusta por n\u00e3o criar estrat\u00e9gia global Inacredit\u00e1vel. Frustrante. Sabor amargo. Essas foram algumas das palavras usadas por organiza\u00e7\u00f5es ambientais, representantes da sociedade civil e outros especialistas para avaliar os resultados da 17\u00aa Confer\u00eancia das Na\u00e7\u00f5es Unidas de Combate \u00e0 Desertifica\u00e7\u00e3o (COP17), que terminou nesta ultima sexta-feira (28)&hellip;","og_url":"https:\/\/portalmaisagro.com\/?p=9894","og_site_name":"MaisAgro","article_publisher":"https:\/\/www.facebook.com\/maisagroportal","article_published_time":"2026-08-31T14:21:27+00:00","og_image":[{"width":1170,"height":700,"url":"https:\/\/portalmaisagro.com\/wp-content\/uploads\/2026\/08\/55487582845_8b903bc2a7_k1.webp","type":"image\/webp"}],"author":"Taiane do Carmo","twitter_card":"summary_large_image","twitter_misc":{"Escrito por":"Taiane do Carmo","Est. tempo de leitura":"4 minutos"},"schema":{"@context":"https:\/\/schema.org","@graph":[{"@type":"Article","@id":"https:\/\/portalmaisagro.com\/?p=9894#article","isPartOf":{"@id":"https:\/\/portalmaisagro.com\/?p=9894"},"author":{"name":"Taiane do Carmo","@id":"https:\/\/portalmaisagro.com\/#\/schema\/person\/ade0f16b5a3434e1ec47b1fbdb9b9318"},"headline":"Sem acordo contra secas, comunidades v\u00e3o sofrer, avaliam especialistas","datePublished":"2026-08-31T14:21:27+00:00","mainEntityOfPage":{"@id":"https:\/\/portalmaisagro.com\/?p=9894"},"wordCount":700,"publisher":{"@id":"https:\/\/portalmaisagro.com\/#organization"},"image":{"@id":"https:\/\/portalmaisagro.com\/?p=9894#primaryimage"},"thumbnailUrl":"https:\/\/portalmaisagro.com\/wp-content\/uploads\/2026\/08\/55487582845_8b903bc2a7_k1.webp","articleSection":["DESTAQUES","GERAL","TEMPO"],"inLanguage":"pt-BR"},{"@type":"WebPage","@id":"https:\/\/portalmaisagro.com\/?p=9894","url":"https:\/\/portalmaisagro.com\/?p=9894","name":"Sem acordo contra secas, comunidades v\u00e3o sofrer, avaliam especialistas - MaisAgro","isPartOf":{"@id":"https:\/\/portalmaisagro.com\/#website"},"primaryImageOfPage":{"@id":"https:\/\/portalmaisagro.com\/?p=9894#primaryimage"},"image":{"@id":"https:\/\/portalmaisagro.com\/?p=9894#primaryimage"},"thumbnailUrl":"https:\/\/portalmaisagro.com\/wp-content\/uploads\/2026\/08\/55487582845_8b903bc2a7_k1.webp","datePublished":"2026-08-31T14:21:27+00:00","breadcrumb":{"@id":"https:\/\/portalmaisagro.com\/?p=9894#breadcrumb"},"inLanguage":"pt-BR","potentialAction":[{"@type":"ReadAction","target":["https:\/\/portalmaisagro.com\/?p=9894"]}]},{"@type":"ImageObject","inLanguage":"pt-BR","@id":"https:\/\/portalmaisagro.com\/?p=9894#primaryimage","url":"https:\/\/portalmaisagro.com\/wp-content\/uploads\/2026\/08\/55487582845_8b903bc2a7_k1.webp","contentUrl":"https:\/\/portalmaisagro.com\/wp-content\/uploads\/2026\/08\/55487582845_8b903bc2a7_k1.webp","width":1170,"height":700},{"@type":"BreadcrumbList","@id":"https:\/\/portalmaisagro.com\/?p=9894#breadcrumb","itemListElement":[{"@type":"ListItem","position":1,"name":"In\u00edcio","item":"https:\/\/portalmaisagro.com\/"},{"@type":"ListItem","position":2,"name":"Sem acordo contra secas, comunidades v\u00e3o sofrer, avaliam especialistas"}]},{"@type":"WebSite","@id":"https:\/\/portalmaisagro.com\/#website","url":"https:\/\/portalmaisagro.com\/","name":"MaisAgro","description":"O portal do agroneg\u00f3cio","publisher":{"@id":"https:\/\/portalmaisagro.com\/#organization"},"potentialAction":[{"@type":"SearchAction","target":{"@type":"EntryPoint","urlTemplate":"https:\/\/portalmaisagro.com\/?s={search_term_string}"},"query-input":{"@type":"PropertyValueSpecification","valueRequired":true,"valueName":"search_term_string"}}],"inLanguage":"pt-BR"},{"@type":"Organization","@id":"https:\/\/portalmaisagro.com\/#organization","name":"MaisAgro","url":"https:\/\/portalmaisagro.com\/","logo":{"@type":"ImageObject","inLanguage":"pt-BR","@id":"https:\/\/portalmaisagro.com\/#\/schema\/logo\/image\/","url":"https:\/\/portalmaisagro.com\/wp-content\/uploads\/2024\/11\/logo_oficial-e1749247575377.png","contentUrl":"https:\/\/portalmaisagro.com\/wp-content\/uploads\/2024\/11\/logo_oficial-e1749247575377.png","width":513,"height":107,"caption":"MaisAgro"},"image":{"@id":"https:\/\/portalmaisagro.com\/#\/schema\/logo\/image\/"},"sameAs":["https:\/\/www.facebook.com\/maisagroportal"]},{"@type":"Person","@id":"https:\/\/portalmaisagro.com\/#\/schema\/person\/ade0f16b5a3434e1ec47b1fbdb9b9318","name":"Taiane do Carmo","image":{"@type":"ImageObject","inLanguage":"pt-BR","@id":"https:\/\/portalmaisagro.com\/wp-content\/uploads\/2026\/04\/images.jpeg640e5d69297d7dd56cc39a10251ad7db","url":"https:\/\/portalmaisagro.com\/wp-content\/uploads\/2026\/04\/images.jpeg","contentUrl":"https:\/\/portalmaisagro.com\/wp-content\/uploads\/2026\/04\/images.jpeg","caption":"Taiane do Carmo"},"url":"https:\/\/portalmaisagro.com\/?author=10"}]}},"jetpack_publicize_connections":[],"authors":[],"_links":{"self":[{"href":"https:\/\/portalmaisagro.com\/index.php?rest_route=\/wp\/v2\/posts\/9894","targetHints":{"allow":["GET"]}}],"collection":[{"href":"https:\/\/portalmaisagro.com\/index.php?rest_route=\/wp\/v2\/posts"}],"about":[{"href":"https:\/\/portalmaisagro.com\/index.php?rest_route=\/wp\/v2\/types\/post"}],"author":[{"embeddable":true,"href":"https:\/\/portalmaisagro.com\/index.php?rest_route=\/wp\/v2\/users\/10"}],"replies":[{"embeddable":true,"href":"https:\/\/portalmaisagro.com\/index.php?rest_route=%2Fwp%2Fv2%2Fcomments&post=9894"}],"version-history":[{"count":1,"href":"https:\/\/portalmaisagro.com\/index.php?rest_route=\/wp\/v2\/posts\/9894\/revisions"}],"predecessor-version":[{"id":9896,"href":"https:\/\/portalmaisagro.com\/index.php?rest_route=\/wp\/v2\/posts\/9894\/revisions\/9896"}],"wp:featuredmedia":[{"embeddable":true,"href":"https:\/\/portalmaisagro.com\/index.php?rest_route=\/wp\/v2\/media\/9895"}],"wp:attachment":[{"href":"https:\/\/portalmaisagro.com\/index.php?rest_route=%2Fwp%2Fv2%2Fmedia&parent=9894"}],"wp:term":[{"taxonomy":"category","embeddable":true,"href":"https:\/\/portalmaisagro.com\/index.php?rest_route=%2Fwp%2Fv2%2Fcategories&post=9894"},{"taxonomy":"post_tag","embeddable":true,"href":"https:\/\/portalmaisagro.com\/index.php?rest_route=%2Fwp%2Fv2%2Ftags&post=9894"}],"curies":[{"name":"wp","href":"https:\/\/api.w.org\/{rel}","templated":true}]}}