{"id":9890,"date":"2026-08-31T10:58:55","date_gmt":"2026-08-31T13:58:55","guid":{"rendered":"https:\/\/portalmaisagro.com\/?p=9890"},"modified":"2026-08-31T10:58:55","modified_gmt":"2026-08-31T13:58:55","slug":"belle-reserva-e-melhor-exemplar-da-raca-crioula-na-morfologia-da-expointer-2026","status":"publish","type":"post","link":"https:\/\/portalmaisagro.com\/?p=9890","title":{"rendered":"Belle Reserva \u00e9 Melhor Exemplar da Ra\u00e7a Crioula na Morfologia da Expointer 2026"},"content":{"rendered":"<p style=\"text-align: justify\"><em>F\u00eamea colorada salina consagrou-se bicampe\u00e3<\/em><\/p>\n<p style=\"text-align: justify\">A f\u00eamea colorada salina Belle Reserva marcou seu nome no rol dos grandes vencedores da Morfologia ao conquistar o bicampeonato de Melhor Exemplar da Ra\u00e7a Crioula na tarde deste ultimo domingo (30\/8). Abrindo a agenda das principais provas do Cavalo Crioulo na Expointer, a campe\u00e3 venceu todas as filas e repetiu o feito do ano passado, destacando-se na disputa que teve 246 exemplares na pista maior em Esteio (RS).<\/p>\n<p style=\"text-align: justify\">\u201cN\u00e3o tem mais bonita que ela. Sentimento de miss\u00e3o cumprida\u201d, comemorou a criadora Elizabeth\u00a0Lemanski, da Fazenda Para\u00edso, de Balsa Nova (PR). Emocionada, ela destacou o significado da conquista.\u00a0\u201cComo mulher, empres\u00e1ria, fazendeira e m\u00e3e de tr\u00eas filhas, essa vit\u00f3ria representa muito para mim. \u00c9 a sucess\u00e3o de um trabalho que vem do meu pai, que aprendi com a minha fam\u00edlia. \u00c9 o que carrego de heran\u00e7a e \u00e9 o que passarei para minha filha, Betina. Nossa fam\u00edlia \u00e9 um grande cora\u00e7\u00e3o que vai junto na pista\u201d,\u00a0afirmou.<\/p>\n<p style=\"text-align: justify\">Reservada Grande Campe\u00e3 na Expo FICCC 2026, Belle Reserva consagra a linhagem de Buti\u00e1 Olodum e Belle Herdeira e conquistou a aprova\u00e7\u00e3o un\u00e2nime dos quatro jurados. \u201cA campe\u00e3 \u00e9 uma \u00e9gua destacada, que impressiona muito. Um volume b\u00e1rbaro e, mesmo assim, n\u00e3o perde a sua feminilidade. Uma paleta fora de s\u00e9rie. Se apresentou muito bem encilhada,\u00a0fez\u00a0as melhores andaduras\u00a0e tem uma estrutura e um volume impressionantes. Firme e suave nas suas linhas\u201d, assinalou M\u00e1rio dos Santos\u00a0Su\u00f1e,\u00a0respons\u00e1vel pelo julgamento das f\u00eameas juntamente com Luciano Corr\u00eaa Passos.<\/p>\n<p style=\"text-align: justify\">Entre os machos, o t\u00edtulo de Grande Campe\u00e3o \u00e9 de\u00a0Ta\u00f1ido\u00a0Buenazo, que chegou \u00e0 final a partir de pistas internacionais. Foi Terceiro Melhor Macho na Expo FICCC, em Montevid\u00e9u. Criado por\u00a0Irundy\u00a0S.A., o gateado \u00e9 filho de\u00a0Yancamil\u00a0Cahuel\u00a0e\u00a0Ta\u00f1ido\u00a0Bolillera. Em 2023 foi adquirido por um condom\u00ednio de quatro propriet\u00e1rios uruguaios e um argentino. Para os propriet\u00e1rios, vencer uma pista de tamanha import\u00e2ncia vindo de outro pa\u00eds \u00e9 motivo de orgulho. \u201cN\u00f3s estamos muito felizes por vir competir no Brasil\u00a0e tamb\u00e9m\u00a0como espectadores. Corremos com um cavalo incr\u00edvel, e chegar ao pr\u00eamio maior \u00e9 motivo de grande orgulho\u201d, disse o expositor\u00a0Cassarino\u00a0Vergara.<\/p>\n<p style=\"text-align: justify\">Na escolha do Grande Campe\u00e3o, os jurados optaram pelo cavalo gateado, que, segundo Felipe\u00a0Caccia\u00a0Maciel, se destacou pelo conjunto de caracter\u00edsticas que expressam a tipicidade e a qualidade morfol\u00f3gica da ra\u00e7a Crioula.\u00a0Maciel atuou no julgamento dos machos com\u00a0Darlei\u00a0Hess. O \u00e1rbitro da Morfologia da Associa\u00e7\u00e3o Brasileira de Criadores de Cavalos Crioulos (ABCCC) foi Luiz Martins Bastos Neto.<\/p>\n<p style=\"text-align: justify\">Completam o quadro de exemplares premiados as f\u00eameas Harmonia de\u00a0Quaraci, da cabanha\u00a0Quaraci, de Santa Cruz do Sul (RS); Gap Quebra Luz, da Est\u00e2ncia Gap S\u00e3o Pedro, de Uruguaiana (RS), e Gap\u00a0Rainha-TE, da mesma propriedade. Entre os machos, foram selecionados La Virg\u00ednia\u00a0Coringa-TE, da cabanha La Virg\u00ednia, de Port\u00e3o (RS);\u00a0Las\u00a0Gurizas\u00a0Fogonero, da cabanha Rancho de Gaud\u00e9rios, de Santa Cruz do Sul (RS), e\u00a0Niazzi\u00a0Universo, da Cabanha\u00a0Niazzi, de Lavras do Sul (RS).<\/p>\n<p>Texto: Ascom ABCCC<\/p>\n<p>Foto: Jo\u00e3o Morais\/ABCCC<\/p>\n<p><img loading=\"lazy\" decoding=\"async\" class=\"alignnone  wp-image-9754\" src=\"https:\/\/portalmaisagro.com\/wp-content\/uploads\/2026\/08\/WhatsApp-Image-2026-08-11-at-10.28.27-1-2.jpeg\" alt=\"\" width=\"238\" height=\"312\" srcset=\"https:\/\/portalmaisagro.com\/wp-content\/uploads\/2026\/08\/WhatsApp-Image-2026-08-11-at-10.28.27-1-2.jpeg 298w, https:\/\/portalmaisagro.com\/wp-content\/uploads\/2026\/08\/WhatsApp-Image-2026-08-11-at-10.28.27-1-2-229x300.jpeg 229w, https:\/\/portalmaisagro.com\/wp-content\/uploads\/2026\/08\/WhatsApp-Image-2026-08-11-at-10.28.27-1-2-150x197.jpeg 150w\" sizes=\"auto, (max-width: 238px) 100vw, 238px\" \/><\/p>\n<p><a href=\"https:\/\/digital.agriculturafamiliar.agr.br\/pub\/agriculturafamiliar\/#page\/147\"><strong><em>Conte\u00fado exclusivo de empresas participantes do Anu\u00e1rio Brasileiro do Agroneg\u00f3cio e Agricultura Familiar \u2013 LEIA O ANU\u00c1RIO GRATUITAMENTE<\/em><\/strong><\/a><\/p>\n","protected":false},"excerpt":{"rendered":"<p>F\u00eamea colorada salina consagrou-se bicampe\u00e3 A f\u00eamea colorada salina Belle Reserva marcou seu nome no rol dos grandes vencedores da Morfologia ao conquistar o bicampeonato de Melhor Exemplar da Ra\u00e7a Crioula na tarde deste ultimo domingo (30\/8). Abrindo a agenda das principais provas do Cavalo Crioulo na Expointer, a campe\u00e3&hellip;<\/p>\n","protected":false},"author":10,"featured_media":9891,"comment_status":"closed","ping_status":"closed","sticky":false,"template":"","format":"standard","meta":{"footnotes":"","jetpack_publicize_message":"","jetpack_publicize_feature_enabled":true,"jetpack_social_post_already_shared":true,"jetpack_social_options":{"image_generator_settings":{"template":"highway","default_image_id":0,"font":"","enabled":false},"version":2},"_members_access_role":[],"_members_access_error":""},"categories":[131,230],"tags":[],"class_list":["post-9890","post","type-post","status-publish","format-standard","has-post-thumbnail","hentry","category-destaques","category-feiras-2"],"yoast_head":"<!-- This site is optimized with the Yoast SEO plugin v28.1 - https:\/\/yoast.com\/product\/yoast-seo-wordpress\/ -->\n<title>Belle Reserva \u00e9 Melhor Exemplar da Ra\u00e7a Crioula na Morfologia da Expointer 2026 - MaisAgro<\/title>\n<meta name=\"robots\" content=\"index, follow, max-snippet:-1, max-image-preview:large, max-video-preview:-1\" \/>\n<link rel=\"canonical\" href=\"https:\/\/portalmaisagro.com\/?p=9890\" \/>\n<meta property=\"og:locale\" content=\"pt_BR\" \/>\n<meta property=\"og:type\" content=\"article\" \/>\n<meta property=\"og:title\" content=\"Belle Reserva \u00e9 Melhor Exemplar da Ra\u00e7a Crioula na Morfologia da Expointer 2026 - MaisAgro\" \/>\n<meta property=\"og:description\" content=\"F\u00eamea colorada salina consagrou-se bicampe\u00e3 A f\u00eamea colorada salina Belle Reserva marcou seu nome no rol dos grandes vencedores da Morfologia ao conquistar o bicampeonato de Melhor Exemplar da Ra\u00e7a Crioula na tarde deste ultimo domingo (30\/8). Abrindo a agenda das principais provas do Cavalo Crioulo na Expointer, a campe\u00e3&hellip;\" \/>\n<meta property=\"og:url\" content=\"https:\/\/portalmaisagro.com\/?p=9890\" \/>\n<meta property=\"og:site_name\" content=\"MaisAgro\" \/>\n<meta property=\"article:publisher\" content=\"https:\/\/www.facebook.com\/maisagroportal\" \/>\n<meta property=\"article:published_time\" content=\"2026-08-31T13:58:55+00:00\" \/>\n<meta property=\"og:image\" content=\"https:\/\/portalmaisagro.com\/wp-content\/uploads\/2026\/08\/30204703_89746_GD.jpeg\" \/>\n\t<meta property=\"og:image:width\" content=\"800\" \/>\n\t<meta property=\"og:image:height\" content=\"450\" \/>\n\t<meta property=\"og:image:type\" content=\"image\/jpeg\" \/>\n<meta name=\"author\" content=\"Taiane do Carmo\" \/>\n<meta name=\"twitter:card\" content=\"summary_large_image\" \/>\n<meta name=\"twitter:label1\" content=\"Escrito por\" \/>\n\t<meta name=\"twitter:data1\" content=\"Taiane do Carmo\" \/>\n\t<meta name=\"twitter:label2\" content=\"Est. tempo de leitura\" \/>\n\t<meta name=\"twitter:data2\" content=\"4 minutos\" \/>\n<script type=\"application\/ld+json\" class=\"yoast-schema-graph\">{\"@context\":\"https:\\\/\\\/schema.org\",\"@graph\":[{\"@type\":\"Article\",\"@id\":\"https:\\\/\\\/portalmaisagro.com\\\/?p=9890#article\",\"isPartOf\":{\"@id\":\"https:\\\/\\\/portalmaisagro.com\\\/?p=9890\"},\"author\":{\"name\":\"Taiane do Carmo\",\"@id\":\"https:\\\/\\\/portalmaisagro.com\\\/#\\\/schema\\\/person\\\/ade0f16b5a3434e1ec47b1fbdb9b9318\"},\"headline\":\"Belle Reserva \u00e9 Melhor Exemplar da Ra\u00e7a Crioula na Morfologia da Expointer 2026\",\"datePublished\":\"2026-08-31T13:58:55+00:00\",\"mainEntityOfPage\":{\"@id\":\"https:\\\/\\\/portalmaisagro.com\\\/?p=9890\"},\"wordCount\":575,\"publisher\":{\"@id\":\"https:\\\/\\\/portalmaisagro.com\\\/#organization\"},\"image\":{\"@id\":\"https:\\\/\\\/portalmaisagro.com\\\/?p=9890#primaryimage\"},\"thumbnailUrl\":\"https:\\\/\\\/portalmaisagro.com\\\/wp-content\\\/uploads\\\/2026\\\/08\\\/30204703_89746_GD.jpeg\",\"articleSection\":[\"DESTAQUES\",\"FEIRAS\"],\"inLanguage\":\"pt-BR\"},{\"@type\":\"WebPage\",\"@id\":\"https:\\\/\\\/portalmaisagro.com\\\/?p=9890\",\"url\":\"https:\\\/\\\/portalmaisagro.com\\\/?p=9890\",\"name\":\"Belle Reserva \u00e9 Melhor Exemplar da Ra\u00e7a Crioula na Morfologia da Expointer 2026 - MaisAgro\",\"isPartOf\":{\"@id\":\"https:\\\/\\\/portalmaisagro.com\\\/#website\"},\"primaryImageOfPage\":{\"@id\":\"https:\\\/\\\/portalmaisagro.com\\\/?p=9890#primaryimage\"},\"image\":{\"@id\":\"https:\\\/\\\/portalmaisagro.com\\\/?p=9890#primaryimage\"},\"thumbnailUrl\":\"https:\\\/\\\/portalmaisagro.com\\\/wp-content\\\/uploads\\\/2026\\\/08\\\/30204703_89746_GD.jpeg\",\"datePublished\":\"2026-08-31T13:58:55+00:00\",\"breadcrumb\":{\"@id\":\"https:\\\/\\\/portalmaisagro.com\\\/?p=9890#breadcrumb\"},\"inLanguage\":\"pt-BR\",\"potentialAction\":[{\"@type\":\"ReadAction\",\"target\":[\"https:\\\/\\\/portalmaisagro.com\\\/?p=9890\"]}]},{\"@type\":\"ImageObject\",\"inLanguage\":\"pt-BR\",\"@id\":\"https:\\\/\\\/portalmaisagro.com\\\/?p=9890#primaryimage\",\"url\":\"https:\\\/\\\/portalmaisagro.com\\\/wp-content\\\/uploads\\\/2026\\\/08\\\/30204703_89746_GD.jpeg\",\"contentUrl\":\"https:\\\/\\\/portalmaisagro.com\\\/wp-content\\\/uploads\\\/2026\\\/08\\\/30204703_89746_GD.jpeg\",\"width\":800,\"height\":450},{\"@type\":\"BreadcrumbList\",\"@id\":\"https:\\\/\\\/portalmaisagro.com\\\/?p=9890#breadcrumb\",\"itemListElement\":[{\"@type\":\"ListItem\",\"position\":1,\"name\":\"In\u00edcio\",\"item\":\"https:\\\/\\\/portalmaisagro.com\\\/\"},{\"@type\":\"ListItem\",\"position\":2,\"name\":\"Belle Reserva \u00e9 Melhor Exemplar da Ra\u00e7a Crioula na Morfologia da Expointer 2026\"}]},{\"@type\":\"WebSite\",\"@id\":\"https:\\\/\\\/portalmaisagro.com\\\/#website\",\"url\":\"https:\\\/\\\/portalmaisagro.com\\\/\",\"name\":\"MaisAgro\",\"description\":\"O portal do agroneg\u00f3cio\",\"publisher\":{\"@id\":\"https:\\\/\\\/portalmaisagro.com\\\/#organization\"},\"potentialAction\":[{\"@type\":\"SearchAction\",\"target\":{\"@type\":\"EntryPoint\",\"urlTemplate\":\"https:\\\/\\\/portalmaisagro.com\\\/?s={search_term_string}\"},\"query-input\":{\"@type\":\"PropertyValueSpecification\",\"valueRequired\":true,\"valueName\":\"search_term_string\"}}],\"inLanguage\":\"pt-BR\"},{\"@type\":\"Organization\",\"@id\":\"https:\\\/\\\/portalmaisagro.com\\\/#organization\",\"name\":\"MaisAgro\",\"url\":\"https:\\\/\\\/portalmaisagro.com\\\/\",\"logo\":{\"@type\":\"ImageObject\",\"inLanguage\":\"pt-BR\",\"@id\":\"https:\\\/\\\/portalmaisagro.com\\\/#\\\/schema\\\/logo\\\/image\\\/\",\"url\":\"https:\\\/\\\/portalmaisagro.com\\\/wp-content\\\/uploads\\\/2024\\\/11\\\/logo_oficial-e1749247575377.png\",\"contentUrl\":\"https:\\\/\\\/portalmaisagro.com\\\/wp-content\\\/uploads\\\/2024\\\/11\\\/logo_oficial-e1749247575377.png\",\"width\":513,\"height\":107,\"caption\":\"MaisAgro\"},\"image\":{\"@id\":\"https:\\\/\\\/portalmaisagro.com\\\/#\\\/schema\\\/logo\\\/image\\\/\"},\"sameAs\":[\"https:\\\/\\\/www.facebook.com\\\/maisagroportal\"]},{\"@type\":\"Person\",\"@id\":\"https:\\\/\\\/portalmaisagro.com\\\/#\\\/schema\\\/person\\\/ade0f16b5a3434e1ec47b1fbdb9b9318\",\"name\":\"Taiane do Carmo\",\"image\":{\"@type\":\"ImageObject\",\"inLanguage\":\"pt-BR\",\"@id\":\"https:\\\/\\\/portalmaisagro.com\\\/wp-content\\\/uploads\\\/2026\\\/04\\\/images.jpeg640e5d69297d7dd56cc39a10251ad7db\",\"url\":\"https:\\\/\\\/portalmaisagro.com\\\/wp-content\\\/uploads\\\/2026\\\/04\\\/images.jpeg\",\"contentUrl\":\"https:\\\/\\\/portalmaisagro.com\\\/wp-content\\\/uploads\\\/2026\\\/04\\\/images.jpeg\",\"caption\":\"Taiane do Carmo\"},\"url\":\"https:\\\/\\\/portalmaisagro.com\\\/?author=10\"}]}<\/script>\n<!-- \/ Yoast SEO plugin. -->","yoast_head_json":{"title":"Belle Reserva \u00e9 Melhor Exemplar da Ra\u00e7a Crioula na Morfologia da Expointer 2026 - MaisAgro","robots":{"index":"index","follow":"follow","max-snippet":"max-snippet:-1","max-image-preview":"max-image-preview:large","max-video-preview":"max-video-preview:-1"},"canonical":"https:\/\/portalmaisagro.com\/?p=9890","og_locale":"pt_BR","og_type":"article","og_title":"Belle Reserva \u00e9 Melhor Exemplar da Ra\u00e7a Crioula na Morfologia da Expointer 2026 - MaisAgro","og_description":"F\u00eamea colorada salina consagrou-se bicampe\u00e3 A f\u00eamea colorada salina Belle Reserva marcou seu nome no rol dos grandes vencedores da Morfologia ao conquistar o bicampeonato de Melhor Exemplar da Ra\u00e7a Crioula na tarde deste ultimo domingo (30\/8). Abrindo a agenda das principais provas do Cavalo Crioulo na Expointer, a campe\u00e3&hellip;","og_url":"https:\/\/portalmaisagro.com\/?p=9890","og_site_name":"MaisAgro","article_publisher":"https:\/\/www.facebook.com\/maisagroportal","article_published_time":"2026-08-31T13:58:55+00:00","og_image":[{"width":800,"height":450,"url":"https:\/\/portalmaisagro.com\/wp-content\/uploads\/2026\/08\/30204703_89746_GD.jpeg","type":"image\/jpeg"}],"author":"Taiane do Carmo","twitter_card":"summary_large_image","twitter_misc":{"Escrito por":"Taiane do Carmo","Est. tempo de leitura":"4 minutos"},"schema":{"@context":"https:\/\/schema.org","@graph":[{"@type":"Article","@id":"https:\/\/portalmaisagro.com\/?p=9890#article","isPartOf":{"@id":"https:\/\/portalmaisagro.com\/?p=9890"},"author":{"name":"Taiane do Carmo","@id":"https:\/\/portalmaisagro.com\/#\/schema\/person\/ade0f16b5a3434e1ec47b1fbdb9b9318"},"headline":"Belle Reserva \u00e9 Melhor Exemplar da Ra\u00e7a Crioula na Morfologia da Expointer 2026","datePublished":"2026-08-31T13:58:55+00:00","mainEntityOfPage":{"@id":"https:\/\/portalmaisagro.com\/?p=9890"},"wordCount":575,"publisher":{"@id":"https:\/\/portalmaisagro.com\/#organization"},"image":{"@id":"https:\/\/portalmaisagro.com\/?p=9890#primaryimage"},"thumbnailUrl":"https:\/\/portalmaisagro.com\/wp-content\/uploads\/2026\/08\/30204703_89746_GD.jpeg","articleSection":["DESTAQUES","FEIRAS"],"inLanguage":"pt-BR"},{"@type":"WebPage","@id":"https:\/\/portalmaisagro.com\/?p=9890","url":"https:\/\/portalmaisagro.com\/?p=9890","name":"Belle Reserva \u00e9 Melhor Exemplar da Ra\u00e7a Crioula na Morfologia da Expointer 2026 - MaisAgro","isPartOf":{"@id":"https:\/\/portalmaisagro.com\/#website"},"primaryImageOfPage":{"@id":"https:\/\/portalmaisagro.com\/?p=9890#primaryimage"},"image":{"@id":"https:\/\/portalmaisagro.com\/?p=9890#primaryimage"},"thumbnailUrl":"https:\/\/portalmaisagro.com\/wp-content\/uploads\/2026\/08\/30204703_89746_GD.jpeg","datePublished":"2026-08-31T13:58:55+00:00","breadcrumb":{"@id":"https:\/\/portalmaisagro.com\/?p=9890#breadcrumb"},"inLanguage":"pt-BR","potentialAction":[{"@type":"ReadAction","target":["https:\/\/portalmaisagro.com\/?p=9890"]}]},{"@type":"ImageObject","inLanguage":"pt-BR","@id":"https:\/\/portalmaisagro.com\/?p=9890#primaryimage","url":"https:\/\/portalmaisagro.com\/wp-content\/uploads\/2026\/08\/30204703_89746_GD.jpeg","contentUrl":"https:\/\/portalmaisagro.com\/wp-content\/uploads\/2026\/08\/30204703_89746_GD.jpeg","width":800,"height":450},{"@type":"BreadcrumbList","@id":"https:\/\/portalmaisagro.com\/?p=9890#breadcrumb","itemListElement":[{"@type":"ListItem","position":1,"name":"In\u00edcio","item":"https:\/\/portalmaisagro.com\/"},{"@type":"ListItem","position":2,"name":"Belle Reserva \u00e9 Melhor Exemplar da Ra\u00e7a Crioula na Morfologia da Expointer 2026"}]},{"@type":"WebSite","@id":"https:\/\/portalmaisagro.com\/#website","url":"https:\/\/portalmaisagro.com\/","name":"MaisAgro","description":"O portal do agroneg\u00f3cio","publisher":{"@id":"https:\/\/portalmaisagro.com\/#organization"},"potentialAction":[{"@type":"SearchAction","target":{"@type":"EntryPoint","urlTemplate":"https:\/\/portalmaisagro.com\/?s={search_term_string}"},"query-input":{"@type":"PropertyValueSpecification","valueRequired":true,"valueName":"search_term_string"}}],"inLanguage":"pt-BR"},{"@type":"Organization","@id":"https:\/\/portalmaisagro.com\/#organization","name":"MaisAgro","url":"https:\/\/portalmaisagro.com\/","logo":{"@type":"ImageObject","inLanguage":"pt-BR","@id":"https:\/\/portalmaisagro.com\/#\/schema\/logo\/image\/","url":"https:\/\/portalmaisagro.com\/wp-content\/uploads\/2024\/11\/logo_oficial-e1749247575377.png","contentUrl":"https:\/\/portalmaisagro.com\/wp-content\/uploads\/2024\/11\/logo_oficial-e1749247575377.png","width":513,"height":107,"caption":"MaisAgro"},"image":{"@id":"https:\/\/portalmaisagro.com\/#\/schema\/logo\/image\/"},"sameAs":["https:\/\/www.facebook.com\/maisagroportal"]},{"@type":"Person","@id":"https:\/\/portalmaisagro.com\/#\/schema\/person\/ade0f16b5a3434e1ec47b1fbdb9b9318","name":"Taiane do Carmo","image":{"@type":"ImageObject","inLanguage":"pt-BR","@id":"https:\/\/portalmaisagro.com\/wp-content\/uploads\/2026\/04\/images.jpeg640e5d69297d7dd56cc39a10251ad7db","url":"https:\/\/portalmaisagro.com\/wp-content\/uploads\/2026\/04\/images.jpeg","contentUrl":"https:\/\/portalmaisagro.com\/wp-content\/uploads\/2026\/04\/images.jpeg","caption":"Taiane do Carmo"},"url":"https:\/\/portalmaisagro.com\/?author=10"}]}},"jetpack_publicize_connections":[],"authors":[],"_links":{"self":[{"href":"https:\/\/portalmaisagro.com\/index.php?rest_route=\/wp\/v2\/posts\/9890","targetHints":{"allow":["GET"]}}],"collection":[{"href":"https:\/\/portalmaisagro.com\/index.php?rest_route=\/wp\/v2\/posts"}],"about":[{"href":"https:\/\/portalmaisagro.com\/index.php?rest_route=\/wp\/v2\/types\/post"}],"author":[{"embeddable":true,"href":"https:\/\/portalmaisagro.com\/index.php?rest_route=\/wp\/v2\/users\/10"}],"replies":[{"embeddable":true,"href":"https:\/\/portalmaisagro.com\/index.php?rest_route=%2Fwp%2Fv2%2Fcomments&post=9890"}],"version-history":[{"count":1,"href":"https:\/\/portalmaisagro.com\/index.php?rest_route=\/wp\/v2\/posts\/9890\/revisions"}],"predecessor-version":[{"id":9892,"href":"https:\/\/portalmaisagro.com\/index.php?rest_route=\/wp\/v2\/posts\/9890\/revisions\/9892"}],"wp:featuredmedia":[{"embeddable":true,"href":"https:\/\/portalmaisagro.com\/index.php?rest_route=\/wp\/v2\/media\/9891"}],"wp:attachment":[{"href":"https:\/\/portalmaisagro.com\/index.php?rest_route=%2Fwp%2Fv2%2Fmedia&parent=9890"}],"wp:term":[{"taxonomy":"category","embeddable":true,"href":"https:\/\/portalmaisagro.com\/index.php?rest_route=%2Fwp%2Fv2%2Fcategories&post=9890"},{"taxonomy":"post_tag","embeddable":true,"href":"https:\/\/portalmaisagro.com\/index.php?rest_route=%2Fwp%2Fv2%2Ftags&post=9890"}],"curies":[{"name":"wp","href":"https:\/\/api.w.org\/{rel}","templated":true}]}}