{"id":9887,"date":"2026-08-31T10:53:00","date_gmt":"2026-08-31T13:53:00","guid":{"rendered":"https:\/\/portalmaisagro.com\/?p=9887"},"modified":"2026-08-31T10:53:00","modified_gmt":"2026-08-31T13:53:00","slug":"previsao-para-segunda-feira-31","status":"publish","type":"post","link":"https:\/\/portalmaisagro.com\/?p=9887","title":{"rendered":"Previs\u00e3o para segunda-feira (31):"},"content":{"rendered":"<p class=\"subheading\" style=\"text-align: justify\"><em>Agosto termina com tempestades e granizo no Sul, e forte eleva\u00e7\u00e3o da temperatura nas demais regi\u00f5es do Brasil. Cuiab\u00e1 (MT) e Porto Velho (RO) v\u00e3o a 41\u00b0C. Porto Alegre n\u00e3o passa dos 19\u00b0C. Tempo seco no Matopiba<\/em><\/p>\n<p style=\"text-align: justify\">Os \u00faltimos dias de agosto seguem com condi\u00e7\u00f5es para tempestades e queda de granizo na regi\u00e3o Sul do Brasil. Por outro lado, a temperatura entra em forte eleva\u00e7\u00e3o nas demais regi\u00f5es do pa\u00eds. Destaque para o sul da Amaz\u00f4nia e para o Centro-Oeste, onde as temperaturas m\u00e1ximas chegam \u00e0 casa dos 41\u00b0C em Cuiab\u00e1 (MT) e Porto Velho (RO). Em S\u00e3o Paulo, a temperatura chega a 36\u00b0C. Em Curitiba, 35\u00b0C. Em Bras\u00edlia, 33\u00b0C. Al\u00e9m do calor, o tempo segue seco na regi\u00e3o central do pa\u00eds, com destaque para a regi\u00e3o agr\u00edcola do Matopiba, onde as m\u00e1ximas tamb\u00e9m se aproximam dos 40\u00b0C.<\/p>\n<p style=\"text-align: justify\"><strong>REGI\u00c3O NORTE<\/strong><\/p>\n<p style=\"text-align: justify\">Para esta segunda-feira (31), espera-se o aumento da instabilidade sobre o oeste e norte do Amazonas, onde ocorrem pancadas de chuva e trovoadas isoladas. Pancadas de chuva tamb\u00e9m ocorrem, de forma isolada, no Acre, nas demais \u00e1reas do Amazonas e no centro-oeste e norte de Rond\u00f4nia e de Roraima. No Tocantins e no centro-sul do Par\u00e1, mais um dia de sol e poucas nuvens.<\/p>\n<p style=\"text-align: justify\">Para o per\u00edodo, espera-se forte aumento da temperatura. Entre as capitais, a m\u00ednima ser\u00e1 de 22\u00b0C em Rio Branco (AC). Por\u00e9m, durante as tardes, as m\u00e1ximas alcan\u00e7am 37\u00b0C em Manaus (AM), 39\u00b0C em Palmas (TO) e 41\u00b0C em Porto Velho (RO).<\/p>\n<p style=\"text-align: justify\"><strong>REGI\u00c3O NORDESTE<\/strong><\/p>\n<p style=\"text-align: justify\">Nesta segunda-feira (31), ocorrem pancadas de chuva isoladas no litoral leste do Nordeste, entre o litoral norte da Bahia, Sergipe, Alagoas, Pernambuco, Para\u00edba e Rio Grande do Norte. Tamb\u00e9m podem ocorrer pancadas de chuva isoladas no agreste desses estados. Muitas nuvens no centro-norte do Cear\u00e1, norte do Piau\u00ed e do Maranh\u00e3o e litoral sul da Bahia, mas sem chuva nessas \u00e1reas. Pode haver nevoeiro ao amanhecer no sul da Bahia no domingo. Por outro lado, a semana come\u00e7a com poucas nuvens em grande parte da Bahia, oeste de Pernambuco e da Para\u00edba, sul do Cear\u00e1, centro-sul do Piau\u00ed e do Maranh\u00e3o.<\/p>\n<p style=\"text-align: justify\"><strong>REGI\u00c3O CENTRO-OESTE<\/strong><\/p>\n<p style=\"text-align: justify\">Na segunda-feira (31), as pancadas de chuva se espalham por Mato Grosso do Sul. Apenas o nordeste do estado fica sem chuva, mas com muitas nuvens. Muitas nuvens tamb\u00e9m no noroeste, oeste e sul de Mato Grosso e no sul de Goi\u00e1s. Nas demais \u00e1reas, incluindo o Distrito Federal, os pr\u00f3ximos dias ser\u00e3o de sol e poucas nuvens.<\/p>\n<p style=\"text-align: justify\">Com isso, para esta segunda-feira (31), h\u00e1 aviso amarelo de perigo potencial para tempestades no sul de Mato Grosso do Sul. Para s\u00e1bado e domingo, toda a regi\u00e3o est\u00e1 com aviso amarelo de perigo potencial para baixa umidade do ar durante a tarde.<\/p>\n<p style=\"text-align: justify\"><strong>REGI\u00c3O SUDESTE<\/strong><\/p>\n<p style=\"text-align: justify\">Nesta segunda-feira (31), muitas nuvens no sul e oeste de Minas Gerais e em S\u00e3o Paulo. H\u00e1 possibilidade de chuvas isoladas no oeste, centro e sul de S\u00e3o Paulo. Nas demais \u00e1reas, c\u00e9u com poucas nuvens.<\/p>\n<p style=\"text-align: justify\">Entre as capitais, a temperatura m\u00ednima ser\u00e1 de 15\u00b0C em Belo Horizonte (MG) e no Rio de Janeiro (RJ). O calor ser\u00e1 intenso na capital paulista. No s\u00e1bado e no domingo, a m\u00e1xima chega a 35\u00b0C em S\u00e3o Paulo (SP) e, na segunda-feira, sobe para 36\u00b0C. Calor tamb\u00e9m no Rio de Janeiro (RJ), com m\u00e1xima de 35\u00b0C no s\u00e1bado, e em Belo Horizonte (MG), com m\u00e1xima de 33\u00b0C no domingo. Em Vit\u00f3ria (ES), a m\u00e1xima fica em 30\u00b0C no per\u00edodo.<\/p>\n<p style=\"text-align: justify\"><strong>REGI\u00c3O SUL<\/strong><\/p>\n<p style=\"text-align: justify\">Nesta segunda-feira (31), as chuvas n\u00e3o d\u00e3o tr\u00e9gua na regi\u00e3o Sul. Desde o centro-sul e oeste do Paran\u00e1 at\u00e9 o sul do Rio Grande do Sul, ocorrem chuvas com trovoadas. C\u00e9u encoberto com temporais no sul do Paran\u00e1, em todo o estado de Santa Catarina e no centro-norte do Rio Grande do Sul, incluindo a capital Porto Alegre (RS).<\/p>\n<p style=\"text-align: justify\">Nesta segunda-feira (31), o aviso laranja de perigo para tempestades cobre todo o estado de Santa Catarina, norte do Rio Grande do Sul e oeste, centro e leste do Paran\u00e1. Florian\u00f3polis (SC) e Curitiba (PR) est\u00e3o na \u00e1rea deste aviso. Tamb\u00e9m h\u00e1 aviso amarelo de perigo potencial para tempestades no Paran\u00e1, no centro-norte do Rio Grande do Sul e em Santa Catarina entre s\u00e1bado (29) e segunda-feira (31).<\/p>\n<p style=\"text-align: justify\">Para o per\u00edodo, espera-se grande contraste de temperatura entre os estados da regi\u00e3o Sul. Em Curitiba (PR), a m\u00e1xima pode chegar a 35\u00b0C na segunda-feira! Em Florian\u00f3polis, a m\u00e1xima de s\u00e1bado at\u00e9 segunda-feira n\u00e3o passa dos 20\u00b0C e, em Porto Alegre, as temperaturas ficam baixas: a m\u00ednima ser\u00e1 de 13\u00b0C no domingo, e a m\u00e1xima n\u00e3o passa dos 18\u00b0C no s\u00e1bado e no domingo e de 19\u00b0C na segunda-feira.<\/p>\n<figure style=\"text-align: justify\"><img loading=\"lazy\" decoding=\"async\" class=\"\" src=\"https:\/\/portal.inmet.gov.br\/uploads\/image_2026-08-28-145135_qsyw.png\" alt=\"\" width=\"499\" height=\"578\" \/><\/figure>\n<p style=\"text-align: justify\"><em><strong>Figura 1<\/strong>\u00a0\u2013 Previs\u00e3o de chuva acumulada (mm) entre s\u00e1bado (29) e segunda-feira (31). As cores indicam os totais acumulados no per\u00edodo. As \u00e1reas em rosa podem superar 150 mm. Aten\u00e7\u00e3o para os elevados acumulados de chuva na \u00e1rea destacada pelo ret\u00e2ngulo preto. Fonte: INMET.<\/em><\/p>\n<figure style=\"text-align: justify\"><img loading=\"lazy\" decoding=\"async\" class=\"\" src=\"https:\/\/portal.inmet.gov.br\/uploads\/image-1_2026-08-28-145202_eanr.png\" alt=\"\" width=\"498\" height=\"577\" \/><\/figure>\n<p style=\"text-align: justify\"><em><strong>Figura 2<\/strong>\u00a0\u2013 Previs\u00e3o de temperatura m\u00ednima entre s\u00e1bado (29) e segunda-feira (31). Fonte: INMET.<\/em><\/p>\n<p style=\"text-align: justify\">\n<figure style=\"text-align: justify\"><img loading=\"lazy\" decoding=\"async\" class=\"\" src=\"https:\/\/portal.inmet.gov.br\/uploads\/image-2_2026-08-28-145239_ojmu.png\" alt=\"\" width=\"499\" height=\"578\" \/><\/figure>\n<p style=\"text-align: justify\">\n<em><strong>Figura 3\u00a0<\/strong>\u2013 Previs\u00e3o de temperatura m\u00e1xima entre s\u00e1bado (29) e segunda-feira (31). Fonte: INMET.<\/em><\/p>\n<figure style=\"text-align: justify\"><img loading=\"lazy\" decoding=\"async\" class=\"\" src=\"https:\/\/portal.inmet.gov.br\/uploads\/image-3_2026-08-28-145316_fmcm.png\" alt=\"\" width=\"501\" height=\"581\" \/><\/figure>\n<p style=\"text-align: justify\"><em><strong>Figura 4<\/strong>\u00a0\u2013 Previs\u00e3o de umidade relativa do ar m\u00ednima entre s\u00e1bado (29) e segunda-feira (31). Fonte: INMET.<\/em><\/p>\n<p style=\"text-align: justify\">Texto: INMET<\/p>\n<p style=\"text-align: justify\">Foto: Varyapigu<\/p>\n<p style=\"text-align: justify\"><img loading=\"lazy\" decoding=\"async\" class=\"alignnone  wp-image-9754\" src=\"https:\/\/portalmaisagro.com\/wp-content\/uploads\/2026\/08\/WhatsApp-Image-2026-08-11-at-10.28.27-1-2.jpeg\" alt=\"\" width=\"242\" height=\"317\" srcset=\"https:\/\/portalmaisagro.com\/wp-content\/uploads\/2026\/08\/WhatsApp-Image-2026-08-11-at-10.28.27-1-2.jpeg 298w, https:\/\/portalmaisagro.com\/wp-content\/uploads\/2026\/08\/WhatsApp-Image-2026-08-11-at-10.28.27-1-2-229x300.jpeg 229w, https:\/\/portalmaisagro.com\/wp-content\/uploads\/2026\/08\/WhatsApp-Image-2026-08-11-at-10.28.27-1-2-150x197.jpeg 150w\" sizes=\"auto, (max-width: 242px) 100vw, 242px\" \/><\/p>\n<p style=\"text-align: justify\"><a href=\"https:\/\/digital.agriculturafamiliar.agr.br\/pub\/agriculturafamiliar\/#page\/147\"><strong><em>Conte\u00fado exclusivo de empresas participantes do Anu\u00e1rio Brasileiro do Agroneg\u00f3cio e Agricultura Familiar \u2013 LEIA O ANU\u00c1RIO GRATUITAMENTE<\/em><\/strong><\/a><\/p>\n","protected":false},"excerpt":{"rendered":"<p>Agosto termina com tempestades e granizo no Sul, e forte eleva\u00e7\u00e3o da temperatura nas demais regi\u00f5es do Brasil. Cuiab\u00e1 (MT) e Porto Velho (RO) v\u00e3o a 41\u00b0C. Porto Alegre n\u00e3o passa dos 19\u00b0C. Tempo seco no Matopiba Os \u00faltimos dias de agosto seguem com condi\u00e7\u00f5es para tempestades e queda de&hellip;<\/p>\n","protected":false},"author":10,"featured_media":9888,"comment_status":"closed","ping_status":"closed","sticky":false,"template":"","format":"standard","meta":{"footnotes":"","jetpack_publicize_message":"","jetpack_publicize_feature_enabled":true,"jetpack_social_post_already_shared":true,"jetpack_social_options":{"image_generator_settings":{"template":"highway","default_image_id":0,"font":"","enabled":false},"version":2},"_members_access_role":[],"_members_access_error":""},"categories":[131,6],"tags":[],"class_list":["post-9887","post","type-post","status-publish","format-standard","has-post-thumbnail","hentry","category-destaques","category-tempo"],"yoast_head":"<!-- This site is optimized with the Yoast SEO plugin v28.1 - https:\/\/yoast.com\/product\/yoast-seo-wordpress\/ -->\n<title>Previs\u00e3o para segunda-feira (31): - MaisAgro<\/title>\n<meta name=\"robots\" content=\"index, follow, max-snippet:-1, max-image-preview:large, max-video-preview:-1\" \/>\n<link rel=\"canonical\" href=\"https:\/\/portalmaisagro.com\/?p=9887\" \/>\n<meta property=\"og:locale\" content=\"pt_BR\" \/>\n<meta property=\"og:type\" content=\"article\" \/>\n<meta property=\"og:title\" content=\"Previs\u00e3o para segunda-feira (31): - MaisAgro\" \/>\n<meta property=\"og:description\" content=\"Agosto termina com tempestades e granizo no Sul, e forte eleva\u00e7\u00e3o da temperatura nas demais regi\u00f5es do Brasil. Cuiab\u00e1 (MT) e Porto Velho (RO) v\u00e3o a 41\u00b0C. Porto Alegre n\u00e3o passa dos 19\u00b0C. Tempo seco no Matopiba Os \u00faltimos dias de agosto seguem com condi\u00e7\u00f5es para tempestades e queda de&hellip;\" \/>\n<meta property=\"og:url\" content=\"https:\/\/portalmaisagro.com\/?p=9887\" \/>\n<meta property=\"og:site_name\" content=\"MaisAgro\" \/>\n<meta property=\"article:publisher\" content=\"https:\/\/www.facebook.com\/maisagroportal\" \/>\n<meta property=\"article:published_time\" content=\"2026-08-31T13:53:00+00:00\" \/>\n<meta property=\"og:image\" content=\"https:\/\/portalmaisagro.com\/wp-content\/uploads\/2026\/08\/snowy-cobblestones-in-an-urban-environment-on-clou-2026-03-19-10-22-56-utc-scaled.jpg\" \/>\n\t<meta property=\"og:image:width\" content=\"2560\" \/>\n\t<meta property=\"og:image:height\" content=\"1707\" \/>\n\t<meta property=\"og:image:type\" content=\"image\/jpeg\" \/>\n<meta name=\"author\" content=\"Taiane do Carmo\" \/>\n<meta name=\"twitter:card\" content=\"summary_large_image\" \/>\n<meta name=\"twitter:label1\" content=\"Escrito por\" \/>\n\t<meta name=\"twitter:data1\" content=\"Taiane do Carmo\" \/>\n\t<meta name=\"twitter:label2\" content=\"Est. tempo de leitura\" \/>\n\t<meta name=\"twitter:data2\" content=\"7 minutos\" \/>\n<script type=\"application\/ld+json\" class=\"yoast-schema-graph\">{\"@context\":\"https:\\\/\\\/schema.org\",\"@graph\":[{\"@type\":\"Article\",\"@id\":\"https:\\\/\\\/portalmaisagro.com\\\/?p=9887#article\",\"isPartOf\":{\"@id\":\"https:\\\/\\\/portalmaisagro.com\\\/?p=9887\"},\"author\":{\"name\":\"Taiane do Carmo\",\"@id\":\"https:\\\/\\\/portalmaisagro.com\\\/#\\\/schema\\\/person\\\/ade0f16b5a3434e1ec47b1fbdb9b9318\"},\"headline\":\"Previs\u00e3o para segunda-feira (31):\",\"datePublished\":\"2026-08-31T13:53:00+00:00\",\"mainEntityOfPage\":{\"@id\":\"https:\\\/\\\/portalmaisagro.com\\\/?p=9887\"},\"wordCount\":954,\"publisher\":{\"@id\":\"https:\\\/\\\/portalmaisagro.com\\\/#organization\"},\"image\":{\"@id\":\"https:\\\/\\\/portalmaisagro.com\\\/?p=9887#primaryimage\"},\"thumbnailUrl\":\"https:\\\/\\\/portalmaisagro.com\\\/wp-content\\\/uploads\\\/2026\\\/08\\\/snowy-cobblestones-in-an-urban-environment-on-clou-2026-03-19-10-22-56-utc-scaled.jpg\",\"articleSection\":[\"DESTAQUES\",\"TEMPO\"],\"inLanguage\":\"pt-BR\"},{\"@type\":\"WebPage\",\"@id\":\"https:\\\/\\\/portalmaisagro.com\\\/?p=9887\",\"url\":\"https:\\\/\\\/portalmaisagro.com\\\/?p=9887\",\"name\":\"Previs\u00e3o para segunda-feira (31): - MaisAgro\",\"isPartOf\":{\"@id\":\"https:\\\/\\\/portalmaisagro.com\\\/#website\"},\"primaryImageOfPage\":{\"@id\":\"https:\\\/\\\/portalmaisagro.com\\\/?p=9887#primaryimage\"},\"image\":{\"@id\":\"https:\\\/\\\/portalmaisagro.com\\\/?p=9887#primaryimage\"},\"thumbnailUrl\":\"https:\\\/\\\/portalmaisagro.com\\\/wp-content\\\/uploads\\\/2026\\\/08\\\/snowy-cobblestones-in-an-urban-environment-on-clou-2026-03-19-10-22-56-utc-scaled.jpg\",\"datePublished\":\"2026-08-31T13:53:00+00:00\",\"breadcrumb\":{\"@id\":\"https:\\\/\\\/portalmaisagro.com\\\/?p=9887#breadcrumb\"},\"inLanguage\":\"pt-BR\",\"potentialAction\":[{\"@type\":\"ReadAction\",\"target\":[\"https:\\\/\\\/portalmaisagro.com\\\/?p=9887\"]}]},{\"@type\":\"ImageObject\",\"inLanguage\":\"pt-BR\",\"@id\":\"https:\\\/\\\/portalmaisagro.com\\\/?p=9887#primaryimage\",\"url\":\"https:\\\/\\\/portalmaisagro.com\\\/wp-content\\\/uploads\\\/2026\\\/08\\\/snowy-cobblestones-in-an-urban-environment-on-clou-2026-03-19-10-22-56-utc-scaled.jpg\",\"contentUrl\":\"https:\\\/\\\/portalmaisagro.com\\\/wp-content\\\/uploads\\\/2026\\\/08\\\/snowy-cobblestones-in-an-urban-environment-on-clou-2026-03-19-10-22-56-utc-scaled.jpg\",\"width\":2560,\"height\":1707,\"caption\":\"Closeup view of technical salt grains on icy sidewalk surface in wintertime, used for melting ice and snow. Applying salt to keep roads clear and people safe in winter weather from ice or snow\"},{\"@type\":\"BreadcrumbList\",\"@id\":\"https:\\\/\\\/portalmaisagro.com\\\/?p=9887#breadcrumb\",\"itemListElement\":[{\"@type\":\"ListItem\",\"position\":1,\"name\":\"In\u00edcio\",\"item\":\"https:\\\/\\\/portalmaisagro.com\\\/\"},{\"@type\":\"ListItem\",\"position\":2,\"name\":\"Previs\u00e3o para segunda-feira (31):\"}]},{\"@type\":\"WebSite\",\"@id\":\"https:\\\/\\\/portalmaisagro.com\\\/#website\",\"url\":\"https:\\\/\\\/portalmaisagro.com\\\/\",\"name\":\"MaisAgro\",\"description\":\"O portal do agroneg\u00f3cio\",\"publisher\":{\"@id\":\"https:\\\/\\\/portalmaisagro.com\\\/#organization\"},\"potentialAction\":[{\"@type\":\"SearchAction\",\"target\":{\"@type\":\"EntryPoint\",\"urlTemplate\":\"https:\\\/\\\/portalmaisagro.com\\\/?s={search_term_string}\"},\"query-input\":{\"@type\":\"PropertyValueSpecification\",\"valueRequired\":true,\"valueName\":\"search_term_string\"}}],\"inLanguage\":\"pt-BR\"},{\"@type\":\"Organization\",\"@id\":\"https:\\\/\\\/portalmaisagro.com\\\/#organization\",\"name\":\"MaisAgro\",\"url\":\"https:\\\/\\\/portalmaisagro.com\\\/\",\"logo\":{\"@type\":\"ImageObject\",\"inLanguage\":\"pt-BR\",\"@id\":\"https:\\\/\\\/portalmaisagro.com\\\/#\\\/schema\\\/logo\\\/image\\\/\",\"url\":\"https:\\\/\\\/portalmaisagro.com\\\/wp-content\\\/uploads\\\/2024\\\/11\\\/logo_oficial-e1749247575377.png\",\"contentUrl\":\"https:\\\/\\\/portalmaisagro.com\\\/wp-content\\\/uploads\\\/2024\\\/11\\\/logo_oficial-e1749247575377.png\",\"width\":513,\"height\":107,\"caption\":\"MaisAgro\"},\"image\":{\"@id\":\"https:\\\/\\\/portalmaisagro.com\\\/#\\\/schema\\\/logo\\\/image\\\/\"},\"sameAs\":[\"https:\\\/\\\/www.facebook.com\\\/maisagroportal\"]},{\"@type\":\"Person\",\"@id\":\"https:\\\/\\\/portalmaisagro.com\\\/#\\\/schema\\\/person\\\/ade0f16b5a3434e1ec47b1fbdb9b9318\",\"name\":\"Taiane do Carmo\",\"image\":{\"@type\":\"ImageObject\",\"inLanguage\":\"pt-BR\",\"@id\":\"https:\\\/\\\/portalmaisagro.com\\\/wp-content\\\/uploads\\\/2026\\\/04\\\/images.jpeg640e5d69297d7dd56cc39a10251ad7db\",\"url\":\"https:\\\/\\\/portalmaisagro.com\\\/wp-content\\\/uploads\\\/2026\\\/04\\\/images.jpeg\",\"contentUrl\":\"https:\\\/\\\/portalmaisagro.com\\\/wp-content\\\/uploads\\\/2026\\\/04\\\/images.jpeg\",\"caption\":\"Taiane do Carmo\"},\"url\":\"https:\\\/\\\/portalmaisagro.com\\\/?author=10\"}]}<\/script>\n<!-- \/ Yoast SEO plugin. -->","yoast_head_json":{"title":"Previs\u00e3o para segunda-feira (31): - MaisAgro","robots":{"index":"index","follow":"follow","max-snippet":"max-snippet:-1","max-image-preview":"max-image-preview:large","max-video-preview":"max-video-preview:-1"},"canonical":"https:\/\/portalmaisagro.com\/?p=9887","og_locale":"pt_BR","og_type":"article","og_title":"Previs\u00e3o para segunda-feira (31): - MaisAgro","og_description":"Agosto termina com tempestades e granizo no Sul, e forte eleva\u00e7\u00e3o da temperatura nas demais regi\u00f5es do Brasil. Cuiab\u00e1 (MT) e Porto Velho (RO) v\u00e3o a 41\u00b0C. Porto Alegre n\u00e3o passa dos 19\u00b0C. Tempo seco no Matopiba Os \u00faltimos dias de agosto seguem com condi\u00e7\u00f5es para tempestades e queda de&hellip;","og_url":"https:\/\/portalmaisagro.com\/?p=9887","og_site_name":"MaisAgro","article_publisher":"https:\/\/www.facebook.com\/maisagroportal","article_published_time":"2026-08-31T13:53:00+00:00","og_image":[{"width":2560,"height":1707,"url":"https:\/\/portalmaisagro.com\/wp-content\/uploads\/2026\/08\/snowy-cobblestones-in-an-urban-environment-on-clou-2026-03-19-10-22-56-utc-scaled.jpg","type":"image\/jpeg"}],"author":"Taiane do Carmo","twitter_card":"summary_large_image","twitter_misc":{"Escrito por":"Taiane do Carmo","Est. tempo de leitura":"7 minutos"},"schema":{"@context":"https:\/\/schema.org","@graph":[{"@type":"Article","@id":"https:\/\/portalmaisagro.com\/?p=9887#article","isPartOf":{"@id":"https:\/\/portalmaisagro.com\/?p=9887"},"author":{"name":"Taiane do Carmo","@id":"https:\/\/portalmaisagro.com\/#\/schema\/person\/ade0f16b5a3434e1ec47b1fbdb9b9318"},"headline":"Previs\u00e3o para segunda-feira (31):","datePublished":"2026-08-31T13:53:00+00:00","mainEntityOfPage":{"@id":"https:\/\/portalmaisagro.com\/?p=9887"},"wordCount":954,"publisher":{"@id":"https:\/\/portalmaisagro.com\/#organization"},"image":{"@id":"https:\/\/portalmaisagro.com\/?p=9887#primaryimage"},"thumbnailUrl":"https:\/\/portalmaisagro.com\/wp-content\/uploads\/2026\/08\/snowy-cobblestones-in-an-urban-environment-on-clou-2026-03-19-10-22-56-utc-scaled.jpg","articleSection":["DESTAQUES","TEMPO"],"inLanguage":"pt-BR"},{"@type":"WebPage","@id":"https:\/\/portalmaisagro.com\/?p=9887","url":"https:\/\/portalmaisagro.com\/?p=9887","name":"Previs\u00e3o para segunda-feira (31): - MaisAgro","isPartOf":{"@id":"https:\/\/portalmaisagro.com\/#website"},"primaryImageOfPage":{"@id":"https:\/\/portalmaisagro.com\/?p=9887#primaryimage"},"image":{"@id":"https:\/\/portalmaisagro.com\/?p=9887#primaryimage"},"thumbnailUrl":"https:\/\/portalmaisagro.com\/wp-content\/uploads\/2026\/08\/snowy-cobblestones-in-an-urban-environment-on-clou-2026-03-19-10-22-56-utc-scaled.jpg","datePublished":"2026-08-31T13:53:00+00:00","breadcrumb":{"@id":"https:\/\/portalmaisagro.com\/?p=9887#breadcrumb"},"inLanguage":"pt-BR","potentialAction":[{"@type":"ReadAction","target":["https:\/\/portalmaisagro.com\/?p=9887"]}]},{"@type":"ImageObject","inLanguage":"pt-BR","@id":"https:\/\/portalmaisagro.com\/?p=9887#primaryimage","url":"https:\/\/portalmaisagro.com\/wp-content\/uploads\/2026\/08\/snowy-cobblestones-in-an-urban-environment-on-clou-2026-03-19-10-22-56-utc-scaled.jpg","contentUrl":"https:\/\/portalmaisagro.com\/wp-content\/uploads\/2026\/08\/snowy-cobblestones-in-an-urban-environment-on-clou-2026-03-19-10-22-56-utc-scaled.jpg","width":2560,"height":1707,"caption":"Closeup view of technical salt grains on icy sidewalk surface in wintertime, used for melting ice and snow. Applying salt to keep roads clear and people safe in winter weather from ice or snow"},{"@type":"BreadcrumbList","@id":"https:\/\/portalmaisagro.com\/?p=9887#breadcrumb","itemListElement":[{"@type":"ListItem","position":1,"name":"In\u00edcio","item":"https:\/\/portalmaisagro.com\/"},{"@type":"ListItem","position":2,"name":"Previs\u00e3o para segunda-feira (31):"}]},{"@type":"WebSite","@id":"https:\/\/portalmaisagro.com\/#website","url":"https:\/\/portalmaisagro.com\/","name":"MaisAgro","description":"O portal do agroneg\u00f3cio","publisher":{"@id":"https:\/\/portalmaisagro.com\/#organization"},"potentialAction":[{"@type":"SearchAction","target":{"@type":"EntryPoint","urlTemplate":"https:\/\/portalmaisagro.com\/?s={search_term_string}"},"query-input":{"@type":"PropertyValueSpecification","valueRequired":true,"valueName":"search_term_string"}}],"inLanguage":"pt-BR"},{"@type":"Organization","@id":"https:\/\/portalmaisagro.com\/#organization","name":"MaisAgro","url":"https:\/\/portalmaisagro.com\/","logo":{"@type":"ImageObject","inLanguage":"pt-BR","@id":"https:\/\/portalmaisagro.com\/#\/schema\/logo\/image\/","url":"https:\/\/portalmaisagro.com\/wp-content\/uploads\/2024\/11\/logo_oficial-e1749247575377.png","contentUrl":"https:\/\/portalmaisagro.com\/wp-content\/uploads\/2024\/11\/logo_oficial-e1749247575377.png","width":513,"height":107,"caption":"MaisAgro"},"image":{"@id":"https:\/\/portalmaisagro.com\/#\/schema\/logo\/image\/"},"sameAs":["https:\/\/www.facebook.com\/maisagroportal"]},{"@type":"Person","@id":"https:\/\/portalmaisagro.com\/#\/schema\/person\/ade0f16b5a3434e1ec47b1fbdb9b9318","name":"Taiane do Carmo","image":{"@type":"ImageObject","inLanguage":"pt-BR","@id":"https:\/\/portalmaisagro.com\/wp-content\/uploads\/2026\/04\/images.jpeg640e5d69297d7dd56cc39a10251ad7db","url":"https:\/\/portalmaisagro.com\/wp-content\/uploads\/2026\/04\/images.jpeg","contentUrl":"https:\/\/portalmaisagro.com\/wp-content\/uploads\/2026\/04\/images.jpeg","caption":"Taiane do Carmo"},"url":"https:\/\/portalmaisagro.com\/?author=10"}]}},"jetpack_publicize_connections":[],"authors":[],"_links":{"self":[{"href":"https:\/\/portalmaisagro.com\/index.php?rest_route=\/wp\/v2\/posts\/9887","targetHints":{"allow":["GET"]}}],"collection":[{"href":"https:\/\/portalmaisagro.com\/index.php?rest_route=\/wp\/v2\/posts"}],"about":[{"href":"https:\/\/portalmaisagro.com\/index.php?rest_route=\/wp\/v2\/types\/post"}],"author":[{"embeddable":true,"href":"https:\/\/portalmaisagro.com\/index.php?rest_route=\/wp\/v2\/users\/10"}],"replies":[{"embeddable":true,"href":"https:\/\/portalmaisagro.com\/index.php?rest_route=%2Fwp%2Fv2%2Fcomments&post=9887"}],"version-history":[{"count":1,"href":"https:\/\/portalmaisagro.com\/index.php?rest_route=\/wp\/v2\/posts\/9887\/revisions"}],"predecessor-version":[{"id":9889,"href":"https:\/\/portalmaisagro.com\/index.php?rest_route=\/wp\/v2\/posts\/9887\/revisions\/9889"}],"wp:featuredmedia":[{"embeddable":true,"href":"https:\/\/portalmaisagro.com\/index.php?rest_route=\/wp\/v2\/media\/9888"}],"wp:attachment":[{"href":"https:\/\/portalmaisagro.com\/index.php?rest_route=%2Fwp%2Fv2%2Fmedia&parent=9887"}],"wp:term":[{"taxonomy":"category","embeddable":true,"href":"https:\/\/portalmaisagro.com\/index.php?rest_route=%2Fwp%2Fv2%2Fcategories&post=9887"},{"taxonomy":"post_tag","embeddable":true,"href":"https:\/\/portalmaisagro.com\/index.php?rest_route=%2Fwp%2Fv2%2Ftags&post=9887"}],"curies":[{"name":"wp","href":"https:\/\/api.w.org\/{rel}","templated":true}]}}