{"id":9879,"date":"2026-08-31T10:29:04","date_gmt":"2026-08-31T13:29:04","guid":{"rendered":"https:\/\/portalmaisagro.com\/?p=9879"},"modified":"2026-08-31T10:29:04","modified_gmt":"2026-08-31T13:29:04","slug":"segundo-dia-de-expointer-atrai-visitantes-em-busca-de-memorias-afetivas-e-reencontros-familiares","status":"publish","type":"post","link":"https:\/\/portalmaisagro.com\/?p=9879","title":{"rendered":"Segundo dia de Expointer atrai visitantes em busca de mem\u00f3rias afetivas e reencontros familiares"},"content":{"rendered":"<p style=\"text-align: justify\"><em>Em domingo (30) sem chuva, milhares de pessoas circularam pelos 141 hectares do parque<\/em><\/p>\n<p style=\"text-align: justify\">Depois de um primeiro dia chuvoso, que n\u00e3o intimidou as mais de 80 mil pessoas que compareceram \u00e0 abertura, o domingo (30\/8) da 49\u00aa\u00a0Expointer deu lugar a um c\u00e9u parcialmente nublado, que cedeu espa\u00e7o para algumas t\u00edmidas apari\u00e7\u00f5es do sol, o que foi suficiente para contagiar os visitantes.<\/p>\n<p style=\"text-align: justify\">O clima ameno atraiu, desde cedo, o p\u00fablico que ingressou no parque para prestigiar a diversidade de atividades promovidas ao longo do dia, que englobou desde julgamentos morfol\u00f3gicos de cavalos crioulos at\u00e9 o peculiar jogo de arremesso de espigas de milho no balaio. Mas, para al\u00e9m da pluralidade de atra\u00e7\u00f5es, h\u00e1 pessoas que v\u00e3o at\u00e9 a feira por raz\u00f5es afetivas.<\/p>\n<p style=\"text-align: justify\">\u00c9 o caso da terapeuta ocupacional\u00a0Ligiane\u00a0Bitencourt, moradora de S\u00e3o Leopoldo, que ingressou no parque por volta das 9h sem hora para ir embora, e tinha motivos para isso.<\/p>\n<p>Ela encara a visita \u00e0 Expointer como uma esp\u00e9cie de mem\u00f3ria afetiva do pai, um entusiasta da feira, que morreu recentemente. Segundo\u00a0Ligiane, circular pelo parque, em meio aos animais, sempre foi considerado um evento obrigat\u00f3rio no calend\u00e1rio da fam\u00edlia, tradi\u00e7\u00e3o que ela pretende preservar e passar adiante para as novas gera\u00e7\u00f5es.<\/p>\n<figure id=\"attachment_9880\" aria-describedby=\"caption-attachment-9880\" style=\"width: 628px\" class=\"wp-caption alignnone\"><img loading=\"lazy\" decoding=\"async\" class=\"wp-image-9880\" src=\"https:\/\/portalmaisagro.com\/wp-content\/uploads\/2026\/08\/30190444_89697_GDO.jpeg\" alt=\"\" width=\"628\" height=\"471\" srcset=\"https:\/\/portalmaisagro.com\/wp-content\/uploads\/2026\/08\/30190444_89697_GDO.jpeg 800w, https:\/\/portalmaisagro.com\/wp-content\/uploads\/2026\/08\/30190444_89697_GDO-300x225.jpeg 300w, https:\/\/portalmaisagro.com\/wp-content\/uploads\/2026\/08\/30190444_89697_GDO-768x576.jpeg 768w, https:\/\/portalmaisagro.com\/wp-content\/uploads\/2026\/08\/30190444_89697_GDO-150x113.jpeg 150w\" sizes=\"auto, (max-width: 628px) 100vw, 628px\" \/><figcaption id=\"caption-attachment-9880\" class=\"wp-caption-text\">Ligiane mant\u00e9m a tradi\u00e7\u00e3o familiar de visitar a Expointer e leva a irm\u00e3 ao parque ap\u00f3s mais de 15 anos sem participar da feira &#8211; Foto: Rodrigo Azevedo\/Ascom Expointer<\/figcaption><\/figure>\n<p style=\"text-align: justify\">\u201cVir \u00e0 feira \u00e9 relembrar hist\u00f3rias da inf\u00e2ncia, por isso tenho um carinho especial pela Expointer. E hoje consegui trazer a minha irm\u00e3, que fez parte de toda essa mem\u00f3ria e n\u00e3o vinha \u00e0 feira h\u00e1 mais de 15 anos\u201d, celebrou\u00a0Ligiane, que n\u00e3o ir\u00e1 embora sem fazer compras no Pavilh\u00e3o da Agricultura Familiar.<\/p>\n<p style=\"text-align: justify\">Para Isabel Souza, aposentada e moradora de Esteio, a Expointer tamb\u00e9m \u00e9 um momento de conex\u00e3o familiar, mas principalmente de reencontro. Acompanhada do marido, ela vem \u00e0 feira todos os anos para matar a saudade e colocar o papo em dia com a irm\u00e3, que mora em Santa Maria, onde produz alimentos comercializados no movimentado Pavilh\u00e3o da Agricultura Familiar.<\/p>\n<p style=\"text-align: justify\">\u201cA Expointer \u00e9 o momento em que consigo abra\u00e7ar e conviver com a minha irm\u00e3. Nos finais de semana da feira, tento passar o dia inteiro aqui para ficarmos juntas o maior tempo poss\u00edvel\u201d, conta Isabel. Segundo ela, a feira tamb\u00e9m serve como fonte de conhecimento para o futuro, j\u00e1 que planeja se mudar, junto ao marido, para um s\u00edtio em Cara\u00e1, no Litoral Norte, onde pretendem criar gado e plantar alimentos.<\/p>\n<figure id=\"attachment_9881\" aria-describedby=\"caption-attachment-9881\" style=\"width: 644px\" class=\"wp-caption alignnone\"><img loading=\"lazy\" decoding=\"async\" class=\"wp-image-9881\" src=\"https:\/\/portalmaisagro.com\/wp-content\/uploads\/2026\/08\/30190926_89708_GDO.jpeg\" alt=\"\" width=\"644\" height=\"483\" srcset=\"https:\/\/portalmaisagro.com\/wp-content\/uploads\/2026\/08\/30190926_89708_GDO.jpeg 800w, https:\/\/portalmaisagro.com\/wp-content\/uploads\/2026\/08\/30190926_89708_GDO-300x225.jpeg 300w, https:\/\/portalmaisagro.com\/wp-content\/uploads\/2026\/08\/30190926_89708_GDO-768x576.jpeg 768w, https:\/\/portalmaisagro.com\/wp-content\/uploads\/2026\/08\/30190926_89708_GDO-150x113.jpeg 150w\" sizes=\"auto, (max-width: 644px) 100vw, 644px\" \/><figcaption id=\"caption-attachment-9881\" class=\"wp-caption-text\">Isabel e o marido aproveitam a Expointer para acompanhar de perto a produ\u00e7\u00e3o comercializada no Pavilh\u00e3o da Agricultura Familiar &#8211; Foto: Rodrigo Azevedo\/Ascom Expointer<\/figcaption><\/figure>\n<p style=\"text-align: justify\">A dist\u00e2ncia de 385 km n\u00e3o foi suficiente para desencorajar Wanderlei Matos de partir de S\u00e3o Joaquim, em Santa Catarina, com destino a Esteio. Acompanhado da esposa, dos pais e de amigos, o agricultor, que planta soja no planalto serrano catarinense, viajou cerca de sete horas durante a madrugada para poder desembarcar no parque e ver de perto os animais selecionados para a Expointer. \u201cSomos amantes da pecu\u00e1ria e viemos especialmente para acompanhar as competi\u00e7\u00f5es\u201d, afirmou.<\/p>\n<p style=\"text-align: justify\"><b><strong>Feira segue at\u00e9 o pr\u00f3ximo domingo (6)\u00a0<\/strong><\/b><\/p>\n<p style=\"text-align: justify\">Para\u00a0a segunda-feira (31\/8),\u00a0a\u00a0previs\u00e3o\u00a0do tempo\u00a0aponta pancadas de chuva isoladas e temperatura amena. No\u00a0dia,\u00a0ser\u00e1 dada a largada para o 45\u00ba Freio de Ouro, uma das mais tradicionais competi\u00e7\u00f5es de adestramento de cavalos do pa\u00eds. com o in\u00edcio da etapa de admiss\u00e3o, que antecede os julgamentos na Arena Maior do Cavalo Crioulo. A final est\u00e1 programada para s\u00e1bado (5\/9). A programa\u00e7\u00e3o da Expointer segue com diversas atra\u00e7\u00f5es at\u00e9 domingo (6\/9).<\/p>\n<p style=\"text-align: justify\">Os ingressos de acesso ao parque est\u00e3o dispon\u00edveis no\u00a0site da Expointer\u00a0(com cobran\u00e7a de taxa de servi\u00e7o) ou na bilheteria f\u00edsica, sem a cobran\u00e7a de taxa. As entradas custam R$ 22. Estudantes, idosos com 60 anos ou mais e pessoas com defici\u00eancia pagam R$ 11. Crian\u00e7as com menos de 6 anos, acompanhadas de pais ou respons\u00e1veis, n\u00e3o pagam. O ingresso no parque \u00e9 permitido entre 8h e 20h.<\/p>\n<p style=\"text-align: justify\">O estacionamento custa R$ 53 por ve\u00edculo, sem cobran\u00e7a de taxa de servi\u00e7o. O pre\u00e7o n\u00e3o inclui a entrada do motorista, nem dos demais passageiros. A entrada dos autom\u00f3veis pagantes ocorre pelos port\u00f5es 14 e 15, das 8h \u00e0s 20h.<\/p>\n<p>Texto: Ascom Expointer<\/p>\n<p>Foto: Rodrigo Azevedo<\/p>\n<p><img loading=\"lazy\" decoding=\"async\" class=\"alignnone  wp-image-9724\" src=\"https:\/\/portalmaisagro.com\/wp-content\/uploads\/2026\/08\/WhatsApp-Image-2026-08-11-at-10.28.27-1-1.jpeg\" alt=\"\" width=\"241\" height=\"316\" srcset=\"https:\/\/portalmaisagro.com\/wp-content\/uploads\/2026\/08\/WhatsApp-Image-2026-08-11-at-10.28.27-1-1.jpeg 298w, https:\/\/portalmaisagro.com\/wp-content\/uploads\/2026\/08\/WhatsApp-Image-2026-08-11-at-10.28.27-1-1-229x300.jpeg 229w, https:\/\/portalmaisagro.com\/wp-content\/uploads\/2026\/08\/WhatsApp-Image-2026-08-11-at-10.28.27-1-1-150x197.jpeg 150w\" sizes=\"auto, (max-width: 241px) 100vw, 241px\" \/><\/p>\n<p><a href=\"https:\/\/digital.agriculturafamiliar.agr.br\/pub\/agriculturafamiliar\/#page\/147\"><strong><em>Conte\u00fado exclusivo de empresas participantes do Anu\u00e1rio Brasileiro do Agroneg\u00f3cio e Agricultura Familiar \u2013 LEIA O ANU\u00c1RIO GRATUITAMENTE<\/em><\/strong><\/a><\/p>\n","protected":false},"excerpt":{"rendered":"<p>Em domingo (30) sem chuva, milhares de pessoas circularam pelos 141 hectares do parque Depois de um primeiro dia chuvoso, que n\u00e3o intimidou as mais de 80 mil pessoas que compareceram \u00e0 abertura, o domingo (30\/8) da 49\u00aa\u00a0Expointer deu lugar a um c\u00e9u parcialmente nublado, que cedeu espa\u00e7o para algumas&hellip;<\/p>\n","protected":false},"author":10,"featured_media":9882,"comment_status":"closed","ping_status":"closed","sticky":false,"template":"","format":"standard","meta":{"footnotes":"","jetpack_publicize_message":"","jetpack_publicize_feature_enabled":true,"jetpack_social_post_already_shared":true,"jetpack_social_options":{"image_generator_settings":{"template":"highway","default_image_id":0,"font":"","enabled":false},"version":2},"_members_access_role":[],"_members_access_error":""},"categories":[131,230],"tags":[],"class_list":["post-9879","post","type-post","status-publish","format-standard","has-post-thumbnail","hentry","category-destaques","category-feiras-2"],"yoast_head":"<!-- This site is optimized with the Yoast SEO plugin v28.1 - https:\/\/yoast.com\/product\/yoast-seo-wordpress\/ -->\n<title>Segundo dia de Expointer atrai visitantes em busca de mem\u00f3rias afetivas e reencontros familiares - MaisAgro<\/title>\n<meta name=\"robots\" content=\"index, follow, max-snippet:-1, max-image-preview:large, max-video-preview:-1\" \/>\n<link rel=\"canonical\" href=\"https:\/\/portalmaisagro.com\/?p=9879\" \/>\n<meta property=\"og:locale\" content=\"pt_BR\" \/>\n<meta property=\"og:type\" content=\"article\" \/>\n<meta property=\"og:title\" content=\"Segundo dia de Expointer atrai visitantes em busca de mem\u00f3rias afetivas e reencontros familiares - MaisAgro\" \/>\n<meta property=\"og:description\" content=\"Em domingo (30) sem chuva, milhares de pessoas circularam pelos 141 hectares do parque Depois de um primeiro dia chuvoso, que n\u00e3o intimidou as mais de 80 mil pessoas que compareceram \u00e0 abertura, o domingo (30\/8) da 49\u00aa\u00a0Expointer deu lugar a um c\u00e9u parcialmente nublado, que cedeu espa\u00e7o para algumas&hellip;\" \/>\n<meta property=\"og:url\" content=\"https:\/\/portalmaisagro.com\/?p=9879\" \/>\n<meta property=\"og:site_name\" content=\"MaisAgro\" \/>\n<meta property=\"article:publisher\" content=\"https:\/\/www.facebook.com\/maisagroportal\" \/>\n<meta property=\"article:published_time\" content=\"2026-08-31T13:29:04+00:00\" \/>\n<meta property=\"og:image\" content=\"https:\/\/portalmaisagro.com\/wp-content\/uploads\/2026\/08\/30191021_89719_GD.jpeg\" \/>\n\t<meta property=\"og:image:width\" content=\"800\" \/>\n\t<meta property=\"og:image:height\" content=\"450\" \/>\n\t<meta property=\"og:image:type\" content=\"image\/jpeg\" \/>\n<meta name=\"author\" content=\"Taiane do Carmo\" \/>\n<meta name=\"twitter:card\" content=\"summary_large_image\" \/>\n<meta name=\"twitter:label1\" content=\"Escrito por\" \/>\n\t<meta name=\"twitter:data1\" content=\"Taiane do Carmo\" \/>\n\t<meta name=\"twitter:label2\" content=\"Est. tempo de leitura\" \/>\n\t<meta name=\"twitter:data2\" content=\"5 minutos\" \/>\n<script type=\"application\/ld+json\" class=\"yoast-schema-graph\">{\"@context\":\"https:\\\/\\\/schema.org\",\"@graph\":[{\"@type\":\"Article\",\"@id\":\"https:\\\/\\\/portalmaisagro.com\\\/?p=9879#article\",\"isPartOf\":{\"@id\":\"https:\\\/\\\/portalmaisagro.com\\\/?p=9879\"},\"author\":{\"name\":\"Taiane do Carmo\",\"@id\":\"https:\\\/\\\/portalmaisagro.com\\\/#\\\/schema\\\/person\\\/ade0f16b5a3434e1ec47b1fbdb9b9318\"},\"headline\":\"Segundo dia de Expointer atrai visitantes em busca de mem\u00f3rias afetivas e reencontros familiares\",\"datePublished\":\"2026-08-31T13:29:04+00:00\",\"mainEntityOfPage\":{\"@id\":\"https:\\\/\\\/portalmaisagro.com\\\/?p=9879\"},\"wordCount\":805,\"publisher\":{\"@id\":\"https:\\\/\\\/portalmaisagro.com\\\/#organization\"},\"image\":{\"@id\":\"https:\\\/\\\/portalmaisagro.com\\\/?p=9879#primaryimage\"},\"thumbnailUrl\":\"https:\\\/\\\/portalmaisagro.com\\\/wp-content\\\/uploads\\\/2026\\\/08\\\/30191021_89719_GD.jpeg\",\"articleSection\":[\"DESTAQUES\",\"FEIRAS\"],\"inLanguage\":\"pt-BR\"},{\"@type\":\"WebPage\",\"@id\":\"https:\\\/\\\/portalmaisagro.com\\\/?p=9879\",\"url\":\"https:\\\/\\\/portalmaisagro.com\\\/?p=9879\",\"name\":\"Segundo dia de Expointer atrai visitantes em busca de mem\u00f3rias afetivas e reencontros familiares - MaisAgro\",\"isPartOf\":{\"@id\":\"https:\\\/\\\/portalmaisagro.com\\\/#website\"},\"primaryImageOfPage\":{\"@id\":\"https:\\\/\\\/portalmaisagro.com\\\/?p=9879#primaryimage\"},\"image\":{\"@id\":\"https:\\\/\\\/portalmaisagro.com\\\/?p=9879#primaryimage\"},\"thumbnailUrl\":\"https:\\\/\\\/portalmaisagro.com\\\/wp-content\\\/uploads\\\/2026\\\/08\\\/30191021_89719_GD.jpeg\",\"datePublished\":\"2026-08-31T13:29:04+00:00\",\"breadcrumb\":{\"@id\":\"https:\\\/\\\/portalmaisagro.com\\\/?p=9879#breadcrumb\"},\"inLanguage\":\"pt-BR\",\"potentialAction\":[{\"@type\":\"ReadAction\",\"target\":[\"https:\\\/\\\/portalmaisagro.com\\\/?p=9879\"]}]},{\"@type\":\"ImageObject\",\"inLanguage\":\"pt-BR\",\"@id\":\"https:\\\/\\\/portalmaisagro.com\\\/?p=9879#primaryimage\",\"url\":\"https:\\\/\\\/portalmaisagro.com\\\/wp-content\\\/uploads\\\/2026\\\/08\\\/30191021_89719_GD.jpeg\",\"contentUrl\":\"https:\\\/\\\/portalmaisagro.com\\\/wp-content\\\/uploads\\\/2026\\\/08\\\/30191021_89719_GD.jpeg\",\"width\":800,\"height\":450},{\"@type\":\"BreadcrumbList\",\"@id\":\"https:\\\/\\\/portalmaisagro.com\\\/?p=9879#breadcrumb\",\"itemListElement\":[{\"@type\":\"ListItem\",\"position\":1,\"name\":\"In\u00edcio\",\"item\":\"https:\\\/\\\/portalmaisagro.com\\\/\"},{\"@type\":\"ListItem\",\"position\":2,\"name\":\"Segundo dia de Expointer atrai visitantes em busca de mem\u00f3rias afetivas e reencontros familiares\"}]},{\"@type\":\"WebSite\",\"@id\":\"https:\\\/\\\/portalmaisagro.com\\\/#website\",\"url\":\"https:\\\/\\\/portalmaisagro.com\\\/\",\"name\":\"MaisAgro\",\"description\":\"O portal do agroneg\u00f3cio\",\"publisher\":{\"@id\":\"https:\\\/\\\/portalmaisagro.com\\\/#organization\"},\"potentialAction\":[{\"@type\":\"SearchAction\",\"target\":{\"@type\":\"EntryPoint\",\"urlTemplate\":\"https:\\\/\\\/portalmaisagro.com\\\/?s={search_term_string}\"},\"query-input\":{\"@type\":\"PropertyValueSpecification\",\"valueRequired\":true,\"valueName\":\"search_term_string\"}}],\"inLanguage\":\"pt-BR\"},{\"@type\":\"Organization\",\"@id\":\"https:\\\/\\\/portalmaisagro.com\\\/#organization\",\"name\":\"MaisAgro\",\"url\":\"https:\\\/\\\/portalmaisagro.com\\\/\",\"logo\":{\"@type\":\"ImageObject\",\"inLanguage\":\"pt-BR\",\"@id\":\"https:\\\/\\\/portalmaisagro.com\\\/#\\\/schema\\\/logo\\\/image\\\/\",\"url\":\"https:\\\/\\\/portalmaisagro.com\\\/wp-content\\\/uploads\\\/2024\\\/11\\\/logo_oficial-e1749247575377.png\",\"contentUrl\":\"https:\\\/\\\/portalmaisagro.com\\\/wp-content\\\/uploads\\\/2024\\\/11\\\/logo_oficial-e1749247575377.png\",\"width\":513,\"height\":107,\"caption\":\"MaisAgro\"},\"image\":{\"@id\":\"https:\\\/\\\/portalmaisagro.com\\\/#\\\/schema\\\/logo\\\/image\\\/\"},\"sameAs\":[\"https:\\\/\\\/www.facebook.com\\\/maisagroportal\"]},{\"@type\":\"Person\",\"@id\":\"https:\\\/\\\/portalmaisagro.com\\\/#\\\/schema\\\/person\\\/ade0f16b5a3434e1ec47b1fbdb9b9318\",\"name\":\"Taiane do Carmo\",\"image\":{\"@type\":\"ImageObject\",\"inLanguage\":\"pt-BR\",\"@id\":\"https:\\\/\\\/portalmaisagro.com\\\/wp-content\\\/uploads\\\/2026\\\/04\\\/images.jpeg640e5d69297d7dd56cc39a10251ad7db\",\"url\":\"https:\\\/\\\/portalmaisagro.com\\\/wp-content\\\/uploads\\\/2026\\\/04\\\/images.jpeg\",\"contentUrl\":\"https:\\\/\\\/portalmaisagro.com\\\/wp-content\\\/uploads\\\/2026\\\/04\\\/images.jpeg\",\"caption\":\"Taiane do Carmo\"},\"url\":\"https:\\\/\\\/portalmaisagro.com\\\/?author=10\"}]}<\/script>\n<!-- \/ Yoast SEO plugin. -->","yoast_head_json":{"title":"Segundo dia de Expointer atrai visitantes em busca de mem\u00f3rias afetivas e reencontros familiares - MaisAgro","robots":{"index":"index","follow":"follow","max-snippet":"max-snippet:-1","max-image-preview":"max-image-preview:large","max-video-preview":"max-video-preview:-1"},"canonical":"https:\/\/portalmaisagro.com\/?p=9879","og_locale":"pt_BR","og_type":"article","og_title":"Segundo dia de Expointer atrai visitantes em busca de mem\u00f3rias afetivas e reencontros familiares - MaisAgro","og_description":"Em domingo (30) sem chuva, milhares de pessoas circularam pelos 141 hectares do parque Depois de um primeiro dia chuvoso, que n\u00e3o intimidou as mais de 80 mil pessoas que compareceram \u00e0 abertura, o domingo (30\/8) da 49\u00aa\u00a0Expointer deu lugar a um c\u00e9u parcialmente nublado, que cedeu espa\u00e7o para algumas&hellip;","og_url":"https:\/\/portalmaisagro.com\/?p=9879","og_site_name":"MaisAgro","article_publisher":"https:\/\/www.facebook.com\/maisagroportal","article_published_time":"2026-08-31T13:29:04+00:00","og_image":[{"width":800,"height":450,"url":"https:\/\/portalmaisagro.com\/wp-content\/uploads\/2026\/08\/30191021_89719_GD.jpeg","type":"image\/jpeg"}],"author":"Taiane do Carmo","twitter_card":"summary_large_image","twitter_misc":{"Escrito por":"Taiane do Carmo","Est. tempo de leitura":"5 minutos"},"schema":{"@context":"https:\/\/schema.org","@graph":[{"@type":"Article","@id":"https:\/\/portalmaisagro.com\/?p=9879#article","isPartOf":{"@id":"https:\/\/portalmaisagro.com\/?p=9879"},"author":{"name":"Taiane do Carmo","@id":"https:\/\/portalmaisagro.com\/#\/schema\/person\/ade0f16b5a3434e1ec47b1fbdb9b9318"},"headline":"Segundo dia de Expointer atrai visitantes em busca de mem\u00f3rias afetivas e reencontros familiares","datePublished":"2026-08-31T13:29:04+00:00","mainEntityOfPage":{"@id":"https:\/\/portalmaisagro.com\/?p=9879"},"wordCount":805,"publisher":{"@id":"https:\/\/portalmaisagro.com\/#organization"},"image":{"@id":"https:\/\/portalmaisagro.com\/?p=9879#primaryimage"},"thumbnailUrl":"https:\/\/portalmaisagro.com\/wp-content\/uploads\/2026\/08\/30191021_89719_GD.jpeg","articleSection":["DESTAQUES","FEIRAS"],"inLanguage":"pt-BR"},{"@type":"WebPage","@id":"https:\/\/portalmaisagro.com\/?p=9879","url":"https:\/\/portalmaisagro.com\/?p=9879","name":"Segundo dia de Expointer atrai visitantes em busca de mem\u00f3rias afetivas e reencontros familiares - MaisAgro","isPartOf":{"@id":"https:\/\/portalmaisagro.com\/#website"},"primaryImageOfPage":{"@id":"https:\/\/portalmaisagro.com\/?p=9879#primaryimage"},"image":{"@id":"https:\/\/portalmaisagro.com\/?p=9879#primaryimage"},"thumbnailUrl":"https:\/\/portalmaisagro.com\/wp-content\/uploads\/2026\/08\/30191021_89719_GD.jpeg","datePublished":"2026-08-31T13:29:04+00:00","breadcrumb":{"@id":"https:\/\/portalmaisagro.com\/?p=9879#breadcrumb"},"inLanguage":"pt-BR","potentialAction":[{"@type":"ReadAction","target":["https:\/\/portalmaisagro.com\/?p=9879"]}]},{"@type":"ImageObject","inLanguage":"pt-BR","@id":"https:\/\/portalmaisagro.com\/?p=9879#primaryimage","url":"https:\/\/portalmaisagro.com\/wp-content\/uploads\/2026\/08\/30191021_89719_GD.jpeg","contentUrl":"https:\/\/portalmaisagro.com\/wp-content\/uploads\/2026\/08\/30191021_89719_GD.jpeg","width":800,"height":450},{"@type":"BreadcrumbList","@id":"https:\/\/portalmaisagro.com\/?p=9879#breadcrumb","itemListElement":[{"@type":"ListItem","position":1,"name":"In\u00edcio","item":"https:\/\/portalmaisagro.com\/"},{"@type":"ListItem","position":2,"name":"Segundo dia de Expointer atrai visitantes em busca de mem\u00f3rias afetivas e reencontros familiares"}]},{"@type":"WebSite","@id":"https:\/\/portalmaisagro.com\/#website","url":"https:\/\/portalmaisagro.com\/","name":"MaisAgro","description":"O portal do agroneg\u00f3cio","publisher":{"@id":"https:\/\/portalmaisagro.com\/#organization"},"potentialAction":[{"@type":"SearchAction","target":{"@type":"EntryPoint","urlTemplate":"https:\/\/portalmaisagro.com\/?s={search_term_string}"},"query-input":{"@type":"PropertyValueSpecification","valueRequired":true,"valueName":"search_term_string"}}],"inLanguage":"pt-BR"},{"@type":"Organization","@id":"https:\/\/portalmaisagro.com\/#organization","name":"MaisAgro","url":"https:\/\/portalmaisagro.com\/","logo":{"@type":"ImageObject","inLanguage":"pt-BR","@id":"https:\/\/portalmaisagro.com\/#\/schema\/logo\/image\/","url":"https:\/\/portalmaisagro.com\/wp-content\/uploads\/2024\/11\/logo_oficial-e1749247575377.png","contentUrl":"https:\/\/portalmaisagro.com\/wp-content\/uploads\/2024\/11\/logo_oficial-e1749247575377.png","width":513,"height":107,"caption":"MaisAgro"},"image":{"@id":"https:\/\/portalmaisagro.com\/#\/schema\/logo\/image\/"},"sameAs":["https:\/\/www.facebook.com\/maisagroportal"]},{"@type":"Person","@id":"https:\/\/portalmaisagro.com\/#\/schema\/person\/ade0f16b5a3434e1ec47b1fbdb9b9318","name":"Taiane do Carmo","image":{"@type":"ImageObject","inLanguage":"pt-BR","@id":"https:\/\/portalmaisagro.com\/wp-content\/uploads\/2026\/04\/images.jpeg640e5d69297d7dd56cc39a10251ad7db","url":"https:\/\/portalmaisagro.com\/wp-content\/uploads\/2026\/04\/images.jpeg","contentUrl":"https:\/\/portalmaisagro.com\/wp-content\/uploads\/2026\/04\/images.jpeg","caption":"Taiane do Carmo"},"url":"https:\/\/portalmaisagro.com\/?author=10"}]}},"jetpack_publicize_connections":[],"authors":[],"_links":{"self":[{"href":"https:\/\/portalmaisagro.com\/index.php?rest_route=\/wp\/v2\/posts\/9879","targetHints":{"allow":["GET"]}}],"collection":[{"href":"https:\/\/portalmaisagro.com\/index.php?rest_route=\/wp\/v2\/posts"}],"about":[{"href":"https:\/\/portalmaisagro.com\/index.php?rest_route=\/wp\/v2\/types\/post"}],"author":[{"embeddable":true,"href":"https:\/\/portalmaisagro.com\/index.php?rest_route=\/wp\/v2\/users\/10"}],"replies":[{"embeddable":true,"href":"https:\/\/portalmaisagro.com\/index.php?rest_route=%2Fwp%2Fv2%2Fcomments&post=9879"}],"version-history":[{"count":1,"href":"https:\/\/portalmaisagro.com\/index.php?rest_route=\/wp\/v2\/posts\/9879\/revisions"}],"predecessor-version":[{"id":9883,"href":"https:\/\/portalmaisagro.com\/index.php?rest_route=\/wp\/v2\/posts\/9879\/revisions\/9883"}],"wp:featuredmedia":[{"embeddable":true,"href":"https:\/\/portalmaisagro.com\/index.php?rest_route=\/wp\/v2\/media\/9882"}],"wp:attachment":[{"href":"https:\/\/portalmaisagro.com\/index.php?rest_route=%2Fwp%2Fv2%2Fmedia&parent=9879"}],"wp:term":[{"taxonomy":"category","embeddable":true,"href":"https:\/\/portalmaisagro.com\/index.php?rest_route=%2Fwp%2Fv2%2Fcategories&post=9879"},{"taxonomy":"post_tag","embeddable":true,"href":"https:\/\/portalmaisagro.com\/index.php?rest_route=%2Fwp%2Fv2%2Ftags&post=9879"}],"curies":[{"name":"wp","href":"https:\/\/api.w.org\/{rel}","templated":true}]}}