{"id":9859,"date":"2026-08-31T09:41:15","date_gmt":"2026-08-31T12:41:15","guid":{"rendered":"https:\/\/portalmaisagro.com\/?p=9859"},"modified":"2026-08-31T10:08:52","modified_gmt":"2026-08-31T13:08:52","slug":"casa-john-deere-chega-a-expointer-2026-com-tecnologias-e-solucoes-para-os-produtores-gauchos","status":"publish","type":"post","link":"https:\/\/portalmaisagro.com\/?p=9859","title":{"rendered":"Casa John Deere chega \u00e0 Expointer 2026 com tecnologias e solu\u00e7\u00f5es para os produtores ga\u00fachos"},"content":{"rendered":"<ul>\n<li style=\"text-align: justify\">Vers\u00e3o do JDLink\u2122 Boost mais compacta come\u00e7a a ser comercializada no Brasil<\/li>\n<li style=\"text-align: justify\">A Casa John Deere tem espa\u00e7o dedicado \u00e0 pecu\u00e1ria leiteira e ao hortifr\u00fati, al\u00e9m de m\u00e1quinas para constru\u00e7\u00e3o e infraestrutura<\/li>\n<li style=\"text-align: justify\">Estande tamb\u00e9m contar\u00e1 com o MEA-Memorial da Evolu\u00e7\u00e3o Agr\u00edcola itinerante<\/li>\n<\/ul>\n<p style=\"text-align: justify\">A Casa John Deere chega \u00e0 49\u00aa Expointer como um espa\u00e7o de conex\u00e3o, relacionamento e experi\u00eancias, reunindo clientes, produtores e parceiros em torno de tecnologias e equipamentos para diferentes opera\u00e7\u00f5es. Entre as novidades apresentadas, o principal destaque \u00e9 a vers\u00e3o compacta do JDLink\u2122 Boost, solu\u00e7\u00e3o de conectividade via sat\u00e9lite que utiliza a rede Starlink, da SpaceX, e possibilita o monitoramento cont\u00ednuo das m\u00e1quinas, de qualquer lugar e a qualquer hora. O modelo come\u00e7a a ser comercializado durante a feira, que ocorre de 29 de agosto a 6 de setembro, no Parque Estadual de Exposi\u00e7\u00f5es Assis Brasil, em Esteio (RS). A John Deere participa do evento ao lado dos concession\u00e1rios SLC M\u00e1quinas e Alvorada e apresenta equipamentos agr\u00edcolas e de constru\u00e7\u00e3o.<\/p>\n<blockquote>\n<p style=\"text-align: justify\">O JDLink\u2122 Boost, na pr\u00e1tica, garante a conectividade das m\u00e1quinas e permite a transmiss\u00e3o de dados operacionais e agron\u00f4micos ao John Deere Operations Center\u2122, plataforma digital de gest\u00e3o que possibilita ao produtor acompanhar o trabalho a dist\u00e2ncia e receber suporte remoto. O novo formato tamb\u00e9m reduz significativamente o consumo de bateria e integra o roteador \u00e0 pr\u00f3pria antena. Essa configura\u00e7\u00e3o dispensa m\u00f3dulos adicionais na cabine, diminui a quantidade de cabos e simplifica a instala\u00e7\u00e3o, facilitando o uso da tecnologia no dia a dia. Com o in\u00edcio da comercializa\u00e7\u00e3o da vers\u00e3o compacta, a John Deere mant\u00e9m a estrat\u00e9gia de pre\u00e7os da solu\u00e7\u00e3o e continua oferecendo tr\u00eas anos de licen\u00e7a sem custo adicional aos clientes.<\/p>\n<p style=\"text-align: justify\">Al\u00e9m de poder ser instalado em m\u00e1quinas que j\u00e1 est\u00e3o em opera\u00e7\u00e3o, o JDLink\u2122 Boost est\u00e1 dispon\u00edvel de f\u00e1brica em diferentes equipamentos da John Deere. Esse portf\u00f3lio foi ampliado e passa a incluir a nova gera\u00e7\u00e3o de colheitadeiras S5, produzida pela companhia em Horizontina (RS).<\/p>\n<\/blockquote>\n<p><img loading=\"lazy\" decoding=\"async\" class=\"alignnone wp-image-9863\" src=\"https:\/\/portalmaisagro.com\/wp-content\/uploads\/2026\/08\/LANGONA_JD_PV_DN_112-1024x683.jpg\" alt=\"\" width=\"532\" height=\"355\" srcset=\"https:\/\/portalmaisagro.com\/wp-content\/uploads\/2026\/08\/LANGONA_JD_PV_DN_112-1024x683.jpg 1024w, https:\/\/portalmaisagro.com\/wp-content\/uploads\/2026\/08\/LANGONA_JD_PV_DN_112-300x200.jpg 300w, https:\/\/portalmaisagro.com\/wp-content\/uploads\/2026\/08\/LANGONA_JD_PV_DN_112-768x512.jpg 768w, https:\/\/portalmaisagro.com\/wp-content\/uploads\/2026\/08\/LANGONA_JD_PV_DN_112-1536x1024.jpg 1536w, https:\/\/portalmaisagro.com\/wp-content\/uploads\/2026\/08\/LANGONA_JD_PV_DN_112-2048x1365.jpg 2048w, https:\/\/portalmaisagro.com\/wp-content\/uploads\/2026\/08\/LANGONA_JD_PV_DN_112-150x100.jpg 150w\" sizes=\"auto, (max-width: 532px) 100vw, 532px\" \/><\/p>\n<p style=\"text-align: justify\">\u201cNosso espa\u00e7o foi pensado para ser a casa do produtor dentro da Expointer: um local de encontro, conversa e, principalmente, de escuta. Queremos receber cada produtor de um jeito pr\u00f3ximo e aqui reunimos nossos concession\u00e1rios, especialistas, m\u00e1quinas e tecnologias para mostrar que cada produtor, independentemente do tamanho de sua propriedade ou da atividade que desenvolve, pode contar com a John Deere para enfrentar seus desafios e aproveitar novas oportunidades. Mais do que apresentar solu\u00e7\u00f5es, queremos fortalecer rela\u00e7\u00f5es e seguir construindo, lado a lado, um campo cada vez mais produtivo, conectado e sustent\u00e1vel\u201d, afirma Rodrigo Bonato, vice-presidente de Vendas e Marketing da John Deere para a Am\u00e9rica Latina.<\/p>\n<h3 style=\"text-align: justify\">Solu\u00e7\u00f5es para a realidade do produtor ga\u00facho<\/h3>\n<p style=\"text-align: justify\">Na divis\u00e3o agr\u00edcola, dois lan\u00e7amentos de 2026 est\u00e3o entre os principais destaques da John Deere: o trator 3041E e o pulverizador 1025E. Os modelos ampliam o portf\u00f3lio voltado a pequenos e m\u00e9dios produtores e podem ser utilizados em diferentes culturas e atividades dentro da propriedade.<\/p>\n<blockquote>\n<p style=\"text-align: justify\">Produzido na f\u00e1brica da John Deere em Canoas (RS), o pulverizador 1025E pode ser utilizado tanto em culturas de gr\u00e3os, como soja, milho e trigo, quanto nas de maior valor agregado, como horticultura, mandioca e batata. O pulverizador entrega precis\u00e3o e qualidade durante a opera\u00e7\u00e3o, mesmo em solos \u00edngremes e irregulares, garantindo uniformidade na pulveriza\u00e7\u00e3o, al\u00e9m do conforto e facilidade na opera\u00e7\u00e3o, com dados na palma da m\u00e3o para trabalhar com intelig\u00eancia e assertividade.<img loading=\"lazy\" decoding=\"async\" class=\"alignnone wp-image-9864\" src=\"https:\/\/portalmaisagro.com\/wp-content\/uploads\/2026\/08\/Pulverizador-1025E-1.jpg\" alt=\"\" width=\"546\" height=\"364\" data-wp-editing=\"1\" srcset=\"https:\/\/portalmaisagro.com\/wp-content\/uploads\/2026\/08\/Pulverizador-1025E-1.jpg 800w, https:\/\/portalmaisagro.com\/wp-content\/uploads\/2026\/08\/Pulverizador-1025E-1-300x200.jpg 300w, https:\/\/portalmaisagro.com\/wp-content\/uploads\/2026\/08\/Pulverizador-1025E-1-768x512.jpg 768w, https:\/\/portalmaisagro.com\/wp-content\/uploads\/2026\/08\/Pulverizador-1025E-1-150x100.jpg 150w\" sizes=\"auto, (max-width: 546px) 100vw, 546px\" \/>\u00a0 \u00a0 <img loading=\"lazy\" decoding=\"async\" class=\"alignnone size-large wp-image-9865\" src=\"https:\/\/portalmaisagro.com\/wp-content\/uploads\/2026\/08\/3041E-1024x579.png\" alt=\"\" width=\"640\" height=\"362\" srcset=\"https:\/\/portalmaisagro.com\/wp-content\/uploads\/2026\/08\/3041E-1024x579.png 1024w, https:\/\/portalmaisagro.com\/wp-content\/uploads\/2026\/08\/3041E-300x170.png 300w, https:\/\/portalmaisagro.com\/wp-content\/uploads\/2026\/08\/3041E-768x434.png 768w, https:\/\/portalmaisagro.com\/wp-content\/uploads\/2026\/08\/3041E-150x85.png 150w, https:\/\/portalmaisagro.com\/wp-content\/uploads\/2026\/08\/3041E.png 1345w\" sizes=\"auto, (max-width: 640px) 100vw, 640px\" \/><\/p>\n<\/blockquote>\n<p style=\"text-align: justify\">J\u00e1 o trator 3041E, de 41 cv, combina dimens\u00f5es compactas e raio de giro reduzido, caracter\u00edsticas que facilitam a opera\u00e7\u00e3o em \u00e1reas estreitas e diminuem a necessidade de manobras. O modelo tamb\u00e9m pode receber uma carregadora frontal, ampliando seu uso em atividades como preparo do solo, pulveriza\u00e7\u00e3o e movimenta\u00e7\u00e3o de materiais. No estande, o 3041E faz parte de um espa\u00e7o dedicado \u00e0 pecu\u00e1ria leiteira e ao hortifr\u00fati, ao lado de outros dois tratores voltados \u00e0s rotinas dessas propriedades:<\/p>\n<ul>\n<li>3036EN: menor trator j\u00e1 comercializado pela John Deere no Brasil, tem motor de 36 cv. Pode ser utilizado em atividades como fruticultura, floricultura, jardinagem e granjas<\/li>\n<li><\/li>\n<li><img loading=\"lazy\" decoding=\"async\" class=\"alignnone wp-image-9866\" src=\"https:\/\/portalmaisagro.com\/wp-content\/uploads\/2026\/08\/Trator-3036EN.jpeg\" alt=\"\" width=\"602\" height=\"339\" srcset=\"https:\/\/portalmaisagro.com\/wp-content\/uploads\/2026\/08\/Trator-3036EN.jpeg 700w, https:\/\/portalmaisagro.com\/wp-content\/uploads\/2026\/08\/Trator-3036EN-300x169.jpeg 300w, https:\/\/portalmaisagro.com\/wp-content\/uploads\/2026\/08\/Trator-3036EN-150x84.jpeg 150w\" sizes=\"auto, (max-width: 602px) 100vw, 602px\" \/><\/li>\n<li>5070E: equipado com motor John Deere PowerTech\u2122 de 2,9 litros e 70 cv, tem 25% de reserva de torque e est\u00e1 dispon\u00edvel com transmiss\u00f5es 9F\/3R ou 12F\/12R. O modelo pode apoiar diferentes atividades agr\u00edcolas e pecu\u00e1rias.<\/li>\n<\/ul>\n<p><img loading=\"lazy\" decoding=\"async\" class=\"alignnone size-large wp-image-9867\" src=\"https:\/\/portalmaisagro.com\/wp-content\/uploads\/2026\/08\/5070E-1024x683.jpg\" alt=\"\" width=\"640\" height=\"427\" srcset=\"https:\/\/portalmaisagro.com\/wp-content\/uploads\/2026\/08\/5070E-1024x683.jpg 1024w, https:\/\/portalmaisagro.com\/wp-content\/uploads\/2026\/08\/5070E-300x200.jpg 300w, https:\/\/portalmaisagro.com\/wp-content\/uploads\/2026\/08\/5070E-768x512.jpg 768w, https:\/\/portalmaisagro.com\/wp-content\/uploads\/2026\/08\/5070E-1536x1024.jpg 1536w, https:\/\/portalmaisagro.com\/wp-content\/uploads\/2026\/08\/5070E-2048x1365.jpg 2048w, https:\/\/portalmaisagro.com\/wp-content\/uploads\/2026\/08\/5070E-150x100.jpg 150w\" sizes=\"auto, (max-width: 640px) 100vw, 640px\" \/><\/p>\n<p style=\"text-align: justify\">Em outra \u00e1rea do estande, s\u00e3o apresentados conjuntos formados por tratores e implementos para diferentes etapas da produ\u00e7\u00e3o:<\/p>\n<ul style=\"text-align: justify\">\n<li>\u00a05120M com pulverizador PV108: o trator tem 120 cv, motor eletr\u00f4nico PowerTech\u2122 de quatro cilindros e transmiss\u00e3o PowrQuad\u2122 16&#215;16, que permite trocar as marchas sem acionar a embreagem. Sai de f\u00e1brica com monitor G5e CommandCenter\u2122 e modem JDLink\u2122 M. Na Expointer, est\u00e1 acoplado ao pulverizador de arrasto PV108, da linha de implementos GreenSystem\u2122;<\/li>\n<li><img loading=\"lazy\" decoding=\"async\" class=\"alignnone wp-image-9868\" src=\"https:\/\/portalmaisagro.com\/wp-content\/uploads\/2026\/08\/5120M-1024x570.png\" alt=\"\" width=\"547\" height=\"304\" srcset=\"https:\/\/portalmaisagro.com\/wp-content\/uploads\/2026\/08\/5120M-1024x570.png 1024w, https:\/\/portalmaisagro.com\/wp-content\/uploads\/2026\/08\/5120M-300x167.png 300w, https:\/\/portalmaisagro.com\/wp-content\/uploads\/2026\/08\/5120M-768x428.png 768w, https:\/\/portalmaisagro.com\/wp-content\/uploads\/2026\/08\/5120M-150x84.png 150w, https:\/\/portalmaisagro.com\/wp-content\/uploads\/2026\/08\/5120M.png 1332w\" sizes=\"auto, (max-width: 547px) 100vw, 547px\" \/><\/li>\n<li>\u00a07M 230 com plantadeira FT 2117: com 230 cv de pot\u00eancia nominal, 33% de reserva de torque e lastro m\u00e1ximo de 12.650 kg, o trator pode ser equipado com as transmiss\u00f5es AutoQuad\u2122 ou CommandQuad\u2122 (transmiss\u00e3o com troca de marchas suave e autom\u00e1tica). Na feira, est\u00e1 acoplado \u00e0 plantadeira John Deere FT 2117;<\/li>\n<li><img loading=\"lazy\" decoding=\"async\" class=\"alignnone wp-image-9869\" src=\"https:\/\/portalmaisagro.com\/wp-content\/uploads\/2026\/08\/7M-230-1024x683.jpg\" alt=\"\" width=\"552\" height=\"368\" srcset=\"https:\/\/portalmaisagro.com\/wp-content\/uploads\/2026\/08\/7M-230-1024x683.jpg 1024w, https:\/\/portalmaisagro.com\/wp-content\/uploads\/2026\/08\/7M-230-300x200.jpg 300w, https:\/\/portalmaisagro.com\/wp-content\/uploads\/2026\/08\/7M-230-768x512.jpg 768w, https:\/\/portalmaisagro.com\/wp-content\/uploads\/2026\/08\/7M-230-1536x1024.jpg 1536w, https:\/\/portalmaisagro.com\/wp-content\/uploads\/2026\/08\/7M-230-2048x1365.jpg 2048w, https:\/\/portalmaisagro.com\/wp-content\/uploads\/2026\/08\/7M-230-150x100.jpg 150w\" sizes=\"auto, (max-width: 552px) 100vw, 552px\" \/><\/li>\n<li>Trator 8R: modelo de alta pot\u00eancia exibido com pneus arrozeiros.<\/li>\n<li><img loading=\"lazy\" decoding=\"async\" class=\" wp-image-9870\" src=\"https:\/\/portalmaisagro.com\/wp-content\/uploads\/2026\/08\/LANGONA_JOHNDEERE_TRATOR_8R_001-1024x683.jpg\" alt=\"\" width=\"554\" height=\"369\" srcset=\"https:\/\/portalmaisagro.com\/wp-content\/uploads\/2026\/08\/LANGONA_JOHNDEERE_TRATOR_8R_001-1024x683.jpg 1024w, https:\/\/portalmaisagro.com\/wp-content\/uploads\/2026\/08\/LANGONA_JOHNDEERE_TRATOR_8R_001-300x200.jpg 300w, https:\/\/portalmaisagro.com\/wp-content\/uploads\/2026\/08\/LANGONA_JOHNDEERE_TRATOR_8R_001-768x512.jpg 768w, https:\/\/portalmaisagro.com\/wp-content\/uploads\/2026\/08\/LANGONA_JOHNDEERE_TRATOR_8R_001-1536x1024.jpg 1536w, https:\/\/portalmaisagro.com\/wp-content\/uploads\/2026\/08\/LANGONA_JOHNDEERE_TRATOR_8R_001-2048x1365.jpg 2048w, https:\/\/portalmaisagro.com\/wp-content\/uploads\/2026\/08\/LANGONA_JOHNDEERE_TRATOR_8R_001-150x100.jpg 150w\" sizes=\"auto, (max-width: 554px) 100vw, 554px\" \/><\/li>\n<\/ul>\n<p style=\"text-align: justify\">Na colheita, a companhia apresenta a S7 600, produzida tamb\u00e9m em Horizontina (RS). Com 333 cv de pot\u00eancia nominal, tanque graneleiro de 10.600 litros e recursos de automa\u00e7\u00e3o, o equipamento integra a nova gera\u00e7\u00e3o de colheitadeiras inteligentes da John Deere. O modelo \u00e9 exibido com uma plataforma arrozeira equipada com veda\u00e7\u00f5es laterais, que ajudam a reduzir o vazamento de gr\u00e3os e o ac\u00famulo de material.<\/p>\n<h3 style=\"text-align: justify\">Equipamentos para constru\u00e7\u00e3o e infraestrutura<\/h3>\n<p style=\"text-align: justify\">O principal lan\u00e7amento da divis\u00e3o de Constru\u00e7\u00e3o na feira \u00e9 a escavadeira hidr\u00e1ulica 210 P, integrante da nova gera\u00e7\u00e3o DEX. Fabricada em Indaiatuba (SP), a linha \u00e9 a primeira de escavadeiras projetada e desenvolvida pela engenharia da John Deere e foi validada em mais de 165 mil horas de testes realizados globalmente.<\/p>\n<p><img loading=\"lazy\" decoding=\"async\" class=\"alignnone wp-image-9871\" src=\"https:\/\/portalmaisagro.com\/wp-content\/uploads\/2026\/08\/EDITADAS__0036_3-1024x683.png\" alt=\"\" width=\"600\" height=\"400\" srcset=\"https:\/\/portalmaisagro.com\/wp-content\/uploads\/2026\/08\/EDITADAS__0036_3-1024x683.png 1024w, https:\/\/portalmaisagro.com\/wp-content\/uploads\/2026\/08\/EDITADAS__0036_3-300x200.png 300w, https:\/\/portalmaisagro.com\/wp-content\/uploads\/2026\/08\/EDITADAS__0036_3-768x512.png 768w, https:\/\/portalmaisagro.com\/wp-content\/uploads\/2026\/08\/EDITADAS__0036_3-1536x1024.png 1536w, https:\/\/portalmaisagro.com\/wp-content\/uploads\/2026\/08\/EDITADAS__0036_3-2048x1365.png 2048w, https:\/\/portalmaisagro.com\/wp-content\/uploads\/2026\/08\/EDITADAS__0036_3-150x100.png 150w\" sizes=\"auto, (max-width: 600px) 100vw, 600px\" \/><\/p>\n<p style=\"text-align: justify\">Entre as caracter\u00edsticas da 210 P est\u00e3o:<\/p>\n<ul style=\"text-align: justify\">\n<li>Pot\u00eancia \u00fatil 125 kW (168 hp) a 2.000 RPM. Peso operacional de 23.300 kg e profundidade m\u00e1xima de escava\u00e7\u00e3o: 6,76 m.<\/li>\n<li>Controle Inteligente de bra\u00e7o e lan\u00e7a, que estabiliza os movimentos do equipamento durante a opera\u00e7\u00e3o;<\/li>\n<li>Cercas Virtuais, que permitem delimitar digitalmente o per\u00edmetro de trabalho e ajudam a evitar interfer\u00eancias com estruturas, pessoas ou outros equipamentos;<\/li>\n<li>Op\u00e7\u00e3o do sistema SmartWeigh\u2122, balan\u00e7a inteligente integrada \u00e0 ca\u00e7amba que realiza a pesagem do material em tempo real;<\/li>\n<li>Conectividade com o John Deere Operations Center\u2122, que possibilita monitoramento remoto, diagn\u00f3stico a dist\u00e2ncia e suporte t\u00e9cnico digital.<\/li>\n<\/ul>\n<p style=\"text-align: justify\">A divis\u00e3o tamb\u00e9m apresenta outros equipamentos voltados a diferentes etapas das obras:<\/p>\n<ul style=\"text-align: justify\">\n<li>Retroescavadeira 310 P: pot\u00eancia m\u00e1xima de 91 hp, profundidade m\u00e1xima de escava\u00e7\u00e3o de 4,27 m e peso operacional de 7.357 kg. Conta com transmiss\u00e3o PowerShift\u2122 (com troca de marchas suave e autom\u00e1tica), op\u00e7\u00e3o de controles por joysticks e conectividade;<\/li>\n<li><img loading=\"lazy\" decoding=\"async\" class=\"alignnone wp-image-9872\" src=\"https:\/\/portalmaisagro.com\/wp-content\/uploads\/2026\/08\/LEO6012-1024x683.jpg\" alt=\"\" width=\"570\" height=\"380\" srcset=\"https:\/\/portalmaisagro.com\/wp-content\/uploads\/2026\/08\/LEO6012-1024x683.jpg 1024w, https:\/\/portalmaisagro.com\/wp-content\/uploads\/2026\/08\/LEO6012-300x200.jpg 300w, https:\/\/portalmaisagro.com\/wp-content\/uploads\/2026\/08\/LEO6012-768x512.jpg 768w, https:\/\/portalmaisagro.com\/wp-content\/uploads\/2026\/08\/LEO6012-1536x1024.jpg 1536w, https:\/\/portalmaisagro.com\/wp-content\/uploads\/2026\/08\/LEO6012-2048x1365.jpg 2048w, https:\/\/portalmaisagro.com\/wp-content\/uploads\/2026\/08\/LEO6012-150x100.jpg 150w\" sizes=\"auto, (max-width: 570px) 100vw, 570px\" \/><\/li>\n<li>\u00a0Motoniveladora 620 P: pot\u00eancia \u00fatil de 150 hp a 200 hp, torque m\u00e1ximo de 915 Nm e tra\u00e7\u00e3o de l\u00e2mina de 14.091 kg. Oferece controles por joysticks ou minialavancas e recursos que automatizam movimentos repetitivos;<\/li>\n<li>P\u00e1-carregadeira 544 P: indicada para aplica\u00e7\u00f5es na constru\u00e7\u00e3o e na minera\u00e7\u00e3o, podendo tamb\u00e9m ser utilizada na agricultura, tem pot\u00eancia l\u00edquida de 163 hp. O modelo conta com assento ergon\u00f4mico, coluna de dire\u00e7\u00e3o ajust\u00e1vel, ca\u00e7ambas projetadas para melhorar a reten\u00e7\u00e3o de materiais e luzes de LED. A balan\u00e7a opcional de f\u00e1brica monitora a carga em tempo real e registra os dados no John Deere Operations Center\u2122, enquanto o sistema de refrigera\u00e7\u00e3o isolado e de f\u00e1cil limpeza QuadCool\u2122 melhora o desempenho t\u00e9rmico e facilita a manuten\u00e7\u00e3o dos radiadores.<\/li>\n<li><img loading=\"lazy\" decoding=\"async\" class=\"alignnone wp-image-9873\" src=\"https:\/\/portalmaisagro.com\/wp-content\/uploads\/2026\/08\/240617-JOHN-DEERE-544P-066-1024x683.jpg\" alt=\"\" width=\"577\" height=\"385\" srcset=\"https:\/\/portalmaisagro.com\/wp-content\/uploads\/2026\/08\/240617-JOHN-DEERE-544P-066-1024x683.jpg 1024w, https:\/\/portalmaisagro.com\/wp-content\/uploads\/2026\/08\/240617-JOHN-DEERE-544P-066-300x200.jpg 300w, https:\/\/portalmaisagro.com\/wp-content\/uploads\/2026\/08\/240617-JOHN-DEERE-544P-066-768x512.jpg 768w, https:\/\/portalmaisagro.com\/wp-content\/uploads\/2026\/08\/240617-JOHN-DEERE-544P-066-1536x1024.jpg 1536w, https:\/\/portalmaisagro.com\/wp-content\/uploads\/2026\/08\/240617-JOHN-DEERE-544P-066-2048x1366.jpg 2048w, https:\/\/portalmaisagro.com\/wp-content\/uploads\/2026\/08\/240617-JOHN-DEERE-544P-066-150x100.jpg 150w\" sizes=\"auto, (max-width: 577px) 100vw, 577px\" \/><\/li>\n<li>Rolo compactador HC 110 G, da Hamm: motor John Deere de 135,4 hp, peso operacional de 11.595 kg, cilindro com 2,14 m de largura e capacidade de escalada de 58%.<\/li>\n<\/ul>\n<h3 style=\"text-align: justify\">Suporte ao longo do ciclo de vida<\/h3>\n<p style=\"text-align: justify\">Al\u00e9m das m\u00e1quinas e das tecnologias de conectividade, os visitantes conhecem solu\u00e7\u00f5es de p\u00f3s-venda desenvolvidas para acompanhar os equipamentos em todas as etapas de uso. No segmento de Constru\u00e7\u00e3o, o destaque \u00e9 o John Deere Protect\u2122, que re\u00fane op\u00e7\u00f5es de garantia estendida, manuten\u00e7\u00e3o preventiva, pe\u00e7as originais, inspe\u00e7\u00f5es especializadas e suporte conectado. Conforme o pacote contratado, o plano contribui para aumentar a disponibilidade da frota e dar maior previsibilidade aos custos de manuten\u00e7\u00e3o.<\/p>\n<p style=\"text-align: justify\">Na \u00e1rea agr\u00edcola, a John Deere apresenta os pacotes de atualiza\u00e7\u00e3o Precision Upgrades, que incorporam novas tecnologias e funcionalidades a modelos j\u00e1 em opera\u00e7\u00e3o, favorecendo a conectividade, a efici\u00eancia e a produtividade no campo. Com op\u00e7\u00f5es adaptadas a diferentes perfis e necessidades, esses recursos mant\u00eam o maquin\u00e1rio atualizado e alinhado \u00e0s inova\u00e7\u00f5es mais recentes da marca. Os totens re\u00fanem op\u00e7\u00f5es destinadas a diferentes etapas da opera\u00e7\u00e3o:<\/p>\n<ul style=\"text-align: justify\">\n<li>\n<blockquote><p>Para o plantio, o RowCommand\u2122 \u00e9 um mecanismo de desligamento de linha que reduz em 7% a sobreposi\u00e7\u00e3o de sementes, gera economia de insumos e diminui a competi\u00e7\u00e3o entre plantas.<\/p><\/blockquote>\n<\/li>\n<li>\n<blockquote><p>Na colheita, o Combine Advisor\u2122 re\u00fane tecnologias projetadas para maximizar os lucros da opera\u00e7\u00e3o, gerando e mantendo a meta de desempenho diante das mudan\u00e7as nas condi\u00e7\u00f5es do trabalho.<\/p><\/blockquote>\n<\/li>\n<li>\n<blockquote><p>Na pulveriza\u00e7\u00e3o, o Sistema IncPro\u2122 permite o controle individual de bicos dos pulverizadores M4030 e M4040 fabricados a partir do ano-modelo 2019. Al\u00e9m de minimizar o desperd\u00edcio de produtos qu\u00edmicos e as sobreposi\u00e7\u00f5es, proporciona economia de at\u00e9 5% no consumo extra de defensivos e recupera at\u00e9 80% do produto restante no circuito, aumentando a disponibilidade e reduzindo o tempo de parada para limpeza.<\/p><\/blockquote>\n<\/li>\n<\/ul>\n<h3 style=\"text-align: justify\">Expointer recebe parte da experi\u00eancia do MEA<\/h3>\n<p style=\"text-align: justify\">Parte da experi\u00eancia do MEA \u2013 Memorial da Evolu\u00e7\u00e3o Agr\u00edcola, localizado em Horizontina (RS), tamb\u00e9m pode ser vista na Casa John Deere durante a Expointer. O MEA Itinerante leva \u00e0 feira objetos, imagens e elementos interativos que ajudam a contar as transforma\u00e7\u00f5es da agricultura brasileira, como miniaturas de arados, um bolicho com baleiro repleto de gr\u00e3os, um mapa do Brasil com seus biomas e fauna representada em \u00edm\u00e3s, al\u00e9m de obras de arte Guarani Mbya da comunidade Tekoa Pyau, de Buriti, em Santo \u00c2ngelo (RS). Al\u00e9m da exposi\u00e7\u00e3o, o p\u00fablico participa gratuitamente de diversas atividades educativas e culturais, todas com classifica\u00e7\u00e3o livre. Confira a programa\u00e7\u00e3o:<\/p>\n<ul style=\"text-align: justify\">\n<li>1\u00ba de setembro: tr\u00eas interven\u00e7\u00f5es teatrais com Joca e L.U.M.I. ao longo do dia;<\/li>\n<li>3 de setembro, das 13h30 \u00e0s 19h: atividade de croch\u00ea e tric\u00f4 do M\u00e3os e Fios, em parceria com Fios Pingouin e HE Confec\u00e7\u00f5es, com participa\u00e7\u00e3o de volunt\u00e1rias do Instituto Lenon pela Paz;<\/li>\n<li>4 e 5 de setembro, das 9h \u00e0s 19h: experi\u00eancia sobre o Sistema de Plantio Direto, do Programa Roda com Ci\u00eancia, em parceria com a Faculdade de Tr\u00eas de Maio (SETREM), com atividades pr\u00e1ticas conduzidas por professores e estudantes.<\/li>\n<\/ul>\n<p style=\"text-align: justify\">Inaugurado em dezembro de 2023, o MEA apresenta a trajet\u00f3ria da agricultura brasileira, da ancestralidade aos avan\u00e7os que modernizaram o campo, por meio de recursos tecnol\u00f3gicos e imersivos.<\/p>\n<h3 style=\"text-align: justify\">Banco John Deere<\/h3>\n<p style=\"text-align: justify\">Durante a Expointer 2026, os visitantes t\u00eam acesso a condi\u00e7\u00f5es exclusivas do Banco John Deere para financiar m\u00e1quinas, equipamentos, pe\u00e7as e servi\u00e7os dos segmentos agr\u00edcola e de constru\u00e7\u00e3o.<\/p>\n<blockquote>\n<p style=\"text-align: justify\">Para aquisi\u00e7\u00e3o de m\u00e1quinas agr\u00edcolas da John Deere, est\u00e3o dispon\u00edveis diferentes linhas de cr\u00e9dito. Pelo Pronaf, a taxa ser\u00e1 de 2,47% ao ano para tratores das s\u00e9ries 5E e EN, com primeiro pagamento em maio de 2027 e prazo de at\u00e9 sete anos. O Moderfrota tem taxa de 12,5% ao ano, car\u00eancia de at\u00e9 14 meses, prazo de at\u00e9 sete anos e entrada m\u00ednima de 15%. J\u00e1 o Moderfrota Pronamp oferece taxa de 11,5% ao ano, car\u00eancia de at\u00e9 12 meses e prazo de at\u00e9 sete anos.<\/p>\n<\/blockquote>\n<p style=\"text-align: justify\">Outra op\u00e7\u00e3o \u00e9 a TFBD (Taxa Fixa do BNDES em D\u00f3lar), com taxas a partir de 6,99% ao ano, primeiro pagamento em maio de 2027 e prazo de at\u00e9 sete anos. Para solu\u00e7\u00f5es de Agricultura de Precis\u00e3o (AMS), h\u00e1 taxas a partir de 0% e financiamento em at\u00e9 60 meses.<\/p>\n<p style=\"text-align: justify\">Os clientes dos segmentos de constru\u00e7\u00e3o e pavimenta\u00e7\u00e3o podem financiar equipamentos John Deere pelo BNDES Mais Inova\u00e7\u00e3o, com taxas a partir de 0,98% ao m\u00eas e prazo de at\u00e9 60 meses.<\/p>\n<h3 style=\"text-align: justify\">Pe\u00e7as e servi\u00e7os<\/h3>\n<p style=\"text-align: justify\">Para a divis\u00e3o agr\u00edcola, o Banco John Deere oferece taxa de 0,39% ao m\u00eas, financiamento em at\u00e9 12 meses e primeiro pagamento em outubro de 2027. Na constru\u00e7\u00e3o, pe\u00e7as e servi\u00e7os tamb\u00e9m podem ser financiados em at\u00e9 12 meses, com taxa de 0,39% ao m\u00eas.<\/p>\n<h3 style=\"text-align: justify\">Sobre a John Deere<\/h3>\n<p style=\"text-align: justify\">N\u00e3o importa se voc\u00ea nunca dirigiu um trator, cortou a grama ou operou uma escavadeira. Com o papel de ajudar a produzir alimentos, fibras, energia e infraestrutura, a John Deere trabalha para cada pessoa no planeta. Tudo come\u00e7ou h\u00e1 quase 200 anos, com um arado de a\u00e7o autolimpante. Hoje, a John Deere impulsiona a inova\u00e7\u00e3o nos setores de agricultura, constru\u00e7\u00e3o, florestal, jardinagem, sistemas de energia e muito mais.<\/p>\n<p>Texto: Ascom John Deere<\/p>\n<p>Foto: Divulga\u00e7\u00e3o<\/p>\n<p><img loading=\"lazy\" decoding=\"async\" class=\"alignnone wp-image-9754\" src=\"https:\/\/portalmaisagro.com\/wp-content\/uploads\/2026\/08\/WhatsApp-Image-2026-08-11-at-10.28.27-1-2.jpeg\" alt=\"\" width=\"244\" height=\"320\" srcset=\"https:\/\/portalmaisagro.com\/wp-content\/uploads\/2026\/08\/WhatsApp-Image-2026-08-11-at-10.28.27-1-2.jpeg 298w, https:\/\/portalmaisagro.com\/wp-content\/uploads\/2026\/08\/WhatsApp-Image-2026-08-11-at-10.28.27-1-2-229x300.jpeg 229w, https:\/\/portalmaisagro.com\/wp-content\/uploads\/2026\/08\/WhatsApp-Image-2026-08-11-at-10.28.27-1-2-150x197.jpeg 150w\" sizes=\"auto, (max-width: 244px) 100vw, 244px\" \/><\/p>\n<p><a href=\"https:\/\/digital.agriculturafamiliar.agr.br\/pub\/agriculturafamiliar\/#page\/147\"><strong><em>Conte\u00fado exclusivo de empresas participantes do Anu\u00e1rio Brasileiro do Agroneg\u00f3cio e Agricultura Familiar \u2013 LEIA O ANU\u00c1RIO GRATUITAMENTE<\/em><\/strong><\/a><\/p>\n","protected":false},"excerpt":{"rendered":"<p>Vers\u00e3o do JDLink\u2122 Boost mais compacta come\u00e7a a ser comercializada no Brasil A Casa John Deere tem espa\u00e7o dedicado \u00e0 pecu\u00e1ria leiteira e ao hortifr\u00fati, al\u00e9m de m\u00e1quinas para constru\u00e7\u00e3o e infraestrutura Estande tamb\u00e9m contar\u00e1 com o MEA-Memorial da Evolu\u00e7\u00e3o Agr\u00edcola itinerante A Casa John Deere chega \u00e0 49\u00aa Expointer&hellip;<\/p>\n","protected":false},"author":10,"featured_media":9860,"comment_status":"closed","ping_status":"closed","sticky":false,"template":"","format":"standard","meta":{"footnotes":"","jetpack_publicize_message":"","jetpack_publicize_feature_enabled":true,"jetpack_social_post_already_shared":true,"jetpack_social_options":{"image_generator_settings":{"template":"highway","default_image_id":0,"font":"","enabled":false},"version":2},"_members_access_role":[],"_members_access_error":""},"categories":[131,230,161],"tags":[],"class_list":["post-9859","post","type-post","status-publish","format-standard","has-post-thumbnail","hentry","category-destaques","category-feiras-2","category-john-deere"],"yoast_head":"<!-- This site is optimized with the Yoast SEO plugin v28.1 - https:\/\/yoast.com\/product\/yoast-seo-wordpress\/ -->\n<title>Casa John Deere chega \u00e0 Expointer 2026 com tecnologias e solu\u00e7\u00f5es para os produtores ga\u00fachos - MaisAgro<\/title>\n<meta name=\"robots\" content=\"index, follow, max-snippet:-1, max-image-preview:large, max-video-preview:-1\" \/>\n<link rel=\"canonical\" href=\"https:\/\/portalmaisagro.com\/?p=9859\" \/>\n<meta property=\"og:locale\" content=\"pt_BR\" \/>\n<meta property=\"og:type\" content=\"article\" \/>\n<meta property=\"og:title\" content=\"Casa John Deere chega \u00e0 Expointer 2026 com tecnologias e solu\u00e7\u00f5es para os produtores ga\u00fachos - MaisAgro\" \/>\n<meta property=\"og:description\" content=\"Vers\u00e3o do JDLink\u2122 Boost mais compacta come\u00e7a a ser comercializada no Brasil A Casa John Deere tem espa\u00e7o dedicado \u00e0 pecu\u00e1ria leiteira e ao hortifr\u00fati, al\u00e9m de m\u00e1quinas para constru\u00e7\u00e3o e infraestrutura Estande tamb\u00e9m contar\u00e1 com o MEA-Memorial da Evolu\u00e7\u00e3o Agr\u00edcola itinerante A Casa John Deere chega \u00e0 49\u00aa Expointer&hellip;\" \/>\n<meta property=\"og:url\" content=\"https:\/\/portalmaisagro.com\/?p=9859\" \/>\n<meta property=\"og:site_name\" content=\"MaisAgro\" \/>\n<meta property=\"article:publisher\" content=\"https:\/\/www.facebook.com\/maisagroportal\" \/>\n<meta property=\"article:published_time\" content=\"2026-08-31T12:41:15+00:00\" \/>\n<meta property=\"article:modified_time\" content=\"2026-08-31T13:08:52+00:00\" \/>\n<meta property=\"og:image\" content=\"https:\/\/portalmaisagro.com\/wp-content\/uploads\/2026\/08\/WhatsApp-Image-2026-08-31-at-08.41.50-1.jpeg\" \/>\n\t<meta property=\"og:image:width\" content=\"1280\" \/>\n\t<meta property=\"og:image:height\" content=\"960\" \/>\n\t<meta property=\"og:image:type\" content=\"image\/jpeg\" \/>\n<meta name=\"author\" content=\"Taiane do Carmo\" \/>\n<meta name=\"twitter:card\" content=\"summary_large_image\" \/>\n<meta name=\"twitter:label1\" content=\"Escrito por\" \/>\n\t<meta name=\"twitter:data1\" content=\"Taiane do Carmo\" \/>\n\t<meta name=\"twitter:label2\" content=\"Est. tempo de leitura\" \/>\n\t<meta name=\"twitter:data2\" content=\"12 minutos\" \/>\n<script type=\"application\/ld+json\" class=\"yoast-schema-graph\">{\"@context\":\"https:\\\/\\\/schema.org\",\"@graph\":[{\"@type\":\"Article\",\"@id\":\"https:\\\/\\\/portalmaisagro.com\\\/?p=9859#article\",\"isPartOf\":{\"@id\":\"https:\\\/\\\/portalmaisagro.com\\\/?p=9859\"},\"author\":{\"name\":\"Taiane do Carmo\",\"@id\":\"https:\\\/\\\/portalmaisagro.com\\\/#\\\/schema\\\/person\\\/ade0f16b5a3434e1ec47b1fbdb9b9318\"},\"headline\":\"Casa John Deere chega \u00e0 Expointer 2026 com tecnologias e solu\u00e7\u00f5es para os produtores ga\u00fachos\",\"datePublished\":\"2026-08-31T12:41:15+00:00\",\"dateModified\":\"2026-08-31T13:08:52+00:00\",\"mainEntityOfPage\":{\"@id\":\"https:\\\/\\\/portalmaisagro.com\\\/?p=9859\"},\"wordCount\":2286,\"publisher\":{\"@id\":\"https:\\\/\\\/portalmaisagro.com\\\/#organization\"},\"image\":{\"@id\":\"https:\\\/\\\/portalmaisagro.com\\\/?p=9859#primaryimage\"},\"thumbnailUrl\":\"https:\\\/\\\/portalmaisagro.com\\\/wp-content\\\/uploads\\\/2026\\\/08\\\/WhatsApp-Image-2026-08-31-at-08.41.50-1.jpeg\",\"articleSection\":[\"DESTAQUES\",\"FEIRAS\",\"JOHN DEERE\"],\"inLanguage\":\"pt-BR\"},{\"@type\":\"WebPage\",\"@id\":\"https:\\\/\\\/portalmaisagro.com\\\/?p=9859\",\"url\":\"https:\\\/\\\/portalmaisagro.com\\\/?p=9859\",\"name\":\"Casa John Deere chega \u00e0 Expointer 2026 com tecnologias e solu\u00e7\u00f5es para os produtores ga\u00fachos - MaisAgro\",\"isPartOf\":{\"@id\":\"https:\\\/\\\/portalmaisagro.com\\\/#website\"},\"primaryImageOfPage\":{\"@id\":\"https:\\\/\\\/portalmaisagro.com\\\/?p=9859#primaryimage\"},\"image\":{\"@id\":\"https:\\\/\\\/portalmaisagro.com\\\/?p=9859#primaryimage\"},\"thumbnailUrl\":\"https:\\\/\\\/portalmaisagro.com\\\/wp-content\\\/uploads\\\/2026\\\/08\\\/WhatsApp-Image-2026-08-31-at-08.41.50-1.jpeg\",\"datePublished\":\"2026-08-31T12:41:15+00:00\",\"dateModified\":\"2026-08-31T13:08:52+00:00\",\"breadcrumb\":{\"@id\":\"https:\\\/\\\/portalmaisagro.com\\\/?p=9859#breadcrumb\"},\"inLanguage\":\"pt-BR\",\"potentialAction\":[{\"@type\":\"ReadAction\",\"target\":[\"https:\\\/\\\/portalmaisagro.com\\\/?p=9859\"]}]},{\"@type\":\"ImageObject\",\"inLanguage\":\"pt-BR\",\"@id\":\"https:\\\/\\\/portalmaisagro.com\\\/?p=9859#primaryimage\",\"url\":\"https:\\\/\\\/portalmaisagro.com\\\/wp-content\\\/uploads\\\/2026\\\/08\\\/WhatsApp-Image-2026-08-31-at-08.41.50-1.jpeg\",\"contentUrl\":\"https:\\\/\\\/portalmaisagro.com\\\/wp-content\\\/uploads\\\/2026\\\/08\\\/WhatsApp-Image-2026-08-31-at-08.41.50-1.jpeg\",\"width\":1280,\"height\":960},{\"@type\":\"BreadcrumbList\",\"@id\":\"https:\\\/\\\/portalmaisagro.com\\\/?p=9859#breadcrumb\",\"itemListElement\":[{\"@type\":\"ListItem\",\"position\":1,\"name\":\"In\u00edcio\",\"item\":\"https:\\\/\\\/portalmaisagro.com\\\/\"},{\"@type\":\"ListItem\",\"position\":2,\"name\":\"Casa John Deere chega \u00e0 Expointer 2026 com tecnologias e solu\u00e7\u00f5es para os produtores ga\u00fachos\"}]},{\"@type\":\"WebSite\",\"@id\":\"https:\\\/\\\/portalmaisagro.com\\\/#website\",\"url\":\"https:\\\/\\\/portalmaisagro.com\\\/\",\"name\":\"MaisAgro\",\"description\":\"O portal do agroneg\u00f3cio\",\"publisher\":{\"@id\":\"https:\\\/\\\/portalmaisagro.com\\\/#organization\"},\"potentialAction\":[{\"@type\":\"SearchAction\",\"target\":{\"@type\":\"EntryPoint\",\"urlTemplate\":\"https:\\\/\\\/portalmaisagro.com\\\/?s={search_term_string}\"},\"query-input\":{\"@type\":\"PropertyValueSpecification\",\"valueRequired\":true,\"valueName\":\"search_term_string\"}}],\"inLanguage\":\"pt-BR\"},{\"@type\":\"Organization\",\"@id\":\"https:\\\/\\\/portalmaisagro.com\\\/#organization\",\"name\":\"MaisAgro\",\"url\":\"https:\\\/\\\/portalmaisagro.com\\\/\",\"logo\":{\"@type\":\"ImageObject\",\"inLanguage\":\"pt-BR\",\"@id\":\"https:\\\/\\\/portalmaisagro.com\\\/#\\\/schema\\\/logo\\\/image\\\/\",\"url\":\"https:\\\/\\\/portalmaisagro.com\\\/wp-content\\\/uploads\\\/2024\\\/11\\\/logo_oficial-e1749247575377.png\",\"contentUrl\":\"https:\\\/\\\/portalmaisagro.com\\\/wp-content\\\/uploads\\\/2024\\\/11\\\/logo_oficial-e1749247575377.png\",\"width\":513,\"height\":107,\"caption\":\"MaisAgro\"},\"image\":{\"@id\":\"https:\\\/\\\/portalmaisagro.com\\\/#\\\/schema\\\/logo\\\/image\\\/\"},\"sameAs\":[\"https:\\\/\\\/www.facebook.com\\\/maisagroportal\"]},{\"@type\":\"Person\",\"@id\":\"https:\\\/\\\/portalmaisagro.com\\\/#\\\/schema\\\/person\\\/ade0f16b5a3434e1ec47b1fbdb9b9318\",\"name\":\"Taiane do Carmo\",\"image\":{\"@type\":\"ImageObject\",\"inLanguage\":\"pt-BR\",\"@id\":\"https:\\\/\\\/portalmaisagro.com\\\/wp-content\\\/uploads\\\/2026\\\/04\\\/images.jpeg640e5d69297d7dd56cc39a10251ad7db\",\"url\":\"https:\\\/\\\/portalmaisagro.com\\\/wp-content\\\/uploads\\\/2026\\\/04\\\/images.jpeg\",\"contentUrl\":\"https:\\\/\\\/portalmaisagro.com\\\/wp-content\\\/uploads\\\/2026\\\/04\\\/images.jpeg\",\"caption\":\"Taiane do Carmo\"},\"url\":\"https:\\\/\\\/portalmaisagro.com\\\/?author=10\"}]}<\/script>\n<!-- \/ Yoast SEO plugin. -->","yoast_head_json":{"title":"Casa John Deere chega \u00e0 Expointer 2026 com tecnologias e solu\u00e7\u00f5es para os produtores ga\u00fachos - MaisAgro","robots":{"index":"index","follow":"follow","max-snippet":"max-snippet:-1","max-image-preview":"max-image-preview:large","max-video-preview":"max-video-preview:-1"},"canonical":"https:\/\/portalmaisagro.com\/?p=9859","og_locale":"pt_BR","og_type":"article","og_title":"Casa John Deere chega \u00e0 Expointer 2026 com tecnologias e solu\u00e7\u00f5es para os produtores ga\u00fachos - MaisAgro","og_description":"Vers\u00e3o do JDLink\u2122 Boost mais compacta come\u00e7a a ser comercializada no Brasil A Casa John Deere tem espa\u00e7o dedicado \u00e0 pecu\u00e1ria leiteira e ao hortifr\u00fati, al\u00e9m de m\u00e1quinas para constru\u00e7\u00e3o e infraestrutura Estande tamb\u00e9m contar\u00e1 com o MEA-Memorial da Evolu\u00e7\u00e3o Agr\u00edcola itinerante A Casa John Deere chega \u00e0 49\u00aa Expointer&hellip;","og_url":"https:\/\/portalmaisagro.com\/?p=9859","og_site_name":"MaisAgro","article_publisher":"https:\/\/www.facebook.com\/maisagroportal","article_published_time":"2026-08-31T12:41:15+00:00","article_modified_time":"2026-08-31T13:08:52+00:00","og_image":[{"width":1280,"height":960,"url":"https:\/\/portalmaisagro.com\/wp-content\/uploads\/2026\/08\/WhatsApp-Image-2026-08-31-at-08.41.50-1.jpeg","type":"image\/jpeg"}],"author":"Taiane do Carmo","twitter_card":"summary_large_image","twitter_misc":{"Escrito por":"Taiane do Carmo","Est. tempo de leitura":"12 minutos"},"schema":{"@context":"https:\/\/schema.org","@graph":[{"@type":"Article","@id":"https:\/\/portalmaisagro.com\/?p=9859#article","isPartOf":{"@id":"https:\/\/portalmaisagro.com\/?p=9859"},"author":{"name":"Taiane do Carmo","@id":"https:\/\/portalmaisagro.com\/#\/schema\/person\/ade0f16b5a3434e1ec47b1fbdb9b9318"},"headline":"Casa John Deere chega \u00e0 Expointer 2026 com tecnologias e solu\u00e7\u00f5es para os produtores ga\u00fachos","datePublished":"2026-08-31T12:41:15+00:00","dateModified":"2026-08-31T13:08:52+00:00","mainEntityOfPage":{"@id":"https:\/\/portalmaisagro.com\/?p=9859"},"wordCount":2286,"publisher":{"@id":"https:\/\/portalmaisagro.com\/#organization"},"image":{"@id":"https:\/\/portalmaisagro.com\/?p=9859#primaryimage"},"thumbnailUrl":"https:\/\/portalmaisagro.com\/wp-content\/uploads\/2026\/08\/WhatsApp-Image-2026-08-31-at-08.41.50-1.jpeg","articleSection":["DESTAQUES","FEIRAS","JOHN DEERE"],"inLanguage":"pt-BR"},{"@type":"WebPage","@id":"https:\/\/portalmaisagro.com\/?p=9859","url":"https:\/\/portalmaisagro.com\/?p=9859","name":"Casa John Deere chega \u00e0 Expointer 2026 com tecnologias e solu\u00e7\u00f5es para os produtores ga\u00fachos - MaisAgro","isPartOf":{"@id":"https:\/\/portalmaisagro.com\/#website"},"primaryImageOfPage":{"@id":"https:\/\/portalmaisagro.com\/?p=9859#primaryimage"},"image":{"@id":"https:\/\/portalmaisagro.com\/?p=9859#primaryimage"},"thumbnailUrl":"https:\/\/portalmaisagro.com\/wp-content\/uploads\/2026\/08\/WhatsApp-Image-2026-08-31-at-08.41.50-1.jpeg","datePublished":"2026-08-31T12:41:15+00:00","dateModified":"2026-08-31T13:08:52+00:00","breadcrumb":{"@id":"https:\/\/portalmaisagro.com\/?p=9859#breadcrumb"},"inLanguage":"pt-BR","potentialAction":[{"@type":"ReadAction","target":["https:\/\/portalmaisagro.com\/?p=9859"]}]},{"@type":"ImageObject","inLanguage":"pt-BR","@id":"https:\/\/portalmaisagro.com\/?p=9859#primaryimage","url":"https:\/\/portalmaisagro.com\/wp-content\/uploads\/2026\/08\/WhatsApp-Image-2026-08-31-at-08.41.50-1.jpeg","contentUrl":"https:\/\/portalmaisagro.com\/wp-content\/uploads\/2026\/08\/WhatsApp-Image-2026-08-31-at-08.41.50-1.jpeg","width":1280,"height":960},{"@type":"BreadcrumbList","@id":"https:\/\/portalmaisagro.com\/?p=9859#breadcrumb","itemListElement":[{"@type":"ListItem","position":1,"name":"In\u00edcio","item":"https:\/\/portalmaisagro.com\/"},{"@type":"ListItem","position":2,"name":"Casa John Deere chega \u00e0 Expointer 2026 com tecnologias e solu\u00e7\u00f5es para os produtores ga\u00fachos"}]},{"@type":"WebSite","@id":"https:\/\/portalmaisagro.com\/#website","url":"https:\/\/portalmaisagro.com\/","name":"MaisAgro","description":"O portal do agroneg\u00f3cio","publisher":{"@id":"https:\/\/portalmaisagro.com\/#organization"},"potentialAction":[{"@type":"SearchAction","target":{"@type":"EntryPoint","urlTemplate":"https:\/\/portalmaisagro.com\/?s={search_term_string}"},"query-input":{"@type":"PropertyValueSpecification","valueRequired":true,"valueName":"search_term_string"}}],"inLanguage":"pt-BR"},{"@type":"Organization","@id":"https:\/\/portalmaisagro.com\/#organization","name":"MaisAgro","url":"https:\/\/portalmaisagro.com\/","logo":{"@type":"ImageObject","inLanguage":"pt-BR","@id":"https:\/\/portalmaisagro.com\/#\/schema\/logo\/image\/","url":"https:\/\/portalmaisagro.com\/wp-content\/uploads\/2024\/11\/logo_oficial-e1749247575377.png","contentUrl":"https:\/\/portalmaisagro.com\/wp-content\/uploads\/2024\/11\/logo_oficial-e1749247575377.png","width":513,"height":107,"caption":"MaisAgro"},"image":{"@id":"https:\/\/portalmaisagro.com\/#\/schema\/logo\/image\/"},"sameAs":["https:\/\/www.facebook.com\/maisagroportal"]},{"@type":"Person","@id":"https:\/\/portalmaisagro.com\/#\/schema\/person\/ade0f16b5a3434e1ec47b1fbdb9b9318","name":"Taiane do Carmo","image":{"@type":"ImageObject","inLanguage":"pt-BR","@id":"https:\/\/portalmaisagro.com\/wp-content\/uploads\/2026\/04\/images.jpeg640e5d69297d7dd56cc39a10251ad7db","url":"https:\/\/portalmaisagro.com\/wp-content\/uploads\/2026\/04\/images.jpeg","contentUrl":"https:\/\/portalmaisagro.com\/wp-content\/uploads\/2026\/04\/images.jpeg","caption":"Taiane do Carmo"},"url":"https:\/\/portalmaisagro.com\/?author=10"}]}},"jetpack_publicize_connections":[],"authors":[],"_links":{"self":[{"href":"https:\/\/portalmaisagro.com\/index.php?rest_route=\/wp\/v2\/posts\/9859","targetHints":{"allow":["GET"]}}],"collection":[{"href":"https:\/\/portalmaisagro.com\/index.php?rest_route=\/wp\/v2\/posts"}],"about":[{"href":"https:\/\/portalmaisagro.com\/index.php?rest_route=\/wp\/v2\/types\/post"}],"author":[{"embeddable":true,"href":"https:\/\/portalmaisagro.com\/index.php?rest_route=\/wp\/v2\/users\/10"}],"replies":[{"embeddable":true,"href":"https:\/\/portalmaisagro.com\/index.php?rest_route=%2Fwp%2Fv2%2Fcomments&post=9859"}],"version-history":[{"count":4,"href":"https:\/\/portalmaisagro.com\/index.php?rest_route=\/wp\/v2\/posts\/9859\/revisions"}],"predecessor-version":[{"id":9875,"href":"https:\/\/portalmaisagro.com\/index.php?rest_route=\/wp\/v2\/posts\/9859\/revisions\/9875"}],"wp:featuredmedia":[{"embeddable":true,"href":"https:\/\/portalmaisagro.com\/index.php?rest_route=\/wp\/v2\/media\/9860"}],"wp:attachment":[{"href":"https:\/\/portalmaisagro.com\/index.php?rest_route=%2Fwp%2Fv2%2Fmedia&parent=9859"}],"wp:term":[{"taxonomy":"category","embeddable":true,"href":"https:\/\/portalmaisagro.com\/index.php?rest_route=%2Fwp%2Fv2%2Fcategories&post=9859"},{"taxonomy":"post_tag","embeddable":true,"href":"https:\/\/portalmaisagro.com\/index.php?rest_route=%2Fwp%2Fv2%2Ftags&post=9859"}],"curies":[{"name":"wp","href":"https:\/\/api.w.org\/{rel}","templated":true}]}}