{"id":9855,"date":"2026-08-31T10:18:17","date_gmt":"2026-08-31T13:18:17","guid":{"rendered":"https:\/\/portalmaisagro.com\/?p=9855"},"modified":"2026-08-31T10:18:17","modified_gmt":"2026-08-31T13:18:17","slug":"tradicao-e-inovacao-caminham-juntas-no-pavilhao-da-agricultura-familiar","status":"publish","type":"post","link":"https:\/\/portalmaisagro.com\/?p=9855","title":{"rendered":"Tradi\u00e7\u00e3o e inova\u00e7\u00e3o caminham juntas no Pavilh\u00e3o da Agricultura Familiar"},"content":{"rendered":"<p style=\"text-align: justify\"><em>Produtos mostram como agricultores criam novas experi\u00eancias a partir de receitas e ingredientes que atravessam gera\u00e7\u00f5es<\/em><\/p>\n<p style=\"text-align: justify\">No 28\u00ba Pavilh\u00e3o da Agricultura Familiar da Expointer, diferentes\u00a0empreendimentos\u00a0\u00a0apostam na inova\u00e7\u00e3o,\u00a0apresentando\u00a0produtos que incorporam novos ingredientes, combina\u00e7\u00f5es, processos e formas de produ\u00e7\u00e3o, sem necessariamente romper com a hist\u00f3ria que deu origem a cada agroind\u00fastria.<\/p>\n<p style=\"text-align: justify\">Entre os 509 empreendimentos participantes do\u00a0pavilh\u00e3o, 37 est\u00e3o relacionados no levantamento da Secretaria de Desenvolvimento Rural (SDR) com produtos que apresentam algum diferencial, inova\u00e7\u00e3o ou lan\u00e7amento. A rela\u00e7\u00e3o re\u00fane desde novos produtos at\u00e9 adapta\u00e7\u00f5es de receitas tradicionais, mostrando que inovar, na\u00a0agricultura\u00a0familiar, muitas vezes significa partir de algo que j\u00e1 existe e dar a ele uma nova possibilidade.<\/p>\n<p style=\"text-align: justify\">H\u00e1, por exemplo, produtos que combinam ingredientes tradicionais com novas formula\u00e7\u00f5es, como queijos autorais, doces, geleias, bebidas, panificados e derivados de produtos da propriedade. Tamb\u00e9m aparecem propostas que incorporam plantas aliment\u00edcias n\u00e3o convencionais (PANCs), novos processos de matura\u00e7\u00e3o e defuma\u00e7\u00e3o e alternativas voltadas a diferentes p\u00fablicos e formas de consumo.<\/p>\n<p style=\"text-align: justify\">Tamb\u00e9m h\u00e1\u00a0produtos que apostam na demanda por produtos mais saud\u00e1veis, com menos gordura, baixo teor de s\u00f3dio e\/ou a\u00e7\u00facar, sem gl\u00faten, zero lactose ou com propostas que buscam agradar diferentes paladares ou necessidades diet\u00e9ticas.<\/p>\n<p style=\"text-align: justify\">Para o secret\u00e1rio de Desenvolvimento Rural, Gustavo Paim, o desafio est\u00e1 em incentivar\u00a0a capacidade de inova\u00e7\u00e3o dos agricultores familiares sem afast\u00e1-los da identidade de seus empreendimentos. \u201cO desafio \u00e9 estimular a inova\u00e7\u00e3o para que os agricultores familiares possam construir novas experi\u00eancias sem esquecer a sua origem. Muitas vezes, a inova\u00e7\u00e3o n\u00e3o est\u00e1 em abandonar uma receita tradicional, mas em encontrar uma nova maneira de apresent\u00e1-la, combinar ingredientes ou desenvolver um novo produto a partir de um conhecimento que j\u00e1 existe.\u201d<\/p>\n<p style=\"font-weight: 400;text-align: justify\">Empreendimentos re\u00fanem desde novos produtos at\u00e9 adapta\u00e7\u00f5es de receitas tradicionais &#8211;\u00a0Foto: Ascom SDREssa rela\u00e7\u00e3o tamb\u00e9m aparece na compreens\u00e3o do que \u00e9 um lan\u00e7amento. A SDR busca diferenciar produtos efetivamente novos de varia\u00e7\u00f5es ou novos sabores desenvolvidos pelas agroind\u00fastrias. Em muitos casos, um novo produto nasce justamente da adapta\u00e7\u00e3o de uma receita existente, incorporando ingredientes dispon\u00edveis na propriedade ou conhecimentos transmitidos entre gera\u00e7\u00f5es.<\/p>\n<blockquote>\n<p style=\"text-align: justify\"><b><strong>Tradi\u00e7\u00e3o que vem antes da inova\u00e7\u00e3o\u00a0<\/strong><\/b><\/p>\n<p style=\"text-align: justify\">Alguns empreendimentos presentes no\u00a0pavilh\u00e3o carregam uma trajet\u00f3ria que remonta \u00e0 primeira edi\u00e7\u00e3o do espa\u00e7o, em 1999. Ao longo dos anos, mantiveram produtos que fazem parte do cotidiano das fam\u00edlias ga\u00fachas, enquanto tamb\u00e9m desenvolveram novas alternativas.<\/p>\n<p style=\"text-align: justify\">Entre esses produtores est\u00e1 Alexander de Liz, da Agroind\u00fastria Ch\u00e1cara dos Padres, do munic\u00edpio de Bom Jesus, que aposta na receita centen\u00e1ria do\u00a0queijo\u00a0serrano, com a matura\u00e7\u00e3o em flores comest\u00edveis como rosas, lavanda e alecrim.<\/p>\n<p style=\"text-align: justify\">O produtor explicou\u00a0que a busca por essas inova\u00e7\u00f5es\u00a0tamb\u00e9m se d\u00e1 nos aspectos da queijaria e na melhora dos processos de produ\u00e7\u00e3o. \u201cIsso fortalece a qualidade do queijo ga\u00facho e as pequenas agroind\u00fastrias que levam o nosso queijo\u00a0serrano.&#8221;<\/p>\n<\/blockquote>\n<p><img loading=\"lazy\" decoding=\"async\" class=\"alignnone size-full wp-image-9857\" src=\"https:\/\/portalmaisagro.com\/wp-content\/uploads\/2026\/08\/30171639_89636_GDO.jpeg\" alt=\"\" width=\"800\" height=\"533\" srcset=\"https:\/\/portalmaisagro.com\/wp-content\/uploads\/2026\/08\/30171639_89636_GDO.jpeg 800w, https:\/\/portalmaisagro.com\/wp-content\/uploads\/2026\/08\/30171639_89636_GDO-300x200.jpeg 300w, https:\/\/portalmaisagro.com\/wp-content\/uploads\/2026\/08\/30171639_89636_GDO-768x512.jpeg 768w, https:\/\/portalmaisagro.com\/wp-content\/uploads\/2026\/08\/30171639_89636_GDO-150x100.jpeg 150w\" sizes=\"auto, (max-width: 800px) 100vw, 800px\" \/><\/p>\n<p style=\"text-align: justify\"><b><strong>A verdadeira\u00a0inova\u00e7\u00e3o \u00e9 a tradi\u00e7\u00e3o<\/strong><\/b><\/p>\n<p style=\"text-align: justify\">A ideia ajuda a explicar uma caracter\u00edstica pr\u00f3pria da\u00a0agricultura\u00a0familiar: o novo frequentemente nasce de um conhecimento antigo. Uma receita de fam\u00edlia pode ganhar um novo ingrediente. Um produto conhecido pode encontrar uma nova forma de apresenta\u00e7\u00e3o. Uma t\u00e9cnica tradicional pode ser aprimorada. E um ingrediente que sempre esteve na propriedade pode ganhar uma nova fun\u00e7\u00e3o.<\/p>\n<p style=\"text-align: justify\">Assim, o Pavilh\u00e3o da Agricultura Familiar apresenta n\u00e3o apenas novidades, mas diferentes formas de continuidade. S\u00e3o produtos que mostram que inovar tamb\u00e9m pode significar preservar uma hist\u00f3ria e encontrar maneiras de faz\u00ea-la chegar \u00e0s novas gera\u00e7\u00f5es.<\/p>\n<p>Texto: Ascom SDR<\/p>\n<p>Foto: Ascom SDR<\/p>\n<p><img loading=\"lazy\" decoding=\"async\" class=\"alignnone  wp-image-9754\" src=\"https:\/\/portalmaisagro.com\/wp-content\/uploads\/2026\/08\/WhatsApp-Image-2026-08-11-at-10.28.27-1-2.jpeg\" alt=\"\" width=\"242\" height=\"318\" srcset=\"https:\/\/portalmaisagro.com\/wp-content\/uploads\/2026\/08\/WhatsApp-Image-2026-08-11-at-10.28.27-1-2.jpeg 298w, https:\/\/portalmaisagro.com\/wp-content\/uploads\/2026\/08\/WhatsApp-Image-2026-08-11-at-10.28.27-1-2-229x300.jpeg 229w, https:\/\/portalmaisagro.com\/wp-content\/uploads\/2026\/08\/WhatsApp-Image-2026-08-11-at-10.28.27-1-2-150x197.jpeg 150w\" sizes=\"auto, (max-width: 242px) 100vw, 242px\" \/><\/p>\n<p><a href=\"https:\/\/digital.agriculturafamiliar.agr.br\/pub\/agriculturafamiliar\/#page\/147\"><strong><em>Conte\u00fado exclusivo de empresas participantes do Anu\u00e1rio Brasileiro do Agroneg\u00f3cio e Agricultura Familiar \u2013 LEIA O ANU\u00c1RIO GRATUITAMENTE<\/em><\/strong><\/a><\/p>\n","protected":false},"excerpt":{"rendered":"<p>Produtos mostram como agricultores criam novas experi\u00eancias a partir de receitas e ingredientes que atravessam gera\u00e7\u00f5es No 28\u00ba Pavilh\u00e3o da Agricultura Familiar da Expointer, diferentes\u00a0empreendimentos\u00a0\u00a0apostam na inova\u00e7\u00e3o,\u00a0apresentando\u00a0produtos que incorporam novos ingredientes, combina\u00e7\u00f5es, processos e formas de produ\u00e7\u00e3o, sem necessariamente romper com a hist\u00f3ria que deu origem a cada agroind\u00fastria. Entre&hellip;<\/p>\n","protected":false},"author":10,"featured_media":9877,"comment_status":"closed","ping_status":"closed","sticky":false,"template":"","format":"standard","meta":{"footnotes":"","jetpack_publicize_message":"","jetpack_publicize_feature_enabled":true,"jetpack_social_post_already_shared":true,"jetpack_social_options":{"image_generator_settings":{"template":"highway","default_image_id":0,"font":"","enabled":false},"version":2},"_members_access_role":[],"_members_access_error":""},"categories":[16,131,230],"tags":[],"class_list":["post-9855","post","type-post","status-publish","format-standard","has-post-thumbnail","hentry","category-agricultura-familiar","category-destaques","category-feiras-2"],"yoast_head":"<!-- This site is optimized with the Yoast SEO plugin v28.1 - https:\/\/yoast.com\/product\/yoast-seo-wordpress\/ -->\n<title>Tradi\u00e7\u00e3o e inova\u00e7\u00e3o caminham juntas no Pavilh\u00e3o da Agricultura Familiar - MaisAgro<\/title>\n<meta name=\"robots\" content=\"index, follow, max-snippet:-1, max-image-preview:large, max-video-preview:-1\" \/>\n<link rel=\"canonical\" href=\"https:\/\/portalmaisagro.com\/?p=9855\" \/>\n<meta property=\"og:locale\" content=\"pt_BR\" \/>\n<meta property=\"og:type\" content=\"article\" \/>\n<meta property=\"og:title\" content=\"Tradi\u00e7\u00e3o e inova\u00e7\u00e3o caminham juntas no Pavilh\u00e3o da Agricultura Familiar - MaisAgro\" \/>\n<meta property=\"og:description\" content=\"Produtos mostram como agricultores criam novas experi\u00eancias a partir de receitas e ingredientes que atravessam gera\u00e7\u00f5es No 28\u00ba Pavilh\u00e3o da Agricultura Familiar da Expointer, diferentes\u00a0empreendimentos\u00a0\u00a0apostam na inova\u00e7\u00e3o,\u00a0apresentando\u00a0produtos que incorporam novos ingredientes, combina\u00e7\u00f5es, processos e formas de produ\u00e7\u00e3o, sem necessariamente romper com a hist\u00f3ria que deu origem a cada agroind\u00fastria. Entre&hellip;\" \/>\n<meta property=\"og:url\" content=\"https:\/\/portalmaisagro.com\/?p=9855\" \/>\n<meta property=\"og:site_name\" content=\"MaisAgro\" \/>\n<meta property=\"article:publisher\" content=\"https:\/\/www.facebook.com\/maisagroportal\" \/>\n<meta property=\"article:published_time\" content=\"2026-08-31T13:18:17+00:00\" \/>\n<meta property=\"og:image\" content=\"https:\/\/portalmaisagro.com\/wp-content\/uploads\/2026\/08\/30171425_89625_GD.jpeg\" \/>\n\t<meta property=\"og:image:width\" content=\"800\" \/>\n\t<meta property=\"og:image:height\" content=\"450\" \/>\n\t<meta property=\"og:image:type\" content=\"image\/jpeg\" \/>\n<meta name=\"author\" content=\"Taiane do Carmo\" \/>\n<meta name=\"twitter:card\" content=\"summary_large_image\" \/>\n<meta name=\"twitter:label1\" content=\"Escrito por\" \/>\n\t<meta name=\"twitter:data1\" content=\"Taiane do Carmo\" \/>\n\t<meta name=\"twitter:label2\" content=\"Est. tempo de leitura\" \/>\n\t<meta name=\"twitter:data2\" content=\"4 minutos\" \/>\n<script type=\"application\/ld+json\" class=\"yoast-schema-graph\">{\"@context\":\"https:\\\/\\\/schema.org\",\"@graph\":[{\"@type\":\"Article\",\"@id\":\"https:\\\/\\\/portalmaisagro.com\\\/?p=9855#article\",\"isPartOf\":{\"@id\":\"https:\\\/\\\/portalmaisagro.com\\\/?p=9855\"},\"author\":{\"name\":\"Taiane do Carmo\",\"@id\":\"https:\\\/\\\/portalmaisagro.com\\\/#\\\/schema\\\/person\\\/ade0f16b5a3434e1ec47b1fbdb9b9318\"},\"headline\":\"Tradi\u00e7\u00e3o e inova\u00e7\u00e3o caminham juntas no Pavilh\u00e3o da Agricultura Familiar\",\"datePublished\":\"2026-08-31T13:18:17+00:00\",\"mainEntityOfPage\":{\"@id\":\"https:\\\/\\\/portalmaisagro.com\\\/?p=9855\"},\"wordCount\":674,\"publisher\":{\"@id\":\"https:\\\/\\\/portalmaisagro.com\\\/#organization\"},\"image\":{\"@id\":\"https:\\\/\\\/portalmaisagro.com\\\/?p=9855#primaryimage\"},\"thumbnailUrl\":\"https:\\\/\\\/portalmaisagro.com\\\/wp-content\\\/uploads\\\/2026\\\/08\\\/30171425_89625_GD.jpeg\",\"articleSection\":[\"AGRICULTURA FAMILIAR\",\"DESTAQUES\",\"FEIRAS\"],\"inLanguage\":\"pt-BR\"},{\"@type\":\"WebPage\",\"@id\":\"https:\\\/\\\/portalmaisagro.com\\\/?p=9855\",\"url\":\"https:\\\/\\\/portalmaisagro.com\\\/?p=9855\",\"name\":\"Tradi\u00e7\u00e3o e inova\u00e7\u00e3o caminham juntas no Pavilh\u00e3o da Agricultura Familiar - MaisAgro\",\"isPartOf\":{\"@id\":\"https:\\\/\\\/portalmaisagro.com\\\/#website\"},\"primaryImageOfPage\":{\"@id\":\"https:\\\/\\\/portalmaisagro.com\\\/?p=9855#primaryimage\"},\"image\":{\"@id\":\"https:\\\/\\\/portalmaisagro.com\\\/?p=9855#primaryimage\"},\"thumbnailUrl\":\"https:\\\/\\\/portalmaisagro.com\\\/wp-content\\\/uploads\\\/2026\\\/08\\\/30171425_89625_GD.jpeg\",\"datePublished\":\"2026-08-31T13:18:17+00:00\",\"breadcrumb\":{\"@id\":\"https:\\\/\\\/portalmaisagro.com\\\/?p=9855#breadcrumb\"},\"inLanguage\":\"pt-BR\",\"potentialAction\":[{\"@type\":\"ReadAction\",\"target\":[\"https:\\\/\\\/portalmaisagro.com\\\/?p=9855\"]}]},{\"@type\":\"ImageObject\",\"inLanguage\":\"pt-BR\",\"@id\":\"https:\\\/\\\/portalmaisagro.com\\\/?p=9855#primaryimage\",\"url\":\"https:\\\/\\\/portalmaisagro.com\\\/wp-content\\\/uploads\\\/2026\\\/08\\\/30171425_89625_GD.jpeg\",\"contentUrl\":\"https:\\\/\\\/portalmaisagro.com\\\/wp-content\\\/uploads\\\/2026\\\/08\\\/30171425_89625_GD.jpeg\",\"width\":800,\"height\":450},{\"@type\":\"BreadcrumbList\",\"@id\":\"https:\\\/\\\/portalmaisagro.com\\\/?p=9855#breadcrumb\",\"itemListElement\":[{\"@type\":\"ListItem\",\"position\":1,\"name\":\"In\u00edcio\",\"item\":\"https:\\\/\\\/portalmaisagro.com\\\/\"},{\"@type\":\"ListItem\",\"position\":2,\"name\":\"Tradi\u00e7\u00e3o e inova\u00e7\u00e3o caminham juntas no Pavilh\u00e3o da Agricultura Familiar\"}]},{\"@type\":\"WebSite\",\"@id\":\"https:\\\/\\\/portalmaisagro.com\\\/#website\",\"url\":\"https:\\\/\\\/portalmaisagro.com\\\/\",\"name\":\"MaisAgro\",\"description\":\"O portal do agroneg\u00f3cio\",\"publisher\":{\"@id\":\"https:\\\/\\\/portalmaisagro.com\\\/#organization\"},\"potentialAction\":[{\"@type\":\"SearchAction\",\"target\":{\"@type\":\"EntryPoint\",\"urlTemplate\":\"https:\\\/\\\/portalmaisagro.com\\\/?s={search_term_string}\"},\"query-input\":{\"@type\":\"PropertyValueSpecification\",\"valueRequired\":true,\"valueName\":\"search_term_string\"}}],\"inLanguage\":\"pt-BR\"},{\"@type\":\"Organization\",\"@id\":\"https:\\\/\\\/portalmaisagro.com\\\/#organization\",\"name\":\"MaisAgro\",\"url\":\"https:\\\/\\\/portalmaisagro.com\\\/\",\"logo\":{\"@type\":\"ImageObject\",\"inLanguage\":\"pt-BR\",\"@id\":\"https:\\\/\\\/portalmaisagro.com\\\/#\\\/schema\\\/logo\\\/image\\\/\",\"url\":\"https:\\\/\\\/portalmaisagro.com\\\/wp-content\\\/uploads\\\/2024\\\/11\\\/logo_oficial-e1749247575377.png\",\"contentUrl\":\"https:\\\/\\\/portalmaisagro.com\\\/wp-content\\\/uploads\\\/2024\\\/11\\\/logo_oficial-e1749247575377.png\",\"width\":513,\"height\":107,\"caption\":\"MaisAgro\"},\"image\":{\"@id\":\"https:\\\/\\\/portalmaisagro.com\\\/#\\\/schema\\\/logo\\\/image\\\/\"},\"sameAs\":[\"https:\\\/\\\/www.facebook.com\\\/maisagroportal\"]},{\"@type\":\"Person\",\"@id\":\"https:\\\/\\\/portalmaisagro.com\\\/#\\\/schema\\\/person\\\/ade0f16b5a3434e1ec47b1fbdb9b9318\",\"name\":\"Taiane do Carmo\",\"image\":{\"@type\":\"ImageObject\",\"inLanguage\":\"pt-BR\",\"@id\":\"https:\\\/\\\/portalmaisagro.com\\\/wp-content\\\/uploads\\\/2026\\\/04\\\/images.jpeg640e5d69297d7dd56cc39a10251ad7db\",\"url\":\"https:\\\/\\\/portalmaisagro.com\\\/wp-content\\\/uploads\\\/2026\\\/04\\\/images.jpeg\",\"contentUrl\":\"https:\\\/\\\/portalmaisagro.com\\\/wp-content\\\/uploads\\\/2026\\\/04\\\/images.jpeg\",\"caption\":\"Taiane do Carmo\"},\"url\":\"https:\\\/\\\/portalmaisagro.com\\\/?author=10\"}]}<\/script>\n<!-- \/ Yoast SEO plugin. -->","yoast_head_json":{"title":"Tradi\u00e7\u00e3o e inova\u00e7\u00e3o caminham juntas no Pavilh\u00e3o da Agricultura Familiar - MaisAgro","robots":{"index":"index","follow":"follow","max-snippet":"max-snippet:-1","max-image-preview":"max-image-preview:large","max-video-preview":"max-video-preview:-1"},"canonical":"https:\/\/portalmaisagro.com\/?p=9855","og_locale":"pt_BR","og_type":"article","og_title":"Tradi\u00e7\u00e3o e inova\u00e7\u00e3o caminham juntas no Pavilh\u00e3o da Agricultura Familiar - MaisAgro","og_description":"Produtos mostram como agricultores criam novas experi\u00eancias a partir de receitas e ingredientes que atravessam gera\u00e7\u00f5es No 28\u00ba Pavilh\u00e3o da Agricultura Familiar da Expointer, diferentes\u00a0empreendimentos\u00a0\u00a0apostam na inova\u00e7\u00e3o,\u00a0apresentando\u00a0produtos que incorporam novos ingredientes, combina\u00e7\u00f5es, processos e formas de produ\u00e7\u00e3o, sem necessariamente romper com a hist\u00f3ria que deu origem a cada agroind\u00fastria. Entre&hellip;","og_url":"https:\/\/portalmaisagro.com\/?p=9855","og_site_name":"MaisAgro","article_publisher":"https:\/\/www.facebook.com\/maisagroportal","article_published_time":"2026-08-31T13:18:17+00:00","og_image":[{"width":800,"height":450,"url":"https:\/\/portalmaisagro.com\/wp-content\/uploads\/2026\/08\/30171425_89625_GD.jpeg","type":"image\/jpeg"}],"author":"Taiane do Carmo","twitter_card":"summary_large_image","twitter_misc":{"Escrito por":"Taiane do Carmo","Est. tempo de leitura":"4 minutos"},"schema":{"@context":"https:\/\/schema.org","@graph":[{"@type":"Article","@id":"https:\/\/portalmaisagro.com\/?p=9855#article","isPartOf":{"@id":"https:\/\/portalmaisagro.com\/?p=9855"},"author":{"name":"Taiane do Carmo","@id":"https:\/\/portalmaisagro.com\/#\/schema\/person\/ade0f16b5a3434e1ec47b1fbdb9b9318"},"headline":"Tradi\u00e7\u00e3o e inova\u00e7\u00e3o caminham juntas no Pavilh\u00e3o da Agricultura Familiar","datePublished":"2026-08-31T13:18:17+00:00","mainEntityOfPage":{"@id":"https:\/\/portalmaisagro.com\/?p=9855"},"wordCount":674,"publisher":{"@id":"https:\/\/portalmaisagro.com\/#organization"},"image":{"@id":"https:\/\/portalmaisagro.com\/?p=9855#primaryimage"},"thumbnailUrl":"https:\/\/portalmaisagro.com\/wp-content\/uploads\/2026\/08\/30171425_89625_GD.jpeg","articleSection":["AGRICULTURA FAMILIAR","DESTAQUES","FEIRAS"],"inLanguage":"pt-BR"},{"@type":"WebPage","@id":"https:\/\/portalmaisagro.com\/?p=9855","url":"https:\/\/portalmaisagro.com\/?p=9855","name":"Tradi\u00e7\u00e3o e inova\u00e7\u00e3o caminham juntas no Pavilh\u00e3o da Agricultura Familiar - MaisAgro","isPartOf":{"@id":"https:\/\/portalmaisagro.com\/#website"},"primaryImageOfPage":{"@id":"https:\/\/portalmaisagro.com\/?p=9855#primaryimage"},"image":{"@id":"https:\/\/portalmaisagro.com\/?p=9855#primaryimage"},"thumbnailUrl":"https:\/\/portalmaisagro.com\/wp-content\/uploads\/2026\/08\/30171425_89625_GD.jpeg","datePublished":"2026-08-31T13:18:17+00:00","breadcrumb":{"@id":"https:\/\/portalmaisagro.com\/?p=9855#breadcrumb"},"inLanguage":"pt-BR","potentialAction":[{"@type":"ReadAction","target":["https:\/\/portalmaisagro.com\/?p=9855"]}]},{"@type":"ImageObject","inLanguage":"pt-BR","@id":"https:\/\/portalmaisagro.com\/?p=9855#primaryimage","url":"https:\/\/portalmaisagro.com\/wp-content\/uploads\/2026\/08\/30171425_89625_GD.jpeg","contentUrl":"https:\/\/portalmaisagro.com\/wp-content\/uploads\/2026\/08\/30171425_89625_GD.jpeg","width":800,"height":450},{"@type":"BreadcrumbList","@id":"https:\/\/portalmaisagro.com\/?p=9855#breadcrumb","itemListElement":[{"@type":"ListItem","position":1,"name":"In\u00edcio","item":"https:\/\/portalmaisagro.com\/"},{"@type":"ListItem","position":2,"name":"Tradi\u00e7\u00e3o e inova\u00e7\u00e3o caminham juntas no Pavilh\u00e3o da Agricultura Familiar"}]},{"@type":"WebSite","@id":"https:\/\/portalmaisagro.com\/#website","url":"https:\/\/portalmaisagro.com\/","name":"MaisAgro","description":"O portal do agroneg\u00f3cio","publisher":{"@id":"https:\/\/portalmaisagro.com\/#organization"},"potentialAction":[{"@type":"SearchAction","target":{"@type":"EntryPoint","urlTemplate":"https:\/\/portalmaisagro.com\/?s={search_term_string}"},"query-input":{"@type":"PropertyValueSpecification","valueRequired":true,"valueName":"search_term_string"}}],"inLanguage":"pt-BR"},{"@type":"Organization","@id":"https:\/\/portalmaisagro.com\/#organization","name":"MaisAgro","url":"https:\/\/portalmaisagro.com\/","logo":{"@type":"ImageObject","inLanguage":"pt-BR","@id":"https:\/\/portalmaisagro.com\/#\/schema\/logo\/image\/","url":"https:\/\/portalmaisagro.com\/wp-content\/uploads\/2024\/11\/logo_oficial-e1749247575377.png","contentUrl":"https:\/\/portalmaisagro.com\/wp-content\/uploads\/2024\/11\/logo_oficial-e1749247575377.png","width":513,"height":107,"caption":"MaisAgro"},"image":{"@id":"https:\/\/portalmaisagro.com\/#\/schema\/logo\/image\/"},"sameAs":["https:\/\/www.facebook.com\/maisagroportal"]},{"@type":"Person","@id":"https:\/\/portalmaisagro.com\/#\/schema\/person\/ade0f16b5a3434e1ec47b1fbdb9b9318","name":"Taiane do Carmo","image":{"@type":"ImageObject","inLanguage":"pt-BR","@id":"https:\/\/portalmaisagro.com\/wp-content\/uploads\/2026\/04\/images.jpeg640e5d69297d7dd56cc39a10251ad7db","url":"https:\/\/portalmaisagro.com\/wp-content\/uploads\/2026\/04\/images.jpeg","contentUrl":"https:\/\/portalmaisagro.com\/wp-content\/uploads\/2026\/04\/images.jpeg","caption":"Taiane do Carmo"},"url":"https:\/\/portalmaisagro.com\/?author=10"}]}},"jetpack_publicize_connections":[],"authors":[],"_links":{"self":[{"href":"https:\/\/portalmaisagro.com\/index.php?rest_route=\/wp\/v2\/posts\/9855","targetHints":{"allow":["GET"]}}],"collection":[{"href":"https:\/\/portalmaisagro.com\/index.php?rest_route=\/wp\/v2\/posts"}],"about":[{"href":"https:\/\/portalmaisagro.com\/index.php?rest_route=\/wp\/v2\/types\/post"}],"author":[{"embeddable":true,"href":"https:\/\/portalmaisagro.com\/index.php?rest_route=\/wp\/v2\/users\/10"}],"replies":[{"embeddable":true,"href":"https:\/\/portalmaisagro.com\/index.php?rest_route=%2Fwp%2Fv2%2Fcomments&post=9855"}],"version-history":[{"count":1,"href":"https:\/\/portalmaisagro.com\/index.php?rest_route=\/wp\/v2\/posts\/9855\/revisions"}],"predecessor-version":[{"id":9878,"href":"https:\/\/portalmaisagro.com\/index.php?rest_route=\/wp\/v2\/posts\/9855\/revisions\/9878"}],"wp:featuredmedia":[{"embeddable":true,"href":"https:\/\/portalmaisagro.com\/index.php?rest_route=\/wp\/v2\/media\/9877"}],"wp:attachment":[{"href":"https:\/\/portalmaisagro.com\/index.php?rest_route=%2Fwp%2Fv2%2Fmedia&parent=9855"}],"wp:term":[{"taxonomy":"category","embeddable":true,"href":"https:\/\/portalmaisagro.com\/index.php?rest_route=%2Fwp%2Fv2%2Fcategories&post=9855"},{"taxonomy":"post_tag","embeddable":true,"href":"https:\/\/portalmaisagro.com\/index.php?rest_route=%2Fwp%2Fv2%2Ftags&post=9855"}],"curies":[{"name":"wp","href":"https:\/\/api.w.org\/{rel}","templated":true}]}}