{"id":9839,"date":"2026-08-31T08:56:08","date_gmt":"2026-08-31T11:56:08","guid":{"rendered":"https:\/\/portalmaisagro.com\/?p=9839"},"modified":"2026-08-31T08:56:08","modified_gmt":"2026-08-31T11:56:08","slug":"aurora-coop-e-iowa-state-university-levam-ciencia-de-dados-a-suinocultura-brasileira","status":"publish","type":"post","link":"https:\/\/portalmaisagro.com\/?p=9839","title":{"rendered":"Aurora Coop e Iowa State University levam ci\u00eancia de dados \u00e0 suinocultura brasileira"},"content":{"rendered":"<p style=\"text-align: justify\"><em>Parceria exclusiva no Brasil integra informa\u00e7\u00f5es de toda a cadeia produtiva para criar modelos capazes de antecipar riscos, reduzir perdas e apoiar decis\u00f5es no campo<\/em><\/p>\n<p class=\"v1MsoNormal\" style=\"text-align: justify\">A suinocultura brasileira come\u00e7a a incorporar uma nova fronteira tecnol\u00f3gica: o uso estruturado de ci\u00eancia de dados, intelig\u00eancia artificial e aprendizado de m\u00e1quina para transformar milh\u00f5es de informa\u00e7\u00f5es geradas diariamente nas granjas e ind\u00fastrias em decis\u00f5es mais precisas. Uma parceria entre a\u00a0Aurora Coop, terceiro maior grupo de prote\u00edna animal do Brasil, e a\u00a0Iowa State University, dos Estados Unidos, desenvolve modelos in\u00e9ditos no Pa\u00eds para integrar e analisar dados de toda a cadeia, do nascimento dos leit\u00f5es ao frigor\u00edfico.<\/p>\n<blockquote>\n<p class=\"v1MsoNormal\" style=\"text-align: justify\">O projeto come\u00e7ou h\u00e1 cerca de tr\u00eas anos e entra agora em uma etapa de expans\u00e3o. A Aurora Coop \u00e9 a\u00a0\u00fanica empresa brasileira parceira da universidade nesse trabalho, que tamb\u00e9m envolve oito empresas nos Estados Unidos, respons\u00e1veis por aproximadamente 1,4 milh\u00e3o de matrizes, al\u00e9m de uma companhia no M\u00e9xico.<\/p>\n<p class=\"v1MsoNormal\" style=\"text-align: justify\">O an\u00fancio foi feito pelo diretor vice-presidente de agroneg\u00f3cios da Aurora Coop,\u00a0Marcos Antonio Zordan.<\/p>\n<p class=\"v1MsoNormal\" style=\"text-align: justify\">O professor da Iowa State University e coordenador do projeto,\u00a0Edison Magalh\u00e3es, explica que a proposta \u00e9 aproximar a pesquisa acad\u00eamica dos desafios concretos da produ\u00e7\u00e3o. Os dados disponibilizados pela Aurora Coop, protegidos por termos de confidencialidade, s\u00e3o analisados por uma equipe multidisciplinar que re\u00fane especialistas em medicina veterin\u00e1ria, estat\u00edstica, engenharia da computa\u00e7\u00e3o e vis\u00e3o computacional.<\/p>\n<\/blockquote>\n<p class=\"v1MsoNormal\" style=\"text-align: justify\">O grupo desenvolve modelos estat\u00edsticos, algoritmos, intelig\u00eancia artificial e\u00a0<i>machine learning<\/i>\u00a0para responder a quest\u00f5es que interferem diretamente nos resultados da atividade. As an\u00e1lises podem avaliar sanidade, vacina\u00e7\u00e3o, medicamentos, nutri\u00e7\u00e3o, gen\u00e9tica, mortalidade e organiza\u00e7\u00e3o dos fluxos produtivos.<\/p>\n<p class=\"v1MsoNormal\" style=\"text-align: justify\">&#8220;A cadeia \u00e9 tecnificada, evolu\u00edda e coleta informa\u00e7\u00f5es boas, mas a an\u00e1lise de dados ainda \u00e9 falha, n\u00e3o apenas no Brasil, mas no mundo inteiro&#8221;, observa Magalh\u00e3es. Segundo ele, o diferencial est\u00e1 em superar an\u00e1lises baseadas apenas em m\u00e9dias e planilhas e aplicar modelos estat\u00edsticos capazes de identificar rela\u00e7\u00f5es que dificilmente seriam percebidas pelos m\u00e9todos convencionais.<\/p>\n<p class=\"v1MsoNormal\" style=\"text-align: justify\">Um dos aspectos mais relevantes \u00e9 a integra\u00e7\u00e3o das informa\u00e7\u00f5es de\u00a0matrizes, creches, termina\u00e7\u00e3o e frigor\u00edficos. Algoritmos espec\u00edficos desenvolvidos para a Aurora Coop conectam os registros das diferentes etapas e permitem acompanhar o desempenho dos animais ao longo da cadeia.<\/p>\n<p class=\"v1MsoNormal\" style=\"text-align: justify\">Entre os primeiros trabalhos est\u00e1 a chamada\u00a0piramidiza\u00e7\u00e3o de fluxos. O modelo analisa as origens dos leit\u00f5es destinados \u00e0s creches e identifica combina\u00e7\u00f5es que apresentam melhores resultados produtivos e sanit\u00e1rios. A partir desse conhecimento, a cooperativa pode organizar fluxos mais est\u00e1veis entre granjas, reduzir misturas de origens e melhorar o controle sanit\u00e1rio.<\/p>\n<blockquote>\n<p class=\"v1MsoNormal\" style=\"text-align: justify\">A rastreabilidade amplia ainda a capacidade de relacionar ocorr\u00eancias identificadas no frigor\u00edfico \u00e0s etapas anteriores da produ\u00e7\u00e3o. Para Magalh\u00e3es, a estrutura da Aurora Coop oferece uma condi\u00e7\u00e3o diferenciada para esse avan\u00e7o. &#8220;A Aurora Coop foi escolhida justamente por esse perfil inovador. \u00c9 uma refer\u00eancia em produtividade e tomou a decis\u00e3o de buscar esse trabalho quando a \u00e1rea ainda estava come\u00e7ando.&#8221;<\/p>\n<p class=\"v1MsoNormal\" style=\"text-align: justify\">O salto mais ambicioso do projeto \u00e9 avan\u00e7ar da an\u00e1lise do que j\u00e1 aconteceu para a\u00a0predi\u00e7\u00e3o do que poder\u00e1 acontecer. O gerente corporativo de suinocultura da Aurora Coop,\u00a0Luiz Carlos Giongo, destaca que a aplica\u00e7\u00e3o de intelig\u00eancia artificial dever\u00e1 permitir decis\u00f5es preventivas, com potencial para reduzir impactos produtivos e econ\u00f4micos.<\/p>\n<p class=\"v1MsoNormal\" style=\"text-align: justify\">&#8220;O grande trunfo que queremos alcan\u00e7ar \u00e9 predizer os problemas, agir antes e evitar o preju\u00edzo. Evitar as crises&#8221;, resume. Os primeiros modelos j\u00e1 demonstram essa possibilidade. Em determinados casos, as an\u00e1lises conseguem projetar, no momento do desmame, indicadores de mortalidade que poder\u00e3o ocorrer\u00a040 ou 50 dias depois.<\/p>\n<\/blockquote>\n<p class=\"v1MsoNormal\" style=\"text-align: justify\">Outra caracter\u00edstica \u00e9 que o avan\u00e7o n\u00e3o depende, necessariamente, da instala\u00e7\u00e3o de c\u00e2meras, sensores ou equipamentos de alto custo nas propriedades. A estrat\u00e9gia utiliza prioritariamente informa\u00e7\u00f5es que os produtores e a empresa\u00a0j\u00e1 coletam, como registros das granjas, diagn\u00f3sticos, formula\u00e7\u00f5es de ra\u00e7\u00f5es e resultados produtivos.<\/p>\n<h3 class=\"v1MsoNormal\" style=\"text-align: justify\">TECNOLOGIA &amp; NOVOS PROFISSIONAIS<\/h3>\n<p class=\"v1MsoNormal\" style=\"text-align: justify\">A parceria abre espa\u00e7o para um perfil profissional ainda raro na produ\u00e7\u00e3o animal: especialistas que combinem conhecimento em suinocultura, estat\u00edstica, programa\u00e7\u00e3o e ci\u00eancia de dados. Na Iowa State University, o trabalho mobiliza um time de seis estudantes e conta com a participa\u00e7\u00e3o de 14 professores de diferentes \u00e1reas.<\/p>\n<p class=\"v1MsoNormal\" style=\"text-align: justify\">Um dos primeiros resultados dessa aproxima\u00e7\u00e3o j\u00e1 est\u00e1 dentro da pr\u00f3pria Aurora Coop. Ap\u00f3s permanecer um ano nos Estados Unidos e atuar no projeto, um m\u00e9dico-veterin\u00e1rio foi contratado pela cooperativa e passou a conduzir parte do trabalho no Brasil. Para Magalh\u00e3es, esse profissional representa a primeira gera\u00e7\u00e3o de especialistas capazes de conectar conhecimento veterin\u00e1rio e an\u00e1lise avan\u00e7ada de dados.<\/p>\n<p class=\"v1MsoNormal\" style=\"text-align: justify\">A coopera\u00e7\u00e3o tamb\u00e9m nasceu em condi\u00e7\u00f5es diferenciadas. Enquanto novas empresas interessadas no programa t\u00eam investimento estimado em cerca de\u00a0US$ 50 mil por ano, relacionado principalmente \u00e0 forma\u00e7\u00e3o dos pesquisadores, a parceria com a Aurora Coop n\u00e3o prev\u00ea esse desembolso nos mesmos moldes, em raz\u00e3o da participa\u00e7\u00e3o da cooperativa desde a fase inicial do projeto.<\/p>\n<h3 class=\"v1MsoNormal\" style=\"text-align: justify\">INOVA\u00c7\u00c3O MUNDIAL<\/h3>\n<p class=\"v1MsoNormal\" style=\"text-align: justify\">Os primeiros prot\u00f3tipos j\u00e1 avan\u00e7am para a aplica\u00e7\u00e3o pr\u00e1tica. Os trabalhos come\u00e7aram no\u00a0Rio Grande do Sul\u00a0e chegam tamb\u00e9m a\u00a0Santa Catarina. A expectativa \u00e9 que, em aproximadamente dois anos, as ferramentas estejam incorporadas a todo o sistema produtivo da cooperativa.<\/p>\n<p class=\"v1MsoNormal\" style=\"text-align: justify\">O vice-presidente de agroneg\u00f3cios da Aurora Coop,\u00a0Marcos Antonio Zordan, destaca que a parceria aproxima a produ\u00e7\u00e3o brasileira das ferramentas mais avan\u00e7adas desenvolvidas internacionalmente para diagn\u00f3stico, identifica\u00e7\u00e3o e previs\u00e3o de problemas sanit\u00e1rios.<\/p>\n<p class=\"v1MsoNormal\" style=\"text-align: justify\">&#8220;Vamos conseguir ter o que existe de mais inovador na suinocultura mundial dentro da Aurora Coop e puxar essa evolu\u00e7\u00e3o para o Brasil&#8221;, afirma. A perspectiva est\u00e1 alinhada \u00e0s diretrizes de longo prazo da cooperativa, com metas voltadas \u00e0 redu\u00e7\u00e3o de perdas, mortalidade, condena\u00e7\u00f5es, les\u00f5es e doen\u00e7as e \u00e0 evolu\u00e7\u00e3o do padr\u00e3o sanit\u00e1rio do rebanho.<\/p>\n<p class=\"v1MsoNormal\" style=\"text-align: justify\">Ao unir a escala produtiva e a capacidade de rastreamento da Aurora Coop ao conhecimento cient\u00edfico da Iowa State University, o projeto transforma um ativo j\u00e1 existente \u2014 os dados \u2014 em uma ferramenta para antecipar decis\u00f5es. O objetivo final \u00e9 fazer com que a informa\u00e7\u00e3o deixe de apenas explicar o passado da produ\u00e7\u00e3o e passe a\u00a0ajudar a prever seu futuro.<\/p>\n<p class=\"v1MsoNormal\" style=\"text-align: justify\">DIMENS\u00c3O<\/p>\n<p class=\"v1MsoNormal\" style=\"text-align: justify\">\u00a0\u00a0\u00a0\u00a0\u00a0\u00a0\u00a0\u00a0\u00a0\u00a0\u00a0 As 8 plantas industriais de su\u00ednos da Aurora Coop abateram 8,2 milh\u00f5es de cabe\u00e7as em 2025, registrando crescimento de 2,6% em rela\u00e7\u00e3o ao ano anterior. Esse volume correspondeu a 17,05% do abate nacional. Em 2026 deve evoluir para 8,6 milh\u00f5es de cabe\u00e7as. A base produtiva no campo \u00e9 formada por 3.453 produtores integrados.<\/p>\n<figure id=\"attachment_9841\" aria-describedby=\"caption-attachment-9841\" style=\"width: 546px\" class=\"wp-caption alignnone\"><img loading=\"lazy\" decoding=\"async\" class=\"wp-image-9841\" src=\"https:\/\/portalmaisagro.com\/wp-content\/uploads\/2026\/08\/03-1024x683.jpg\" alt=\"\" width=\"546\" height=\"364\" srcset=\"https:\/\/portalmaisagro.com\/wp-content\/uploads\/2026\/08\/03-1024x683.jpg 1024w, https:\/\/portalmaisagro.com\/wp-content\/uploads\/2026\/08\/03-300x200.jpg 300w, https:\/\/portalmaisagro.com\/wp-content\/uploads\/2026\/08\/03-768x512.jpg 768w, https:\/\/portalmaisagro.com\/wp-content\/uploads\/2026\/08\/03-1536x1024.jpg 1536w, https:\/\/portalmaisagro.com\/wp-content\/uploads\/2026\/08\/03-2048x1365.jpg 2048w, https:\/\/portalmaisagro.com\/wp-content\/uploads\/2026\/08\/03-150x100.jpg 150w\" sizes=\"auto, (max-width: 546px) 100vw, 546px\" \/><figcaption id=\"caption-attachment-9841\" class=\"wp-caption-text\">professor da Iowa State University e coordenador do projeto, Edison Magalh\u00e3es e o gerente corporativo de suinocultura da Aurora Coop, Luiz Carlos Giongo<\/figcaption><\/figure>\n<figure id=\"attachment_9842\" aria-describedby=\"caption-attachment-9842\" style=\"width: 571px\" class=\"wp-caption alignnone\"><img loading=\"lazy\" decoding=\"async\" class=\"wp-image-9842\" src=\"https:\/\/portalmaisagro.com\/wp-content\/uploads\/2026\/08\/04-1024x683.jpg\" alt=\"\" width=\"571\" height=\"381\" srcset=\"https:\/\/portalmaisagro.com\/wp-content\/uploads\/2026\/08\/04-1024x683.jpg 1024w, https:\/\/portalmaisagro.com\/wp-content\/uploads\/2026\/08\/04-300x200.jpg 300w, https:\/\/portalmaisagro.com\/wp-content\/uploads\/2026\/08\/04-768x512.jpg 768w, https:\/\/portalmaisagro.com\/wp-content\/uploads\/2026\/08\/04-1536x1024.jpg 1536w, https:\/\/portalmaisagro.com\/wp-content\/uploads\/2026\/08\/04-2048x1365.jpg 2048w, https:\/\/portalmaisagro.com\/wp-content\/uploads\/2026\/08\/04-150x100.jpg 150w\" sizes=\"auto, (max-width: 571px) 100vw, 571px\" \/><figcaption id=\"caption-attachment-9842\" class=\"wp-caption-text\">O projeto come\u00e7ou h\u00e1 cerca de tr\u00eas anos e entra agora em uma etapa de expans\u00e3o<\/figcaption><\/figure>\n<p class=\"v1MsoBodyTextIndent3\" style=\"text-align: justify\" align=\"center\">Viva as Diferen\u00e7as destaca qualifica\u00e7\u00e3o e inclus\u00e3o de pessoas com defici\u00eancia em Tapejara\/RS<\/p>\n<div style=\"text-align: justify\">\n<p class=\"v1MsoBodyTextIndent3\" align=\"center\"><span style=\"text-align: justify\">Aos 16 anos, Mayllon de Oliveira Dutra resumiu em poucas palavras o sentimento de celebrar a conclus\u00e3o de uma trajet\u00f3ria de aprendizagem. Morador de Charrua (RS), ele assumiu o microfone como orador da turma que concluiu o Curso de Qualifica\u00e7\u00e3o Para Pessoas com Defici\u00eancia deste ano. &#8220;N\u00f3s temos sonhos, n\u00f3s somos capazes, n\u00f3s tamb\u00e9m podemos chegar l\u00e1. Obrigado, Aurora Coop, por acreditar em n\u00f3s.&#8221;<\/span><\/p>\n<\/div>\n<p class=\"v1MsoNormal\" style=\"text-align: justify\">A formatura ocorreu no \u00faltimo dia 20, durante o evento\u00a0Viva as Diferen\u00e7as, realizado pela\u00a0Funda\u00e7\u00e3o Aury Luiz Bodanese (ALB)\u00a0e sua mantenedora,\u00a0Aurora Coop. O evento foi realizado pela primeira vez no munic\u00edpio de Tapejara (RS) e reuniu cerca de 500 pessoas no Centro Cultural Jos\u00e9 Maria Vigo da Silveira, incluindo pessoas com defici\u00eancia, familiares, empresas, entidades sociais, representantes do poder p\u00fablico e a comunidade em uma programa\u00e7\u00e3o voltada \u00e0 inclus\u00e3o social e profissional.<\/p>\n<p class=\"v1MsoNormal\" style=\"text-align: justify\">A turma de formandos foi composta por 18 participantes, dos munic\u00edpios ga\u00fachos de\u00a0Tapejara,\u00a0Sananduva,\u00a0Charrua,\u00a0\u00c1gua Santa\u00a0e\u00a0Ibia\u00e7\u00e1.\u00a0Todos participaram do curso composto por dez m\u00f3dulos, que teve in\u00edcio em maio e abordou tem\u00e1ticas diversas como cidadania, legisla\u00e7\u00e3o trabalhista, educa\u00e7\u00e3o financeira, sa\u00fade, rela\u00e7\u00f5es interpessoais, meio ambiente, seguran\u00e7a do trabalho e nutri\u00e7\u00e3o.<\/p>\n<blockquote>\n<p class=\"v1MsoNormal\" style=\"text-align: justify\">Para o diretor-presidente da Funda\u00e7\u00e3o ALB,\u00a0Oscar Trombeta, esta \u00e9 uma maneira de transformar a proposta de inclus\u00e3o em resultado concreto. &#8220;S\u00e3o pessoas que passam a enxergar novas possibilidades de autonomia, renda e participa\u00e7\u00e3o na sociedade. A inclus\u00e3o faz parte dos valores da Aurora Coop h\u00e1 d\u00e9cadas, muito antes de existir uma obriga\u00e7\u00e3o legal, e a Funda\u00e7\u00e3o procura traduzir esse princ\u00edpio em oportunidades reais nas comunidades que nos acolhem&#8221;, afirmou.<\/p>\n<p class=\"v1MsoNormal\" style=\"text-align: justify\">A diretora administrativa da Funda\u00e7\u00e3o ALB,\u00a0Sonara Bergamo Ramos, destaca a import\u00e2ncia da participa\u00e7\u00e3o da fam\u00edlia nesse processo. &#8220;Pensamos o Viva as Diferen\u00e7as para as pessoas com defici\u00eancia, mas tamb\u00e9m para os familiares. A fam\u00edlia precisa acreditar e incentivar o potencial dos seus filhos, pois a inclus\u00e3o come\u00e7a quando deixamos de enxergar apenas limites e passamos a reconhecer possibilidades.&#8221;<\/p>\n<p class=\"v1MsoNormal\" style=\"text-align: justify\">Essa mudan\u00e7a de perspectiva aparece na experi\u00eancia de\u00a0Oct\u00e1vio da Silva\u00a0e\u00a0Ver\u00f4nica Ara\u00fajo, integrantes da turma que possuem defici\u00eancia f\u00edsica. Os dois querem ingressar no mundo do trabalho e afirmam que o curso mudou suas percep\u00e7\u00f5es sobre os pr\u00f3ximos passos. &#8220;Foi uma experi\u00eancia muito boa, conheci outras pessoas e passei a entender melhor o mercado de trabalho. O curso me preparou para as pr\u00f3ximas etapas. Estar aqui hoje \u00e9 uma conquista muito grande&#8221;, comenta Oct\u00e1vio.<\/p>\n<\/blockquote>\n<h3 class=\"v1MsoNormal\" style=\"text-align: justify\">O preconceito como barreira<\/h3>\n<p class=\"v1MsoNormal\" style=\"text-align: justify\">Al\u00e9m da solenidade de formatura, outro momento de grande impacto da programa\u00e7\u00e3o foi a palestra &#8220;Adversidade e Diversidade: superando as diferen\u00e7as e defici\u00eancias&#8221;, conduzida por Leonardo e seu irm\u00e3o Dudu do Cavaco, m\u00fasico com s\u00edndrome de down. Eles s\u00e3o do Instituto\u00a0Mano Down, que trabalha pela visibilidade, pelo reconhecimento e pela cria\u00e7\u00e3o de oportunidades para pessoas com defici\u00eancia. Por meio da apresenta\u00e7\u00e3o da trajet\u00f3ria de Dudu, que contradiz previs\u00f5es e rompe barreiras, a palestra transmite a mensagem central: &#8220;Nada \u00e9 mais deficiente que o preconceito.&#8221;<\/p>\n<p class=\"v1MsoNormal\" style=\"text-align: justify\">O Viva as Diferen\u00e7as tamb\u00e9m contou com mesa-redonda sobre estrat\u00e9gias de inclus\u00e3o, desfile inclusivo e a mostra itinerante &#8220;Retratos de Supera\u00e7\u00e3o&#8221;, com hist\u00f3rias de colaboradores com defici\u00eancia que atuam na Aurora Coop.<\/p>\n<h3 class=\"v1MsoNormal\" style=\"text-align: justify\">Inclus\u00e3o nas unidades Aurora Coop<\/h3>\n<p class=\"v1MsoNormal\" style=\"text-align: justify\">Na Aurora Coop, a inclus\u00e3o est\u00e1 incorporada \u00e0 realidade de suas opera\u00e7\u00f5es em diferentes estados. Atualmente, a cooperativa conta com milhares de colaboradores com defici\u00eancia em seu quadro funcional, distribu\u00eddos entre diferentes unidades e \u00e1reas de atua\u00e7\u00e3o. O n\u00famero d\u00e1 dimens\u00e3o pr\u00e1tica \u00e0 Pol\u00edtica Aurora Coop Para Pessoas com Defici\u00eancia, constru\u00edda ao longo de d\u00e9cadas, que busca ampliar oportunidades profissionais e valorizar capacidades.<\/p>\n<p class=\"v1MsoNormal\" style=\"text-align: justify\">Hoje, essa diretriz \u00e9 executada com o apoio da Funda\u00e7\u00e3o ALB, que realiza sensibiliza\u00e7\u00f5es com o p\u00fablico interno e externo e promove projetos que envolvem o aprendizado e a cria\u00e7\u00e3o de oportunidades, como o Curso de Qualifica\u00e7\u00e3o Para Pessoas com Defici\u00eancia. Em 16 anos, o curso j\u00e1 formou\u00a0361 pessoas\u00a0e cerca de\u00a040%\u00a0delas est\u00e3o inseridas no mundo do trabalho.<\/p>\n<p class=\"v1MsoNormal\" style=\"text-align: justify\">O gerente do Frigor\u00edfico Aurora Coop Tapejara II,\u00a0Rogenir De Lemes, destacou a efetividade do compromisso com a inclus\u00e3o. &#8220;As diferen\u00e7as n\u00e3o podem ser um limitante para que as pessoas acessem as oportunidades. Quando qualificamos, aproximamos e sensibilizamos, ampliamos as condi\u00e7\u00f5es para que cada um mostre o seu potencial.&#8221; A gerente do Frigor\u00edfico Aurora Coop Tapejara I,\u00a0Keli Roberta Delazeri, acrescentou que o processo tamb\u00e9m transforma quem j\u00e1 est\u00e1 dentro das empresas. &#8220;Conseguimos nos aproximar das institui\u00e7\u00f5es, trazer as pessoas para dentro da cooperativa e desenvolver habilidades. Existe uma troca muito grande, porque n\u00f3s tamb\u00e9m aprendemos quando ensinamos.&#8221;<\/p>\n<figure id=\"attachment_9843\" aria-describedby=\"caption-attachment-9843\" style=\"width: 552px\" class=\"wp-caption alignnone\"><img loading=\"lazy\" decoding=\"async\" class=\"wp-image-9843\" src=\"https:\/\/portalmaisagro.com\/wp-content\/uploads\/2026\/08\/05-1024x683.jpg\" alt=\"\" width=\"552\" height=\"368\" srcset=\"https:\/\/portalmaisagro.com\/wp-content\/uploads\/2026\/08\/05-1024x683.jpg 1024w, https:\/\/portalmaisagro.com\/wp-content\/uploads\/2026\/08\/05-300x200.jpg 300w, https:\/\/portalmaisagro.com\/wp-content\/uploads\/2026\/08\/05-768x512.jpg 768w, https:\/\/portalmaisagro.com\/wp-content\/uploads\/2026\/08\/05-1536x1024.jpg 1536w, https:\/\/portalmaisagro.com\/wp-content\/uploads\/2026\/08\/05-2048x1365.jpg 2048w, https:\/\/portalmaisagro.com\/wp-content\/uploads\/2026\/08\/05-150x100.jpg 150w\" sizes=\"auto, (max-width: 552px) 100vw, 552px\" \/><figcaption id=\"caption-attachment-9843\" class=\"wp-caption-text\">Turma de formandos do Curso de Qualifica\u00e7\u00e3o para Pessoas com Defici\u00eancia, em Tapejara\/RS (Adriano de Moura Santos\/ALB)<\/figcaption><\/figure>\n<p>&nbsp;<\/p>\n<figure id=\"attachment_9844\" aria-describedby=\"caption-attachment-9844\" style=\"width: 554px\" class=\"wp-caption alignnone\"><img loading=\"lazy\" decoding=\"async\" class=\"wp-image-9844\" src=\"https:\/\/portalmaisagro.com\/wp-content\/uploads\/2026\/08\/06-1024x683.jpg\" alt=\"\" width=\"554\" height=\"370\" srcset=\"https:\/\/portalmaisagro.com\/wp-content\/uploads\/2026\/08\/06-1024x683.jpg 1024w, https:\/\/portalmaisagro.com\/wp-content\/uploads\/2026\/08\/06-300x200.jpg 300w, https:\/\/portalmaisagro.com\/wp-content\/uploads\/2026\/08\/06-768x512.jpg 768w, https:\/\/portalmaisagro.com\/wp-content\/uploads\/2026\/08\/06-1536x1024.jpg 1536w, https:\/\/portalmaisagro.com\/wp-content\/uploads\/2026\/08\/06-2048x1365.jpg 2048w, https:\/\/portalmaisagro.com\/wp-content\/uploads\/2026\/08\/06-150x100.jpg 150w\" sizes=\"auto, (max-width: 554px) 100vw, 554px\" \/><figcaption id=\"caption-attachment-9844\" class=\"wp-caption-text\">Turma de formandos do Curso de Qualifica\u00e7\u00e3o para Pessoas com Defici\u00eancia, em Tapejara\/RS (Adriano de Moura Santos\/ALB)<\/figcaption><\/figure>\n<p>&nbsp;<\/p>\n<figure id=\"attachment_9845\" aria-describedby=\"caption-attachment-9845\" style=\"width: 550px\" class=\"wp-caption alignnone\"><img loading=\"lazy\" decoding=\"async\" class=\"wp-image-9845\" src=\"https:\/\/portalmaisagro.com\/wp-content\/uploads\/2026\/08\/07-1024x683.jpg\" alt=\"\" width=\"550\" height=\"367\" srcset=\"https:\/\/portalmaisagro.com\/wp-content\/uploads\/2026\/08\/07-1024x683.jpg 1024w, https:\/\/portalmaisagro.com\/wp-content\/uploads\/2026\/08\/07-300x200.jpg 300w, https:\/\/portalmaisagro.com\/wp-content\/uploads\/2026\/08\/07-768x512.jpg 768w, https:\/\/portalmaisagro.com\/wp-content\/uploads\/2026\/08\/07-1536x1024.jpg 1536w, https:\/\/portalmaisagro.com\/wp-content\/uploads\/2026\/08\/07-2048x1365.jpg 2048w, https:\/\/portalmaisagro.com\/wp-content\/uploads\/2026\/08\/07-150x100.jpg 150w\" sizes=\"auto, (max-width: 550px) 100vw, 550px\" \/><figcaption id=\"caption-attachment-9845\" class=\"wp-caption-text\">Orador da turma, Mayllon de Oliveira Dutra, de 16 anos, durante cerim\u00f4nia de formatura (Keli Magri\/MB Comunica\u00e7\u00e3o)<\/figcaption><\/figure>\n<p>&nbsp;<\/p>\n<figure id=\"attachment_9846\" aria-describedby=\"caption-attachment-9846\" style=\"width: 554px\" class=\"wp-caption alignnone\"><img loading=\"lazy\" decoding=\"async\" class=\"wp-image-9846\" src=\"https:\/\/portalmaisagro.com\/wp-content\/uploads\/2026\/08\/08-1024x683.jpg\" alt=\"\" width=\"554\" height=\"369\" srcset=\"https:\/\/portalmaisagro.com\/wp-content\/uploads\/2026\/08\/08-1024x683.jpg 1024w, https:\/\/portalmaisagro.com\/wp-content\/uploads\/2026\/08\/08-300x200.jpg 300w, https:\/\/portalmaisagro.com\/wp-content\/uploads\/2026\/08\/08-768x512.jpg 768w, https:\/\/portalmaisagro.com\/wp-content\/uploads\/2026\/08\/08-1536x1024.jpg 1536w, https:\/\/portalmaisagro.com\/wp-content\/uploads\/2026\/08\/08-2048x1365.jpg 2048w, https:\/\/portalmaisagro.com\/wp-content\/uploads\/2026\/08\/08-150x100.jpg 150w\" sizes=\"auto, (max-width: 554px) 100vw, 554px\" \/><figcaption id=\"caption-attachment-9846\" class=\"wp-caption-text\">P\u00fablico de 500 pessoas participou do evento (Prefeitura de Tapejara\/RS)<\/figcaption><\/figure>\n<p>&nbsp;<\/p>\n<figure id=\"attachment_9847\" aria-describedby=\"caption-attachment-9847\" style=\"width: 556px\" class=\"wp-caption alignnone\"><img loading=\"lazy\" decoding=\"async\" class=\"wp-image-9847\" src=\"https:\/\/portalmaisagro.com\/wp-content\/uploads\/2026\/08\/09-1024x683.jpg\" alt=\"\" width=\"556\" height=\"371\" srcset=\"https:\/\/portalmaisagro.com\/wp-content\/uploads\/2026\/08\/09-1024x683.jpg 1024w, https:\/\/portalmaisagro.com\/wp-content\/uploads\/2026\/08\/09-300x200.jpg 300w, https:\/\/portalmaisagro.com\/wp-content\/uploads\/2026\/08\/09-768x512.jpg 768w, https:\/\/portalmaisagro.com\/wp-content\/uploads\/2026\/08\/09-1536x1024.jpg 1536w, https:\/\/portalmaisagro.com\/wp-content\/uploads\/2026\/08\/09-2048x1366.jpg 2048w, https:\/\/portalmaisagro.com\/wp-content\/uploads\/2026\/08\/09-150x100.jpg 150w\" sizes=\"auto, (max-width: 556px) 100vw, 556px\" \/><figcaption id=\"caption-attachment-9847\" class=\"wp-caption-text\">P\u00fablico de 500 pessoas participou do evento (Prefeitura de Tapejara\/RS)<\/figcaption><\/figure>\n<p>&nbsp;<\/p>\n<figure id=\"attachment_9848\" aria-describedby=\"caption-attachment-9848\" style=\"width: 557px\" class=\"wp-caption alignnone\"><img loading=\"lazy\" decoding=\"async\" class=\"wp-image-9848\" src=\"https:\/\/portalmaisagro.com\/wp-content\/uploads\/2026\/08\/10-1024x683.jpg\" alt=\"\" width=\"557\" height=\"372\" srcset=\"https:\/\/portalmaisagro.com\/wp-content\/uploads\/2026\/08\/10-1024x683.jpg 1024w, https:\/\/portalmaisagro.com\/wp-content\/uploads\/2026\/08\/10-300x200.jpg 300w, https:\/\/portalmaisagro.com\/wp-content\/uploads\/2026\/08\/10-768x512.jpg 768w, https:\/\/portalmaisagro.com\/wp-content\/uploads\/2026\/08\/10-1536x1024.jpg 1536w, https:\/\/portalmaisagro.com\/wp-content\/uploads\/2026\/08\/10-2048x1365.jpg 2048w, https:\/\/portalmaisagro.com\/wp-content\/uploads\/2026\/08\/10-150x100.jpg 150w\" sizes=\"auto, (max-width: 557px) 100vw, 557px\" \/><figcaption id=\"caption-attachment-9848\" class=\"wp-caption-text\">Palestra-show com os irm\u00e3os Leonardo e Dudu do Cavaco, do Instituto Mano Down (Adriano de Moura Santos\/ALB)<\/figcaption><\/figure>\n<p>&nbsp;<\/p>\n<figure id=\"attachment_9849\" aria-describedby=\"caption-attachment-9849\" style=\"width: 558px\" class=\"wp-caption alignnone\"><img loading=\"lazy\" decoding=\"async\" class=\"wp-image-9849\" src=\"https:\/\/portalmaisagro.com\/wp-content\/uploads\/2026\/08\/11-1024x683.jpg\" alt=\"\" width=\"558\" height=\"372\" srcset=\"https:\/\/portalmaisagro.com\/wp-content\/uploads\/2026\/08\/11-1024x683.jpg 1024w, https:\/\/portalmaisagro.com\/wp-content\/uploads\/2026\/08\/11-300x200.jpg 300w, https:\/\/portalmaisagro.com\/wp-content\/uploads\/2026\/08\/11-768x512.jpg 768w, https:\/\/portalmaisagro.com\/wp-content\/uploads\/2026\/08\/11-1536x1024.jpg 1536w, https:\/\/portalmaisagro.com\/wp-content\/uploads\/2026\/08\/11-2048x1365.jpg 2048w, https:\/\/portalmaisagro.com\/wp-content\/uploads\/2026\/08\/11-150x100.jpg 150w\" sizes=\"auto, (max-width: 558px) 100vw, 558px\" \/><figcaption id=\"caption-attachment-9849\" class=\"wp-caption-text\">Desfile inclusivo celebrou as diferen\u00e7as na constru\u00e7\u00e3o de um mundo vasto e plural (Prefeitura de Tapejara\/RS)<\/figcaption><\/figure>\n<p>&nbsp;<\/p>\n<figure id=\"attachment_9850\" aria-describedby=\"caption-attachment-9850\" style=\"width: 558px\" class=\"wp-caption alignnone\"><img loading=\"lazy\" decoding=\"async\" class=\"wp-image-9850\" src=\"https:\/\/portalmaisagro.com\/wp-content\/uploads\/2026\/08\/12-1024x683.jpg\" alt=\"\" width=\"558\" height=\"372\" srcset=\"https:\/\/portalmaisagro.com\/wp-content\/uploads\/2026\/08\/12-1024x683.jpg 1024w, https:\/\/portalmaisagro.com\/wp-content\/uploads\/2026\/08\/12-300x200.jpg 300w, https:\/\/portalmaisagro.com\/wp-content\/uploads\/2026\/08\/12-768x512.jpg 768w, https:\/\/portalmaisagro.com\/wp-content\/uploads\/2026\/08\/12-1536x1024.jpg 1536w, https:\/\/portalmaisagro.com\/wp-content\/uploads\/2026\/08\/12-2048x1365.jpg 2048w, https:\/\/portalmaisagro.com\/wp-content\/uploads\/2026\/08\/12-150x100.jpg 150w\" sizes=\"auto, (max-width: 558px) 100vw, 558px\" \/><figcaption id=\"caption-attachment-9850\" class=\"wp-caption-text\">Representantes do poder p\u00fablico de Tapejara, \u00c1gua Santa, Charrua, Sananduva e Ibia\u00e7\u00e1 participaram do evento (Adriano de Moura Santos\/ALB)<\/figcaption><\/figure>\n<p>Texto: Ascom MB<\/p>\n<p>Foto: Adriano de Moura Santos\/ALB<\/p>\n<p><img loading=\"lazy\" decoding=\"async\" class=\"alignnone  wp-image-9754\" src=\"https:\/\/portalmaisagro.com\/wp-content\/uploads\/2026\/08\/WhatsApp-Image-2026-08-11-at-10.28.27-1-2.jpeg\" alt=\"\" width=\"239\" height=\"314\" srcset=\"https:\/\/portalmaisagro.com\/wp-content\/uploads\/2026\/08\/WhatsApp-Image-2026-08-11-at-10.28.27-1-2.jpeg 298w, https:\/\/portalmaisagro.com\/wp-content\/uploads\/2026\/08\/WhatsApp-Image-2026-08-11-at-10.28.27-1-2-229x300.jpeg 229w, https:\/\/portalmaisagro.com\/wp-content\/uploads\/2026\/08\/WhatsApp-Image-2026-08-11-at-10.28.27-1-2-150x197.jpeg 150w\" sizes=\"auto, (max-width: 239px) 100vw, 239px\" \/><\/p>\n<p><a href=\"https:\/\/digital.agriculturafamiliar.agr.br\/pub\/agriculturafamiliar\/#page\/147\"><strong><em>Conte\u00fado exclusivo de empresas participantes do Anu\u00e1rio Brasileiro do Agroneg\u00f3cio e Agricultura Familiar \u2013 LEIA O ANU\u00c1RIO GRATUITAMENTE<\/em><\/strong><\/a><\/p>\n","protected":false},"excerpt":{"rendered":"<p>Parceria exclusiva no Brasil integra informa\u00e7\u00f5es de toda a cadeia produtiva para criar modelos capazes de antecipar riscos, reduzir perdas e apoiar decis\u00f5es no campo A suinocultura brasileira come\u00e7a a incorporar uma nova fronteira tecnol\u00f3gica: o uso estruturado de ci\u00eancia de dados, intelig\u00eancia artificial e aprendizado de m\u00e1quina para transformar&hellip;<\/p>\n","protected":false},"author":10,"featured_media":9850,"comment_status":"closed","ping_status":"closed","sticky":false,"template":"","format":"standard","meta":{"footnotes":"","jetpack_publicize_message":"","jetpack_publicize_feature_enabled":true,"jetpack_social_post_already_shared":true,"jetpack_social_options":{"image_generator_settings":{"template":"highway","default_image_id":0,"font":"","enabled":false},"version":2},"_members_access_role":[],"_members_access_error":""},"categories":[131,167],"tags":[],"class_list":["post-9839","post","type-post","status-publish","format-standard","has-post-thumbnail","hentry","category-destaques","category-geral"],"yoast_head":"<!-- This site is optimized with the Yoast SEO plugin v28.1 - https:\/\/yoast.com\/product\/yoast-seo-wordpress\/ -->\n<title>Aurora Coop e Iowa State University levam ci\u00eancia de dados \u00e0 suinocultura brasileira - MaisAgro<\/title>\n<meta name=\"robots\" content=\"index, follow, max-snippet:-1, max-image-preview:large, max-video-preview:-1\" \/>\n<link rel=\"canonical\" href=\"https:\/\/portalmaisagro.com\/?p=9839\" \/>\n<meta property=\"og:locale\" content=\"pt_BR\" \/>\n<meta property=\"og:type\" content=\"article\" \/>\n<meta property=\"og:title\" content=\"Aurora Coop e Iowa State University levam ci\u00eancia de dados \u00e0 suinocultura brasileira - MaisAgro\" \/>\n<meta property=\"og:description\" content=\"Parceria exclusiva no Brasil integra informa\u00e7\u00f5es de toda a cadeia produtiva para criar modelos capazes de antecipar riscos, reduzir perdas e apoiar decis\u00f5es no campo A suinocultura brasileira come\u00e7a a incorporar uma nova fronteira tecnol\u00f3gica: o uso estruturado de ci\u00eancia de dados, intelig\u00eancia artificial e aprendizado de m\u00e1quina para transformar&hellip;\" \/>\n<meta property=\"og:url\" content=\"https:\/\/portalmaisagro.com\/?p=9839\" \/>\n<meta property=\"og:site_name\" content=\"MaisAgro\" \/>\n<meta property=\"article:publisher\" content=\"https:\/\/www.facebook.com\/maisagroportal\" \/>\n<meta property=\"article:published_time\" content=\"2026-08-31T11:56:08+00:00\" \/>\n<meta property=\"og:image\" content=\"https:\/\/portalmaisagro.com\/wp-content\/uploads\/2026\/08\/12-scaled.jpg\" \/>\n\t<meta property=\"og:image:width\" content=\"2560\" \/>\n\t<meta property=\"og:image:height\" content=\"1707\" \/>\n\t<meta property=\"og:image:type\" content=\"image\/jpeg\" \/>\n<meta name=\"author\" content=\"Taiane do Carmo\" \/>\n<meta name=\"twitter:card\" content=\"summary_large_image\" \/>\n<meta name=\"twitter:label1\" content=\"Escrito por\" \/>\n\t<meta name=\"twitter:data1\" content=\"Taiane do Carmo\" \/>\n\t<meta name=\"twitter:label2\" content=\"Est. tempo de leitura\" \/>\n\t<meta name=\"twitter:data2\" content=\"11 minutos\" \/>\n<script type=\"application\/ld+json\" class=\"yoast-schema-graph\">{\"@context\":\"https:\\\/\\\/schema.org\",\"@graph\":[{\"@type\":\"Article\",\"@id\":\"https:\\\/\\\/portalmaisagro.com\\\/?p=9839#article\",\"isPartOf\":{\"@id\":\"https:\\\/\\\/portalmaisagro.com\\\/?p=9839\"},\"author\":{\"name\":\"Taiane do Carmo\",\"@id\":\"https:\\\/\\\/portalmaisagro.com\\\/#\\\/schema\\\/person\\\/ade0f16b5a3434e1ec47b1fbdb9b9318\"},\"headline\":\"Aurora Coop e Iowa State University levam ci\u00eancia de dados \u00e0 suinocultura brasileira\",\"datePublished\":\"2026-08-31T11:56:08+00:00\",\"mainEntityOfPage\":{\"@id\":\"https:\\\/\\\/portalmaisagro.com\\\/?p=9839\"},\"wordCount\":2312,\"publisher\":{\"@id\":\"https:\\\/\\\/portalmaisagro.com\\\/#organization\"},\"image\":{\"@id\":\"https:\\\/\\\/portalmaisagro.com\\\/?p=9839#primaryimage\"},\"thumbnailUrl\":\"https:\\\/\\\/portalmaisagro.com\\\/wp-content\\\/uploads\\\/2026\\\/08\\\/12-scaled.jpg\",\"articleSection\":[\"DESTAQUES\",\"GERAL\"],\"inLanguage\":\"pt-BR\"},{\"@type\":\"WebPage\",\"@id\":\"https:\\\/\\\/portalmaisagro.com\\\/?p=9839\",\"url\":\"https:\\\/\\\/portalmaisagro.com\\\/?p=9839\",\"name\":\"Aurora Coop e Iowa State University levam ci\u00eancia de dados \u00e0 suinocultura brasileira - MaisAgro\",\"isPartOf\":{\"@id\":\"https:\\\/\\\/portalmaisagro.com\\\/#website\"},\"primaryImageOfPage\":{\"@id\":\"https:\\\/\\\/portalmaisagro.com\\\/?p=9839#primaryimage\"},\"image\":{\"@id\":\"https:\\\/\\\/portalmaisagro.com\\\/?p=9839#primaryimage\"},\"thumbnailUrl\":\"https:\\\/\\\/portalmaisagro.com\\\/wp-content\\\/uploads\\\/2026\\\/08\\\/12-scaled.jpg\",\"datePublished\":\"2026-08-31T11:56:08+00:00\",\"breadcrumb\":{\"@id\":\"https:\\\/\\\/portalmaisagro.com\\\/?p=9839#breadcrumb\"},\"inLanguage\":\"pt-BR\",\"potentialAction\":[{\"@type\":\"ReadAction\",\"target\":[\"https:\\\/\\\/portalmaisagro.com\\\/?p=9839\"]}]},{\"@type\":\"ImageObject\",\"inLanguage\":\"pt-BR\",\"@id\":\"https:\\\/\\\/portalmaisagro.com\\\/?p=9839#primaryimage\",\"url\":\"https:\\\/\\\/portalmaisagro.com\\\/wp-content\\\/uploads\\\/2026\\\/08\\\/12-scaled.jpg\",\"contentUrl\":\"https:\\\/\\\/portalmaisagro.com\\\/wp-content\\\/uploads\\\/2026\\\/08\\\/12-scaled.jpg\",\"width\":2560,\"height\":1707},{\"@type\":\"BreadcrumbList\",\"@id\":\"https:\\\/\\\/portalmaisagro.com\\\/?p=9839#breadcrumb\",\"itemListElement\":[{\"@type\":\"ListItem\",\"position\":1,\"name\":\"In\u00edcio\",\"item\":\"https:\\\/\\\/portalmaisagro.com\\\/\"},{\"@type\":\"ListItem\",\"position\":2,\"name\":\"Aurora Coop e Iowa State University levam ci\u00eancia de dados \u00e0 suinocultura brasileira\"}]},{\"@type\":\"WebSite\",\"@id\":\"https:\\\/\\\/portalmaisagro.com\\\/#website\",\"url\":\"https:\\\/\\\/portalmaisagro.com\\\/\",\"name\":\"MaisAgro\",\"description\":\"O portal do agroneg\u00f3cio\",\"publisher\":{\"@id\":\"https:\\\/\\\/portalmaisagro.com\\\/#organization\"},\"potentialAction\":[{\"@type\":\"SearchAction\",\"target\":{\"@type\":\"EntryPoint\",\"urlTemplate\":\"https:\\\/\\\/portalmaisagro.com\\\/?s={search_term_string}\"},\"query-input\":{\"@type\":\"PropertyValueSpecification\",\"valueRequired\":true,\"valueName\":\"search_term_string\"}}],\"inLanguage\":\"pt-BR\"},{\"@type\":\"Organization\",\"@id\":\"https:\\\/\\\/portalmaisagro.com\\\/#organization\",\"name\":\"MaisAgro\",\"url\":\"https:\\\/\\\/portalmaisagro.com\\\/\",\"logo\":{\"@type\":\"ImageObject\",\"inLanguage\":\"pt-BR\",\"@id\":\"https:\\\/\\\/portalmaisagro.com\\\/#\\\/schema\\\/logo\\\/image\\\/\",\"url\":\"https:\\\/\\\/portalmaisagro.com\\\/wp-content\\\/uploads\\\/2024\\\/11\\\/logo_oficial-e1749247575377.png\",\"contentUrl\":\"https:\\\/\\\/portalmaisagro.com\\\/wp-content\\\/uploads\\\/2024\\\/11\\\/logo_oficial-e1749247575377.png\",\"width\":513,\"height\":107,\"caption\":\"MaisAgro\"},\"image\":{\"@id\":\"https:\\\/\\\/portalmaisagro.com\\\/#\\\/schema\\\/logo\\\/image\\\/\"},\"sameAs\":[\"https:\\\/\\\/www.facebook.com\\\/maisagroportal\"]},{\"@type\":\"Person\",\"@id\":\"https:\\\/\\\/portalmaisagro.com\\\/#\\\/schema\\\/person\\\/ade0f16b5a3434e1ec47b1fbdb9b9318\",\"name\":\"Taiane do Carmo\",\"image\":{\"@type\":\"ImageObject\",\"inLanguage\":\"pt-BR\",\"@id\":\"https:\\\/\\\/portalmaisagro.com\\\/wp-content\\\/uploads\\\/2026\\\/04\\\/images.jpeg640e5d69297d7dd56cc39a10251ad7db\",\"url\":\"https:\\\/\\\/portalmaisagro.com\\\/wp-content\\\/uploads\\\/2026\\\/04\\\/images.jpeg\",\"contentUrl\":\"https:\\\/\\\/portalmaisagro.com\\\/wp-content\\\/uploads\\\/2026\\\/04\\\/images.jpeg\",\"caption\":\"Taiane do Carmo\"},\"url\":\"https:\\\/\\\/portalmaisagro.com\\\/?author=10\"}]}<\/script>\n<!-- \/ Yoast SEO plugin. -->","yoast_head_json":{"title":"Aurora Coop e Iowa State University levam ci\u00eancia de dados \u00e0 suinocultura brasileira - MaisAgro","robots":{"index":"index","follow":"follow","max-snippet":"max-snippet:-1","max-image-preview":"max-image-preview:large","max-video-preview":"max-video-preview:-1"},"canonical":"https:\/\/portalmaisagro.com\/?p=9839","og_locale":"pt_BR","og_type":"article","og_title":"Aurora Coop e Iowa State University levam ci\u00eancia de dados \u00e0 suinocultura brasileira - MaisAgro","og_description":"Parceria exclusiva no Brasil integra informa\u00e7\u00f5es de toda a cadeia produtiva para criar modelos capazes de antecipar riscos, reduzir perdas e apoiar decis\u00f5es no campo A suinocultura brasileira come\u00e7a a incorporar uma nova fronteira tecnol\u00f3gica: o uso estruturado de ci\u00eancia de dados, intelig\u00eancia artificial e aprendizado de m\u00e1quina para transformar&hellip;","og_url":"https:\/\/portalmaisagro.com\/?p=9839","og_site_name":"MaisAgro","article_publisher":"https:\/\/www.facebook.com\/maisagroportal","article_published_time":"2026-08-31T11:56:08+00:00","og_image":[{"width":2560,"height":1707,"url":"https:\/\/portalmaisagro.com\/wp-content\/uploads\/2026\/08\/12-scaled.jpg","type":"image\/jpeg"}],"author":"Taiane do Carmo","twitter_card":"summary_large_image","twitter_misc":{"Escrito por":"Taiane do Carmo","Est. tempo de leitura":"11 minutos"},"schema":{"@context":"https:\/\/schema.org","@graph":[{"@type":"Article","@id":"https:\/\/portalmaisagro.com\/?p=9839#article","isPartOf":{"@id":"https:\/\/portalmaisagro.com\/?p=9839"},"author":{"name":"Taiane do Carmo","@id":"https:\/\/portalmaisagro.com\/#\/schema\/person\/ade0f16b5a3434e1ec47b1fbdb9b9318"},"headline":"Aurora Coop e Iowa State University levam ci\u00eancia de dados \u00e0 suinocultura brasileira","datePublished":"2026-08-31T11:56:08+00:00","mainEntityOfPage":{"@id":"https:\/\/portalmaisagro.com\/?p=9839"},"wordCount":2312,"publisher":{"@id":"https:\/\/portalmaisagro.com\/#organization"},"image":{"@id":"https:\/\/portalmaisagro.com\/?p=9839#primaryimage"},"thumbnailUrl":"https:\/\/portalmaisagro.com\/wp-content\/uploads\/2026\/08\/12-scaled.jpg","articleSection":["DESTAQUES","GERAL"],"inLanguage":"pt-BR"},{"@type":"WebPage","@id":"https:\/\/portalmaisagro.com\/?p=9839","url":"https:\/\/portalmaisagro.com\/?p=9839","name":"Aurora Coop e Iowa State University levam ci\u00eancia de dados \u00e0 suinocultura brasileira - MaisAgro","isPartOf":{"@id":"https:\/\/portalmaisagro.com\/#website"},"primaryImageOfPage":{"@id":"https:\/\/portalmaisagro.com\/?p=9839#primaryimage"},"image":{"@id":"https:\/\/portalmaisagro.com\/?p=9839#primaryimage"},"thumbnailUrl":"https:\/\/portalmaisagro.com\/wp-content\/uploads\/2026\/08\/12-scaled.jpg","datePublished":"2026-08-31T11:56:08+00:00","breadcrumb":{"@id":"https:\/\/portalmaisagro.com\/?p=9839#breadcrumb"},"inLanguage":"pt-BR","potentialAction":[{"@type":"ReadAction","target":["https:\/\/portalmaisagro.com\/?p=9839"]}]},{"@type":"ImageObject","inLanguage":"pt-BR","@id":"https:\/\/portalmaisagro.com\/?p=9839#primaryimage","url":"https:\/\/portalmaisagro.com\/wp-content\/uploads\/2026\/08\/12-scaled.jpg","contentUrl":"https:\/\/portalmaisagro.com\/wp-content\/uploads\/2026\/08\/12-scaled.jpg","width":2560,"height":1707},{"@type":"BreadcrumbList","@id":"https:\/\/portalmaisagro.com\/?p=9839#breadcrumb","itemListElement":[{"@type":"ListItem","position":1,"name":"In\u00edcio","item":"https:\/\/portalmaisagro.com\/"},{"@type":"ListItem","position":2,"name":"Aurora Coop e Iowa State University levam ci\u00eancia de dados \u00e0 suinocultura brasileira"}]},{"@type":"WebSite","@id":"https:\/\/portalmaisagro.com\/#website","url":"https:\/\/portalmaisagro.com\/","name":"MaisAgro","description":"O portal do agroneg\u00f3cio","publisher":{"@id":"https:\/\/portalmaisagro.com\/#organization"},"potentialAction":[{"@type":"SearchAction","target":{"@type":"EntryPoint","urlTemplate":"https:\/\/portalmaisagro.com\/?s={search_term_string}"},"query-input":{"@type":"PropertyValueSpecification","valueRequired":true,"valueName":"search_term_string"}}],"inLanguage":"pt-BR"},{"@type":"Organization","@id":"https:\/\/portalmaisagro.com\/#organization","name":"MaisAgro","url":"https:\/\/portalmaisagro.com\/","logo":{"@type":"ImageObject","inLanguage":"pt-BR","@id":"https:\/\/portalmaisagro.com\/#\/schema\/logo\/image\/","url":"https:\/\/portalmaisagro.com\/wp-content\/uploads\/2024\/11\/logo_oficial-e1749247575377.png","contentUrl":"https:\/\/portalmaisagro.com\/wp-content\/uploads\/2024\/11\/logo_oficial-e1749247575377.png","width":513,"height":107,"caption":"MaisAgro"},"image":{"@id":"https:\/\/portalmaisagro.com\/#\/schema\/logo\/image\/"},"sameAs":["https:\/\/www.facebook.com\/maisagroportal"]},{"@type":"Person","@id":"https:\/\/portalmaisagro.com\/#\/schema\/person\/ade0f16b5a3434e1ec47b1fbdb9b9318","name":"Taiane do Carmo","image":{"@type":"ImageObject","inLanguage":"pt-BR","@id":"https:\/\/portalmaisagro.com\/wp-content\/uploads\/2026\/04\/images.jpeg640e5d69297d7dd56cc39a10251ad7db","url":"https:\/\/portalmaisagro.com\/wp-content\/uploads\/2026\/04\/images.jpeg","contentUrl":"https:\/\/portalmaisagro.com\/wp-content\/uploads\/2026\/04\/images.jpeg","caption":"Taiane do Carmo"},"url":"https:\/\/portalmaisagro.com\/?author=10"}]}},"jetpack_publicize_connections":[],"authors":[],"_links":{"self":[{"href":"https:\/\/portalmaisagro.com\/index.php?rest_route=\/wp\/v2\/posts\/9839","targetHints":{"allow":["GET"]}}],"collection":[{"href":"https:\/\/portalmaisagro.com\/index.php?rest_route=\/wp\/v2\/posts"}],"about":[{"href":"https:\/\/portalmaisagro.com\/index.php?rest_route=\/wp\/v2\/types\/post"}],"author":[{"embeddable":true,"href":"https:\/\/portalmaisagro.com\/index.php?rest_route=\/wp\/v2\/users\/10"}],"replies":[{"embeddable":true,"href":"https:\/\/portalmaisagro.com\/index.php?rest_route=%2Fwp%2Fv2%2Fcomments&post=9839"}],"version-history":[{"count":1,"href":"https:\/\/portalmaisagro.com\/index.php?rest_route=\/wp\/v2\/posts\/9839\/revisions"}],"predecessor-version":[{"id":9851,"href":"https:\/\/portalmaisagro.com\/index.php?rest_route=\/wp\/v2\/posts\/9839\/revisions\/9851"}],"wp:featuredmedia":[{"embeddable":true,"href":"https:\/\/portalmaisagro.com\/index.php?rest_route=\/wp\/v2\/media\/9850"}],"wp:attachment":[{"href":"https:\/\/portalmaisagro.com\/index.php?rest_route=%2Fwp%2Fv2%2Fmedia&parent=9839"}],"wp:term":[{"taxonomy":"category","embeddable":true,"href":"https:\/\/portalmaisagro.com\/index.php?rest_route=%2Fwp%2Fv2%2Fcategories&post=9839"},{"taxonomy":"post_tag","embeddable":true,"href":"https:\/\/portalmaisagro.com\/index.php?rest_route=%2Fwp%2Fv2%2Ftags&post=9839"}],"curies":[{"name":"wp","href":"https:\/\/api.w.org\/{rel}","templated":true}]}}