{"id":8707,"date":"2026-07-21T10:24:43","date_gmt":"2026-07-21T13:24:43","guid":{"rendered":"https:\/\/portalmaisagro.com\/?p=8707"},"modified":"2026-07-21T10:25:52","modified_gmt":"2026-07-21T13:25:52","slug":"escrito-nas-estrelas-o-onibus-como-espaco-para-encontros-e-conexoes","status":"publish","type":"post","link":"https:\/\/portalmaisagro.com\/?p=8707","title":{"rendered":"Escrito nas estrelas: o \u00f4nibus como espa\u00e7o para encontros e conex\u00f5es"},"content":{"rendered":"<p style=\"text-align: justify\"><em>Mercedes-Benz destaca o \u00f4nibus como espa\u00e7o de encontros, conex\u00f5es e hist\u00f3rias<\/em><\/p>\n<p style=\"text-align: justify\">Um \u00f4nibus conecta pessoas todos os dias. Entre embarques e desembarques, h\u00e1 encontros, despedidas, reencontros e in\u00fameras hist\u00f3rias que come\u00e7am sem aviso. Quem embarca com destino definido nem sempre imagina que tamb\u00e9m pode encontrar amizades, amores e conex\u00f5es capazes de marcar uma vida inteira.<\/p>\n<p style=\"text-align: justify\">Um \u00f4nibus faz muito mais do que levar pessoas de um lugar para outro. Todos os dias, entre embarques e desembarques, ele aproxima hist\u00f3rias, cria encontros e guarda momentos especiais. Quem entra pensando apenas no destino nem sempre imagina que, pelo caminho, pode encontrar uma amizade, um grande amor ou uma conex\u00e3o que ficar\u00e1 para a vida toda.<\/p>\n<p style=\"text-align: justify\">Durante a viagem, as rela\u00e7\u00f5es surgem de forma natural. Pode ser uma conversa que come\u00e7a sem pretens\u00e3o, um sorriso trocado, uma ajuda com a mochila ou um gesto de gentileza em meio \u00e0 correria do dia a dia. S\u00e3o situa\u00e7\u00f5es simples que tornam a viagem mais humana e aproximam pessoas que antes eram completas desconhecidas.<\/p>\n<p style=\"text-align: justify\">Dentro do \u00f4nibus, pessoas com hist\u00f3rias, sonhos e realidades diferentes seguem juntas pelo mesmo caminho, e a conviv\u00eancia di\u00e1ria faz com que passageiros e motoristas passem a se reconhecer. Aos poucos, rostos familiares se tornam parte da rotina. Nas estradas, onde as viagens s\u00e3o mais longas, o tempo compartilhado favorece conversas, descobertas em comum e lembran\u00e7as que continuam mesmo depois da chegada ao destino.<\/p>\n<p style=\"text-align: justify\">O \u00f4nibus urbano conecta pessoas e hist\u00f3rias de v\u00e1rias origens e destinos<\/p>\n<p style=\"text-align: justify\">\u201cO \u00f4nibus, em especial o urbano, \u00e9 um transporte p\u00fablico que conecta pessoas e hist\u00f3rias de v\u00e1rias origens e destinos. \u00c9 um orgulho ser fabricante, h\u00e1 70 anos, de um ve\u00edculo t\u00e3o democr\u00e1tico e t\u00e3o presente na vida dos brasileiros, nas cidades e tamb\u00e9m nas estradas\u201d, destaca Walter Barbosa,\u00a0vice-presidente de Vendas, Marketing e Pe\u00e7as &amp; Servi\u00e7os \u00d4nibus da Mercedes-Benz do Brasil.\u00a0\u201cOferecendo conforto e seguran\u00e7a para garantir a tranquilidade e o prazer a bordo dos \u00f4nibus, nossa estrela de tr\u00eas pontas faz parte do dia a dia desses encontros e despedidas\u201d.<\/p>\n<p style=\"text-align: justify\">\u00c9 da Mercedes-Benz a mais completa linha de \u00f4nibus do Brasil<\/p>\n<p style=\"text-align: justify\">Com solu\u00e7\u00f5es para o transporte urbano e rodovi\u00e1rio, bem como de fretamento, turismo e escolar, a Mercedes-Benz oferece ao mercado a mais completa linha de chassis de \u00f4nibus. A ampla oferta inclui os micro-\u00f4nibus LO, a fam\u00edlia OF e a linha O 500, esta com modelos urbanos padron (diesel e el\u00e9trico), articulados e superarticulados e ainda rod[ovi\u00e1rios para curtas, m\u00e9dias e longas dist\u00e2ncias. Na linha rodovi\u00e1ria, os O 500 podem receber carro\u00e7arias convencionais, High Decker ou Double Decker, de acordo com a opera\u00e7\u00e3o e a demanda dos clientes.<\/p>\n<p style=\"text-align: justify\">O \u00f4nibus \u00e9 um microssistema social fant\u00e1stico<\/p>\n<p style=\"text-align: justify\">Como surgem os encontros? A psic\u00f3loga Edneia Reis ressalta que tudo come\u00e7a com a frequ\u00eancia e a proximidade f\u00edsica. Na psicologia, a gente estuda o chamado \u201cefeito da mera exposi\u00e7\u00e3o\u201d. Isso significa, basicamente, que o nosso c\u00e9rebro adora o que \u00e9 familiar. Quando voc\u00ea divide o mesmo espa\u00e7o e v\u00ea a mesma pessoa com frequ\u00eancia, ela deixa de ser um \u201cestranho\u201d e passa a ser registrada pela mente como um elemento seguro ao seu ambiente.<\/p>\n<p style=\"text-align: justify\">\u00c9 importante destacar que para essa familiaridade dar um passo al\u00e9m e virar uma rela\u00e7\u00e3o de verdade, seja uma grande amizade ou algo amoroso, \u00e9 preciso transitar da aten\u00e7\u00e3o passiva para a ativa. E isso acontece por meio de pequenos sinais de abertura, um olhar que se cruza, um sorriso ou um coment\u00e1rio leve sobre o clima, ou se trabalha ali pr\u00f3ximo. Havendo reciprocidade, a conversa flui. A gente passa a buscar pontos de identifica\u00e7\u00e3o comuns: \u201cNossa, voc\u00ea tamb\u00e9m trabalha com isso?\u201d, \u201cTamb\u00e9m adoro essa m\u00fasica!\u201d e, quando percebemos, a confian\u00e7a m\u00fatua se instalou e uma nova conex\u00e3o nasceu.<\/p>\n<p style=\"text-align: justify\">Nesse contexto, o \u00f4nibus \u00e9 um microssistema social fant\u00e1stico, pois ele naturalmente quebra aquele isolamento t\u00e3o comum das grandes cidades. O psic\u00f3logo Lev Vygotsky falava muito sobre como n\u00f3s nos desenvolvemos e nos humanizamos justamente atrav\u00e9s das intera\u00e7\u00f5es sociais e do ambiente que nos cerca. O \u00f4nibus funciona como esse \u201cambiente mediador\u201d perfeito, onde algumas coisas facilitam muito as conex\u00f5es.<\/p>\n<p style=\"text-align: justify\">Vale destacar tamb\u00e9m a gentileza espont\u00e2nea. Oferecer-se para segurar a mochila pesada de quem est\u00e1 em p\u00e9, dar o assento para algu\u00e9m cansado ou ajudar com uma sacola. Esses gestos ativam o princ\u00edpio da reciprocidade e \u00e9 a entrada para um di\u00e1logo acolhedor.<\/p>\n<p style=\"text-align: justify\">Para al\u00e9m de romances, o transporte coletivo \u00e9 o elo de uma rede de carinho invis\u00edvel que faz toda a diferen\u00e7a no nosso dia a dia. S\u00e3o aquelas conex\u00f5es profundas que acontecem estritamente durante a viagem. Pessoas que dividem desabafos sobre o trabalho, ang\u00fastias familiares e conquistas pessoais, mas que talvez nunca se encontrem fora dali. \u00c9 quase um espa\u00e7o de escuta terap\u00eautica m\u00fatua e r\u00e1pida, que alivia o estresse antes de o dia come\u00e7ar de verdade.<\/p>\n<p style=\"text-align: justify\">O companheirismo tamb\u00e9m se manifesta na aten\u00e7\u00e3o silenciosa ao bem-estar do pr\u00f3ximo. \u00c9 o passageiro que d\u00e1 um toque de leve no vizinho de banco para ele n\u00e3o perder o ponto, quem divide o guarda-chuva na hora de descer ou quem avisa que o z\u00edper da bolsa est\u00e1 aberto. Gestos que nos lembram que n\u00e3o estamos sozinhos na correria.<\/p>\n<p style=\"text-align: justify\">No \u00f4nibus, sentam-se lado a lado o estudante, o idoso, o executivo e o trabalhador aut\u00f4nomo. Esse contato com realidades diferentes exercita nossa empatia de forma muito pura e nos ajuda a enxergar a vida muito al\u00e9m da nossa pr\u00f3pria bolha social.<\/p>\n<p style=\"text-align: justify\">Hist\u00f3rias dentro da Hist\u00f3ria<\/p>\n<p style=\"text-align: justify\">Fl\u00e1vio Brito Prates, colaborador da Mercedes-Benz do Brasil:\u00a0Sou operador log\u00edstico na Mercedes-Benz desde 2008, faz 28 anos que eu conheci minha esposa no transporte coletivo. Depois de v\u00e1rias trocas de olhares, coisas desse tipo, um dia sentamos lado a lado. Eu descia primeiro e ela depois. Num dado momento, come\u00e7amos a conversar e o namoro surgiu a\u00ed. Eu passei a acompanh\u00e1-la at\u00e9 o bairro dela, que \u00e9 onde a gente mora hoje em dia, j\u00e1 casados.<\/p>\n<p style=\"text-align: justify\">Conhecer minha esposa foi ent\u00e3o a melhor situa\u00e7\u00e3o que eu j\u00e1 tive dentro de um \u00f4nibus. Nos meus 50 anos de vida, o \u00f4nibus tem ent\u00e3o esses fatos marcantes para mim: meu trabalho na Mercedes e o meu casamento. Durante os meus 18 anos na empresa, terminei a faculdade de Log\u00edstica e gosto muito de fazer parte da equipe de Log\u00edstica, de ser um Mercediano. A empresa me deu tamb\u00e9m os colegas e amigos que acabei fazendo aqui dentro. O \u00f4nibus literalmente faz parte da minha vida.<\/p>\n<p style=\"text-align: justify\">Guilherme Reis, colaborador da Mercedes-Benz do Brasil:\u00a0Minha hist\u00f3ria com \u00f4nibus tem a ver com o in\u00edcio do meu relacionamento com a minha esposa. Era 2018 e est\u00e1vamos voltando de um encontro, ap\u00f3s um filme num shopping. Eu estava bem ansioso para pedi-la em namoro, mas eu n\u00e3o achava um momento. Foi ent\u00e3o, no ponto de \u00f4nibus, depois do cinema, que ela me deu uma pista, falando que tinha visto uma foto minha antiga no Instagram e que ficou com ci\u00fame. Ali eu percebi que ela estava na minha, gostando de mim. A\u00ed eu pensei: \u00e9 agora! O \u00f4nibus chegou, subimos e fomos conversando sobre relacionamentos, namoro, quanto tempo cada um estava solteiro e se est\u00e1vamos dispostos a voltar a namorar.<\/p>\n<p style=\"text-align: justify\">Percebi ent\u00e3o que ela estava aberta \u00e0 ideia e eu tamb\u00e9m queria, j\u00e1 estava gostando dela na \u00e9poca. Pedi ent\u00e3o que a gente come\u00e7asse a namorar e que \u00edamos ver se daria certo ou n\u00e3o. Ela disse sim e demos o primeiro beijo, quando o \u00f4nibus estava a dois pontos dela descer. Eu segui pra minha casa e foi assim que a gente come\u00e7ou a namorar dentro de um \u00f4nibus, que tem ent\u00e3o essa representatividade na minha vida, porque, afinal, eu dei um grande passo. J\u00e1 estamos h\u00e1 oito anos juntos e casados h\u00e1 cinco anos. Ou seja, voc\u00ea pode encontrar o amor da sua vida num \u00f4nibus!<\/p>\n<p style=\"text-align: justify\">Humberto Pessoa, colaborador da Mercedes-Benz do Brasil:\u00a0Desde 2018, trabalho como instrutor de treinamento na equipe de Demonstra\u00e7\u00e3o do Produto. Vou aos clientes, apresento as caracter\u00edsticas, tecnologias e diferenciais dos \u00f4nibus da marca, dando instru\u00e7\u00e3o aos motoristas e monitores sobre como extrair o melhor do produto visando dire\u00e7\u00e3o econ\u00f4mica e defensiva, desempenho, seguran\u00e7a e conforto. Isso engloba todos os modelos do portf\u00f3lio da marca, tanto diesel, quanto el\u00e9trico.<\/p>\n<p style=\"text-align: justify\">Nunca transportei passageiros, mas era um deles. Na \u00e9poca de escola, l\u00e1 pelos 16 anos, eu pegava \u00f4nibus no ponto inicial e sempre sentava na frente, colado aos motoristas. Ent\u00e3o fui fazendo amizade com eles. Ali eu acompanhava a forma de dirigir e a pegada do condutor. Eu achava fant\u00e1stico como os motoristas faziam as manobras e achava muito legal aquilo, um carro grande e sempre lotado. Quando a gente ia para a casa dos meus av\u00f3s, no Nordeste, era muito legal, porque sa\u00edamos da regi\u00e3o metropolitana e pass\u00e1vamos pelo interior do Brasil, pelo sert\u00e3o, cidadezinhas e eu, sempre curioso, perguntava ao motorista onde a gente estava.<\/p>\n<p style=\"text-align: justify\">Meu pai foi caminhoneiro por 44 anos e se aposentou no transporte de caminh\u00f5es zero km. Nas folgas e nas f\u00e9rias eu viajava com ele, que sempre foi muito profissional, dirigindo com seguran\u00e7a.<\/p>\n<p style=\"text-align: justify\">Tenho paix\u00e3o pela profiss\u00e3o de instrutor. Meu prop\u00f3sito \u00e9 treinar motoristas, afinal, quem sabe um dia, alguns deles podem transportar a minha fam\u00edlia. \u00c9 como se fosse eu mesmo ao volante.<\/p>\n<p style=\"text-align: justify\">Al\u00e9m do lado profissional, como instrutor acabei criando amizades por a\u00ed afora com os colegas dos concession\u00e1rios e dos clientes. Cartunista e roqueiro, s\u00f3 lamento que hoje as pessoas ficam muito tempo no celular dentro dos \u00f4nibus. Elas poderiam estar conversando com algu\u00e9m, um bate papo legal, criar uma amizade e at\u00e9 um namoro. Tenho um grupo de amigos que nos conhecemos, h\u00e1 40 anos, num \u00f4nibus.<\/p>\n<p style=\"text-align: justify\">Mercedes-Benz estar\u00e1 novamente presente na LatBus 2026. Faltam 27 dias!<\/p>\n<p style=\"text-align: justify\">No ano em que completa sete d\u00e9cadas no Pa\u00eds, a Mercedes-Benz, l\u00edder nas vendas de \u00f4nibus no mercado brasileiro e nas exporta\u00e7\u00f5es, novamente estar\u00e1 presente na LatBus 2026 (Feira Latinoamericana do Transporte), maior evento do setor de \u00f4nibus na Am\u00e9rica Latina, que ser\u00e1 realizado na S\u00e3o Paulo Expo, na capital paulista, entre 11 e 13 de agosto.<\/p>\n<p style=\"text-align: justify\">A Mercedes-Benz reservou v\u00e1rios lan\u00e7amentos e novidades para a LatBus deste ano, envolvendo toda a sua linha de chassis de \u00f4nibus urbanos e rodovi\u00e1rios, tanto do portf\u00f3lio diesel, quanto el\u00e9trico. Tamb\u00e9m ir\u00e1 destacar os diferenciais de sua linha de Pe\u00e7as&amp;Servi\u00e7os para \u00f4nibus, como de Servi\u00e7os Financeiros para clientes do segmento.<\/p>\n<p style=\"text-align: justify\">A Empresa tamb\u00e9m ira enfatizar no evento diversas a\u00e7\u00f5es e iniciativas voltadas \u00e0 eletromobilidade e \u00e0 descarboniza\u00e7\u00e3o do transporte, refor\u00e7ando assim o seu compromisso com as demandas atuais e futuras da sustentabilidade.<\/p>\n<p style=\"text-align: justify\">Texto: Mercedes-Benz<\/p>\n<p style=\"text-align: justify\">Foto: Divulga\u00e7\u00e3o<\/p>\n<p style=\"text-align: justify\"><img loading=\"lazy\" decoding=\"async\" class=\"alignnone wp-image-8635\" src=\"https:\/\/portalmaisagro.com\/wp-content\/uploads\/2026\/07\/capa-2026-5.png\" alt=\"\" width=\"240\" height=\"315\" srcset=\"https:\/\/portalmaisagro.com\/wp-content\/uploads\/2026\/07\/capa-2026-5.png 298w, https:\/\/portalmaisagro.com\/wp-content\/uploads\/2026\/07\/capa-2026-5-229x300.png 229w, https:\/\/portalmaisagro.com\/wp-content\/uploads\/2026\/07\/capa-2026-5-150x197.png 150w\" sizes=\"auto, (max-width: 240px) 100vw, 240px\" \/><\/p>\n<p style=\"text-align: justify\"><a href=\"https:\/\/digital.agriculturafamiliar.agr.br\/pub\/agriculturafamiliar\/#page\/147\"><strong><em>Conte\u00fado exclusivo de empresas participantes do Anu\u00e1rio Brasileiro do Agroneg\u00f3cio e Agricultura Familiar \u2013 LEIA O ANU\u00c1RIO GRATUITAMENTE<\/em><\/strong><\/a><\/p>\n","protected":false},"excerpt":{"rendered":"<p>Mercedes-Benz destaca o \u00f4nibus como espa\u00e7o de encontros, conex\u00f5es e hist\u00f3rias Um \u00f4nibus conecta pessoas todos os dias. Entre embarques e desembarques, h\u00e1 encontros, despedidas, reencontros e in\u00fameras hist\u00f3rias que come\u00e7am sem aviso. Quem embarca com destino definido nem sempre imagina que tamb\u00e9m pode encontrar amizades, amores e conex\u00f5es capazes&hellip;<\/p>\n","protected":false},"author":10,"featured_media":8708,"comment_status":"closed","ping_status":"closed","sticky":false,"template":"","format":"standard","meta":{"footnotes":"","jetpack_publicize_message":"","jetpack_publicize_feature_enabled":true,"jetpack_social_post_already_shared":true,"jetpack_social_options":{"image_generator_settings":{"template":"highway","default_image_id":0,"font":"","enabled":false},"version":2},"_members_access_role":[],"_members_access_error":""},"categories":[131,167],"tags":[],"class_list":["post-8707","post","type-post","status-publish","format-standard","has-post-thumbnail","hentry","category-destaques","category-geral"],"yoast_head":"<!-- This site is optimized with the Yoast SEO plugin v28.1 - https:\/\/yoast.com\/product\/yoast-seo-wordpress\/ -->\n<title>Escrito nas estrelas: o \u00f4nibus como espa\u00e7o para encontros e conex\u00f5es - MaisAgro<\/title>\n<meta name=\"robots\" content=\"index, follow, max-snippet:-1, max-image-preview:large, max-video-preview:-1\" \/>\n<link rel=\"canonical\" href=\"https:\/\/portalmaisagro.com\/?p=8707\" \/>\n<meta property=\"og:locale\" content=\"pt_BR\" \/>\n<meta property=\"og:type\" content=\"article\" \/>\n<meta property=\"og:title\" content=\"Escrito nas estrelas: o \u00f4nibus como espa\u00e7o para encontros e conex\u00f5es - MaisAgro\" \/>\n<meta property=\"og:description\" content=\"Mercedes-Benz destaca o \u00f4nibus como espa\u00e7o de encontros, conex\u00f5es e hist\u00f3rias Um \u00f4nibus conecta pessoas todos os dias. Entre embarques e desembarques, h\u00e1 encontros, despedidas, reencontros e in\u00fameras hist\u00f3rias que come\u00e7am sem aviso. Quem embarca com destino definido nem sempre imagina que tamb\u00e9m pode encontrar amizades, amores e conex\u00f5es capazes&hellip;\" \/>\n<meta property=\"og:url\" content=\"https:\/\/portalmaisagro.com\/?p=8707\" \/>\n<meta property=\"og:site_name\" content=\"MaisAgro\" \/>\n<meta property=\"article:publisher\" content=\"https:\/\/www.facebook.com\/maisagroportal\" \/>\n<meta property=\"article:published_time\" content=\"2026-07-21T13:24:43+00:00\" \/>\n<meta property=\"article:modified_time\" content=\"2026-07-21T13:25:52+00:00\" \/>\n<meta property=\"og:image\" content=\"https:\/\/portalmaisagro.com\/wp-content\/uploads\/2026\/07\/img-10534-20260715-142512-410-D06E-20260715-141916-100-4C16_fotoabre-e1784640245215.jpg\" \/>\n\t<meta property=\"og:image:width\" content=\"853\" \/>\n\t<meta property=\"og:image:height\" content=\"650\" \/>\n\t<meta property=\"og:image:type\" content=\"image\/jpeg\" \/>\n<meta name=\"author\" content=\"Taiane do Carmo\" \/>\n<meta name=\"twitter:card\" content=\"summary_large_image\" \/>\n<meta name=\"twitter:label1\" content=\"Escrito por\" \/>\n\t<meta name=\"twitter:data1\" content=\"Taiane do Carmo\" \/>\n\t<meta name=\"twitter:label2\" content=\"Est. tempo de leitura\" \/>\n\t<meta name=\"twitter:data2\" content=\"11 minutos\" \/>\n<script type=\"application\/ld+json\" class=\"yoast-schema-graph\">{\"@context\":\"https:\\\/\\\/schema.org\",\"@graph\":[{\"@type\":\"Article\",\"@id\":\"https:\\\/\\\/portalmaisagro.com\\\/?p=8707#article\",\"isPartOf\":{\"@id\":\"https:\\\/\\\/portalmaisagro.com\\\/?p=8707\"},\"author\":{\"name\":\"Taiane do Carmo\",\"@id\":\"https:\\\/\\\/portalmaisagro.com\\\/#\\\/schema\\\/person\\\/ade0f16b5a3434e1ec47b1fbdb9b9318\"},\"headline\":\"Escrito nas estrelas: o \u00f4nibus como espa\u00e7o para encontros e conex\u00f5es\",\"datePublished\":\"2026-07-21T13:24:43+00:00\",\"dateModified\":\"2026-07-21T13:25:52+00:00\",\"mainEntityOfPage\":{\"@id\":\"https:\\\/\\\/portalmaisagro.com\\\/?p=8707\"},\"wordCount\":1924,\"publisher\":{\"@id\":\"https:\\\/\\\/portalmaisagro.com\\\/#organization\"},\"image\":{\"@id\":\"https:\\\/\\\/portalmaisagro.com\\\/?p=8707#primaryimage\"},\"thumbnailUrl\":\"https:\\\/\\\/portalmaisagro.com\\\/wp-content\\\/uploads\\\/2026\\\/07\\\/img-10534-20260715-142512-410-D06E-20260715-141916-100-4C16_fotoabre-e1784640245215.jpg\",\"articleSection\":[\"DESTAQUES\",\"GERAL\"],\"inLanguage\":\"pt-BR\"},{\"@type\":\"WebPage\",\"@id\":\"https:\\\/\\\/portalmaisagro.com\\\/?p=8707\",\"url\":\"https:\\\/\\\/portalmaisagro.com\\\/?p=8707\",\"name\":\"Escrito nas estrelas: o \u00f4nibus como espa\u00e7o para encontros e conex\u00f5es - MaisAgro\",\"isPartOf\":{\"@id\":\"https:\\\/\\\/portalmaisagro.com\\\/#website\"},\"primaryImageOfPage\":{\"@id\":\"https:\\\/\\\/portalmaisagro.com\\\/?p=8707#primaryimage\"},\"image\":{\"@id\":\"https:\\\/\\\/portalmaisagro.com\\\/?p=8707#primaryimage\"},\"thumbnailUrl\":\"https:\\\/\\\/portalmaisagro.com\\\/wp-content\\\/uploads\\\/2026\\\/07\\\/img-10534-20260715-142512-410-D06E-20260715-141916-100-4C16_fotoabre-e1784640245215.jpg\",\"datePublished\":\"2026-07-21T13:24:43+00:00\",\"dateModified\":\"2026-07-21T13:25:52+00:00\",\"breadcrumb\":{\"@id\":\"https:\\\/\\\/portalmaisagro.com\\\/?p=8707#breadcrumb\"},\"inLanguage\":\"pt-BR\",\"potentialAction\":[{\"@type\":\"ReadAction\",\"target\":[\"https:\\\/\\\/portalmaisagro.com\\\/?p=8707\"]}]},{\"@type\":\"ImageObject\",\"inLanguage\":\"pt-BR\",\"@id\":\"https:\\\/\\\/portalmaisagro.com\\\/?p=8707#primaryimage\",\"url\":\"https:\\\/\\\/portalmaisagro.com\\\/wp-content\\\/uploads\\\/2026\\\/07\\\/img-10534-20260715-142512-410-D06E-20260715-141916-100-4C16_fotoabre-e1784640245215.jpg\",\"contentUrl\":\"https:\\\/\\\/portalmaisagro.com\\\/wp-content\\\/uploads\\\/2026\\\/07\\\/img-10534-20260715-142512-410-D06E-20260715-141916-100-4C16_fotoabre-e1784640245215.jpg\",\"width\":853,\"height\":650},{\"@type\":\"BreadcrumbList\",\"@id\":\"https:\\\/\\\/portalmaisagro.com\\\/?p=8707#breadcrumb\",\"itemListElement\":[{\"@type\":\"ListItem\",\"position\":1,\"name\":\"In\u00edcio\",\"item\":\"https:\\\/\\\/portalmaisagro.com\\\/\"},{\"@type\":\"ListItem\",\"position\":2,\"name\":\"Escrito nas estrelas: o \u00f4nibus como espa\u00e7o para encontros e conex\u00f5es\"}]},{\"@type\":\"WebSite\",\"@id\":\"https:\\\/\\\/portalmaisagro.com\\\/#website\",\"url\":\"https:\\\/\\\/portalmaisagro.com\\\/\",\"name\":\"MaisAgro\",\"description\":\"O portal do agroneg\u00f3cio\",\"publisher\":{\"@id\":\"https:\\\/\\\/portalmaisagro.com\\\/#organization\"},\"potentialAction\":[{\"@type\":\"SearchAction\",\"target\":{\"@type\":\"EntryPoint\",\"urlTemplate\":\"https:\\\/\\\/portalmaisagro.com\\\/?s={search_term_string}\"},\"query-input\":{\"@type\":\"PropertyValueSpecification\",\"valueRequired\":true,\"valueName\":\"search_term_string\"}}],\"inLanguage\":\"pt-BR\"},{\"@type\":\"Organization\",\"@id\":\"https:\\\/\\\/portalmaisagro.com\\\/#organization\",\"name\":\"MaisAgro\",\"url\":\"https:\\\/\\\/portalmaisagro.com\\\/\",\"logo\":{\"@type\":\"ImageObject\",\"inLanguage\":\"pt-BR\",\"@id\":\"https:\\\/\\\/portalmaisagro.com\\\/#\\\/schema\\\/logo\\\/image\\\/\",\"url\":\"https:\\\/\\\/portalmaisagro.com\\\/wp-content\\\/uploads\\\/2024\\\/11\\\/logo_oficial-e1749247575377.png\",\"contentUrl\":\"https:\\\/\\\/portalmaisagro.com\\\/wp-content\\\/uploads\\\/2024\\\/11\\\/logo_oficial-e1749247575377.png\",\"width\":513,\"height\":107,\"caption\":\"MaisAgro\"},\"image\":{\"@id\":\"https:\\\/\\\/portalmaisagro.com\\\/#\\\/schema\\\/logo\\\/image\\\/\"},\"sameAs\":[\"https:\\\/\\\/www.facebook.com\\\/maisagroportal\"]},{\"@type\":\"Person\",\"@id\":\"https:\\\/\\\/portalmaisagro.com\\\/#\\\/schema\\\/person\\\/ade0f16b5a3434e1ec47b1fbdb9b9318\",\"name\":\"Taiane do Carmo\",\"image\":{\"@type\":\"ImageObject\",\"inLanguage\":\"pt-BR\",\"@id\":\"https:\\\/\\\/portalmaisagro.com\\\/wp-content\\\/uploads\\\/2026\\\/04\\\/images.jpeg640e5d69297d7dd56cc39a10251ad7db\",\"url\":\"https:\\\/\\\/portalmaisagro.com\\\/wp-content\\\/uploads\\\/2026\\\/04\\\/images.jpeg\",\"contentUrl\":\"https:\\\/\\\/portalmaisagro.com\\\/wp-content\\\/uploads\\\/2026\\\/04\\\/images.jpeg\",\"caption\":\"Taiane do Carmo\"},\"url\":\"https:\\\/\\\/portalmaisagro.com\\\/?author=10\"}]}<\/script>\n<!-- \/ Yoast SEO plugin. -->","yoast_head_json":{"title":"Escrito nas estrelas: o \u00f4nibus como espa\u00e7o para encontros e conex\u00f5es - MaisAgro","robots":{"index":"index","follow":"follow","max-snippet":"max-snippet:-1","max-image-preview":"max-image-preview:large","max-video-preview":"max-video-preview:-1"},"canonical":"https:\/\/portalmaisagro.com\/?p=8707","og_locale":"pt_BR","og_type":"article","og_title":"Escrito nas estrelas: o \u00f4nibus como espa\u00e7o para encontros e conex\u00f5es - MaisAgro","og_description":"Mercedes-Benz destaca o \u00f4nibus como espa\u00e7o de encontros, conex\u00f5es e hist\u00f3rias Um \u00f4nibus conecta pessoas todos os dias. Entre embarques e desembarques, h\u00e1 encontros, despedidas, reencontros e in\u00fameras hist\u00f3rias que come\u00e7am sem aviso. Quem embarca com destino definido nem sempre imagina que tamb\u00e9m pode encontrar amizades, amores e conex\u00f5es capazes&hellip;","og_url":"https:\/\/portalmaisagro.com\/?p=8707","og_site_name":"MaisAgro","article_publisher":"https:\/\/www.facebook.com\/maisagroportal","article_published_time":"2026-07-21T13:24:43+00:00","article_modified_time":"2026-07-21T13:25:52+00:00","og_image":[{"width":853,"height":650,"url":"https:\/\/portalmaisagro.com\/wp-content\/uploads\/2026\/07\/img-10534-20260715-142512-410-D06E-20260715-141916-100-4C16_fotoabre-e1784640245215.jpg","type":"image\/jpeg"}],"author":"Taiane do Carmo","twitter_card":"summary_large_image","twitter_misc":{"Escrito por":"Taiane do Carmo","Est. tempo de leitura":"11 minutos"},"schema":{"@context":"https:\/\/schema.org","@graph":[{"@type":"Article","@id":"https:\/\/portalmaisagro.com\/?p=8707#article","isPartOf":{"@id":"https:\/\/portalmaisagro.com\/?p=8707"},"author":{"name":"Taiane do Carmo","@id":"https:\/\/portalmaisagro.com\/#\/schema\/person\/ade0f16b5a3434e1ec47b1fbdb9b9318"},"headline":"Escrito nas estrelas: o \u00f4nibus como espa\u00e7o para encontros e conex\u00f5es","datePublished":"2026-07-21T13:24:43+00:00","dateModified":"2026-07-21T13:25:52+00:00","mainEntityOfPage":{"@id":"https:\/\/portalmaisagro.com\/?p=8707"},"wordCount":1924,"publisher":{"@id":"https:\/\/portalmaisagro.com\/#organization"},"image":{"@id":"https:\/\/portalmaisagro.com\/?p=8707#primaryimage"},"thumbnailUrl":"https:\/\/portalmaisagro.com\/wp-content\/uploads\/2026\/07\/img-10534-20260715-142512-410-D06E-20260715-141916-100-4C16_fotoabre-e1784640245215.jpg","articleSection":["DESTAQUES","GERAL"],"inLanguage":"pt-BR"},{"@type":"WebPage","@id":"https:\/\/portalmaisagro.com\/?p=8707","url":"https:\/\/portalmaisagro.com\/?p=8707","name":"Escrito nas estrelas: o \u00f4nibus como espa\u00e7o para encontros e conex\u00f5es - MaisAgro","isPartOf":{"@id":"https:\/\/portalmaisagro.com\/#website"},"primaryImageOfPage":{"@id":"https:\/\/portalmaisagro.com\/?p=8707#primaryimage"},"image":{"@id":"https:\/\/portalmaisagro.com\/?p=8707#primaryimage"},"thumbnailUrl":"https:\/\/portalmaisagro.com\/wp-content\/uploads\/2026\/07\/img-10534-20260715-142512-410-D06E-20260715-141916-100-4C16_fotoabre-e1784640245215.jpg","datePublished":"2026-07-21T13:24:43+00:00","dateModified":"2026-07-21T13:25:52+00:00","breadcrumb":{"@id":"https:\/\/portalmaisagro.com\/?p=8707#breadcrumb"},"inLanguage":"pt-BR","potentialAction":[{"@type":"ReadAction","target":["https:\/\/portalmaisagro.com\/?p=8707"]}]},{"@type":"ImageObject","inLanguage":"pt-BR","@id":"https:\/\/portalmaisagro.com\/?p=8707#primaryimage","url":"https:\/\/portalmaisagro.com\/wp-content\/uploads\/2026\/07\/img-10534-20260715-142512-410-D06E-20260715-141916-100-4C16_fotoabre-e1784640245215.jpg","contentUrl":"https:\/\/portalmaisagro.com\/wp-content\/uploads\/2026\/07\/img-10534-20260715-142512-410-D06E-20260715-141916-100-4C16_fotoabre-e1784640245215.jpg","width":853,"height":650},{"@type":"BreadcrumbList","@id":"https:\/\/portalmaisagro.com\/?p=8707#breadcrumb","itemListElement":[{"@type":"ListItem","position":1,"name":"In\u00edcio","item":"https:\/\/portalmaisagro.com\/"},{"@type":"ListItem","position":2,"name":"Escrito nas estrelas: o \u00f4nibus como espa\u00e7o para encontros e conex\u00f5es"}]},{"@type":"WebSite","@id":"https:\/\/portalmaisagro.com\/#website","url":"https:\/\/portalmaisagro.com\/","name":"MaisAgro","description":"O portal do agroneg\u00f3cio","publisher":{"@id":"https:\/\/portalmaisagro.com\/#organization"},"potentialAction":[{"@type":"SearchAction","target":{"@type":"EntryPoint","urlTemplate":"https:\/\/portalmaisagro.com\/?s={search_term_string}"},"query-input":{"@type":"PropertyValueSpecification","valueRequired":true,"valueName":"search_term_string"}}],"inLanguage":"pt-BR"},{"@type":"Organization","@id":"https:\/\/portalmaisagro.com\/#organization","name":"MaisAgro","url":"https:\/\/portalmaisagro.com\/","logo":{"@type":"ImageObject","inLanguage":"pt-BR","@id":"https:\/\/portalmaisagro.com\/#\/schema\/logo\/image\/","url":"https:\/\/portalmaisagro.com\/wp-content\/uploads\/2024\/11\/logo_oficial-e1749247575377.png","contentUrl":"https:\/\/portalmaisagro.com\/wp-content\/uploads\/2024\/11\/logo_oficial-e1749247575377.png","width":513,"height":107,"caption":"MaisAgro"},"image":{"@id":"https:\/\/portalmaisagro.com\/#\/schema\/logo\/image\/"},"sameAs":["https:\/\/www.facebook.com\/maisagroportal"]},{"@type":"Person","@id":"https:\/\/portalmaisagro.com\/#\/schema\/person\/ade0f16b5a3434e1ec47b1fbdb9b9318","name":"Taiane do Carmo","image":{"@type":"ImageObject","inLanguage":"pt-BR","@id":"https:\/\/portalmaisagro.com\/wp-content\/uploads\/2026\/04\/images.jpeg640e5d69297d7dd56cc39a10251ad7db","url":"https:\/\/portalmaisagro.com\/wp-content\/uploads\/2026\/04\/images.jpeg","contentUrl":"https:\/\/portalmaisagro.com\/wp-content\/uploads\/2026\/04\/images.jpeg","caption":"Taiane do Carmo"},"url":"https:\/\/portalmaisagro.com\/?author=10"}]}},"jetpack_publicize_connections":[],"authors":[],"_links":{"self":[{"href":"https:\/\/portalmaisagro.com\/index.php?rest_route=\/wp\/v2\/posts\/8707","targetHints":{"allow":["GET"]}}],"collection":[{"href":"https:\/\/portalmaisagro.com\/index.php?rest_route=\/wp\/v2\/posts"}],"about":[{"href":"https:\/\/portalmaisagro.com\/index.php?rest_route=\/wp\/v2\/types\/post"}],"author":[{"embeddable":true,"href":"https:\/\/portalmaisagro.com\/index.php?rest_route=\/wp\/v2\/users\/10"}],"replies":[{"embeddable":true,"href":"https:\/\/portalmaisagro.com\/index.php?rest_route=%2Fwp%2Fv2%2Fcomments&post=8707"}],"version-history":[{"count":2,"href":"https:\/\/portalmaisagro.com\/index.php?rest_route=\/wp\/v2\/posts\/8707\/revisions"}],"predecessor-version":[{"id":8710,"href":"https:\/\/portalmaisagro.com\/index.php?rest_route=\/wp\/v2\/posts\/8707\/revisions\/8710"}],"wp:featuredmedia":[{"embeddable":true,"href":"https:\/\/portalmaisagro.com\/index.php?rest_route=\/wp\/v2\/media\/8708"}],"wp:attachment":[{"href":"https:\/\/portalmaisagro.com\/index.php?rest_route=%2Fwp%2Fv2%2Fmedia&parent=8707"}],"wp:term":[{"taxonomy":"category","embeddable":true,"href":"https:\/\/portalmaisagro.com\/index.php?rest_route=%2Fwp%2Fv2%2Fcategories&post=8707"},{"taxonomy":"post_tag","embeddable":true,"href":"https:\/\/portalmaisagro.com\/index.php?rest_route=%2Fwp%2Fv2%2Ftags&post=8707"}],"curies":[{"name":"wp","href":"https:\/\/api.w.org\/{rel}","templated":true}]}}