{"id":6944,"date":"2026-04-30T14:11:04","date_gmt":"2026-04-30T17:11:04","guid":{"rendered":"https:\/\/portalmaisagro.com\/?p=6944"},"modified":"2026-04-30T14:11:04","modified_gmt":"2026-04-30T17:11:04","slug":"em-brasilia-governo-do-estado-rs-defende-projeto-de-lei-de-renegociacao-das-dividas-de-produtores-rurais-afetados-por-calamidades","status":"publish","type":"post","link":"https:\/\/portalmaisagro.com\/?p=6944","title":{"rendered":"Em Bras\u00edlia, governo do Estado RS defende projeto de lei de renegocia\u00e7\u00e3o das d\u00edvidas de produtores rurais afetados por calamidades"},"content":{"rendered":"<p style=\"text-align: justify\"><em>Projeto foi tema de discuss\u00e3o na reuni\u00e3o da Comiss\u00e3o de Assuntos Econ\u00f4micos no Senado Federal nesta ter\u00e7a (28)<\/em><\/p>\n<p style=\"text-align: justify\">\n<p style=\"text-align: justify\">O governo do Estado RS, por meio da Secretaria da Agricultura, Pecu\u00e1ria, Produ\u00e7\u00e3o Sustent\u00e1vel e Irriga\u00e7\u00e3o (Seapi), acompanhou, nesta ter\u00e7a-feira (28\/4), em Bras\u00edlia, as discuss\u00f5es sobre o projeto de lei 5.122, que autoriza o uso de recursos do fundo social do pr\u00e9-sal para o refinanciamento das d\u00edvidas de produtores rurais afetados por calamidades, como \u00e9 o caso do Rio Grande do Sul. O titular da Seapi, M\u00e1rcio Madalena, participou do encontro no Senado Federal.<\/p>\n<p style=\"text-align: justify\">O projeto foi tema de discuss\u00e3o na reuni\u00e3o da Comiss\u00e3o de Assuntos Econ\u00f4micos (CAE), presidida pelo senador Renan Calheiros e comandada pela senadora Tereza Cristina.<\/p>\n<p style=\"text-align: justify\">No encontro, Madalena destacou que o Rio Grande do Sul vem sofrendo com estiagens severas nos \u00faltimos anos, al\u00e9m das enchentes, que t\u00eam impactado diretamente o produtor rural, por meio da queda de produ\u00e7\u00e3o e do endividamento dos produtores. \u201cO governo entende que o melhor caminho, constru\u00eddo a muitas m\u00e3os, \u00e9 o projeto 5.122 para atender as reivindica\u00e7\u00f5es dos nossos produtores\u201d, enfatizou.<\/p>\n<p style=\"text-align: justify\">O economista chefe da Federa\u00e7\u00e3o da Agricultura do Estado do Rio Grande do Sul (Farsul), Ant\u00f4nio da Luz, apresentou dados que mostram que a carteira de cr\u00e9dito rural do Brasil soma atualmente R$ 881 bilh\u00f5es. Dentro desse total, h\u00e1 opera\u00e7\u00f5es em atraso, inadimplentes, prorrogadas e renegociadas \u2014 conjunto que comp\u00f5e o que \u00e9 chamado de carteira estressada, na ordem de R$ 171 bilh\u00f5es.<\/p>\n<figure id=\"attachment_6946\" aria-describedby=\"caption-attachment-6946\" style=\"width: 945px\" class=\"wp-caption alignnone\"><img loading=\"lazy\" decoding=\"async\" class=\"size-full wp-image-6946\" src=\"https:\/\/portalmaisagro.com\/wp-content\/uploads\/2026\/04\/28173411_2275560_GDO.jpg\" alt=\"\" width=\"945\" height=\"708\" srcset=\"https:\/\/portalmaisagro.com\/wp-content\/uploads\/2026\/04\/28173411_2275560_GDO.jpg 945w, https:\/\/portalmaisagro.com\/wp-content\/uploads\/2026\/04\/28173411_2275560_GDO-300x225.jpg 300w, https:\/\/portalmaisagro.com\/wp-content\/uploads\/2026\/04\/28173411_2275560_GDO-768x575.jpg 768w, https:\/\/portalmaisagro.com\/wp-content\/uploads\/2026\/04\/28173411_2275560_GDO-150x112.jpg 150w\" sizes=\"auto, (max-width: 945px) 100vw, 945px\" \/><figcaption id=\"caption-attachment-6946\" class=\"wp-caption-text\"><strong>A reuni\u00e3o foi presidida pelo senador Renan Calheiros e comandada pela senadora Tereza Cristina &#8211; Foto: Cassiane Os\u00f3rio\/Ascom Seapi<\/strong><\/figcaption><\/figure>\n<p style=\"text-align: justify\">O presidente da Farsul, Domingos Velho Lopes, o 1\u00b0 vice-presidente da Confedera\u00e7\u00e3o Nacional da Agricultura e Pecu\u00e1ria (CNA), Gede\u00e3o Pereira, o presidente da Federa\u00e7\u00e3o dos Trabalhadores na Agricultura do Rio Grande do Sul (Fetag-RS), Eug\u00eanio Zanetti, e deputados federais e estaduais tamb\u00e9m estiveram presentes.<\/p>\n<p style=\"text-align: justify\"><strong>Novas propostas<\/strong><\/p>\n<p style=\"text-align: justify\">O governo federal tem sinalizado com novas propostas, mas, na avalia\u00e7\u00e3o das entidades do agro, essas iniciativas n\u00e3o se mostram as mais apropriadas para o setor. Na tarde desta ter\u00e7a-feira, os senadores Renan Calheiros e Tereza Cristina iriam se reunir com o ministro da Fazenda, Dario Durigan, para discutir as possibilidades e alternativas concretas para a renegocia\u00e7\u00e3o das d\u00edvidas.<\/p>\n<p style=\"text-align: justify\"><sub><em>Texto: Cassiane Os\u00f3rio\/Ascom Seapi<\/em><\/sub><br \/>\n<sub><em>Edi\u00e7\u00e3o: Secom<\/em><\/sub><\/p>\n<p style=\"text-align: justify\"><img loading=\"lazy\" decoding=\"async\" class=\"alignnone  wp-image-6905\" src=\"https:\/\/portalmaisagro.com\/wp-content\/uploads\/2026\/04\/capa-2026-12.png\" alt=\"\" width=\"135\" height=\"177\" srcset=\"https:\/\/portalmaisagro.com\/wp-content\/uploads\/2026\/04\/capa-2026-12.png 298w, https:\/\/portalmaisagro.com\/wp-content\/uploads\/2026\/04\/capa-2026-12-229x300.png 229w, https:\/\/portalmaisagro.com\/wp-content\/uploads\/2026\/04\/capa-2026-12-150x197.png 150w\" sizes=\"auto, (max-width: 135px) 100vw, 135px\" \/><\/p>\n<p style=\"text-align: justify\"><a href=\"https:\/\/digital.agriculturafamiliar.agr.br\/pub\/agriculturafamiliar\/#page\/147\"><strong><em>Conte\u00fado exclusivo de empresas participantes do Anu\u00e1rio Brasileiro do Agroneg\u00f3cio e Agricultura Familiar &#8211; LEIA O ANU\u00c1RIO GRATUITAMENTE\u00a0<\/em><\/strong><\/a><\/p>\n<p style=\"text-align: justify\"><strong><em>\u00a0<\/em><\/strong><\/p>\n<p style=\"text-align: justify\">\n","protected":false},"excerpt":{"rendered":"<p>Projeto foi tema de discuss\u00e3o na reuni\u00e3o da Comiss\u00e3o de Assuntos Econ\u00f4micos no Senado Federal nesta ter\u00e7a (28) O governo do Estado RS, por meio da Secretaria da Agricultura, Pecu\u00e1ria, Produ\u00e7\u00e3o Sustent\u00e1vel e Irriga\u00e7\u00e3o (Seapi), acompanhou, nesta ter\u00e7a-feira (28\/4), em Bras\u00edlia, as discuss\u00f5es sobre o projeto de lei 5.122, que&hellip;<\/p>\n","protected":false},"author":9,"featured_media":6945,"comment_status":"closed","ping_status":"closed","sticky":false,"template":"","format":"standard","meta":{"_crdt_document":"","footnotes":"","jetpack_publicize_message":"","jetpack_publicize_feature_enabled":true,"jetpack_social_post_already_shared":true,"jetpack_social_options":{"image_generator_settings":{"template":"highway","default_image_id":0,"font":"","enabled":false},"version":2}},"categories":[3,131,9],"tags":[],"class_list":["post-6944","post","type-post","status-publish","format-standard","has-post-thumbnail","hentry","category-agricultura","category-destaques","category-politicas-publicas"],"yoast_head":"<!-- This site is optimized with the Yoast SEO plugin v27.1.1 - https:\/\/yoast.com\/product\/yoast-seo-wordpress\/ -->\n<title>Em Bras\u00edlia, governo do Estado RS defende projeto de lei de renegocia\u00e7\u00e3o das d\u00edvidas de produtores rurais afetados por calamidades - MaisAgro<\/title>\n<meta name=\"robots\" content=\"index, follow, max-snippet:-1, max-image-preview:large, max-video-preview:-1\" \/>\n<link rel=\"canonical\" href=\"https:\/\/portalmaisagro.com\/?p=6944\" \/>\n<meta property=\"og:locale\" content=\"pt_BR\" \/>\n<meta property=\"og:type\" content=\"article\" \/>\n<meta property=\"og:title\" content=\"Em Bras\u00edlia, governo do Estado RS defende projeto de lei de renegocia\u00e7\u00e3o das d\u00edvidas de produtores rurais afetados por calamidades - MaisAgro\" \/>\n<meta property=\"og:description\" content=\"Projeto foi tema de discuss\u00e3o na reuni\u00e3o da Comiss\u00e3o de Assuntos Econ\u00f4micos no Senado Federal nesta ter\u00e7a (28) O governo do Estado RS, por meio da Secretaria da Agricultura, Pecu\u00e1ria, Produ\u00e7\u00e3o Sustent\u00e1vel e Irriga\u00e7\u00e3o (Seapi), acompanhou, nesta ter\u00e7a-feira (28\/4), em Bras\u00edlia, as discuss\u00f5es sobre o projeto de lei 5.122, que&hellip;\" \/>\n<meta property=\"og:url\" content=\"https:\/\/portalmaisagro.com\/?p=6944\" \/>\n<meta property=\"og:site_name\" content=\"MaisAgro\" \/>\n<meta property=\"article:publisher\" content=\"https:\/\/www.facebook.com\/maisagroportal\" \/>\n<meta property=\"article:published_time\" content=\"2026-04-30T17:11:04+00:00\" \/>\n<meta property=\"og:image\" content=\"https:\/\/portalmaisagro.com\/wp-content\/uploads\/2026\/04\/28173554_2275571_GD.jpg\" \/>\n\t<meta property=\"og:image:width\" content=\"945\" \/>\n\t<meta property=\"og:image:height\" content=\"532\" \/>\n\t<meta property=\"og:image:type\" content=\"image\/jpeg\" \/>\n<meta name=\"author\" content=\"redacao\" \/>\n<meta name=\"twitter:card\" content=\"summary_large_image\" \/>\n<meta name=\"twitter:label1\" content=\"Escrito por\" \/>\n\t<meta name=\"twitter:data1\" content=\"redacao\" \/>\n\t<meta name=\"twitter:label2\" content=\"Est. tempo de leitura\" \/>\n\t<meta name=\"twitter:data2\" content=\"3 minutos\" \/>\n<script type=\"application\/ld+json\" class=\"yoast-schema-graph\">{\"@context\":\"https:\/\/schema.org\",\"@graph\":[{\"@type\":\"Article\",\"@id\":\"https:\/\/portalmaisagro.com\/?p=6944#article\",\"isPartOf\":{\"@id\":\"https:\/\/portalmaisagro.com\/?p=6944\"},\"author\":{\"name\":\"redacao\",\"@id\":\"https:\/\/portalmaisagro.com\/#\/schema\/person\/050e9abfb05c1dcdc951ce03d575758d\"},\"headline\":\"Em Bras\u00edlia, governo do Estado RS defende projeto de lei de renegocia\u00e7\u00e3o das d\u00edvidas de produtores rurais afetados por calamidades\",\"datePublished\":\"2026-04-30T17:11:04+00:00\",\"mainEntityOfPage\":{\"@id\":\"https:\/\/portalmaisagro.com\/?p=6944\"},\"wordCount\":462,\"publisher\":{\"@id\":\"https:\/\/portalmaisagro.com\/#organization\"},\"image\":{\"@id\":\"https:\/\/portalmaisagro.com\/?p=6944#primaryimage\"},\"thumbnailUrl\":\"https:\/\/portalmaisagro.com\/wp-content\/uploads\/2026\/04\/28173554_2275571_GD.jpg\",\"articleSection\":[\"AGRICULTURA\",\"DESTAQUES\",\"POL\u00cdTICAS P\u00daBLICAS\"],\"inLanguage\":\"pt-BR\"},{\"@type\":\"WebPage\",\"@id\":\"https:\/\/portalmaisagro.com\/?p=6944\",\"url\":\"https:\/\/portalmaisagro.com\/?p=6944\",\"name\":\"Em Bras\u00edlia, governo do Estado RS defende projeto de lei de renegocia\u00e7\u00e3o das d\u00edvidas de produtores rurais afetados por calamidades - MaisAgro\",\"isPartOf\":{\"@id\":\"https:\/\/portalmaisagro.com\/#website\"},\"primaryImageOfPage\":{\"@id\":\"https:\/\/portalmaisagro.com\/?p=6944#primaryimage\"},\"image\":{\"@id\":\"https:\/\/portalmaisagro.com\/?p=6944#primaryimage\"},\"thumbnailUrl\":\"https:\/\/portalmaisagro.com\/wp-content\/uploads\/2026\/04\/28173554_2275571_GD.jpg\",\"datePublished\":\"2026-04-30T17:11:04+00:00\",\"breadcrumb\":{\"@id\":\"https:\/\/portalmaisagro.com\/?p=6944#breadcrumb\"},\"inLanguage\":\"pt-BR\",\"potentialAction\":[{\"@type\":\"ReadAction\",\"target\":[\"https:\/\/portalmaisagro.com\/?p=6944\"]}]},{\"@type\":\"ImageObject\",\"inLanguage\":\"pt-BR\",\"@id\":\"https:\/\/portalmaisagro.com\/?p=6944#primaryimage\",\"url\":\"https:\/\/portalmaisagro.com\/wp-content\/uploads\/2026\/04\/28173554_2275571_GD.jpg\",\"contentUrl\":\"https:\/\/portalmaisagro.com\/wp-content\/uploads\/2026\/04\/28173554_2275571_GD.jpg\",\"width\":945,\"height\":532},{\"@type\":\"BreadcrumbList\",\"@id\":\"https:\/\/portalmaisagro.com\/?p=6944#breadcrumb\",\"itemListElement\":[{\"@type\":\"ListItem\",\"position\":1,\"name\":\"In\u00edcio\",\"item\":\"https:\/\/portalmaisagro.com\/\"},{\"@type\":\"ListItem\",\"position\":2,\"name\":\"Em Bras\u00edlia, governo do Estado RS defende projeto de lei de renegocia\u00e7\u00e3o das d\u00edvidas de produtores rurais afetados por calamidades\"}]},{\"@type\":\"WebSite\",\"@id\":\"https:\/\/portalmaisagro.com\/#website\",\"url\":\"https:\/\/portalmaisagro.com\/\",\"name\":\"MaisAgro\",\"description\":\"O portal do agroneg\u00f3cio\",\"publisher\":{\"@id\":\"https:\/\/portalmaisagro.com\/#organization\"},\"potentialAction\":[{\"@type\":\"SearchAction\",\"target\":{\"@type\":\"EntryPoint\",\"urlTemplate\":\"https:\/\/portalmaisagro.com\/?s={search_term_string}\"},\"query-input\":{\"@type\":\"PropertyValueSpecification\",\"valueRequired\":true,\"valueName\":\"search_term_string\"}}],\"inLanguage\":\"pt-BR\"},{\"@type\":\"Organization\",\"@id\":\"https:\/\/portalmaisagro.com\/#organization\",\"name\":\"MaisAgro\",\"url\":\"https:\/\/portalmaisagro.com\/\",\"logo\":{\"@type\":\"ImageObject\",\"inLanguage\":\"pt-BR\",\"@id\":\"https:\/\/portalmaisagro.com\/#\/schema\/logo\/image\/\",\"url\":\"https:\/\/portalmaisagro.com\/wp-content\/uploads\/2024\/11\/logo_oficial-e1749247575377.png\",\"contentUrl\":\"https:\/\/portalmaisagro.com\/wp-content\/uploads\/2024\/11\/logo_oficial-e1749247575377.png\",\"width\":513,\"height\":107,\"caption\":\"MaisAgro\"},\"image\":{\"@id\":\"https:\/\/portalmaisagro.com\/#\/schema\/logo\/image\/\"},\"sameAs\":[\"https:\/\/www.facebook.com\/maisagroportal\"]},{\"@type\":\"Person\",\"@id\":\"https:\/\/portalmaisagro.com\/#\/schema\/person\/050e9abfb05c1dcdc951ce03d575758d\",\"name\":\"redacao\",\"image\":{\"@type\":\"ImageObject\",\"inLanguage\":\"pt-BR\",\"@id\":\"https:\/\/portalmaisagro.com\/#\/schema\/person\/image\/640e5d69297d7dd56cc39a10251ad7db\",\"url\":\"https:\/\/portalmaisagro.com\/wp-content\/uploads\/2026\/04\/images.jpeg\",\"contentUrl\":\"https:\/\/portalmaisagro.com\/wp-content\/uploads\/2026\/04\/images.jpeg\",\"caption\":\"redacao\"},\"url\":\"https:\/\/portalmaisagro.com\/?author=9\"}]}<\/script>\n<!-- \/ Yoast SEO plugin. -->","yoast_head_json":{"title":"Em Bras\u00edlia, governo do Estado RS defende projeto de lei de renegocia\u00e7\u00e3o das d\u00edvidas de produtores rurais afetados por calamidades - MaisAgro","robots":{"index":"index","follow":"follow","max-snippet":"max-snippet:-1","max-image-preview":"max-image-preview:large","max-video-preview":"max-video-preview:-1"},"canonical":"https:\/\/portalmaisagro.com\/?p=6944","og_locale":"pt_BR","og_type":"article","og_title":"Em Bras\u00edlia, governo do Estado RS defende projeto de lei de renegocia\u00e7\u00e3o das d\u00edvidas de produtores rurais afetados por calamidades - MaisAgro","og_description":"Projeto foi tema de discuss\u00e3o na reuni\u00e3o da Comiss\u00e3o de Assuntos Econ\u00f4micos no Senado Federal nesta ter\u00e7a (28) O governo do Estado RS, por meio da Secretaria da Agricultura, Pecu\u00e1ria, Produ\u00e7\u00e3o Sustent\u00e1vel e Irriga\u00e7\u00e3o (Seapi), acompanhou, nesta ter\u00e7a-feira (28\/4), em Bras\u00edlia, as discuss\u00f5es sobre o projeto de lei 5.122, que&hellip;","og_url":"https:\/\/portalmaisagro.com\/?p=6944","og_site_name":"MaisAgro","article_publisher":"https:\/\/www.facebook.com\/maisagroportal","article_published_time":"2026-04-30T17:11:04+00:00","og_image":[{"width":945,"height":532,"url":"https:\/\/portalmaisagro.com\/wp-content\/uploads\/2026\/04\/28173554_2275571_GD.jpg","type":"image\/jpeg"}],"author":"redacao","twitter_card":"summary_large_image","twitter_misc":{"Escrito por":"redacao","Est. tempo de leitura":"3 minutos"},"schema":{"@context":"https:\/\/schema.org","@graph":[{"@type":"Article","@id":"https:\/\/portalmaisagro.com\/?p=6944#article","isPartOf":{"@id":"https:\/\/portalmaisagro.com\/?p=6944"},"author":{"name":"redacao","@id":"https:\/\/portalmaisagro.com\/#\/schema\/person\/050e9abfb05c1dcdc951ce03d575758d"},"headline":"Em Bras\u00edlia, governo do Estado RS defende projeto de lei de renegocia\u00e7\u00e3o das d\u00edvidas de produtores rurais afetados por calamidades","datePublished":"2026-04-30T17:11:04+00:00","mainEntityOfPage":{"@id":"https:\/\/portalmaisagro.com\/?p=6944"},"wordCount":462,"publisher":{"@id":"https:\/\/portalmaisagro.com\/#organization"},"image":{"@id":"https:\/\/portalmaisagro.com\/?p=6944#primaryimage"},"thumbnailUrl":"https:\/\/portalmaisagro.com\/wp-content\/uploads\/2026\/04\/28173554_2275571_GD.jpg","articleSection":["AGRICULTURA","DESTAQUES","POL\u00cdTICAS P\u00daBLICAS"],"inLanguage":"pt-BR"},{"@type":"WebPage","@id":"https:\/\/portalmaisagro.com\/?p=6944","url":"https:\/\/portalmaisagro.com\/?p=6944","name":"Em Bras\u00edlia, governo do Estado RS defende projeto de lei de renegocia\u00e7\u00e3o das d\u00edvidas de produtores rurais afetados por calamidades - MaisAgro","isPartOf":{"@id":"https:\/\/portalmaisagro.com\/#website"},"primaryImageOfPage":{"@id":"https:\/\/portalmaisagro.com\/?p=6944#primaryimage"},"image":{"@id":"https:\/\/portalmaisagro.com\/?p=6944#primaryimage"},"thumbnailUrl":"https:\/\/portalmaisagro.com\/wp-content\/uploads\/2026\/04\/28173554_2275571_GD.jpg","datePublished":"2026-04-30T17:11:04+00:00","breadcrumb":{"@id":"https:\/\/portalmaisagro.com\/?p=6944#breadcrumb"},"inLanguage":"pt-BR","potentialAction":[{"@type":"ReadAction","target":["https:\/\/portalmaisagro.com\/?p=6944"]}]},{"@type":"ImageObject","inLanguage":"pt-BR","@id":"https:\/\/portalmaisagro.com\/?p=6944#primaryimage","url":"https:\/\/portalmaisagro.com\/wp-content\/uploads\/2026\/04\/28173554_2275571_GD.jpg","contentUrl":"https:\/\/portalmaisagro.com\/wp-content\/uploads\/2026\/04\/28173554_2275571_GD.jpg","width":945,"height":532},{"@type":"BreadcrumbList","@id":"https:\/\/portalmaisagro.com\/?p=6944#breadcrumb","itemListElement":[{"@type":"ListItem","position":1,"name":"In\u00edcio","item":"https:\/\/portalmaisagro.com\/"},{"@type":"ListItem","position":2,"name":"Em Bras\u00edlia, governo do Estado RS defende projeto de lei de renegocia\u00e7\u00e3o das d\u00edvidas de produtores rurais afetados por calamidades"}]},{"@type":"WebSite","@id":"https:\/\/portalmaisagro.com\/#website","url":"https:\/\/portalmaisagro.com\/","name":"MaisAgro","description":"O portal do agroneg\u00f3cio","publisher":{"@id":"https:\/\/portalmaisagro.com\/#organization"},"potentialAction":[{"@type":"SearchAction","target":{"@type":"EntryPoint","urlTemplate":"https:\/\/portalmaisagro.com\/?s={search_term_string}"},"query-input":{"@type":"PropertyValueSpecification","valueRequired":true,"valueName":"search_term_string"}}],"inLanguage":"pt-BR"},{"@type":"Organization","@id":"https:\/\/portalmaisagro.com\/#organization","name":"MaisAgro","url":"https:\/\/portalmaisagro.com\/","logo":{"@type":"ImageObject","inLanguage":"pt-BR","@id":"https:\/\/portalmaisagro.com\/#\/schema\/logo\/image\/","url":"https:\/\/portalmaisagro.com\/wp-content\/uploads\/2024\/11\/logo_oficial-e1749247575377.png","contentUrl":"https:\/\/portalmaisagro.com\/wp-content\/uploads\/2024\/11\/logo_oficial-e1749247575377.png","width":513,"height":107,"caption":"MaisAgro"},"image":{"@id":"https:\/\/portalmaisagro.com\/#\/schema\/logo\/image\/"},"sameAs":["https:\/\/www.facebook.com\/maisagroportal"]},{"@type":"Person","@id":"https:\/\/portalmaisagro.com\/#\/schema\/person\/050e9abfb05c1dcdc951ce03d575758d","name":"redacao","image":{"@type":"ImageObject","inLanguage":"pt-BR","@id":"https:\/\/portalmaisagro.com\/#\/schema\/person\/image\/640e5d69297d7dd56cc39a10251ad7db","url":"https:\/\/portalmaisagro.com\/wp-content\/uploads\/2026\/04\/images.jpeg","contentUrl":"https:\/\/portalmaisagro.com\/wp-content\/uploads\/2026\/04\/images.jpeg","caption":"redacao"},"url":"https:\/\/portalmaisagro.com\/?author=9"}]}},"jetpack_publicize_connections":[],"authors":[],"_links":{"self":[{"href":"https:\/\/portalmaisagro.com\/index.php?rest_route=\/wp\/v2\/posts\/6944","targetHints":{"allow":["GET"]}}],"collection":[{"href":"https:\/\/portalmaisagro.com\/index.php?rest_route=\/wp\/v2\/posts"}],"about":[{"href":"https:\/\/portalmaisagro.com\/index.php?rest_route=\/wp\/v2\/types\/post"}],"author":[{"embeddable":true,"href":"https:\/\/portalmaisagro.com\/index.php?rest_route=\/wp\/v2\/users\/9"}],"replies":[{"embeddable":true,"href":"https:\/\/portalmaisagro.com\/index.php?rest_route=%2Fwp%2Fv2%2Fcomments&post=6944"}],"version-history":[{"count":1,"href":"https:\/\/portalmaisagro.com\/index.php?rest_route=\/wp\/v2\/posts\/6944\/revisions"}],"predecessor-version":[{"id":6947,"href":"https:\/\/portalmaisagro.com\/index.php?rest_route=\/wp\/v2\/posts\/6944\/revisions\/6947"}],"wp:featuredmedia":[{"embeddable":true,"href":"https:\/\/portalmaisagro.com\/index.php?rest_route=\/wp\/v2\/media\/6945"}],"wp:attachment":[{"href":"https:\/\/portalmaisagro.com\/index.php?rest_route=%2Fwp%2Fv2%2Fmedia&parent=6944"}],"wp:term":[{"taxonomy":"category","embeddable":true,"href":"https:\/\/portalmaisagro.com\/index.php?rest_route=%2Fwp%2Fv2%2Fcategories&post=6944"},{"taxonomy":"post_tag","embeddable":true,"href":"https:\/\/portalmaisagro.com\/index.php?rest_route=%2Fwp%2Fv2%2Ftags&post=6944"}],"curies":[{"name":"wp","href":"https:\/\/api.w.org\/{rel}","templated":true}]}}