{"id":6936,"date":"2026-04-27T15:33:34","date_gmt":"2026-04-27T18:33:34","guid":{"rendered":"https:\/\/portalmaisagro.com\/?p=6936"},"modified":"2026-04-27T15:33:34","modified_gmt":"2026-04-27T18:33:34","slug":"gerdau-destaca-solucoes-para-os-desafios-do-agronegocio-na-agrishow-2026","status":"publish","type":"post","link":"https:\/\/portalmaisagro.com\/?p=6936","title":{"rendered":"Gerdau destaca solu\u00e7\u00f5es para os desafios do agroneg\u00f3cio na Agrishow 2026"},"content":{"rendered":"<p style=\"text-align: justify\"><em>Companhia refor\u00e7a atua\u00e7\u00e3o como parceira estrat\u00e9gica para a competitividade do setor agroindustrial\u00a0<\/em><em>durante a 31<\/em><em>\u00aa edi\u00e7\u00e3o da principal feira do setor da Am\u00e9rica Latina<\/em><\/p>\n<p>&nbsp;<\/p>\n<p style=\"text-align: justify\">A Gerdau, maior empresa brasileira produtora de a\u00e7o, apresenta, na 31\u00aa edi\u00e7\u00e3o da Agrishow 2026, solu\u00e7\u00f5es voltadas aos principais desafios do agroneg\u00f3cio, com produtividade, efici\u00eancia e durabilidade no campo. Durante a principal feira de tecnologia para o agroneg\u00f3cio da Am\u00e9rica Latina, realizada em Ribeir\u00e3o Preto (SP), entre os dias 27 de abril e 1\u00ba de maio, a companhia refor\u00e7a sua atua\u00e7\u00e3o como parceira estrat\u00e9gica ao oferecer a\u00e7o tanto para a infraestrutura no campo quanto como mat\u00e9ria-prima essencial para ind\u00fastria de m\u00e1quinas e equipamentos agr\u00edcolas. Dessa forma, conecta tradi\u00e7\u00e3o, inova\u00e7\u00e3o e desenvolvimento em conjunto com clientes em toda a cadeia agroindustrial.<\/p>\n<p style=\"text-align: justify\">A Gerdau chega \u00e0 sua 23\u00aa participa\u00e7\u00e3o na Agrishow levando ao evento uma atua\u00e7\u00e3o estruturada em dois eixos estrat\u00e9gicos para o agroneg\u00f3cio: a\u00e7o para a infraestrutura do campo, levando a tradi\u00e7\u00e3o, a confiabilidade e a durabilidade de suas solu\u00e7\u00f5es \u00e0 realidade do produtor rural, e a\u00e7o como mat\u00e9ria-prima para a ind\u00fastria de m\u00e1quinas e equipamentos agr\u00edcolas, ampliando sua atua\u00e7\u00e3o junto \u00e0 ind\u00fastria e posicionando-se como parceira do setor por meio de inova\u00e7\u00e3o, desenvolvimento conjunto, atendimento t\u00e9cnico especializado e um portf\u00f3lio completo de a\u00e7os de alto desempenho. A estrat\u00e9gia reflete a oferta de solu\u00e7\u00f5es em a\u00e7o de maior valor agregado e o compromisso da companhia em apoiar o desenvolvimento da cadeia agroindustrial na amplia\u00e7\u00e3o da produtividade, efici\u00eancia e capacidade de competir em um cen\u00e1rio global cada vez mais desafiador.<\/p>\n<p style=\"text-align: justify\">Para Maur\u00edcio Metz, vice-presidente de A\u00e7os Longos e A\u00e7os Especiais Brasil da Gerdau, a presen\u00e7a na Agrishow 2026 reflete o foco da empresa no suporte ao crescimento do agroneg\u00f3cio nacional. \u201cO agroneg\u00f3cio \u00e9 um motor vital da economia brasileira e, por isso, atuamos em duas frentes complementares a partir de um portf\u00f3lio de produtos em solu\u00e7\u00f5es em a\u00e7o completos, apoiando a infraestrutura do campo e impulsionando a ind\u00fastria de m\u00e1quinas e equipamentos agr\u00edcolas. Na Gerdau, atuamos com solu\u00e7\u00f5es em a\u00e7o de alto desempenho que contribuem diretamente para a produtividade e a competitividade dos clientes. Queremos ser parceiros estrat\u00e9gicos nesse processo de evolu\u00e7\u00e3o cont\u00ednua do setor\u201d, explica Metz.<\/p>\n<p style=\"text-align: justify\">Essas solu\u00e7\u00f5es, tanto para o campo quanto para a ind\u00fastria de m\u00e1quinas e equipamentos, v\u00eam sendo continuamente aprimoradas por meio de investimentos recentes em moderniza\u00e7\u00e3o industrial. Entre os avan\u00e7os est\u00e1 a implementa\u00e7\u00e3o do novo laminador de bobinas a quente da Gerdau, inaugurado no \u00faltimo ano na usina de Ouro Branco (MG), que eleva o padr\u00e3o de qualidade e competitividade das diferentes linhas de a\u00e7o produzidas pela companhia. A nova estrutura amplia a capacidade produtiva e aprimora caracter\u00edsticas metal\u00fargicas dos materiais, garantindo maior precis\u00e3o, desempenho e confiabilidade nas aplica\u00e7\u00f5es industriais.<\/p>\n<p style=\"text-align: justify\"><strong>Presen\u00e7a na feira<\/strong><\/p>\n<p style=\"text-align: justify\">No\u00a0estande da Gerdau, os visitantes poder\u00e3o acompanhar din\u00e2micas pr\u00e1ticas de montagem de cercas, com demonstra\u00e7\u00f5es de produtos como arames ovalados e arames farpados, al\u00e9m de conhecer aplica\u00e7\u00f5es de engenharia desenvolvidas com a\u00e7o da companhia e utilizadas em equipamentos agr\u00edcolas. A experi\u00eancia tamb\u00e9m apresenta a\u00a0amplitude do portf\u00f3lio da empresa para o agroneg\u00f3cio, que inclui barras, perfis estruturais, chapas grossas e bobinas, materiais amplamente empregados na fabrica\u00e7\u00e3o de m\u00e1quinas, implementos e estruturas utilizadas no campo. A companhia ainda aproveitar\u00e1 a feira para refor\u00e7ar a confiabilidade e a tradi\u00e7\u00e3o de seus produtos voltados \u00e0 infraestrutura rural, produzidos no Brasil em unidades industriais estrat\u00e9gicas e reconhecidos pela qualidade e durabilidade no campo.<\/p>\n<p style=\"text-align: justify\">Para tornar a visita ainda mais interativa, o espa\u00e7o contar\u00e1 com uma \u00e1rea instagram\u00e1vel e ativa\u00e7\u00f5es especiais voltadas ao engajamento do p\u00fablico. Entre elas, uma din\u00e2mica inspirada em m\u00e1quina de pegar pel\u00facias, com a \u201cgarra da Gerdau\u201d, na qual os participantes poder\u00e3o capturar\u00a0almofadas de pel\u00facia\u00a0em formatos ic\u00f4nicos da marca, como o arame\u00a0Gir\u00a0e Elefante. O estande tamb\u00e9m contar\u00e1 com uma \u00e1rea 360\u00ba com experi\u00eancias\u00a0<em>hands-on<\/em>, permitindo aos visitantes intera\u00e7\u00e3o direta com produtos e solu\u00e7\u00f5es da companhia.<\/p>\n<p style=\"text-align: justify\">A Agrishow \u00e9 realizada anualmente em Ribeir\u00e3o Preto (SP) e \u00e9 considerada uma das maiores feiras de tecnologia agr\u00edcola do mundo e a mais importante da Am\u00e9rica Latina.\u00a0 Com o tema \u201cA for\u00e7a de nossas ra\u00edzes\u201d, a edi\u00e7\u00e3o deste ano destaca a trajet\u00f3ria constru\u00edda pelo agroneg\u00f3cio brasileiro ao longo das \u00faltimas d\u00e9cadas e a evolu\u00e7\u00e3o tecnol\u00f3gica que sustenta sua competitividade global. O evento reunir\u00e1 cerca de 800 marcas expositoras e ser\u00e1 palco de lan\u00e7amentos e tend\u00eancias para o agroneg\u00f3cio, atraindo pequenos, m\u00e9dios e grandes produtores rurais, al\u00e9m de delega\u00e7\u00f5es internacionais, consolidando-se como o maior ambiente de gera\u00e7\u00e3o de neg\u00f3cios e atualiza\u00e7\u00e3o tecnol\u00f3gica do setor.<\/p>\n<p style=\"text-align: justify\"><strong>Servi\u00e7o:<\/strong><\/p>\n<p style=\"text-align: justify\"><strong>Data:\u00a0<\/strong>27 de abril e\u00a01\u00ba\u00a0de maio<\/p>\n<p style=\"text-align: justify\"><strong>Hor\u00e1rio:\u00a0<\/strong>8h \u00e0s 18h<\/p>\n<p style=\"text-align: justify\"><strong>Local:\u00a0<\/strong>Rodovia Prefeito Ant\u00f4nio Duarte Nogueira, Km 321, em Ribeir\u00e3o Preto\/SP<\/p>\n<p style=\"text-align: justify\"><strong>Stand Gerdau:\u00a0<\/strong>Rua F7-A<\/p>\n<p style=\"text-align: justify\"><strong>ASCOM GERDAU<\/strong><\/p>\n<p style=\"text-align: justify\"><img loading=\"lazy\" decoding=\"async\" class=\"alignnone  wp-image-6905\" src=\"https:\/\/portalmaisagro.com\/wp-content\/uploads\/2026\/04\/capa-2026-12.png\" alt=\"\" width=\"169\" height=\"222\" srcset=\"https:\/\/portalmaisagro.com\/wp-content\/uploads\/2026\/04\/capa-2026-12.png 298w, https:\/\/portalmaisagro.com\/wp-content\/uploads\/2026\/04\/capa-2026-12-229x300.png 229w, https:\/\/portalmaisagro.com\/wp-content\/uploads\/2026\/04\/capa-2026-12-150x197.png 150w\" sizes=\"auto, (max-width: 169px) 100vw, 169px\" \/><\/p>\n<p style=\"text-align: justify\"><a href=\"https:\/\/digital.agriculturafamiliar.agr.br\/pub\/agriculturafamiliar\/#page\/147\"><strong><em>Conte\u00fado exclusivo de empresas participantes do Anu\u00e1rio Brasileiro do Agroneg\u00f3cio e Agricultura Familiar &#8211; LEIA O ANU\u00c1RIO GRATUITAMENTE<\/em><\/strong><\/a><\/p>\n","protected":false},"excerpt":{"rendered":"<p>Companhia refor\u00e7a atua\u00e7\u00e3o como parceira estrat\u00e9gica para a competitividade do setor agroindustrial\u00a0durante a 31\u00aa edi\u00e7\u00e3o da principal feira do setor da Am\u00e9rica Latina &nbsp; A Gerdau, maior empresa brasileira produtora de a\u00e7o, apresenta, na 31\u00aa edi\u00e7\u00e3o da Agrishow 2026, solu\u00e7\u00f5es voltadas aos principais desafios do agroneg\u00f3cio, com produtividade, efici\u00eancia e&hellip;<\/p>\n","protected":false},"author":9,"featured_media":6937,"comment_status":"closed","ping_status":"closed","sticky":false,"template":"","format":"standard","meta":{"_crdt_document":"","footnotes":"","jetpack_publicize_message":"","jetpack_publicize_feature_enabled":true,"jetpack_social_post_already_shared":true,"jetpack_social_options":{"image_generator_settings":{"template":"highway","default_image_id":0,"font":"","enabled":false},"version":2}},"categories":[159,36,131,4,58,149],"tags":[],"class_list":["post-6936","post","type-post","status-publish","format-standard","has-post-thumbnail","hentry","category-agronegocio","category-bovinos-de-corte","category-destaques","category-pecuaria","category-saude-animal-mais","category-solucoes-agricolas"],"yoast_head":"<!-- This site is optimized with the Yoast SEO plugin v27.1.1 - https:\/\/yoast.com\/product\/yoast-seo-wordpress\/ -->\n<title>Gerdau destaca solu\u00e7\u00f5es para os desafios do agroneg\u00f3cio na Agrishow 2026 - MaisAgro<\/title>\n<meta name=\"robots\" content=\"index, follow, max-snippet:-1, max-image-preview:large, max-video-preview:-1\" \/>\n<link rel=\"canonical\" href=\"https:\/\/portalmaisagro.com\/?p=6936\" \/>\n<meta property=\"og:locale\" content=\"pt_BR\" \/>\n<meta property=\"og:type\" content=\"article\" \/>\n<meta property=\"og:title\" content=\"Gerdau destaca solu\u00e7\u00f5es para os desafios do agroneg\u00f3cio na Agrishow 2026 - MaisAgro\" \/>\n<meta property=\"og:description\" content=\"Companhia refor\u00e7a atua\u00e7\u00e3o como parceira estrat\u00e9gica para a competitividade do setor agroindustrial\u00a0durante a 31\u00aa edi\u00e7\u00e3o da principal feira do setor da Am\u00e9rica Latina &nbsp; A Gerdau, maior empresa brasileira produtora de a\u00e7o, apresenta, na 31\u00aa edi\u00e7\u00e3o da Agrishow 2026, solu\u00e7\u00f5es voltadas aos principais desafios do agroneg\u00f3cio, com produtividade, efici\u00eancia e&hellip;\" \/>\n<meta property=\"og:url\" content=\"https:\/\/portalmaisagro.com\/?p=6936\" \/>\n<meta property=\"og:site_name\" content=\"MaisAgro\" \/>\n<meta property=\"article:publisher\" content=\"https:\/\/www.facebook.com\/maisagroportal\" \/>\n<meta property=\"article:published_time\" content=\"2026-04-27T18:33:34+00:00\" \/>\n<meta property=\"og:image\" content=\"https:\/\/portalmaisagro.com\/wp-content\/uploads\/2026\/04\/capas-dos-realeases-24-934x934-1.webp\" \/>\n\t<meta property=\"og:image:width\" content=\"934\" \/>\n\t<meta property=\"og:image:height\" content=\"934\" \/>\n\t<meta property=\"og:image:type\" content=\"image\/webp\" \/>\n<meta name=\"author\" content=\"redacao\" \/>\n<meta name=\"twitter:card\" content=\"summary_large_image\" \/>\n<meta name=\"twitter:label1\" content=\"Escrito por\" \/>\n\t<meta name=\"twitter:data1\" content=\"redacao\" \/>\n\t<meta name=\"twitter:label2\" content=\"Est. tempo de leitura\" \/>\n\t<meta name=\"twitter:data2\" content=\"5 minutos\" \/>\n<script type=\"application\/ld+json\" class=\"yoast-schema-graph\">{\"@context\":\"https:\/\/schema.org\",\"@graph\":[{\"@type\":\"Article\",\"@id\":\"https:\/\/portalmaisagro.com\/?p=6936#article\",\"isPartOf\":{\"@id\":\"https:\/\/portalmaisagro.com\/?p=6936\"},\"author\":{\"name\":\"redacao\",\"@id\":\"https:\/\/portalmaisagro.com\/#\/schema\/person\/050e9abfb05c1dcdc951ce03d575758d\"},\"headline\":\"Gerdau destaca solu\u00e7\u00f5es para os desafios do agroneg\u00f3cio na Agrishow 2026\",\"datePublished\":\"2026-04-27T18:33:34+00:00\",\"mainEntityOfPage\":{\"@id\":\"https:\/\/portalmaisagro.com\/?p=6936\"},\"wordCount\":927,\"publisher\":{\"@id\":\"https:\/\/portalmaisagro.com\/#organization\"},\"image\":{\"@id\":\"https:\/\/portalmaisagro.com\/?p=6936#primaryimage\"},\"thumbnailUrl\":\"https:\/\/portalmaisagro.com\/wp-content\/uploads\/2026\/04\/capas-dos-realeases-24-934x934-1.webp\",\"articleSection\":[\"AGRONEG\u00d3CIO\",\"BOVINOS DE CORTE\",\"DESTAQUES\",\"PECU\u00c1RIA\",\"SA\u00daDE ANIMAL\",\"SOLU\u00c7\u00d5ES AGR\u00cdCOLAS\"],\"inLanguage\":\"pt-BR\"},{\"@type\":\"WebPage\",\"@id\":\"https:\/\/portalmaisagro.com\/?p=6936\",\"url\":\"https:\/\/portalmaisagro.com\/?p=6936\",\"name\":\"Gerdau destaca solu\u00e7\u00f5es para os desafios do agroneg\u00f3cio na Agrishow 2026 - MaisAgro\",\"isPartOf\":{\"@id\":\"https:\/\/portalmaisagro.com\/#website\"},\"primaryImageOfPage\":{\"@id\":\"https:\/\/portalmaisagro.com\/?p=6936#primaryimage\"},\"image\":{\"@id\":\"https:\/\/portalmaisagro.com\/?p=6936#primaryimage\"},\"thumbnailUrl\":\"https:\/\/portalmaisagro.com\/wp-content\/uploads\/2026\/04\/capas-dos-realeases-24-934x934-1.webp\",\"datePublished\":\"2026-04-27T18:33:34+00:00\",\"breadcrumb\":{\"@id\":\"https:\/\/portalmaisagro.com\/?p=6936#breadcrumb\"},\"inLanguage\":\"pt-BR\",\"potentialAction\":[{\"@type\":\"ReadAction\",\"target\":[\"https:\/\/portalmaisagro.com\/?p=6936\"]}]},{\"@type\":\"ImageObject\",\"inLanguage\":\"pt-BR\",\"@id\":\"https:\/\/portalmaisagro.com\/?p=6936#primaryimage\",\"url\":\"https:\/\/portalmaisagro.com\/wp-content\/uploads\/2026\/04\/capas-dos-realeases-24-934x934-1.webp\",\"contentUrl\":\"https:\/\/portalmaisagro.com\/wp-content\/uploads\/2026\/04\/capas-dos-realeases-24-934x934-1.webp\",\"width\":934,\"height\":934},{\"@type\":\"BreadcrumbList\",\"@id\":\"https:\/\/portalmaisagro.com\/?p=6936#breadcrumb\",\"itemListElement\":[{\"@type\":\"ListItem\",\"position\":1,\"name\":\"In\u00edcio\",\"item\":\"https:\/\/portalmaisagro.com\/\"},{\"@type\":\"ListItem\",\"position\":2,\"name\":\"Gerdau destaca solu\u00e7\u00f5es para os desafios do agroneg\u00f3cio na Agrishow 2026\"}]},{\"@type\":\"WebSite\",\"@id\":\"https:\/\/portalmaisagro.com\/#website\",\"url\":\"https:\/\/portalmaisagro.com\/\",\"name\":\"MaisAgro\",\"description\":\"O portal do agroneg\u00f3cio\",\"publisher\":{\"@id\":\"https:\/\/portalmaisagro.com\/#organization\"},\"potentialAction\":[{\"@type\":\"SearchAction\",\"target\":{\"@type\":\"EntryPoint\",\"urlTemplate\":\"https:\/\/portalmaisagro.com\/?s={search_term_string}\"},\"query-input\":{\"@type\":\"PropertyValueSpecification\",\"valueRequired\":true,\"valueName\":\"search_term_string\"}}],\"inLanguage\":\"pt-BR\"},{\"@type\":\"Organization\",\"@id\":\"https:\/\/portalmaisagro.com\/#organization\",\"name\":\"MaisAgro\",\"url\":\"https:\/\/portalmaisagro.com\/\",\"logo\":{\"@type\":\"ImageObject\",\"inLanguage\":\"pt-BR\",\"@id\":\"https:\/\/portalmaisagro.com\/#\/schema\/logo\/image\/\",\"url\":\"https:\/\/portalmaisagro.com\/wp-content\/uploads\/2024\/11\/logo_oficial-e1749247575377.png\",\"contentUrl\":\"https:\/\/portalmaisagro.com\/wp-content\/uploads\/2024\/11\/logo_oficial-e1749247575377.png\",\"width\":513,\"height\":107,\"caption\":\"MaisAgro\"},\"image\":{\"@id\":\"https:\/\/portalmaisagro.com\/#\/schema\/logo\/image\/\"},\"sameAs\":[\"https:\/\/www.facebook.com\/maisagroportal\"]},{\"@type\":\"Person\",\"@id\":\"https:\/\/portalmaisagro.com\/#\/schema\/person\/050e9abfb05c1dcdc951ce03d575758d\",\"name\":\"redacao\",\"image\":{\"@type\":\"ImageObject\",\"inLanguage\":\"pt-BR\",\"@id\":\"https:\/\/portalmaisagro.com\/#\/schema\/person\/image\/640e5d69297d7dd56cc39a10251ad7db\",\"url\":\"https:\/\/portalmaisagro.com\/wp-content\/uploads\/2026\/04\/images.jpeg\",\"contentUrl\":\"https:\/\/portalmaisagro.com\/wp-content\/uploads\/2026\/04\/images.jpeg\",\"caption\":\"redacao\"},\"url\":\"https:\/\/portalmaisagro.com\/?author=9\"}]}<\/script>\n<!-- \/ Yoast SEO plugin. -->","yoast_head_json":{"title":"Gerdau destaca solu\u00e7\u00f5es para os desafios do agroneg\u00f3cio na Agrishow 2026 - MaisAgro","robots":{"index":"index","follow":"follow","max-snippet":"max-snippet:-1","max-image-preview":"max-image-preview:large","max-video-preview":"max-video-preview:-1"},"canonical":"https:\/\/portalmaisagro.com\/?p=6936","og_locale":"pt_BR","og_type":"article","og_title":"Gerdau destaca solu\u00e7\u00f5es para os desafios do agroneg\u00f3cio na Agrishow 2026 - MaisAgro","og_description":"Companhia refor\u00e7a atua\u00e7\u00e3o como parceira estrat\u00e9gica para a competitividade do setor agroindustrial\u00a0durante a 31\u00aa edi\u00e7\u00e3o da principal feira do setor da Am\u00e9rica Latina &nbsp; A Gerdau, maior empresa brasileira produtora de a\u00e7o, apresenta, na 31\u00aa edi\u00e7\u00e3o da Agrishow 2026, solu\u00e7\u00f5es voltadas aos principais desafios do agroneg\u00f3cio, com produtividade, efici\u00eancia e&hellip;","og_url":"https:\/\/portalmaisagro.com\/?p=6936","og_site_name":"MaisAgro","article_publisher":"https:\/\/www.facebook.com\/maisagroportal","article_published_time":"2026-04-27T18:33:34+00:00","og_image":[{"width":934,"height":934,"url":"https:\/\/portalmaisagro.com\/wp-content\/uploads\/2026\/04\/capas-dos-realeases-24-934x934-1.webp","type":"image\/webp"}],"author":"redacao","twitter_card":"summary_large_image","twitter_misc":{"Escrito por":"redacao","Est. tempo de leitura":"5 minutos"},"schema":{"@context":"https:\/\/schema.org","@graph":[{"@type":"Article","@id":"https:\/\/portalmaisagro.com\/?p=6936#article","isPartOf":{"@id":"https:\/\/portalmaisagro.com\/?p=6936"},"author":{"name":"redacao","@id":"https:\/\/portalmaisagro.com\/#\/schema\/person\/050e9abfb05c1dcdc951ce03d575758d"},"headline":"Gerdau destaca solu\u00e7\u00f5es para os desafios do agroneg\u00f3cio na Agrishow 2026","datePublished":"2026-04-27T18:33:34+00:00","mainEntityOfPage":{"@id":"https:\/\/portalmaisagro.com\/?p=6936"},"wordCount":927,"publisher":{"@id":"https:\/\/portalmaisagro.com\/#organization"},"image":{"@id":"https:\/\/portalmaisagro.com\/?p=6936#primaryimage"},"thumbnailUrl":"https:\/\/portalmaisagro.com\/wp-content\/uploads\/2026\/04\/capas-dos-realeases-24-934x934-1.webp","articleSection":["AGRONEG\u00d3CIO","BOVINOS DE CORTE","DESTAQUES","PECU\u00c1RIA","SA\u00daDE ANIMAL","SOLU\u00c7\u00d5ES AGR\u00cdCOLAS"],"inLanguage":"pt-BR"},{"@type":"WebPage","@id":"https:\/\/portalmaisagro.com\/?p=6936","url":"https:\/\/portalmaisagro.com\/?p=6936","name":"Gerdau destaca solu\u00e7\u00f5es para os desafios do agroneg\u00f3cio na Agrishow 2026 - MaisAgro","isPartOf":{"@id":"https:\/\/portalmaisagro.com\/#website"},"primaryImageOfPage":{"@id":"https:\/\/portalmaisagro.com\/?p=6936#primaryimage"},"image":{"@id":"https:\/\/portalmaisagro.com\/?p=6936#primaryimage"},"thumbnailUrl":"https:\/\/portalmaisagro.com\/wp-content\/uploads\/2026\/04\/capas-dos-realeases-24-934x934-1.webp","datePublished":"2026-04-27T18:33:34+00:00","breadcrumb":{"@id":"https:\/\/portalmaisagro.com\/?p=6936#breadcrumb"},"inLanguage":"pt-BR","potentialAction":[{"@type":"ReadAction","target":["https:\/\/portalmaisagro.com\/?p=6936"]}]},{"@type":"ImageObject","inLanguage":"pt-BR","@id":"https:\/\/portalmaisagro.com\/?p=6936#primaryimage","url":"https:\/\/portalmaisagro.com\/wp-content\/uploads\/2026\/04\/capas-dos-realeases-24-934x934-1.webp","contentUrl":"https:\/\/portalmaisagro.com\/wp-content\/uploads\/2026\/04\/capas-dos-realeases-24-934x934-1.webp","width":934,"height":934},{"@type":"BreadcrumbList","@id":"https:\/\/portalmaisagro.com\/?p=6936#breadcrumb","itemListElement":[{"@type":"ListItem","position":1,"name":"In\u00edcio","item":"https:\/\/portalmaisagro.com\/"},{"@type":"ListItem","position":2,"name":"Gerdau destaca solu\u00e7\u00f5es para os desafios do agroneg\u00f3cio na Agrishow 2026"}]},{"@type":"WebSite","@id":"https:\/\/portalmaisagro.com\/#website","url":"https:\/\/portalmaisagro.com\/","name":"MaisAgro","description":"O portal do agroneg\u00f3cio","publisher":{"@id":"https:\/\/portalmaisagro.com\/#organization"},"potentialAction":[{"@type":"SearchAction","target":{"@type":"EntryPoint","urlTemplate":"https:\/\/portalmaisagro.com\/?s={search_term_string}"},"query-input":{"@type":"PropertyValueSpecification","valueRequired":true,"valueName":"search_term_string"}}],"inLanguage":"pt-BR"},{"@type":"Organization","@id":"https:\/\/portalmaisagro.com\/#organization","name":"MaisAgro","url":"https:\/\/portalmaisagro.com\/","logo":{"@type":"ImageObject","inLanguage":"pt-BR","@id":"https:\/\/portalmaisagro.com\/#\/schema\/logo\/image\/","url":"https:\/\/portalmaisagro.com\/wp-content\/uploads\/2024\/11\/logo_oficial-e1749247575377.png","contentUrl":"https:\/\/portalmaisagro.com\/wp-content\/uploads\/2024\/11\/logo_oficial-e1749247575377.png","width":513,"height":107,"caption":"MaisAgro"},"image":{"@id":"https:\/\/portalmaisagro.com\/#\/schema\/logo\/image\/"},"sameAs":["https:\/\/www.facebook.com\/maisagroportal"]},{"@type":"Person","@id":"https:\/\/portalmaisagro.com\/#\/schema\/person\/050e9abfb05c1dcdc951ce03d575758d","name":"redacao","image":{"@type":"ImageObject","inLanguage":"pt-BR","@id":"https:\/\/portalmaisagro.com\/#\/schema\/person\/image\/640e5d69297d7dd56cc39a10251ad7db","url":"https:\/\/portalmaisagro.com\/wp-content\/uploads\/2026\/04\/images.jpeg","contentUrl":"https:\/\/portalmaisagro.com\/wp-content\/uploads\/2026\/04\/images.jpeg","caption":"redacao"},"url":"https:\/\/portalmaisagro.com\/?author=9"}]}},"jetpack_publicize_connections":[],"authors":[],"_links":{"self":[{"href":"https:\/\/portalmaisagro.com\/index.php?rest_route=\/wp\/v2\/posts\/6936","targetHints":{"allow":["GET"]}}],"collection":[{"href":"https:\/\/portalmaisagro.com\/index.php?rest_route=\/wp\/v2\/posts"}],"about":[{"href":"https:\/\/portalmaisagro.com\/index.php?rest_route=\/wp\/v2\/types\/post"}],"author":[{"embeddable":true,"href":"https:\/\/portalmaisagro.com\/index.php?rest_route=\/wp\/v2\/users\/9"}],"replies":[{"embeddable":true,"href":"https:\/\/portalmaisagro.com\/index.php?rest_route=%2Fwp%2Fv2%2Fcomments&post=6936"}],"version-history":[{"count":1,"href":"https:\/\/portalmaisagro.com\/index.php?rest_route=\/wp\/v2\/posts\/6936\/revisions"}],"predecessor-version":[{"id":6938,"href":"https:\/\/portalmaisagro.com\/index.php?rest_route=\/wp\/v2\/posts\/6936\/revisions\/6938"}],"wp:featuredmedia":[{"embeddable":true,"href":"https:\/\/portalmaisagro.com\/index.php?rest_route=\/wp\/v2\/media\/6937"}],"wp:attachment":[{"href":"https:\/\/portalmaisagro.com\/index.php?rest_route=%2Fwp%2Fv2%2Fmedia&parent=6936"}],"wp:term":[{"taxonomy":"category","embeddable":true,"href":"https:\/\/portalmaisagro.com\/index.php?rest_route=%2Fwp%2Fv2%2Fcategories&post=6936"},{"taxonomy":"post_tag","embeddable":true,"href":"https:\/\/portalmaisagro.com\/index.php?rest_route=%2Fwp%2Fv2%2Ftags&post=6936"}],"curies":[{"name":"wp","href":"https:\/\/api.w.org\/{rel}","templated":true}]}}