{"id":6913,"date":"2026-04-27T11:18:17","date_gmt":"2026-04-27T14:18:17","guid":{"rendered":"https:\/\/portalmaisagro.com\/?p=6913"},"modified":"2026-04-27T11:18:17","modified_gmt":"2026-04-27T14:18:17","slug":"cresol-reforca-protagonismo-no-agro-e-amplia-geracao-de-negocios-durante-a-agrishow-2026","status":"publish","type":"post","link":"https:\/\/portalmaisagro.com\/?p=6913","title":{"rendered":"Cresol refor\u00e7a protagonismo no agro e amplia gera\u00e7\u00e3o de neg\u00f3cios durante a Agrishow 2026"},"content":{"rendered":"<p style=\"text-align: justify\"><em>Cooperativa leva portf\u00f3lio completo de solu\u00e7\u00f5es financeiras, e destaca seu papel no fortalecimento do cr\u00e9dito rural<\/em><\/p>\n<p style=\"text-align: justify\">A\u00a0<a href=\"http:\/\/www.cresol.com.br\/\">Cresol<\/a>, uma das principais institui\u00e7\u00f5es financeiras cooperativas do pa\u00eds com mais de um milh\u00e3o de cooperados, confirma sua participa\u00e7\u00e3o na Agrishow 2026, que acontece entre os dias 27 de abril e 1\u00ba de maio, em Ribeir\u00e3o Preto (SP). Reconhecida como uma das maiores feiras de tecnologia agr\u00edcola do mundo, o evento \u00e9 um dos principais pontos de encontro do agroneg\u00f3cio nacional, reunindo produtores, empresas e especialistas para apresentar tend\u00eancias, solu\u00e7\u00f5es e oportunidades para o campo.<\/p>\n<p style=\"text-align: justify\">Com foco na gera\u00e7\u00e3o de neg\u00f3cios, fortalecimento de marca e relacionamento com o p\u00fablico, a Cresol leva para a feira um portf\u00f3lio completo de solu\u00e7\u00f5es financeiras. Entre os destaques est\u00e3o as linhas de cr\u00e9dito agro, como custeio, investimento, cr\u00e9dito pr\u00e9-aprovado e rotativo, al\u00e9m de solu\u00e7\u00f5es voltadas para pessoas jur\u00eddicas, como cr\u00e9dito sustent\u00e1vel, financiamento de ve\u00edculos e investimentos, incluindo op\u00e7\u00f5es de cons\u00f3rcios.<\/p>\n<p style=\"text-align: justify\">No cr\u00e9dito rural, a atua\u00e7\u00e3o tamb\u00e9m se destaca: na safra atual, a cooperativa j\u00e1 operacionalizou cerca de R$ 12 bilh\u00f5es em mais de 100 mil contratos, com expectativa de superar o recorde hist\u00f3rico da safra anterior. O cr\u00e9dito de custeio representa aproximadamente 60% das opera\u00e7\u00f5es, seguido por linhas de investimento voltadas \u00e0 moderniza\u00e7\u00e3o das propriedades.<\/p>\n<p style=\"text-align: justify\"><em>\u201cA Agrishow \u00e9 um dos maiores palcos do agro no mundo e estar presente neste ambiente refor\u00e7a nosso compromisso com o fortalecimento do setor e, principalmente, com os produtores rurais. Nosso objetivo \u00e9 mostrar que o cooperativismo \u00e9 um caminho s\u00f3lido para impulsionar o desenvolvimento sustent\u00e1vel no campo\u201d<\/em>, afirma Cledir Magri, presidente da Cresol Confedera\u00e7\u00e3o.<\/p>\n<p class=\"wp-block-heading\" style=\"text-align: justify\"><strong>Crescimento consistente e for\u00e7a no cr\u00e9dito rural<\/strong><\/p>\n<p style=\"text-align: justify\">A participa\u00e7\u00e3o na Agrishow 2026 ocorre em um momento de forte expans\u00e3o da Cresol. Em 2025, ano em que a cooperativa completou 30 anos, a institui\u00e7\u00e3o registrou crescimento de 26% em ativos, alcan\u00e7ando R$ 53 bilh\u00f5es. Atualmente, a Cresol conta com mais de 1.000 ag\u00eancias distribu\u00eddas em 20 estados e atende mais de 1,1 milh\u00e3o de cooperados em todo o Brasil.<\/p>\n<p style=\"text-align: justify\"><em>\u201cA Cresol tem uma atua\u00e7\u00e3o muito forte na pulveriza\u00e7\u00e3o do cr\u00e9dito rural, garantindo acesso desde o pequeno at\u00e9 o grande produtor. Nosso papel vai al\u00e9m da concess\u00e3o de cr\u00e9dito: buscamos apoiar o desenvolvimento completo do cooperado, com orienta\u00e7\u00e3o, capacita\u00e7\u00e3o e proximidade no dia a dia\u201d<\/em>, destaca Cledir.<\/p>\n<p>Outro diferencial \u00e9 a parceria com institui\u00e7\u00f5es como o BNDES, da qual a Cresol \u00e9 o maior operador para pessoa f\u00edsica, com mais de 100 mil opera\u00e7\u00f5es, al\u00e9m do crescimento dos recursos pr\u00f3prios, que ampliam a flexibilidade e a agilidade no atendimento.<\/p>\n<h3 class=\"wp-block-heading\" style=\"text-align: justify\"><strong>Sustentabilidade e apoio ao produtor<\/strong><\/h3>\n<p style=\"text-align: justify\">A sustentabilidade segue como um dos pilares da atua\u00e7\u00e3o da cooperativa. Atualmente, mais de 50% da carteira agro da Cresol \u00e9 classificada como ambiental, alinhada \u00e0s diretrizes da Febraban, refor\u00e7ando o compromisso com pr\u00e1ticas produtivas respons\u00e1veis.<\/p>\n<p style=\"text-align: justify\">\u201cO produtor rural tem buscado cada vez mais solu\u00e7\u00f5es sustent\u00e1veis, e isso tamb\u00e9m se traduz em oportunidades. A conformidade ambiental se torna uma vantagem competitiva, e n\u00f3s trabalhamos para apoiar esse movimento com linhas espec\u00edficas e projetos estruturados\u201d, afirma Magri.<\/p>\n<p style=\"text-align: justify\"><strong>Servi\u00e7o:\u00a0<\/strong><\/p>\n<p style=\"text-align: justify\"><strong>Agrishow 2026<\/strong><\/p>\n<p style=\"text-align: justify\"><strong>Data:\u00a0<\/strong>27 de abril a 1\u00ba de maio de 2026<br \/>\n<strong>Hor\u00e1rio:<\/strong>\u00a008h \u00e0s 18h<strong><br \/>\n<\/strong><strong>Local:\u00a0<\/strong>Rodovia Prefeito Ant\u00f4nio Duarte Nogueira, Km 321 |<strong>\u00a0<\/strong>Ribeir\u00e3o Preto (SP)<\/p>\n<p><strong>Ingressos e informa\u00e7\u00f5es:<\/strong>\u00a0<a href=\"https:\/\/www.agrishow.com.br\/\" target=\"_blank\" rel=\"nofollow noopener\">https:\/\/www.agrishow.com.br\/<\/a><\/p>\n<h4 class=\"wp-block-heading\" style=\"text-align: justify\"><strong>Sobre a Cresol<\/strong><\/h4>\n<p style=\"text-align: justify\">Com 30 anos de hist\u00f3ria, mais de 1 milh\u00e3o de cooperados e 1.000 ag\u00eancias de relacionamento no Brasil, a Cresol \u00e9 uma das principais institui\u00e7\u00f5es financeiras cooperativas do pa\u00eds. Com foco no atendimento personalizado, fornece solu\u00e7\u00f5es financeiras para pessoas f\u00edsicas, empresas e empreendimentos rurais.<\/p>\n<p><strong>Ascom Cresol<\/strong><\/p>\n<p><img loading=\"lazy\" decoding=\"async\" class=\"alignnone size-medium wp-image-6905\" src=\"https:\/\/portalmaisagro.com\/wp-content\/uploads\/2026\/04\/capa-2026-12-229x300.png\" alt=\"\" width=\"229\" height=\"300\" srcset=\"https:\/\/portalmaisagro.com\/wp-content\/uploads\/2026\/04\/capa-2026-12-229x300.png 229w, https:\/\/portalmaisagro.com\/wp-content\/uploads\/2026\/04\/capa-2026-12-150x197.png 150w, https:\/\/portalmaisagro.com\/wp-content\/uploads\/2026\/04\/capa-2026-12.png 298w\" sizes=\"auto, (max-width: 229px) 100vw, 229px\" \/><\/p>\n<p><a href=\"https:\/\/digital.agriculturafamiliar.agr.br\/pub\/agriculturafamiliar\/#page\/147\"><strong><em>Conte\u00fado exclusivo de empresas participantes do Anu\u00e1rio Brasileiro do Agroneg\u00f3cio e Agricultura Familiar &#8211; LEIA O ANU\u00c1RIO GRATUITAMENTE<\/em><\/strong><\/a><\/p>\n","protected":false},"excerpt":{"rendered":"<p>Cooperativa leva portf\u00f3lio completo de solu\u00e7\u00f5es financeiras, e destaca seu papel no fortalecimento do cr\u00e9dito rural A\u00a0Cresol, uma das principais institui\u00e7\u00f5es financeiras cooperativas do pa\u00eds com mais de um milh\u00e3o de cooperados, confirma sua participa\u00e7\u00e3o na Agrishow 2026, que acontece entre os dias 27 de abril e 1\u00ba de maio,&hellip;<\/p>\n","protected":false},"author":9,"featured_media":6914,"comment_status":"closed","ping_status":"closed","sticky":false,"template":"","format":"standard","meta":{"_crdt_document":"","footnotes":"","jetpack_publicize_message":"","jetpack_publicize_feature_enabled":true,"jetpack_social_post_already_shared":true,"jetpack_social_options":{"image_generator_settings":{"template":"highway","default_image_id":0,"font":"","enabled":false},"version":2}},"categories":[17,131],"tags":[],"class_list":["post-6913","post","type-post","status-publish","format-standard","has-post-thumbnail","hentry","category-credito-e-investimento","category-destaques"],"yoast_head":"<!-- This site is optimized with the Yoast SEO plugin v27.1.1 - https:\/\/yoast.com\/product\/yoast-seo-wordpress\/ -->\n<title>Cresol refor\u00e7a protagonismo no agro e amplia gera\u00e7\u00e3o de neg\u00f3cios durante a Agrishow 2026 - MaisAgro<\/title>\n<meta name=\"robots\" content=\"index, follow, max-snippet:-1, max-image-preview:large, max-video-preview:-1\" \/>\n<link rel=\"canonical\" href=\"https:\/\/portalmaisagro.com\/?p=6913\" \/>\n<meta property=\"og:locale\" content=\"pt_BR\" \/>\n<meta property=\"og:type\" content=\"article\" \/>\n<meta property=\"og:title\" content=\"Cresol refor\u00e7a protagonismo no agro e amplia gera\u00e7\u00e3o de neg\u00f3cios durante a Agrishow 2026 - MaisAgro\" \/>\n<meta property=\"og:description\" content=\"Cooperativa leva portf\u00f3lio completo de solu\u00e7\u00f5es financeiras, e destaca seu papel no fortalecimento do cr\u00e9dito rural A\u00a0Cresol, uma das principais institui\u00e7\u00f5es financeiras cooperativas do pa\u00eds com mais de um milh\u00e3o de cooperados, confirma sua participa\u00e7\u00e3o na Agrishow 2026, que acontece entre os dias 27 de abril e 1\u00ba de maio,&hellip;\" \/>\n<meta property=\"og:url\" content=\"https:\/\/portalmaisagro.com\/?p=6913\" \/>\n<meta property=\"og:site_name\" content=\"MaisAgro\" \/>\n<meta property=\"article:publisher\" content=\"https:\/\/www.facebook.com\/maisagroportal\" \/>\n<meta property=\"article:published_time\" content=\"2026-04-27T14:18:17+00:00\" \/>\n<meta property=\"og:image\" content=\"https:\/\/portalmaisagro.com\/wp-content\/uploads\/2026\/04\/cresol.webp\" \/>\n\t<meta property=\"og:image:width\" content=\"1600\" \/>\n\t<meta property=\"og:image:height\" content=\"1000\" \/>\n\t<meta property=\"og:image:type\" content=\"image\/webp\" \/>\n<meta name=\"author\" content=\"redacao\" \/>\n<meta name=\"twitter:card\" content=\"summary_large_image\" \/>\n<meta name=\"twitter:label1\" content=\"Escrito por\" \/>\n\t<meta name=\"twitter:data1\" content=\"redacao\" \/>\n\t<meta name=\"twitter:label2\" content=\"Est. tempo de leitura\" \/>\n\t<meta name=\"twitter:data2\" content=\"4 minutos\" \/>\n<script type=\"application\/ld+json\" class=\"yoast-schema-graph\">{\"@context\":\"https:\/\/schema.org\",\"@graph\":[{\"@type\":\"Article\",\"@id\":\"https:\/\/portalmaisagro.com\/?p=6913#article\",\"isPartOf\":{\"@id\":\"https:\/\/portalmaisagro.com\/?p=6913\"},\"author\":{\"name\":\"redacao\",\"@id\":\"https:\/\/portalmaisagro.com\/#\/schema\/person\/050e9abfb05c1dcdc951ce03d575758d\"},\"headline\":\"Cresol refor\u00e7a protagonismo no agro e amplia gera\u00e7\u00e3o de neg\u00f3cios durante a Agrishow 2026\",\"datePublished\":\"2026-04-27T14:18:17+00:00\",\"mainEntityOfPage\":{\"@id\":\"https:\/\/portalmaisagro.com\/?p=6913\"},\"wordCount\":676,\"publisher\":{\"@id\":\"https:\/\/portalmaisagro.com\/#organization\"},\"image\":{\"@id\":\"https:\/\/portalmaisagro.com\/?p=6913#primaryimage\"},\"thumbnailUrl\":\"https:\/\/portalmaisagro.com\/wp-content\/uploads\/2026\/04\/cresol.webp\",\"articleSection\":[\"CR\u00c9DITO E INVESTIMENTO\",\"DESTAQUES\"],\"inLanguage\":\"pt-BR\"},{\"@type\":\"WebPage\",\"@id\":\"https:\/\/portalmaisagro.com\/?p=6913\",\"url\":\"https:\/\/portalmaisagro.com\/?p=6913\",\"name\":\"Cresol refor\u00e7a protagonismo no agro e amplia gera\u00e7\u00e3o de neg\u00f3cios durante a Agrishow 2026 - MaisAgro\",\"isPartOf\":{\"@id\":\"https:\/\/portalmaisagro.com\/#website\"},\"primaryImageOfPage\":{\"@id\":\"https:\/\/portalmaisagro.com\/?p=6913#primaryimage\"},\"image\":{\"@id\":\"https:\/\/portalmaisagro.com\/?p=6913#primaryimage\"},\"thumbnailUrl\":\"https:\/\/portalmaisagro.com\/wp-content\/uploads\/2026\/04\/cresol.webp\",\"datePublished\":\"2026-04-27T14:18:17+00:00\",\"breadcrumb\":{\"@id\":\"https:\/\/portalmaisagro.com\/?p=6913#breadcrumb\"},\"inLanguage\":\"pt-BR\",\"potentialAction\":[{\"@type\":\"ReadAction\",\"target\":[\"https:\/\/portalmaisagro.com\/?p=6913\"]}]},{\"@type\":\"ImageObject\",\"inLanguage\":\"pt-BR\",\"@id\":\"https:\/\/portalmaisagro.com\/?p=6913#primaryimage\",\"url\":\"https:\/\/portalmaisagro.com\/wp-content\/uploads\/2026\/04\/cresol.webp\",\"contentUrl\":\"https:\/\/portalmaisagro.com\/wp-content\/uploads\/2026\/04\/cresol.webp\",\"width\":1600,\"height\":1000},{\"@type\":\"BreadcrumbList\",\"@id\":\"https:\/\/portalmaisagro.com\/?p=6913#breadcrumb\",\"itemListElement\":[{\"@type\":\"ListItem\",\"position\":1,\"name\":\"In\u00edcio\",\"item\":\"https:\/\/portalmaisagro.com\/\"},{\"@type\":\"ListItem\",\"position\":2,\"name\":\"Cresol refor\u00e7a protagonismo no agro e amplia gera\u00e7\u00e3o de neg\u00f3cios durante a Agrishow 2026\"}]},{\"@type\":\"WebSite\",\"@id\":\"https:\/\/portalmaisagro.com\/#website\",\"url\":\"https:\/\/portalmaisagro.com\/\",\"name\":\"MaisAgro\",\"description\":\"O portal do agroneg\u00f3cio\",\"publisher\":{\"@id\":\"https:\/\/portalmaisagro.com\/#organization\"},\"potentialAction\":[{\"@type\":\"SearchAction\",\"target\":{\"@type\":\"EntryPoint\",\"urlTemplate\":\"https:\/\/portalmaisagro.com\/?s={search_term_string}\"},\"query-input\":{\"@type\":\"PropertyValueSpecification\",\"valueRequired\":true,\"valueName\":\"search_term_string\"}}],\"inLanguage\":\"pt-BR\"},{\"@type\":\"Organization\",\"@id\":\"https:\/\/portalmaisagro.com\/#organization\",\"name\":\"MaisAgro\",\"url\":\"https:\/\/portalmaisagro.com\/\",\"logo\":{\"@type\":\"ImageObject\",\"inLanguage\":\"pt-BR\",\"@id\":\"https:\/\/portalmaisagro.com\/#\/schema\/logo\/image\/\",\"url\":\"https:\/\/portalmaisagro.com\/wp-content\/uploads\/2024\/11\/logo_oficial-e1749247575377.png\",\"contentUrl\":\"https:\/\/portalmaisagro.com\/wp-content\/uploads\/2024\/11\/logo_oficial-e1749247575377.png\",\"width\":513,\"height\":107,\"caption\":\"MaisAgro\"},\"image\":{\"@id\":\"https:\/\/portalmaisagro.com\/#\/schema\/logo\/image\/\"},\"sameAs\":[\"https:\/\/www.facebook.com\/maisagroportal\"]},{\"@type\":\"Person\",\"@id\":\"https:\/\/portalmaisagro.com\/#\/schema\/person\/050e9abfb05c1dcdc951ce03d575758d\",\"name\":\"redacao\",\"image\":{\"@type\":\"ImageObject\",\"inLanguage\":\"pt-BR\",\"@id\":\"https:\/\/portalmaisagro.com\/#\/schema\/person\/image\/640e5d69297d7dd56cc39a10251ad7db\",\"url\":\"https:\/\/portalmaisagro.com\/wp-content\/uploads\/2026\/04\/images.jpeg\",\"contentUrl\":\"https:\/\/portalmaisagro.com\/wp-content\/uploads\/2026\/04\/images.jpeg\",\"caption\":\"redacao\"},\"url\":\"https:\/\/portalmaisagro.com\/?author=9\"}]}<\/script>\n<!-- \/ Yoast SEO plugin. -->","yoast_head_json":{"title":"Cresol refor\u00e7a protagonismo no agro e amplia gera\u00e7\u00e3o de neg\u00f3cios durante a Agrishow 2026 - MaisAgro","robots":{"index":"index","follow":"follow","max-snippet":"max-snippet:-1","max-image-preview":"max-image-preview:large","max-video-preview":"max-video-preview:-1"},"canonical":"https:\/\/portalmaisagro.com\/?p=6913","og_locale":"pt_BR","og_type":"article","og_title":"Cresol refor\u00e7a protagonismo no agro e amplia gera\u00e7\u00e3o de neg\u00f3cios durante a Agrishow 2026 - MaisAgro","og_description":"Cooperativa leva portf\u00f3lio completo de solu\u00e7\u00f5es financeiras, e destaca seu papel no fortalecimento do cr\u00e9dito rural A\u00a0Cresol, uma das principais institui\u00e7\u00f5es financeiras cooperativas do pa\u00eds com mais de um milh\u00e3o de cooperados, confirma sua participa\u00e7\u00e3o na Agrishow 2026, que acontece entre os dias 27 de abril e 1\u00ba de maio,&hellip;","og_url":"https:\/\/portalmaisagro.com\/?p=6913","og_site_name":"MaisAgro","article_publisher":"https:\/\/www.facebook.com\/maisagroportal","article_published_time":"2026-04-27T14:18:17+00:00","og_image":[{"width":1600,"height":1000,"url":"https:\/\/portalmaisagro.com\/wp-content\/uploads\/2026\/04\/cresol.webp","type":"image\/webp"}],"author":"redacao","twitter_card":"summary_large_image","twitter_misc":{"Escrito por":"redacao","Est. tempo de leitura":"4 minutos"},"schema":{"@context":"https:\/\/schema.org","@graph":[{"@type":"Article","@id":"https:\/\/portalmaisagro.com\/?p=6913#article","isPartOf":{"@id":"https:\/\/portalmaisagro.com\/?p=6913"},"author":{"name":"redacao","@id":"https:\/\/portalmaisagro.com\/#\/schema\/person\/050e9abfb05c1dcdc951ce03d575758d"},"headline":"Cresol refor\u00e7a protagonismo no agro e amplia gera\u00e7\u00e3o de neg\u00f3cios durante a Agrishow 2026","datePublished":"2026-04-27T14:18:17+00:00","mainEntityOfPage":{"@id":"https:\/\/portalmaisagro.com\/?p=6913"},"wordCount":676,"publisher":{"@id":"https:\/\/portalmaisagro.com\/#organization"},"image":{"@id":"https:\/\/portalmaisagro.com\/?p=6913#primaryimage"},"thumbnailUrl":"https:\/\/portalmaisagro.com\/wp-content\/uploads\/2026\/04\/cresol.webp","articleSection":["CR\u00c9DITO E INVESTIMENTO","DESTAQUES"],"inLanguage":"pt-BR"},{"@type":"WebPage","@id":"https:\/\/portalmaisagro.com\/?p=6913","url":"https:\/\/portalmaisagro.com\/?p=6913","name":"Cresol refor\u00e7a protagonismo no agro e amplia gera\u00e7\u00e3o de neg\u00f3cios durante a Agrishow 2026 - MaisAgro","isPartOf":{"@id":"https:\/\/portalmaisagro.com\/#website"},"primaryImageOfPage":{"@id":"https:\/\/portalmaisagro.com\/?p=6913#primaryimage"},"image":{"@id":"https:\/\/portalmaisagro.com\/?p=6913#primaryimage"},"thumbnailUrl":"https:\/\/portalmaisagro.com\/wp-content\/uploads\/2026\/04\/cresol.webp","datePublished":"2026-04-27T14:18:17+00:00","breadcrumb":{"@id":"https:\/\/portalmaisagro.com\/?p=6913#breadcrumb"},"inLanguage":"pt-BR","potentialAction":[{"@type":"ReadAction","target":["https:\/\/portalmaisagro.com\/?p=6913"]}]},{"@type":"ImageObject","inLanguage":"pt-BR","@id":"https:\/\/portalmaisagro.com\/?p=6913#primaryimage","url":"https:\/\/portalmaisagro.com\/wp-content\/uploads\/2026\/04\/cresol.webp","contentUrl":"https:\/\/portalmaisagro.com\/wp-content\/uploads\/2026\/04\/cresol.webp","width":1600,"height":1000},{"@type":"BreadcrumbList","@id":"https:\/\/portalmaisagro.com\/?p=6913#breadcrumb","itemListElement":[{"@type":"ListItem","position":1,"name":"In\u00edcio","item":"https:\/\/portalmaisagro.com\/"},{"@type":"ListItem","position":2,"name":"Cresol refor\u00e7a protagonismo no agro e amplia gera\u00e7\u00e3o de neg\u00f3cios durante a Agrishow 2026"}]},{"@type":"WebSite","@id":"https:\/\/portalmaisagro.com\/#website","url":"https:\/\/portalmaisagro.com\/","name":"MaisAgro","description":"O portal do agroneg\u00f3cio","publisher":{"@id":"https:\/\/portalmaisagro.com\/#organization"},"potentialAction":[{"@type":"SearchAction","target":{"@type":"EntryPoint","urlTemplate":"https:\/\/portalmaisagro.com\/?s={search_term_string}"},"query-input":{"@type":"PropertyValueSpecification","valueRequired":true,"valueName":"search_term_string"}}],"inLanguage":"pt-BR"},{"@type":"Organization","@id":"https:\/\/portalmaisagro.com\/#organization","name":"MaisAgro","url":"https:\/\/portalmaisagro.com\/","logo":{"@type":"ImageObject","inLanguage":"pt-BR","@id":"https:\/\/portalmaisagro.com\/#\/schema\/logo\/image\/","url":"https:\/\/portalmaisagro.com\/wp-content\/uploads\/2024\/11\/logo_oficial-e1749247575377.png","contentUrl":"https:\/\/portalmaisagro.com\/wp-content\/uploads\/2024\/11\/logo_oficial-e1749247575377.png","width":513,"height":107,"caption":"MaisAgro"},"image":{"@id":"https:\/\/portalmaisagro.com\/#\/schema\/logo\/image\/"},"sameAs":["https:\/\/www.facebook.com\/maisagroportal"]},{"@type":"Person","@id":"https:\/\/portalmaisagro.com\/#\/schema\/person\/050e9abfb05c1dcdc951ce03d575758d","name":"redacao","image":{"@type":"ImageObject","inLanguage":"pt-BR","@id":"https:\/\/portalmaisagro.com\/#\/schema\/person\/image\/640e5d69297d7dd56cc39a10251ad7db","url":"https:\/\/portalmaisagro.com\/wp-content\/uploads\/2026\/04\/images.jpeg","contentUrl":"https:\/\/portalmaisagro.com\/wp-content\/uploads\/2026\/04\/images.jpeg","caption":"redacao"},"url":"https:\/\/portalmaisagro.com\/?author=9"}]}},"jetpack_publicize_connections":[],"authors":[],"_links":{"self":[{"href":"https:\/\/portalmaisagro.com\/index.php?rest_route=\/wp\/v2\/posts\/6913","targetHints":{"allow":["GET"]}}],"collection":[{"href":"https:\/\/portalmaisagro.com\/index.php?rest_route=\/wp\/v2\/posts"}],"about":[{"href":"https:\/\/portalmaisagro.com\/index.php?rest_route=\/wp\/v2\/types\/post"}],"author":[{"embeddable":true,"href":"https:\/\/portalmaisagro.com\/index.php?rest_route=\/wp\/v2\/users\/9"}],"replies":[{"embeddable":true,"href":"https:\/\/portalmaisagro.com\/index.php?rest_route=%2Fwp%2Fv2%2Fcomments&post=6913"}],"version-history":[{"count":1,"href":"https:\/\/portalmaisagro.com\/index.php?rest_route=\/wp\/v2\/posts\/6913\/revisions"}],"predecessor-version":[{"id":6915,"href":"https:\/\/portalmaisagro.com\/index.php?rest_route=\/wp\/v2\/posts\/6913\/revisions\/6915"}],"wp:featuredmedia":[{"embeddable":true,"href":"https:\/\/portalmaisagro.com\/index.php?rest_route=\/wp\/v2\/media\/6914"}],"wp:attachment":[{"href":"https:\/\/portalmaisagro.com\/index.php?rest_route=%2Fwp%2Fv2%2Fmedia&parent=6913"}],"wp:term":[{"taxonomy":"category","embeddable":true,"href":"https:\/\/portalmaisagro.com\/index.php?rest_route=%2Fwp%2Fv2%2Fcategories&post=6913"},{"taxonomy":"post_tag","embeddable":true,"href":"https:\/\/portalmaisagro.com\/index.php?rest_route=%2Fwp%2Fv2%2Ftags&post=6913"}],"curies":[{"name":"wp","href":"https:\/\/api.w.org\/{rel}","templated":true}]}}