{"id":6356,"date":"2026-04-02T10:21:14","date_gmt":"2026-04-02T13:21:14","guid":{"rendered":"https:\/\/portalmaisagro.com\/?p=6356"},"modified":"2026-04-02T10:21:14","modified_gmt":"2026-04-02T13:21:14","slug":"cresce-producao-de-cafe-sustentavel-na-amazonia","status":"publish","type":"post","link":"https:\/\/portalmaisagro.com\/?p=6356","title":{"rendered":"Cresce produ\u00e7\u00e3o de caf\u00e9 sustent\u00e1vel na Amaz\u00f4nia"},"content":{"rendered":"<p style=\"text-align: justify\"><i><span style=\"font-weight: 400\">Cultura no estado do Amazonas deve atingir a marca de 2,2 mil toneladas em 2025, segundo o Instituto de Desenvolvimento Agropecu\u00e1rio e Florestal Sustent\u00e1vel do Estado do Amazonas (Idam)<\/span><\/i><\/p>\n<p style=\"text-align: justify\"><span style=\"font-weight: 400\">Na contram\u00e3o das proje\u00e7\u00f5es sobre a produ\u00e7\u00e3o de caf\u00e9, no pa\u00eds, para este ano (-4,4%), o cultivo em territ\u00f3rio amazonense deve avan\u00e7ar 50% e atingir 2,2 mil toneladas, segundo o Instituto de Desenvolvimento Agropecu\u00e1rio e Florestal Sustent\u00e1vel do Estado do Amazonas (Idam). A estimativa \u00e9 reflexo da aten\u00e7\u00e3o e servi\u00e7os voltados \u00e0 cultura na regi\u00e3o Norte, em especial no estado do Amazonas, onde o instituto atua, e h\u00e1 valoriza\u00e7\u00e3o do gr\u00e3o no mercado internacional.<\/span><\/p>\n<p style=\"text-align: justify\"><span style=\"font-weight: 400\">Conforme dados divulgados pelo Instituto, em 2024, o estado produziu 1,5 mil toneladas de gr\u00e3os, resultado 49,7% superior ao registrado em 2023. O levantamento aponta, ainda, que, em 2023, a \u00e1rea de plantio de caf\u00e9 no Amazonas era de 818 hectares, espa\u00e7o que, no ano seguinte, expandiu para 1,2 mil hectare.<\/span><\/p>\n<p style=\"text-align: justify\"><span style=\"font-weight: 400\">Na avalia\u00e7\u00e3o da coordenadora do Projeto Priorit\u00e1rio (PP) do Caf\u00e9 do Idam, Ana Cec\u00edlia Lobato, a cultura cafeeira \u00e9 promissora no Amazonas, podendo alcan\u00e7ar de 100 a 120 sacas por hectare, no \u00e1pice da produ\u00e7\u00e3o. \u201cPor isso, as proje\u00e7\u00f5es s\u00e3o otimistas para este ano.\u00a0 Al\u00e9m disso, foi observado o aumento das \u00e1reas de produ\u00e7\u00e3o no sul do estado do Amazonas e Regi\u00e3o Metropolitana de Manaus, principalmente, pois h\u00e1 uma f\u00e1brica que faz a compra desse caf\u00e9\u201d, sinalizou.<\/span><\/p>\n<p style=\"text-align: justify\"><span style=\"font-weight: 400\">Ana Cec\u00edlia destacou, ainda, que a valoriza\u00e7\u00e3o do gr\u00e3o no mercado internacional tamb\u00e9m tem chamado a aten\u00e7\u00e3o dos trabalhadores envolvidos na atividade, que investem na produ\u00e7\u00e3o com o objetivo de melhoria de renda.<\/span><\/p>\n<p style=\"text-align: justify\"><span style=\"font-weight: 400\">\u201cPor ser uma commoditie, o pre\u00e7o da saca de caf\u00e9 negociado na bolsa de valores reflete diretamente no valor pago ao produtor rural amazonense, com a saca chegando custar R$ 2 mil. Incentivados pela valoriza\u00e7\u00e3o do gr\u00e3o, mais agricultores locais t\u00eam se interessado pela produ\u00e7\u00e3o cafeeira e buscado as Unidades Locais (Unlocs) e postos avan\u00e7ados do Idam a fim de acessar os servi\u00e7os de Assist\u00eancia T\u00e9cnica e Extens\u00e3o Rural (Ater) p\u00fablica\u201d, ressalta a coordenadora<\/span><\/p>\n<p style=\"text-align: justify\"><strong>Servi\u00e7os de Ater<\/strong><\/p>\n<p style=\"text-align: justify\"><span style=\"font-weight: 400\">Entre os servi\u00e7os de Ater oferecidos pelo Idam, para fomentar a cafeicultura, destacam-se as capacita\u00e7\u00f5es, cursos de \u201cBoas Pr\u00e1ticas para a Cultura Cafeeira\u201d, Dias de Campo e implanta\u00e7\u00f5es de Unidades Demonstrativas (UD) de Caf\u00e9 nos munic\u00edpios participantes do Projeto Priorit\u00e1rio (PP) do Caf\u00e9, como Humait\u00e1, Presidente Figueiredo, Silves, Vila Extrema, no sul de L\u00e1brea, Apu\u00ed, S\u00e3o Sebasti\u00e3o do Uatum\u00e3, entre outros.<\/span><\/p>\n<p style=\"text-align: justify\"><span style=\"font-weight: 400\">\u201cO Idam tem atuado, por meio das capacita\u00e7\u00f5es t\u00e9cnicas e das visitas de Ater, principalmente, nos munic\u00edpios do Projeto Priorit\u00e1rio, onde o caf\u00e9 se enquadra, para capacitar os agricultores de forma que eles consigam atingir essa produ\u00e7\u00e3o e, em casos adversos, como a estiagem, ter um menor preju\u00edzo poss\u00edvel\u201d, informou a coordenadora.<\/span><\/p>\n<p style=\"text-align: justify\"><span style=\"font-weight: 400\">Ela relembra que as estiagens severas que atingiram o estado nos \u00faltimos dois anos afetaram as \u00e1reas de plantio sem irriga\u00e7\u00e3o e at\u00e9 com irriga\u00e7\u00e3o com postos artesianos superficiais, mas os produtores conseguiram se recuperar com apoio dos t\u00e9cnicos do instituto.<\/span><\/p>\n<p style=\"text-align: justify\"><span style=\"font-weight: 400\">\u201cConseguimos auxiliar na recupera\u00e7\u00e3o dos cafezais por meio de processos de aduba\u00e7\u00e3o. Ent\u00e3o, \u00e9 importante que o produtor procure a Unidade Local do Idam mais pr\u00f3xima para ser capacitado e receber a visita t\u00e9cnica especializada na cultura\u201d, destaca Ana Cec\u00edlia.<\/span><\/p>\n<p style=\"text-align: justify\"><strong>Lavouras<\/strong><\/p>\n<p style=\"text-align: justify\"><span style=\"font-weight: 400\">Os maiores munic\u00edpios produtores de caf\u00e9 no estado est\u00e3o localizados na calha do rio Madeira. Na \u00faltima safra, a regi\u00e3o produziu 1.036 toneladas do gr\u00e3o, sendo 614,6 toneladas em Humait\u00e1 e 345,6 toneladas em Apu\u00ed. O distrito de Santo Ant\u00f4nio do Matupi, em Manicor\u00e9, e Borba, tamb\u00e9m possuem produ\u00e7\u00e3o cafeeira, tendo alcan\u00e7ado no ciclo 48 toneladas e 28,8 toneladas, respectivamente.<\/span><\/p>\n<p style=\"text-align: justify\"><span style=\"font-weight: 400\">A produ\u00e7\u00e3o cafeeira j\u00e1 \u00e9 consolidada em Humait\u00e1 e Apu\u00ed. Os munic\u00edpios possuem duas das tr\u00eas maiores \u00e1reas de plantio em solo amazonense. Em Humait\u00e1, s\u00e3o 256 hectares de lavouras e 270 hectares em Apu\u00ed.<\/span><\/p>\n<p style=\"text-align: justify\"><span style=\"font-weight: 400\">Al\u00e9m do Madeira, outras regi\u00f5es do estado t\u00eam aumentado suas lavouras. \u00c9 o caso da calha do rio Juru\u00e1, onde o munic\u00edpio de Guajar\u00e1 expandiu a \u00e1rea de plantio de 15 para 300 hectares. A perspectiva \u00e9 que nos pr\u00f3ximos anos o munic\u00edpio esteja no ranking de maiores produtores de caf\u00e9 do Amazonas. Em 2024, a produ\u00e7\u00e3o local foi de 70,5 toneladas de gr\u00e3os beneficiados.<\/span><\/p>\n<figure id=\"attachment_6358\" aria-describedby=\"caption-attachment-6358\" style=\"width: 640px\" class=\"wp-caption alignnone\"><img loading=\"lazy\" decoding=\"async\" class=\"size-large wp-image-6358\" src=\"https:\/\/portalmaisagro.com\/wp-content\/uploads\/2026\/04\/Foto-2-Idam-Producao-cafeeira31-Foto-Divulgacao-Idam-1024x768.jpg\" alt=\"\" width=\"640\" height=\"480\" srcset=\"https:\/\/portalmaisagro.com\/wp-content\/uploads\/2026\/04\/Foto-2-Idam-Producao-cafeeira31-Foto-Divulgacao-Idam-1024x768.jpg 1024w, https:\/\/portalmaisagro.com\/wp-content\/uploads\/2026\/04\/Foto-2-Idam-Producao-cafeeira31-Foto-Divulgacao-Idam-300x225.jpg 300w, https:\/\/portalmaisagro.com\/wp-content\/uploads\/2026\/04\/Foto-2-Idam-Producao-cafeeira31-Foto-Divulgacao-Idam-768x576.jpg 768w, https:\/\/portalmaisagro.com\/wp-content\/uploads\/2026\/04\/Foto-2-Idam-Producao-cafeeira31-Foto-Divulgacao-Idam-1536x1152.jpg 1536w, https:\/\/portalmaisagro.com\/wp-content\/uploads\/2026\/04\/Foto-2-Idam-Producao-cafeeira31-Foto-Divulgacao-Idam-150x113.jpg 150w, https:\/\/portalmaisagro.com\/wp-content\/uploads\/2026\/04\/Foto-2-Idam-Producao-cafeeira31-Foto-Divulgacao-Idam.jpg 1800w\" sizes=\"auto, (max-width: 640px) 100vw, 640px\" \/><figcaption id=\"caption-attachment-6358\" class=\"wp-caption-text\">Produ\u00e7\u00e3o de caf\u00e9. Cr\u00e9ditos: Divulga\u00e7\u00e3o Idam<\/figcaption><\/figure>\n<figure id=\"attachment_6359\" aria-describedby=\"caption-attachment-6359\" style=\"width: 640px\" class=\"wp-caption alignnone\"><img loading=\"lazy\" decoding=\"async\" class=\"size-large wp-image-6359\" src=\"https:\/\/portalmaisagro.com\/wp-content\/uploads\/2026\/04\/Foto-1-Idam-Propriedade-cafe-Foto-Divulgacao-Idam-1-1024x768.jpeg\" alt=\"\" width=\"640\" height=\"480\" srcset=\"https:\/\/portalmaisagro.com\/wp-content\/uploads\/2026\/04\/Foto-1-Idam-Propriedade-cafe-Foto-Divulgacao-Idam-1-1024x768.jpeg 1024w, https:\/\/portalmaisagro.com\/wp-content\/uploads\/2026\/04\/Foto-1-Idam-Propriedade-cafe-Foto-Divulgacao-Idam-1-300x225.jpeg 300w, https:\/\/portalmaisagro.com\/wp-content\/uploads\/2026\/04\/Foto-1-Idam-Propriedade-cafe-Foto-Divulgacao-Idam-1-768x576.jpeg 768w, https:\/\/portalmaisagro.com\/wp-content\/uploads\/2026\/04\/Foto-1-Idam-Propriedade-cafe-Foto-Divulgacao-Idam-1-1536x1152.jpeg 1536w, https:\/\/portalmaisagro.com\/wp-content\/uploads\/2026\/04\/Foto-1-Idam-Propriedade-cafe-Foto-Divulgacao-Idam-1-150x113.jpeg 150w, https:\/\/portalmaisagro.com\/wp-content\/uploads\/2026\/04\/Foto-1-Idam-Propriedade-cafe-Foto-Divulgacao-Idam-1.jpeg 1600w\" sizes=\"auto, (max-width: 640px) 100vw, 640px\" \/><figcaption id=\"caption-attachment-6359\" class=\"wp-caption-text\">Dia de Campo do caf\u00e9. Cr\u00e9ditos: Divulga\u00e7\u00e3o Idam<\/figcaption><\/figure>\n<p><img loading=\"lazy\" decoding=\"async\" class=\"alignnone  wp-image-6321\" src=\"https:\/\/portalmaisagro.com\/wp-content\/uploads\/2026\/03\/capa-2026-5.png\" alt=\"\" width=\"214\" height=\"281\" srcset=\"https:\/\/portalmaisagro.com\/wp-content\/uploads\/2026\/03\/capa-2026-5.png 298w, https:\/\/portalmaisagro.com\/wp-content\/uploads\/2026\/03\/capa-2026-5-229x300.png 229w, https:\/\/portalmaisagro.com\/wp-content\/uploads\/2026\/03\/capa-2026-5-150x197.png 150w\" sizes=\"auto, (max-width: 214px) 100vw, 214px\" \/><\/p>\n<p><a href=\"https:\/\/digital.agriculturafamiliar.agr.br\/pub\/agriculturafamiliar\/#page\/147\"><strong><em>Conte\u00fado exclusivo de empresas participantes do Anu\u00e1rio Brasileiro do Agroneg\u00f3cio e Agricultura Familiar &#8211; LEIA O ANU\u00c1RIO GRATUITAMENTE<\/em><\/strong><\/a><\/p>\n","protected":false},"excerpt":{"rendered":"<p>Cultura no estado do Amazonas deve atingir a marca de 2,2 mil toneladas em 2025, segundo o Instituto de Desenvolvimento Agropecu\u00e1rio e Florestal Sustent\u00e1vel do Estado do Amazonas (Idam) Na contram\u00e3o das proje\u00e7\u00f5es sobre a produ\u00e7\u00e3o de caf\u00e9, no pa\u00eds, para este ano (-4,4%), o cultivo em territ\u00f3rio amazonense deve&hellip;<\/p>\n","protected":false},"author":10,"featured_media":6357,"comment_status":"closed","ping_status":"closed","sticky":false,"template":"","format":"standard","meta":{"_crdt_document":"","footnotes":"","jetpack_publicize_message":"","jetpack_publicize_feature_enabled":true,"jetpack_social_post_already_shared":true,"jetpack_social_options":{"image_generator_settings":{"template":"highway","default_image_id":0,"font":"","enabled":false},"version":2}},"categories":[16,131],"tags":[],"class_list":["post-6356","post","type-post","status-publish","format-standard","has-post-thumbnail","hentry","category-agricultura-familiar","category-destaques"],"yoast_head":"<!-- This site is optimized with the Yoast SEO plugin v27.1.1 - https:\/\/yoast.com\/product\/yoast-seo-wordpress\/ -->\n<title>Cresce produ\u00e7\u00e3o de caf\u00e9 sustent\u00e1vel na Amaz\u00f4nia - MaisAgro<\/title>\n<meta name=\"robots\" content=\"index, follow, max-snippet:-1, max-image-preview:large, max-video-preview:-1\" \/>\n<link rel=\"canonical\" href=\"https:\/\/portalmaisagro.com\/?p=6356\" \/>\n<meta property=\"og:locale\" content=\"pt_BR\" \/>\n<meta property=\"og:type\" content=\"article\" \/>\n<meta property=\"og:title\" content=\"Cresce produ\u00e7\u00e3o de caf\u00e9 sustent\u00e1vel na Amaz\u00f4nia - MaisAgro\" \/>\n<meta property=\"og:description\" content=\"Cultura no estado do Amazonas deve atingir a marca de 2,2 mil toneladas em 2025, segundo o Instituto de Desenvolvimento Agropecu\u00e1rio e Florestal Sustent\u00e1vel do Estado do Amazonas (Idam) Na contram\u00e3o das proje\u00e7\u00f5es sobre a produ\u00e7\u00e3o de caf\u00e9, no pa\u00eds, para este ano (-4,4%), o cultivo em territ\u00f3rio amazonense deve&hellip;\" \/>\n<meta property=\"og:url\" content=\"https:\/\/portalmaisagro.com\/?p=6356\" \/>\n<meta property=\"og:site_name\" content=\"MaisAgro\" \/>\n<meta property=\"article:publisher\" content=\"https:\/\/www.facebook.com\/maisagroportal\" \/>\n<meta property=\"article:published_time\" content=\"2026-04-02T13:21:14+00:00\" \/>\n<meta property=\"og:image\" content=\"https:\/\/portalmaisagro.com\/wp-content\/uploads\/2026\/04\/Foto-1-Idam-Propriedade-cafe-Foto-Divulgacao-Idam.jpeg\" \/>\n\t<meta property=\"og:image:width\" content=\"1600\" \/>\n\t<meta property=\"og:image:height\" content=\"1200\" \/>\n\t<meta property=\"og:image:type\" content=\"image\/jpeg\" \/>\n<meta name=\"author\" content=\"Taiane do Carmo\" \/>\n<meta name=\"twitter:card\" content=\"summary_large_image\" \/>\n<meta name=\"twitter:label1\" content=\"Escrito por\" \/>\n\t<meta name=\"twitter:data1\" content=\"Taiane do Carmo\" \/>\n\t<meta name=\"twitter:label2\" content=\"Est. tempo de leitura\" \/>\n\t<meta name=\"twitter:data2\" content=\"5 minutos\" \/>\n<script type=\"application\/ld+json\" class=\"yoast-schema-graph\">{\"@context\":\"https:\/\/schema.org\",\"@graph\":[{\"@type\":\"Article\",\"@id\":\"https:\/\/portalmaisagro.com\/?p=6356#article\",\"isPartOf\":{\"@id\":\"https:\/\/portalmaisagro.com\/?p=6356\"},\"author\":{\"name\":\"Taiane do Carmo\",\"@id\":\"https:\/\/portalmaisagro.com\/#\/schema\/person\/ade0f16b5a3434e1ec47b1fbdb9b9318\"},\"headline\":\"Cresce produ\u00e7\u00e3o de caf\u00e9 sustent\u00e1vel na Amaz\u00f4nia\",\"datePublished\":\"2026-04-02T13:21:14+00:00\",\"mainEntityOfPage\":{\"@id\":\"https:\/\/portalmaisagro.com\/?p=6356\"},\"wordCount\":820,\"publisher\":{\"@id\":\"https:\/\/portalmaisagro.com\/#organization\"},\"image\":{\"@id\":\"https:\/\/portalmaisagro.com\/?p=6356#primaryimage\"},\"thumbnailUrl\":\"https:\/\/portalmaisagro.com\/wp-content\/uploads\/2026\/04\/Foto-1-Idam-Propriedade-cafe-Foto-Divulgacao-Idam.jpeg\",\"articleSection\":[\"AGRICULTURA FAMILIAR\",\"DESTAQUES\"],\"inLanguage\":\"pt-BR\"},{\"@type\":\"WebPage\",\"@id\":\"https:\/\/portalmaisagro.com\/?p=6356\",\"url\":\"https:\/\/portalmaisagro.com\/?p=6356\",\"name\":\"Cresce produ\u00e7\u00e3o de caf\u00e9 sustent\u00e1vel na Amaz\u00f4nia - MaisAgro\",\"isPartOf\":{\"@id\":\"https:\/\/portalmaisagro.com\/#website\"},\"primaryImageOfPage\":{\"@id\":\"https:\/\/portalmaisagro.com\/?p=6356#primaryimage\"},\"image\":{\"@id\":\"https:\/\/portalmaisagro.com\/?p=6356#primaryimage\"},\"thumbnailUrl\":\"https:\/\/portalmaisagro.com\/wp-content\/uploads\/2026\/04\/Foto-1-Idam-Propriedade-cafe-Foto-Divulgacao-Idam.jpeg\",\"datePublished\":\"2026-04-02T13:21:14+00:00\",\"breadcrumb\":{\"@id\":\"https:\/\/portalmaisagro.com\/?p=6356#breadcrumb\"},\"inLanguage\":\"pt-BR\",\"potentialAction\":[{\"@type\":\"ReadAction\",\"target\":[\"https:\/\/portalmaisagro.com\/?p=6356\"]}]},{\"@type\":\"ImageObject\",\"inLanguage\":\"pt-BR\",\"@id\":\"https:\/\/portalmaisagro.com\/?p=6356#primaryimage\",\"url\":\"https:\/\/portalmaisagro.com\/wp-content\/uploads\/2026\/04\/Foto-1-Idam-Propriedade-cafe-Foto-Divulgacao-Idam.jpeg\",\"contentUrl\":\"https:\/\/portalmaisagro.com\/wp-content\/uploads\/2026\/04\/Foto-1-Idam-Propriedade-cafe-Foto-Divulgacao-Idam.jpeg\",\"width\":1600,\"height\":1200},{\"@type\":\"BreadcrumbList\",\"@id\":\"https:\/\/portalmaisagro.com\/?p=6356#breadcrumb\",\"itemListElement\":[{\"@type\":\"ListItem\",\"position\":1,\"name\":\"In\u00edcio\",\"item\":\"https:\/\/portalmaisagro.com\/\"},{\"@type\":\"ListItem\",\"position\":2,\"name\":\"Cresce produ\u00e7\u00e3o de caf\u00e9 sustent\u00e1vel na Amaz\u00f4nia\"}]},{\"@type\":\"WebSite\",\"@id\":\"https:\/\/portalmaisagro.com\/#website\",\"url\":\"https:\/\/portalmaisagro.com\/\",\"name\":\"MaisAgro\",\"description\":\"O portal do agroneg\u00f3cio\",\"publisher\":{\"@id\":\"https:\/\/portalmaisagro.com\/#organization\"},\"potentialAction\":[{\"@type\":\"SearchAction\",\"target\":{\"@type\":\"EntryPoint\",\"urlTemplate\":\"https:\/\/portalmaisagro.com\/?s={search_term_string}\"},\"query-input\":{\"@type\":\"PropertyValueSpecification\",\"valueRequired\":true,\"valueName\":\"search_term_string\"}}],\"inLanguage\":\"pt-BR\"},{\"@type\":\"Organization\",\"@id\":\"https:\/\/portalmaisagro.com\/#organization\",\"name\":\"MaisAgro\",\"url\":\"https:\/\/portalmaisagro.com\/\",\"logo\":{\"@type\":\"ImageObject\",\"inLanguage\":\"pt-BR\",\"@id\":\"https:\/\/portalmaisagro.com\/#\/schema\/logo\/image\/\",\"url\":\"https:\/\/portalmaisagro.com\/wp-content\/uploads\/2024\/11\/logo_oficial-e1749247575377.png\",\"contentUrl\":\"https:\/\/portalmaisagro.com\/wp-content\/uploads\/2024\/11\/logo_oficial-e1749247575377.png\",\"width\":513,\"height\":107,\"caption\":\"MaisAgro\"},\"image\":{\"@id\":\"https:\/\/portalmaisagro.com\/#\/schema\/logo\/image\/\"},\"sameAs\":[\"https:\/\/www.facebook.com\/maisagroportal\"]},{\"@type\":\"Person\",\"@id\":\"https:\/\/portalmaisagro.com\/#\/schema\/person\/ade0f16b5a3434e1ec47b1fbdb9b9318\",\"name\":\"Taiane do Carmo\",\"image\":{\"@type\":\"ImageObject\",\"inLanguage\":\"pt-BR\",\"@id\":\"https:\/\/portalmaisagro.com\/#\/schema\/person\/image\/640e5d69297d7dd56cc39a10251ad7db\",\"url\":\"https:\/\/portalmaisagro.com\/wp-content\/uploads\/2026\/04\/images.jpeg\",\"contentUrl\":\"https:\/\/portalmaisagro.com\/wp-content\/uploads\/2026\/04\/images.jpeg\",\"caption\":\"Taiane do Carmo\"},\"url\":\"https:\/\/portalmaisagro.com\/?author=10\"}]}<\/script>\n<!-- \/ Yoast SEO plugin. -->","yoast_head_json":{"title":"Cresce produ\u00e7\u00e3o de caf\u00e9 sustent\u00e1vel na Amaz\u00f4nia - MaisAgro","robots":{"index":"index","follow":"follow","max-snippet":"max-snippet:-1","max-image-preview":"max-image-preview:large","max-video-preview":"max-video-preview:-1"},"canonical":"https:\/\/portalmaisagro.com\/?p=6356","og_locale":"pt_BR","og_type":"article","og_title":"Cresce produ\u00e7\u00e3o de caf\u00e9 sustent\u00e1vel na Amaz\u00f4nia - MaisAgro","og_description":"Cultura no estado do Amazonas deve atingir a marca de 2,2 mil toneladas em 2025, segundo o Instituto de Desenvolvimento Agropecu\u00e1rio e Florestal Sustent\u00e1vel do Estado do Amazonas (Idam) Na contram\u00e3o das proje\u00e7\u00f5es sobre a produ\u00e7\u00e3o de caf\u00e9, no pa\u00eds, para este ano (-4,4%), o cultivo em territ\u00f3rio amazonense deve&hellip;","og_url":"https:\/\/portalmaisagro.com\/?p=6356","og_site_name":"MaisAgro","article_publisher":"https:\/\/www.facebook.com\/maisagroportal","article_published_time":"2026-04-02T13:21:14+00:00","og_image":[{"width":1600,"height":1200,"url":"https:\/\/portalmaisagro.com\/wp-content\/uploads\/2026\/04\/Foto-1-Idam-Propriedade-cafe-Foto-Divulgacao-Idam.jpeg","type":"image\/jpeg"}],"author":"Taiane do Carmo","twitter_card":"summary_large_image","twitter_misc":{"Escrito por":"Taiane do Carmo","Est. tempo de leitura":"5 minutos"},"schema":{"@context":"https:\/\/schema.org","@graph":[{"@type":"Article","@id":"https:\/\/portalmaisagro.com\/?p=6356#article","isPartOf":{"@id":"https:\/\/portalmaisagro.com\/?p=6356"},"author":{"name":"Taiane do Carmo","@id":"https:\/\/portalmaisagro.com\/#\/schema\/person\/ade0f16b5a3434e1ec47b1fbdb9b9318"},"headline":"Cresce produ\u00e7\u00e3o de caf\u00e9 sustent\u00e1vel na Amaz\u00f4nia","datePublished":"2026-04-02T13:21:14+00:00","mainEntityOfPage":{"@id":"https:\/\/portalmaisagro.com\/?p=6356"},"wordCount":820,"publisher":{"@id":"https:\/\/portalmaisagro.com\/#organization"},"image":{"@id":"https:\/\/portalmaisagro.com\/?p=6356#primaryimage"},"thumbnailUrl":"https:\/\/portalmaisagro.com\/wp-content\/uploads\/2026\/04\/Foto-1-Idam-Propriedade-cafe-Foto-Divulgacao-Idam.jpeg","articleSection":["AGRICULTURA FAMILIAR","DESTAQUES"],"inLanguage":"pt-BR"},{"@type":"WebPage","@id":"https:\/\/portalmaisagro.com\/?p=6356","url":"https:\/\/portalmaisagro.com\/?p=6356","name":"Cresce produ\u00e7\u00e3o de caf\u00e9 sustent\u00e1vel na Amaz\u00f4nia - MaisAgro","isPartOf":{"@id":"https:\/\/portalmaisagro.com\/#website"},"primaryImageOfPage":{"@id":"https:\/\/portalmaisagro.com\/?p=6356#primaryimage"},"image":{"@id":"https:\/\/portalmaisagro.com\/?p=6356#primaryimage"},"thumbnailUrl":"https:\/\/portalmaisagro.com\/wp-content\/uploads\/2026\/04\/Foto-1-Idam-Propriedade-cafe-Foto-Divulgacao-Idam.jpeg","datePublished":"2026-04-02T13:21:14+00:00","breadcrumb":{"@id":"https:\/\/portalmaisagro.com\/?p=6356#breadcrumb"},"inLanguage":"pt-BR","potentialAction":[{"@type":"ReadAction","target":["https:\/\/portalmaisagro.com\/?p=6356"]}]},{"@type":"ImageObject","inLanguage":"pt-BR","@id":"https:\/\/portalmaisagro.com\/?p=6356#primaryimage","url":"https:\/\/portalmaisagro.com\/wp-content\/uploads\/2026\/04\/Foto-1-Idam-Propriedade-cafe-Foto-Divulgacao-Idam.jpeg","contentUrl":"https:\/\/portalmaisagro.com\/wp-content\/uploads\/2026\/04\/Foto-1-Idam-Propriedade-cafe-Foto-Divulgacao-Idam.jpeg","width":1600,"height":1200},{"@type":"BreadcrumbList","@id":"https:\/\/portalmaisagro.com\/?p=6356#breadcrumb","itemListElement":[{"@type":"ListItem","position":1,"name":"In\u00edcio","item":"https:\/\/portalmaisagro.com\/"},{"@type":"ListItem","position":2,"name":"Cresce produ\u00e7\u00e3o de caf\u00e9 sustent\u00e1vel na Amaz\u00f4nia"}]},{"@type":"WebSite","@id":"https:\/\/portalmaisagro.com\/#website","url":"https:\/\/portalmaisagro.com\/","name":"MaisAgro","description":"O portal do agroneg\u00f3cio","publisher":{"@id":"https:\/\/portalmaisagro.com\/#organization"},"potentialAction":[{"@type":"SearchAction","target":{"@type":"EntryPoint","urlTemplate":"https:\/\/portalmaisagro.com\/?s={search_term_string}"},"query-input":{"@type":"PropertyValueSpecification","valueRequired":true,"valueName":"search_term_string"}}],"inLanguage":"pt-BR"},{"@type":"Organization","@id":"https:\/\/portalmaisagro.com\/#organization","name":"MaisAgro","url":"https:\/\/portalmaisagro.com\/","logo":{"@type":"ImageObject","inLanguage":"pt-BR","@id":"https:\/\/portalmaisagro.com\/#\/schema\/logo\/image\/","url":"https:\/\/portalmaisagro.com\/wp-content\/uploads\/2024\/11\/logo_oficial-e1749247575377.png","contentUrl":"https:\/\/portalmaisagro.com\/wp-content\/uploads\/2024\/11\/logo_oficial-e1749247575377.png","width":513,"height":107,"caption":"MaisAgro"},"image":{"@id":"https:\/\/portalmaisagro.com\/#\/schema\/logo\/image\/"},"sameAs":["https:\/\/www.facebook.com\/maisagroportal"]},{"@type":"Person","@id":"https:\/\/portalmaisagro.com\/#\/schema\/person\/ade0f16b5a3434e1ec47b1fbdb9b9318","name":"Taiane do Carmo","image":{"@type":"ImageObject","inLanguage":"pt-BR","@id":"https:\/\/portalmaisagro.com\/#\/schema\/person\/image\/640e5d69297d7dd56cc39a10251ad7db","url":"https:\/\/portalmaisagro.com\/wp-content\/uploads\/2026\/04\/images.jpeg","contentUrl":"https:\/\/portalmaisagro.com\/wp-content\/uploads\/2026\/04\/images.jpeg","caption":"Taiane do Carmo"},"url":"https:\/\/portalmaisagro.com\/?author=10"}]}},"jetpack_publicize_connections":[],"authors":[],"_links":{"self":[{"href":"https:\/\/portalmaisagro.com\/index.php?rest_route=\/wp\/v2\/posts\/6356","targetHints":{"allow":["GET"]}}],"collection":[{"href":"https:\/\/portalmaisagro.com\/index.php?rest_route=\/wp\/v2\/posts"}],"about":[{"href":"https:\/\/portalmaisagro.com\/index.php?rest_route=\/wp\/v2\/types\/post"}],"author":[{"embeddable":true,"href":"https:\/\/portalmaisagro.com\/index.php?rest_route=\/wp\/v2\/users\/10"}],"replies":[{"embeddable":true,"href":"https:\/\/portalmaisagro.com\/index.php?rest_route=%2Fwp%2Fv2%2Fcomments&post=6356"}],"version-history":[{"count":1,"href":"https:\/\/portalmaisagro.com\/index.php?rest_route=\/wp\/v2\/posts\/6356\/revisions"}],"predecessor-version":[{"id":6360,"href":"https:\/\/portalmaisagro.com\/index.php?rest_route=\/wp\/v2\/posts\/6356\/revisions\/6360"}],"wp:featuredmedia":[{"embeddable":true,"href":"https:\/\/portalmaisagro.com\/index.php?rest_route=\/wp\/v2\/media\/6357"}],"wp:attachment":[{"href":"https:\/\/portalmaisagro.com\/index.php?rest_route=%2Fwp%2Fv2%2Fmedia&parent=6356"}],"wp:term":[{"taxonomy":"category","embeddable":true,"href":"https:\/\/portalmaisagro.com\/index.php?rest_route=%2Fwp%2Fv2%2Fcategories&post=6356"},{"taxonomy":"post_tag","embeddable":true,"href":"https:\/\/portalmaisagro.com\/index.php?rest_route=%2Fwp%2Fv2%2Ftags&post=6356"}],"curies":[{"name":"wp","href":"https:\/\/api.w.org\/{rel}","templated":true}]}}