{"id":5919,"date":"2026-03-16T11:48:30","date_gmt":"2026-03-16T14:48:30","guid":{"rendered":"https:\/\/portalmaisagro.com\/?p=5919"},"modified":"2026-03-16T11:48:30","modified_gmt":"2026-03-16T14:48:30","slug":"vendas-no-pavilhao-da-agricultura-familiar-superam-expectativas-de-novos-expositores","status":"publish","type":"post","link":"https:\/\/portalmaisagro.com\/?p=5919","title":{"rendered":"Vendas no Pavilh\u00e3o da Agricultura Familiar superam expectativas de novos expositores"},"content":{"rendered":"<p style=\"text-align: justify\"><em>P\u00fablico pode conferir grande diversidade de produtos, al\u00e9m de novidades e lan\u00e7amentos<\/em><\/p>\n<p style=\"text-align: justify\">Durante os cinco dias de Expodireto, entre 9 e 13 de mar\u00e7o, o Pavilh\u00e3o da Agricultura Familiar recebeu grande movimenta\u00e7\u00e3o de pessoas. O p\u00fablico encontrou \u00a0novos produtos e expositores, assim como mercadorias e empreendimentos j\u00e1 tradicionais na feira. Para os 48 novos empreendimentos, os resultados alcan\u00e7ados superaram as expectativas.<\/p>\n<p>\u201cO Pavilh\u00e3o da Agricultura Familiar \u00e9 sempre um ponto de bastante fluxo de pessoas. E, neste ano, n\u00e3o tem sido diferente. [&#8230;], confirma Vilmar Leitzke, assistente t\u00e9cnico regional da Emater\/RS-Ascar de Passo Fundo\/RS e coordenador do espa\u00e7o.<\/p>\n<p>Assim como nos \u00faltimos anos, o p\u00fablico estava \u00e1vido por produtos com sabores diferenciados e lan\u00e7amentos. \u201cTivemos um movimento muito interessante de pessoas buscando por novidades\u201d, completa Leitzke.<\/p>\n<p>Entre os destaques, estava o sabor erva-mate, com \u00a0bolachas, refrigerantes e at\u00e9 sorvete com a erva t\u00edpica do estado. Nesse sentido, o espa\u00e7o tamb\u00e9m \u00e9 oportunidade para as agroind\u00fastrias testarem e receberem avalia\u00e7\u00f5es imediatas de novos produtos.<\/p>\n<p>Al\u00e9m disso, os expositores mais antigos podem compartilhar experi\u00eancias com os mais novos, consolidando o pavilh\u00e3o como um espa\u00e7o de troca e aprendizado, onde muitos visitantes e expositores realizam compras, mas tamb\u00e9m buscam informa\u00e7\u00f5es espec\u00edficas, ideias e aprimoramentos de processos. \u201cA participa\u00e7\u00e3o em feiras de grande porte tamb\u00e9m promove conex\u00f5es com novos consumidores e entre os pr\u00f3prios expositores\u201d, explica Leitzke.<\/p>\n<p style=\"text-align: justify\"><strong>Pequena agroind\u00fastria conquista espa\u00e7o na Expodireto<\/strong><\/p>\n<p>A produtora Edin\u00e9ia Mazzucatto Canova, da agroind\u00fastria Fam\u00edlia Canova, de Sarandi\/RS, trouxe para a Expodireto Cotrijal o sabor aut\u00eantico do queijo colonial natural. A agroind\u00fastria familiar sempre sonhou em participar da feira, mas a produ\u00e7\u00e3o limitada era um obst\u00e1culo. Neste ano, eles decidiram concorrer a uma vaga e foram selecionados. \u201cConseguimos produzir uma grande quantidade e as vendas est\u00e3o boas\u201d, contou Edin\u00e9ia, animada com a receptividade do p\u00fablico.<\/p>\n<p>O queijo, feito apenas com leite, coalho e sal, reflete a tradi\u00e7\u00e3o e a simplicidade que conquista os visitantes. Para ela, a experi\u00eancia tem sido enriquecedora: \u201cA feira \u00e9 maior do que esper\u00e1vamos e estamos gostando muito. Queremos voltar na pr\u00f3xima edi\u00e7\u00e3o, pois \u00e9 uma feira grande e disputada.\u201d A hist\u00f3ria da agroind\u00fastria mostra como a for\u00e7a da agricultura familiar encontra espa\u00e7o em eventos de grande porte, como a Expodireto Cotrijal, valorizando produtos artesanais e aproximando produtores e consumidores.<\/p>\n<p style=\"text-align: justify\"><strong>Cooperativa de Liberato Salzano\/RS realiza estreia<\/strong><\/p>\n<p>A Cooperativa CoopSalzano Sucos, de Liberato Salzano\/RS, tamb\u00e9m participou pela primeira vez da Expodireto. A cooperativa nasceu com a compra de laranjas, reunindo apenas 20 associados. Hoje, j\u00e1 conta com 126, sendo que mais de 90 participam diretamente das negocia\u00e7\u00f5es de frutas e insumos para abastecer a ind\u00fastria.<\/p>\n<p>Participando pela primeira vez, a cooperativa tinha expectativas modestas. No entanto, logo nos primeiros dias, o movimento surpreendeu. \u201cO fluxo de pessoas e de neg\u00f3cios foi maior do que esper\u00e1vamos, especialmente em compara\u00e7\u00e3o com feiras menores que j\u00e1 participamos\u201d, avaliou Cleber Milan, tesoureiro da cooperativa.<\/p>\n<p>Por isso, ele considera a experi\u00eancia na Expodireto marcante. \u201cA participa\u00e7\u00e3o da CoopSalzano Sucos na Expodireto foi um divisor de \u00e1guas em termos de conhecimento em feiras, estamos muito satisfeitos com o resultado\u201d, ressaltou o tesoureiro, animado com a proje\u00e7\u00e3o conquistada.<\/p>\n<p style=\"text-align: justify\"><strong>Formaliza\u00e7\u00e3o<\/strong><\/p>\n<p>O expressivo n\u00famero de estreantes est\u00e1 ligado \u00e0 crescente formaliza\u00e7\u00e3o de empreendimentos com o Selo Sabor Ga\u00facho, que certifica os produtos origin\u00e1rios da agricultura familiar do Rio Grande do Sul. Al\u00e9m disso, o setor observa maior interesse por feiras com produtos da agricultura familiar.<\/p>\n<p><strong>Diversidade<\/strong><\/p>\n<p>Para os consumidores que priorizam alimentos org\u00e2nicos, 18 expositores apresentaram certifica\u00e7\u00f5es reconhecidas. O espa\u00e7o tamb\u00e9m apresentou o tradicional artesanato ga\u00facho, atrav\u00e9s dos expositores que vieram de 119 munic\u00edpios do Rio Grande do Sul, al\u00e9m de p\u00e3es, massas, embutidos, latic\u00ednios, cucas, sucos, doces, cacha\u00e7as, licores e drinks artesanais, atraindo grande p\u00fablico e valorizando a cultura rural. Entre os respons\u00e1veis pelos empreendimentos, destacaram-se 113 jovens e 97 mulheres e representantes de comunidades ind\u00edgenas.<\/p>\n<p><strong>Organiza\u00e7\u00e3o<\/strong><\/p>\n<p>O Pavilh\u00e3o da Agricultura Familiar \u00e9 uma realiza\u00e7\u00e3o conjunta da Cotrijal, Federa\u00e7\u00e3o dos Trabalhadores na Agricultura no Rio Grande do Sul (Fetag-RS), Emater\/RS-Ascar, Federa\u00e7\u00e3o dos Trabalhadores na Agricultura Familiar do Rio Grande do Sul (Fetraf-RS)e Secretaria de Desenvolvimento Rural do Estado do Rio Grande do Sul (SDR).<\/p>\n<figure id=\"attachment_5921\" aria-describedby=\"caption-attachment-5921\" style=\"width: 640px\" class=\"wp-caption alignnone\"><img loading=\"lazy\" decoding=\"async\" class=\"size-large wp-image-5921\" src=\"https:\/\/portalmaisagro.com\/wp-content\/uploads\/2026\/03\/espo-o-1024x683.jpg\" alt=\"\" width=\"640\" height=\"427\" srcset=\"https:\/\/portalmaisagro.com\/wp-content\/uploads\/2026\/03\/espo-o-1024x683.jpg 1024w, https:\/\/portalmaisagro.com\/wp-content\/uploads\/2026\/03\/espo-o-300x200.jpg 300w, https:\/\/portalmaisagro.com\/wp-content\/uploads\/2026\/03\/espo-o-768x512.jpg 768w, https:\/\/portalmaisagro.com\/wp-content\/uploads\/2026\/03\/espo-o-1536x1024.jpg 1536w, https:\/\/portalmaisagro.com\/wp-content\/uploads\/2026\/03\/espo-o-150x100.jpg 150w, https:\/\/portalmaisagro.com\/wp-content\/uploads\/2026\/03\/espo-o.jpg 1920w\" sizes=\"auto, (max-width: 640px) 100vw, 640px\" \/><figcaption id=\"caption-attachment-5921\" class=\"wp-caption-text\">Quem passou pelo espa\u00e7o pode degustar os itens e conferir as novidades trazidas pelos empreendimentos Foto: Divulga\u00e7\u00e3o Expodireto Cotrijal<\/figcaption><\/figure>\n","protected":false},"excerpt":{"rendered":"<p>P\u00fablico pode conferir grande diversidade de produtos, al\u00e9m de novidades e lan\u00e7amentos Durante os cinco dias de Expodireto, entre 9 e 13 de mar\u00e7o, o Pavilh\u00e3o da Agricultura Familiar recebeu grande movimenta\u00e7\u00e3o de pessoas. O p\u00fablico encontrou \u00a0novos produtos e expositores, assim como mercadorias e empreendimentos j\u00e1 tradicionais na feira.&hellip;<\/p>\n","protected":false},"author":10,"featured_media":5920,"comment_status":"closed","ping_status":"closed","sticky":false,"template":"","format":"standard","meta":{"_crdt_document":"","footnotes":"","jetpack_publicize_message":"","jetpack_publicize_feature_enabled":true,"jetpack_social_post_already_shared":true,"jetpack_social_options":{"image_generator_settings":{"template":"highway","default_image_id":0,"font":"","enabled":false},"version":2}},"categories":[131,230],"tags":[],"class_list":["post-5919","post","type-post","status-publish","format-standard","has-post-thumbnail","hentry","category-destaques","category-feiras-2"],"yoast_head":"<!-- This site is optimized with the Yoast SEO plugin v27.1.1 - https:\/\/yoast.com\/product\/yoast-seo-wordpress\/ -->\n<title>Vendas no Pavilh\u00e3o da Agricultura Familiar superam expectativas de novos expositores - MaisAgro<\/title>\n<meta name=\"robots\" content=\"index, follow, max-snippet:-1, max-image-preview:large, max-video-preview:-1\" \/>\n<link rel=\"canonical\" href=\"https:\/\/portalmaisagro.com\/?p=5919\" \/>\n<meta property=\"og:locale\" content=\"pt_BR\" \/>\n<meta property=\"og:type\" content=\"article\" \/>\n<meta property=\"og:title\" content=\"Vendas no Pavilh\u00e3o da Agricultura Familiar superam expectativas de novos expositores - MaisAgro\" \/>\n<meta property=\"og:description\" content=\"P\u00fablico pode conferir grande diversidade de produtos, al\u00e9m de novidades e lan\u00e7amentos Durante os cinco dias de Expodireto, entre 9 e 13 de mar\u00e7o, o Pavilh\u00e3o da Agricultura Familiar recebeu grande movimenta\u00e7\u00e3o de pessoas. O p\u00fablico encontrou \u00a0novos produtos e expositores, assim como mercadorias e empreendimentos j\u00e1 tradicionais na feira.&hellip;\" \/>\n<meta property=\"og:url\" content=\"https:\/\/portalmaisagro.com\/?p=5919\" \/>\n<meta property=\"og:site_name\" content=\"MaisAgro\" \/>\n<meta property=\"article:publisher\" content=\"https:\/\/www.facebook.com\/maisagroportal\" \/>\n<meta property=\"article:published_time\" content=\"2026-03-16T14:48:30+00:00\" \/>\n<meta property=\"og:image\" content=\"https:\/\/portalmaisagro.com\/wp-content\/uploads\/2026\/03\/expo-scaled.jpg\" \/>\n\t<meta property=\"og:image:width\" content=\"2560\" \/>\n\t<meta property=\"og:image:height\" content=\"1707\" \/>\n\t<meta property=\"og:image:type\" content=\"image\/jpeg\" \/>\n<meta name=\"author\" content=\"Taiane do Carmo\" \/>\n<meta name=\"twitter:card\" content=\"summary_large_image\" \/>\n<meta name=\"twitter:label1\" content=\"Escrito por\" \/>\n\t<meta name=\"twitter:data1\" content=\"Taiane do Carmo\" \/>\n\t<meta name=\"twitter:label2\" content=\"Est. tempo de leitura\" \/>\n\t<meta name=\"twitter:data2\" content=\"5 minutos\" \/>\n<script type=\"application\/ld+json\" class=\"yoast-schema-graph\">{\"@context\":\"https:\/\/schema.org\",\"@graph\":[{\"@type\":\"Article\",\"@id\":\"https:\/\/portalmaisagro.com\/?p=5919#article\",\"isPartOf\":{\"@id\":\"https:\/\/portalmaisagro.com\/?p=5919\"},\"author\":{\"name\":\"Taiane do Carmo\",\"@id\":\"https:\/\/portalmaisagro.com\/#\/schema\/person\/ade0f16b5a3434e1ec47b1fbdb9b9318\"},\"headline\":\"Vendas no Pavilh\u00e3o da Agricultura Familiar superam expectativas de novos expositores\",\"datePublished\":\"2026-03-16T14:48:30+00:00\",\"mainEntityOfPage\":{\"@id\":\"https:\/\/portalmaisagro.com\/?p=5919\"},\"wordCount\":796,\"publisher\":{\"@id\":\"https:\/\/portalmaisagro.com\/#organization\"},\"image\":{\"@id\":\"https:\/\/portalmaisagro.com\/?p=5919#primaryimage\"},\"thumbnailUrl\":\"https:\/\/portalmaisagro.com\/wp-content\/uploads\/2026\/03\/expo-scaled.jpg\",\"articleSection\":[\"DESTAQUES\",\"FEIRAS\"],\"inLanguage\":\"pt-BR\"},{\"@type\":\"WebPage\",\"@id\":\"https:\/\/portalmaisagro.com\/?p=5919\",\"url\":\"https:\/\/portalmaisagro.com\/?p=5919\",\"name\":\"Vendas no Pavilh\u00e3o da Agricultura Familiar superam expectativas de novos expositores - MaisAgro\",\"isPartOf\":{\"@id\":\"https:\/\/portalmaisagro.com\/#website\"},\"primaryImageOfPage\":{\"@id\":\"https:\/\/portalmaisagro.com\/?p=5919#primaryimage\"},\"image\":{\"@id\":\"https:\/\/portalmaisagro.com\/?p=5919#primaryimage\"},\"thumbnailUrl\":\"https:\/\/portalmaisagro.com\/wp-content\/uploads\/2026\/03\/expo-scaled.jpg\",\"datePublished\":\"2026-03-16T14:48:30+00:00\",\"breadcrumb\":{\"@id\":\"https:\/\/portalmaisagro.com\/?p=5919#breadcrumb\"},\"inLanguage\":\"pt-BR\",\"potentialAction\":[{\"@type\":\"ReadAction\",\"target\":[\"https:\/\/portalmaisagro.com\/?p=5919\"]}]},{\"@type\":\"ImageObject\",\"inLanguage\":\"pt-BR\",\"@id\":\"https:\/\/portalmaisagro.com\/?p=5919#primaryimage\",\"url\":\"https:\/\/portalmaisagro.com\/wp-content\/uploads\/2026\/03\/expo-scaled.jpg\",\"contentUrl\":\"https:\/\/portalmaisagro.com\/wp-content\/uploads\/2026\/03\/expo-scaled.jpg\",\"width\":2560,\"height\":1707,\"caption\":\"Dos 224 expositores, 48 eram novos participantes na Feira em N\u00e3o-Me-Toque\/RS | Foto: Divulga\u00e7\u00e3o da Expodireto Cotrijal\"},{\"@type\":\"BreadcrumbList\",\"@id\":\"https:\/\/portalmaisagro.com\/?p=5919#breadcrumb\",\"itemListElement\":[{\"@type\":\"ListItem\",\"position\":1,\"name\":\"In\u00edcio\",\"item\":\"https:\/\/portalmaisagro.com\/\"},{\"@type\":\"ListItem\",\"position\":2,\"name\":\"Vendas no Pavilh\u00e3o da Agricultura Familiar superam expectativas de novos expositores\"}]},{\"@type\":\"WebSite\",\"@id\":\"https:\/\/portalmaisagro.com\/#website\",\"url\":\"https:\/\/portalmaisagro.com\/\",\"name\":\"MaisAgro\",\"description\":\"O portal do agroneg\u00f3cio\",\"publisher\":{\"@id\":\"https:\/\/portalmaisagro.com\/#organization\"},\"potentialAction\":[{\"@type\":\"SearchAction\",\"target\":{\"@type\":\"EntryPoint\",\"urlTemplate\":\"https:\/\/portalmaisagro.com\/?s={search_term_string}\"},\"query-input\":{\"@type\":\"PropertyValueSpecification\",\"valueRequired\":true,\"valueName\":\"search_term_string\"}}],\"inLanguage\":\"pt-BR\"},{\"@type\":\"Organization\",\"@id\":\"https:\/\/portalmaisagro.com\/#organization\",\"name\":\"MaisAgro\",\"url\":\"https:\/\/portalmaisagro.com\/\",\"logo\":{\"@type\":\"ImageObject\",\"inLanguage\":\"pt-BR\",\"@id\":\"https:\/\/portalmaisagro.com\/#\/schema\/logo\/image\/\",\"url\":\"https:\/\/portalmaisagro.com\/wp-content\/uploads\/2024\/11\/logo_oficial-e1749247575377.png\",\"contentUrl\":\"https:\/\/portalmaisagro.com\/wp-content\/uploads\/2024\/11\/logo_oficial-e1749247575377.png\",\"width\":513,\"height\":107,\"caption\":\"MaisAgro\"},\"image\":{\"@id\":\"https:\/\/portalmaisagro.com\/#\/schema\/logo\/image\/\"},\"sameAs\":[\"https:\/\/www.facebook.com\/maisagroportal\"]},{\"@type\":\"Person\",\"@id\":\"https:\/\/portalmaisagro.com\/#\/schema\/person\/ade0f16b5a3434e1ec47b1fbdb9b9318\",\"name\":\"Taiane do Carmo\",\"image\":{\"@type\":\"ImageObject\",\"inLanguage\":\"pt-BR\",\"@id\":\"https:\/\/portalmaisagro.com\/#\/schema\/person\/image\/640e5d69297d7dd56cc39a10251ad7db\",\"url\":\"https:\/\/portalmaisagro.com\/wp-content\/uploads\/2026\/04\/images.jpeg\",\"contentUrl\":\"https:\/\/portalmaisagro.com\/wp-content\/uploads\/2026\/04\/images.jpeg\",\"caption\":\"Taiane do Carmo\"},\"url\":\"https:\/\/portalmaisagro.com\/?author=10\"}]}<\/script>\n<!-- \/ Yoast SEO plugin. -->","yoast_head_json":{"title":"Vendas no Pavilh\u00e3o da Agricultura Familiar superam expectativas de novos expositores - MaisAgro","robots":{"index":"index","follow":"follow","max-snippet":"max-snippet:-1","max-image-preview":"max-image-preview:large","max-video-preview":"max-video-preview:-1"},"canonical":"https:\/\/portalmaisagro.com\/?p=5919","og_locale":"pt_BR","og_type":"article","og_title":"Vendas no Pavilh\u00e3o da Agricultura Familiar superam expectativas de novos expositores - MaisAgro","og_description":"P\u00fablico pode conferir grande diversidade de produtos, al\u00e9m de novidades e lan\u00e7amentos Durante os cinco dias de Expodireto, entre 9 e 13 de mar\u00e7o, o Pavilh\u00e3o da Agricultura Familiar recebeu grande movimenta\u00e7\u00e3o de pessoas. O p\u00fablico encontrou \u00a0novos produtos e expositores, assim como mercadorias e empreendimentos j\u00e1 tradicionais na feira.&hellip;","og_url":"https:\/\/portalmaisagro.com\/?p=5919","og_site_name":"MaisAgro","article_publisher":"https:\/\/www.facebook.com\/maisagroportal","article_published_time":"2026-03-16T14:48:30+00:00","og_image":[{"width":2560,"height":1707,"url":"https:\/\/portalmaisagro.com\/wp-content\/uploads\/2026\/03\/expo-scaled.jpg","type":"image\/jpeg"}],"author":"Taiane do Carmo","twitter_card":"summary_large_image","twitter_misc":{"Escrito por":"Taiane do Carmo","Est. tempo de leitura":"5 minutos"},"schema":{"@context":"https:\/\/schema.org","@graph":[{"@type":"Article","@id":"https:\/\/portalmaisagro.com\/?p=5919#article","isPartOf":{"@id":"https:\/\/portalmaisagro.com\/?p=5919"},"author":{"name":"Taiane do Carmo","@id":"https:\/\/portalmaisagro.com\/#\/schema\/person\/ade0f16b5a3434e1ec47b1fbdb9b9318"},"headline":"Vendas no Pavilh\u00e3o da Agricultura Familiar superam expectativas de novos expositores","datePublished":"2026-03-16T14:48:30+00:00","mainEntityOfPage":{"@id":"https:\/\/portalmaisagro.com\/?p=5919"},"wordCount":796,"publisher":{"@id":"https:\/\/portalmaisagro.com\/#organization"},"image":{"@id":"https:\/\/portalmaisagro.com\/?p=5919#primaryimage"},"thumbnailUrl":"https:\/\/portalmaisagro.com\/wp-content\/uploads\/2026\/03\/expo-scaled.jpg","articleSection":["DESTAQUES","FEIRAS"],"inLanguage":"pt-BR"},{"@type":"WebPage","@id":"https:\/\/portalmaisagro.com\/?p=5919","url":"https:\/\/portalmaisagro.com\/?p=5919","name":"Vendas no Pavilh\u00e3o da Agricultura Familiar superam expectativas de novos expositores - MaisAgro","isPartOf":{"@id":"https:\/\/portalmaisagro.com\/#website"},"primaryImageOfPage":{"@id":"https:\/\/portalmaisagro.com\/?p=5919#primaryimage"},"image":{"@id":"https:\/\/portalmaisagro.com\/?p=5919#primaryimage"},"thumbnailUrl":"https:\/\/portalmaisagro.com\/wp-content\/uploads\/2026\/03\/expo-scaled.jpg","datePublished":"2026-03-16T14:48:30+00:00","breadcrumb":{"@id":"https:\/\/portalmaisagro.com\/?p=5919#breadcrumb"},"inLanguage":"pt-BR","potentialAction":[{"@type":"ReadAction","target":["https:\/\/portalmaisagro.com\/?p=5919"]}]},{"@type":"ImageObject","inLanguage":"pt-BR","@id":"https:\/\/portalmaisagro.com\/?p=5919#primaryimage","url":"https:\/\/portalmaisagro.com\/wp-content\/uploads\/2026\/03\/expo-scaled.jpg","contentUrl":"https:\/\/portalmaisagro.com\/wp-content\/uploads\/2026\/03\/expo-scaled.jpg","width":2560,"height":1707,"caption":"Dos 224 expositores, 48 eram novos participantes na Feira em N\u00e3o-Me-Toque\/RS | Foto: Divulga\u00e7\u00e3o da Expodireto Cotrijal"},{"@type":"BreadcrumbList","@id":"https:\/\/portalmaisagro.com\/?p=5919#breadcrumb","itemListElement":[{"@type":"ListItem","position":1,"name":"In\u00edcio","item":"https:\/\/portalmaisagro.com\/"},{"@type":"ListItem","position":2,"name":"Vendas no Pavilh\u00e3o da Agricultura Familiar superam expectativas de novos expositores"}]},{"@type":"WebSite","@id":"https:\/\/portalmaisagro.com\/#website","url":"https:\/\/portalmaisagro.com\/","name":"MaisAgro","description":"O portal do agroneg\u00f3cio","publisher":{"@id":"https:\/\/portalmaisagro.com\/#organization"},"potentialAction":[{"@type":"SearchAction","target":{"@type":"EntryPoint","urlTemplate":"https:\/\/portalmaisagro.com\/?s={search_term_string}"},"query-input":{"@type":"PropertyValueSpecification","valueRequired":true,"valueName":"search_term_string"}}],"inLanguage":"pt-BR"},{"@type":"Organization","@id":"https:\/\/portalmaisagro.com\/#organization","name":"MaisAgro","url":"https:\/\/portalmaisagro.com\/","logo":{"@type":"ImageObject","inLanguage":"pt-BR","@id":"https:\/\/portalmaisagro.com\/#\/schema\/logo\/image\/","url":"https:\/\/portalmaisagro.com\/wp-content\/uploads\/2024\/11\/logo_oficial-e1749247575377.png","contentUrl":"https:\/\/portalmaisagro.com\/wp-content\/uploads\/2024\/11\/logo_oficial-e1749247575377.png","width":513,"height":107,"caption":"MaisAgro"},"image":{"@id":"https:\/\/portalmaisagro.com\/#\/schema\/logo\/image\/"},"sameAs":["https:\/\/www.facebook.com\/maisagroportal"]},{"@type":"Person","@id":"https:\/\/portalmaisagro.com\/#\/schema\/person\/ade0f16b5a3434e1ec47b1fbdb9b9318","name":"Taiane do Carmo","image":{"@type":"ImageObject","inLanguage":"pt-BR","@id":"https:\/\/portalmaisagro.com\/#\/schema\/person\/image\/640e5d69297d7dd56cc39a10251ad7db","url":"https:\/\/portalmaisagro.com\/wp-content\/uploads\/2026\/04\/images.jpeg","contentUrl":"https:\/\/portalmaisagro.com\/wp-content\/uploads\/2026\/04\/images.jpeg","caption":"Taiane do Carmo"},"url":"https:\/\/portalmaisagro.com\/?author=10"}]}},"jetpack_publicize_connections":[],"authors":[],"_links":{"self":[{"href":"https:\/\/portalmaisagro.com\/index.php?rest_route=\/wp\/v2\/posts\/5919","targetHints":{"allow":["GET"]}}],"collection":[{"href":"https:\/\/portalmaisagro.com\/index.php?rest_route=\/wp\/v2\/posts"}],"about":[{"href":"https:\/\/portalmaisagro.com\/index.php?rest_route=\/wp\/v2\/types\/post"}],"author":[{"embeddable":true,"href":"https:\/\/portalmaisagro.com\/index.php?rest_route=\/wp\/v2\/users\/10"}],"replies":[{"embeddable":true,"href":"https:\/\/portalmaisagro.com\/index.php?rest_route=%2Fwp%2Fv2%2Fcomments&post=5919"}],"version-history":[{"count":1,"href":"https:\/\/portalmaisagro.com\/index.php?rest_route=\/wp\/v2\/posts\/5919\/revisions"}],"predecessor-version":[{"id":5922,"href":"https:\/\/portalmaisagro.com\/index.php?rest_route=\/wp\/v2\/posts\/5919\/revisions\/5922"}],"wp:featuredmedia":[{"embeddable":true,"href":"https:\/\/portalmaisagro.com\/index.php?rest_route=\/wp\/v2\/media\/5920"}],"wp:attachment":[{"href":"https:\/\/portalmaisagro.com\/index.php?rest_route=%2Fwp%2Fv2%2Fmedia&parent=5919"}],"wp:term":[{"taxonomy":"category","embeddable":true,"href":"https:\/\/portalmaisagro.com\/index.php?rest_route=%2Fwp%2Fv2%2Fcategories&post=5919"},{"taxonomy":"post_tag","embeddable":true,"href":"https:\/\/portalmaisagro.com\/index.php?rest_route=%2Fwp%2Fv2%2Ftags&post=5919"}],"curies":[{"name":"wp","href":"https:\/\/api.w.org\/{rel}","templated":true}]}}