{"id":5915,"date":"2026-03-16T11:23:55","date_gmt":"2026-03-16T14:23:55","guid":{"rendered":"https:\/\/portalmaisagro.com\/?p=5915"},"modified":"2026-03-16T11:23:55","modified_gmt":"2026-03-16T14:23:55","slug":"20-anos-no-brasil-uma-historia-construida-ao-lado-de-quem-produz","status":"publish","type":"post","link":"https:\/\/portalmaisagro.com\/?p=5915","title":{"rendered":"20 anos no Brasil: uma hist\u00f3ria constru\u00edda ao lado de quem produz"},"content":{"rendered":"<p style=\"text-align: justify\"><i><span style=\"font-weight: 400\">Por Nicolas Guillou, CEO da KUHN do Brasil<\/span><\/i><\/p>\n<p style=\"text-align: justify\"><span style=\"font-weight: 400\">Em 2025, celebramos um marco que nos enche de orgulho: 20 anos da presen\u00e7a da KUHN no Brasil. Olhar para tr\u00e1s e ver a trajet\u00f3ria que constru\u00edmos \u00e9, acima de tudo, reconhecer a for\u00e7a da parceria que firmamos com o produtor rural brasileiro. Desde que adquirimos a nossa primeira f\u00e1brica em Passo Fundo (RS), em 2005, nosso maior compromisso tem sido entender as dores e as necessidades do campo para juntos, fazermos hist\u00f3ria, independente das oscila\u00e7\u00f5es que o mercado apresente. Estar preparados para desafios \u00e9 a nossa ess\u00eancia.<\/span><\/p>\n<p style=\"text-align: justify\"><span style=\"font-weight: 400\">Ao longo desse tempo, nossa jornada \u00e9 marcada por um crescimento s\u00f3lido, que reflete a confian\u00e7a que o agricultor deposita em nossas solu\u00e7\u00f5es. Desde que nos instalamos no pa\u00eds, j\u00e1 expandimos nossa presen\u00e7a com uma segunda unidade fabril em S\u00e3o Jos\u00e9 dos Pinhais (PR) e centros de distribui\u00e7\u00e3o e treinamento em pontos estrat\u00e9gicos como Rondon\u00f3polis (MT) e Palmas (TO). Hoje, somos uma fam\u00edlia de colaboradores dedicados a fortalecer a agricultura e a pecu\u00e1ria nacional.<\/span><\/p>\n<p style=\"text-align: justify\"><span style=\"font-weight: 400\">Contudo, sabemos que nossa presen\u00e7a vai muito al\u00e9m da infraestrutura. A verdadeira conex\u00e3o acontece na proximidade, no dia a dia da lavoura. Para ser verdadeiramente uma empresa global com presen\u00e7a local e nunca deixar de escutar os produtores, desenvolvemos um plano de rede focado no Brasil, com revendas que transformam a experi\u00eancia de venda e, principalmente, de p\u00f3s-venda. Garantir pe\u00e7as de reposi\u00e7\u00e3o em solo nacional e um suporte \u00e1gil \u00e9 a nossa forma de dizer ao produtor que ele n\u00e3o est\u00e1 sozinho, mesmo nos casos em que utiliza tecnologia europeia de ponta.<\/span><\/p>\n<p style=\"text-align: justify\"><span style=\"font-weight: 400\">Uma das nossas maiores satisfa\u00e7\u00f5es ao longo dessas duas d\u00e9cadas tem sido criar solu\u00e7\u00f5es adaptadas \u00e0s diferentes realidades do campo. A for\u00e7a do agroneg\u00f3cio brasileiro est\u00e1 em sua diversidade, e nosso portf\u00f3lio acompanha essa voca\u00e7\u00e3o. Para n\u00f3s, n\u00e3o h\u00e1 produtor pequeno ou grande, mas sim parceiros com necessidades distintas. Atendemos desde a fruticultura at\u00e9 as rotinas da pecu\u00e1ria leiteira e a condu\u00e7\u00e3o de gr\u00e3os, sempre com foco em confiabilidade, efici\u00eancia e simplicidade operacional. Isso s\u00f3 \u00e9 poss\u00edvel porque nos adaptamos ao contexto nacional, reconhecendo sempre as caracter\u00edsticas do pa\u00eds, do seu solo e dos produtores.<\/span><\/p>\n<p style=\"text-align: justify\"><span style=\"font-weight: 400\">Entendemos que investir em m\u00e1quinas agr\u00edcolas \u00e9 uma decis\u00e3o importante para o produtor. Por isso, criamos o Kuhn Finance, uma solu\u00e7\u00e3o de financiamento estruturada para atender as necessidades de cada produtor. Al\u00e9m de investirmos em tecnologia e inova\u00e7\u00e3o, temos tamb\u00e9m um compromisso com o futuro, e por causa disso investimos em sustentabilidade, como o novo processo de pintura que reduz em at\u00e9 25% a emiss\u00e3o de CO2, e fomos reconhecidos com o Selo ESG em Foco. Essas a\u00e7\u00f5es est\u00e3o alinhadas ao nosso prop\u00f3sito global de desenvolver solu\u00e7\u00f5es para alimentar a popula\u00e7\u00e3o mundial, preservando o meio ambiente.<\/span><\/p>\n<p style=\"text-align: justify\"><span style=\"font-weight: 400\">A campanha &#8220;20 anos no Brasil \u2013 Fazendo hist\u00f3ria com voc\u00ea&#8221; traduz perfeitamente o nosso sentimento. Cada m\u00e1quina entregue, cada safra bem-sucedida e cada cliente satisfeito s\u00e3o cap\u00edtulos dessa hist\u00f3ria que temos a honra de escrever ao lado do produtor brasileiro. Queremos, mais do que nunca, que a agricultura familiar tamb\u00e9m tenha a nossa marca em sua hist\u00f3ria.<\/span><\/p>\n<p style=\"text-align: justify\"><span style=\"font-weight: 400\">Para que tudo isso se fortale\u00e7a, seguimos juntos, com o mesmo compromisso de 20 anos atr\u00e1s: fortalecer a agricultura nacional e apoiar quem produz, seja qual for o seu porte.<\/span><\/p>\n<figure id=\"attachment_5917\" aria-describedby=\"caption-attachment-5917\" style=\"width: 640px\" class=\"wp-caption alignnone\"><img loading=\"lazy\" decoding=\"async\" class=\"wp-image-5917 size-large\" src=\"https:\/\/portalmaisagro.com\/wp-content\/uploads\/2026\/03\/FOTO-02-1024x683.jpg\" alt=\"\" width=\"640\" height=\"427\" srcset=\"https:\/\/portalmaisagro.com\/wp-content\/uploads\/2026\/03\/FOTO-02-1024x683.jpg 1024w, https:\/\/portalmaisagro.com\/wp-content\/uploads\/2026\/03\/FOTO-02-300x200.jpg 300w, https:\/\/portalmaisagro.com\/wp-content\/uploads\/2026\/03\/FOTO-02-768x512.jpg 768w, https:\/\/portalmaisagro.com\/wp-content\/uploads\/2026\/03\/FOTO-02-1536x1024.jpg 1536w, https:\/\/portalmaisagro.com\/wp-content\/uploads\/2026\/03\/FOTO-02-2048x1365.jpg 2048w, https:\/\/portalmaisagro.com\/wp-content\/uploads\/2026\/03\/FOTO-02-150x100.jpg 150w\" sizes=\"auto, (max-width: 640px) 100vw, 640px\" \/><figcaption id=\"caption-attachment-5917\" class=\"wp-caption-text\">H\u00e1 20 anos no Brasil, a KUHN apoia a agricultura ao lado do produtor brasileiro.Cr\u00e9ditos: Divulga\u00e7\u00e3o\/KUHN<\/figcaption><\/figure>\n","protected":false},"excerpt":{"rendered":"<p>Por Nicolas Guillou, CEO da KUHN do Brasil Em 2025, celebramos um marco que nos enche de orgulho: 20 anos da presen\u00e7a da KUHN no Brasil. Olhar para tr\u00e1s e ver a trajet\u00f3ria que constru\u00edmos \u00e9, acima de tudo, reconhecer a for\u00e7a da parceria que firmamos com o produtor rural&hellip;<\/p>\n","protected":false},"author":10,"featured_media":5916,"comment_status":"closed","ping_status":"closed","sticky":false,"template":"","format":"standard","meta":{"_crdt_document":"","footnotes":"","jetpack_publicize_message":"","jetpack_publicize_feature_enabled":true,"jetpack_social_post_already_shared":true,"jetpack_social_options":{"image_generator_settings":{"template":"highway","default_image_id":0,"font":"","enabled":false},"version":2}},"categories":[11],"tags":[],"class_list":["post-5915","post","type-post","status-publish","format-standard","has-post-thumbnail","hentry","category-artigos"],"yoast_head":"<!-- This site is optimized with the Yoast SEO plugin v27.1.1 - https:\/\/yoast.com\/product\/yoast-seo-wordpress\/ -->\n<title>20 anos no Brasil: uma hist\u00f3ria constru\u00edda ao lado de quem produz - MaisAgro<\/title>\n<meta name=\"robots\" content=\"index, follow, max-snippet:-1, max-image-preview:large, max-video-preview:-1\" \/>\n<link rel=\"canonical\" href=\"https:\/\/portalmaisagro.com\/?p=5915\" \/>\n<meta property=\"og:locale\" content=\"pt_BR\" \/>\n<meta property=\"og:type\" content=\"article\" \/>\n<meta property=\"og:title\" content=\"20 anos no Brasil: uma hist\u00f3ria constru\u00edda ao lado de quem produz - MaisAgro\" \/>\n<meta property=\"og:description\" content=\"Por Nicolas Guillou, CEO da KUHN do Brasil Em 2025, celebramos um marco que nos enche de orgulho: 20 anos da presen\u00e7a da KUHN no Brasil. Olhar para tr\u00e1s e ver a trajet\u00f3ria que constru\u00edmos \u00e9, acima de tudo, reconhecer a for\u00e7a da parceria que firmamos com o produtor rural&hellip;\" \/>\n<meta property=\"og:url\" content=\"https:\/\/portalmaisagro.com\/?p=5915\" \/>\n<meta property=\"og:site_name\" content=\"MaisAgro\" \/>\n<meta property=\"article:publisher\" content=\"https:\/\/www.facebook.com\/maisagroportal\" \/>\n<meta property=\"article:published_time\" content=\"2026-03-16T14:23:55+00:00\" \/>\n<meta property=\"og:image\" content=\"https:\/\/portalmaisagro.com\/wp-content\/uploads\/2026\/03\/FOTO-PRINCIPAL-1--scaled.jpg\" \/>\n\t<meta property=\"og:image:width\" content=\"2560\" \/>\n\t<meta property=\"og:image:height\" content=\"1710\" \/>\n\t<meta property=\"og:image:type\" content=\"image\/jpeg\" \/>\n<meta name=\"author\" content=\"Taiane do Carmo\" \/>\n<meta name=\"twitter:card\" content=\"summary_large_image\" \/>\n<meta name=\"twitter:label1\" content=\"Escrito por\" \/>\n\t<meta name=\"twitter:data1\" content=\"Taiane do Carmo\" \/>\n\t<meta name=\"twitter:label2\" content=\"Est. tempo de leitura\" \/>\n\t<meta name=\"twitter:data2\" content=\"4 minutos\" \/>\n<script type=\"application\/ld+json\" class=\"yoast-schema-graph\">{\"@context\":\"https:\/\/schema.org\",\"@graph\":[{\"@type\":\"Article\",\"@id\":\"https:\/\/portalmaisagro.com\/?p=5915#article\",\"isPartOf\":{\"@id\":\"https:\/\/portalmaisagro.com\/?p=5915\"},\"author\":{\"name\":\"Taiane do Carmo\",\"@id\":\"https:\/\/portalmaisagro.com\/#\/schema\/person\/ade0f16b5a3434e1ec47b1fbdb9b9318\"},\"headline\":\"20 anos no Brasil: uma hist\u00f3ria constru\u00edda ao lado de quem produz\",\"datePublished\":\"2026-03-16T14:23:55+00:00\",\"mainEntityOfPage\":{\"@id\":\"https:\/\/portalmaisagro.com\/?p=5915\"},\"wordCount\":634,\"publisher\":{\"@id\":\"https:\/\/portalmaisagro.com\/#organization\"},\"image\":{\"@id\":\"https:\/\/portalmaisagro.com\/?p=5915#primaryimage\"},\"thumbnailUrl\":\"https:\/\/portalmaisagro.com\/wp-content\/uploads\/2026\/03\/FOTO-PRINCIPAL-1--scaled.jpg\",\"articleSection\":[\"ARTIGOS\"],\"inLanguage\":\"pt-BR\"},{\"@type\":\"WebPage\",\"@id\":\"https:\/\/portalmaisagro.com\/?p=5915\",\"url\":\"https:\/\/portalmaisagro.com\/?p=5915\",\"name\":\"20 anos no Brasil: uma hist\u00f3ria constru\u00edda ao lado de quem produz - MaisAgro\",\"isPartOf\":{\"@id\":\"https:\/\/portalmaisagro.com\/#website\"},\"primaryImageOfPage\":{\"@id\":\"https:\/\/portalmaisagro.com\/?p=5915#primaryimage\"},\"image\":{\"@id\":\"https:\/\/portalmaisagro.com\/?p=5915#primaryimage\"},\"thumbnailUrl\":\"https:\/\/portalmaisagro.com\/wp-content\/uploads\/2026\/03\/FOTO-PRINCIPAL-1--scaled.jpg\",\"datePublished\":\"2026-03-16T14:23:55+00:00\",\"breadcrumb\":{\"@id\":\"https:\/\/portalmaisagro.com\/?p=5915#breadcrumb\"},\"inLanguage\":\"pt-BR\",\"potentialAction\":[{\"@type\":\"ReadAction\",\"target\":[\"https:\/\/portalmaisagro.com\/?p=5915\"]}]},{\"@type\":\"ImageObject\",\"inLanguage\":\"pt-BR\",\"@id\":\"https:\/\/portalmaisagro.com\/?p=5915#primaryimage\",\"url\":\"https:\/\/portalmaisagro.com\/wp-content\/uploads\/2026\/03\/FOTO-PRINCIPAL-1--scaled.jpg\",\"contentUrl\":\"https:\/\/portalmaisagro.com\/wp-content\/uploads\/2026\/03\/FOTO-PRINCIPAL-1--scaled.jpg\",\"width\":2560,\"height\":1710,\"caption\":\"Nicolas Guillou, CEO da KUHN do Brasil\"},{\"@type\":\"BreadcrumbList\",\"@id\":\"https:\/\/portalmaisagro.com\/?p=5915#breadcrumb\",\"itemListElement\":[{\"@type\":\"ListItem\",\"position\":1,\"name\":\"In\u00edcio\",\"item\":\"https:\/\/portalmaisagro.com\/\"},{\"@type\":\"ListItem\",\"position\":2,\"name\":\"20 anos no Brasil: uma hist\u00f3ria constru\u00edda ao lado de quem produz\"}]},{\"@type\":\"WebSite\",\"@id\":\"https:\/\/portalmaisagro.com\/#website\",\"url\":\"https:\/\/portalmaisagro.com\/\",\"name\":\"MaisAgro\",\"description\":\"O portal do agroneg\u00f3cio\",\"publisher\":{\"@id\":\"https:\/\/portalmaisagro.com\/#organization\"},\"potentialAction\":[{\"@type\":\"SearchAction\",\"target\":{\"@type\":\"EntryPoint\",\"urlTemplate\":\"https:\/\/portalmaisagro.com\/?s={search_term_string}\"},\"query-input\":{\"@type\":\"PropertyValueSpecification\",\"valueRequired\":true,\"valueName\":\"search_term_string\"}}],\"inLanguage\":\"pt-BR\"},{\"@type\":\"Organization\",\"@id\":\"https:\/\/portalmaisagro.com\/#organization\",\"name\":\"MaisAgro\",\"url\":\"https:\/\/portalmaisagro.com\/\",\"logo\":{\"@type\":\"ImageObject\",\"inLanguage\":\"pt-BR\",\"@id\":\"https:\/\/portalmaisagro.com\/#\/schema\/logo\/image\/\",\"url\":\"https:\/\/portalmaisagro.com\/wp-content\/uploads\/2024\/11\/logo_oficial-e1749247575377.png\",\"contentUrl\":\"https:\/\/portalmaisagro.com\/wp-content\/uploads\/2024\/11\/logo_oficial-e1749247575377.png\",\"width\":513,\"height\":107,\"caption\":\"MaisAgro\"},\"image\":{\"@id\":\"https:\/\/portalmaisagro.com\/#\/schema\/logo\/image\/\"},\"sameAs\":[\"https:\/\/www.facebook.com\/maisagroportal\"]},{\"@type\":\"Person\",\"@id\":\"https:\/\/portalmaisagro.com\/#\/schema\/person\/ade0f16b5a3434e1ec47b1fbdb9b9318\",\"name\":\"Taiane do Carmo\",\"image\":{\"@type\":\"ImageObject\",\"inLanguage\":\"pt-BR\",\"@id\":\"https:\/\/portalmaisagro.com\/#\/schema\/person\/image\/640e5d69297d7dd56cc39a10251ad7db\",\"url\":\"https:\/\/portalmaisagro.com\/wp-content\/uploads\/2026\/04\/images.jpeg\",\"contentUrl\":\"https:\/\/portalmaisagro.com\/wp-content\/uploads\/2026\/04\/images.jpeg\",\"caption\":\"Taiane do Carmo\"},\"url\":\"https:\/\/portalmaisagro.com\/?author=10\"}]}<\/script>\n<!-- \/ Yoast SEO plugin. -->","yoast_head_json":{"title":"20 anos no Brasil: uma hist\u00f3ria constru\u00edda ao lado de quem produz - MaisAgro","robots":{"index":"index","follow":"follow","max-snippet":"max-snippet:-1","max-image-preview":"max-image-preview:large","max-video-preview":"max-video-preview:-1"},"canonical":"https:\/\/portalmaisagro.com\/?p=5915","og_locale":"pt_BR","og_type":"article","og_title":"20 anos no Brasil: uma hist\u00f3ria constru\u00edda ao lado de quem produz - MaisAgro","og_description":"Por Nicolas Guillou, CEO da KUHN do Brasil Em 2025, celebramos um marco que nos enche de orgulho: 20 anos da presen\u00e7a da KUHN no Brasil. Olhar para tr\u00e1s e ver a trajet\u00f3ria que constru\u00edmos \u00e9, acima de tudo, reconhecer a for\u00e7a da parceria que firmamos com o produtor rural&hellip;","og_url":"https:\/\/portalmaisagro.com\/?p=5915","og_site_name":"MaisAgro","article_publisher":"https:\/\/www.facebook.com\/maisagroportal","article_published_time":"2026-03-16T14:23:55+00:00","og_image":[{"width":2560,"height":1710,"url":"https:\/\/portalmaisagro.com\/wp-content\/uploads\/2026\/03\/FOTO-PRINCIPAL-1--scaled.jpg","type":"image\/jpeg"}],"author":"Taiane do Carmo","twitter_card":"summary_large_image","twitter_misc":{"Escrito por":"Taiane do Carmo","Est. tempo de leitura":"4 minutos"},"schema":{"@context":"https:\/\/schema.org","@graph":[{"@type":"Article","@id":"https:\/\/portalmaisagro.com\/?p=5915#article","isPartOf":{"@id":"https:\/\/portalmaisagro.com\/?p=5915"},"author":{"name":"Taiane do Carmo","@id":"https:\/\/portalmaisagro.com\/#\/schema\/person\/ade0f16b5a3434e1ec47b1fbdb9b9318"},"headline":"20 anos no Brasil: uma hist\u00f3ria constru\u00edda ao lado de quem produz","datePublished":"2026-03-16T14:23:55+00:00","mainEntityOfPage":{"@id":"https:\/\/portalmaisagro.com\/?p=5915"},"wordCount":634,"publisher":{"@id":"https:\/\/portalmaisagro.com\/#organization"},"image":{"@id":"https:\/\/portalmaisagro.com\/?p=5915#primaryimage"},"thumbnailUrl":"https:\/\/portalmaisagro.com\/wp-content\/uploads\/2026\/03\/FOTO-PRINCIPAL-1--scaled.jpg","articleSection":["ARTIGOS"],"inLanguage":"pt-BR"},{"@type":"WebPage","@id":"https:\/\/portalmaisagro.com\/?p=5915","url":"https:\/\/portalmaisagro.com\/?p=5915","name":"20 anos no Brasil: uma hist\u00f3ria constru\u00edda ao lado de quem produz - MaisAgro","isPartOf":{"@id":"https:\/\/portalmaisagro.com\/#website"},"primaryImageOfPage":{"@id":"https:\/\/portalmaisagro.com\/?p=5915#primaryimage"},"image":{"@id":"https:\/\/portalmaisagro.com\/?p=5915#primaryimage"},"thumbnailUrl":"https:\/\/portalmaisagro.com\/wp-content\/uploads\/2026\/03\/FOTO-PRINCIPAL-1--scaled.jpg","datePublished":"2026-03-16T14:23:55+00:00","breadcrumb":{"@id":"https:\/\/portalmaisagro.com\/?p=5915#breadcrumb"},"inLanguage":"pt-BR","potentialAction":[{"@type":"ReadAction","target":["https:\/\/portalmaisagro.com\/?p=5915"]}]},{"@type":"ImageObject","inLanguage":"pt-BR","@id":"https:\/\/portalmaisagro.com\/?p=5915#primaryimage","url":"https:\/\/portalmaisagro.com\/wp-content\/uploads\/2026\/03\/FOTO-PRINCIPAL-1--scaled.jpg","contentUrl":"https:\/\/portalmaisagro.com\/wp-content\/uploads\/2026\/03\/FOTO-PRINCIPAL-1--scaled.jpg","width":2560,"height":1710,"caption":"Nicolas Guillou, CEO da KUHN do Brasil"},{"@type":"BreadcrumbList","@id":"https:\/\/portalmaisagro.com\/?p=5915#breadcrumb","itemListElement":[{"@type":"ListItem","position":1,"name":"In\u00edcio","item":"https:\/\/portalmaisagro.com\/"},{"@type":"ListItem","position":2,"name":"20 anos no Brasil: uma hist\u00f3ria constru\u00edda ao lado de quem produz"}]},{"@type":"WebSite","@id":"https:\/\/portalmaisagro.com\/#website","url":"https:\/\/portalmaisagro.com\/","name":"MaisAgro","description":"O portal do agroneg\u00f3cio","publisher":{"@id":"https:\/\/portalmaisagro.com\/#organization"},"potentialAction":[{"@type":"SearchAction","target":{"@type":"EntryPoint","urlTemplate":"https:\/\/portalmaisagro.com\/?s={search_term_string}"},"query-input":{"@type":"PropertyValueSpecification","valueRequired":true,"valueName":"search_term_string"}}],"inLanguage":"pt-BR"},{"@type":"Organization","@id":"https:\/\/portalmaisagro.com\/#organization","name":"MaisAgro","url":"https:\/\/portalmaisagro.com\/","logo":{"@type":"ImageObject","inLanguage":"pt-BR","@id":"https:\/\/portalmaisagro.com\/#\/schema\/logo\/image\/","url":"https:\/\/portalmaisagro.com\/wp-content\/uploads\/2024\/11\/logo_oficial-e1749247575377.png","contentUrl":"https:\/\/portalmaisagro.com\/wp-content\/uploads\/2024\/11\/logo_oficial-e1749247575377.png","width":513,"height":107,"caption":"MaisAgro"},"image":{"@id":"https:\/\/portalmaisagro.com\/#\/schema\/logo\/image\/"},"sameAs":["https:\/\/www.facebook.com\/maisagroportal"]},{"@type":"Person","@id":"https:\/\/portalmaisagro.com\/#\/schema\/person\/ade0f16b5a3434e1ec47b1fbdb9b9318","name":"Taiane do Carmo","image":{"@type":"ImageObject","inLanguage":"pt-BR","@id":"https:\/\/portalmaisagro.com\/#\/schema\/person\/image\/640e5d69297d7dd56cc39a10251ad7db","url":"https:\/\/portalmaisagro.com\/wp-content\/uploads\/2026\/04\/images.jpeg","contentUrl":"https:\/\/portalmaisagro.com\/wp-content\/uploads\/2026\/04\/images.jpeg","caption":"Taiane do Carmo"},"url":"https:\/\/portalmaisagro.com\/?author=10"}]}},"jetpack_publicize_connections":[],"authors":[],"_links":{"self":[{"href":"https:\/\/portalmaisagro.com\/index.php?rest_route=\/wp\/v2\/posts\/5915","targetHints":{"allow":["GET"]}}],"collection":[{"href":"https:\/\/portalmaisagro.com\/index.php?rest_route=\/wp\/v2\/posts"}],"about":[{"href":"https:\/\/portalmaisagro.com\/index.php?rest_route=\/wp\/v2\/types\/post"}],"author":[{"embeddable":true,"href":"https:\/\/portalmaisagro.com\/index.php?rest_route=\/wp\/v2\/users\/10"}],"replies":[{"embeddable":true,"href":"https:\/\/portalmaisagro.com\/index.php?rest_route=%2Fwp%2Fv2%2Fcomments&post=5915"}],"version-history":[{"count":1,"href":"https:\/\/portalmaisagro.com\/index.php?rest_route=\/wp\/v2\/posts\/5915\/revisions"}],"predecessor-version":[{"id":5918,"href":"https:\/\/portalmaisagro.com\/index.php?rest_route=\/wp\/v2\/posts\/5915\/revisions\/5918"}],"wp:featuredmedia":[{"embeddable":true,"href":"https:\/\/portalmaisagro.com\/index.php?rest_route=\/wp\/v2\/media\/5916"}],"wp:attachment":[{"href":"https:\/\/portalmaisagro.com\/index.php?rest_route=%2Fwp%2Fv2%2Fmedia&parent=5915"}],"wp:term":[{"taxonomy":"category","embeddable":true,"href":"https:\/\/portalmaisagro.com\/index.php?rest_route=%2Fwp%2Fv2%2Fcategories&post=5915"},{"taxonomy":"post_tag","embeddable":true,"href":"https:\/\/portalmaisagro.com\/index.php?rest_route=%2Fwp%2Fv2%2Ftags&post=5915"}],"curies":[{"name":"wp","href":"https:\/\/api.w.org\/{rel}","templated":true}]}}