{"id":5907,"date":"2026-03-16T10:28:49","date_gmt":"2026-03-16T13:28:49","guid":{"rendered":"https:\/\/portalmaisagro.com\/?p=5907"},"modified":"2026-03-16T10:29:02","modified_gmt":"2026-03-16T13:29:02","slug":"manejo-de-polinizadores-pode-elevar-a-produtividade-da-acerola-no-semiarido-em-mais-de-30","status":"publish","type":"post","link":"https:\/\/portalmaisagro.com\/?p=5907","title":{"rendered":"Manejo de polinizadores pode elevar a produtividade da acerola no Semi\u00e1rido em mais de 30%"},"content":{"rendered":"<p style=\"text-align: justify\"><em>O estudo mostra que as flores da aceroleira s\u00e3o visitadas preferencialmente por abelhas do g\u00eanero\u00a0Centris, que utilizam os \u00f3leos florais na constru\u00e7\u00e3o de ninhos e na alimenta\u00e7\u00e3o das larvas<\/em><\/p>\n<p style=\"text-align: justify\">Pesquisas\u00a0conduzidas pela\u00a0Embrapa Semi\u00e1rido\u00a0(PE) apontam que o manejo de abelhas solit\u00e1rias nativas, especialmente as do g\u00eanero\u00a0<em>Centris<\/em>, pode elevar a produ\u00e7\u00e3o da acerola entre 32% e 103%, a depender das condi\u00e7\u00f5es de cultivo. Os estudos, realizados no Vale do S\u00e3o Francisco, prop\u00f5em estrat\u00e9gias simples para aumentar a presen\u00e7a desses insetos polinizadores nos pomares, com foco em dois aspectos principais: a oferta de recursos florais e a disponibiliza\u00e7\u00e3o de locais para instala\u00e7\u00e3o dos ninhos.<\/p>\n<p style=\"text-align: justify\">Os benef\u00edcios foram observados ap\u00f3s a instala\u00e7\u00e3o de\u00a0840 ninhos-armadilha\u00a0em planta\u00e7\u00f5es irrigadas de Petrolina (PE) e Juazeiro (BA). A taxa de ocupa\u00e7\u00e3o surpreendeu os pesquisadores:\u00a088,21% das estruturas foram habitadas, superando registros de estudos anteriores. O resultado est\u00e1 relacionado ao comportamento das abelhas da tribo Centridini, especialistas na coleta de \u00f3leos florais e respons\u00e1veis por 91,7% das visitas \u00e0s flores da acerola nas \u00e1reas avaliadas.<\/p>\n<p style=\"text-align: justify\">De acordo com a\u00a0pesquisadora\u00a0L\u00facia Kiill, coordenadora do estudo, mesmo em culturas autopolinizadas, que \u00e9 o caso da aceroleira, a presen\u00e7a de polinizadores promove incremento significativo na produ\u00e7\u00e3o. \u201cNas \u00e1reas estudadas na Fase I do projeto, os ganhos foram expressivos, o que mostra o impacto direto desses insetos sobre a frutifica\u00e7\u00e3o e o desenvolvimento dos frutos da aceroleira\u201d, afirma.<\/p>\n<p style=\"text-align: justify\">O Brasil \u00e9 o maior produtor e exportador mundial de acerola (<strong>foto acima<\/strong>), com\u00a080% da produ\u00e7\u00e3o concentrada no Nordeste, especialmente em Pernambuco, Cear\u00e1 e Sergipe. Nos per\u00edmetros irrigados de Petrolina e Juazeiro, a cultura ocupa cerca de 7 mil hectares, com at\u00e9 oito colheitas por ano. A produ\u00e7\u00e3o abastece o mercado\u00a0<em>in natura<\/em>\u00a0e a ind\u00fastria de sucos e polpas, assegurando renda constante para pequenos e m\u00e9dios produtores da regi\u00e3o.<\/p>\n<h3 style=\"text-align: justify\"><strong>Diversidade de abelhas polinizadoras<\/strong><\/h3>\n<p style=\"text-align: justify\">Os insetos polinizadores t\u00eam papel estrat\u00e9gico na manuten\u00e7\u00e3o de sistemas agr\u00edcolas. O estudo mostra que as flores da aceroleira s\u00e3o visitadas preferencialmente por abelhas\u00a0do g\u00eanero\u00a0<em>Centris<\/em>, que utilizam os \u00f3leos florais na constru\u00e7\u00e3o de ninhos e na alimenta\u00e7\u00e3o das larvas. Durante esse processo, ocorre a transfer\u00eancia de p\u00f3len, resultando em maior taxa de frutifica\u00e7\u00e3o e aumento do peso dos frutos.<\/p>\n<p style=\"text-align: justify\">Nos experimentos da primeira fase do projeto, foram registradas 11 esp\u00e9cies de abelhas\u00a0que visitam a aceroleira, entre elas:\u00a0<em>Centris aenea<\/em>,\u00a0<em>C. tarsata<\/em>,\u00a0<em>C. analis<\/em>,\u00a0<em>C. obsoleta<\/em>\u00a0e\u00a0<em>C. maranhensis<\/em>. A primeira,\u00a0<em>Centris aenea<\/em>, chegou a responder por 95% das visitas florais, demonstrando alta fidelidade \u00e0 cultura.<\/p>\n<p style=\"text-align: justify\">Diferentemente das abelhas mel\u00edferas, as do g\u00eanero\u00a0<em>Centris\u00a0<\/em>s\u00e3o solit\u00e1rias. Cada f\u00eamea constr\u00f3i seu pr\u00f3prio ninho, geralmente em cavidades naturais ou perfura\u00e7\u00f5es no solo. A pesquisa identificou ninhos sob as copas das plantas e em barrancos de canais de irriga\u00e7\u00e3o, o que mostra a import\u00e2ncia de \u00e1reas de ref\u00fagio pr\u00f3ximas aos cultivos.<\/p>\n<h3 style=\"text-align: justify\"><strong>Manejo para aumentar a poliniza\u00e7\u00e3o<\/strong><\/h3>\n<p style=\"text-align: justify\">O trabalho prop\u00f5e estrat\u00e9gias simples para aumentar a presen\u00e7a das abelhas nos cultivos. A primeira \u00e9 manter, no entorno dos pomares, esp\u00e9cies vegetais que forne\u00e7am p\u00f3len, n\u00e9ctar e \u00f3leos florais durante todo o ano, especialmente quando a aceroleira n\u00e3o est\u00e1 em flora\u00e7\u00e3o.<\/p>\n<p style=\"text-align: justify\">Entre as plantas recomendadas para esse fim est\u00e3o o murici, a embira-rosa, o pau-ferro, a falsa-dormideira e a malva-rasteira. A preserva\u00e7\u00e3o de \u00e1reas de Caatinga tamb\u00e9m \u00e9 indicada como fonte complementar de recursos para as abelhas.<\/p>\n<p style=\"text-align: justify\">Outra recomenda\u00e7\u00e3o envolve a disponibilidade de locais adequados para a nidifica\u00e7\u00e3o. Para esse aspecto, a pesquisa confeccionou ninhos-armadilha em blocos de madeira perfurados. Os melhores resultados foram observados com ninhos com cavidades entre 10 e 12 mil\u00edmetros de di\u00e2metro e profundidade de 10 a 14 cent\u00edmetros.<\/p>\n<p style=\"text-align: justify\">\u201cOrientamos que os ninhos-armadilha sejam instalados em locais sombreados e protegidos, preferencialmente pr\u00f3ximos \u00e0s \u00e1reas onde os insetos nasceram. Essa pr\u00e1tica estimula\u00a0o retorno e a perman\u00eancia das abelhas\u201d, explica Kiill.<\/p>\n<h3 style=\"text-align: justify\"><strong>Nova fase do projeto<\/strong><\/h3>\n<p style=\"text-align: justify\">Em parceria com a\u00a0Niagro, agroind\u00fastria\u00a0l\u00edder no processamento da acerola na regi\u00e3o, e outras 12 propriedades do Vale do S\u00e3o Francisco, a nova etapa do projeto validar\u00e1 o uso de ninhos-armadilha para manter a\u00a0poliniza\u00e7\u00e3o em cultivos convencionais e org\u00e2nicos da aceroleira.<\/p>\n<p style=\"text-align: justify\">As \u00e1reas est\u00e3o em an\u00e1lise quanto \u00e0 cobertura vegetal, disponibilidade h\u00eddrica, infraestrutura e conectividade com fragmentos de Caatinga, fatores que influenciam a perman\u00eancia das abelhas.<\/p>\n<p style=\"text-align: justify\">O projeto tamb\u00e9m prev\u00ea capacita\u00e7\u00e3o para produtores, t\u00e9cnicos, jovens e mulheres rurais, com o objetivo de disseminar pr\u00e1ticas de manejo e incentivar a\u00e7\u00f5es voltadas \u00e0 conserva\u00e7\u00e3o de polinizadores.<\/p>\n<p style=\"text-align: justify\">A pesquisadora ressalta que a presen\u00e7a de abelhas nativas nas \u00e1reas agr\u00edcolas \u00e9 um indicativo de equil\u00edbrio ambiental. \u201cPreserv\u00e1-las e manej\u00e1-las \u00e9 investir em produtividade com responsabilidade. Esperamos que esse trabalho fortale\u00e7a a ado\u00e7\u00e3o de pr\u00e1ticas que garantam a conserva\u00e7\u00e3o dos polinizadores e ampliem os ganhos dos produtores do Semi\u00e1rido\u201d, conclui.<\/p>\n<figure id=\"attachment_5909\" aria-describedby=\"caption-attachment-5909\" style=\"width: 900px\" class=\"wp-caption alignnone\"><img loading=\"lazy\" decoding=\"async\" class=\"size-full wp-image-5909\" src=\"https:\/\/portalmaisagro.com\/wp-content\/uploads\/2026\/03\/fruto.jpg\" alt=\"\" width=\"900\" height=\"642\" srcset=\"https:\/\/portalmaisagro.com\/wp-content\/uploads\/2026\/03\/fruto.jpg 900w, https:\/\/portalmaisagro.com\/wp-content\/uploads\/2026\/03\/fruto-300x214.jpg 300w, https:\/\/portalmaisagro.com\/wp-content\/uploads\/2026\/03\/fruto-768x548.jpg 768w, https:\/\/portalmaisagro.com\/wp-content\/uploads\/2026\/03\/fruto-150x107.jpg 150w\" sizes=\"auto, (max-width: 900px) 100vw, 900px\" \/><figcaption id=\"caption-attachment-5909\" class=\"wp-caption-text\">Frutos da aceroleira &#8211; Foto: L\u00facia Kiill<\/figcaption><\/figure>\n<p style=\"text-align: justify\"><strong><span class=\"autor negrito\">Clarice Rocha\u00a0<\/span><span class=\"codigo negrito\">(MTb 4733\/PE)<\/span><\/strong><br \/>\n<strong><span class=\"unidade\">Embrapa Semi\u00e1rido<\/span><\/strong><\/p>\n","protected":false},"excerpt":{"rendered":"<p>O estudo mostra que as flores da aceroleira s\u00e3o visitadas preferencialmente por abelhas do g\u00eanero\u00a0Centris, que utilizam os \u00f3leos florais na constru\u00e7\u00e3o de ninhos e na alimenta\u00e7\u00e3o das larvas Pesquisas\u00a0conduzidas pela\u00a0Embrapa Semi\u00e1rido\u00a0(PE) apontam que o manejo de abelhas solit\u00e1rias nativas, especialmente as do g\u00eanero\u00a0Centris, pode elevar a produ\u00e7\u00e3o da acerola&hellip;<\/p>\n","protected":false},"author":10,"featured_media":5908,"comment_status":"closed","ping_status":"closed","sticky":false,"template":"","format":"standard","meta":{"_crdt_document":"","footnotes":"","jetpack_publicize_message":"","jetpack_publicize_feature_enabled":true,"jetpack_social_post_already_shared":true,"jetpack_social_options":{"image_generator_settings":{"template":"highway","default_image_id":0,"font":"","enabled":false},"version":2}},"categories":[3],"tags":[],"class_list":["post-5907","post","type-post","status-publish","format-standard","has-post-thumbnail","hentry","category-agricultura"],"yoast_head":"<!-- This site is optimized with the Yoast SEO plugin v27.1.1 - https:\/\/yoast.com\/product\/yoast-seo-wordpress\/ -->\n<title>Manejo de polinizadores pode elevar a produtividade da acerola no Semi\u00e1rido em mais de 30% - MaisAgro<\/title>\n<meta name=\"robots\" content=\"index, follow, max-snippet:-1, max-image-preview:large, max-video-preview:-1\" \/>\n<link rel=\"canonical\" href=\"https:\/\/portalmaisagro.com\/?p=5907\" \/>\n<meta property=\"og:locale\" content=\"pt_BR\" \/>\n<meta property=\"og:type\" content=\"article\" \/>\n<meta property=\"og:title\" content=\"Manejo de polinizadores pode elevar a produtividade da acerola no Semi\u00e1rido em mais de 30% - MaisAgro\" \/>\n<meta property=\"og:description\" content=\"O estudo mostra que as flores da aceroleira s\u00e3o visitadas preferencialmente por abelhas do g\u00eanero\u00a0Centris, que utilizam os \u00f3leos florais na constru\u00e7\u00e3o de ninhos e na alimenta\u00e7\u00e3o das larvas Pesquisas\u00a0conduzidas pela\u00a0Embrapa Semi\u00e1rido\u00a0(PE) apontam que o manejo de abelhas solit\u00e1rias nativas, especialmente as do g\u00eanero\u00a0Centris, pode elevar a produ\u00e7\u00e3o da acerola&hellip;\" \/>\n<meta property=\"og:url\" content=\"https:\/\/portalmaisagro.com\/?p=5907\" \/>\n<meta property=\"og:site_name\" content=\"MaisAgro\" \/>\n<meta property=\"article:publisher\" content=\"https:\/\/www.facebook.com\/maisagroportal\" \/>\n<meta property=\"article:published_time\" content=\"2026-03-16T13:28:49+00:00\" \/>\n<meta property=\"article:modified_time\" content=\"2026-03-16T13:29:02+00:00\" \/>\n<meta property=\"og:image\" content=\"https:\/\/portalmaisagro.com\/wp-content\/uploads\/2026\/03\/abelhas.jpg\" \/>\n\t<meta property=\"og:image:width\" content=\"900\" \/>\n\t<meta property=\"og:image:height\" content=\"642\" \/>\n\t<meta property=\"og:image:type\" content=\"image\/jpeg\" \/>\n<meta name=\"author\" content=\"Taiane do Carmo\" \/>\n<meta name=\"twitter:card\" content=\"summary_large_image\" \/>\n<meta name=\"twitter:label1\" content=\"Escrito por\" \/>\n\t<meta name=\"twitter:data1\" content=\"Taiane do Carmo\" \/>\n\t<meta name=\"twitter:label2\" content=\"Est. tempo de leitura\" \/>\n\t<meta name=\"twitter:data2\" content=\"5 minutos\" \/>\n<script type=\"application\/ld+json\" class=\"yoast-schema-graph\">{\"@context\":\"https:\/\/schema.org\",\"@graph\":[{\"@type\":\"Article\",\"@id\":\"https:\/\/portalmaisagro.com\/?p=5907#article\",\"isPartOf\":{\"@id\":\"https:\/\/portalmaisagro.com\/?p=5907\"},\"author\":{\"name\":\"Taiane do Carmo\",\"@id\":\"https:\/\/portalmaisagro.com\/#\/schema\/person\/ade0f16b5a3434e1ec47b1fbdb9b9318\"},\"headline\":\"Manejo de polinizadores pode elevar a produtividade da acerola no Semi\u00e1rido em mais de 30%\",\"datePublished\":\"2026-03-16T13:28:49+00:00\",\"dateModified\":\"2026-03-16T13:29:02+00:00\",\"mainEntityOfPage\":{\"@id\":\"https:\/\/portalmaisagro.com\/?p=5907\"},\"wordCount\":893,\"publisher\":{\"@id\":\"https:\/\/portalmaisagro.com\/#organization\"},\"image\":{\"@id\":\"https:\/\/portalmaisagro.com\/?p=5907#primaryimage\"},\"thumbnailUrl\":\"https:\/\/portalmaisagro.com\/wp-content\/uploads\/2026\/03\/abelhas.jpg\",\"articleSection\":[\"AGRICULTURA\"],\"inLanguage\":\"pt-BR\"},{\"@type\":\"WebPage\",\"@id\":\"https:\/\/portalmaisagro.com\/?p=5907\",\"url\":\"https:\/\/portalmaisagro.com\/?p=5907\",\"name\":\"Manejo de polinizadores pode elevar a produtividade da acerola no Semi\u00e1rido em mais de 30% - MaisAgro\",\"isPartOf\":{\"@id\":\"https:\/\/portalmaisagro.com\/#website\"},\"primaryImageOfPage\":{\"@id\":\"https:\/\/portalmaisagro.com\/?p=5907#primaryimage\"},\"image\":{\"@id\":\"https:\/\/portalmaisagro.com\/?p=5907#primaryimage\"},\"thumbnailUrl\":\"https:\/\/portalmaisagro.com\/wp-content\/uploads\/2026\/03\/abelhas.jpg\",\"datePublished\":\"2026-03-16T13:28:49+00:00\",\"dateModified\":\"2026-03-16T13:29:02+00:00\",\"breadcrumb\":{\"@id\":\"https:\/\/portalmaisagro.com\/?p=5907#breadcrumb\"},\"inLanguage\":\"pt-BR\",\"potentialAction\":[{\"@type\":\"ReadAction\",\"target\":[\"https:\/\/portalmaisagro.com\/?p=5907\"]}]},{\"@type\":\"ImageObject\",\"inLanguage\":\"pt-BR\",\"@id\":\"https:\/\/portalmaisagro.com\/?p=5907#primaryimage\",\"url\":\"https:\/\/portalmaisagro.com\/wp-content\/uploads\/2026\/03\/abelhas.jpg\",\"contentUrl\":\"https:\/\/portalmaisagro.com\/wp-content\/uploads\/2026\/03\/abelhas.jpg\",\"width\":900,\"height\":642},{\"@type\":\"BreadcrumbList\",\"@id\":\"https:\/\/portalmaisagro.com\/?p=5907#breadcrumb\",\"itemListElement\":[{\"@type\":\"ListItem\",\"position\":1,\"name\":\"In\u00edcio\",\"item\":\"https:\/\/portalmaisagro.com\/\"},{\"@type\":\"ListItem\",\"position\":2,\"name\":\"Manejo de polinizadores pode elevar a produtividade da acerola no Semi\u00e1rido em mais de 30%\"}]},{\"@type\":\"WebSite\",\"@id\":\"https:\/\/portalmaisagro.com\/#website\",\"url\":\"https:\/\/portalmaisagro.com\/\",\"name\":\"MaisAgro\",\"description\":\"O portal do agroneg\u00f3cio\",\"publisher\":{\"@id\":\"https:\/\/portalmaisagro.com\/#organization\"},\"potentialAction\":[{\"@type\":\"SearchAction\",\"target\":{\"@type\":\"EntryPoint\",\"urlTemplate\":\"https:\/\/portalmaisagro.com\/?s={search_term_string}\"},\"query-input\":{\"@type\":\"PropertyValueSpecification\",\"valueRequired\":true,\"valueName\":\"search_term_string\"}}],\"inLanguage\":\"pt-BR\"},{\"@type\":\"Organization\",\"@id\":\"https:\/\/portalmaisagro.com\/#organization\",\"name\":\"MaisAgro\",\"url\":\"https:\/\/portalmaisagro.com\/\",\"logo\":{\"@type\":\"ImageObject\",\"inLanguage\":\"pt-BR\",\"@id\":\"https:\/\/portalmaisagro.com\/#\/schema\/logo\/image\/\",\"url\":\"https:\/\/portalmaisagro.com\/wp-content\/uploads\/2024\/11\/logo_oficial-e1749247575377.png\",\"contentUrl\":\"https:\/\/portalmaisagro.com\/wp-content\/uploads\/2024\/11\/logo_oficial-e1749247575377.png\",\"width\":513,\"height\":107,\"caption\":\"MaisAgro\"},\"image\":{\"@id\":\"https:\/\/portalmaisagro.com\/#\/schema\/logo\/image\/\"},\"sameAs\":[\"https:\/\/www.facebook.com\/maisagroportal\"]},{\"@type\":\"Person\",\"@id\":\"https:\/\/portalmaisagro.com\/#\/schema\/person\/ade0f16b5a3434e1ec47b1fbdb9b9318\",\"name\":\"Taiane do Carmo\",\"image\":{\"@type\":\"ImageObject\",\"inLanguage\":\"pt-BR\",\"@id\":\"https:\/\/portalmaisagro.com\/#\/schema\/person\/image\/640e5d69297d7dd56cc39a10251ad7db\",\"url\":\"https:\/\/portalmaisagro.com\/wp-content\/uploads\/2026\/04\/images.jpeg\",\"contentUrl\":\"https:\/\/portalmaisagro.com\/wp-content\/uploads\/2026\/04\/images.jpeg\",\"caption\":\"Taiane do Carmo\"},\"url\":\"https:\/\/portalmaisagro.com\/?author=10\"}]}<\/script>\n<!-- \/ Yoast SEO plugin. -->","yoast_head_json":{"title":"Manejo de polinizadores pode elevar a produtividade da acerola no Semi\u00e1rido em mais de 30% - MaisAgro","robots":{"index":"index","follow":"follow","max-snippet":"max-snippet:-1","max-image-preview":"max-image-preview:large","max-video-preview":"max-video-preview:-1"},"canonical":"https:\/\/portalmaisagro.com\/?p=5907","og_locale":"pt_BR","og_type":"article","og_title":"Manejo de polinizadores pode elevar a produtividade da acerola no Semi\u00e1rido em mais de 30% - MaisAgro","og_description":"O estudo mostra que as flores da aceroleira s\u00e3o visitadas preferencialmente por abelhas do g\u00eanero\u00a0Centris, que utilizam os \u00f3leos florais na constru\u00e7\u00e3o de ninhos e na alimenta\u00e7\u00e3o das larvas Pesquisas\u00a0conduzidas pela\u00a0Embrapa Semi\u00e1rido\u00a0(PE) apontam que o manejo de abelhas solit\u00e1rias nativas, especialmente as do g\u00eanero\u00a0Centris, pode elevar a produ\u00e7\u00e3o da acerola&hellip;","og_url":"https:\/\/portalmaisagro.com\/?p=5907","og_site_name":"MaisAgro","article_publisher":"https:\/\/www.facebook.com\/maisagroportal","article_published_time":"2026-03-16T13:28:49+00:00","article_modified_time":"2026-03-16T13:29:02+00:00","og_image":[{"width":900,"height":642,"url":"https:\/\/portalmaisagro.com\/wp-content\/uploads\/2026\/03\/abelhas.jpg","type":"image\/jpeg"}],"author":"Taiane do Carmo","twitter_card":"summary_large_image","twitter_misc":{"Escrito por":"Taiane do Carmo","Est. tempo de leitura":"5 minutos"},"schema":{"@context":"https:\/\/schema.org","@graph":[{"@type":"Article","@id":"https:\/\/portalmaisagro.com\/?p=5907#article","isPartOf":{"@id":"https:\/\/portalmaisagro.com\/?p=5907"},"author":{"name":"Taiane do Carmo","@id":"https:\/\/portalmaisagro.com\/#\/schema\/person\/ade0f16b5a3434e1ec47b1fbdb9b9318"},"headline":"Manejo de polinizadores pode elevar a produtividade da acerola no Semi\u00e1rido em mais de 30%","datePublished":"2026-03-16T13:28:49+00:00","dateModified":"2026-03-16T13:29:02+00:00","mainEntityOfPage":{"@id":"https:\/\/portalmaisagro.com\/?p=5907"},"wordCount":893,"publisher":{"@id":"https:\/\/portalmaisagro.com\/#organization"},"image":{"@id":"https:\/\/portalmaisagro.com\/?p=5907#primaryimage"},"thumbnailUrl":"https:\/\/portalmaisagro.com\/wp-content\/uploads\/2026\/03\/abelhas.jpg","articleSection":["AGRICULTURA"],"inLanguage":"pt-BR"},{"@type":"WebPage","@id":"https:\/\/portalmaisagro.com\/?p=5907","url":"https:\/\/portalmaisagro.com\/?p=5907","name":"Manejo de polinizadores pode elevar a produtividade da acerola no Semi\u00e1rido em mais de 30% - MaisAgro","isPartOf":{"@id":"https:\/\/portalmaisagro.com\/#website"},"primaryImageOfPage":{"@id":"https:\/\/portalmaisagro.com\/?p=5907#primaryimage"},"image":{"@id":"https:\/\/portalmaisagro.com\/?p=5907#primaryimage"},"thumbnailUrl":"https:\/\/portalmaisagro.com\/wp-content\/uploads\/2026\/03\/abelhas.jpg","datePublished":"2026-03-16T13:28:49+00:00","dateModified":"2026-03-16T13:29:02+00:00","breadcrumb":{"@id":"https:\/\/portalmaisagro.com\/?p=5907#breadcrumb"},"inLanguage":"pt-BR","potentialAction":[{"@type":"ReadAction","target":["https:\/\/portalmaisagro.com\/?p=5907"]}]},{"@type":"ImageObject","inLanguage":"pt-BR","@id":"https:\/\/portalmaisagro.com\/?p=5907#primaryimage","url":"https:\/\/portalmaisagro.com\/wp-content\/uploads\/2026\/03\/abelhas.jpg","contentUrl":"https:\/\/portalmaisagro.com\/wp-content\/uploads\/2026\/03\/abelhas.jpg","width":900,"height":642},{"@type":"BreadcrumbList","@id":"https:\/\/portalmaisagro.com\/?p=5907#breadcrumb","itemListElement":[{"@type":"ListItem","position":1,"name":"In\u00edcio","item":"https:\/\/portalmaisagro.com\/"},{"@type":"ListItem","position":2,"name":"Manejo de polinizadores pode elevar a produtividade da acerola no Semi\u00e1rido em mais de 30%"}]},{"@type":"WebSite","@id":"https:\/\/portalmaisagro.com\/#website","url":"https:\/\/portalmaisagro.com\/","name":"MaisAgro","description":"O portal do agroneg\u00f3cio","publisher":{"@id":"https:\/\/portalmaisagro.com\/#organization"},"potentialAction":[{"@type":"SearchAction","target":{"@type":"EntryPoint","urlTemplate":"https:\/\/portalmaisagro.com\/?s={search_term_string}"},"query-input":{"@type":"PropertyValueSpecification","valueRequired":true,"valueName":"search_term_string"}}],"inLanguage":"pt-BR"},{"@type":"Organization","@id":"https:\/\/portalmaisagro.com\/#organization","name":"MaisAgro","url":"https:\/\/portalmaisagro.com\/","logo":{"@type":"ImageObject","inLanguage":"pt-BR","@id":"https:\/\/portalmaisagro.com\/#\/schema\/logo\/image\/","url":"https:\/\/portalmaisagro.com\/wp-content\/uploads\/2024\/11\/logo_oficial-e1749247575377.png","contentUrl":"https:\/\/portalmaisagro.com\/wp-content\/uploads\/2024\/11\/logo_oficial-e1749247575377.png","width":513,"height":107,"caption":"MaisAgro"},"image":{"@id":"https:\/\/portalmaisagro.com\/#\/schema\/logo\/image\/"},"sameAs":["https:\/\/www.facebook.com\/maisagroportal"]},{"@type":"Person","@id":"https:\/\/portalmaisagro.com\/#\/schema\/person\/ade0f16b5a3434e1ec47b1fbdb9b9318","name":"Taiane do Carmo","image":{"@type":"ImageObject","inLanguage":"pt-BR","@id":"https:\/\/portalmaisagro.com\/#\/schema\/person\/image\/640e5d69297d7dd56cc39a10251ad7db","url":"https:\/\/portalmaisagro.com\/wp-content\/uploads\/2026\/04\/images.jpeg","contentUrl":"https:\/\/portalmaisagro.com\/wp-content\/uploads\/2026\/04\/images.jpeg","caption":"Taiane do Carmo"},"url":"https:\/\/portalmaisagro.com\/?author=10"}]}},"jetpack_publicize_connections":[],"authors":[],"_links":{"self":[{"href":"https:\/\/portalmaisagro.com\/index.php?rest_route=\/wp\/v2\/posts\/5907","targetHints":{"allow":["GET"]}}],"collection":[{"href":"https:\/\/portalmaisagro.com\/index.php?rest_route=\/wp\/v2\/posts"}],"about":[{"href":"https:\/\/portalmaisagro.com\/index.php?rest_route=\/wp\/v2\/types\/post"}],"author":[{"embeddable":true,"href":"https:\/\/portalmaisagro.com\/index.php?rest_route=\/wp\/v2\/users\/10"}],"replies":[{"embeddable":true,"href":"https:\/\/portalmaisagro.com\/index.php?rest_route=%2Fwp%2Fv2%2Fcomments&post=5907"}],"version-history":[{"count":1,"href":"https:\/\/portalmaisagro.com\/index.php?rest_route=\/wp\/v2\/posts\/5907\/revisions"}],"predecessor-version":[{"id":5910,"href":"https:\/\/portalmaisagro.com\/index.php?rest_route=\/wp\/v2\/posts\/5907\/revisions\/5910"}],"wp:featuredmedia":[{"embeddable":true,"href":"https:\/\/portalmaisagro.com\/index.php?rest_route=\/wp\/v2\/media\/5908"}],"wp:attachment":[{"href":"https:\/\/portalmaisagro.com\/index.php?rest_route=%2Fwp%2Fv2%2Fmedia&parent=5907"}],"wp:term":[{"taxonomy":"category","embeddable":true,"href":"https:\/\/portalmaisagro.com\/index.php?rest_route=%2Fwp%2Fv2%2Fcategories&post=5907"},{"taxonomy":"post_tag","embeddable":true,"href":"https:\/\/portalmaisagro.com\/index.php?rest_route=%2Fwp%2Fv2%2Ftags&post=5907"}],"curies":[{"name":"wp","href":"https:\/\/api.w.org\/{rel}","templated":true}]}}