{"id":5903,"date":"2026-03-16T10:09:47","date_gmt":"2026-03-16T13:09:47","guid":{"rendered":"https:\/\/portalmaisagro.com\/?p=5903"},"modified":"2026-03-16T10:10:33","modified_gmt":"2026-03-16T13:10:33","slug":"citros-apresentam-diferentes-fases-de-desenvolvimento-no-rs","status":"publish","type":"post","link":"https:\/\/portalmaisagro.com\/?p=5903","title":{"rendered":"Citros apresentam diferentes fases de desenvolvimento no RS"},"content":{"rendered":"<p style=\"text-align: justify\"><em>Desenvolvimento dos citros avan\u00e7a no Rio Grande do Sul, com in\u00edcio da colheita da bergamota Okitsu e manejo fitossanit\u00e1rio nas lavouras, enquanto a estiagem impacta calibres e reduz a produtividade de culturas como a soja<\/em><\/p>\n<p style=\"text-align: justify\">Os citros est\u00e3o em pleno desenvolvimento de frutos nas principais regi\u00f5es produtoras do Rio Grande do Sul, como Bag\u00e9, Frederico Westphalen, Lajeado, Iju\u00ed e de Passo Fundo, apesar da estiagem ter causado perdas relevantes, ocasionando redu\u00e7\u00e3o do calibre de laranja e bergamota. De acordo com o Informativo Conjuntural, divulgado na quinta-feira (12) pela Emater\/RS-Ascar, h\u00e1 variedade de citros em frutifica\u00e7\u00e3o e, em regi\u00f5es como Bag\u00e9, iniciou a colheita da bergamota Okitsu, variedade precoce muito produtiva. Na \u00faltima sexta-feira (6), aconteceu a abertura da colheita da Okitsu no munic\u00edpio de Pareci Novo, regi\u00e3o de Lajeado. Pelo Estado, h\u00e1 casos de monitoramento e controle de mosca-das-frutas, especialmente nas cultivares mais precoces.<\/p>\n<p style=\"text-align: justify\">Na regi\u00e3o administrativa da Emater\/RS-Ascar de Soledade, inicia a matura\u00e7\u00e3o da bergamota Okitsu, que atende ao mercado de entressafra. Os pomares apresentam boa sanidade. Na regi\u00e3o de Bag\u00e9, em S\u00e3o Gabriel, a bergamota Okitsu tem a colheita iniciada. As frutas colhidas apresentam excelente qualidade, bom grau Brix e cascas sadias. Demais citros ainda est\u00e3o em fase de desenvolvimento de frutos, recebendo tratos culturais, como aplica\u00e7\u00e3o de fungicida, inseticida e fertilizantes.<\/p>\n<p style=\"text-align: justify\">Na regi\u00e3o administrativa de Frederico Westphalen, os produtores realizam aduba\u00e7\u00f5es e tratamentos fitossanit\u00e1rios preventivos para pinta-preta, cancro-c\u00edtrico e \u00e1caros. Se as condi\u00e7\u00f5es clim\u00e1ticas se mantiverem favor\u00e1veis, a expectativa \u00e9 de uma excelente safra. A implanta\u00e7\u00e3o e renova\u00e7\u00e3o de pomares foi finalizada, e as plantas de desenvolvem adequadamente. De modo geral, as condi\u00e7\u00f5es fitossanit\u00e1rias est\u00e3o satisfat\u00f3rias. Para as laranjas de suco, a expectativa \u00e9 de 40 t\/ha de produtividade nos pomares com idade acima de quatro anos, que apresentaram excelente flora\u00e7\u00e3o e receberam bons tratos culturais. Para laranja umbigo, a expectativa \u00e9 de 30 t\/ha. Para os pomares de lim\u00e3o, a expectativa \u00e9 de 28 t\/ha.<\/p>\n<p style=\"text-align: justify\">OUTRAS CULTURAS<\/p>\n<p style=\"text-align: justify\">Caqui &#8211; Na regi\u00e3o administrativa da Emater\/RS-Ascar de Caxias do Sul, inicia a colheita de variedades precoces, como a Chocolatinho. Os frutos apresentam calibre satisfat\u00f3rio, mas com tamanho reduzido devido \u00e0 falta de chuvas. A comercializa\u00e7\u00e3o iniciou na semana passada por R$ 3,59\/kg. A produ\u00e7\u00e3o mais intensa deve iniciar no m\u00eas de abril e ao longo de maio, com as variedades Fuyu e Kyoto.<\/p>\n<p style=\"text-align: justify\">Noz-pec\u00e3 &#8211; Na regi\u00e3o administrativa de Soledade, os pomares est\u00e3o em fase de forma\u00e7\u00e3o das am\u00eandoas. As plantas apresentam boa carga. As chuvas do \u00faltimo per\u00edodo, apesar dos baixos volumes, favoreceram a cultura. A \u00e1rea irrigada representa menos de 5% do total, indicando um potencial investimento para muitos produtores.<\/p>\n<p style=\"text-align: justify\">Oliva &#8211; Na regi\u00e3o de Santa Maria, a safra deve ser excelente tanto em qualidade como em produtividade. Entre os munic\u00edpios que produzem se destacam Cachoeira do Sul, Restinga Seca, S\u00e3o Jo\u00e3o do Pol\u00easine, Formigueiro e S\u00e3o Sep\u00e9. Na de Soledade, as oliveiras est\u00e3o em fase inicial de colheita, com expressiva produ\u00e7\u00e3o. Destaca-se o munic\u00edpio de Encruzilhada do Sul, que possui uma \u00e1rea plantada de aproximadamente mil hectares. Os cultivares de maior produtividade s\u00e3o Koroneike e Arbequina, ambos favorecidos pelo tempo mais seco durante a fase de flora\u00e7\u00e3o.<\/p>\n<p style=\"text-align: justify\">SAFRA DE GR\u00c3OS DE VER\u00c3O<\/p>\n<p style=\"text-align: justify\">Soja &#8211; O cultivo de soja se encontra nas fases finais do ciclo, com 59% das lavouras em enchimento de gr\u00e3os e 26% em matura\u00e7\u00e3o, estando j\u00e1 iniciada a colheita em pequenas \u00e1reas, ainda de forma incipiente. As precipita\u00e7\u00f5es no per\u00edodo apresentaram maior abrang\u00eancia, proporcionando melhora das condi\u00e7\u00f5es h\u00eddricas em parte das lavouras, sobretudo nas \u00e1reas implantadas mais tardiamente, que ainda mantinham potencial produtivo. Contudo, em diversas localidades, os efeitos do d\u00e9ficit h\u00eddrico, ocorrido durante janeiro e fevereiro, j\u00e1 est\u00e3o consolidados, limitando a recupera\u00e7\u00e3o fisiol\u00f3gica das plantas e determinando perdas irrevers\u00edveis.<\/p>\n<p style=\"text-align: justify\">De acordo com nova proje\u00e7\u00e3o de safra realizada pela Emater\/RS-Ascar, a produtividade m\u00e9dia no Estado \u00e9 de 2.871 kg\/ha, o que representa redu\u00e7\u00e3o de 9,7% em rela\u00e7\u00e3o aos 3.180 kg\/ha estimados no in\u00edcio da safra, refletindo os efeitos da falta de chuvas no RS. A produ\u00e7\u00e3o estimada \u00e9 de pouco mais de 19 milh\u00f5es de toneladas de soja em uma \u00e1rea cultivada de 6.624.988 hectares (maiores informa\u00e7\u00f5es podem ser acessadas no site da Emater\/RS-Ascar no endere\u00e7o: https:\/\/www.emater.tche.br\/site\/arquivos_pdf\/safra\/safraTabela_10032026.pdf).<\/p>\n<p style=\"text-align: justify\">Milho &#8211; A nova proje\u00e7\u00e3o de safra realizada pela Emater\/RS-Ascar indica que o Estado dever\u00e1 atingir volume de 5.961.639 toneladas. A \u00e1rea cultivada na Safra 2025\/2026 alcan\u00e7ou 803.019 hectares e produtividade m\u00e9dia de 7.424 kg\/ha. Em rela\u00e7\u00e3o \u00e0s fases, 9% dos cultivos est\u00e3o em enchimento de gr\u00e3os, 19% em matura\u00e7\u00e3o e 65% colhidos, alcan\u00e7ado produtividades distintas, conforme o efeito do d\u00e9ficit h\u00eddrico no desenvolvimento da cultura. Segue intensa a incid\u00eancia de cigarrinha-do-milho (Dalbulus maidis), exigindo aten\u00e7\u00e3o quanto ao monitoramento e tratamento.<\/p>\n<p style=\"text-align: justify\">Milho silagem &#8211; As condi\u00e7\u00f5es clim\u00e1ticas foram prop\u00edcias para a cultura. As chuvas, apesar de irregulares e mal distribu\u00eddas em alguns locais beneficiaram as lavouras em flora\u00e7\u00e3o (5%) e em enchimento de gr\u00e3os (8%), fases mais vulner\u00e1veis aos efeitos de estresse h\u00eddrico. A colheita no Estado alcan\u00e7a 70%. As \u00e1reas mais tardias, cerca de 10% delas, ainda est\u00e3o em desenvolvimento vegetativo. Conforme estimativa da Emater\/RS-Ascar, a \u00e1rea destinada de milho para silagem deve atingir 345.299 hectares, e a produtividade estimada \u00e9 de 37.840 kg\/ha.<\/p>\n<p style=\"text-align: justify\">Feij\u00e3o 1\u00aa safra &#8211; Nos Campos de Cima da Serra, a colheita atinge 26% das \u00e1reas. Est\u00e3o 59% em matura\u00e7\u00e3o, 15% em enchimento de gr\u00e3os e menos de 1% ainda em flora\u00e7\u00e3o. J\u00e1 nas demais regi\u00f5es do Estado, a colheita est\u00e1 praticamente finalizada. A Emater\/RS-Ascar projeta \u00e1rea de 23.029 hectares e produtividade m\u00e9dia de 1.781 kg\/ha. Na regi\u00e3o administrativa da Emater\/RS-Ascar de Santa Maria, a colheita est\u00e1 finalizada.<\/p>\n<p style=\"text-align: justify\">Feij\u00e3o 2\u00aa safra &#8211; O desenvolvimento segue de forma adequada e, de modo geral, com adequadas condi\u00e7\u00f5es fitossanit\u00e1rias. No Noroeste, h\u00e1 plantas com porte alto, entren\u00f3s longos e folhas bem expandidas. As lavouras ainda est\u00e3o em in\u00edcio de ciclo, sendo 63% em desenvolvimento vegetativo, 21% em flora\u00e7\u00e3o, 10% em enchimento de gr\u00e3os, 3% em matura\u00e7\u00e3o e 2% colhidos. A Emater\/RS-Ascar projeta \u00e1rea de 7.774 hectares e produtividade m\u00e9dia de 1.504 kg\/ha.<\/p>\n<p style=\"text-align: justify\">Arroz &#8211; A colheita avan\u00e7a no Estado, abrangendo 10% das \u00e1reas, e deve se intensificar nas pr\u00f3ximas semanas. A maioria das lavouras est\u00e1 em matura\u00e7\u00e3o e enchimento de gr\u00e3os. A \u00e1rea cultivada \u00e9 de 891.908 hectares (IRGA). A produtividade est\u00e1 projetada em 8.744 kg\/ha e a produ\u00e7\u00e3o, em 7.798.616 toneladas, segundo a Emater\/RS-Ascar.<\/p>\n<p style=\"text-align: justify\">Uma preocupa\u00e7\u00e3o crescente \u00e9 o abastecimento de \u00f3leo diesel para o maquin\u00e1rio durante a \u00e9poca de colheita, pois o uso das colheitadeiras, tratores e caminh\u00f5es \u00e9 mais elevado neste per\u00edodo. Eventuais atrasos na opera\u00e7\u00e3o podem ocasionar perdas significativas para os produtores, e j\u00e1 h\u00e1 relatos de atrasos nas entregas programadas de combust\u00edvel. Mesmo que n\u00e3o haja desabastecimento em massa, a eleva\u00e7\u00e3o do pre\u00e7o j\u00e1 aumenta o custo de produ\u00e7\u00e3o, o que, combinado com baixos pre\u00e7os do gr\u00e3o, podem levar a preju\u00edzos para os agricultores.<\/p>\n<p style=\"text-align: justify\">Foto: Jardel Monteiro, extensionista da Emater\/RS-Ascar<\/p>\n","protected":false},"excerpt":{"rendered":"<p>Desenvolvimento dos citros avan\u00e7a no Rio Grande do Sul, com in\u00edcio da colheita da bergamota Okitsu e manejo fitossanit\u00e1rio nas lavouras, enquanto a estiagem impacta calibres e reduz a produtividade de culturas como a soja Os citros est\u00e3o em pleno desenvolvimento de frutos nas principais regi\u00f5es produtoras do Rio Grande&hellip;<\/p>\n","protected":false},"author":10,"featured_media":5904,"comment_status":"closed","ping_status":"closed","sticky":false,"template":"","format":"standard","meta":{"_crdt_document":"","footnotes":"","jetpack_publicize_message":"","jetpack_publicize_feature_enabled":true,"jetpack_social_post_already_shared":true,"jetpack_social_options":{"image_generator_settings":{"template":"highway","default_image_id":0,"font":"","enabled":false},"version":2}},"categories":[23],"tags":[],"class_list":["post-5903","post","type-post","status-publish","format-standard","has-post-thumbnail","hentry","category-fruticultura-e-horticultura"],"yoast_head":"<!-- This site is optimized with the Yoast SEO plugin v27.1.1 - https:\/\/yoast.com\/product\/yoast-seo-wordpress\/ -->\n<title>Citros apresentam diferentes fases de desenvolvimento no RS - MaisAgro<\/title>\n<meta name=\"robots\" content=\"index, follow, max-snippet:-1, max-image-preview:large, max-video-preview:-1\" \/>\n<link rel=\"canonical\" href=\"https:\/\/portalmaisagro.com\/?p=5903\" \/>\n<meta property=\"og:locale\" content=\"pt_BR\" \/>\n<meta property=\"og:type\" content=\"article\" \/>\n<meta property=\"og:title\" content=\"Citros apresentam diferentes fases de desenvolvimento no RS - MaisAgro\" \/>\n<meta property=\"og:description\" content=\"Desenvolvimento dos citros avan\u00e7a no Rio Grande do Sul, com in\u00edcio da colheita da bergamota Okitsu e manejo fitossanit\u00e1rio nas lavouras, enquanto a estiagem impacta calibres e reduz a produtividade de culturas como a soja Os citros est\u00e3o em pleno desenvolvimento de frutos nas principais regi\u00f5es produtoras do Rio Grande&hellip;\" \/>\n<meta property=\"og:url\" content=\"https:\/\/portalmaisagro.com\/?p=5903\" \/>\n<meta property=\"og:site_name\" content=\"MaisAgro\" \/>\n<meta property=\"article:publisher\" content=\"https:\/\/www.facebook.com\/maisagroportal\" \/>\n<meta property=\"article:published_time\" content=\"2026-03-16T13:09:47+00:00\" \/>\n<meta property=\"article:modified_time\" content=\"2026-03-16T13:10:33+00:00\" \/>\n<meta property=\"og:image\" content=\"https:\/\/portalmaisagro.com\/wp-content\/uploads\/2026\/03\/30692.jpg\" \/>\n\t<meta property=\"og:image:width\" content=\"446\" \/>\n\t<meta property=\"og:image:height\" content=\"400\" \/>\n\t<meta property=\"og:image:type\" content=\"image\/jpeg\" \/>\n<meta name=\"author\" content=\"Taiane do Carmo\" \/>\n<meta name=\"twitter:card\" content=\"summary_large_image\" \/>\n<meta name=\"twitter:label1\" content=\"Escrito por\" \/>\n\t<meta name=\"twitter:data1\" content=\"Taiane do Carmo\" \/>\n\t<meta name=\"twitter:label2\" content=\"Est. tempo de leitura\" \/>\n\t<meta name=\"twitter:data2\" content=\"7 minutos\" \/>\n<script type=\"application\/ld+json\" class=\"yoast-schema-graph\">{\"@context\":\"https:\/\/schema.org\",\"@graph\":[{\"@type\":\"Article\",\"@id\":\"https:\/\/portalmaisagro.com\/?p=5903#article\",\"isPartOf\":{\"@id\":\"https:\/\/portalmaisagro.com\/?p=5903\"},\"author\":{\"name\":\"Taiane do Carmo\",\"@id\":\"https:\/\/portalmaisagro.com\/#\/schema\/person\/ade0f16b5a3434e1ec47b1fbdb9b9318\"},\"headline\":\"Citros apresentam diferentes fases de desenvolvimento no RS\",\"datePublished\":\"2026-03-16T13:09:47+00:00\",\"dateModified\":\"2026-03-16T13:10:33+00:00\",\"mainEntityOfPage\":{\"@id\":\"https:\/\/portalmaisagro.com\/?p=5903\"},\"wordCount\":1260,\"publisher\":{\"@id\":\"https:\/\/portalmaisagro.com\/#organization\"},\"image\":{\"@id\":\"https:\/\/portalmaisagro.com\/?p=5903#primaryimage\"},\"thumbnailUrl\":\"https:\/\/portalmaisagro.com\/wp-content\/uploads\/2026\/03\/30692.jpg\",\"articleSection\":[\"FRUTICULTURA E HORTICULTURA\"],\"inLanguage\":\"pt-BR\"},{\"@type\":\"WebPage\",\"@id\":\"https:\/\/portalmaisagro.com\/?p=5903\",\"url\":\"https:\/\/portalmaisagro.com\/?p=5903\",\"name\":\"Citros apresentam diferentes fases de desenvolvimento no RS - MaisAgro\",\"isPartOf\":{\"@id\":\"https:\/\/portalmaisagro.com\/#website\"},\"primaryImageOfPage\":{\"@id\":\"https:\/\/portalmaisagro.com\/?p=5903#primaryimage\"},\"image\":{\"@id\":\"https:\/\/portalmaisagro.com\/?p=5903#primaryimage\"},\"thumbnailUrl\":\"https:\/\/portalmaisagro.com\/wp-content\/uploads\/2026\/03\/30692.jpg\",\"datePublished\":\"2026-03-16T13:09:47+00:00\",\"dateModified\":\"2026-03-16T13:10:33+00:00\",\"breadcrumb\":{\"@id\":\"https:\/\/portalmaisagro.com\/?p=5903#breadcrumb\"},\"inLanguage\":\"pt-BR\",\"potentialAction\":[{\"@type\":\"ReadAction\",\"target\":[\"https:\/\/portalmaisagro.com\/?p=5903\"]}]},{\"@type\":\"ImageObject\",\"inLanguage\":\"pt-BR\",\"@id\":\"https:\/\/portalmaisagro.com\/?p=5903#primaryimage\",\"url\":\"https:\/\/portalmaisagro.com\/wp-content\/uploads\/2026\/03\/30692.jpg\",\"contentUrl\":\"https:\/\/portalmaisagro.com\/wp-content\/uploads\/2026\/03\/30692.jpg\",\"width\":446,\"height\":400},{\"@type\":\"BreadcrumbList\",\"@id\":\"https:\/\/portalmaisagro.com\/?p=5903#breadcrumb\",\"itemListElement\":[{\"@type\":\"ListItem\",\"position\":1,\"name\":\"In\u00edcio\",\"item\":\"https:\/\/portalmaisagro.com\/\"},{\"@type\":\"ListItem\",\"position\":2,\"name\":\"Citros apresentam diferentes fases de desenvolvimento no RS\"}]},{\"@type\":\"WebSite\",\"@id\":\"https:\/\/portalmaisagro.com\/#website\",\"url\":\"https:\/\/portalmaisagro.com\/\",\"name\":\"MaisAgro\",\"description\":\"O portal do agroneg\u00f3cio\",\"publisher\":{\"@id\":\"https:\/\/portalmaisagro.com\/#organization\"},\"potentialAction\":[{\"@type\":\"SearchAction\",\"target\":{\"@type\":\"EntryPoint\",\"urlTemplate\":\"https:\/\/portalmaisagro.com\/?s={search_term_string}\"},\"query-input\":{\"@type\":\"PropertyValueSpecification\",\"valueRequired\":true,\"valueName\":\"search_term_string\"}}],\"inLanguage\":\"pt-BR\"},{\"@type\":\"Organization\",\"@id\":\"https:\/\/portalmaisagro.com\/#organization\",\"name\":\"MaisAgro\",\"url\":\"https:\/\/portalmaisagro.com\/\",\"logo\":{\"@type\":\"ImageObject\",\"inLanguage\":\"pt-BR\",\"@id\":\"https:\/\/portalmaisagro.com\/#\/schema\/logo\/image\/\",\"url\":\"https:\/\/portalmaisagro.com\/wp-content\/uploads\/2024\/11\/logo_oficial-e1749247575377.png\",\"contentUrl\":\"https:\/\/portalmaisagro.com\/wp-content\/uploads\/2024\/11\/logo_oficial-e1749247575377.png\",\"width\":513,\"height\":107,\"caption\":\"MaisAgro\"},\"image\":{\"@id\":\"https:\/\/portalmaisagro.com\/#\/schema\/logo\/image\/\"},\"sameAs\":[\"https:\/\/www.facebook.com\/maisagroportal\"]},{\"@type\":\"Person\",\"@id\":\"https:\/\/portalmaisagro.com\/#\/schema\/person\/ade0f16b5a3434e1ec47b1fbdb9b9318\",\"name\":\"Taiane do Carmo\",\"image\":{\"@type\":\"ImageObject\",\"inLanguage\":\"pt-BR\",\"@id\":\"https:\/\/portalmaisagro.com\/#\/schema\/person\/image\/640e5d69297d7dd56cc39a10251ad7db\",\"url\":\"https:\/\/portalmaisagro.com\/wp-content\/uploads\/2026\/04\/images.jpeg\",\"contentUrl\":\"https:\/\/portalmaisagro.com\/wp-content\/uploads\/2026\/04\/images.jpeg\",\"caption\":\"Taiane do Carmo\"},\"url\":\"https:\/\/portalmaisagro.com\/?author=10\"}]}<\/script>\n<!-- \/ Yoast SEO plugin. -->","yoast_head_json":{"title":"Citros apresentam diferentes fases de desenvolvimento no RS - MaisAgro","robots":{"index":"index","follow":"follow","max-snippet":"max-snippet:-1","max-image-preview":"max-image-preview:large","max-video-preview":"max-video-preview:-1"},"canonical":"https:\/\/portalmaisagro.com\/?p=5903","og_locale":"pt_BR","og_type":"article","og_title":"Citros apresentam diferentes fases de desenvolvimento no RS - MaisAgro","og_description":"Desenvolvimento dos citros avan\u00e7a no Rio Grande do Sul, com in\u00edcio da colheita da bergamota Okitsu e manejo fitossanit\u00e1rio nas lavouras, enquanto a estiagem impacta calibres e reduz a produtividade de culturas como a soja Os citros est\u00e3o em pleno desenvolvimento de frutos nas principais regi\u00f5es produtoras do Rio Grande&hellip;","og_url":"https:\/\/portalmaisagro.com\/?p=5903","og_site_name":"MaisAgro","article_publisher":"https:\/\/www.facebook.com\/maisagroportal","article_published_time":"2026-03-16T13:09:47+00:00","article_modified_time":"2026-03-16T13:10:33+00:00","og_image":[{"width":446,"height":400,"url":"https:\/\/portalmaisagro.com\/wp-content\/uploads\/2026\/03\/30692.jpg","type":"image\/jpeg"}],"author":"Taiane do Carmo","twitter_card":"summary_large_image","twitter_misc":{"Escrito por":"Taiane do Carmo","Est. tempo de leitura":"7 minutos"},"schema":{"@context":"https:\/\/schema.org","@graph":[{"@type":"Article","@id":"https:\/\/portalmaisagro.com\/?p=5903#article","isPartOf":{"@id":"https:\/\/portalmaisagro.com\/?p=5903"},"author":{"name":"Taiane do Carmo","@id":"https:\/\/portalmaisagro.com\/#\/schema\/person\/ade0f16b5a3434e1ec47b1fbdb9b9318"},"headline":"Citros apresentam diferentes fases de desenvolvimento no RS","datePublished":"2026-03-16T13:09:47+00:00","dateModified":"2026-03-16T13:10:33+00:00","mainEntityOfPage":{"@id":"https:\/\/portalmaisagro.com\/?p=5903"},"wordCount":1260,"publisher":{"@id":"https:\/\/portalmaisagro.com\/#organization"},"image":{"@id":"https:\/\/portalmaisagro.com\/?p=5903#primaryimage"},"thumbnailUrl":"https:\/\/portalmaisagro.com\/wp-content\/uploads\/2026\/03\/30692.jpg","articleSection":["FRUTICULTURA E HORTICULTURA"],"inLanguage":"pt-BR"},{"@type":"WebPage","@id":"https:\/\/portalmaisagro.com\/?p=5903","url":"https:\/\/portalmaisagro.com\/?p=5903","name":"Citros apresentam diferentes fases de desenvolvimento no RS - MaisAgro","isPartOf":{"@id":"https:\/\/portalmaisagro.com\/#website"},"primaryImageOfPage":{"@id":"https:\/\/portalmaisagro.com\/?p=5903#primaryimage"},"image":{"@id":"https:\/\/portalmaisagro.com\/?p=5903#primaryimage"},"thumbnailUrl":"https:\/\/portalmaisagro.com\/wp-content\/uploads\/2026\/03\/30692.jpg","datePublished":"2026-03-16T13:09:47+00:00","dateModified":"2026-03-16T13:10:33+00:00","breadcrumb":{"@id":"https:\/\/portalmaisagro.com\/?p=5903#breadcrumb"},"inLanguage":"pt-BR","potentialAction":[{"@type":"ReadAction","target":["https:\/\/portalmaisagro.com\/?p=5903"]}]},{"@type":"ImageObject","inLanguage":"pt-BR","@id":"https:\/\/portalmaisagro.com\/?p=5903#primaryimage","url":"https:\/\/portalmaisagro.com\/wp-content\/uploads\/2026\/03\/30692.jpg","contentUrl":"https:\/\/portalmaisagro.com\/wp-content\/uploads\/2026\/03\/30692.jpg","width":446,"height":400},{"@type":"BreadcrumbList","@id":"https:\/\/portalmaisagro.com\/?p=5903#breadcrumb","itemListElement":[{"@type":"ListItem","position":1,"name":"In\u00edcio","item":"https:\/\/portalmaisagro.com\/"},{"@type":"ListItem","position":2,"name":"Citros apresentam diferentes fases de desenvolvimento no RS"}]},{"@type":"WebSite","@id":"https:\/\/portalmaisagro.com\/#website","url":"https:\/\/portalmaisagro.com\/","name":"MaisAgro","description":"O portal do agroneg\u00f3cio","publisher":{"@id":"https:\/\/portalmaisagro.com\/#organization"},"potentialAction":[{"@type":"SearchAction","target":{"@type":"EntryPoint","urlTemplate":"https:\/\/portalmaisagro.com\/?s={search_term_string}"},"query-input":{"@type":"PropertyValueSpecification","valueRequired":true,"valueName":"search_term_string"}}],"inLanguage":"pt-BR"},{"@type":"Organization","@id":"https:\/\/portalmaisagro.com\/#organization","name":"MaisAgro","url":"https:\/\/portalmaisagro.com\/","logo":{"@type":"ImageObject","inLanguage":"pt-BR","@id":"https:\/\/portalmaisagro.com\/#\/schema\/logo\/image\/","url":"https:\/\/portalmaisagro.com\/wp-content\/uploads\/2024\/11\/logo_oficial-e1749247575377.png","contentUrl":"https:\/\/portalmaisagro.com\/wp-content\/uploads\/2024\/11\/logo_oficial-e1749247575377.png","width":513,"height":107,"caption":"MaisAgro"},"image":{"@id":"https:\/\/portalmaisagro.com\/#\/schema\/logo\/image\/"},"sameAs":["https:\/\/www.facebook.com\/maisagroportal"]},{"@type":"Person","@id":"https:\/\/portalmaisagro.com\/#\/schema\/person\/ade0f16b5a3434e1ec47b1fbdb9b9318","name":"Taiane do Carmo","image":{"@type":"ImageObject","inLanguage":"pt-BR","@id":"https:\/\/portalmaisagro.com\/#\/schema\/person\/image\/640e5d69297d7dd56cc39a10251ad7db","url":"https:\/\/portalmaisagro.com\/wp-content\/uploads\/2026\/04\/images.jpeg","contentUrl":"https:\/\/portalmaisagro.com\/wp-content\/uploads\/2026\/04\/images.jpeg","caption":"Taiane do Carmo"},"url":"https:\/\/portalmaisagro.com\/?author=10"}]}},"jetpack_publicize_connections":[],"authors":[],"_links":{"self":[{"href":"https:\/\/portalmaisagro.com\/index.php?rest_route=\/wp\/v2\/posts\/5903","targetHints":{"allow":["GET"]}}],"collection":[{"href":"https:\/\/portalmaisagro.com\/index.php?rest_route=\/wp\/v2\/posts"}],"about":[{"href":"https:\/\/portalmaisagro.com\/index.php?rest_route=\/wp\/v2\/types\/post"}],"author":[{"embeddable":true,"href":"https:\/\/portalmaisagro.com\/index.php?rest_route=\/wp\/v2\/users\/10"}],"replies":[{"embeddable":true,"href":"https:\/\/portalmaisagro.com\/index.php?rest_route=%2Fwp%2Fv2%2Fcomments&post=5903"}],"version-history":[{"count":2,"href":"https:\/\/portalmaisagro.com\/index.php?rest_route=\/wp\/v2\/posts\/5903\/revisions"}],"predecessor-version":[{"id":5906,"href":"https:\/\/portalmaisagro.com\/index.php?rest_route=\/wp\/v2\/posts\/5903\/revisions\/5906"}],"wp:featuredmedia":[{"embeddable":true,"href":"https:\/\/portalmaisagro.com\/index.php?rest_route=\/wp\/v2\/media\/5904"}],"wp:attachment":[{"href":"https:\/\/portalmaisagro.com\/index.php?rest_route=%2Fwp%2Fv2%2Fmedia&parent=5903"}],"wp:term":[{"taxonomy":"category","embeddable":true,"href":"https:\/\/portalmaisagro.com\/index.php?rest_route=%2Fwp%2Fv2%2Fcategories&post=5903"},{"taxonomy":"post_tag","embeddable":true,"href":"https:\/\/portalmaisagro.com\/index.php?rest_route=%2Fwp%2Fv2%2Ftags&post=5903"}],"curies":[{"name":"wp","href":"https:\/\/api.w.org\/{rel}","templated":true}]}}