{"id":5897,"date":"2026-03-13T15:45:57","date_gmt":"2026-03-13T18:45:57","guid":{"rendered":"https:\/\/portalmaisagro.com\/?p=5897"},"modified":"2026-03-13T15:45:57","modified_gmt":"2026-03-13T18:45:57","slug":"26a-expodireto-cotrijal-brotinho-day-promove-integracao-de-criancas-com-os-valores-do-cooperativismo","status":"publish","type":"post","link":"https:\/\/portalmaisagro.com\/?p=5897","title":{"rendered":"26\u00aa Expodireto Cotrijal: Brotinho Day promove integra\u00e7\u00e3o de crian\u00e7as com os valores do cooperativismo"},"content":{"rendered":"<p style=\"text-align: justify\"><em>Evento reuniu filhos e netos de associados da cooperativa na Casa da Fam\u00edlia no \u00faltimo dia de feira<\/em><\/p>\n<p style=\"text-align: justify\">Entre os momentos dedicados \u00e0s fam\u00edlias durante a Expodireto Cotrijal 2026, o Brotinho Day levou alegria e aprendizado ao p\u00fablico infantil no \u00faltimo dia da feira, nesta sexta-feira (13). Realizado na Casa da Fam\u00edlia, o evento reuniu filhos e netos de associados da Cotrijal em um momento de integra\u00e7\u00e3o, aprendizado e aproxima\u00e7\u00e3o com os valores do cooperativismo.<\/p>\n<p style=\"text-align: justify\">A iniciativa faz parte do Programa Brotinho, desenvolvido pela Cotrijal, com foco na forma\u00e7\u00e3o das futuras gera\u00e7\u00f5es para o cooperativismo. Criado em 2025, o projeto envolve atualmente cerca de 50 crian\u00e7as entre 4 e 11 anos, de cinco munic\u00edpios da \u00e1rea de atua\u00e7\u00e3o da cooperativa.<\/p>\n<p style=\"text-align: justify\">As atividades do programa incluem momentos educativos e de integra\u00e7\u00e3o com o agroneg\u00f3cio, como contato com culturas agr\u00edcolas \u2014 entre elas soja e milho \u2014 e experi\u00eancias voltadas \u00e0 sustentabilidade e ao cooperativismo.<\/p>\n<p style=\"text-align: justify\">Durante o evento, o presidente da Cotrijal, Nei C\u00e9sar Manica, destacou a import\u00e2ncia de iniciativas para as fam\u00edlias e novas gera\u00e7\u00f5es dentro da cooperativa. \u201cMomentos como este representam a continuidade de uma hist\u00f3ria que j\u00e1 est\u00e1 consolidada\u201d, disse Manica. O presidente ainda ressaltou que, ao longo do tempo, acompanhou o crescimento das gera\u00e7\u00f5es dentro da pr\u00f3pria fam\u00edlia e que hoje tem a alegria de participar de atividades ao lado dos netos.<\/p>\n<p style=\"text-align: justify\">O vice-presidente da Cotrijal, Enio Schroeder, tamb\u00e9m participou do encontro e destacou o car\u00e1ter simb\u00f3lico e emocionante da atividade, que re\u00fane todos em torno de um prop\u00f3sito comum. \u201cA cooperativa \u00e9 formada por pessoas e por fam\u00edlias, desta forma, iniciativas como o Programa Brotinho ajudam a fortalecer esse v\u00ednculo desde a inf\u00e2ncia\u201d, afirmou Schroeder. Ele tamb\u00e9m lembrou que as crian\u00e7as representam as sementes que dar\u00e3o continuidade ao cooperativismo no futuro.<\/p>\n<h4 style=\"text-align: justify\">Participa\u00e7\u00e3o das fam\u00edlias<\/h4>\n<p style=\"text-align: justify\">Entre as fam\u00edlias presentes, estava a fam\u00edlia Bohrer Eberth, do munic\u00edpio de Morma\u00e7o. O pequeno Murilo Bohrer Eberth, de 5 anos, participa do programa desde o in\u00edcio. Filho dos produtores rurais Aline Bohrer e Arlei Eberth, ele acompanha as atividades do Brotinho ao lado da fam\u00edlia.<\/p>\n<p style=\"text-align: justify\">Para a m\u00e3e, a iniciativa \u00e9 importante para aproximar as crian\u00e7as da realidade do campo. \u201cA gente acha a iniciativa da Cotrijal muito legal. Para n\u00f3s, que somos produtores rurais, \u00e9 importante que eles conhe\u00e7am as origens e aprendam desde cedo sobre o campo, para dar continuidade no futuro\u201d, destacou Aline.<\/p>\n<h4 style=\"text-align: justify\">Aprendizagem por meio da experi\u00eancia<\/h4>\n<p style=\"text-align: justify\">O programa foi desenvolvido com apoio da consultoria especializada em aprendizagem por meio da experi\u00eancia Greta Coop. \u201c\u00c9 motivo de grande alegria para a cooperativa participar de um projeto que incentiva as crian\u00e7as a conhecer os valores da fam\u00edlia, o amor pela terra, a vida no campo e os princ\u00edpios do cooperativismo\u201d, disse a vice-presidente Delci Bender.<\/p>\n","protected":false},"excerpt":{"rendered":"<p>Evento reuniu filhos e netos de associados da cooperativa na Casa da Fam\u00edlia no \u00faltimo dia de feira Entre os momentos dedicados \u00e0s fam\u00edlias durante a Expodireto Cotrijal 2026, o Brotinho Day levou alegria e aprendizado ao p\u00fablico infantil no \u00faltimo dia da feira, nesta sexta-feira (13). Realizado na Casa&hellip;<\/p>\n","protected":false},"author":10,"featured_media":5898,"comment_status":"closed","ping_status":"closed","sticky":false,"template":"","format":"standard","meta":{"_crdt_document":"","footnotes":"","jetpack_publicize_message":"","jetpack_publicize_feature_enabled":true,"jetpack_social_post_already_shared":true,"jetpack_social_options":{"image_generator_settings":{"template":"highway","default_image_id":0,"font":"","enabled":false},"version":2}},"categories":[131,230],"tags":[],"class_list":["post-5897","post","type-post","status-publish","format-standard","has-post-thumbnail","hentry","category-destaques","category-feiras-2"],"yoast_head":"<!-- This site is optimized with the Yoast SEO plugin v27.1.1 - https:\/\/yoast.com\/product\/yoast-seo-wordpress\/ -->\n<title>26\u00aa Expodireto Cotrijal: Brotinho Day promove integra\u00e7\u00e3o de crian\u00e7as com os valores do cooperativismo - MaisAgro<\/title>\n<meta name=\"robots\" content=\"index, follow, max-snippet:-1, max-image-preview:large, max-video-preview:-1\" \/>\n<link rel=\"canonical\" href=\"https:\/\/portalmaisagro.com\/?p=5897\" \/>\n<meta property=\"og:locale\" content=\"pt_BR\" \/>\n<meta property=\"og:type\" content=\"article\" \/>\n<meta property=\"og:title\" content=\"26\u00aa Expodireto Cotrijal: Brotinho Day promove integra\u00e7\u00e3o de crian\u00e7as com os valores do cooperativismo - MaisAgro\" \/>\n<meta property=\"og:description\" content=\"Evento reuniu filhos e netos de associados da cooperativa na Casa da Fam\u00edlia no \u00faltimo dia de feira Entre os momentos dedicados \u00e0s fam\u00edlias durante a Expodireto Cotrijal 2026, o Brotinho Day levou alegria e aprendizado ao p\u00fablico infantil no \u00faltimo dia da feira, nesta sexta-feira (13). Realizado na Casa&hellip;\" \/>\n<meta property=\"og:url\" content=\"https:\/\/portalmaisagro.com\/?p=5897\" \/>\n<meta property=\"og:site_name\" content=\"MaisAgro\" \/>\n<meta property=\"article:publisher\" content=\"https:\/\/www.facebook.com\/maisagroportal\" \/>\n<meta property=\"article:published_time\" content=\"2026-03-13T18:45:57+00:00\" \/>\n<meta property=\"og:image\" content=\"https:\/\/portalmaisagro.com\/wp-content\/uploads\/2026\/03\/219618-BROTINHO-DAY-25.jpg\" \/>\n\t<meta property=\"og:image:width\" content=\"1920\" \/>\n\t<meta property=\"og:image:height\" content=\"1281\" \/>\n\t<meta property=\"og:image:type\" content=\"image\/jpeg\" \/>\n<meta name=\"author\" content=\"Taiane do Carmo\" \/>\n<meta name=\"twitter:card\" content=\"summary_large_image\" \/>\n<meta name=\"twitter:label1\" content=\"Escrito por\" \/>\n\t<meta name=\"twitter:data1\" content=\"Taiane do Carmo\" \/>\n\t<meta name=\"twitter:label2\" content=\"Est. tempo de leitura\" \/>\n\t<meta name=\"twitter:data2\" content=\"3 minutos\" \/>\n<script type=\"application\/ld+json\" class=\"yoast-schema-graph\">{\"@context\":\"https:\/\/schema.org\",\"@graph\":[{\"@type\":\"Article\",\"@id\":\"https:\/\/portalmaisagro.com\/?p=5897#article\",\"isPartOf\":{\"@id\":\"https:\/\/portalmaisagro.com\/?p=5897\"},\"author\":{\"name\":\"Taiane do Carmo\",\"@id\":\"https:\/\/portalmaisagro.com\/#\/schema\/person\/ade0f16b5a3434e1ec47b1fbdb9b9318\"},\"headline\":\"26\u00aa Expodireto Cotrijal: Brotinho Day promove integra\u00e7\u00e3o de crian\u00e7as com os valores do cooperativismo\",\"datePublished\":\"2026-03-13T18:45:57+00:00\",\"mainEntityOfPage\":{\"@id\":\"https:\/\/portalmaisagro.com\/?p=5897\"},\"wordCount\":508,\"publisher\":{\"@id\":\"https:\/\/portalmaisagro.com\/#organization\"},\"image\":{\"@id\":\"https:\/\/portalmaisagro.com\/?p=5897#primaryimage\"},\"thumbnailUrl\":\"https:\/\/portalmaisagro.com\/wp-content\/uploads\/2026\/03\/219618-BROTINHO-DAY-25.jpg\",\"articleSection\":[\"DESTAQUES\",\"FEIRAS\"],\"inLanguage\":\"pt-BR\"},{\"@type\":\"WebPage\",\"@id\":\"https:\/\/portalmaisagro.com\/?p=5897\",\"url\":\"https:\/\/portalmaisagro.com\/?p=5897\",\"name\":\"26\u00aa Expodireto Cotrijal: Brotinho Day promove integra\u00e7\u00e3o de crian\u00e7as com os valores do cooperativismo - MaisAgro\",\"isPartOf\":{\"@id\":\"https:\/\/portalmaisagro.com\/#website\"},\"primaryImageOfPage\":{\"@id\":\"https:\/\/portalmaisagro.com\/?p=5897#primaryimage\"},\"image\":{\"@id\":\"https:\/\/portalmaisagro.com\/?p=5897#primaryimage\"},\"thumbnailUrl\":\"https:\/\/portalmaisagro.com\/wp-content\/uploads\/2026\/03\/219618-BROTINHO-DAY-25.jpg\",\"datePublished\":\"2026-03-13T18:45:57+00:00\",\"breadcrumb\":{\"@id\":\"https:\/\/portalmaisagro.com\/?p=5897#breadcrumb\"},\"inLanguage\":\"pt-BR\",\"potentialAction\":[{\"@type\":\"ReadAction\",\"target\":[\"https:\/\/portalmaisagro.com\/?p=5897\"]}]},{\"@type\":\"ImageObject\",\"inLanguage\":\"pt-BR\",\"@id\":\"https:\/\/portalmaisagro.com\/?p=5897#primaryimage\",\"url\":\"https:\/\/portalmaisagro.com\/wp-content\/uploads\/2026\/03\/219618-BROTINHO-DAY-25.jpg\",\"contentUrl\":\"https:\/\/portalmaisagro.com\/wp-content\/uploads\/2026\/03\/219618-BROTINHO-DAY-25.jpg\",\"width\":1920,\"height\":1281},{\"@type\":\"BreadcrumbList\",\"@id\":\"https:\/\/portalmaisagro.com\/?p=5897#breadcrumb\",\"itemListElement\":[{\"@type\":\"ListItem\",\"position\":1,\"name\":\"In\u00edcio\",\"item\":\"https:\/\/portalmaisagro.com\/\"},{\"@type\":\"ListItem\",\"position\":2,\"name\":\"26\u00aa Expodireto Cotrijal: Brotinho Day promove integra\u00e7\u00e3o de crian\u00e7as com os valores do cooperativismo\"}]},{\"@type\":\"WebSite\",\"@id\":\"https:\/\/portalmaisagro.com\/#website\",\"url\":\"https:\/\/portalmaisagro.com\/\",\"name\":\"MaisAgro\",\"description\":\"O portal do agroneg\u00f3cio\",\"publisher\":{\"@id\":\"https:\/\/portalmaisagro.com\/#organization\"},\"potentialAction\":[{\"@type\":\"SearchAction\",\"target\":{\"@type\":\"EntryPoint\",\"urlTemplate\":\"https:\/\/portalmaisagro.com\/?s={search_term_string}\"},\"query-input\":{\"@type\":\"PropertyValueSpecification\",\"valueRequired\":true,\"valueName\":\"search_term_string\"}}],\"inLanguage\":\"pt-BR\"},{\"@type\":\"Organization\",\"@id\":\"https:\/\/portalmaisagro.com\/#organization\",\"name\":\"MaisAgro\",\"url\":\"https:\/\/portalmaisagro.com\/\",\"logo\":{\"@type\":\"ImageObject\",\"inLanguage\":\"pt-BR\",\"@id\":\"https:\/\/portalmaisagro.com\/#\/schema\/logo\/image\/\",\"url\":\"https:\/\/portalmaisagro.com\/wp-content\/uploads\/2024\/11\/logo_oficial-e1749247575377.png\",\"contentUrl\":\"https:\/\/portalmaisagro.com\/wp-content\/uploads\/2024\/11\/logo_oficial-e1749247575377.png\",\"width\":513,\"height\":107,\"caption\":\"MaisAgro\"},\"image\":{\"@id\":\"https:\/\/portalmaisagro.com\/#\/schema\/logo\/image\/\"},\"sameAs\":[\"https:\/\/www.facebook.com\/maisagroportal\"]},{\"@type\":\"Person\",\"@id\":\"https:\/\/portalmaisagro.com\/#\/schema\/person\/ade0f16b5a3434e1ec47b1fbdb9b9318\",\"name\":\"Taiane do Carmo\",\"image\":{\"@type\":\"ImageObject\",\"inLanguage\":\"pt-BR\",\"@id\":\"https:\/\/portalmaisagro.com\/#\/schema\/person\/image\/640e5d69297d7dd56cc39a10251ad7db\",\"url\":\"https:\/\/portalmaisagro.com\/wp-content\/uploads\/2026\/04\/images.jpeg\",\"contentUrl\":\"https:\/\/portalmaisagro.com\/wp-content\/uploads\/2026\/04\/images.jpeg\",\"caption\":\"Taiane do Carmo\"},\"url\":\"https:\/\/portalmaisagro.com\/?author=10\"}]}<\/script>\n<!-- \/ Yoast SEO plugin. -->","yoast_head_json":{"title":"26\u00aa Expodireto Cotrijal: Brotinho Day promove integra\u00e7\u00e3o de crian\u00e7as com os valores do cooperativismo - MaisAgro","robots":{"index":"index","follow":"follow","max-snippet":"max-snippet:-1","max-image-preview":"max-image-preview:large","max-video-preview":"max-video-preview:-1"},"canonical":"https:\/\/portalmaisagro.com\/?p=5897","og_locale":"pt_BR","og_type":"article","og_title":"26\u00aa Expodireto Cotrijal: Brotinho Day promove integra\u00e7\u00e3o de crian\u00e7as com os valores do cooperativismo - MaisAgro","og_description":"Evento reuniu filhos e netos de associados da cooperativa na Casa da Fam\u00edlia no \u00faltimo dia de feira Entre os momentos dedicados \u00e0s fam\u00edlias durante a Expodireto Cotrijal 2026, o Brotinho Day levou alegria e aprendizado ao p\u00fablico infantil no \u00faltimo dia da feira, nesta sexta-feira (13). Realizado na Casa&hellip;","og_url":"https:\/\/portalmaisagro.com\/?p=5897","og_site_name":"MaisAgro","article_publisher":"https:\/\/www.facebook.com\/maisagroportal","article_published_time":"2026-03-13T18:45:57+00:00","og_image":[{"width":1920,"height":1281,"url":"https:\/\/portalmaisagro.com\/wp-content\/uploads\/2026\/03\/219618-BROTINHO-DAY-25.jpg","type":"image\/jpeg"}],"author":"Taiane do Carmo","twitter_card":"summary_large_image","twitter_misc":{"Escrito por":"Taiane do Carmo","Est. tempo de leitura":"3 minutos"},"schema":{"@context":"https:\/\/schema.org","@graph":[{"@type":"Article","@id":"https:\/\/portalmaisagro.com\/?p=5897#article","isPartOf":{"@id":"https:\/\/portalmaisagro.com\/?p=5897"},"author":{"name":"Taiane do Carmo","@id":"https:\/\/portalmaisagro.com\/#\/schema\/person\/ade0f16b5a3434e1ec47b1fbdb9b9318"},"headline":"26\u00aa Expodireto Cotrijal: Brotinho Day promove integra\u00e7\u00e3o de crian\u00e7as com os valores do cooperativismo","datePublished":"2026-03-13T18:45:57+00:00","mainEntityOfPage":{"@id":"https:\/\/portalmaisagro.com\/?p=5897"},"wordCount":508,"publisher":{"@id":"https:\/\/portalmaisagro.com\/#organization"},"image":{"@id":"https:\/\/portalmaisagro.com\/?p=5897#primaryimage"},"thumbnailUrl":"https:\/\/portalmaisagro.com\/wp-content\/uploads\/2026\/03\/219618-BROTINHO-DAY-25.jpg","articleSection":["DESTAQUES","FEIRAS"],"inLanguage":"pt-BR"},{"@type":"WebPage","@id":"https:\/\/portalmaisagro.com\/?p=5897","url":"https:\/\/portalmaisagro.com\/?p=5897","name":"26\u00aa Expodireto Cotrijal: Brotinho Day promove integra\u00e7\u00e3o de crian\u00e7as com os valores do cooperativismo - MaisAgro","isPartOf":{"@id":"https:\/\/portalmaisagro.com\/#website"},"primaryImageOfPage":{"@id":"https:\/\/portalmaisagro.com\/?p=5897#primaryimage"},"image":{"@id":"https:\/\/portalmaisagro.com\/?p=5897#primaryimage"},"thumbnailUrl":"https:\/\/portalmaisagro.com\/wp-content\/uploads\/2026\/03\/219618-BROTINHO-DAY-25.jpg","datePublished":"2026-03-13T18:45:57+00:00","breadcrumb":{"@id":"https:\/\/portalmaisagro.com\/?p=5897#breadcrumb"},"inLanguage":"pt-BR","potentialAction":[{"@type":"ReadAction","target":["https:\/\/portalmaisagro.com\/?p=5897"]}]},{"@type":"ImageObject","inLanguage":"pt-BR","@id":"https:\/\/portalmaisagro.com\/?p=5897#primaryimage","url":"https:\/\/portalmaisagro.com\/wp-content\/uploads\/2026\/03\/219618-BROTINHO-DAY-25.jpg","contentUrl":"https:\/\/portalmaisagro.com\/wp-content\/uploads\/2026\/03\/219618-BROTINHO-DAY-25.jpg","width":1920,"height":1281},{"@type":"BreadcrumbList","@id":"https:\/\/portalmaisagro.com\/?p=5897#breadcrumb","itemListElement":[{"@type":"ListItem","position":1,"name":"In\u00edcio","item":"https:\/\/portalmaisagro.com\/"},{"@type":"ListItem","position":2,"name":"26\u00aa Expodireto Cotrijal: Brotinho Day promove integra\u00e7\u00e3o de crian\u00e7as com os valores do cooperativismo"}]},{"@type":"WebSite","@id":"https:\/\/portalmaisagro.com\/#website","url":"https:\/\/portalmaisagro.com\/","name":"MaisAgro","description":"O portal do agroneg\u00f3cio","publisher":{"@id":"https:\/\/portalmaisagro.com\/#organization"},"potentialAction":[{"@type":"SearchAction","target":{"@type":"EntryPoint","urlTemplate":"https:\/\/portalmaisagro.com\/?s={search_term_string}"},"query-input":{"@type":"PropertyValueSpecification","valueRequired":true,"valueName":"search_term_string"}}],"inLanguage":"pt-BR"},{"@type":"Organization","@id":"https:\/\/portalmaisagro.com\/#organization","name":"MaisAgro","url":"https:\/\/portalmaisagro.com\/","logo":{"@type":"ImageObject","inLanguage":"pt-BR","@id":"https:\/\/portalmaisagro.com\/#\/schema\/logo\/image\/","url":"https:\/\/portalmaisagro.com\/wp-content\/uploads\/2024\/11\/logo_oficial-e1749247575377.png","contentUrl":"https:\/\/portalmaisagro.com\/wp-content\/uploads\/2024\/11\/logo_oficial-e1749247575377.png","width":513,"height":107,"caption":"MaisAgro"},"image":{"@id":"https:\/\/portalmaisagro.com\/#\/schema\/logo\/image\/"},"sameAs":["https:\/\/www.facebook.com\/maisagroportal"]},{"@type":"Person","@id":"https:\/\/portalmaisagro.com\/#\/schema\/person\/ade0f16b5a3434e1ec47b1fbdb9b9318","name":"Taiane do Carmo","image":{"@type":"ImageObject","inLanguage":"pt-BR","@id":"https:\/\/portalmaisagro.com\/#\/schema\/person\/image\/640e5d69297d7dd56cc39a10251ad7db","url":"https:\/\/portalmaisagro.com\/wp-content\/uploads\/2026\/04\/images.jpeg","contentUrl":"https:\/\/portalmaisagro.com\/wp-content\/uploads\/2026\/04\/images.jpeg","caption":"Taiane do Carmo"},"url":"https:\/\/portalmaisagro.com\/?author=10"}]}},"jetpack_publicize_connections":[],"authors":[],"_links":{"self":[{"href":"https:\/\/portalmaisagro.com\/index.php?rest_route=\/wp\/v2\/posts\/5897","targetHints":{"allow":["GET"]}}],"collection":[{"href":"https:\/\/portalmaisagro.com\/index.php?rest_route=\/wp\/v2\/posts"}],"about":[{"href":"https:\/\/portalmaisagro.com\/index.php?rest_route=\/wp\/v2\/types\/post"}],"author":[{"embeddable":true,"href":"https:\/\/portalmaisagro.com\/index.php?rest_route=\/wp\/v2\/users\/10"}],"replies":[{"embeddable":true,"href":"https:\/\/portalmaisagro.com\/index.php?rest_route=%2Fwp%2Fv2%2Fcomments&post=5897"}],"version-history":[{"count":1,"href":"https:\/\/portalmaisagro.com\/index.php?rest_route=\/wp\/v2\/posts\/5897\/revisions"}],"predecessor-version":[{"id":5899,"href":"https:\/\/portalmaisagro.com\/index.php?rest_route=\/wp\/v2\/posts\/5897\/revisions\/5899"}],"wp:featuredmedia":[{"embeddable":true,"href":"https:\/\/portalmaisagro.com\/index.php?rest_route=\/wp\/v2\/media\/5898"}],"wp:attachment":[{"href":"https:\/\/portalmaisagro.com\/index.php?rest_route=%2Fwp%2Fv2%2Fmedia&parent=5897"}],"wp:term":[{"taxonomy":"category","embeddable":true,"href":"https:\/\/portalmaisagro.com\/index.php?rest_route=%2Fwp%2Fv2%2Fcategories&post=5897"},{"taxonomy":"post_tag","embeddable":true,"href":"https:\/\/portalmaisagro.com\/index.php?rest_route=%2Fwp%2Fv2%2Ftags&post=5897"}],"curies":[{"name":"wp","href":"https:\/\/api.w.org\/{rel}","templated":true}]}}