{"id":5886,"date":"2026-03-13T14:20:34","date_gmt":"2026-03-13T17:20:34","guid":{"rendered":"https:\/\/portalmaisagro.com\/?p=5886"},"modified":"2026-03-13T14:20:34","modified_gmt":"2026-03-13T17:20:34","slug":"summit-do-jovem-cooperativista-debate-sucessao-familiar-e-protagonismo-da-juventude-no-agronegocio","status":"publish","type":"post","link":"https:\/\/portalmaisagro.com\/?p=5886","title":{"rendered":"Summit do Jovem Cooperativista debate sucess\u00e3o familiar e protagonismo da juventude no agroneg\u00f3cio"},"content":{"rendered":"<p style=\"text-align: justify\"><em>O encontro ocorreu na Arena Agrodigital e reuniu jovens ligados ao meio rural<\/em><\/p>\n<p style=\"text-align: justify\">A programa\u00e7\u00e3o da Expodireto Cotrijal 2026 contou, nesta quinta-feira (12), com a realiza\u00e7\u00e3o do Summit do Jovem Cooperativista, evento voltado ao fortalecimento da participa\u00e7\u00e3o da juventude no agroneg\u00f3cio. Pela primeira vez, a Arena Agrodigital recebeu o encontro, que reuniu jovens ligados ao cooperativismo e ao meio rural para a palestra com Camila Telles, especialista em comunica\u00e7\u00e3o e influenciadora do agro.<\/p>\n<p>A apresenta\u00e7\u00e3o abordou a transi\u00e7\u00e3o geracional no agroneg\u00f3cio, destacando a import\u00e2ncia da continuidade das gera\u00e7\u00f5es no campo e da valoriza\u00e7\u00e3o do conhecimento transmitido pelas fam\u00edlias rurais. \u201cMuitas vezes o conhecimento que procuramos fora, na verdade est\u00e1 dentro de casa. Est\u00e1 em uma conversa com o av\u00f4, em um caf\u00e9 com a av\u00f3, em ouvir os pais e entender tudo o que eles constru\u00edram, mesmo sem as ferramentas que temos hoje\u201d, disse Camila.<\/p>\n<p>A palestrante tamb\u00e9m ressaltou que prefere utilizar o conceito de continuidade em vez de sucess\u00e3o quando fala em gest\u00e3o das propriedades rurais. \u201cSucess\u00e3o parece que algu\u00e9m vai substituir, mas na verdade estamos falando da sequ\u00eancia de um legado constru\u00eddo por gera\u00e7\u00f5es\u201d, afirmou.<\/p>\n<p>Dados recentes tamb\u00e9m refor\u00e7am esse movimento de renova\u00e7\u00e3o no campo. O Censo Agropecu\u00e1rio de 2025 apontou que a presen\u00e7a de jovens entre 18 e 35 anos na gest\u00e3o de propriedades rurais cresceu 27% nos \u00faltimos cinco anos.<\/p>\n<p><strong>Forma\u00e7\u00e3o de jovens fortalece a continuidade do trabalho no campo<\/p>\n<p><\/strong>Durante a abertura do encontro, o presidente da Cotrijal, Nei C\u00e9sar Manica, destacou o papel dos jovens na continuidade das atividades no campo e na evolu\u00e7\u00e3o do cooperativismo. Segundo ele, incentivar a participa\u00e7\u00e3o da juventude em programas e eventos \u00e9 fundamental para preparar as pr\u00f3ximas gera\u00e7\u00f5es. \u201cQuando temos jovens participando de eventos da cooperativa, estamos plantando a semente para o futuro\u201d, afirmou. Manica tamb\u00e9m compartilhou uma reflex\u00e3o sobre as diferentes gera\u00e7\u00f5es e a import\u00e2ncia dos valores familiares na forma\u00e7\u00e3o dos jovens. \u201cO que eu sempre digo \u00e9: ou\u00e7am os mais experientes antes de tomar decis\u00f5es. A experi\u00eancia ajuda muito\u201d, destacou.<\/p>\n<p>O vice-presidente da Cotrijal, Enio Schroeder, ressaltou que a cooperativa desenvolve uma s\u00e9rie de programas voltados \u00e0 forma\u00e7\u00e3o e ao engajamento das diferentes gera\u00e7\u00f5es dentro do cooperativismo. Entre as iniciativas citadas est\u00e1 o Programa Supernova, voltado \u00e0 forma\u00e7\u00e3o de jovens ligados ao campo. \u201cHoje temos cerca de 450 jovens que j\u00e1 passaram pelo programa. Contamos com professores de universidades parceiras e tamb\u00e9m com profissionais da pr\u00f3pria cooperativa. Trabalhar com jovens exige habilidade, conhecimento e foco no que queremos construir\u201d, explicou. Schroeder ainda destacou ainda que o objetivo \u00e9 preparar jovens que tenham interesse em permanecer no campo e dar seguimento \u00e0s atividades das propriedades rurais.<\/p>\n<p><em>Por J\u00e9ssica Gomes | Assessoria de Imprensa Expodireto Cotrijal<\/em><\/p>\n","protected":false},"excerpt":{"rendered":"<p>O encontro ocorreu na Arena Agrodigital e reuniu jovens ligados ao meio rural A programa\u00e7\u00e3o da Expodireto Cotrijal 2026 contou, nesta quinta-feira (12), com a realiza\u00e7\u00e3o do Summit do Jovem Cooperativista, evento voltado ao fortalecimento da participa\u00e7\u00e3o da juventude no agroneg\u00f3cio. Pela primeira vez, a Arena Agrodigital recebeu o encontro,&hellip;<\/p>\n","protected":false},"author":10,"featured_media":5887,"comment_status":"closed","ping_status":"closed","sticky":false,"template":"","format":"standard","meta":{"_crdt_document":"","footnotes":"","jetpack_publicize_message":"","jetpack_publicize_feature_enabled":true,"jetpack_social_post_already_shared":true,"jetpack_social_options":{"image_generator_settings":{"template":"highway","default_image_id":0,"font":"","enabled":false},"version":2}},"categories":[16,131],"tags":[],"class_list":["post-5886","post","type-post","status-publish","format-standard","has-post-thumbnail","hentry","category-agricultura-familiar","category-destaques"],"yoast_head":"<!-- This site is optimized with the Yoast SEO plugin v27.1.1 - https:\/\/yoast.com\/product\/yoast-seo-wordpress\/ -->\n<title>Summit do Jovem Cooperativista debate sucess\u00e3o familiar e protagonismo da juventude no agroneg\u00f3cio - MaisAgro<\/title>\n<meta name=\"robots\" content=\"index, follow, max-snippet:-1, max-image-preview:large, max-video-preview:-1\" \/>\n<link rel=\"canonical\" href=\"https:\/\/portalmaisagro.com\/?p=5886\" \/>\n<meta property=\"og:locale\" content=\"pt_BR\" \/>\n<meta property=\"og:type\" content=\"article\" \/>\n<meta property=\"og:title\" content=\"Summit do Jovem Cooperativista debate sucess\u00e3o familiar e protagonismo da juventude no agroneg\u00f3cio - MaisAgro\" \/>\n<meta property=\"og:description\" content=\"O encontro ocorreu na Arena Agrodigital e reuniu jovens ligados ao meio rural A programa\u00e7\u00e3o da Expodireto Cotrijal 2026 contou, nesta quinta-feira (12), com a realiza\u00e7\u00e3o do Summit do Jovem Cooperativista, evento voltado ao fortalecimento da participa\u00e7\u00e3o da juventude no agroneg\u00f3cio. Pela primeira vez, a Arena Agrodigital recebeu o encontro,&hellip;\" \/>\n<meta property=\"og:url\" content=\"https:\/\/portalmaisagro.com\/?p=5886\" \/>\n<meta property=\"og:site_name\" content=\"MaisAgro\" \/>\n<meta property=\"article:publisher\" content=\"https:\/\/www.facebook.com\/maisagroportal\" \/>\n<meta property=\"article:published_time\" content=\"2026-03-13T17:20:34+00:00\" \/>\n<meta property=\"og:image\" content=\"https:\/\/portalmaisagro.com\/wp-content\/uploads\/2026\/03\/palestrante_1773353602563-scaled.jpg\" \/>\n\t<meta property=\"og:image:width\" content=\"2560\" \/>\n\t<meta property=\"og:image:height\" content=\"1707\" \/>\n\t<meta property=\"og:image:type\" content=\"image\/jpeg\" \/>\n<meta name=\"author\" content=\"Taiane do Carmo\" \/>\n<meta name=\"twitter:card\" content=\"summary_large_image\" \/>\n<meta name=\"twitter:label1\" content=\"Escrito por\" \/>\n\t<meta name=\"twitter:data1\" content=\"Taiane do Carmo\" \/>\n\t<meta name=\"twitter:label2\" content=\"Est. tempo de leitura\" \/>\n\t<meta name=\"twitter:data2\" content=\"2 minutos\" \/>\n<script type=\"application\/ld+json\" class=\"yoast-schema-graph\">{\"@context\":\"https:\/\/schema.org\",\"@graph\":[{\"@type\":\"Article\",\"@id\":\"https:\/\/portalmaisagro.com\/?p=5886#article\",\"isPartOf\":{\"@id\":\"https:\/\/portalmaisagro.com\/?p=5886\"},\"author\":{\"name\":\"Taiane do Carmo\",\"@id\":\"https:\/\/portalmaisagro.com\/#\/schema\/person\/ade0f16b5a3434e1ec47b1fbdb9b9318\"},\"headline\":\"Summit do Jovem Cooperativista debate sucess\u00e3o familiar e protagonismo da juventude no agroneg\u00f3cio\",\"datePublished\":\"2026-03-13T17:20:34+00:00\",\"mainEntityOfPage\":{\"@id\":\"https:\/\/portalmaisagro.com\/?p=5886\"},\"wordCount\":498,\"publisher\":{\"@id\":\"https:\/\/portalmaisagro.com\/#organization\"},\"image\":{\"@id\":\"https:\/\/portalmaisagro.com\/?p=5886#primaryimage\"},\"thumbnailUrl\":\"https:\/\/portalmaisagro.com\/wp-content\/uploads\/2026\/03\/palestrante_1773353602563-scaled.jpg\",\"articleSection\":[\"AGRICULTURA FAMILIAR\",\"DESTAQUES\"],\"inLanguage\":\"pt-BR\"},{\"@type\":\"WebPage\",\"@id\":\"https:\/\/portalmaisagro.com\/?p=5886\",\"url\":\"https:\/\/portalmaisagro.com\/?p=5886\",\"name\":\"Summit do Jovem Cooperativista debate sucess\u00e3o familiar e protagonismo da juventude no agroneg\u00f3cio - MaisAgro\",\"isPartOf\":{\"@id\":\"https:\/\/portalmaisagro.com\/#website\"},\"primaryImageOfPage\":{\"@id\":\"https:\/\/portalmaisagro.com\/?p=5886#primaryimage\"},\"image\":{\"@id\":\"https:\/\/portalmaisagro.com\/?p=5886#primaryimage\"},\"thumbnailUrl\":\"https:\/\/portalmaisagro.com\/wp-content\/uploads\/2026\/03\/palestrante_1773353602563-scaled.jpg\",\"datePublished\":\"2026-03-13T17:20:34+00:00\",\"breadcrumb\":{\"@id\":\"https:\/\/portalmaisagro.com\/?p=5886#breadcrumb\"},\"inLanguage\":\"pt-BR\",\"potentialAction\":[{\"@type\":\"ReadAction\",\"target\":[\"https:\/\/portalmaisagro.com\/?p=5886\"]}]},{\"@type\":\"ImageObject\",\"inLanguage\":\"pt-BR\",\"@id\":\"https:\/\/portalmaisagro.com\/?p=5886#primaryimage\",\"url\":\"https:\/\/portalmaisagro.com\/wp-content\/uploads\/2026\/03\/palestrante_1773353602563-scaled.jpg\",\"contentUrl\":\"https:\/\/portalmaisagro.com\/wp-content\/uploads\/2026\/03\/palestrante_1773353602563-scaled.jpg\",\"width\":2560,\"height\":1707},{\"@type\":\"BreadcrumbList\",\"@id\":\"https:\/\/portalmaisagro.com\/?p=5886#breadcrumb\",\"itemListElement\":[{\"@type\":\"ListItem\",\"position\":1,\"name\":\"In\u00edcio\",\"item\":\"https:\/\/portalmaisagro.com\/\"},{\"@type\":\"ListItem\",\"position\":2,\"name\":\"Summit do Jovem Cooperativista debate sucess\u00e3o familiar e protagonismo da juventude no agroneg\u00f3cio\"}]},{\"@type\":\"WebSite\",\"@id\":\"https:\/\/portalmaisagro.com\/#website\",\"url\":\"https:\/\/portalmaisagro.com\/\",\"name\":\"MaisAgro\",\"description\":\"O portal do agroneg\u00f3cio\",\"publisher\":{\"@id\":\"https:\/\/portalmaisagro.com\/#organization\"},\"potentialAction\":[{\"@type\":\"SearchAction\",\"target\":{\"@type\":\"EntryPoint\",\"urlTemplate\":\"https:\/\/portalmaisagro.com\/?s={search_term_string}\"},\"query-input\":{\"@type\":\"PropertyValueSpecification\",\"valueRequired\":true,\"valueName\":\"search_term_string\"}}],\"inLanguage\":\"pt-BR\"},{\"@type\":\"Organization\",\"@id\":\"https:\/\/portalmaisagro.com\/#organization\",\"name\":\"MaisAgro\",\"url\":\"https:\/\/portalmaisagro.com\/\",\"logo\":{\"@type\":\"ImageObject\",\"inLanguage\":\"pt-BR\",\"@id\":\"https:\/\/portalmaisagro.com\/#\/schema\/logo\/image\/\",\"url\":\"https:\/\/portalmaisagro.com\/wp-content\/uploads\/2024\/11\/logo_oficial-e1749247575377.png\",\"contentUrl\":\"https:\/\/portalmaisagro.com\/wp-content\/uploads\/2024\/11\/logo_oficial-e1749247575377.png\",\"width\":513,\"height\":107,\"caption\":\"MaisAgro\"},\"image\":{\"@id\":\"https:\/\/portalmaisagro.com\/#\/schema\/logo\/image\/\"},\"sameAs\":[\"https:\/\/www.facebook.com\/maisagroportal\"]},{\"@type\":\"Person\",\"@id\":\"https:\/\/portalmaisagro.com\/#\/schema\/person\/ade0f16b5a3434e1ec47b1fbdb9b9318\",\"name\":\"Taiane do Carmo\",\"image\":{\"@type\":\"ImageObject\",\"inLanguage\":\"pt-BR\",\"@id\":\"https:\/\/portalmaisagro.com\/#\/schema\/person\/image\/640e5d69297d7dd56cc39a10251ad7db\",\"url\":\"https:\/\/portalmaisagro.com\/wp-content\/uploads\/2026\/04\/images.jpeg\",\"contentUrl\":\"https:\/\/portalmaisagro.com\/wp-content\/uploads\/2026\/04\/images.jpeg\",\"caption\":\"Taiane do Carmo\"},\"url\":\"https:\/\/portalmaisagro.com\/?author=10\"}]}<\/script>\n<!-- \/ Yoast SEO plugin. -->","yoast_head_json":{"title":"Summit do Jovem Cooperativista debate sucess\u00e3o familiar e protagonismo da juventude no agroneg\u00f3cio - MaisAgro","robots":{"index":"index","follow":"follow","max-snippet":"max-snippet:-1","max-image-preview":"max-image-preview:large","max-video-preview":"max-video-preview:-1"},"canonical":"https:\/\/portalmaisagro.com\/?p=5886","og_locale":"pt_BR","og_type":"article","og_title":"Summit do Jovem Cooperativista debate sucess\u00e3o familiar e protagonismo da juventude no agroneg\u00f3cio - MaisAgro","og_description":"O encontro ocorreu na Arena Agrodigital e reuniu jovens ligados ao meio rural A programa\u00e7\u00e3o da Expodireto Cotrijal 2026 contou, nesta quinta-feira (12), com a realiza\u00e7\u00e3o do Summit do Jovem Cooperativista, evento voltado ao fortalecimento da participa\u00e7\u00e3o da juventude no agroneg\u00f3cio. Pela primeira vez, a Arena Agrodigital recebeu o encontro,&hellip;","og_url":"https:\/\/portalmaisagro.com\/?p=5886","og_site_name":"MaisAgro","article_publisher":"https:\/\/www.facebook.com\/maisagroportal","article_published_time":"2026-03-13T17:20:34+00:00","og_image":[{"width":2560,"height":1707,"url":"https:\/\/portalmaisagro.com\/wp-content\/uploads\/2026\/03\/palestrante_1773353602563-scaled.jpg","type":"image\/jpeg"}],"author":"Taiane do Carmo","twitter_card":"summary_large_image","twitter_misc":{"Escrito por":"Taiane do Carmo","Est. tempo de leitura":"2 minutos"},"schema":{"@context":"https:\/\/schema.org","@graph":[{"@type":"Article","@id":"https:\/\/portalmaisagro.com\/?p=5886#article","isPartOf":{"@id":"https:\/\/portalmaisagro.com\/?p=5886"},"author":{"name":"Taiane do Carmo","@id":"https:\/\/portalmaisagro.com\/#\/schema\/person\/ade0f16b5a3434e1ec47b1fbdb9b9318"},"headline":"Summit do Jovem Cooperativista debate sucess\u00e3o familiar e protagonismo da juventude no agroneg\u00f3cio","datePublished":"2026-03-13T17:20:34+00:00","mainEntityOfPage":{"@id":"https:\/\/portalmaisagro.com\/?p=5886"},"wordCount":498,"publisher":{"@id":"https:\/\/portalmaisagro.com\/#organization"},"image":{"@id":"https:\/\/portalmaisagro.com\/?p=5886#primaryimage"},"thumbnailUrl":"https:\/\/portalmaisagro.com\/wp-content\/uploads\/2026\/03\/palestrante_1773353602563-scaled.jpg","articleSection":["AGRICULTURA FAMILIAR","DESTAQUES"],"inLanguage":"pt-BR"},{"@type":"WebPage","@id":"https:\/\/portalmaisagro.com\/?p=5886","url":"https:\/\/portalmaisagro.com\/?p=5886","name":"Summit do Jovem Cooperativista debate sucess\u00e3o familiar e protagonismo da juventude no agroneg\u00f3cio - MaisAgro","isPartOf":{"@id":"https:\/\/portalmaisagro.com\/#website"},"primaryImageOfPage":{"@id":"https:\/\/portalmaisagro.com\/?p=5886#primaryimage"},"image":{"@id":"https:\/\/portalmaisagro.com\/?p=5886#primaryimage"},"thumbnailUrl":"https:\/\/portalmaisagro.com\/wp-content\/uploads\/2026\/03\/palestrante_1773353602563-scaled.jpg","datePublished":"2026-03-13T17:20:34+00:00","breadcrumb":{"@id":"https:\/\/portalmaisagro.com\/?p=5886#breadcrumb"},"inLanguage":"pt-BR","potentialAction":[{"@type":"ReadAction","target":["https:\/\/portalmaisagro.com\/?p=5886"]}]},{"@type":"ImageObject","inLanguage":"pt-BR","@id":"https:\/\/portalmaisagro.com\/?p=5886#primaryimage","url":"https:\/\/portalmaisagro.com\/wp-content\/uploads\/2026\/03\/palestrante_1773353602563-scaled.jpg","contentUrl":"https:\/\/portalmaisagro.com\/wp-content\/uploads\/2026\/03\/palestrante_1773353602563-scaled.jpg","width":2560,"height":1707},{"@type":"BreadcrumbList","@id":"https:\/\/portalmaisagro.com\/?p=5886#breadcrumb","itemListElement":[{"@type":"ListItem","position":1,"name":"In\u00edcio","item":"https:\/\/portalmaisagro.com\/"},{"@type":"ListItem","position":2,"name":"Summit do Jovem Cooperativista debate sucess\u00e3o familiar e protagonismo da juventude no agroneg\u00f3cio"}]},{"@type":"WebSite","@id":"https:\/\/portalmaisagro.com\/#website","url":"https:\/\/portalmaisagro.com\/","name":"MaisAgro","description":"O portal do agroneg\u00f3cio","publisher":{"@id":"https:\/\/portalmaisagro.com\/#organization"},"potentialAction":[{"@type":"SearchAction","target":{"@type":"EntryPoint","urlTemplate":"https:\/\/portalmaisagro.com\/?s={search_term_string}"},"query-input":{"@type":"PropertyValueSpecification","valueRequired":true,"valueName":"search_term_string"}}],"inLanguage":"pt-BR"},{"@type":"Organization","@id":"https:\/\/portalmaisagro.com\/#organization","name":"MaisAgro","url":"https:\/\/portalmaisagro.com\/","logo":{"@type":"ImageObject","inLanguage":"pt-BR","@id":"https:\/\/portalmaisagro.com\/#\/schema\/logo\/image\/","url":"https:\/\/portalmaisagro.com\/wp-content\/uploads\/2024\/11\/logo_oficial-e1749247575377.png","contentUrl":"https:\/\/portalmaisagro.com\/wp-content\/uploads\/2024\/11\/logo_oficial-e1749247575377.png","width":513,"height":107,"caption":"MaisAgro"},"image":{"@id":"https:\/\/portalmaisagro.com\/#\/schema\/logo\/image\/"},"sameAs":["https:\/\/www.facebook.com\/maisagroportal"]},{"@type":"Person","@id":"https:\/\/portalmaisagro.com\/#\/schema\/person\/ade0f16b5a3434e1ec47b1fbdb9b9318","name":"Taiane do Carmo","image":{"@type":"ImageObject","inLanguage":"pt-BR","@id":"https:\/\/portalmaisagro.com\/#\/schema\/person\/image\/640e5d69297d7dd56cc39a10251ad7db","url":"https:\/\/portalmaisagro.com\/wp-content\/uploads\/2026\/04\/images.jpeg","contentUrl":"https:\/\/portalmaisagro.com\/wp-content\/uploads\/2026\/04\/images.jpeg","caption":"Taiane do Carmo"},"url":"https:\/\/portalmaisagro.com\/?author=10"}]}},"jetpack_publicize_connections":[],"authors":[],"_links":{"self":[{"href":"https:\/\/portalmaisagro.com\/index.php?rest_route=\/wp\/v2\/posts\/5886","targetHints":{"allow":["GET"]}}],"collection":[{"href":"https:\/\/portalmaisagro.com\/index.php?rest_route=\/wp\/v2\/posts"}],"about":[{"href":"https:\/\/portalmaisagro.com\/index.php?rest_route=\/wp\/v2\/types\/post"}],"author":[{"embeddable":true,"href":"https:\/\/portalmaisagro.com\/index.php?rest_route=\/wp\/v2\/users\/10"}],"replies":[{"embeddable":true,"href":"https:\/\/portalmaisagro.com\/index.php?rest_route=%2Fwp%2Fv2%2Fcomments&post=5886"}],"version-history":[{"count":1,"href":"https:\/\/portalmaisagro.com\/index.php?rest_route=\/wp\/v2\/posts\/5886\/revisions"}],"predecessor-version":[{"id":5888,"href":"https:\/\/portalmaisagro.com\/index.php?rest_route=\/wp\/v2\/posts\/5886\/revisions\/5888"}],"wp:featuredmedia":[{"embeddable":true,"href":"https:\/\/portalmaisagro.com\/index.php?rest_route=\/wp\/v2\/media\/5887"}],"wp:attachment":[{"href":"https:\/\/portalmaisagro.com\/index.php?rest_route=%2Fwp%2Fv2%2Fmedia&parent=5886"}],"wp:term":[{"taxonomy":"category","embeddable":true,"href":"https:\/\/portalmaisagro.com\/index.php?rest_route=%2Fwp%2Fv2%2Fcategories&post=5886"},{"taxonomy":"post_tag","embeddable":true,"href":"https:\/\/portalmaisagro.com\/index.php?rest_route=%2Fwp%2Fv2%2Ftags&post=5886"}],"curies":[{"name":"wp","href":"https:\/\/api.w.org\/{rel}","templated":true}]}}