{"id":5882,"date":"2026-03-13T11:42:52","date_gmt":"2026-03-13T14:42:52","guid":{"rendered":"https:\/\/portalmaisagro.com\/?p=5882"},"modified":"2026-03-13T11:43:21","modified_gmt":"2026-03-13T14:43:21","slug":"espaco-da-natureza-aproxima-visitantes-da-biodiversidade-e-da-educacao-ambiental","status":"publish","type":"post","link":"https:\/\/portalmaisagro.com\/?p=5882","title":{"rendered":"Espa\u00e7o da Natureza aproxima visitantes da biodiversidade e da educa\u00e7\u00e3o ambiental"},"content":{"rendered":"<p style=\"text-align: justify\"><em>Espa\u00e7o re\u00fane visita\u00e7\u00e3o, apresenta\u00e7\u00f5es educativas e bosques nativos para aproximar o p\u00fablico da natureza<\/em><\/p>\n<p style=\"text-align: justify\">A valoriza\u00e7\u00e3o da biodiversidade e a educa\u00e7\u00e3o ambiental s\u00e3o os grandes objetivos do Espa\u00e7o da Natureza, espa\u00e7o que atrai milhares de visitantes na 26\u00aa Expodireto Cotrijal. Entre os destaques, est\u00e3o a exposi\u00e7\u00e3o de animais, locais de contato com o meio ambiente e apresenta\u00e7\u00f5es teatrais. Ao todo, s\u00e3o 11 hectares de \u00e1rea divididos entre a Casa do Meio Ambiente, o Anfiteatro e o Projeto Bosques Ga\u00fachos.<\/p>\n<p style=\"text-align: justify\">A principal atra\u00e7\u00e3o da casa da natureza s\u00e3o os animais da ONG Primaves. No ano passado, Cotrijal e Primaves trouxeram pela primeira vez esp\u00e9cies de serpentes e outros animais para a feira, o que foi um grande sucesso. Nesta edi\u00e7\u00e3o, a exposi\u00e7\u00e3o retornou com mais algumas novidades, como a presen\u00e7a dos axolotes (ambystoma mexicanum), anf\u00edbios naturais do M\u00e9xico.<\/p>\n<p style=\"text-align: justify\">A exibi\u00e7\u00e3o conta tamb\u00e9m com serpentes, tartarugas, jabutis, lagartos e quel\u00f4nios, e justamente por isso recebeu o nome de \u201co fascinante mundo dos r\u00e9pteis, serpentes, quel\u00f4nios, lagartos e outros animais fascinantes\u201d. O Primaves \u00e9 um centro de acolhimento animal de Passo Fundo que resgata animais silvestres oriundos de tr\u00e1fico que n\u00e3o t\u00eam condi\u00e7\u00f5es de retornar para a natureza.<\/p>\n<p style=\"text-align: justify\"><strong>Anfiteatro e Bosque<\/strong><\/p>\n<p style=\"text-align: justify\">O Anfiteatro da Natureza \u00e9 um local de apresenta\u00e7\u00f5es l\u00fadicas que exibe informa\u00e7\u00f5es e provoca\u00e7\u00f5es divertidas sobre os cuidados ambientais. S\u00e3o duas apresenta\u00e7\u00f5es teatrais di\u00e1rias, sempre \u00e0s 10h30 e \u00e0s 14h, nesta edi\u00e7\u00e3o com a pe\u00e7a: \u201cO Desafio do Agro\u201d.<\/p>\n<p style=\"text-align: justify\">A maior \u00e1rea do Espa\u00e7o da Natureza pertence ao projeto Bosques Ga\u00fachos, \u00e1rea que contempla os arredores do lago da Expodireto Cotrijal e apresenta as sete regi\u00f5es fitogeogr\u00e1ficas do Rio Grande do Sul. \u201cS\u00e3o bosques nativos preservados h\u00e1 mais de 20 anos no parque e que refor\u00e7am o compromisso da cooperativa com a conserva\u00e7\u00e3o da vegeta\u00e7\u00e3o nativa\u201d, explica Deisi Sebastiani Nicolao, bi\u00f3loga e coordenadora de Meio Ambiente da Cotrijal. Todas as regi\u00f5es e \u00e1rvores s\u00e3o identificadas por placas com nome cient\u00edfico.<\/p>\n<p style=\"text-align: justify\">Al\u00e9m da beleza exposta pela paisagem, o espa\u00e7o tamb\u00e9m proporciona sombra e ar fresco, sendo utilizado por visitantes durante os dias de Expodireto Cotrijal.<\/p>\n<p style=\"text-align: justify\">O casal Zenir e Marta Doneda, agricultores de N\u00e3o-Me-Toque, todo ano visitam o Espa\u00e7o da Natureza. Segundo eles, \u00e9 uma oportunidade \u00fanica para obter conhecimento e levar boas pr\u00e1ticas para a propriedade. \u201cSabemos que a natureza foi muito prejudicada e precisamos assumir a responsabilidade para deixar um ambiente diferente para as pr\u00f3ximas gera\u00e7\u00f5es\u201d, ressalta Zenir. Para Marta, \u201c\u00e9 um legado que a Expodireto Cotrijal deixa para todos que visitam a feira, uma influ\u00eancia positiva de aproxima\u00e7\u00e3o com os animais e a natureza\u201d. Ambos disseram ter gostado do jeito com o qual o teatro aborda aspectos importantes relacionados \u00e0 consci\u00eancia ambiental.<\/p>\n<p style=\"text-align: justify\"><strong>Sustentabilidade<\/strong><\/p>\n<p style=\"text-align: justify\">A Casa Do Meio Ambiente ainda conta com estandes que demonstram projetos e iniciativas de entidades parceiras da Cotrijal na promo\u00e7\u00e3o da sustentabilidade ambiental.<\/p>\n<p style=\"text-align: justify\">O Instituto Nacional de Processamento de Embalagens Vazias (Inpev) \u00e9 respons\u00e1vel por organizar a log\u00edstica reversa e a destina\u00e7\u00e3o ambientalmente correta de embalagens vazias de defensivos agr\u00edcolas, transformando-as em novos produtos ou descartando-as de forma segura.<\/p>\n<p style=\"text-align: justify\">A empresa Qui\u0301mea Intelig\u00eancia Ambiental de Panambi\/RS, h\u00e1 tr\u00eas anos mapeou o parque da Expodireto e fez um diagn\u00f3stico das pr\u00e1ticas sustent\u00e1veis necess\u00e1rias. Neste ano, o objetivo \u00e9 lan\u00e7ar o programa \u201cEcoefici\u00eancia no Agro\u201d, com a entrega de cartilhas aos produtores sobre a regulariza\u00e7\u00e3o das propriedades e como torn\u00e1-las mais ecoeficientes.<\/p>\n<p style=\"text-align: justify\">J\u00e1 o gerenciamento de res\u00edduos \u00e9 feito pela empresa Schuster Assessoria Ambiental que atua diretamente com os respons\u00e1veis pela separa\u00e7\u00e3o do que pode ou n\u00e3o ser reutilizado. Os operadores foram treinados com o objetivo de ser o mais sustent\u00e1vel poss\u00edvel.<\/p>\n<p style=\"text-align: justify\"><em>Por Crystian Carniel | Assessoria Expodireto Cotrijal<\/em><\/p>\n","protected":false},"excerpt":{"rendered":"<p>Espa\u00e7o re\u00fane visita\u00e7\u00e3o, apresenta\u00e7\u00f5es educativas e bosques nativos para aproximar o p\u00fablico da natureza A valoriza\u00e7\u00e3o da biodiversidade e a educa\u00e7\u00e3o ambiental s\u00e3o os grandes objetivos do Espa\u00e7o da Natureza, espa\u00e7o que atrai milhares de visitantes na 26\u00aa Expodireto Cotrijal. Entre os destaques, est\u00e3o a exposi\u00e7\u00e3o de animais, locais de&hellip;<\/p>\n","protected":false},"author":10,"featured_media":5883,"comment_status":"closed","ping_status":"closed","sticky":false,"template":"","format":"standard","meta":{"_crdt_document":"","footnotes":"","jetpack_publicize_message":"","jetpack_publicize_feature_enabled":true,"jetpack_social_post_already_shared":true,"jetpack_social_options":{"image_generator_settings":{"template":"highway","default_image_id":0,"font":"","enabled":false},"version":2}},"categories":[131,230],"tags":[],"class_list":["post-5882","post","type-post","status-publish","format-standard","has-post-thumbnail","hentry","category-destaques","category-feiras-2"],"yoast_head":"<!-- This site is optimized with the Yoast SEO plugin v27.1.1 - https:\/\/yoast.com\/product\/yoast-seo-wordpress\/ -->\n<title>Espa\u00e7o da Natureza aproxima visitantes da biodiversidade e da educa\u00e7\u00e3o ambiental - MaisAgro<\/title>\n<meta name=\"robots\" content=\"index, follow, max-snippet:-1, max-image-preview:large, max-video-preview:-1\" \/>\n<link rel=\"canonical\" href=\"https:\/\/portalmaisagro.com\/?p=5882\" \/>\n<meta property=\"og:locale\" content=\"pt_BR\" \/>\n<meta property=\"og:type\" content=\"article\" \/>\n<meta property=\"og:title\" content=\"Espa\u00e7o da Natureza aproxima visitantes da biodiversidade e da educa\u00e7\u00e3o ambiental - MaisAgro\" \/>\n<meta property=\"og:description\" content=\"Espa\u00e7o re\u00fane visita\u00e7\u00e3o, apresenta\u00e7\u00f5es educativas e bosques nativos para aproximar o p\u00fablico da natureza A valoriza\u00e7\u00e3o da biodiversidade e a educa\u00e7\u00e3o ambiental s\u00e3o os grandes objetivos do Espa\u00e7o da Natureza, espa\u00e7o que atrai milhares de visitantes na 26\u00aa Expodireto Cotrijal. Entre os destaques, est\u00e3o a exposi\u00e7\u00e3o de animais, locais de&hellip;\" \/>\n<meta property=\"og:url\" content=\"https:\/\/portalmaisagro.com\/?p=5882\" \/>\n<meta property=\"og:site_name\" content=\"MaisAgro\" \/>\n<meta property=\"article:publisher\" content=\"https:\/\/www.facebook.com\/maisagroportal\" \/>\n<meta property=\"article:published_time\" content=\"2026-03-13T14:42:52+00:00\" \/>\n<meta property=\"article:modified_time\" content=\"2026-03-13T14:43:21+00:00\" \/>\n<meta property=\"og:image\" content=\"https:\/\/portalmaisagro.com\/wp-content\/uploads\/2026\/03\/natureza_1_1773404154471-scaled.jpg\" \/>\n\t<meta property=\"og:image:width\" content=\"2560\" \/>\n\t<meta property=\"og:image:height\" content=\"1706\" \/>\n\t<meta property=\"og:image:type\" content=\"image\/jpeg\" \/>\n<meta name=\"author\" content=\"Taiane do Carmo\" \/>\n<meta name=\"twitter:card\" content=\"summary_large_image\" \/>\n<meta name=\"twitter:label1\" content=\"Escrito por\" \/>\n\t<meta name=\"twitter:data1\" content=\"Taiane do Carmo\" \/>\n\t<meta name=\"twitter:label2\" content=\"Est. tempo de leitura\" \/>\n\t<meta name=\"twitter:data2\" content=\"3 minutos\" \/>\n<script type=\"application\/ld+json\" class=\"yoast-schema-graph\">{\"@context\":\"https:\/\/schema.org\",\"@graph\":[{\"@type\":\"Article\",\"@id\":\"https:\/\/portalmaisagro.com\/?p=5882#article\",\"isPartOf\":{\"@id\":\"https:\/\/portalmaisagro.com\/?p=5882\"},\"author\":{\"name\":\"Taiane do Carmo\",\"@id\":\"https:\/\/portalmaisagro.com\/#\/schema\/person\/ade0f16b5a3434e1ec47b1fbdb9b9318\"},\"headline\":\"Espa\u00e7o da Natureza aproxima visitantes da biodiversidade e da educa\u00e7\u00e3o ambiental\",\"datePublished\":\"2026-03-13T14:42:52+00:00\",\"dateModified\":\"2026-03-13T14:43:21+00:00\",\"mainEntityOfPage\":{\"@id\":\"https:\/\/portalmaisagro.com\/?p=5882\"},\"wordCount\":690,\"publisher\":{\"@id\":\"https:\/\/portalmaisagro.com\/#organization\"},\"image\":{\"@id\":\"https:\/\/portalmaisagro.com\/?p=5882#primaryimage\"},\"thumbnailUrl\":\"https:\/\/portalmaisagro.com\/wp-content\/uploads\/2026\/03\/natureza_1_1773404154471-scaled.jpg\",\"articleSection\":[\"DESTAQUES\",\"FEIRAS\"],\"inLanguage\":\"pt-BR\"},{\"@type\":\"WebPage\",\"@id\":\"https:\/\/portalmaisagro.com\/?p=5882\",\"url\":\"https:\/\/portalmaisagro.com\/?p=5882\",\"name\":\"Espa\u00e7o da Natureza aproxima visitantes da biodiversidade e da educa\u00e7\u00e3o ambiental - MaisAgro\",\"isPartOf\":{\"@id\":\"https:\/\/portalmaisagro.com\/#website\"},\"primaryImageOfPage\":{\"@id\":\"https:\/\/portalmaisagro.com\/?p=5882#primaryimage\"},\"image\":{\"@id\":\"https:\/\/portalmaisagro.com\/?p=5882#primaryimage\"},\"thumbnailUrl\":\"https:\/\/portalmaisagro.com\/wp-content\/uploads\/2026\/03\/natureza_1_1773404154471-scaled.jpg\",\"datePublished\":\"2026-03-13T14:42:52+00:00\",\"dateModified\":\"2026-03-13T14:43:21+00:00\",\"breadcrumb\":{\"@id\":\"https:\/\/portalmaisagro.com\/?p=5882#breadcrumb\"},\"inLanguage\":\"pt-BR\",\"potentialAction\":[{\"@type\":\"ReadAction\",\"target\":[\"https:\/\/portalmaisagro.com\/?p=5882\"]}]},{\"@type\":\"ImageObject\",\"inLanguage\":\"pt-BR\",\"@id\":\"https:\/\/portalmaisagro.com\/?p=5882#primaryimage\",\"url\":\"https:\/\/portalmaisagro.com\/wp-content\/uploads\/2026\/03\/natureza_1_1773404154471-scaled.jpg\",\"contentUrl\":\"https:\/\/portalmaisagro.com\/wp-content\/uploads\/2026\/03\/natureza_1_1773404154471-scaled.jpg\",\"width\":2560,\"height\":1706},{\"@type\":\"BreadcrumbList\",\"@id\":\"https:\/\/portalmaisagro.com\/?p=5882#breadcrumb\",\"itemListElement\":[{\"@type\":\"ListItem\",\"position\":1,\"name\":\"In\u00edcio\",\"item\":\"https:\/\/portalmaisagro.com\/\"},{\"@type\":\"ListItem\",\"position\":2,\"name\":\"Espa\u00e7o da Natureza aproxima visitantes da biodiversidade e da educa\u00e7\u00e3o ambiental\"}]},{\"@type\":\"WebSite\",\"@id\":\"https:\/\/portalmaisagro.com\/#website\",\"url\":\"https:\/\/portalmaisagro.com\/\",\"name\":\"MaisAgro\",\"description\":\"O portal do agroneg\u00f3cio\",\"publisher\":{\"@id\":\"https:\/\/portalmaisagro.com\/#organization\"},\"potentialAction\":[{\"@type\":\"SearchAction\",\"target\":{\"@type\":\"EntryPoint\",\"urlTemplate\":\"https:\/\/portalmaisagro.com\/?s={search_term_string}\"},\"query-input\":{\"@type\":\"PropertyValueSpecification\",\"valueRequired\":true,\"valueName\":\"search_term_string\"}}],\"inLanguage\":\"pt-BR\"},{\"@type\":\"Organization\",\"@id\":\"https:\/\/portalmaisagro.com\/#organization\",\"name\":\"MaisAgro\",\"url\":\"https:\/\/portalmaisagro.com\/\",\"logo\":{\"@type\":\"ImageObject\",\"inLanguage\":\"pt-BR\",\"@id\":\"https:\/\/portalmaisagro.com\/#\/schema\/logo\/image\/\",\"url\":\"https:\/\/portalmaisagro.com\/wp-content\/uploads\/2024\/11\/logo_oficial-e1749247575377.png\",\"contentUrl\":\"https:\/\/portalmaisagro.com\/wp-content\/uploads\/2024\/11\/logo_oficial-e1749247575377.png\",\"width\":513,\"height\":107,\"caption\":\"MaisAgro\"},\"image\":{\"@id\":\"https:\/\/portalmaisagro.com\/#\/schema\/logo\/image\/\"},\"sameAs\":[\"https:\/\/www.facebook.com\/maisagroportal\"]},{\"@type\":\"Person\",\"@id\":\"https:\/\/portalmaisagro.com\/#\/schema\/person\/ade0f16b5a3434e1ec47b1fbdb9b9318\",\"name\":\"Taiane do Carmo\",\"image\":{\"@type\":\"ImageObject\",\"inLanguage\":\"pt-BR\",\"@id\":\"https:\/\/portalmaisagro.com\/#\/schema\/person\/image\/640e5d69297d7dd56cc39a10251ad7db\",\"url\":\"https:\/\/portalmaisagro.com\/wp-content\/uploads\/2026\/04\/images.jpeg\",\"contentUrl\":\"https:\/\/portalmaisagro.com\/wp-content\/uploads\/2026\/04\/images.jpeg\",\"caption\":\"Taiane do Carmo\"},\"url\":\"https:\/\/portalmaisagro.com\/?author=10\"}]}<\/script>\n<!-- \/ Yoast SEO plugin. -->","yoast_head_json":{"title":"Espa\u00e7o da Natureza aproxima visitantes da biodiversidade e da educa\u00e7\u00e3o ambiental - MaisAgro","robots":{"index":"index","follow":"follow","max-snippet":"max-snippet:-1","max-image-preview":"max-image-preview:large","max-video-preview":"max-video-preview:-1"},"canonical":"https:\/\/portalmaisagro.com\/?p=5882","og_locale":"pt_BR","og_type":"article","og_title":"Espa\u00e7o da Natureza aproxima visitantes da biodiversidade e da educa\u00e7\u00e3o ambiental - MaisAgro","og_description":"Espa\u00e7o re\u00fane visita\u00e7\u00e3o, apresenta\u00e7\u00f5es educativas e bosques nativos para aproximar o p\u00fablico da natureza A valoriza\u00e7\u00e3o da biodiversidade e a educa\u00e7\u00e3o ambiental s\u00e3o os grandes objetivos do Espa\u00e7o da Natureza, espa\u00e7o que atrai milhares de visitantes na 26\u00aa Expodireto Cotrijal. Entre os destaques, est\u00e3o a exposi\u00e7\u00e3o de animais, locais de&hellip;","og_url":"https:\/\/portalmaisagro.com\/?p=5882","og_site_name":"MaisAgro","article_publisher":"https:\/\/www.facebook.com\/maisagroportal","article_published_time":"2026-03-13T14:42:52+00:00","article_modified_time":"2026-03-13T14:43:21+00:00","og_image":[{"width":2560,"height":1706,"url":"https:\/\/portalmaisagro.com\/wp-content\/uploads\/2026\/03\/natureza_1_1773404154471-scaled.jpg","type":"image\/jpeg"}],"author":"Taiane do Carmo","twitter_card":"summary_large_image","twitter_misc":{"Escrito por":"Taiane do Carmo","Est. tempo de leitura":"3 minutos"},"schema":{"@context":"https:\/\/schema.org","@graph":[{"@type":"Article","@id":"https:\/\/portalmaisagro.com\/?p=5882#article","isPartOf":{"@id":"https:\/\/portalmaisagro.com\/?p=5882"},"author":{"name":"Taiane do Carmo","@id":"https:\/\/portalmaisagro.com\/#\/schema\/person\/ade0f16b5a3434e1ec47b1fbdb9b9318"},"headline":"Espa\u00e7o da Natureza aproxima visitantes da biodiversidade e da educa\u00e7\u00e3o ambiental","datePublished":"2026-03-13T14:42:52+00:00","dateModified":"2026-03-13T14:43:21+00:00","mainEntityOfPage":{"@id":"https:\/\/portalmaisagro.com\/?p=5882"},"wordCount":690,"publisher":{"@id":"https:\/\/portalmaisagro.com\/#organization"},"image":{"@id":"https:\/\/portalmaisagro.com\/?p=5882#primaryimage"},"thumbnailUrl":"https:\/\/portalmaisagro.com\/wp-content\/uploads\/2026\/03\/natureza_1_1773404154471-scaled.jpg","articleSection":["DESTAQUES","FEIRAS"],"inLanguage":"pt-BR"},{"@type":"WebPage","@id":"https:\/\/portalmaisagro.com\/?p=5882","url":"https:\/\/portalmaisagro.com\/?p=5882","name":"Espa\u00e7o da Natureza aproxima visitantes da biodiversidade e da educa\u00e7\u00e3o ambiental - MaisAgro","isPartOf":{"@id":"https:\/\/portalmaisagro.com\/#website"},"primaryImageOfPage":{"@id":"https:\/\/portalmaisagro.com\/?p=5882#primaryimage"},"image":{"@id":"https:\/\/portalmaisagro.com\/?p=5882#primaryimage"},"thumbnailUrl":"https:\/\/portalmaisagro.com\/wp-content\/uploads\/2026\/03\/natureza_1_1773404154471-scaled.jpg","datePublished":"2026-03-13T14:42:52+00:00","dateModified":"2026-03-13T14:43:21+00:00","breadcrumb":{"@id":"https:\/\/portalmaisagro.com\/?p=5882#breadcrumb"},"inLanguage":"pt-BR","potentialAction":[{"@type":"ReadAction","target":["https:\/\/portalmaisagro.com\/?p=5882"]}]},{"@type":"ImageObject","inLanguage":"pt-BR","@id":"https:\/\/portalmaisagro.com\/?p=5882#primaryimage","url":"https:\/\/portalmaisagro.com\/wp-content\/uploads\/2026\/03\/natureza_1_1773404154471-scaled.jpg","contentUrl":"https:\/\/portalmaisagro.com\/wp-content\/uploads\/2026\/03\/natureza_1_1773404154471-scaled.jpg","width":2560,"height":1706},{"@type":"BreadcrumbList","@id":"https:\/\/portalmaisagro.com\/?p=5882#breadcrumb","itemListElement":[{"@type":"ListItem","position":1,"name":"In\u00edcio","item":"https:\/\/portalmaisagro.com\/"},{"@type":"ListItem","position":2,"name":"Espa\u00e7o da Natureza aproxima visitantes da biodiversidade e da educa\u00e7\u00e3o ambiental"}]},{"@type":"WebSite","@id":"https:\/\/portalmaisagro.com\/#website","url":"https:\/\/portalmaisagro.com\/","name":"MaisAgro","description":"O portal do agroneg\u00f3cio","publisher":{"@id":"https:\/\/portalmaisagro.com\/#organization"},"potentialAction":[{"@type":"SearchAction","target":{"@type":"EntryPoint","urlTemplate":"https:\/\/portalmaisagro.com\/?s={search_term_string}"},"query-input":{"@type":"PropertyValueSpecification","valueRequired":true,"valueName":"search_term_string"}}],"inLanguage":"pt-BR"},{"@type":"Organization","@id":"https:\/\/portalmaisagro.com\/#organization","name":"MaisAgro","url":"https:\/\/portalmaisagro.com\/","logo":{"@type":"ImageObject","inLanguage":"pt-BR","@id":"https:\/\/portalmaisagro.com\/#\/schema\/logo\/image\/","url":"https:\/\/portalmaisagro.com\/wp-content\/uploads\/2024\/11\/logo_oficial-e1749247575377.png","contentUrl":"https:\/\/portalmaisagro.com\/wp-content\/uploads\/2024\/11\/logo_oficial-e1749247575377.png","width":513,"height":107,"caption":"MaisAgro"},"image":{"@id":"https:\/\/portalmaisagro.com\/#\/schema\/logo\/image\/"},"sameAs":["https:\/\/www.facebook.com\/maisagroportal"]},{"@type":"Person","@id":"https:\/\/portalmaisagro.com\/#\/schema\/person\/ade0f16b5a3434e1ec47b1fbdb9b9318","name":"Taiane do Carmo","image":{"@type":"ImageObject","inLanguage":"pt-BR","@id":"https:\/\/portalmaisagro.com\/#\/schema\/person\/image\/640e5d69297d7dd56cc39a10251ad7db","url":"https:\/\/portalmaisagro.com\/wp-content\/uploads\/2026\/04\/images.jpeg","contentUrl":"https:\/\/portalmaisagro.com\/wp-content\/uploads\/2026\/04\/images.jpeg","caption":"Taiane do Carmo"},"url":"https:\/\/portalmaisagro.com\/?author=10"}]}},"jetpack_publicize_connections":[],"authors":[],"_links":{"self":[{"href":"https:\/\/portalmaisagro.com\/index.php?rest_route=\/wp\/v2\/posts\/5882","targetHints":{"allow":["GET"]}}],"collection":[{"href":"https:\/\/portalmaisagro.com\/index.php?rest_route=\/wp\/v2\/posts"}],"about":[{"href":"https:\/\/portalmaisagro.com\/index.php?rest_route=\/wp\/v2\/types\/post"}],"author":[{"embeddable":true,"href":"https:\/\/portalmaisagro.com\/index.php?rest_route=\/wp\/v2\/users\/10"}],"replies":[{"embeddable":true,"href":"https:\/\/portalmaisagro.com\/index.php?rest_route=%2Fwp%2Fv2%2Fcomments&post=5882"}],"version-history":[{"count":2,"href":"https:\/\/portalmaisagro.com\/index.php?rest_route=\/wp\/v2\/posts\/5882\/revisions"}],"predecessor-version":[{"id":5885,"href":"https:\/\/portalmaisagro.com\/index.php?rest_route=\/wp\/v2\/posts\/5882\/revisions\/5885"}],"wp:featuredmedia":[{"embeddable":true,"href":"https:\/\/portalmaisagro.com\/index.php?rest_route=\/wp\/v2\/media\/5883"}],"wp:attachment":[{"href":"https:\/\/portalmaisagro.com\/index.php?rest_route=%2Fwp%2Fv2%2Fmedia&parent=5882"}],"wp:term":[{"taxonomy":"category","embeddable":true,"href":"https:\/\/portalmaisagro.com\/index.php?rest_route=%2Fwp%2Fv2%2Fcategories&post=5882"},{"taxonomy":"post_tag","embeddable":true,"href":"https:\/\/portalmaisagro.com\/index.php?rest_route=%2Fwp%2Fv2%2Ftags&post=5882"}],"curies":[{"name":"wp","href":"https:\/\/api.w.org\/{rel}","templated":true}]}}