{"id":5867,"date":"2026-03-13T10:38:22","date_gmt":"2026-03-13T13:38:22","guid":{"rendered":"https:\/\/portalmaisagro.com\/?p=5867"},"modified":"2026-03-13T10:38:22","modified_gmt":"2026-03-13T13:38:22","slug":"rondonia-busca-viabilizar-producao-de-suinos-com-foco-em-mercado-e-exportacao","status":"publish","type":"post","link":"https:\/\/portalmaisagro.com\/?p=5867","title":{"rendered":"Rond\u00f4nia busca viabilizar produ\u00e7\u00e3o de su\u00ednos com foco em mercado e exporta\u00e7\u00e3o"},"content":{"rendered":"<p style=\"text-align: justify\"><em>Rond\u00f4nia desponta como \u00e1rea promissora para produ\u00e7\u00e3o de su\u00edno<\/em><\/p>\n<p style=\"text-align: justify\">Uma visita t\u00e9cnica ao frigor\u00edfico Dom Porquito Agroindustrial, em Brasil\u00e9ia (AC), abriu novas perspectivas para o fortalecimento da cadeia produtiva de su\u00ednos em Rond\u00f4nia. A agenda, realizada em 9 de mar\u00e7o, reuniu produtores, lideran\u00e7as institucionais e representantes do setor p\u00fablico e financeiro interessados em avaliar oportunidades de produ\u00e7\u00e3o e integra\u00e7\u00e3o com a ind\u00fastria acreana.<\/p>\n<p style=\"text-align: justify\">A comitiva foi recebida pelo diretor de produ\u00e7\u00e3o da Dom Porquito, Luiz Fernando, que apresentou a estrutura da agroind\u00fastria, incluindo a f\u00e1brica de ra\u00e7\u00e3o e a matriz de su\u00ednos do grupo. A empresa acreana possui certifica\u00e7\u00e3o do Servi\u00e7o de Inspe\u00e7\u00e3o Federal (SIF) e atualmente exporta cortes e embutidos su\u00ednos para cinco pa\u00edses, entre eles a China, com perspectivas de ampliar os mercados para Jap\u00e3o e Chile, que j\u00e1 est\u00e3o em processo de auditoria.<\/p>\n<p style=\"text-align: justify\">Segundo Luiz Fernando, a empresa conta com cerca de duas mil matrizes, fornecendo leit\u00f5es para produtores acreanos realizarem a fase de termina\u00e7\u00e3o, etapa final da cria\u00e7\u00e3o antes do abate. A ind\u00fastria tamb\u00e9m conta com uma f\u00e1brica de ra\u00e7\u00e3o que produz cerca de 90% dos insumos utilizados, incluindo milho, soja e farinha de carne. Atualmente o frigor\u00edfico realiza o abate de 360 su\u00ednos por dia provenientes do Acre e mais 100 animais vindos do Mato Grosso, totalizando cerca de 460 animais\/dia. No entanto, a capacidade instalada \u00e9 de 600 animais por turno, com a meta de iniciar dois turnos e alcan\u00e7ar 1.200 abates di\u00e1rios.<\/p>\n<p style=\"text-align: justify\"><strong>Incentivo \u00e0 cadeia produtiva de su\u00ednos<\/strong><\/p>\n<p style=\"text-align: justify\">De acordo com Luiz Cl\u00e1udio, a visita teve como objetivo avaliar a viabilidade de Rond\u00f4nia integrar essa cadeia produtiva, principalmente na regi\u00e3o de Ponta do Abun\u00e3, devido \u00e0 proximidade log\u00edstica com Brasileia, o que pode reduzir custos de transporte. \u201cO interesse \u00e9 incentivar a cadeia produtiva de su\u00ednos em Rond\u00f4nia. O estado tem potencial para produzir ra\u00e7\u00e3o. Nova Mamor\u00e9, por exemplo, j\u00e1 possui produ\u00e7\u00e3o de milho e soja, o que fortalece a viabilidade do projeto\u201d, destacou o presidente da Emater-RO.<\/p>\n<p style=\"text-align: justify\">A proposta prev\u00ea que produtores invistam na estrutura das granjas, com apoio t\u00e9cnico da Emater-RO e acesso a linhas de cr\u00e9dito mais acess\u00edveis. Segundo Luiz Cl\u00e1udio, j\u00e1 existe perspectiva de financiamento pelo Banco da Amaz\u00f4nia, o que pode viabilizar a implanta\u00e7\u00e3o da atividade. A institui\u00e7\u00e3o tamb\u00e9m est\u00e1 destinando um profissional para coordenar a iniciativa na regi\u00e3o de Ponta do Abun\u00e3, acompanhando produtores interessados em aderir ao projeto.<\/p>\n<p style=\"text-align: justify\">Outro ponto observado durante a visita foi o retorno econ\u00f4mico da atividade. Segundo informa\u00e7\u00f5es apresentadas pela ind\u00fastria, produtores acreanos obt\u00eam atualmente retorno l\u00edquido m\u00e9dio de cerca de R$ 100 por animal, o que representa uma margem atrativa. Para ampliar a competitividade do projeto, Luiz Cl\u00e1udio tamb\u00e9m defende a redu\u00e7\u00e3o da al\u00edquota para comercializa\u00e7\u00e3o de su\u00ednos vivos entre Rond\u00f4nia e Acre, que hoje gira em torno de 12%. \u201cVamos apresentar ao Governo do Estado, por meio da Secretaria de Finan\u00e7as, uma redu\u00e7\u00e3o para 3% a 4%, semelhante ao modelo adotado pelo Mato Grosso\u201d, explica o presidente da Emater-RO.<\/p>\n<p style=\"text-align: justify\"><strong>Parcerias p\u00fablico-privada<\/strong><\/p>\n<p style=\"text-align: justify\">O Minist\u00e9rio da Agricultura tamb\u00e9m dever\u00e1 ter papel estrat\u00e9gico na iniciativa. Segundo Luiz Cl\u00e1udio, a participa\u00e7\u00e3o do superintendente \u00canio Milani \u00e9 fundamental para apoiar o projeto industrial e futuros processos de certifica\u00e7\u00e3o. \u201cO Minist\u00e9rio ser\u00e1 um parceiro importante na an\u00e1lise da planta industrial e na certifica\u00e7\u00e3o do SIF internacional, o que poder\u00e1 colocar Rond\u00f4nia futuramente entre os exportadores de carne su\u00edna\u201d, ressaltou.<\/p>\n<p style=\"text-align: justify\">Al\u00e9m da regi\u00e3o de Ponta do Abun\u00e3, o Cone Sul de Rond\u00f4nia tamb\u00e9m desponta como \u00e1rea promissora, por contar com produtores que j\u00e1 possuem tradi\u00e7\u00e3o na cria\u00e7\u00e3o de su\u00ednos e produ\u00e7\u00e3o de gr\u00e3os e t\u00eam interesse em investir mais nesse segmento. A estrat\u00e9gia inicial prev\u00ea a produ\u00e7\u00e3o de leit\u00f5es e posteriormente a fase de termina\u00e7\u00e3o, atendendo inicialmente a demanda da ind\u00fastria acreana.<\/p>\n<p style=\"text-align: justify\">No m\u00e9dio prazo, o projeto busca viabilizar a instala\u00e7\u00e3o de uma ind\u00fastria frigor\u00edfica em Rond\u00f4nia, com abate e processamento no pr\u00f3prio estado. \u201cA nossa vis\u00e3o, alinhada com o governador Marcos Rocha, \u00e9 incentivar produtores e investidores interessados, inclusive por meio de parcerias p\u00fablico-privadas, para consolidar a cadeia produtiva de su\u00ednos em Rond\u00f4nia e ampliar as oportunidades de renda para produtores rurais, especialmente da agricultura familiar\u201d, concluiu Luiz Cl\u00e1udio.<\/p>\n<p style=\"text-align: justify\">Para o governador Marcos Rocha, Rond\u00f4nia tem grande potencial para ampliar sua produ\u00e7\u00e3o agropecu\u00e1ria e fortalecer novas cadeias produtivas. \u201cIniciativas como essa mostram que, com organiza\u00e7\u00e3o, parceria e apoio t\u00e9cnico, podemos gerar mais oportunidades de renda para os produtores e fortalecer a economia do estado\u201d, destacou.<\/p>\n<p style=\"text-align: justify\">A comitiva foi coordenada pelo diretor-presidente da Entidade Aut\u00e1rquica de Assist\u00eancia T\u00e9cnica e Extens\u00e3o Rural (Emater-RO), Luiz Cl\u00e1udio Pereira Alves, juntamente com o superintendente do Minist\u00e9rio da Agricultura (MAPA), \u00canio Milani. Tamb\u00e9m participaram da visita os produtores rurais do Cone Sul rondoniense Jair Gollo, Eloir Moretti e Volmir Paludo, al\u00e9m do t\u00e9cnico da Emater-RO Luiz Alberto Beghelli de Freitas, respons\u00e1vel pelo projeto de suinocultura na Emater-RO.<\/p>\n<p style=\"text-align: justify\">Representando o setor financeiro e institucional estiveram presentes Ivan Capra, presidente do Conselho de Administra\u00e7\u00e3o do Sicoob Credisul, Vilmar Sa\u00fago, diretor executivo da cooperativa, e o prefeito de Cerejeiras, Sin\u00e9zio Jos\u00e9.<\/p>\n","protected":false},"excerpt":{"rendered":"<p>Rond\u00f4nia desponta como \u00e1rea promissora para produ\u00e7\u00e3o de su\u00edno Uma visita t\u00e9cnica ao frigor\u00edfico Dom Porquito Agroindustrial, em Brasil\u00e9ia (AC), abriu novas perspectivas para o fortalecimento da cadeia produtiva de su\u00ednos em Rond\u00f4nia. A agenda, realizada em 9 de mar\u00e7o, reuniu produtores, lideran\u00e7as institucionais e representantes do setor p\u00fablico e&hellip;<\/p>\n","protected":false},"author":10,"featured_media":5868,"comment_status":"closed","ping_status":"closed","sticky":false,"template":"","format":"standard","meta":{"_crdt_document":"","footnotes":"","jetpack_publicize_message":"","jetpack_publicize_feature_enabled":true,"jetpack_social_post_already_shared":true,"jetpack_social_options":{"image_generator_settings":{"template":"highway","default_image_id":0,"font":"","enabled":false},"version":2}},"categories":[131,42],"tags":[],"class_list":["post-5867","post","type-post","status-publish","format-standard","has-post-thumbnail","hentry","category-destaques","category-suinos"],"yoast_head":"<!-- This site is optimized with the Yoast SEO plugin v27.1.1 - https:\/\/yoast.com\/product\/yoast-seo-wordpress\/ -->\n<title>Rond\u00f4nia busca viabilizar produ\u00e7\u00e3o de su\u00ednos com foco em mercado e exporta\u00e7\u00e3o - MaisAgro<\/title>\n<meta name=\"robots\" content=\"index, follow, max-snippet:-1, max-image-preview:large, max-video-preview:-1\" \/>\n<link rel=\"canonical\" href=\"https:\/\/portalmaisagro.com\/?p=5867\" \/>\n<meta property=\"og:locale\" content=\"pt_BR\" \/>\n<meta property=\"og:type\" content=\"article\" \/>\n<meta property=\"og:title\" content=\"Rond\u00f4nia busca viabilizar produ\u00e7\u00e3o de su\u00ednos com foco em mercado e exporta\u00e7\u00e3o - MaisAgro\" \/>\n<meta property=\"og:description\" content=\"Rond\u00f4nia desponta como \u00e1rea promissora para produ\u00e7\u00e3o de su\u00edno Uma visita t\u00e9cnica ao frigor\u00edfico Dom Porquito Agroindustrial, em Brasil\u00e9ia (AC), abriu novas perspectivas para o fortalecimento da cadeia produtiva de su\u00ednos em Rond\u00f4nia. A agenda, realizada em 9 de mar\u00e7o, reuniu produtores, lideran\u00e7as institucionais e representantes do setor p\u00fablico e&hellip;\" \/>\n<meta property=\"og:url\" content=\"https:\/\/portalmaisagro.com\/?p=5867\" \/>\n<meta property=\"og:site_name\" content=\"MaisAgro\" \/>\n<meta property=\"article:publisher\" content=\"https:\/\/www.facebook.com\/maisagroportal\" \/>\n<meta property=\"article:published_time\" content=\"2026-03-13T13:38:22+00:00\" \/>\n<meta property=\"og:image\" content=\"https:\/\/portalmaisagro.com\/wp-content\/uploads\/2026\/03\/20260312suinosirenemendes41024x640.jpg\" \/>\n\t<meta property=\"og:image:width\" content=\"995\" \/>\n\t<meta property=\"og:image:height\" content=\"621\" \/>\n\t<meta property=\"og:image:type\" content=\"image\/jpeg\" \/>\n<meta name=\"author\" content=\"Taiane do Carmo\" \/>\n<meta name=\"twitter:card\" content=\"summary_large_image\" \/>\n<meta name=\"twitter:label1\" content=\"Escrito por\" \/>\n\t<meta name=\"twitter:data1\" content=\"Taiane do Carmo\" \/>\n\t<meta name=\"twitter:label2\" content=\"Est. tempo de leitura\" \/>\n\t<meta name=\"twitter:data2\" content=\"5 minutos\" \/>\n<script type=\"application\/ld+json\" class=\"yoast-schema-graph\">{\"@context\":\"https:\/\/schema.org\",\"@graph\":[{\"@type\":\"Article\",\"@id\":\"https:\/\/portalmaisagro.com\/?p=5867#article\",\"isPartOf\":{\"@id\":\"https:\/\/portalmaisagro.com\/?p=5867\"},\"author\":{\"name\":\"Taiane do Carmo\",\"@id\":\"https:\/\/portalmaisagro.com\/#\/schema\/person\/ade0f16b5a3434e1ec47b1fbdb9b9318\"},\"headline\":\"Rond\u00f4nia busca viabilizar produ\u00e7\u00e3o de su\u00ednos com foco em mercado e exporta\u00e7\u00e3o\",\"datePublished\":\"2026-03-13T13:38:22+00:00\",\"mainEntityOfPage\":{\"@id\":\"https:\/\/portalmaisagro.com\/?p=5867\"},\"wordCount\":952,\"publisher\":{\"@id\":\"https:\/\/portalmaisagro.com\/#organization\"},\"image\":{\"@id\":\"https:\/\/portalmaisagro.com\/?p=5867#primaryimage\"},\"thumbnailUrl\":\"https:\/\/portalmaisagro.com\/wp-content\/uploads\/2026\/03\/20260312suinosirenemendes41024x640.jpg\",\"articleSection\":[\"DESTAQUES\",\"SU\u00cdNOS\"],\"inLanguage\":\"pt-BR\"},{\"@type\":\"WebPage\",\"@id\":\"https:\/\/portalmaisagro.com\/?p=5867\",\"url\":\"https:\/\/portalmaisagro.com\/?p=5867\",\"name\":\"Rond\u00f4nia busca viabilizar produ\u00e7\u00e3o de su\u00ednos com foco em mercado e exporta\u00e7\u00e3o - MaisAgro\",\"isPartOf\":{\"@id\":\"https:\/\/portalmaisagro.com\/#website\"},\"primaryImageOfPage\":{\"@id\":\"https:\/\/portalmaisagro.com\/?p=5867#primaryimage\"},\"image\":{\"@id\":\"https:\/\/portalmaisagro.com\/?p=5867#primaryimage\"},\"thumbnailUrl\":\"https:\/\/portalmaisagro.com\/wp-content\/uploads\/2026\/03\/20260312suinosirenemendes41024x640.jpg\",\"datePublished\":\"2026-03-13T13:38:22+00:00\",\"breadcrumb\":{\"@id\":\"https:\/\/portalmaisagro.com\/?p=5867#breadcrumb\"},\"inLanguage\":\"pt-BR\",\"potentialAction\":[{\"@type\":\"ReadAction\",\"target\":[\"https:\/\/portalmaisagro.com\/?p=5867\"]}]},{\"@type\":\"ImageObject\",\"inLanguage\":\"pt-BR\",\"@id\":\"https:\/\/portalmaisagro.com\/?p=5867#primaryimage\",\"url\":\"https:\/\/portalmaisagro.com\/wp-content\/uploads\/2026\/03\/20260312suinosirenemendes41024x640.jpg\",\"contentUrl\":\"https:\/\/portalmaisagro.com\/wp-content\/uploads\/2026\/03\/20260312suinosirenemendes41024x640.jpg\",\"width\":995,\"height\":621},{\"@type\":\"BreadcrumbList\",\"@id\":\"https:\/\/portalmaisagro.com\/?p=5867#breadcrumb\",\"itemListElement\":[{\"@type\":\"ListItem\",\"position\":1,\"name\":\"In\u00edcio\",\"item\":\"https:\/\/portalmaisagro.com\/\"},{\"@type\":\"ListItem\",\"position\":2,\"name\":\"Rond\u00f4nia busca viabilizar produ\u00e7\u00e3o de su\u00ednos com foco em mercado e exporta\u00e7\u00e3o\"}]},{\"@type\":\"WebSite\",\"@id\":\"https:\/\/portalmaisagro.com\/#website\",\"url\":\"https:\/\/portalmaisagro.com\/\",\"name\":\"MaisAgro\",\"description\":\"O portal do agroneg\u00f3cio\",\"publisher\":{\"@id\":\"https:\/\/portalmaisagro.com\/#organization\"},\"potentialAction\":[{\"@type\":\"SearchAction\",\"target\":{\"@type\":\"EntryPoint\",\"urlTemplate\":\"https:\/\/portalmaisagro.com\/?s={search_term_string}\"},\"query-input\":{\"@type\":\"PropertyValueSpecification\",\"valueRequired\":true,\"valueName\":\"search_term_string\"}}],\"inLanguage\":\"pt-BR\"},{\"@type\":\"Organization\",\"@id\":\"https:\/\/portalmaisagro.com\/#organization\",\"name\":\"MaisAgro\",\"url\":\"https:\/\/portalmaisagro.com\/\",\"logo\":{\"@type\":\"ImageObject\",\"inLanguage\":\"pt-BR\",\"@id\":\"https:\/\/portalmaisagro.com\/#\/schema\/logo\/image\/\",\"url\":\"https:\/\/portalmaisagro.com\/wp-content\/uploads\/2024\/11\/logo_oficial-e1749247575377.png\",\"contentUrl\":\"https:\/\/portalmaisagro.com\/wp-content\/uploads\/2024\/11\/logo_oficial-e1749247575377.png\",\"width\":513,\"height\":107,\"caption\":\"MaisAgro\"},\"image\":{\"@id\":\"https:\/\/portalmaisagro.com\/#\/schema\/logo\/image\/\"},\"sameAs\":[\"https:\/\/www.facebook.com\/maisagroportal\"]},{\"@type\":\"Person\",\"@id\":\"https:\/\/portalmaisagro.com\/#\/schema\/person\/ade0f16b5a3434e1ec47b1fbdb9b9318\",\"name\":\"Taiane do Carmo\",\"image\":{\"@type\":\"ImageObject\",\"inLanguage\":\"pt-BR\",\"@id\":\"https:\/\/portalmaisagro.com\/#\/schema\/person\/image\/640e5d69297d7dd56cc39a10251ad7db\",\"url\":\"https:\/\/portalmaisagro.com\/wp-content\/uploads\/2026\/04\/images.jpeg\",\"contentUrl\":\"https:\/\/portalmaisagro.com\/wp-content\/uploads\/2026\/04\/images.jpeg\",\"caption\":\"Taiane do Carmo\"},\"url\":\"https:\/\/portalmaisagro.com\/?author=10\"}]}<\/script>\n<!-- \/ Yoast SEO plugin. -->","yoast_head_json":{"title":"Rond\u00f4nia busca viabilizar produ\u00e7\u00e3o de su\u00ednos com foco em mercado e exporta\u00e7\u00e3o - MaisAgro","robots":{"index":"index","follow":"follow","max-snippet":"max-snippet:-1","max-image-preview":"max-image-preview:large","max-video-preview":"max-video-preview:-1"},"canonical":"https:\/\/portalmaisagro.com\/?p=5867","og_locale":"pt_BR","og_type":"article","og_title":"Rond\u00f4nia busca viabilizar produ\u00e7\u00e3o de su\u00ednos com foco em mercado e exporta\u00e7\u00e3o - MaisAgro","og_description":"Rond\u00f4nia desponta como \u00e1rea promissora para produ\u00e7\u00e3o de su\u00edno Uma visita t\u00e9cnica ao frigor\u00edfico Dom Porquito Agroindustrial, em Brasil\u00e9ia (AC), abriu novas perspectivas para o fortalecimento da cadeia produtiva de su\u00ednos em Rond\u00f4nia. A agenda, realizada em 9 de mar\u00e7o, reuniu produtores, lideran\u00e7as institucionais e representantes do setor p\u00fablico e&hellip;","og_url":"https:\/\/portalmaisagro.com\/?p=5867","og_site_name":"MaisAgro","article_publisher":"https:\/\/www.facebook.com\/maisagroportal","article_published_time":"2026-03-13T13:38:22+00:00","og_image":[{"width":995,"height":621,"url":"https:\/\/portalmaisagro.com\/wp-content\/uploads\/2026\/03\/20260312suinosirenemendes41024x640.jpg","type":"image\/jpeg"}],"author":"Taiane do Carmo","twitter_card":"summary_large_image","twitter_misc":{"Escrito por":"Taiane do Carmo","Est. tempo de leitura":"5 minutos"},"schema":{"@context":"https:\/\/schema.org","@graph":[{"@type":"Article","@id":"https:\/\/portalmaisagro.com\/?p=5867#article","isPartOf":{"@id":"https:\/\/portalmaisagro.com\/?p=5867"},"author":{"name":"Taiane do Carmo","@id":"https:\/\/portalmaisagro.com\/#\/schema\/person\/ade0f16b5a3434e1ec47b1fbdb9b9318"},"headline":"Rond\u00f4nia busca viabilizar produ\u00e7\u00e3o de su\u00ednos com foco em mercado e exporta\u00e7\u00e3o","datePublished":"2026-03-13T13:38:22+00:00","mainEntityOfPage":{"@id":"https:\/\/portalmaisagro.com\/?p=5867"},"wordCount":952,"publisher":{"@id":"https:\/\/portalmaisagro.com\/#organization"},"image":{"@id":"https:\/\/portalmaisagro.com\/?p=5867#primaryimage"},"thumbnailUrl":"https:\/\/portalmaisagro.com\/wp-content\/uploads\/2026\/03\/20260312suinosirenemendes41024x640.jpg","articleSection":["DESTAQUES","SU\u00cdNOS"],"inLanguage":"pt-BR"},{"@type":"WebPage","@id":"https:\/\/portalmaisagro.com\/?p=5867","url":"https:\/\/portalmaisagro.com\/?p=5867","name":"Rond\u00f4nia busca viabilizar produ\u00e7\u00e3o de su\u00ednos com foco em mercado e exporta\u00e7\u00e3o - MaisAgro","isPartOf":{"@id":"https:\/\/portalmaisagro.com\/#website"},"primaryImageOfPage":{"@id":"https:\/\/portalmaisagro.com\/?p=5867#primaryimage"},"image":{"@id":"https:\/\/portalmaisagro.com\/?p=5867#primaryimage"},"thumbnailUrl":"https:\/\/portalmaisagro.com\/wp-content\/uploads\/2026\/03\/20260312suinosirenemendes41024x640.jpg","datePublished":"2026-03-13T13:38:22+00:00","breadcrumb":{"@id":"https:\/\/portalmaisagro.com\/?p=5867#breadcrumb"},"inLanguage":"pt-BR","potentialAction":[{"@type":"ReadAction","target":["https:\/\/portalmaisagro.com\/?p=5867"]}]},{"@type":"ImageObject","inLanguage":"pt-BR","@id":"https:\/\/portalmaisagro.com\/?p=5867#primaryimage","url":"https:\/\/portalmaisagro.com\/wp-content\/uploads\/2026\/03\/20260312suinosirenemendes41024x640.jpg","contentUrl":"https:\/\/portalmaisagro.com\/wp-content\/uploads\/2026\/03\/20260312suinosirenemendes41024x640.jpg","width":995,"height":621},{"@type":"BreadcrumbList","@id":"https:\/\/portalmaisagro.com\/?p=5867#breadcrumb","itemListElement":[{"@type":"ListItem","position":1,"name":"In\u00edcio","item":"https:\/\/portalmaisagro.com\/"},{"@type":"ListItem","position":2,"name":"Rond\u00f4nia busca viabilizar produ\u00e7\u00e3o de su\u00ednos com foco em mercado e exporta\u00e7\u00e3o"}]},{"@type":"WebSite","@id":"https:\/\/portalmaisagro.com\/#website","url":"https:\/\/portalmaisagro.com\/","name":"MaisAgro","description":"O portal do agroneg\u00f3cio","publisher":{"@id":"https:\/\/portalmaisagro.com\/#organization"},"potentialAction":[{"@type":"SearchAction","target":{"@type":"EntryPoint","urlTemplate":"https:\/\/portalmaisagro.com\/?s={search_term_string}"},"query-input":{"@type":"PropertyValueSpecification","valueRequired":true,"valueName":"search_term_string"}}],"inLanguage":"pt-BR"},{"@type":"Organization","@id":"https:\/\/portalmaisagro.com\/#organization","name":"MaisAgro","url":"https:\/\/portalmaisagro.com\/","logo":{"@type":"ImageObject","inLanguage":"pt-BR","@id":"https:\/\/portalmaisagro.com\/#\/schema\/logo\/image\/","url":"https:\/\/portalmaisagro.com\/wp-content\/uploads\/2024\/11\/logo_oficial-e1749247575377.png","contentUrl":"https:\/\/portalmaisagro.com\/wp-content\/uploads\/2024\/11\/logo_oficial-e1749247575377.png","width":513,"height":107,"caption":"MaisAgro"},"image":{"@id":"https:\/\/portalmaisagro.com\/#\/schema\/logo\/image\/"},"sameAs":["https:\/\/www.facebook.com\/maisagroportal"]},{"@type":"Person","@id":"https:\/\/portalmaisagro.com\/#\/schema\/person\/ade0f16b5a3434e1ec47b1fbdb9b9318","name":"Taiane do Carmo","image":{"@type":"ImageObject","inLanguage":"pt-BR","@id":"https:\/\/portalmaisagro.com\/#\/schema\/person\/image\/640e5d69297d7dd56cc39a10251ad7db","url":"https:\/\/portalmaisagro.com\/wp-content\/uploads\/2026\/04\/images.jpeg","contentUrl":"https:\/\/portalmaisagro.com\/wp-content\/uploads\/2026\/04\/images.jpeg","caption":"Taiane do Carmo"},"url":"https:\/\/portalmaisagro.com\/?author=10"}]}},"jetpack_publicize_connections":[],"authors":[],"_links":{"self":[{"href":"https:\/\/portalmaisagro.com\/index.php?rest_route=\/wp\/v2\/posts\/5867","targetHints":{"allow":["GET"]}}],"collection":[{"href":"https:\/\/portalmaisagro.com\/index.php?rest_route=\/wp\/v2\/posts"}],"about":[{"href":"https:\/\/portalmaisagro.com\/index.php?rest_route=\/wp\/v2\/types\/post"}],"author":[{"embeddable":true,"href":"https:\/\/portalmaisagro.com\/index.php?rest_route=\/wp\/v2\/users\/10"}],"replies":[{"embeddable":true,"href":"https:\/\/portalmaisagro.com\/index.php?rest_route=%2Fwp%2Fv2%2Fcomments&post=5867"}],"version-history":[{"count":1,"href":"https:\/\/portalmaisagro.com\/index.php?rest_route=\/wp\/v2\/posts\/5867\/revisions"}],"predecessor-version":[{"id":5869,"href":"https:\/\/portalmaisagro.com\/index.php?rest_route=\/wp\/v2\/posts\/5867\/revisions\/5869"}],"wp:featuredmedia":[{"embeddable":true,"href":"https:\/\/portalmaisagro.com\/index.php?rest_route=\/wp\/v2\/media\/5868"}],"wp:attachment":[{"href":"https:\/\/portalmaisagro.com\/index.php?rest_route=%2Fwp%2Fv2%2Fmedia&parent=5867"}],"wp:term":[{"taxonomy":"category","embeddable":true,"href":"https:\/\/portalmaisagro.com\/index.php?rest_route=%2Fwp%2Fv2%2Fcategories&post=5867"},{"taxonomy":"post_tag","embeddable":true,"href":"https:\/\/portalmaisagro.com\/index.php?rest_route=%2Fwp%2Fv2%2Ftags&post=5867"}],"curies":[{"name":"wp","href":"https:\/\/api.w.org\/{rel}","templated":true}]}}