{"id":5844,"date":"2026-03-12T14:47:40","date_gmt":"2026-03-12T17:47:40","guid":{"rendered":"https:\/\/portalmaisagro.com\/?p=5844"},"modified":"2026-03-12T14:47:40","modified_gmt":"2026-03-12T17:47:40","slug":"mercedes-benz-anuncia-condicoes-especiais-de-vendas-para-linha-de-automoveis-no-brasil","status":"publish","type":"post","link":"https:\/\/portalmaisagro.com\/?p=5844","title":{"rendered":"Mercedes-Benz anuncia condi\u00e7\u00f5es especiais de vendas para linha de autom\u00f3veis no Brasil"},"content":{"rendered":"<p style=\"text-align: justify\"><em>A\u00e7\u00e3o oferece taxa de financiamento 0%, quatro anos de garantia e condi\u00e7\u00f5es diferenciadas para CNPJ ou b\u00f4nus exclusivo na troca do seminovo durante o m\u00eas de mar\u00e7o<\/em><\/p>\n<p style=\"text-align: justify\">A Mercedes-Benz Cars &amp; Vans Brasil anuncia campanha especial de vendas para diversos autom\u00f3veis do seu portf\u00f3lio no Brasil. A a\u00e7\u00e3o oferece taxa de financiamento 0%, quatro anos de garantia e condi\u00e7\u00f5es diferenciadas para CNPJ ou b\u00f4nus exclusivo na troca do seminovo. Como parte da iniciativa, as oportunidades s\u00e3o v\u00e1lidas durante o m\u00eas de mar\u00e7o e podem ser consultadas na rede de concession\u00e1rios da marca em todo o mercado brasileiro.<\/p>\n<p style=\"text-align: justify\">Entre os autom\u00f3veis contemplados ent\u00e3o o SUV compacto Mercedes-Benz GLA 200 (vers\u00f5es Progressive e AMG Line), o vers\u00e1til Mercedes-Benz GLB 220 (Progressive e AMG Line), os sofisticados Mercedes-Benz GLE 450 d 4MATIC e Mercedes-Benz GLE 450 d 4MATIC Coup\u00e9, al\u00e9m dos sed\u00e3s Mercedes-Benz C 200 AMG Line e Mercedes-Benz C 300 AMG Line. A a\u00e7\u00e3o inclui ainda o esportivo Mercedes-AMG CLA 35 4MATIC, ampliando as op\u00e7\u00f5es para clientes que buscam desde SUVs vers\u00e1teis at\u00e9 sed\u00e3s de alto desempenho, todos com as condi\u00e7\u00f5es especiais da campanha.<\/p>\n<p style=\"text-align: justify\">\u201cCom essa iniciativa, refor\u00e7amos o nosso compromisso em oferecer uma experi\u00eancia de compra alinhada aos valores de exclusividade e sofistica\u00e7\u00e3o que definem a marca. Ao disponibilizar benef\u00edcios diferenciados, ampliamos as oportunidades para que mais clientes vivenciem o universo Mercedes-Benz com condi\u00e7\u00f5es especialmente pensadas para esse momento que tornam a aquisi\u00e7\u00e3o do autom\u00f3vel ainda mais vantajosa\u201d, afirma Gabriel Valad\u00e3o, Head de Vendas Autom\u00f3veis da Mercedes-Benz Cars &amp; Vans Brasil.<\/p>\n<p style=\"text-align: justify\">Todos os ve\u00edculos participantes da campanha contam com taxa de financiamento 0%, quatro anos de garantia de f\u00e1brica e condi\u00e7\u00f5es especiais para clientes CNPJ ou b\u00f4nus exclusivo na avalia\u00e7\u00e3o do seminovo, trazendo novas possibilidades para a aquisi\u00e7\u00e3o de um autom\u00f3vel da marca. Para mais informa\u00e7\u00f5es, acesse:\u00a0<a href=\"https:\/\/www2.mercedes-benz.com.br\/\" target=\"_blank\" rel=\"noopener\">www2.mercedes-benz.com.br<\/a>.<\/p>\n","protected":false},"excerpt":{"rendered":"<p>A\u00e7\u00e3o oferece taxa de financiamento 0%, quatro anos de garantia e condi\u00e7\u00f5es diferenciadas para CNPJ ou b\u00f4nus exclusivo na troca do seminovo durante o m\u00eas de mar\u00e7o A Mercedes-Benz Cars &amp; Vans Brasil anuncia campanha especial de vendas para diversos autom\u00f3veis do seu portf\u00f3lio no Brasil. A a\u00e7\u00e3o oferece taxa&hellip;<\/p>\n","protected":false},"author":10,"featured_media":5845,"comment_status":"closed","ping_status":"closed","sticky":false,"template":"","format":"standard","meta":{"_crdt_document":"","footnotes":"","jetpack_publicize_message":"","jetpack_publicize_feature_enabled":true,"jetpack_social_post_already_shared":true,"jetpack_social_options":{"image_generator_settings":{"template":"highway","default_image_id":0,"font":"","enabled":false},"version":2}},"categories":[131,56],"tags":[],"class_list":["post-5844","post","type-post","status-publish","format-standard","has-post-thumbnail","hentry","category-destaques","category-maquinas-e-implementos"],"yoast_head":"<!-- This site is optimized with the Yoast SEO plugin v27.1.1 - https:\/\/yoast.com\/product\/yoast-seo-wordpress\/ -->\n<title>Mercedes-Benz anuncia condi\u00e7\u00f5es especiais de vendas para linha de autom\u00f3veis no Brasil - MaisAgro<\/title>\n<meta name=\"robots\" content=\"index, follow, max-snippet:-1, max-image-preview:large, max-video-preview:-1\" \/>\n<link rel=\"canonical\" href=\"https:\/\/portalmaisagro.com\/?p=5844\" \/>\n<meta property=\"og:locale\" content=\"pt_BR\" \/>\n<meta property=\"og:type\" content=\"article\" \/>\n<meta property=\"og:title\" content=\"Mercedes-Benz anuncia condi\u00e7\u00f5es especiais de vendas para linha de autom\u00f3veis no Brasil - MaisAgro\" \/>\n<meta property=\"og:description\" content=\"A\u00e7\u00e3o oferece taxa de financiamento 0%, quatro anos de garantia e condi\u00e7\u00f5es diferenciadas para CNPJ ou b\u00f4nus exclusivo na troca do seminovo durante o m\u00eas de mar\u00e7o A Mercedes-Benz Cars &amp; Vans Brasil anuncia campanha especial de vendas para diversos autom\u00f3veis do seu portf\u00f3lio no Brasil. A a\u00e7\u00e3o oferece taxa&hellip;\" \/>\n<meta property=\"og:url\" content=\"https:\/\/portalmaisagro.com\/?p=5844\" \/>\n<meta property=\"og:site_name\" content=\"MaisAgro\" \/>\n<meta property=\"article:publisher\" content=\"https:\/\/www.facebook.com\/maisagroportal\" \/>\n<meta property=\"article:published_time\" content=\"2026-03-12T17:47:40+00:00\" \/>\n<meta property=\"og:image\" content=\"https:\/\/portalmaisagro.com\/wp-content\/uploads\/2026\/03\/16637f6eecec8e64431ec4187ad2faade8a6771d.jpg\" \/>\n\t<meta property=\"og:image:width\" content=\"952\" \/>\n\t<meta property=\"og:image:height\" content=\"524\" \/>\n\t<meta property=\"og:image:type\" content=\"image\/jpeg\" \/>\n<meta name=\"author\" content=\"Taiane do Carmo\" \/>\n<meta name=\"twitter:card\" content=\"summary_large_image\" \/>\n<meta name=\"twitter:label1\" content=\"Escrito por\" \/>\n\t<meta name=\"twitter:data1\" content=\"Taiane do Carmo\" \/>\n\t<meta name=\"twitter:label2\" content=\"Est. tempo de leitura\" \/>\n\t<meta name=\"twitter:data2\" content=\"2 minutos\" \/>\n<script type=\"application\/ld+json\" class=\"yoast-schema-graph\">{\"@context\":\"https:\/\/schema.org\",\"@graph\":[{\"@type\":\"Article\",\"@id\":\"https:\/\/portalmaisagro.com\/?p=5844#article\",\"isPartOf\":{\"@id\":\"https:\/\/portalmaisagro.com\/?p=5844\"},\"author\":{\"name\":\"Taiane do Carmo\",\"@id\":\"https:\/\/portalmaisagro.com\/#\/schema\/person\/ade0f16b5a3434e1ec47b1fbdb9b9318\"},\"headline\":\"Mercedes-Benz anuncia condi\u00e7\u00f5es especiais de vendas para linha de autom\u00f3veis no Brasil\",\"datePublished\":\"2026-03-12T17:47:40+00:00\",\"mainEntityOfPage\":{\"@id\":\"https:\/\/portalmaisagro.com\/?p=5844\"},\"wordCount\":347,\"publisher\":{\"@id\":\"https:\/\/portalmaisagro.com\/#organization\"},\"image\":{\"@id\":\"https:\/\/portalmaisagro.com\/?p=5844#primaryimage\"},\"thumbnailUrl\":\"https:\/\/portalmaisagro.com\/wp-content\/uploads\/2026\/03\/16637f6eecec8e64431ec4187ad2faade8a6771d.jpg\",\"articleSection\":[\"DESTAQUES\",\"M\u00c1QUINAS E IMPLEMENTOS\"],\"inLanguage\":\"pt-BR\"},{\"@type\":\"WebPage\",\"@id\":\"https:\/\/portalmaisagro.com\/?p=5844\",\"url\":\"https:\/\/portalmaisagro.com\/?p=5844\",\"name\":\"Mercedes-Benz anuncia condi\u00e7\u00f5es especiais de vendas para linha de autom\u00f3veis no Brasil - MaisAgro\",\"isPartOf\":{\"@id\":\"https:\/\/portalmaisagro.com\/#website\"},\"primaryImageOfPage\":{\"@id\":\"https:\/\/portalmaisagro.com\/?p=5844#primaryimage\"},\"image\":{\"@id\":\"https:\/\/portalmaisagro.com\/?p=5844#primaryimage\"},\"thumbnailUrl\":\"https:\/\/portalmaisagro.com\/wp-content\/uploads\/2026\/03\/16637f6eecec8e64431ec4187ad2faade8a6771d.jpg\",\"datePublished\":\"2026-03-12T17:47:40+00:00\",\"breadcrumb\":{\"@id\":\"https:\/\/portalmaisagro.com\/?p=5844#breadcrumb\"},\"inLanguage\":\"pt-BR\",\"potentialAction\":[{\"@type\":\"ReadAction\",\"target\":[\"https:\/\/portalmaisagro.com\/?p=5844\"]}]},{\"@type\":\"ImageObject\",\"inLanguage\":\"pt-BR\",\"@id\":\"https:\/\/portalmaisagro.com\/?p=5844#primaryimage\",\"url\":\"https:\/\/portalmaisagro.com\/wp-content\/uploads\/2026\/03\/16637f6eecec8e64431ec4187ad2faade8a6771d.jpg\",\"contentUrl\":\"https:\/\/portalmaisagro.com\/wp-content\/uploads\/2026\/03\/16637f6eecec8e64431ec4187ad2faade8a6771d.jpg\",\"width\":952,\"height\":524},{\"@type\":\"BreadcrumbList\",\"@id\":\"https:\/\/portalmaisagro.com\/?p=5844#breadcrumb\",\"itemListElement\":[{\"@type\":\"ListItem\",\"position\":1,\"name\":\"In\u00edcio\",\"item\":\"https:\/\/portalmaisagro.com\/\"},{\"@type\":\"ListItem\",\"position\":2,\"name\":\"Mercedes-Benz anuncia condi\u00e7\u00f5es especiais de vendas para linha de autom\u00f3veis no Brasil\"}]},{\"@type\":\"WebSite\",\"@id\":\"https:\/\/portalmaisagro.com\/#website\",\"url\":\"https:\/\/portalmaisagro.com\/\",\"name\":\"MaisAgro\",\"description\":\"O portal do agroneg\u00f3cio\",\"publisher\":{\"@id\":\"https:\/\/portalmaisagro.com\/#organization\"},\"potentialAction\":[{\"@type\":\"SearchAction\",\"target\":{\"@type\":\"EntryPoint\",\"urlTemplate\":\"https:\/\/portalmaisagro.com\/?s={search_term_string}\"},\"query-input\":{\"@type\":\"PropertyValueSpecification\",\"valueRequired\":true,\"valueName\":\"search_term_string\"}}],\"inLanguage\":\"pt-BR\"},{\"@type\":\"Organization\",\"@id\":\"https:\/\/portalmaisagro.com\/#organization\",\"name\":\"MaisAgro\",\"url\":\"https:\/\/portalmaisagro.com\/\",\"logo\":{\"@type\":\"ImageObject\",\"inLanguage\":\"pt-BR\",\"@id\":\"https:\/\/portalmaisagro.com\/#\/schema\/logo\/image\/\",\"url\":\"https:\/\/portalmaisagro.com\/wp-content\/uploads\/2024\/11\/logo_oficial-e1749247575377.png\",\"contentUrl\":\"https:\/\/portalmaisagro.com\/wp-content\/uploads\/2024\/11\/logo_oficial-e1749247575377.png\",\"width\":513,\"height\":107,\"caption\":\"MaisAgro\"},\"image\":{\"@id\":\"https:\/\/portalmaisagro.com\/#\/schema\/logo\/image\/\"},\"sameAs\":[\"https:\/\/www.facebook.com\/maisagroportal\"]},{\"@type\":\"Person\",\"@id\":\"https:\/\/portalmaisagro.com\/#\/schema\/person\/ade0f16b5a3434e1ec47b1fbdb9b9318\",\"name\":\"Taiane do Carmo\",\"image\":{\"@type\":\"ImageObject\",\"inLanguage\":\"pt-BR\",\"@id\":\"https:\/\/portalmaisagro.com\/#\/schema\/person\/image\/640e5d69297d7dd56cc39a10251ad7db\",\"url\":\"https:\/\/portalmaisagro.com\/wp-content\/uploads\/2026\/04\/images.jpeg\",\"contentUrl\":\"https:\/\/portalmaisagro.com\/wp-content\/uploads\/2026\/04\/images.jpeg\",\"caption\":\"Taiane do Carmo\"},\"url\":\"https:\/\/portalmaisagro.com\/?author=10\"}]}<\/script>\n<!-- \/ Yoast SEO plugin. -->","yoast_head_json":{"title":"Mercedes-Benz anuncia condi\u00e7\u00f5es especiais de vendas para linha de autom\u00f3veis no Brasil - MaisAgro","robots":{"index":"index","follow":"follow","max-snippet":"max-snippet:-1","max-image-preview":"max-image-preview:large","max-video-preview":"max-video-preview:-1"},"canonical":"https:\/\/portalmaisagro.com\/?p=5844","og_locale":"pt_BR","og_type":"article","og_title":"Mercedes-Benz anuncia condi\u00e7\u00f5es especiais de vendas para linha de autom\u00f3veis no Brasil - MaisAgro","og_description":"A\u00e7\u00e3o oferece taxa de financiamento 0%, quatro anos de garantia e condi\u00e7\u00f5es diferenciadas para CNPJ ou b\u00f4nus exclusivo na troca do seminovo durante o m\u00eas de mar\u00e7o A Mercedes-Benz Cars &amp; Vans Brasil anuncia campanha especial de vendas para diversos autom\u00f3veis do seu portf\u00f3lio no Brasil. A a\u00e7\u00e3o oferece taxa&hellip;","og_url":"https:\/\/portalmaisagro.com\/?p=5844","og_site_name":"MaisAgro","article_publisher":"https:\/\/www.facebook.com\/maisagroportal","article_published_time":"2026-03-12T17:47:40+00:00","og_image":[{"width":952,"height":524,"url":"https:\/\/portalmaisagro.com\/wp-content\/uploads\/2026\/03\/16637f6eecec8e64431ec4187ad2faade8a6771d.jpg","type":"image\/jpeg"}],"author":"Taiane do Carmo","twitter_card":"summary_large_image","twitter_misc":{"Escrito por":"Taiane do Carmo","Est. tempo de leitura":"2 minutos"},"schema":{"@context":"https:\/\/schema.org","@graph":[{"@type":"Article","@id":"https:\/\/portalmaisagro.com\/?p=5844#article","isPartOf":{"@id":"https:\/\/portalmaisagro.com\/?p=5844"},"author":{"name":"Taiane do Carmo","@id":"https:\/\/portalmaisagro.com\/#\/schema\/person\/ade0f16b5a3434e1ec47b1fbdb9b9318"},"headline":"Mercedes-Benz anuncia condi\u00e7\u00f5es especiais de vendas para linha de autom\u00f3veis no Brasil","datePublished":"2026-03-12T17:47:40+00:00","mainEntityOfPage":{"@id":"https:\/\/portalmaisagro.com\/?p=5844"},"wordCount":347,"publisher":{"@id":"https:\/\/portalmaisagro.com\/#organization"},"image":{"@id":"https:\/\/portalmaisagro.com\/?p=5844#primaryimage"},"thumbnailUrl":"https:\/\/portalmaisagro.com\/wp-content\/uploads\/2026\/03\/16637f6eecec8e64431ec4187ad2faade8a6771d.jpg","articleSection":["DESTAQUES","M\u00c1QUINAS E IMPLEMENTOS"],"inLanguage":"pt-BR"},{"@type":"WebPage","@id":"https:\/\/portalmaisagro.com\/?p=5844","url":"https:\/\/portalmaisagro.com\/?p=5844","name":"Mercedes-Benz anuncia condi\u00e7\u00f5es especiais de vendas para linha de autom\u00f3veis no Brasil - MaisAgro","isPartOf":{"@id":"https:\/\/portalmaisagro.com\/#website"},"primaryImageOfPage":{"@id":"https:\/\/portalmaisagro.com\/?p=5844#primaryimage"},"image":{"@id":"https:\/\/portalmaisagro.com\/?p=5844#primaryimage"},"thumbnailUrl":"https:\/\/portalmaisagro.com\/wp-content\/uploads\/2026\/03\/16637f6eecec8e64431ec4187ad2faade8a6771d.jpg","datePublished":"2026-03-12T17:47:40+00:00","breadcrumb":{"@id":"https:\/\/portalmaisagro.com\/?p=5844#breadcrumb"},"inLanguage":"pt-BR","potentialAction":[{"@type":"ReadAction","target":["https:\/\/portalmaisagro.com\/?p=5844"]}]},{"@type":"ImageObject","inLanguage":"pt-BR","@id":"https:\/\/portalmaisagro.com\/?p=5844#primaryimage","url":"https:\/\/portalmaisagro.com\/wp-content\/uploads\/2026\/03\/16637f6eecec8e64431ec4187ad2faade8a6771d.jpg","contentUrl":"https:\/\/portalmaisagro.com\/wp-content\/uploads\/2026\/03\/16637f6eecec8e64431ec4187ad2faade8a6771d.jpg","width":952,"height":524},{"@type":"BreadcrumbList","@id":"https:\/\/portalmaisagro.com\/?p=5844#breadcrumb","itemListElement":[{"@type":"ListItem","position":1,"name":"In\u00edcio","item":"https:\/\/portalmaisagro.com\/"},{"@type":"ListItem","position":2,"name":"Mercedes-Benz anuncia condi\u00e7\u00f5es especiais de vendas para linha de autom\u00f3veis no Brasil"}]},{"@type":"WebSite","@id":"https:\/\/portalmaisagro.com\/#website","url":"https:\/\/portalmaisagro.com\/","name":"MaisAgro","description":"O portal do agroneg\u00f3cio","publisher":{"@id":"https:\/\/portalmaisagro.com\/#organization"},"potentialAction":[{"@type":"SearchAction","target":{"@type":"EntryPoint","urlTemplate":"https:\/\/portalmaisagro.com\/?s={search_term_string}"},"query-input":{"@type":"PropertyValueSpecification","valueRequired":true,"valueName":"search_term_string"}}],"inLanguage":"pt-BR"},{"@type":"Organization","@id":"https:\/\/portalmaisagro.com\/#organization","name":"MaisAgro","url":"https:\/\/portalmaisagro.com\/","logo":{"@type":"ImageObject","inLanguage":"pt-BR","@id":"https:\/\/portalmaisagro.com\/#\/schema\/logo\/image\/","url":"https:\/\/portalmaisagro.com\/wp-content\/uploads\/2024\/11\/logo_oficial-e1749247575377.png","contentUrl":"https:\/\/portalmaisagro.com\/wp-content\/uploads\/2024\/11\/logo_oficial-e1749247575377.png","width":513,"height":107,"caption":"MaisAgro"},"image":{"@id":"https:\/\/portalmaisagro.com\/#\/schema\/logo\/image\/"},"sameAs":["https:\/\/www.facebook.com\/maisagroportal"]},{"@type":"Person","@id":"https:\/\/portalmaisagro.com\/#\/schema\/person\/ade0f16b5a3434e1ec47b1fbdb9b9318","name":"Taiane do Carmo","image":{"@type":"ImageObject","inLanguage":"pt-BR","@id":"https:\/\/portalmaisagro.com\/#\/schema\/person\/image\/640e5d69297d7dd56cc39a10251ad7db","url":"https:\/\/portalmaisagro.com\/wp-content\/uploads\/2026\/04\/images.jpeg","contentUrl":"https:\/\/portalmaisagro.com\/wp-content\/uploads\/2026\/04\/images.jpeg","caption":"Taiane do Carmo"},"url":"https:\/\/portalmaisagro.com\/?author=10"}]}},"jetpack_publicize_connections":[],"authors":[],"_links":{"self":[{"href":"https:\/\/portalmaisagro.com\/index.php?rest_route=\/wp\/v2\/posts\/5844","targetHints":{"allow":["GET"]}}],"collection":[{"href":"https:\/\/portalmaisagro.com\/index.php?rest_route=\/wp\/v2\/posts"}],"about":[{"href":"https:\/\/portalmaisagro.com\/index.php?rest_route=\/wp\/v2\/types\/post"}],"author":[{"embeddable":true,"href":"https:\/\/portalmaisagro.com\/index.php?rest_route=\/wp\/v2\/users\/10"}],"replies":[{"embeddable":true,"href":"https:\/\/portalmaisagro.com\/index.php?rest_route=%2Fwp%2Fv2%2Fcomments&post=5844"}],"version-history":[{"count":1,"href":"https:\/\/portalmaisagro.com\/index.php?rest_route=\/wp\/v2\/posts\/5844\/revisions"}],"predecessor-version":[{"id":5846,"href":"https:\/\/portalmaisagro.com\/index.php?rest_route=\/wp\/v2\/posts\/5844\/revisions\/5846"}],"wp:featuredmedia":[{"embeddable":true,"href":"https:\/\/portalmaisagro.com\/index.php?rest_route=\/wp\/v2\/media\/5845"}],"wp:attachment":[{"href":"https:\/\/portalmaisagro.com\/index.php?rest_route=%2Fwp%2Fv2%2Fmedia&parent=5844"}],"wp:term":[{"taxonomy":"category","embeddable":true,"href":"https:\/\/portalmaisagro.com\/index.php?rest_route=%2Fwp%2Fv2%2Fcategories&post=5844"},{"taxonomy":"post_tag","embeddable":true,"href":"https:\/\/portalmaisagro.com\/index.php?rest_route=%2Fwp%2Fv2%2Ftags&post=5844"}],"curies":[{"name":"wp","href":"https:\/\/api.w.org\/{rel}","templated":true}]}}