{"id":10085,"date":"2026-09-06T16:02:55","date_gmt":"2026-09-06T19:02:55","guid":{"rendered":"https:\/\/portalmaisagro.com\/?p=10085"},"modified":"2026-09-06T16:57:01","modified_gmt":"2026-09-06T19:57:01","slug":"pavilhao-da-agricultura-familiar-consagra-vencedores-do-14o-concurso-de-produtos-na-expointer-2026","status":"publish","type":"post","link":"https:\/\/portalmaisagro.com\/?p=10085","title":{"rendered":"Pavilh\u00e3o da Agricultura Familiar consagra vencedores do 14\u00ba Concurso de Produtos na Expointer 2026"},"content":{"rendered":"<p style=\"text-align: center\"><em>Busca pela qualidade e a valoriza\u00e7\u00e3o dos produtos feitos no Estado s\u00e3o marcas registradas do pavilh\u00e3o.<\/em><\/p>\n<p>O Pavilh\u00e3o da Agricultura Familiar foi palco\u00a0do\u00a014\u00b0 Concurso de Produtos da Agroind\u00fastria Familiar. Vinculado \u00e0 programa\u00e7\u00e3o da Expointer 2026,\u00a0a sele\u00e7\u00e3o\u00a0premiou as melhores amostras\u00a0da produ\u00e7\u00e3o\u00a0do mercado formal de alimentos no Estado\u00a0apresentadas na feira.<\/p>\n<blockquote><p>Ao longo de tr\u00eas dias de avalia\u00e7\u00f5es sensoriais, a comiss\u00e3o julgadora, composta por especialistas de institui\u00e7\u00f5es renomadas, como a\u00a0Universidade Federal do Rio Grande do Sul (Ufrgs)\u00a0e a Embrapa Uva e Vinho, analisou \u00e0s cegas centenas de amostras codificadas de bebidas, embutidos, l\u00e1cteos, doces e erva-mate.<\/p><\/blockquote>\n<p>Para o secret\u00e1rio de Desenvolvimento Rural, Gustavo Paim, o\u00a0evento evidencia a\u00a0capacidade competitiva dos pequenos produtores do Rio Grande do Sul. \u201cO concurso incentiva\u00a0a constante melhoria e a abertura de novos mercados consumidores para as agroind\u00fastrias familiares\u201d, destacou.<\/p>\n<p><strong>Crit\u00e9rios rigorosos\u00a0para a\u00a0premia\u00e7\u00e3o\u00a0<\/strong><\/p>\n<p>Os jurados avaliaram atributos espec\u00edficos para cada segmento utilizando escalas hed\u00f4nicas e fichas descritivas detalhadas. Em caso de empates na classifica\u00e7\u00e3o final de produtos como queijos e doces, a maior pontua\u00e7\u00e3o no atributo &#8220;sabor&#8221; foi utilizada como crit\u00e9rio definitivo para determinar os vencedores.<\/p>\n<p>Os tr\u00eas primeiros colocados de cada categoria receberam rosetas condecorativas exclusivas, enquanto todos os participantes do certame foram agraciados com certificados oficiais de participa\u00e7\u00e3o.<\/p>\n<p><strong>Integra\u00e7\u00e3o entre inova\u00e7\u00e3o e tradi\u00e7\u00e3o<\/strong><\/p>\n<p>Cada agroind\u00fastria possui uma hist\u00f3ria \u00fanica, mas todas t\u00eam em comum a busca pela qualidade e a valoriza\u00e7\u00e3o dos produtos feitos no Rio Grande do Sul. Entre as campe\u00e3s da Expointer, tradi\u00e7\u00e3o e inova\u00e7\u00e3o aparecem lado a lado.<\/p>\n<p>Estreante na Expointer, o doce de leite produzido por C\u00e1tia\u00a0Grespan, da Agroind\u00fastria\u00a0Grespan, de Carlos Barbosa, conquistou o primeiro lugar na categoria. A empresa foi aberta em dezembro de 2025 e participa da feira pela primeira vez com um produto que aposta na qualidade e no sabor do leite produzido na pr\u00f3pria propriedade.<\/p>\n<p>C\u00e1tia explicou\u00a0que o diferencial est\u00e1 justamente em preservar as caracter\u00edsticas do leite fresco. \u201cO nosso entendimento \u00e9 a quest\u00e3o de preservar exatamente o frescor e o sabor do leite. A gente tem a produ\u00e7\u00e3o de leite direto da fazenda, ent\u00e3o consegue produzir o leite e industrializar na sequ\u00eancia. Associado a isso, tamb\u00e9m temos o controle do a\u00e7\u00facar. O nosso produto \u00e9 reduzido em a\u00e7\u00facar, o que preserva justamente essas caracter\u00edsticas de n\u00e3o ser t\u00e3o doce e de ser nutricionalmente mais saud\u00e1vel\u201d, destacou.<\/p>\n<p>Se de um lado h\u00e1 quem inove com uma nova agroind\u00fastria, de outro h\u00e1 quem busque no passado a inspira\u00e7\u00e3o para produzir de forma diferente. \u00c9 o caso da Erva-Mate Barbaqu\u00e1 Machadinho, de Machadinho, que utiliza o sistema tradicional de secagem lenta da erva-mate, conhecido como\u00a0barbaqu\u00e1.<\/p>\n<p>Para os produtores, o reconhecimento na Expointer representa uma recompensa pelo trabalho realizado ao longo do ano. \u201cFoi muito prazeroso. A gente trabalha tanto por um produto e, da\u00ed, chegar aqui e ser reconhecido, para n\u00f3s \u00e9 uma honra muito grande\u201d,\u00a0explicou\u00a0a\u00a0produtora\u00a0Ana Lucia da Fonseca.<\/p>\n<p>A inspira\u00e7\u00e3o vem de um m\u00e9todo utilizado tradicionalmente pelos ind\u00edgenas.\u00a0\u201cA nossa erva \u00e9 uma erva de antigamente, como eu disse, que \u00e9 o que os ind\u00edgenas faziam, o sistema\u00a0barbaqu\u00e1. Ent\u00e3o a gente resolveu trazer de volta esse produto, porque est\u00e1 t\u00e3o dif\u00edcil hoje um produto artesanal. Ela seca 24 horas para ficar pronta. E agora estamos trabalhando dia e noite, fazendo fogo para secar a erva\u201d, ressaltou\u00a0Ana Lucia.<\/p>\n<figure id=\"attachment_10087\" aria-describedby=\"caption-attachment-10087\" style=\"width: 800px\" class=\"wp-caption alignnone\"><img loading=\"lazy\" decoding=\"async\" class=\"wp-image-10087 size-full\" src=\"https:\/\/portalmaisagro.com\/wp-content\/uploads\/2026\/09\/04144430_91232_GDO.jpg\" alt=\"\" width=\"800\" height=\"533\" srcset=\"https:\/\/portalmaisagro.com\/wp-content\/uploads\/2026\/09\/04144430_91232_GDO.jpg 800w, https:\/\/portalmaisagro.com\/wp-content\/uploads\/2026\/09\/04144430_91232_GDO-300x200.jpg 300w, https:\/\/portalmaisagro.com\/wp-content\/uploads\/2026\/09\/04144430_91232_GDO-768x512.jpg 768w, https:\/\/portalmaisagro.com\/wp-content\/uploads\/2026\/09\/04144430_91232_GDO-150x100.jpg 150w\" sizes=\"auto, (max-width: 800px) 100vw, 800px\" \/><figcaption id=\"caption-attachment-10087\" class=\"wp-caption-text\">Entre as ervas-mate, destaque para produto com m\u00e9todo utilizado tradicionalmente pelos ind\u00edgenas &#8211; Foto: Paulo Garcia\/Ascom Expointer<\/figcaption><\/figure>\n<p>O queijo colonial talvez seja um dos produtos mais tradicionais do Rio Grande do Sul. Mesmo assim, as agroind\u00fastrias conseguem imprimir caracter\u00edsticas pr\u00f3prias e conquistar a aten\u00e7\u00e3o dos avaliadores.\u00a0Entre as grandes campe\u00e3s est\u00e1 uma veterana: a Ferrari Alimentos, de Carlos Barbosa. Segundo a produtora Naires Ferrari, a agroind\u00fastria participa da Expointer h\u00e1 23 anos e agora comemora mais uma conquista: o primeiro lugar na categoria de melhor queijo colonial tradicional do Estado.<\/p>\n<p>Para Naires, o resultado \u00e9 uma confirma\u00e7\u00e3o de que tradi\u00e7\u00e3o e dedica\u00e7\u00e3o continuam fazendo a diferen\u00e7a. \u201cMuitas vezes as pessoas acham que \u00e9 um produto comum, mas o colonial \u00e9 um queijo que praticamente tem aquele sabor de sempre, l\u00e1 de tr\u00e1s. \u00c9 uma coisa mais tradicional mesmo\u201d, afirmou.<\/p>\n<p>Entre produtos estreantes e marcas que carregam d\u00e9cadas de hist\u00f3ria, as campe\u00e3s mostram que, no campo e na agroind\u00fastria ga\u00facha, inovar n\u00e3o significa necessariamente abandonar o passado. Muitas vezes, significa justamente encontrar novas formas de valorizar aquilo que j\u00e1 faz parte da tradi\u00e7\u00e3o.<\/p>\n<figure id=\"attachment_10088\" aria-describedby=\"caption-attachment-10088\" style=\"width: 800px\" class=\"wp-caption alignnone\"><img loading=\"lazy\" decoding=\"async\" class=\"wp-image-10088 size-full\" src=\"https:\/\/portalmaisagro.com\/wp-content\/uploads\/2026\/09\/04144536_91243_GDO.jpg\" alt=\"\" width=\"800\" height=\"533\" srcset=\"https:\/\/portalmaisagro.com\/wp-content\/uploads\/2026\/09\/04144536_91243_GDO.jpg 800w, https:\/\/portalmaisagro.com\/wp-content\/uploads\/2026\/09\/04144536_91243_GDO-300x200.jpg 300w, https:\/\/portalmaisagro.com\/wp-content\/uploads\/2026\/09\/04144536_91243_GDO-768x512.jpg 768w, https:\/\/portalmaisagro.com\/wp-content\/uploads\/2026\/09\/04144536_91243_GDO-150x100.jpg 150w\" sizes=\"auto, (max-width: 800px) 100vw, 800px\" \/><figcaption id=\"caption-attachment-10088\" class=\"wp-caption-text\">Premiados entre as categorias de queijos no concurso deste ano &#8211; Foto: Paulo Garcia\/Ascom Expointer<\/figcaption><\/figure>\n<p><strong>Cacha\u00e7a Prata<\/strong><\/p>\n<ul>\n<li><strong>1\u00ba lugar:<\/strong>\u00a0Cacha\u00e7a Wille (Po\u00e7o das Antas)<\/li>\n<li><strong>2\u00ba lugar:<\/strong>\u00a0Cacha\u00e7aria Pol (Marau)<\/li>\n<li><strong>3\u00ba lugar:<\/strong>\u00a0Cacha\u00e7aria\u00a0Strohut\u00a0(Nova Boa Vista)<\/li>\n<\/ul>\n<p><strong>Cacha\u00e7a Envelhecida \u2013 Carvalho\u00a0<\/strong><\/p>\n<ul>\n<li><strong>1\u00ba lugar:<\/strong>\u00a0Cacha\u00e7aria Invito (Novo Hamburgo)<\/li>\n<li><strong>2\u00ba lugar:\u00a0<\/strong>Weber Haus (Ivoti)<\/li>\n<li><strong>3\u00ba lugar:<\/strong>\u00a0Harmonie\u00a0Schnaps\u00a0(Harmonia)<\/li>\n<\/ul>\n<p><strong>Cacha\u00e7a Envelhecida \u2013 Amburana<\/strong><\/p>\n<ul>\n<li><strong>1\u00ba lugar:<\/strong>\u00a0Cacha\u00e7aria\u00a0Tibola\u00a0(Gentil)<\/li>\n<li><strong>2\u00ba lugar:<\/strong>\u00a0Hamonie\u00a0Schnaps\u00a0(Harmonia)<\/li>\n<li><strong>3\u00ba lugar:<\/strong>\u00a0Cacha\u00e7a Wille (Po\u00e7o das Antas)<\/li>\n<\/ul>\n<p><strong>Doce Cremoso de Figo\u00a0\u00a0<\/strong><\/p>\n<ul>\n<li><strong>1\u00ba lugar:<\/strong>\u00a0Agroind\u00fastria Guerra (Tenente Portela)<\/li>\n<li><strong>2\u00ba lugar:<\/strong>\u00a0Casa do Sabor (Para\u00ed)<\/li>\n<li><strong>3\u00ba lugar:<\/strong>\u00a0Geleias Ivani (Bento Gon\u00e7alves)<\/li>\n<\/ul>\n<p><strong>Doce de Leite<\/strong><\/p>\n<ul>\n<li><strong>1\u00ba lugar:<\/strong>\u00a0Granja\u00a0Grespan\u00a0(Carlos Barbosa)<\/li>\n<li><strong>2\u00ba lugar:<\/strong>\u00a0Latic\u00ednio La Serrana (Barros\u00a0Cassal)<\/li>\n<li><strong>3\u00ba lugar:<\/strong>\u00a0Queijaria Tradi\u00e7\u00e3o (Nova Petr\u00f3polis)<\/li>\n<\/ul>\n<p><strong>Erva-Mate\u00a0<\/strong><\/p>\n<ul>\n<li><strong>1\u00ba lugar:<\/strong>\u00a0Barbaqu\u00e1 Machadinho (Machadinho)<\/li>\n<li><strong>2\u00ba lugar:<\/strong>\u00a0Rainha do Sul (Novo Barreiro)<\/li>\n<li><strong>3\u00ba lugar:<\/strong>\u00a0Fonte Nativa (Novo Barreiro)<\/li>\n<\/ul>\n<p><strong>Licor \u2013 Base Cacha\u00e7a<\/strong><\/p>\n<ul>\n<li><strong>1\u00ba lugar:<\/strong>\u00a0Cacha\u00e7aria Weber Haus (Ivoti)<\/li>\n<li><strong>2\u00ba lugar:<\/strong>\u00a0Cacha\u00e7aria Invito (Novo Hamburgo)<\/li>\n<li><strong>3\u00ba lugar:<\/strong>\u00a0Casa\u00a0Bucco\u00a0(Bento Gon\u00e7alves)<\/li>\n<\/ul>\n<p><strong>Lingui\u00e7a de Carne Su\u00edna Defumada\u00a0\u00a0<\/strong><\/p>\n<ul>\n<li><strong>1\u00ba lugar:<\/strong>\u00a0Embutidos Andreis (Gramado)<\/li>\n<li><strong>2\u00ba lugar:\u00a0<\/strong>Viz\u00a0Embutidos (Presidente Lucena)<\/li>\n<li><strong>3\u00ba lugar:<\/strong>\u00a0Embutidos Coloniais\u00a0Mewius\u00a0(Picada Caf\u00e9)<\/li>\n<\/ul>\n<p><strong>Mel<\/strong><\/p>\n<ul>\n<li><strong>1\u00ba lugar:<\/strong>\u00a0Api\u00e1rio\u00a0Dapper\u00a0(Tr\u00eas Passos)<\/li>\n<li><strong>2\u00ba lugar:<\/strong>\u00a0Teixeira Viana (Sert\u00e3o)<\/li>\n<li><strong>3\u00ba lugar:\u00a0<\/strong>Avapis\u00a0(Vacaria)<\/li>\n<\/ul>\n<p><strong>Melado Batido\u00a0\u00a0<\/strong><\/p>\n<ul>\n<li><strong>1\u00ba lugar:<\/strong>\u00a0Cana Nobre (Nova Boa Vista)<\/li>\n<li><strong>2\u00ba lugar:<\/strong>\u00a0Klarsul\u00a0(Lajeado)<\/li>\n<li><strong>3\u00ba lugar:<\/strong>\u00a0Sobucki\u00a0(Caibat\u00e9)<\/li>\n<\/ul>\n<p><strong>Melado L\u00edquido<\/strong><\/p>\n<ul>\n<li><strong>1\u00ba lugar:<\/strong>\u00a0Doces Silva (Santo Ant\u00f4nio da Patrulha)<\/li>\n<li><strong>2\u00ba lugar:<\/strong>\u00a0Klarsul\u00a0(Lajeado)<\/li>\n<li><strong>3\u00ba lugar:<\/strong>\u00a0Acedi Alimentos (Santa Clara do Sul)<\/li>\n<\/ul>\n<p><strong>Queijo Artesanal Serrano\u00a0\u00a0<\/strong><\/p>\n<ul>\n<li><strong>1\u00ba lugar:<\/strong>\u00a0Queijaria Rodeio das Pedras (Jaquirana)<\/li>\n<li><strong>2\u00ba lugar:<\/strong>\u00a0Queijaria Terra Altas (Jaquirana)<\/li>\n<li><strong>3\u00ba lugar:<\/strong>\u00a0Queijaria V\u00f3 Cenira (Bom Jesus)<\/li>\n<\/ul>\n<p><strong>Queijo Autoral\u00a0<\/strong><\/p>\n<ul>\n<li><strong>1\u00ba lugar:<\/strong>\u00a0Ovelha Arteira (Picada Caf\u00e9)<\/li>\n<li><strong>2\u00ba lugar:<\/strong>\u00a0Campon\u00eas Produtos Artesanais (J\u00f3ia)<\/li>\n<li><strong>3\u00ba lugar:<\/strong>\u00a0Ch\u00e1cara dos Padres (Bom Jesus)<\/li>\n<\/ul>\n<p><strong>Queijo Colonial\u00a0\u00a0<\/strong><\/p>\n<ul>\n<li><strong>1\u00ba lugar:<\/strong>\u00a0Ferrari Alimentos (Carlos Barbosa)<\/li>\n<li><strong>2\u00ba lugar:\u00a0<\/strong>Queijaria Tradi\u00e7\u00e3o (Nova Petr\u00f3polis)<\/li>\n<li><strong>3\u00ba lugar:<\/strong>\u00a0Zago (Hulha Negra)<\/li>\n<\/ul>\n<p><strong>Salame Tipo Italiano\u00a0\u00a0<\/strong><\/p>\n<ul>\n<li><strong>1\u00ba lugar:<\/strong>\u00a0Nostra Fam\u00edlia\/Bisolo\u00a0(Frederico Westphalen)<\/li>\n<li><strong>2\u00ba lugar:<\/strong>\u00a0Nono Hon\u00f3rio (Garibaldi)<\/li>\n<li><strong>3\u00ba lugar:<\/strong> Santa B\u00e1rbara (Caxias do Sul)<\/li>\n<\/ul>\n<p><strong>Suco de Uva Integral\u00a0\u00a0<\/strong><\/p>\n<ul>\n<li><strong>1\u00ba lugar:<\/strong>\u00a0Vin\u00edcola De\u00a0C\u00e9zaro\u00a0(Farroupilha)<\/li>\n<li><strong>2\u00ba lugar:<\/strong>\u00a0Coopernatural\u00a0(Picada Caf\u00e9)<\/li>\n<li><strong>3\u00ba lugar:<\/strong>\u00a0Casa\u00a0Zottis\u00a0(Bento Gon\u00e7alves)<\/li>\n<\/ul>\n<p><strong>Vinho Branco Fino Seco\u00a0\u00a0<\/strong><\/p>\n<ul>\n<li><strong>1\u00ba lugar:<\/strong>\u00a0Vinhos Adams (Nova Petr\u00f3polis)<\/li>\n<li><strong>2\u00ba lugar<\/strong>:\u00a0Speranza\u00a0Vinhos (Bento Gon\u00e7alves)<\/li>\n<li><strong>3\u00ba lugar:<\/strong>\u00a0Adega Mascarello (Flores da Cunha)<\/li>\n<\/ul>\n<p><strong>Vinho Branco de Mesa Seco\u00a0\u00a0<\/strong><\/p>\n<ul>\n<li><strong>1\u00ba lugar:<\/strong>\u00a0Vinhos Seu Z\u00e9 (Caxias do Sul)<\/li>\n<li><strong>2\u00ba lugar:<\/strong>\u00a0Casa\u00a0Hevian\u00a0(Caxias do Sul)<\/li>\n<li><strong>3\u00ba lugar:<\/strong>\u00a0Adega Mascarello (Flores da Cunha)<\/li>\n<\/ul>\n<p><strong>Vinho Tinto Fino Seco\u00a0\u00a0<\/strong><\/p>\n<ul>\n<li><strong>1\u00ba lugar:<\/strong>\u00a0Conquista de Santana (Santana do Livramento)<\/li>\n<li><strong>2\u00balugar:<\/strong>\u00a0S\u00edtio Rosa do Vale (Po\u00e7o das Antas)<\/li>\n<li><strong>3\u00ba lugar:<\/strong>\u00a0Vinhos\u00a0Foresti\u00a0(Pinto Bandeira)<\/li>\n<\/ul>\n<p><strong>Vinho Tinto de Mesa Seco Bord\u00f4\u00a0\u00a0<\/strong><\/p>\n<ul>\n<li><strong>1\u00ba lugar:<\/strong>\u00a0Adega\u00a0Carrini\u00a0(Cacique Doble)<\/li>\n<li><strong>2\u00ba lugar:<\/strong>\u00a0Vin\u00edcola\u00a0Herves\u00a0(Campestre da Serra)<\/li>\n<li><strong>3\u00ba lugar:<\/strong>\u00a0Vinhos Seu Z\u00e9 (Caxias do Sul)<\/li>\n<\/ul>\n<p><strong>Vinho Tinto de Mesa Seco Outras Variedades\u00a0\u00a0<\/strong><\/p>\n<blockquote><p><strong>1\u00ba lugar:<\/strong>\u00a0Adega\u00a0Carrini\u00a0(Cacique Doble)<\/p>\n<p><strong>2\u00ba lugar:<\/strong>\u00a0Casa\u00a0Zottis\u00a0(Bento Gon\u00e7alves)<\/p>\n<p><strong>3\u00ba lugar:<\/strong>\u00a0Vinho\u00a0Foresti\u00a0(Pinto Bandeira)<\/p>\n<p>Gerais.<\/p><\/blockquote>\n<p><em><span class=\"TextRun SCXW226586470 BCX0\" lang=\"pt-br\" xml:lang=\"pt-br\"><span class=\"NormalTextRun SCXW226586470 BCX0\">Texto:\u00a0<\/span><span class=\"NormalTextRun SCXW226586470 BCX0\">Guilherme\u00a0<\/span><span class=\"NormalTextRun SpellingErrorV2Themed SCXW226586470 BCX0\">Granez<\/span><span class=\"NormalTextRun SCXW226586470 BCX0\">\u00a0e Mauricio Sena\/<\/span><span class=\"NormalTextRun SCXW226586470 BCX0\">Ascom\u00a0<\/span><span class=\"NormalTextRun SCXW226586470 BCX0\">Expointet<\/span><\/span><span class=\"LineBreakBlob BlobObject DragDrop SCXW226586470 BCX0\"><span class=\"SCXW226586470 BCX0\">\u00a0<\/span><br class=\"SCXW226586470 BCX0\" \/><\/span><span class=\"TextRun SCXW226586470 BCX0\" lang=\"pt-br\" xml:lang=\"pt-br\"><span class=\"NormalTextRun SCXW226586470 BCX0\">Edi\u00e7\u00e3o:\u00a0<\/span><span class=\"NormalTextRun SCXW226586470 BCX0\">Ascom Expointer<\/span><\/span><\/em><\/p>\n","protected":false},"excerpt":{"rendered":"<p>Busca pela qualidade e a valoriza\u00e7\u00e3o dos produtos feitos no Estado s\u00e3o marcas registradas do pavilh\u00e3o. O Pavilh\u00e3o da Agricultura Familiar foi palco\u00a0do\u00a014\u00b0 Concurso de Produtos da Agroind\u00fastria Familiar. Vinculado \u00e0 programa\u00e7\u00e3o da Expointer 2026,\u00a0a sele\u00e7\u00e3o\u00a0premiou as melhores amostras\u00a0da produ\u00e7\u00e3o\u00a0do mercado formal de alimentos no Estado\u00a0apresentadas na feira. Ao longo&hellip;<\/p>\n","protected":false},"author":10,"featured_media":10086,"comment_status":"closed","ping_status":"closed","sticky":false,"template":"","format":"standard","meta":{"footnotes":"","jetpack_publicize_message":"","jetpack_publicize_feature_enabled":true,"jetpack_social_post_already_shared":true,"jetpack_social_options":{"image_generator_settings":{"template":"highway","default_image_id":0,"font":"","enabled":false},"version":2},"_members_access_role":[],"_members_access_error":""},"categories":[16,131],"tags":[115,330,212],"class_list":["post-10085","post","type-post","status-publish","format-standard","has-post-thumbnail","hentry","category-agricultura-familiar","category-destaques","tag-agricultura-familiar","tag-expointer","tag-pavilhao-da-agricultura-familiar"],"yoast_head":"<!-- This site is optimized with the Yoast SEO plugin v28.1 - https:\/\/yoast.com\/product\/yoast-seo-wordpress\/ -->\n<title>Pavilh\u00e3o da Agricultura Familiar consagra vencedores do 14\u00ba Concurso de Produtos na Expointer 2026 - MaisAgro<\/title>\n<meta name=\"description\" content=\"Primeiros colocados entre as amostras de doce de leite comercializadas na feira - Foto: Paulo Garcia\/Ascom Expointer\" \/>\n<meta name=\"robots\" content=\"index, follow, max-snippet:-1, max-image-preview:large, max-video-preview:-1\" \/>\n<link rel=\"canonical\" href=\"https:\/\/portalmaisagro.com\/?p=10085\" \/>\n<meta property=\"og:locale\" content=\"pt_BR\" \/>\n<meta property=\"og:type\" content=\"article\" \/>\n<meta property=\"og:title\" content=\"Pavilh\u00e3o da Agricultura Familiar consagra vencedores do 14\u00ba Concurso de Produtos na Expointer 2026 - MaisAgro\" \/>\n<meta property=\"og:description\" content=\"Primeiros colocados entre as amostras de doce de leite comercializadas na feira - Foto: Paulo Garcia\/Ascom Expointer\" \/>\n<meta property=\"og:url\" content=\"https:\/\/portalmaisagro.com\/?p=10085\" \/>\n<meta property=\"og:site_name\" content=\"MaisAgro\" \/>\n<meta property=\"article:publisher\" content=\"https:\/\/www.facebook.com\/maisagroportal\" \/>\n<meta property=\"article:published_time\" content=\"2026-09-06T19:02:55+00:00\" \/>\n<meta property=\"article:modified_time\" content=\"2026-09-06T19:57:01+00:00\" \/>\n<meta property=\"og:image\" content=\"https:\/\/portalmaisagro.com\/wp-content\/uploads\/2026\/09\/Primeiros-colocados-entre-as-amostras-de-doce-de-leite-comercializadas-na-feira-Foto-Paulo-Garcia-Ascom-Expointer.jpg\" \/>\n\t<meta property=\"og:image:width\" content=\"800\" \/>\n\t<meta property=\"og:image:height\" content=\"450\" \/>\n\t<meta property=\"og:image:type\" content=\"image\/jpeg\" \/>\n<meta name=\"author\" content=\"Taiane do Carmo\" \/>\n<meta name=\"twitter:card\" content=\"summary_large_image\" \/>\n<meta name=\"twitter:label1\" content=\"Escrito por\" \/>\n\t<meta name=\"twitter:data1\" content=\"Taiane do Carmo\" \/>\n\t<meta name=\"twitter:label2\" content=\"Est. tempo de leitura\" \/>\n\t<meta name=\"twitter:data2\" content=\"7 minutos\" \/>\n<script type=\"application\/ld+json\" class=\"yoast-schema-graph\">{\"@context\":\"https:\\\/\\\/schema.org\",\"@graph\":[{\"@type\":\"Article\",\"@id\":\"https:\\\/\\\/portalmaisagro.com\\\/?p=10085#article\",\"isPartOf\":{\"@id\":\"https:\\\/\\\/portalmaisagro.com\\\/?p=10085\"},\"author\":{\"name\":\"Taiane do Carmo\",\"@id\":\"https:\\\/\\\/portalmaisagro.com\\\/#\\\/schema\\\/person\\\/ade0f16b5a3434e1ec47b1fbdb9b9318\"},\"headline\":\"Pavilh\u00e3o da Agricultura Familiar consagra vencedores do 14\u00ba Concurso de Produtos na Expointer 2026\",\"datePublished\":\"2026-09-06T19:02:55+00:00\",\"dateModified\":\"2026-09-06T19:57:01+00:00\",\"mainEntityOfPage\":{\"@id\":\"https:\\\/\\\/portalmaisagro.com\\\/?p=10085\"},\"wordCount\":1301,\"publisher\":{\"@id\":\"https:\\\/\\\/portalmaisagro.com\\\/#organization\"},\"image\":{\"@id\":\"https:\\\/\\\/portalmaisagro.com\\\/?p=10085#primaryimage\"},\"thumbnailUrl\":\"https:\\\/\\\/portalmaisagro.com\\\/wp-content\\\/uploads\\\/2026\\\/09\\\/Primeiros-colocados-entre-as-amostras-de-doce-de-leite-comercializadas-na-feira-Foto-Paulo-Garcia-Ascom-Expointer.jpg\",\"keywords\":[\"agricultura familiar\",\"expointer\",\"Pavilh\u00e3o da Agricultura Familiar\"],\"articleSection\":[\"AGRICULTURA FAMILIAR\",\"DESTAQUES\"],\"inLanguage\":\"pt-BR\"},{\"@type\":\"WebPage\",\"@id\":\"https:\\\/\\\/portalmaisagro.com\\\/?p=10085\",\"url\":\"https:\\\/\\\/portalmaisagro.com\\\/?p=10085\",\"name\":\"Pavilh\u00e3o da Agricultura Familiar consagra vencedores do 14\u00ba Concurso de Produtos na Expointer 2026 - MaisAgro\",\"isPartOf\":{\"@id\":\"https:\\\/\\\/portalmaisagro.com\\\/#website\"},\"primaryImageOfPage\":{\"@id\":\"https:\\\/\\\/portalmaisagro.com\\\/?p=10085#primaryimage\"},\"image\":{\"@id\":\"https:\\\/\\\/portalmaisagro.com\\\/?p=10085#primaryimage\"},\"thumbnailUrl\":\"https:\\\/\\\/portalmaisagro.com\\\/wp-content\\\/uploads\\\/2026\\\/09\\\/Primeiros-colocados-entre-as-amostras-de-doce-de-leite-comercializadas-na-feira-Foto-Paulo-Garcia-Ascom-Expointer.jpg\",\"datePublished\":\"2026-09-06T19:02:55+00:00\",\"dateModified\":\"2026-09-06T19:57:01+00:00\",\"description\":\"Primeiros colocados entre as amostras de doce de leite comercializadas na feira - Foto: Paulo Garcia\\\/Ascom Expointer\",\"breadcrumb\":{\"@id\":\"https:\\\/\\\/portalmaisagro.com\\\/?p=10085#breadcrumb\"},\"inLanguage\":\"pt-BR\",\"potentialAction\":[{\"@type\":\"ReadAction\",\"target\":[\"https:\\\/\\\/portalmaisagro.com\\\/?p=10085\"]}]},{\"@type\":\"ImageObject\",\"inLanguage\":\"pt-BR\",\"@id\":\"https:\\\/\\\/portalmaisagro.com\\\/?p=10085#primaryimage\",\"url\":\"https:\\\/\\\/portalmaisagro.com\\\/wp-content\\\/uploads\\\/2026\\\/09\\\/Primeiros-colocados-entre-as-amostras-de-doce-de-leite-comercializadas-na-feira-Foto-Paulo-Garcia-Ascom-Expointer.jpg\",\"contentUrl\":\"https:\\\/\\\/portalmaisagro.com\\\/wp-content\\\/uploads\\\/2026\\\/09\\\/Primeiros-colocados-entre-as-amostras-de-doce-de-leite-comercializadas-na-feira-Foto-Paulo-Garcia-Ascom-Expointer.jpg\",\"width\":800,\"height\":450},{\"@type\":\"BreadcrumbList\",\"@id\":\"https:\\\/\\\/portalmaisagro.com\\\/?p=10085#breadcrumb\",\"itemListElement\":[{\"@type\":\"ListItem\",\"position\":1,\"name\":\"In\u00edcio\",\"item\":\"https:\\\/\\\/portalmaisagro.com\\\/\"},{\"@type\":\"ListItem\",\"position\":2,\"name\":\"Pavilh\u00e3o da Agricultura Familiar consagra vencedores do 14\u00ba Concurso de Produtos na Expointer 2026\"}]},{\"@type\":\"WebSite\",\"@id\":\"https:\\\/\\\/portalmaisagro.com\\\/#website\",\"url\":\"https:\\\/\\\/portalmaisagro.com\\\/\",\"name\":\"MaisAgro\",\"description\":\"O portal do agroneg\u00f3cio\",\"publisher\":{\"@id\":\"https:\\\/\\\/portalmaisagro.com\\\/#organization\"},\"potentialAction\":[{\"@type\":\"SearchAction\",\"target\":{\"@type\":\"EntryPoint\",\"urlTemplate\":\"https:\\\/\\\/portalmaisagro.com\\\/?s={search_term_string}\"},\"query-input\":{\"@type\":\"PropertyValueSpecification\",\"valueRequired\":true,\"valueName\":\"search_term_string\"}}],\"inLanguage\":\"pt-BR\"},{\"@type\":\"Organization\",\"@id\":\"https:\\\/\\\/portalmaisagro.com\\\/#organization\",\"name\":\"MaisAgro\",\"url\":\"https:\\\/\\\/portalmaisagro.com\\\/\",\"logo\":{\"@type\":\"ImageObject\",\"inLanguage\":\"pt-BR\",\"@id\":\"https:\\\/\\\/portalmaisagro.com\\\/#\\\/schema\\\/logo\\\/image\\\/\",\"url\":\"https:\\\/\\\/portalmaisagro.com\\\/wp-content\\\/uploads\\\/2024\\\/11\\\/logo_oficial-e1749247575377.png\",\"contentUrl\":\"https:\\\/\\\/portalmaisagro.com\\\/wp-content\\\/uploads\\\/2024\\\/11\\\/logo_oficial-e1749247575377.png\",\"width\":513,\"height\":107,\"caption\":\"MaisAgro\"},\"image\":{\"@id\":\"https:\\\/\\\/portalmaisagro.com\\\/#\\\/schema\\\/logo\\\/image\\\/\"},\"sameAs\":[\"https:\\\/\\\/www.facebook.com\\\/maisagroportal\"]},{\"@type\":\"Person\",\"@id\":\"https:\\\/\\\/portalmaisagro.com\\\/#\\\/schema\\\/person\\\/ade0f16b5a3434e1ec47b1fbdb9b9318\",\"name\":\"Taiane do Carmo\",\"image\":{\"@type\":\"ImageObject\",\"inLanguage\":\"pt-BR\",\"@id\":\"https:\\\/\\\/portalmaisagro.com\\\/wp-content\\\/uploads\\\/2026\\\/04\\\/images.jpeg640e5d69297d7dd56cc39a10251ad7db\",\"url\":\"https:\\\/\\\/portalmaisagro.com\\\/wp-content\\\/uploads\\\/2026\\\/04\\\/images.jpeg\",\"contentUrl\":\"https:\\\/\\\/portalmaisagro.com\\\/wp-content\\\/uploads\\\/2026\\\/04\\\/images.jpeg\",\"caption\":\"Taiane do Carmo\"},\"url\":\"https:\\\/\\\/portalmaisagro.com\\\/?author=10\"}]}<\/script>\n<!-- \/ Yoast SEO plugin. -->","yoast_head_json":{"title":"Pavilh\u00e3o da Agricultura Familiar consagra vencedores do 14\u00ba Concurso de Produtos na Expointer 2026 - MaisAgro","description":"Primeiros colocados entre as amostras de doce de leite comercializadas na feira - Foto: Paulo Garcia\/Ascom Expointer","robots":{"index":"index","follow":"follow","max-snippet":"max-snippet:-1","max-image-preview":"max-image-preview:large","max-video-preview":"max-video-preview:-1"},"canonical":"https:\/\/portalmaisagro.com\/?p=10085","og_locale":"pt_BR","og_type":"article","og_title":"Pavilh\u00e3o da Agricultura Familiar consagra vencedores do 14\u00ba Concurso de Produtos na Expointer 2026 - MaisAgro","og_description":"Primeiros colocados entre as amostras de doce de leite comercializadas na feira - Foto: Paulo Garcia\/Ascom Expointer","og_url":"https:\/\/portalmaisagro.com\/?p=10085","og_site_name":"MaisAgro","article_publisher":"https:\/\/www.facebook.com\/maisagroportal","article_published_time":"2026-09-06T19:02:55+00:00","article_modified_time":"2026-09-06T19:57:01+00:00","og_image":[{"width":800,"height":450,"url":"https:\/\/portalmaisagro.com\/wp-content\/uploads\/2026\/09\/Primeiros-colocados-entre-as-amostras-de-doce-de-leite-comercializadas-na-feira-Foto-Paulo-Garcia-Ascom-Expointer.jpg","type":"image\/jpeg"}],"author":"Taiane do Carmo","twitter_card":"summary_large_image","twitter_misc":{"Escrito por":"Taiane do Carmo","Est. tempo de leitura":"7 minutos"},"schema":{"@context":"https:\/\/schema.org","@graph":[{"@type":"Article","@id":"https:\/\/portalmaisagro.com\/?p=10085#article","isPartOf":{"@id":"https:\/\/portalmaisagro.com\/?p=10085"},"author":{"name":"Taiane do Carmo","@id":"https:\/\/portalmaisagro.com\/#\/schema\/person\/ade0f16b5a3434e1ec47b1fbdb9b9318"},"headline":"Pavilh\u00e3o da Agricultura Familiar consagra vencedores do 14\u00ba Concurso de Produtos na Expointer 2026","datePublished":"2026-09-06T19:02:55+00:00","dateModified":"2026-09-06T19:57:01+00:00","mainEntityOfPage":{"@id":"https:\/\/portalmaisagro.com\/?p=10085"},"wordCount":1301,"publisher":{"@id":"https:\/\/portalmaisagro.com\/#organization"},"image":{"@id":"https:\/\/portalmaisagro.com\/?p=10085#primaryimage"},"thumbnailUrl":"https:\/\/portalmaisagro.com\/wp-content\/uploads\/2026\/09\/Primeiros-colocados-entre-as-amostras-de-doce-de-leite-comercializadas-na-feira-Foto-Paulo-Garcia-Ascom-Expointer.jpg","keywords":["agricultura familiar","expointer","Pavilh\u00e3o da Agricultura Familiar"],"articleSection":["AGRICULTURA FAMILIAR","DESTAQUES"],"inLanguage":"pt-BR"},{"@type":"WebPage","@id":"https:\/\/portalmaisagro.com\/?p=10085","url":"https:\/\/portalmaisagro.com\/?p=10085","name":"Pavilh\u00e3o da Agricultura Familiar consagra vencedores do 14\u00ba Concurso de Produtos na Expointer 2026 - MaisAgro","isPartOf":{"@id":"https:\/\/portalmaisagro.com\/#website"},"primaryImageOfPage":{"@id":"https:\/\/portalmaisagro.com\/?p=10085#primaryimage"},"image":{"@id":"https:\/\/portalmaisagro.com\/?p=10085#primaryimage"},"thumbnailUrl":"https:\/\/portalmaisagro.com\/wp-content\/uploads\/2026\/09\/Primeiros-colocados-entre-as-amostras-de-doce-de-leite-comercializadas-na-feira-Foto-Paulo-Garcia-Ascom-Expointer.jpg","datePublished":"2026-09-06T19:02:55+00:00","dateModified":"2026-09-06T19:57:01+00:00","description":"Primeiros colocados entre as amostras de doce de leite comercializadas na feira - Foto: Paulo Garcia\/Ascom Expointer","breadcrumb":{"@id":"https:\/\/portalmaisagro.com\/?p=10085#breadcrumb"},"inLanguage":"pt-BR","potentialAction":[{"@type":"ReadAction","target":["https:\/\/portalmaisagro.com\/?p=10085"]}]},{"@type":"ImageObject","inLanguage":"pt-BR","@id":"https:\/\/portalmaisagro.com\/?p=10085#primaryimage","url":"https:\/\/portalmaisagro.com\/wp-content\/uploads\/2026\/09\/Primeiros-colocados-entre-as-amostras-de-doce-de-leite-comercializadas-na-feira-Foto-Paulo-Garcia-Ascom-Expointer.jpg","contentUrl":"https:\/\/portalmaisagro.com\/wp-content\/uploads\/2026\/09\/Primeiros-colocados-entre-as-amostras-de-doce-de-leite-comercializadas-na-feira-Foto-Paulo-Garcia-Ascom-Expointer.jpg","width":800,"height":450},{"@type":"BreadcrumbList","@id":"https:\/\/portalmaisagro.com\/?p=10085#breadcrumb","itemListElement":[{"@type":"ListItem","position":1,"name":"In\u00edcio","item":"https:\/\/portalmaisagro.com\/"},{"@type":"ListItem","position":2,"name":"Pavilh\u00e3o da Agricultura Familiar consagra vencedores do 14\u00ba Concurso de Produtos na Expointer 2026"}]},{"@type":"WebSite","@id":"https:\/\/portalmaisagro.com\/#website","url":"https:\/\/portalmaisagro.com\/","name":"MaisAgro","description":"O portal do agroneg\u00f3cio","publisher":{"@id":"https:\/\/portalmaisagro.com\/#organization"},"potentialAction":[{"@type":"SearchAction","target":{"@type":"EntryPoint","urlTemplate":"https:\/\/portalmaisagro.com\/?s={search_term_string}"},"query-input":{"@type":"PropertyValueSpecification","valueRequired":true,"valueName":"search_term_string"}}],"inLanguage":"pt-BR"},{"@type":"Organization","@id":"https:\/\/portalmaisagro.com\/#organization","name":"MaisAgro","url":"https:\/\/portalmaisagro.com\/","logo":{"@type":"ImageObject","inLanguage":"pt-BR","@id":"https:\/\/portalmaisagro.com\/#\/schema\/logo\/image\/","url":"https:\/\/portalmaisagro.com\/wp-content\/uploads\/2024\/11\/logo_oficial-e1749247575377.png","contentUrl":"https:\/\/portalmaisagro.com\/wp-content\/uploads\/2024\/11\/logo_oficial-e1749247575377.png","width":513,"height":107,"caption":"MaisAgro"},"image":{"@id":"https:\/\/portalmaisagro.com\/#\/schema\/logo\/image\/"},"sameAs":["https:\/\/www.facebook.com\/maisagroportal"]},{"@type":"Person","@id":"https:\/\/portalmaisagro.com\/#\/schema\/person\/ade0f16b5a3434e1ec47b1fbdb9b9318","name":"Taiane do Carmo","image":{"@type":"ImageObject","inLanguage":"pt-BR","@id":"https:\/\/portalmaisagro.com\/wp-content\/uploads\/2026\/04\/images.jpeg640e5d69297d7dd56cc39a10251ad7db","url":"https:\/\/portalmaisagro.com\/wp-content\/uploads\/2026\/04\/images.jpeg","contentUrl":"https:\/\/portalmaisagro.com\/wp-content\/uploads\/2026\/04\/images.jpeg","caption":"Taiane do Carmo"},"url":"https:\/\/portalmaisagro.com\/?author=10"}]}},"jetpack_publicize_connections":[],"authors":[],"_links":{"self":[{"href":"https:\/\/portalmaisagro.com\/index.php?rest_route=\/wp\/v2\/posts\/10085","targetHints":{"allow":["GET"]}}],"collection":[{"href":"https:\/\/portalmaisagro.com\/index.php?rest_route=\/wp\/v2\/posts"}],"about":[{"href":"https:\/\/portalmaisagro.com\/index.php?rest_route=\/wp\/v2\/types\/post"}],"author":[{"embeddable":true,"href":"https:\/\/portalmaisagro.com\/index.php?rest_route=\/wp\/v2\/users\/10"}],"replies":[{"embeddable":true,"href":"https:\/\/portalmaisagro.com\/index.php?rest_route=%2Fwp%2Fv2%2Fcomments&post=10085"}],"version-history":[{"count":4,"href":"https:\/\/portalmaisagro.com\/index.php?rest_route=\/wp\/v2\/posts\/10085\/revisions"}],"predecessor-version":[{"id":10092,"href":"https:\/\/portalmaisagro.com\/index.php?rest_route=\/wp\/v2\/posts\/10085\/revisions\/10092"}],"wp:featuredmedia":[{"embeddable":true,"href":"https:\/\/portalmaisagro.com\/index.php?rest_route=\/wp\/v2\/media\/10086"}],"wp:attachment":[{"href":"https:\/\/portalmaisagro.com\/index.php?rest_route=%2Fwp%2Fv2%2Fmedia&parent=10085"}],"wp:term":[{"taxonomy":"category","embeddable":true,"href":"https:\/\/portalmaisagro.com\/index.php?rest_route=%2Fwp%2Fv2%2Fcategories&post=10085"},{"taxonomy":"post_tag","embeddable":true,"href":"https:\/\/portalmaisagro.com\/index.php?rest_route=%2Fwp%2Fv2%2Ftags&post=10085"}],"curies":[{"name":"wp","href":"https:\/\/api.w.org\/{rel}","templated":true}]}}