{"id":10072,"date":"2026-09-04T11:21:16","date_gmt":"2026-09-04T14:21:16","guid":{"rendered":"https:\/\/portalmaisagro.com\/?p=10072"},"modified":"2026-09-04T11:21:16","modified_gmt":"2026-09-04T14:21:16","slug":"previsao-para-sexta-feira-04-e-sabado-05","status":"publish","type":"post","link":"https:\/\/portalmaisagro.com\/?p=10072","title":{"rendered":"Previs\u00e3o para sexta-feira (04) e s\u00e1bado (05):"},"content":{"rendered":"<p><img loading=\"lazy\" decoding=\"async\" class=\" wp-image-10073\" src=\"https:\/\/portalmaisagro.com\/wp-content\/uploads\/2026\/09\/rain-falling-on-evergreen-branch-with-water-drople-2026-03-20-00-00-07-utc-1024x540.jpg\" alt=\"\" width=\"767\" height=\"405\" srcset=\"https:\/\/portalmaisagro.com\/wp-content\/uploads\/2026\/09\/rain-falling-on-evergreen-branch-with-water-drople-2026-03-20-00-00-07-utc-1024x540.jpg 1024w, https:\/\/portalmaisagro.com\/wp-content\/uploads\/2026\/09\/rain-falling-on-evergreen-branch-with-water-drople-2026-03-20-00-00-07-utc-300x158.jpg 300w, https:\/\/portalmaisagro.com\/wp-content\/uploads\/2026\/09\/rain-falling-on-evergreen-branch-with-water-drople-2026-03-20-00-00-07-utc-768x405.jpg 768w, https:\/\/portalmaisagro.com\/wp-content\/uploads\/2026\/09\/rain-falling-on-evergreen-branch-with-water-drople-2026-03-20-00-00-07-utc-1536x810.jpg 1536w, https:\/\/portalmaisagro.com\/wp-content\/uploads\/2026\/09\/rain-falling-on-evergreen-branch-with-water-drople-2026-03-20-00-00-07-utc-2048x1080.jpg 2048w, https:\/\/portalmaisagro.com\/wp-content\/uploads\/2026\/09\/rain-falling-on-evergreen-branch-with-water-drople-2026-03-20-00-00-07-utc-150x79.jpg 150w\" sizes=\"auto, (max-width: 767px) 100vw, 767px\" \/><\/p>\n<p class=\"subheading\" style=\"text-align: justify\">Frente fria, \u00e1reas de baixa press\u00e3o e canal de umidade trazem chuva e perigo potencial para tempestades em partes do Centro-Oeste, Sudeste e Sul do Brasil. Temperaturas voltam a cair na Regi\u00e3o Sul<\/p>\n<p style=\"text-align: justify\">A r\u00e1pida passagem de uma frente fria pelo Oceano Atl\u00e2ntico, a atua\u00e7\u00e3o de um cavado (\u00e1rea alongada de baixa press\u00e3o) sobre a regi\u00e3o Sul e a presen\u00e7a de \u00e1reas de baixa press\u00e3o no interior do continente aumentam a instabilidade no primeiro fim de semana de setembro. Com isso, h\u00e1 aviso amarelo de perigo potencial para tempestades em parte dos estados do Centro-Oeste, Sudeste e Sul do Brasil, onde um canal de umidade se estabelece e contribui para o transporte de calor e umidade, o que favorece a forma\u00e7\u00e3o de tempestades. At\u00e9 s\u00e1bado, a instabilidade aumenta no oeste da Amaz\u00f4nia, com risco de chuva e trovoadas em Rond\u00f4nia, Amazonas e no sudoeste do Par\u00e1. No Rio Grande do Sul, a aproxima\u00e7\u00e3o de uma \u00e1rea de alta press\u00e3o deve favorecer condi\u00e7\u00f5es mais est\u00e1veis, principalmente no centro-sul do estado, onde as temperaturas voltam a cair.<\/p>\n<p style=\"text-align: justify\"><strong>REGI\u00c3O NORTE<\/strong><\/p>\n<p style=\"text-align: justify\"><strong>Sexta-feira (04).\u00a0<\/strong>O c\u00e9u fica com muitas nuvens em toda a Regi\u00e3o Norte. No oeste e noroeste do Amazonas, na regi\u00e3o dos munic\u00edpios de Tabatinga (AM) e S\u00e3o Gabriel da Cachoeira (AM), ocorrem pancadas de chuva com trovoadas isoladas. No sudeste do Par\u00e1 e no centro-oeste de Tocantins, na regi\u00e3o dos munic\u00edpios de Parauapebas (PA), S\u00e3o F\u00e9lix do Xingu (PA) e Presidente Kennedy (TO), ocorrem pancadas de chuva isoladas. No Acre, no centro-norte de Rond\u00f4nia, no sudoeste do Par\u00e1, no sul e sudeste do Amazonas e no centro-sul de Tocantins, incluindo a capital Palmas (TO), h\u00e1 possibilidade de chuva isolada. Nas demais \u00e1reas, como em Manaus (AM), Boa Vista (RR), Macap\u00e1 (AP) e Bel\u00e9m (PA), n\u00e3o h\u00e1 previs\u00e3o de chuva. O calor continua intenso em grande parte da regi\u00e3o e a temperatura m\u00e1xima chega a 38 \u00b0C em Porto Velho (RO) e Palmas (TO), e a 37 \u00b0C em Manaus (AM). Entre as capitais, a temperatura m\u00ednima ser\u00e1 de 22 \u00b0C em Rio Branco (AC).<\/p>\n<p style=\"text-align: justify\"><em>Para sexta-feira, h\u00e1 aviso amarelo de perigo potencial para baixa umidade do ar durante a tarde no centro-sul de Tocantins, incluindo a capital Palmas (TO).<\/em><\/p>\n<p style=\"text-align: justify\"><strong>S\u00e1bado (05).<\/strong>\u00a0As instabilidades aumentam sobre a regi\u00e3o. No Amazonas, em Rond\u00f4nia e no sudoeste do Par\u00e1, ocorrem pancadas de chuva com trovoadas isoladas. Chuvas isoladas ocorrem no Acre, no centro-oeste de Roraima, no centro-sul de Tocantins, no norte e leste do Amap\u00e1 e na faixa litor\u00e2nea do Par\u00e1. Nas demais \u00e1reas, haver\u00e1 muitas nuvens, sem previs\u00e3o de chuva. Entre as capitais, a m\u00e1xima ser\u00e1 de 37 \u00b0C em Manaus (AM) e de 35 \u00b0C em Palmas (TO) e Boa Vista (RR). A temperatura m\u00ednima ser\u00e1 de 21 \u00b0C em Rio Branco (AC).<\/p>\n<p style=\"text-align: justify\"><strong>REGI\u00c3O NORDESTE<\/strong><\/p>\n<p style=\"text-align: justify\"><strong>Sexta-feira (04).<\/strong>\u00a0O dia come\u00e7a est\u00e1vel em grande parte da regi\u00e3o. O c\u00e9u fica com muitas nuvens ao longo da faixa litor\u00e2nea, com possibilidade de chuva isolada apenas para o litoral centro-sul da Bahia, incluindo a capital Salvador (BA). Durante a tarde, essa possibilidade de pancadas de chuva isoladas se estende pelo litoral norte da Bahia, de Sergipe, Alagoas, Pernambuco e Para\u00edba at\u00e9 o litoral leste do Rio Grande do Norte. No per\u00edodo da noite, n\u00e3o deve chover na regi\u00e3o. A temperatura m\u00ednima entre as capitais ser\u00e1 de 22 \u00b0C em Macei\u00f3 (AL), e a m\u00e1xima, de 38 \u00b0C em Teresina (PI). Em Natal (RN), o dia ser\u00e1 quente, com m\u00ednima de 23 \u00b0C e m\u00e1xima de 32 \u00b0C. Em Fortaleza (CE), a amplitude t\u00e9rmica \u00e9 um pouco menor, a temperatura varia entre a m\u00ednima de 24 \u00b0C e a m\u00e1xima de 31 \u00b0C.<\/p>\n<p style=\"text-align: justify\"><em>No interior da Regi\u00e3o Nordeste, a umidade do ar fica baixa. H\u00e1 aviso amarelo de perigo potencial para baixa umidade do ar em grande parte do Piau\u00ed, no centro-sul do Cear\u00e1, sudoeste do Rio Grande do Norte, oeste da Para\u00edba, de Pernambuco e de Alagoas, e em grande parte do interior da Bahia.<\/em><\/p>\n<p style=\"text-align: justify\"><strong>S\u00e1bado (05).<\/strong>\u00a0O sol predomina com poucas nuvens em grande parte do Nordeste, principalmente em seu interior. Ao longo da faixa litor\u00e2nea, a nebulosidade \u00e9 um pouco maior. Com isso, h\u00e1 possibilidade de chuva isolada no litoral sul da Bahia, no litoral de Alagoas, no leste de Pernambuco, da Para\u00edba e do Rio Grande do Norte, e no litoral do Maranh\u00e3o. No sul do Maranh\u00e3o, do Piau\u00ed e no oeste da Bahia, o c\u00e9u fica com muitas nuvens, com possibilidade de chuva isolada nas regi\u00f5es de Lu\u00eds Eduardo Magalh\u00e3es (BA) e Correntina (BA). Entre as capitais, a temperatura m\u00ednima ser\u00e1 de 21 \u00b0C em Macei\u00f3 (AL). A m\u00e1xima chega a 38 \u00b0C em Teresina (PI).<\/p>\n<p style=\"text-align: justify\"><strong>REGI\u00c3O CENTRO-OESTE<\/strong><\/p>\n<p style=\"text-align: justify\"><strong>Sexta-feira (04).<\/strong>\u00a0O c\u00e9u fica com muitas nuvens em toda a regi\u00e3o. H\u00e1 possibilidade de chuva isolada logo pela manh\u00e3 no norte de Mato Grosso e de Goi\u00e1s, no Distrito Federal e no centro-sul de Mato Grosso do Sul. Aos poucos, a instabilidade aumenta no sul de Mato Grosso do Sul e, a partir da tarde, passam a ocorrer pancadas de chuva com trovoadas isoladas no centro-sul do estado. No norte e oeste de Mato Grosso do Sul ocorrem chuvas isoladas, e no norte de Goi\u00e1s e no Distrito Federal h\u00e1 possibilidade de chuva isolada. As temperaturas entre as capitais variam de 19 \u00b0C em Campo Grande (MS) a 37 \u00b0C em Cuiab\u00e1 (MT). O dia ser\u00e1 quente em Bras\u00edlia (DF) e Campo Grande (MS), com m\u00e1xima de 32 \u00b0C.<\/p>\n<p style=\"text-align: justify\"><em>Com o aumento da instabilidade sobre Mato Grosso do Sul, h\u00e1 aviso amarelo de perigo potencial para tempestade no centro-sul do estado, em munic\u00edpios como Porto Murtinho (MS), Bela Vista (MS), Amambai (MS), Ponta Por\u00e3 (MS), Dourados (MS), Iguatemi (MS) e Ivinhema (MS). Por outro lado, para\u00a0<\/em>o norte de Mato Grosso do Sul, o oeste, centro-sul e leste de Mato Grosso, para Goi\u00e1s e para o Distrito Federal, h\u00e1 aviso amarelo de perigo potencial para baixa umidade do ar durante a tarde.<\/p>\n<p style=\"text-align: justify\"><strong>S\u00e1bado (05).<\/strong>\u00a0A instabilidade aumenta ainda mais e o dia ser\u00e1 chuvoso, com trovoadas, no centro-sul de Mato Grosso do Sul. Pancadas de chuva com trovoadas isoladas tamb\u00e9m ocorrem em grande parte de Mato Grosso, principalmente no noroeste, centro-oeste e sul do estado, e no sul de Goi\u00e1s. Nas demais \u00e1reas de Goi\u00e1s, no Distrito Federal e no leste de Mato Grosso, ocorrem pancadas de chuva isoladas. Devido \u00e0 maior nebulosidade, as temperaturas m\u00e1ximas n\u00e3o sobem tanto quanto nos \u00faltimos dias. A m\u00e1xima chega a 35 \u00b0C em Cuiab\u00e1 (MT), 33 \u00b0C em Goi\u00e2nia (GO), 30 \u00b0C em Campo Grande (MS) e n\u00e3o passa dos 29 \u00b0C em Bras\u00edlia (DF). A m\u00ednima entre as capitais chega a 18 \u00b0C em Campo Grande (MS).<\/p>\n<p style=\"text-align: justify\"><em>Para<\/em>\u00a0s\u00e1bado, h\u00e1 aviso amarelo de perigo potencial para tempestades para todo o estado de Mato Grosso do Sul e para o sul de Mato Grosso e de Goi\u00e1s.<\/p>\n<p style=\"text-align: justify\"><strong>REGI\u00c3O SUDESTE<\/strong><\/p>\n<p style=\"text-align: justify\"><strong>Sexta-feira (04).<\/strong>\u00a0O dia come\u00e7a com sol forte e poucas nuvens em Minas Gerais e no oeste do Rio de Janeiro e do Esp\u00edrito Santo. Nas demais \u00e1reas, o c\u00e9u fica com muitas nuvens e h\u00e1 possibilidade de chuvas isoladas no centro-sul, oeste e leste de S\u00e3o Paulo, incluindo a capital S\u00e3o Paulo (SP). Durante a tarde e no per\u00edodo da noite, a instabilidade aumenta na divisa de S\u00e3o Paulo com o Paran\u00e1, onde ocorrem pancadas de chuva com trovoadas isoladas. Em Minas Gerais, o predom\u00ednio segue sendo de poucas nuvens, e nas demais \u00e1reas o c\u00e9u fica com muitas nuvens, mas sem chuva. Entre as capitais, a temperatura varia entre a m\u00ednima de 13 \u00b0C em Belo Horizonte (MG) e a m\u00e1xima de 32 \u00b0C no Rio de Janeiro (RJ).<\/p>\n<p style=\"text-align: justify\"><em>Na sexta-feira, h\u00e1 aviso amarelo de perigo potencial para tempestades no centro-sul de S\u00e3o Paulo, principalmente nas \u00e1reas de divisa com o Paran\u00e1. J\u00e1 para o norte de S\u00e3o Paulo, Tri\u00e2ngulo Mineiro e noroeste de Minas Gerais, h\u00e1 aviso amarelo de perigo potencial para baixa umidade do ar durante a\u00a0<\/em>tarde.<\/p>\n<p style=\"text-align: justify\"><strong>S\u00e1bado (05).<\/strong>\u00a0No centro-sul de S\u00e3o Paulo, o dia ser\u00e1 chuvoso com trovoadas. Pancadas de chuva com trovoadas isoladas tamb\u00e9m ocorrem nas demais \u00e1reas do estado paulista, no centro-sul do Rio de Janeiro, no Tri\u00e2ngulo Mineiro e no sul de Minas Gerais. No oeste mineiro, ocorrem pancadas de chuva isoladas. Nas demais \u00e1reas do Rio de Janeiro, no extremo sul do Esp\u00edrito Santo e na regi\u00e3o central de Minas Gerais, incluindo a capital Belo Horizonte (MG), o c\u00e9u fica com muitas nuvens e h\u00e1 possibilidade de chuva isolada. No norte de Minas Gerais, e nas demais \u00e1reas do estado mineiro, o dia ter\u00e1 muitas nuvens, mas sem chuva. Entre as capitais, a temperatura m\u00ednima ser\u00e1 de 15 \u00b0C em S\u00e3o Paulo (SP) e em Belo Horizonte (MG). Durante a tarde de s\u00e1bado, faz muito calor em Belo Horizonte (MG), com m\u00e1xima de 32 \u00b0C. Nas \u00e1reas com chuva, a temperatura n\u00e3o sobe muito. No Rio de Janeiro (RJ), a m\u00e1xima n\u00e3o passa dos 26 \u00b0C e, em S\u00e3o Paulo (SP), dos 22 \u00b0C.<\/p>\n<p style=\"text-align: justify\"><em>Devido \u00e0 instabilidade crescente sobre a regi\u00e3o, para s\u00e1bado h\u00e1 aviso amarelo de perigo potencial para tempestades em todo o estado de S\u00e3o Paulo e no Rio de Janeiro, e para o centro-sul de Minas Gerais e do Esp\u00edrito Santo, v\u00e1lido para todas as capitais da regi\u00e3o.<\/em><\/p>\n<p style=\"text-align: justify\"><strong>REGI\u00c3O SUL<\/strong><\/p>\n<p style=\"text-align: justify\"><strong>Sexta-feira (04).<\/strong>\u00a0Ao amanhecer, muitas nuvens figuram sobre a regi\u00e3o. Pela manh\u00e3, h\u00e1 possibilidade de chuva isolada no Paran\u00e1, em Santa Catarina e no norte e leste do Rio Grande do Sul, incluindo todas as capitais. Durante a tarde e tamb\u00e9m \u00e0 noite, a instabilidade aumenta no Paran\u00e1, em Santa Catarina e no norte do Rio Grande do Sul, onde ocorrem pancadas de chuva com trovoadas isoladas, incluindo as capitais Curitiba (PR) e Florian\u00f3polis (SC). Na regi\u00e3o de Porto Alegre (RS), ocorrem chuvas isoladas no per\u00edodo da tarde, e no centro-sul do Rio Grande do Sul o c\u00e9u fica com muitas nuvens, sem chuva. Entre as capitais, a m\u00ednima ser\u00e1 de 11 \u00b0C em Curitiba (PR) e de 12 \u00b0C em Porto Alegre (RS). A m\u00e1xima chega a 23 \u00b0C em Curitiba, mas n\u00e3o passa dos 18 \u00b0C em Florian\u00f3polis (SC) e em Porto Alegre (RS).<\/p>\n<p style=\"text-align: justify\"><em>Na sexta-feira, h\u00e1 aviso amarelo de perigo potencial para tempestades no Paran\u00e1<\/em>, em Santa Catarina, e para o extremo norte do Rio Grande do Sul.<\/p>\n<p style=\"text-align: justify\"><strong>S\u00e1bado (05).<\/strong>\u00a0Na divisa do Paran\u00e1 com Santa Catarina, ocorrem pancadas de chuva com trovoadas isoladas. Nas demais \u00e1reas de Santa Catarina e na divisa com o Rio Grande do Sul, o c\u00e9u fica com muitas nuvens e h\u00e1 possibilidade de chuva isolada. Na maior parte do Rio Grande do Sul, o s\u00e1bado ser\u00e1 de sol, com poucas nuvens no centro-sul ga\u00facho. O frio se intensifica na Regi\u00e3o Sul. A m\u00ednima chega a 9 \u00b0C em Porto Alegre (RS). A m\u00e1xima n\u00e3o passa dos 17 \u00b0C em Porto Alegre (RS), 16 \u00b0C em Florian\u00f3polis (SC) e 15 \u00b0C em Curitiba (PR).<\/p>\n<p style=\"text-align: justify\"><em>H\u00e1 aviso amarelo de perigo potencial para tempestades no s\u00e1bado em todo o Paran\u00e1 e no centro-norte de Santa Catarina, incluindo as capitais Curitiba (PR) e Florian\u00f3polis (SC).<\/em><\/p>\n<figure style=\"text-align: justify\"><em><img loading=\"lazy\" decoding=\"async\" class=\"\" src=\"https:\/\/portal.inmet.gov.br\/uploads\/fig1-prev-4-5_2026-09-03-172224_iufs.png\" alt=\"\" width=\"513\" height=\"569\" \/><\/em><\/figure>\n<p style=\"text-align: justify\"><em><strong>Figura 1 \u2013<\/strong>\u00a0Previs\u00e3o da press\u00e3o ao n\u00edvel do mar no in\u00edcio para a madrugada de sexta-feira (04). O mapa mostra a r\u00e1pida passagem de uma frente fria (curva azul com tri\u00e2ngulos) pelo Oceano Atl\u00e2ntico, na altura da Regi\u00e3o Sul do Brasil. A passagem da frente contribui para a redu\u00e7\u00e3o da press\u00e3o atmosf\u00e9rica sobre a Regi\u00e3o Sul, onde se observa a presen\u00e7a de um cavado (regi\u00e3o alongada de baixa press\u00e3o, destacada pela curva marrom tracejada) que se estende at\u00e9 o norte do Paraguai, onde se encontra o centro de baixa press\u00e3o. Ao longo de sexta-feira e s\u00e1bado, as \u00e1reas de baixa press\u00e3o devem predominar entre as regi\u00f5es Centro-Oeste, Sudeste e Sul do Brasil, favorecendo condi\u00e7\u00f5es de instabilidade e a ocorr\u00eancia de tempestades, com aviso amarelo de perigo potencial para tempestades nessas \u00e1reas. Fonte: INMET.<\/em><\/p>\n<figure style=\"text-align: justify\"><img loading=\"lazy\" decoding=\"async\" class=\"\" src=\"https:\/\/portal.inmet.gov.br\/uploads\/fig2-prev-4-5_2026-09-03-172340_phwh.png\" alt=\"\" width=\"511\" height=\"567\" \/><\/figure>\n<p style=\"text-align: justify\"><em><strong>Figura 2<\/strong>\u00a0\u2013 \u00c1gua precipit\u00e1vel (mm) prevista para a manh\u00e3 de s\u00e1bado (05). A \u00e1rea destacada entre as curvas pretas espessas representa o canal de umidade formado entre a Regi\u00e3o Norte do Brasil e a frente fria que se desloca rapidamente pelo Oceano Atl\u00e2ntico, na altura da Regi\u00e3o Sul. Os maiores valores de \u00e1gua precipit\u00e1vel s\u00e3o representados por tons de azul e indicam condi\u00e7\u00f5es favor\u00e1veis \u00e0 forma\u00e7\u00e3o de nuvens e \u00e0 ocorr\u00eancia de chuva. Neste per\u00edodo, at\u00e9 s\u00e1bado, o canal de umidade deve permanecer concentrado sobre as regi\u00f5es Centro-Oeste, partes da Regi\u00e3o Sudeste e o norte da Regi\u00e3o Sul. Nessas \u00e1reas, h\u00e1 aviso amarelo de perigo potencial para tempestades, e, em grande parte da \u00e1rea destacada, podem ocorrer pancadas de chuva isoladas. Fonte: INMET.<br \/>\n<\/em><em><strong><br \/>\n<\/strong><\/em><\/p>\n<figure style=\"text-align: justify\"><strong><img loading=\"lazy\" decoding=\"async\" class=\"\" src=\"https:\/\/portal.inmet.gov.br\/uploads\/fig3-prev-4-5_2026-09-03-172441_fccx.png\" alt=\"\" width=\"509\" height=\"565\" \/><\/strong><\/figure>\n<p style=\"text-align: justify\"><em><strong>Figura 3<\/strong>\u00a0\u2013 Previs\u00e3o de chuva acumulada (mm) de quinta-feira (03) at\u00e9 o final de s\u00e1bado (05). As cores indicam os totais acumulados no per\u00edodo. As \u00e1reas em amarelo no Paran\u00e1 e no Amazonas podem apresentar acumulados superiores a 50 mm. O ret\u00e2ngulo cinza destaca as chuvas previstas para a regi\u00e3o central do Brasil, associadas \u00e0 passagem da frente fria pelo Oceano Atl\u00e2ntico e ao canal de umidade formado entre a Regi\u00e3o Norte e a frente fria. Mesmo que ocorram de forma isolada, essas chuvas poder\u00e3o ser observadas em estados que, at\u00e9 poucos dias atr\u00e1s, enfrentavam temperaturas muito altas e baixa umidade do ar. Fonte: INMET.<br \/>\n<\/em><em><br \/>\n<\/em><\/p>\n<figure style=\"text-align: justify\"><img loading=\"lazy\" decoding=\"async\" class=\"\" src=\"https:\/\/portal.inmet.gov.br\/uploads\/fig4-prev-4-5.png\" alt=\"\" width=\"497\" height=\"551\" \/><\/figure>\n<p style=\"text-align: justify\"><em><strong>Figura 4<\/strong>\u00a0\u2013 Previs\u00e3o da press\u00e3o ao n\u00edvel do mar para o final da noite de s\u00e1bado (05). O mapa mostra que, ap\u00f3s a passagem da frente fria, uma \u00e1rea de alta press\u00e3o p\u00f3s-frontal avan\u00e7a sobre a Argentina e passa a influenciar o Rio Grande do Sul, favorecendo a redu\u00e7\u00e3o da nebulosidade e da instabilidade sobre o estado ga\u00facho. Al\u00e9m disso, esse sistema de alta press\u00e3o est\u00e1 associado \u00e0 entrada de ar frio sobre a Regi\u00e3o Sul do Brasil, o que deve favorecer uma nova queda das temperaturas a partir de s\u00e1bado. Fonte: INMET.<br \/>\n<\/em><\/p>\n<figure style=\"text-align: justify\"><strong><img loading=\"lazy\" decoding=\"async\" class=\"\" src=\"https:\/\/portal.inmet.gov.br\/uploads\/fig5-prev-4-5.png\" alt=\"\" width=\"511\" height=\"567\" \/><\/strong><\/figure>\n<p style=\"text-align: justify\"><em><strong>Figura 5<\/strong>\u00a0\u2013 Previs\u00e3o de temperatura m\u00ednima para o final da noite de s\u00e1bado (05). A massa de ar frio associada ao sistema de alta press\u00e3o que se desloca sobre a Argentina passa a influenciar a Regi\u00e3o Sul do Brasil, especialmente o Rio Grande do Sul, onde as temperaturas entram em decl\u00ednio. A noite de s\u00e1bado ser\u00e1 fria nas regi\u00f5es de serra e, principalmente, no extremo sul do Rio Grande do Sul, em \u00e1reas pr\u00f3ximas ao Uruguai, onde as temperaturas podem ficar em torno de 4 \u00b0C. Fonte: INMET.\u00a0<\/em><\/p>\n<p>Texto: INMET<\/p>\n<p>Foto: cookelma<\/p>\n<p><img loading=\"lazy\" decoding=\"async\" class=\"alignnone  wp-image-9943\" src=\"https:\/\/portalmaisagro.com\/wp-content\/uploads\/2026\/09\/WhatsApp-Image-2026-08-11-at-10.28.27.jpeg\" alt=\"\" width=\"242\" height=\"318\" srcset=\"https:\/\/portalmaisagro.com\/wp-content\/uploads\/2026\/09\/WhatsApp-Image-2026-08-11-at-10.28.27.jpeg 298w, https:\/\/portalmaisagro.com\/wp-content\/uploads\/2026\/09\/WhatsApp-Image-2026-08-11-at-10.28.27-229x300.jpeg 229w, https:\/\/portalmaisagro.com\/wp-content\/uploads\/2026\/09\/WhatsApp-Image-2026-08-11-at-10.28.27-150x197.jpeg 150w\" sizes=\"auto, (max-width: 242px) 100vw, 242px\" \/><\/p>\n<p><a href=\"https:\/\/digital.agriculturafamiliar.agr.br\/pub\/agriculturafamiliar\/#page\/147\"><strong><em>Conte\u00fado exclusivo de empresas participantes do Anu\u00e1rio Brasileiro do Agroneg\u00f3cio e Agricultura Familiar \u2013 LEIA O ANU\u00c1RIO GRATUITAMENTE<\/em><\/strong><\/a><\/p>\n","protected":false},"excerpt":{"rendered":"<p>Frente fria, \u00e1reas de baixa press\u00e3o e canal de umidade trazem chuva e perigo potencial para tempestades em partes do Centro-Oeste, Sudeste e Sul do Brasil. Temperaturas voltam a cair na Regi\u00e3o Sul A r\u00e1pida passagem de uma frente fria pelo Oceano Atl\u00e2ntico, a atua\u00e7\u00e3o de um cavado (\u00e1rea alongada&hellip;<\/p>\n","protected":false},"author":10,"featured_media":0,"comment_status":"closed","ping_status":"closed","sticky":false,"template":"","format":"standard","meta":{"footnotes":"","jetpack_publicize_message":"","jetpack_publicize_feature_enabled":true,"jetpack_social_post_already_shared":true,"jetpack_social_options":{"image_generator_settings":{"template":"highway","default_image_id":0,"font":"","enabled":false},"version":2},"_members_access_role":[],"_members_access_error":""},"categories":[131,6],"tags":[],"class_list":["post-10072","post","type-post","status-publish","format-standard","hentry","category-destaques","category-tempo"],"yoast_head":"<!-- This site is optimized with the Yoast SEO plugin v28.1 - https:\/\/yoast.com\/product\/yoast-seo-wordpress\/ -->\n<title>Previs\u00e3o para sexta-feira (04) e s\u00e1bado (05): - MaisAgro<\/title>\n<meta name=\"robots\" content=\"index, follow, max-snippet:-1, max-image-preview:large, max-video-preview:-1\" \/>\n<link rel=\"canonical\" href=\"https:\/\/portalmaisagro.com\/?p=10072\" \/>\n<meta property=\"og:locale\" content=\"pt_BR\" \/>\n<meta property=\"og:type\" content=\"article\" \/>\n<meta property=\"og:title\" content=\"Previs\u00e3o para sexta-feira (04) e s\u00e1bado (05): - MaisAgro\" \/>\n<meta property=\"og:description\" content=\"Frente fria, \u00e1reas de baixa press\u00e3o e canal de umidade trazem chuva e perigo potencial para tempestades em partes do Centro-Oeste, Sudeste e Sul do Brasil. Temperaturas voltam a cair na Regi\u00e3o Sul A r\u00e1pida passagem de uma frente fria pelo Oceano Atl\u00e2ntico, a atua\u00e7\u00e3o de um cavado (\u00e1rea alongada&hellip;\" \/>\n<meta property=\"og:url\" content=\"https:\/\/portalmaisagro.com\/?p=10072\" \/>\n<meta property=\"og:site_name\" content=\"MaisAgro\" \/>\n<meta property=\"article:publisher\" content=\"https:\/\/www.facebook.com\/maisagroportal\" \/>\n<meta property=\"article:published_time\" content=\"2026-09-04T14:21:16+00:00\" \/>\n<meta property=\"og:image\" content=\"https:\/\/portalmaisagro.com\/wp-content\/uploads\/2026\/09\/rain-falling-on-evergreen-branch-with-water-drople-2026-03-20-00-00-07-utc-scaled.jpg\" \/>\n\t<meta property=\"og:image:width\" content=\"2560\" \/>\n\t<meta property=\"og:image:height\" content=\"1350\" \/>\n\t<meta property=\"og:image:type\" content=\"image\/jpeg\" \/>\n<meta name=\"author\" content=\"Taiane do Carmo\" \/>\n<meta name=\"twitter:card\" content=\"summary_large_image\" \/>\n<meta name=\"twitter:label1\" content=\"Escrito por\" \/>\n\t<meta name=\"twitter:data1\" content=\"Taiane do Carmo\" \/>\n\t<meta name=\"twitter:label2\" content=\"Est. tempo de leitura\" \/>\n\t<meta name=\"twitter:data2\" content=\"15 minutos\" \/>\n<script type=\"application\/ld+json\" class=\"yoast-schema-graph\">{\"@context\":\"https:\\\/\\\/schema.org\",\"@graph\":[{\"@type\":\"Article\",\"@id\":\"https:\\\/\\\/portalmaisagro.com\\\/?p=10072#article\",\"isPartOf\":{\"@id\":\"https:\\\/\\\/portalmaisagro.com\\\/?p=10072\"},\"author\":{\"name\":\"Taiane do Carmo\",\"@id\":\"https:\\\/\\\/portalmaisagro.com\\\/#\\\/schema\\\/person\\\/ade0f16b5a3434e1ec47b1fbdb9b9318\"},\"headline\":\"Previs\u00e3o para sexta-feira (04) e s\u00e1bado (05):\",\"datePublished\":\"2026-09-04T14:21:16+00:00\",\"mainEntityOfPage\":{\"@id\":\"https:\\\/\\\/portalmaisagro.com\\\/?p=10072\"},\"wordCount\":2573,\"publisher\":{\"@id\":\"https:\\\/\\\/portalmaisagro.com\\\/#organization\"},\"image\":{\"@id\":\"https:\\\/\\\/portalmaisagro.com\\\/?p=10072#primaryimage\"},\"thumbnailUrl\":\"https:\\\/\\\/portalmaisagro.com\\\/wp-content\\\/uploads\\\/2026\\\/09\\\/rain-falling-on-evergreen-branch-with-water-drople-2026-03-20-00-00-07-utc-1024x540.jpg\",\"articleSection\":[\"DESTAQUES\",\"TEMPO\"],\"inLanguage\":\"pt-BR\"},{\"@type\":\"WebPage\",\"@id\":\"https:\\\/\\\/portalmaisagro.com\\\/?p=10072\",\"url\":\"https:\\\/\\\/portalmaisagro.com\\\/?p=10072\",\"name\":\"Previs\u00e3o para sexta-feira (04) e s\u00e1bado (05): - MaisAgro\",\"isPartOf\":{\"@id\":\"https:\\\/\\\/portalmaisagro.com\\\/#website\"},\"primaryImageOfPage\":{\"@id\":\"https:\\\/\\\/portalmaisagro.com\\\/?p=10072#primaryimage\"},\"image\":{\"@id\":\"https:\\\/\\\/portalmaisagro.com\\\/?p=10072#primaryimage\"},\"thumbnailUrl\":\"https:\\\/\\\/portalmaisagro.com\\\/wp-content\\\/uploads\\\/2026\\\/09\\\/rain-falling-on-evergreen-branch-with-water-drople-2026-03-20-00-00-07-utc-1024x540.jpg\",\"datePublished\":\"2026-09-04T14:21:16+00:00\",\"breadcrumb\":{\"@id\":\"https:\\\/\\\/portalmaisagro.com\\\/?p=10072#breadcrumb\"},\"inLanguage\":\"pt-BR\",\"potentialAction\":[{\"@type\":\"ReadAction\",\"target\":[\"https:\\\/\\\/portalmaisagro.com\\\/?p=10072\"]}]},{\"@type\":\"ImageObject\",\"inLanguage\":\"pt-BR\",\"@id\":\"https:\\\/\\\/portalmaisagro.com\\\/?p=10072#primaryimage\",\"url\":\"https:\\\/\\\/portalmaisagro.com\\\/wp-content\\\/uploads\\\/2026\\\/09\\\/rain-falling-on-evergreen-branch-with-water-drople-2026-03-20-00-00-07-utc-scaled.jpg\",\"contentUrl\":\"https:\\\/\\\/portalmaisagro.com\\\/wp-content\\\/uploads\\\/2026\\\/09\\\/rain-falling-on-evergreen-branch-with-water-drople-2026-03-20-00-00-07-utc-scaled.jpg\",\"width\":2560,\"height\":1350,\"caption\":\"Rain on a sunny day. Close-up of rain on the background of an evergreen spruce branch.\"},{\"@type\":\"BreadcrumbList\",\"@id\":\"https:\\\/\\\/portalmaisagro.com\\\/?p=10072#breadcrumb\",\"itemListElement\":[{\"@type\":\"ListItem\",\"position\":1,\"name\":\"In\u00edcio\",\"item\":\"https:\\\/\\\/portalmaisagro.com\\\/\"},{\"@type\":\"ListItem\",\"position\":2,\"name\":\"Previs\u00e3o para sexta-feira (04) e s\u00e1bado (05):\"}]},{\"@type\":\"WebSite\",\"@id\":\"https:\\\/\\\/portalmaisagro.com\\\/#website\",\"url\":\"https:\\\/\\\/portalmaisagro.com\\\/\",\"name\":\"MaisAgro\",\"description\":\"O portal do agroneg\u00f3cio\",\"publisher\":{\"@id\":\"https:\\\/\\\/portalmaisagro.com\\\/#organization\"},\"potentialAction\":[{\"@type\":\"SearchAction\",\"target\":{\"@type\":\"EntryPoint\",\"urlTemplate\":\"https:\\\/\\\/portalmaisagro.com\\\/?s={search_term_string}\"},\"query-input\":{\"@type\":\"PropertyValueSpecification\",\"valueRequired\":true,\"valueName\":\"search_term_string\"}}],\"inLanguage\":\"pt-BR\"},{\"@type\":\"Organization\",\"@id\":\"https:\\\/\\\/portalmaisagro.com\\\/#organization\",\"name\":\"MaisAgro\",\"url\":\"https:\\\/\\\/portalmaisagro.com\\\/\",\"logo\":{\"@type\":\"ImageObject\",\"inLanguage\":\"pt-BR\",\"@id\":\"https:\\\/\\\/portalmaisagro.com\\\/#\\\/schema\\\/logo\\\/image\\\/\",\"url\":\"https:\\\/\\\/portalmaisagro.com\\\/wp-content\\\/uploads\\\/2024\\\/11\\\/logo_oficial-e1749247575377.png\",\"contentUrl\":\"https:\\\/\\\/portalmaisagro.com\\\/wp-content\\\/uploads\\\/2024\\\/11\\\/logo_oficial-e1749247575377.png\",\"width\":513,\"height\":107,\"caption\":\"MaisAgro\"},\"image\":{\"@id\":\"https:\\\/\\\/portalmaisagro.com\\\/#\\\/schema\\\/logo\\\/image\\\/\"},\"sameAs\":[\"https:\\\/\\\/www.facebook.com\\\/maisagroportal\"]},{\"@type\":\"Person\",\"@id\":\"https:\\\/\\\/portalmaisagro.com\\\/#\\\/schema\\\/person\\\/ade0f16b5a3434e1ec47b1fbdb9b9318\",\"name\":\"Taiane do Carmo\",\"image\":{\"@type\":\"ImageObject\",\"inLanguage\":\"pt-BR\",\"@id\":\"https:\\\/\\\/portalmaisagro.com\\\/wp-content\\\/uploads\\\/2026\\\/04\\\/images.jpeg640e5d69297d7dd56cc39a10251ad7db\",\"url\":\"https:\\\/\\\/portalmaisagro.com\\\/wp-content\\\/uploads\\\/2026\\\/04\\\/images.jpeg\",\"contentUrl\":\"https:\\\/\\\/portalmaisagro.com\\\/wp-content\\\/uploads\\\/2026\\\/04\\\/images.jpeg\",\"caption\":\"Taiane do Carmo\"},\"url\":\"https:\\\/\\\/portalmaisagro.com\\\/?author=10\"}]}<\/script>\n<!-- \/ Yoast SEO plugin. -->","yoast_head_json":{"title":"Previs\u00e3o para sexta-feira (04) e s\u00e1bado (05): - MaisAgro","robots":{"index":"index","follow":"follow","max-snippet":"max-snippet:-1","max-image-preview":"max-image-preview:large","max-video-preview":"max-video-preview:-1"},"canonical":"https:\/\/portalmaisagro.com\/?p=10072","og_locale":"pt_BR","og_type":"article","og_title":"Previs\u00e3o para sexta-feira (04) e s\u00e1bado (05): - MaisAgro","og_description":"Frente fria, \u00e1reas de baixa press\u00e3o e canal de umidade trazem chuva e perigo potencial para tempestades em partes do Centro-Oeste, Sudeste e Sul do Brasil. Temperaturas voltam a cair na Regi\u00e3o Sul A r\u00e1pida passagem de uma frente fria pelo Oceano Atl\u00e2ntico, a atua\u00e7\u00e3o de um cavado (\u00e1rea alongada&hellip;","og_url":"https:\/\/portalmaisagro.com\/?p=10072","og_site_name":"MaisAgro","article_publisher":"https:\/\/www.facebook.com\/maisagroportal","article_published_time":"2026-09-04T14:21:16+00:00","og_image":[{"width":2560,"height":1350,"url":"https:\/\/portalmaisagro.com\/wp-content\/uploads\/2026\/09\/rain-falling-on-evergreen-branch-with-water-drople-2026-03-20-00-00-07-utc-scaled.jpg","type":"image\/jpeg"}],"author":"Taiane do Carmo","twitter_card":"summary_large_image","twitter_misc":{"Escrito por":"Taiane do Carmo","Est. tempo de leitura":"15 minutos"},"schema":{"@context":"https:\/\/schema.org","@graph":[{"@type":"Article","@id":"https:\/\/portalmaisagro.com\/?p=10072#article","isPartOf":{"@id":"https:\/\/portalmaisagro.com\/?p=10072"},"author":{"name":"Taiane do Carmo","@id":"https:\/\/portalmaisagro.com\/#\/schema\/person\/ade0f16b5a3434e1ec47b1fbdb9b9318"},"headline":"Previs\u00e3o para sexta-feira (04) e s\u00e1bado (05):","datePublished":"2026-09-04T14:21:16+00:00","mainEntityOfPage":{"@id":"https:\/\/portalmaisagro.com\/?p=10072"},"wordCount":2573,"publisher":{"@id":"https:\/\/portalmaisagro.com\/#organization"},"image":{"@id":"https:\/\/portalmaisagro.com\/?p=10072#primaryimage"},"thumbnailUrl":"https:\/\/portalmaisagro.com\/wp-content\/uploads\/2026\/09\/rain-falling-on-evergreen-branch-with-water-drople-2026-03-20-00-00-07-utc-1024x540.jpg","articleSection":["DESTAQUES","TEMPO"],"inLanguage":"pt-BR"},{"@type":"WebPage","@id":"https:\/\/portalmaisagro.com\/?p=10072","url":"https:\/\/portalmaisagro.com\/?p=10072","name":"Previs\u00e3o para sexta-feira (04) e s\u00e1bado (05): - MaisAgro","isPartOf":{"@id":"https:\/\/portalmaisagro.com\/#website"},"primaryImageOfPage":{"@id":"https:\/\/portalmaisagro.com\/?p=10072#primaryimage"},"image":{"@id":"https:\/\/portalmaisagro.com\/?p=10072#primaryimage"},"thumbnailUrl":"https:\/\/portalmaisagro.com\/wp-content\/uploads\/2026\/09\/rain-falling-on-evergreen-branch-with-water-drople-2026-03-20-00-00-07-utc-1024x540.jpg","datePublished":"2026-09-04T14:21:16+00:00","breadcrumb":{"@id":"https:\/\/portalmaisagro.com\/?p=10072#breadcrumb"},"inLanguage":"pt-BR","potentialAction":[{"@type":"ReadAction","target":["https:\/\/portalmaisagro.com\/?p=10072"]}]},{"@type":"ImageObject","inLanguage":"pt-BR","@id":"https:\/\/portalmaisagro.com\/?p=10072#primaryimage","url":"https:\/\/portalmaisagro.com\/wp-content\/uploads\/2026\/09\/rain-falling-on-evergreen-branch-with-water-drople-2026-03-20-00-00-07-utc-scaled.jpg","contentUrl":"https:\/\/portalmaisagro.com\/wp-content\/uploads\/2026\/09\/rain-falling-on-evergreen-branch-with-water-drople-2026-03-20-00-00-07-utc-scaled.jpg","width":2560,"height":1350,"caption":"Rain on a sunny day. Close-up of rain on the background of an evergreen spruce branch."},{"@type":"BreadcrumbList","@id":"https:\/\/portalmaisagro.com\/?p=10072#breadcrumb","itemListElement":[{"@type":"ListItem","position":1,"name":"In\u00edcio","item":"https:\/\/portalmaisagro.com\/"},{"@type":"ListItem","position":2,"name":"Previs\u00e3o para sexta-feira (04) e s\u00e1bado (05):"}]},{"@type":"WebSite","@id":"https:\/\/portalmaisagro.com\/#website","url":"https:\/\/portalmaisagro.com\/","name":"MaisAgro","description":"O portal do agroneg\u00f3cio","publisher":{"@id":"https:\/\/portalmaisagro.com\/#organization"},"potentialAction":[{"@type":"SearchAction","target":{"@type":"EntryPoint","urlTemplate":"https:\/\/portalmaisagro.com\/?s={search_term_string}"},"query-input":{"@type":"PropertyValueSpecification","valueRequired":true,"valueName":"search_term_string"}}],"inLanguage":"pt-BR"},{"@type":"Organization","@id":"https:\/\/portalmaisagro.com\/#organization","name":"MaisAgro","url":"https:\/\/portalmaisagro.com\/","logo":{"@type":"ImageObject","inLanguage":"pt-BR","@id":"https:\/\/portalmaisagro.com\/#\/schema\/logo\/image\/","url":"https:\/\/portalmaisagro.com\/wp-content\/uploads\/2024\/11\/logo_oficial-e1749247575377.png","contentUrl":"https:\/\/portalmaisagro.com\/wp-content\/uploads\/2024\/11\/logo_oficial-e1749247575377.png","width":513,"height":107,"caption":"MaisAgro"},"image":{"@id":"https:\/\/portalmaisagro.com\/#\/schema\/logo\/image\/"},"sameAs":["https:\/\/www.facebook.com\/maisagroportal"]},{"@type":"Person","@id":"https:\/\/portalmaisagro.com\/#\/schema\/person\/ade0f16b5a3434e1ec47b1fbdb9b9318","name":"Taiane do Carmo","image":{"@type":"ImageObject","inLanguage":"pt-BR","@id":"https:\/\/portalmaisagro.com\/wp-content\/uploads\/2026\/04\/images.jpeg640e5d69297d7dd56cc39a10251ad7db","url":"https:\/\/portalmaisagro.com\/wp-content\/uploads\/2026\/04\/images.jpeg","contentUrl":"https:\/\/portalmaisagro.com\/wp-content\/uploads\/2026\/04\/images.jpeg","caption":"Taiane do Carmo"},"url":"https:\/\/portalmaisagro.com\/?author=10"}]}},"jetpack_publicize_connections":[],"authors":[],"_links":{"self":[{"href":"https:\/\/portalmaisagro.com\/index.php?rest_route=\/wp\/v2\/posts\/10072","targetHints":{"allow":["GET"]}}],"collection":[{"href":"https:\/\/portalmaisagro.com\/index.php?rest_route=\/wp\/v2\/posts"}],"about":[{"href":"https:\/\/portalmaisagro.com\/index.php?rest_route=\/wp\/v2\/types\/post"}],"author":[{"embeddable":true,"href":"https:\/\/portalmaisagro.com\/index.php?rest_route=\/wp\/v2\/users\/10"}],"replies":[{"embeddable":true,"href":"https:\/\/portalmaisagro.com\/index.php?rest_route=%2Fwp%2Fv2%2Fcomments&post=10072"}],"version-history":[{"count":1,"href":"https:\/\/portalmaisagro.com\/index.php?rest_route=\/wp\/v2\/posts\/10072\/revisions"}],"predecessor-version":[{"id":10074,"href":"https:\/\/portalmaisagro.com\/index.php?rest_route=\/wp\/v2\/posts\/10072\/revisions\/10074"}],"wp:attachment":[{"href":"https:\/\/portalmaisagro.com\/index.php?rest_route=%2Fwp%2Fv2%2Fmedia&parent=10072"}],"wp:term":[{"taxonomy":"category","embeddable":true,"href":"https:\/\/portalmaisagro.com\/index.php?rest_route=%2Fwp%2Fv2%2Fcategories&post=10072"},{"taxonomy":"post_tag","embeddable":true,"href":"https:\/\/portalmaisagro.com\/index.php?rest_route=%2Fwp%2Fv2%2Ftags&post=10072"}],"curies":[{"name":"wp","href":"https:\/\/api.w.org\/{rel}","templated":true}]}}