{"id":10069,"date":"2026-09-04T15:52:53","date_gmt":"2026-09-04T18:52:53","guid":{"rendered":"https:\/\/portalmaisagro.com\/?p=10069"},"modified":"2026-09-04T10:57:58","modified_gmt":"2026-09-04T13:57:58","slug":"acordo-internacional-do-cafe-segue-para-promulgacao","status":"publish","type":"post","link":"https:\/\/portalmaisagro.com\/?p=10069","title":{"rendered":"Acordo Internacional do Caf\u00e9 segue para promulga\u00e7\u00e3o"},"content":{"rendered":"<p><img loading=\"lazy\" decoding=\"async\" class=\" wp-image-10070\" src=\"https:\/\/portalmaisagro.com\/wp-content\/uploads\/2026\/09\/close-up-of-coffee-beans-and-espresso-grounds-2026-03-12-23-54-08-utc-1024x683.jpg\" alt=\"\" width=\"836\" height=\"558\" srcset=\"https:\/\/portalmaisagro.com\/wp-content\/uploads\/2026\/09\/close-up-of-coffee-beans-and-espresso-grounds-2026-03-12-23-54-08-utc-1024x683.jpg 1024w, https:\/\/portalmaisagro.com\/wp-content\/uploads\/2026\/09\/close-up-of-coffee-beans-and-espresso-grounds-2026-03-12-23-54-08-utc-300x200.jpg 300w, https:\/\/portalmaisagro.com\/wp-content\/uploads\/2026\/09\/close-up-of-coffee-beans-and-espresso-grounds-2026-03-12-23-54-08-utc-768x513.jpg 768w, https:\/\/portalmaisagro.com\/wp-content\/uploads\/2026\/09\/close-up-of-coffee-beans-and-espresso-grounds-2026-03-12-23-54-08-utc-1536x1025.jpg 1536w, https:\/\/portalmaisagro.com\/wp-content\/uploads\/2026\/09\/close-up-of-coffee-beans-and-espresso-grounds-2026-03-12-23-54-08-utc-2048x1367.jpg 2048w, https:\/\/portalmaisagro.com\/wp-content\/uploads\/2026\/09\/close-up-of-coffee-beans-and-espresso-grounds-2026-03-12-23-54-08-utc-150x100.jpg 150w\" sizes=\"auto, (max-width: 836px) 100vw, 836px\" \/><\/p>\n<p style=\"text-align: justify\">O Plen\u00e1rio do Senado aprovou nesta ultima quinta-feira (3) o texto do Acordo Internacional do Caf\u00e9, assinado em 2022. O acordo atualiza as regras da Organiza\u00e7\u00e3o Internacional do Caf\u00e9 (OIC) e alinha a atua\u00e7\u00e3o do Brasil \u00e0s novas normas do organismo multilateral.<\/p>\n<p style=\"text-align: justify\">Entre as mudan\u00e7as, est\u00e3o a redu\u00e7\u00e3o dos encargos financeiros do Brasil junto \u00e0 entidade e a cria\u00e7\u00e3o de grupo de trabalho para ado\u00e7\u00e3o de solu\u00e7\u00f5es pr\u00e1ticas em rela\u00e7\u00e3o \u00e0 volatilidade dos pre\u00e7os e \u00e0 sustentabilidade do setor no longo prazo.<\/p>\n<p style=\"text-align: justify\">O projeto de decreto legislativo que aprova o conte\u00fado do tratado\u00a0(PDL 266\/2023) teve relat\u00f3rio favor\u00e1vel do senador Carlos Viana (PSD-MG) e segue agora para promulga\u00e7\u00e3o.<\/p>\n<h3 style=\"text-align: justify\">Novas regras<\/h3>\n<p style=\"text-align: justify\">O texto reformula o c\u00e1lculo dos direitos de voto e das quotas financeiras dos pa\u00edses membros da OIC. Em vez de considerar apenas os volumes exportados ou importados, passa a considerar o valor total do com\u00e9rcio. Isso reduz a contribui\u00e7\u00e3o do Brasil de 362.050 libras esterlinas (R$ 2,53 milh\u00f5es) para 260.966 libras esterlinas (cerca de R$ 1,8 milh\u00e3o), ao transferir maior peso a pa\u00edses atrelados \u00e0 reexporta\u00e7\u00e3o.<\/p>\n<p style=\"text-align: justify\">Outra inova\u00e7\u00e3o permite que entidades do setor privado e da sociedade civil sejam reconhecidas como membros afiliados da OIC. Desse modo, poder\u00e3o participar das atividades da organiza\u00e7\u00e3o, manifestar opini\u00f5es e prestar assessoria t\u00e9cnica. O Conselho Internacional do Caf\u00e9 definir\u00e1 os procedimentos de ingresso e o valor das contribui\u00e7\u00f5es anuais desses integrantes.<\/p>\n<p style=\"text-align: justify\">O acordo tamb\u00e9m institui o Grupo de Trabalho P\u00fablico-Privado do Caf\u00e9, mecanismo de parceria destinado a formular medidas sobre pre\u00e7os, volatilidade e sustentabilidade do setor no longo prazo.<\/p>\n<p style=\"text-align: justify\">O texto ainda trata de coopera\u00e7\u00e3o internacional, expans\u00e3o do com\u00e9rcio, informa\u00e7\u00f5es estat\u00edsticas, seguran\u00e7a dos alimentos, acesso a cr\u00e9dito, mudan\u00e7as clim\u00e1ticas, rastreabilidade, desenvolvimento sustent\u00e1vel e condi\u00e7\u00f5es de trabalho.<\/p>\n<p style=\"text-align: justify\">Atos que possam revisar o acordo e ajustes complementares que tragam encargos ou compromissos gravosos ao patrim\u00f4nio nacional tamb\u00e9m depender\u00e3o de aprova\u00e7\u00e3o do Congresso Nacional.<\/p>\n<p style=\"text-align: justify\">Texto: Ag\u00eancia Senado<\/p>\n<p>Foto: LightFieldStudios<\/p>\n<p><img loading=\"lazy\" decoding=\"async\" class=\"alignnone  wp-image-9943\" src=\"https:\/\/portalmaisagro.com\/wp-content\/uploads\/2026\/09\/WhatsApp-Image-2026-08-11-at-10.28.27.jpeg\" alt=\"\" width=\"237\" height=\"311\" srcset=\"https:\/\/portalmaisagro.com\/wp-content\/uploads\/2026\/09\/WhatsApp-Image-2026-08-11-at-10.28.27.jpeg 298w, https:\/\/portalmaisagro.com\/wp-content\/uploads\/2026\/09\/WhatsApp-Image-2026-08-11-at-10.28.27-229x300.jpeg 229w, https:\/\/portalmaisagro.com\/wp-content\/uploads\/2026\/09\/WhatsApp-Image-2026-08-11-at-10.28.27-150x197.jpeg 150w\" sizes=\"auto, (max-width: 237px) 100vw, 237px\" \/><\/p>\n<p><a href=\"https:\/\/digital.agriculturafamiliar.agr.br\/pub\/agriculturafamiliar\/#page\/147\"><strong><em>Conte\u00fado exclusivo de empresas participantes do Anu\u00e1rio Brasileiro do Agroneg\u00f3cio e Agricultura Familiar \u2013 LEIA O ANU\u00c1RIO GRATUITAMENTE<\/em><\/strong><\/a><\/p>\n","protected":false},"excerpt":{"rendered":"<p>O Plen\u00e1rio do Senado aprovou nesta ultima quinta-feira (3) o texto do Acordo Internacional do Caf\u00e9, assinado em 2022. O acordo atualiza as regras da Organiza\u00e7\u00e3o Internacional do Caf\u00e9 (OIC) e alinha a atua\u00e7\u00e3o do Brasil \u00e0s novas normas do organismo multilateral. Entre as mudan\u00e7as, est\u00e3o a redu\u00e7\u00e3o dos encargos&hellip;<\/p>\n","protected":false},"author":10,"featured_media":0,"comment_status":"closed","ping_status":"closed","sticky":false,"template":"","format":"standard","meta":{"footnotes":"","jetpack_publicize_message":"","jetpack_publicize_feature_enabled":true,"jetpack_social_post_already_shared":true,"jetpack_social_options":{"image_generator_settings":{"template":"highway","default_image_id":0,"font":"","enabled":false},"version":2},"_members_access_role":[],"_members_access_error":""},"categories":[20,131],"tags":[],"class_list":["post-10069","post","type-post","status-publish","format-standard","hentry","category-cafe","category-destaques"],"yoast_head":"<!-- This site is optimized with the Yoast SEO plugin v28.1 - https:\/\/yoast.com\/product\/yoast-seo-wordpress\/ -->\n<title>Acordo Internacional do Caf\u00e9 segue para promulga\u00e7\u00e3o - MaisAgro<\/title>\n<meta name=\"robots\" content=\"index, follow, max-snippet:-1, max-image-preview:large, max-video-preview:-1\" \/>\n<link rel=\"canonical\" href=\"https:\/\/portalmaisagro.com\/?p=10069\" \/>\n<meta property=\"og:locale\" content=\"pt_BR\" \/>\n<meta property=\"og:type\" content=\"article\" \/>\n<meta property=\"og:title\" content=\"Acordo Internacional do Caf\u00e9 segue para promulga\u00e7\u00e3o - MaisAgro\" \/>\n<meta property=\"og:description\" content=\"O Plen\u00e1rio do Senado aprovou nesta ultima quinta-feira (3) o texto do Acordo Internacional do Caf\u00e9, assinado em 2022. O acordo atualiza as regras da Organiza\u00e7\u00e3o Internacional do Caf\u00e9 (OIC) e alinha a atua\u00e7\u00e3o do Brasil \u00e0s novas normas do organismo multilateral. Entre as mudan\u00e7as, est\u00e3o a redu\u00e7\u00e3o dos encargos&hellip;\" \/>\n<meta property=\"og:url\" content=\"https:\/\/portalmaisagro.com\/?p=10069\" \/>\n<meta property=\"og:site_name\" content=\"MaisAgro\" \/>\n<meta property=\"article:publisher\" content=\"https:\/\/www.facebook.com\/maisagroportal\" \/>\n<meta property=\"article:published_time\" content=\"2026-09-04T18:52:53+00:00\" \/>\n<meta property=\"og:image\" content=\"https:\/\/portalmaisagro.com\/wp-content\/uploads\/2026\/09\/close-up-of-coffee-beans-and-espresso-grounds-2026-03-12-23-54-08-utc-scaled.jpg\" \/>\n\t<meta property=\"og:image:width\" content=\"2560\" \/>\n\t<meta property=\"og:image:height\" content=\"1709\" \/>\n\t<meta property=\"og:image:type\" content=\"image\/jpeg\" \/>\n<meta name=\"author\" content=\"Taiane do Carmo\" \/>\n<meta name=\"twitter:card\" content=\"summary_large_image\" \/>\n<meta name=\"twitter:label1\" content=\"Escrito por\" \/>\n\t<meta name=\"twitter:data1\" content=\"Taiane do Carmo\" \/>\n\t<meta name=\"twitter:label2\" content=\"Est. tempo de leitura\" \/>\n\t<meta name=\"twitter:data2\" content=\"3 minutos\" \/>\n<script type=\"application\/ld+json\" class=\"yoast-schema-graph\">{\"@context\":\"https:\\\/\\\/schema.org\",\"@graph\":[{\"@type\":\"Article\",\"@id\":\"https:\\\/\\\/portalmaisagro.com\\\/?p=10069#article\",\"isPartOf\":{\"@id\":\"https:\\\/\\\/portalmaisagro.com\\\/?p=10069\"},\"author\":{\"name\":\"Taiane do Carmo\",\"@id\":\"https:\\\/\\\/portalmaisagro.com\\\/#\\\/schema\\\/person\\\/ade0f16b5a3434e1ec47b1fbdb9b9318\"},\"headline\":\"Acordo Internacional do Caf\u00e9 segue para promulga\u00e7\u00e3o\",\"datePublished\":\"2026-09-04T18:52:53+00:00\",\"mainEntityOfPage\":{\"@id\":\"https:\\\/\\\/portalmaisagro.com\\\/?p=10069\"},\"wordCount\":380,\"publisher\":{\"@id\":\"https:\\\/\\\/portalmaisagro.com\\\/#organization\"},\"image\":{\"@id\":\"https:\\\/\\\/portalmaisagro.com\\\/?p=10069#primaryimage\"},\"thumbnailUrl\":\"https:\\\/\\\/portalmaisagro.com\\\/wp-content\\\/uploads\\\/2026\\\/09\\\/close-up-of-coffee-beans-and-espresso-grounds-2026-03-12-23-54-08-utc-1024x683.jpg\",\"articleSection\":[\"CAF\u00c9\",\"DESTAQUES\"],\"inLanguage\":\"pt-BR\"},{\"@type\":\"WebPage\",\"@id\":\"https:\\\/\\\/portalmaisagro.com\\\/?p=10069\",\"url\":\"https:\\\/\\\/portalmaisagro.com\\\/?p=10069\",\"name\":\"Acordo Internacional do Caf\u00e9 segue para promulga\u00e7\u00e3o - MaisAgro\",\"isPartOf\":{\"@id\":\"https:\\\/\\\/portalmaisagro.com\\\/#website\"},\"primaryImageOfPage\":{\"@id\":\"https:\\\/\\\/portalmaisagro.com\\\/?p=10069#primaryimage\"},\"image\":{\"@id\":\"https:\\\/\\\/portalmaisagro.com\\\/?p=10069#primaryimage\"},\"thumbnailUrl\":\"https:\\\/\\\/portalmaisagro.com\\\/wp-content\\\/uploads\\\/2026\\\/09\\\/close-up-of-coffee-beans-and-espresso-grounds-2026-03-12-23-54-08-utc-1024x683.jpg\",\"datePublished\":\"2026-09-04T18:52:53+00:00\",\"breadcrumb\":{\"@id\":\"https:\\\/\\\/portalmaisagro.com\\\/?p=10069#breadcrumb\"},\"inLanguage\":\"pt-BR\",\"potentialAction\":[{\"@type\":\"ReadAction\",\"target\":[\"https:\\\/\\\/portalmaisagro.com\\\/?p=10069\"]}]},{\"@type\":\"ImageObject\",\"inLanguage\":\"pt-BR\",\"@id\":\"https:\\\/\\\/portalmaisagro.com\\\/?p=10069#primaryimage\",\"url\":\"https:\\\/\\\/portalmaisagro.com\\\/wp-content\\\/uploads\\\/2026\\\/09\\\/close-up-of-coffee-beans-and-espresso-grounds-2026-03-12-23-54-08-utc-scaled.jpg\",\"contentUrl\":\"https:\\\/\\\/portalmaisagro.com\\\/wp-content\\\/uploads\\\/2026\\\/09\\\/close-up-of-coffee-beans-and-espresso-grounds-2026-03-12-23-54-08-utc-scaled.jpg\",\"width\":2560,\"height\":1709,\"caption\":\"top view of ground coffee in portafilter on coffee beans background\"},{\"@type\":\"BreadcrumbList\",\"@id\":\"https:\\\/\\\/portalmaisagro.com\\\/?p=10069#breadcrumb\",\"itemListElement\":[{\"@type\":\"ListItem\",\"position\":1,\"name\":\"In\u00edcio\",\"item\":\"https:\\\/\\\/portalmaisagro.com\\\/\"},{\"@type\":\"ListItem\",\"position\":2,\"name\":\"Acordo Internacional do Caf\u00e9 segue para promulga\u00e7\u00e3o\"}]},{\"@type\":\"WebSite\",\"@id\":\"https:\\\/\\\/portalmaisagro.com\\\/#website\",\"url\":\"https:\\\/\\\/portalmaisagro.com\\\/\",\"name\":\"MaisAgro\",\"description\":\"O portal do agroneg\u00f3cio\",\"publisher\":{\"@id\":\"https:\\\/\\\/portalmaisagro.com\\\/#organization\"},\"potentialAction\":[{\"@type\":\"SearchAction\",\"target\":{\"@type\":\"EntryPoint\",\"urlTemplate\":\"https:\\\/\\\/portalmaisagro.com\\\/?s={search_term_string}\"},\"query-input\":{\"@type\":\"PropertyValueSpecification\",\"valueRequired\":true,\"valueName\":\"search_term_string\"}}],\"inLanguage\":\"pt-BR\"},{\"@type\":\"Organization\",\"@id\":\"https:\\\/\\\/portalmaisagro.com\\\/#organization\",\"name\":\"MaisAgro\",\"url\":\"https:\\\/\\\/portalmaisagro.com\\\/\",\"logo\":{\"@type\":\"ImageObject\",\"inLanguage\":\"pt-BR\",\"@id\":\"https:\\\/\\\/portalmaisagro.com\\\/#\\\/schema\\\/logo\\\/image\\\/\",\"url\":\"https:\\\/\\\/portalmaisagro.com\\\/wp-content\\\/uploads\\\/2024\\\/11\\\/logo_oficial-e1749247575377.png\",\"contentUrl\":\"https:\\\/\\\/portalmaisagro.com\\\/wp-content\\\/uploads\\\/2024\\\/11\\\/logo_oficial-e1749247575377.png\",\"width\":513,\"height\":107,\"caption\":\"MaisAgro\"},\"image\":{\"@id\":\"https:\\\/\\\/portalmaisagro.com\\\/#\\\/schema\\\/logo\\\/image\\\/\"},\"sameAs\":[\"https:\\\/\\\/www.facebook.com\\\/maisagroportal\"]},{\"@type\":\"Person\",\"@id\":\"https:\\\/\\\/portalmaisagro.com\\\/#\\\/schema\\\/person\\\/ade0f16b5a3434e1ec47b1fbdb9b9318\",\"name\":\"Taiane do Carmo\",\"image\":{\"@type\":\"ImageObject\",\"inLanguage\":\"pt-BR\",\"@id\":\"https:\\\/\\\/portalmaisagro.com\\\/wp-content\\\/uploads\\\/2026\\\/04\\\/images.jpeg640e5d69297d7dd56cc39a10251ad7db\",\"url\":\"https:\\\/\\\/portalmaisagro.com\\\/wp-content\\\/uploads\\\/2026\\\/04\\\/images.jpeg\",\"contentUrl\":\"https:\\\/\\\/portalmaisagro.com\\\/wp-content\\\/uploads\\\/2026\\\/04\\\/images.jpeg\",\"caption\":\"Taiane do Carmo\"},\"url\":\"https:\\\/\\\/portalmaisagro.com\\\/?author=10\"}]}<\/script>\n<!-- \/ Yoast SEO plugin. -->","yoast_head_json":{"title":"Acordo Internacional do Caf\u00e9 segue para promulga\u00e7\u00e3o - MaisAgro","robots":{"index":"index","follow":"follow","max-snippet":"max-snippet:-1","max-image-preview":"max-image-preview:large","max-video-preview":"max-video-preview:-1"},"canonical":"https:\/\/portalmaisagro.com\/?p=10069","og_locale":"pt_BR","og_type":"article","og_title":"Acordo Internacional do Caf\u00e9 segue para promulga\u00e7\u00e3o - MaisAgro","og_description":"O Plen\u00e1rio do Senado aprovou nesta ultima quinta-feira (3) o texto do Acordo Internacional do Caf\u00e9, assinado em 2022. O acordo atualiza as regras da Organiza\u00e7\u00e3o Internacional do Caf\u00e9 (OIC) e alinha a atua\u00e7\u00e3o do Brasil \u00e0s novas normas do organismo multilateral. Entre as mudan\u00e7as, est\u00e3o a redu\u00e7\u00e3o dos encargos&hellip;","og_url":"https:\/\/portalmaisagro.com\/?p=10069","og_site_name":"MaisAgro","article_publisher":"https:\/\/www.facebook.com\/maisagroportal","article_published_time":"2026-09-04T18:52:53+00:00","og_image":[{"width":2560,"height":1709,"url":"https:\/\/portalmaisagro.com\/wp-content\/uploads\/2026\/09\/close-up-of-coffee-beans-and-espresso-grounds-2026-03-12-23-54-08-utc-scaled.jpg","type":"image\/jpeg"}],"author":"Taiane do Carmo","twitter_card":"summary_large_image","twitter_misc":{"Escrito por":"Taiane do Carmo","Est. tempo de leitura":"3 minutos"},"schema":{"@context":"https:\/\/schema.org","@graph":[{"@type":"Article","@id":"https:\/\/portalmaisagro.com\/?p=10069#article","isPartOf":{"@id":"https:\/\/portalmaisagro.com\/?p=10069"},"author":{"name":"Taiane do Carmo","@id":"https:\/\/portalmaisagro.com\/#\/schema\/person\/ade0f16b5a3434e1ec47b1fbdb9b9318"},"headline":"Acordo Internacional do Caf\u00e9 segue para promulga\u00e7\u00e3o","datePublished":"2026-09-04T18:52:53+00:00","mainEntityOfPage":{"@id":"https:\/\/portalmaisagro.com\/?p=10069"},"wordCount":380,"publisher":{"@id":"https:\/\/portalmaisagro.com\/#organization"},"image":{"@id":"https:\/\/portalmaisagro.com\/?p=10069#primaryimage"},"thumbnailUrl":"https:\/\/portalmaisagro.com\/wp-content\/uploads\/2026\/09\/close-up-of-coffee-beans-and-espresso-grounds-2026-03-12-23-54-08-utc-1024x683.jpg","articleSection":["CAF\u00c9","DESTAQUES"],"inLanguage":"pt-BR"},{"@type":"WebPage","@id":"https:\/\/portalmaisagro.com\/?p=10069","url":"https:\/\/portalmaisagro.com\/?p=10069","name":"Acordo Internacional do Caf\u00e9 segue para promulga\u00e7\u00e3o - MaisAgro","isPartOf":{"@id":"https:\/\/portalmaisagro.com\/#website"},"primaryImageOfPage":{"@id":"https:\/\/portalmaisagro.com\/?p=10069#primaryimage"},"image":{"@id":"https:\/\/portalmaisagro.com\/?p=10069#primaryimage"},"thumbnailUrl":"https:\/\/portalmaisagro.com\/wp-content\/uploads\/2026\/09\/close-up-of-coffee-beans-and-espresso-grounds-2026-03-12-23-54-08-utc-1024x683.jpg","datePublished":"2026-09-04T18:52:53+00:00","breadcrumb":{"@id":"https:\/\/portalmaisagro.com\/?p=10069#breadcrumb"},"inLanguage":"pt-BR","potentialAction":[{"@type":"ReadAction","target":["https:\/\/portalmaisagro.com\/?p=10069"]}]},{"@type":"ImageObject","inLanguage":"pt-BR","@id":"https:\/\/portalmaisagro.com\/?p=10069#primaryimage","url":"https:\/\/portalmaisagro.com\/wp-content\/uploads\/2026\/09\/close-up-of-coffee-beans-and-espresso-grounds-2026-03-12-23-54-08-utc-scaled.jpg","contentUrl":"https:\/\/portalmaisagro.com\/wp-content\/uploads\/2026\/09\/close-up-of-coffee-beans-and-espresso-grounds-2026-03-12-23-54-08-utc-scaled.jpg","width":2560,"height":1709,"caption":"top view of ground coffee in portafilter on coffee beans background"},{"@type":"BreadcrumbList","@id":"https:\/\/portalmaisagro.com\/?p=10069#breadcrumb","itemListElement":[{"@type":"ListItem","position":1,"name":"In\u00edcio","item":"https:\/\/portalmaisagro.com\/"},{"@type":"ListItem","position":2,"name":"Acordo Internacional do Caf\u00e9 segue para promulga\u00e7\u00e3o"}]},{"@type":"WebSite","@id":"https:\/\/portalmaisagro.com\/#website","url":"https:\/\/portalmaisagro.com\/","name":"MaisAgro","description":"O portal do agroneg\u00f3cio","publisher":{"@id":"https:\/\/portalmaisagro.com\/#organization"},"potentialAction":[{"@type":"SearchAction","target":{"@type":"EntryPoint","urlTemplate":"https:\/\/portalmaisagro.com\/?s={search_term_string}"},"query-input":{"@type":"PropertyValueSpecification","valueRequired":true,"valueName":"search_term_string"}}],"inLanguage":"pt-BR"},{"@type":"Organization","@id":"https:\/\/portalmaisagro.com\/#organization","name":"MaisAgro","url":"https:\/\/portalmaisagro.com\/","logo":{"@type":"ImageObject","inLanguage":"pt-BR","@id":"https:\/\/portalmaisagro.com\/#\/schema\/logo\/image\/","url":"https:\/\/portalmaisagro.com\/wp-content\/uploads\/2024\/11\/logo_oficial-e1749247575377.png","contentUrl":"https:\/\/portalmaisagro.com\/wp-content\/uploads\/2024\/11\/logo_oficial-e1749247575377.png","width":513,"height":107,"caption":"MaisAgro"},"image":{"@id":"https:\/\/portalmaisagro.com\/#\/schema\/logo\/image\/"},"sameAs":["https:\/\/www.facebook.com\/maisagroportal"]},{"@type":"Person","@id":"https:\/\/portalmaisagro.com\/#\/schema\/person\/ade0f16b5a3434e1ec47b1fbdb9b9318","name":"Taiane do Carmo","image":{"@type":"ImageObject","inLanguage":"pt-BR","@id":"https:\/\/portalmaisagro.com\/wp-content\/uploads\/2026\/04\/images.jpeg640e5d69297d7dd56cc39a10251ad7db","url":"https:\/\/portalmaisagro.com\/wp-content\/uploads\/2026\/04\/images.jpeg","contentUrl":"https:\/\/portalmaisagro.com\/wp-content\/uploads\/2026\/04\/images.jpeg","caption":"Taiane do Carmo"},"url":"https:\/\/portalmaisagro.com\/?author=10"}]}},"jetpack_publicize_connections":[],"authors":[],"_links":{"self":[{"href":"https:\/\/portalmaisagro.com\/index.php?rest_route=\/wp\/v2\/posts\/10069","targetHints":{"allow":["GET"]}}],"collection":[{"href":"https:\/\/portalmaisagro.com\/index.php?rest_route=\/wp\/v2\/posts"}],"about":[{"href":"https:\/\/portalmaisagro.com\/index.php?rest_route=\/wp\/v2\/types\/post"}],"author":[{"embeddable":true,"href":"https:\/\/portalmaisagro.com\/index.php?rest_route=\/wp\/v2\/users\/10"}],"replies":[{"embeddable":true,"href":"https:\/\/portalmaisagro.com\/index.php?rest_route=%2Fwp%2Fv2%2Fcomments&post=10069"}],"version-history":[{"count":1,"href":"https:\/\/portalmaisagro.com\/index.php?rest_route=\/wp\/v2\/posts\/10069\/revisions"}],"predecessor-version":[{"id":10071,"href":"https:\/\/portalmaisagro.com\/index.php?rest_route=\/wp\/v2\/posts\/10069\/revisions\/10071"}],"wp:attachment":[{"href":"https:\/\/portalmaisagro.com\/index.php?rest_route=%2Fwp%2Fv2%2Fmedia&parent=10069"}],"wp:term":[{"taxonomy":"category","embeddable":true,"href":"https:\/\/portalmaisagro.com\/index.php?rest_route=%2Fwp%2Fv2%2Fcategories&post=10069"},{"taxonomy":"post_tag","embeddable":true,"href":"https:\/\/portalmaisagro.com\/index.php?rest_route=%2Fwp%2Fv2%2Ftags&post=10069"}],"curies":[{"name":"wp","href":"https:\/\/api.w.org\/{rel}","templated":true}]}}