{"id":10066,"date":"2026-09-04T14:45:07","date_gmt":"2026-09-04T17:45:07","guid":{"rendered":"https:\/\/portalmaisagro.com\/?p=10066"},"modified":"2026-09-04T10:49:33","modified_gmt":"2026-09-04T13:49:33","slug":"raca-bovina-crioula-lageana-retorna-a-expointer-apos-11-anos","status":"publish","type":"post","link":"https:\/\/portalmaisagro.com\/?p=10066","title":{"rendered":"Ra\u00e7a bovina Crioula Lageana retorna \u00e0 Expointer ap\u00f3s 11 anos"},"content":{"rendered":"<p><img loading=\"lazy\" decoding=\"async\" class=\"alignnone  wp-image-10067\" src=\"https:\/\/portalmaisagro.com\/wp-content\/uploads\/2026\/09\/04095223_91144_GD.jpeg\" alt=\"\" width=\"901\" height=\"507\" srcset=\"https:\/\/portalmaisagro.com\/wp-content\/uploads\/2026\/09\/04095223_91144_GD.jpeg 800w, https:\/\/portalmaisagro.com\/wp-content\/uploads\/2026\/09\/04095223_91144_GD-300x169.jpeg 300w, https:\/\/portalmaisagro.com\/wp-content\/uploads\/2026\/09\/04095223_91144_GD-768x432.jpeg 768w, https:\/\/portalmaisagro.com\/wp-content\/uploads\/2026\/09\/04095223_91144_GD-150x84.jpeg 150w\" sizes=\"auto, (max-width: 901px) 100vw, 901px\" \/><\/p>\n<p style=\"text-align: justify\">Animais passaram por julgamento morfol\u00f3gico e campe\u00f5es foram escolhidos na ultima quinta-feira (3\/9)<\/p>\n<p style=\"text-align: justify\"><span class=\"NormalTextRun SCXW235680109 BCX0\">A ra\u00e7a Crioula Lageana foi um dos destaques da 49\u00aa Expointer na quinta-feira (3\/9). O julgamento morfol\u00f3gico ressaltou o gado original que deu in\u00edcio ao povoamento de bovinos no Rio Grande do Sul.<\/span><\/p>\n<p style=\"text-align: justify\">Os campe\u00f5es da ra\u00e7a Crioula Lageana participam, nesta sexta-feira (4\/9), a partir das 10h, do desfile dos grandes campe\u00f5es de toda a feira, alusivo aos 400 anos da chegada da pecu\u00e1ria ao Estado, que acontece na pista central da Expointer no Parque de Exposi\u00e7\u00f5es Assis Brasil, em Esteio.<\/p>\n<p style=\"text-align: justify\">O gado origin\u00e1rio \u00e9 conhecido pelas aspas (chifres) de grande porte, rusticidade e qualidade da carne. Representando a Associa\u00e7\u00e3o Brasileira de Criadores de Bovinos de Ra\u00e7a Crioula Lageana (ABCCL), a secret\u00e1ria-geral da institui\u00e7\u00e3o, Vera Martins, destacou que j\u00e1 trabalhou no registro geneal\u00f3gico da linhagem e que a ra\u00e7a Crioula Lageana deve ser conservada e utilizada para propagar a esp\u00e9cie. \u201cPosso dizer que quando um Crioulo Lageano entra na pista, n\u00e3o \u00e9 s\u00f3 um animal, \u00e9 um territ\u00f3rio inteiro que entra em campo. \u00c9 uma equipe de antrop\u00f3logos, zootecnistas, agr\u00f4nomos, veterin\u00e1rios e pesquisadores que trabalham com tecnologia da carne.\u201d<\/p>\n<p style=\"text-align: justify\">Segundo Vera, a mistura de genes garante rusticidade e resist\u00eancia \u00e0 ra\u00e7a. Ela tamb\u00e9m observou que a ra\u00e7a Crioula Lageana produz leite com a prote\u00edna betacase\u00edna, conhecido como leite A2A2, que atende aos al\u00e9rgicos e pessoas com intoler\u00e2ncia leve \u00e0 lactose.<\/p>\n<p style=\"text-align: justify\"><strong>Campe\u00f5es da Ra\u00e7a Crioula Lageana 2026<\/strong><\/p>\n<p style=\"text-align: justify\">A Est\u00e2ncia do Sossego, localizada em Iomer\u00ea\/SC, do produtor rural Miguel Campos de Oliveira, venceu na categoria grande campe\u00e3 f\u00eamea s\u00eanior, com a Pombinha do Sossego. Na categoria bezerra, tamb\u00e9m venceu com a grande campe\u00e3, chamada Reserva.<\/p>\n<p style=\"text-align: justify\">J\u00e1 a Fazenda Bom Jesus do Herval, de Ponte Alta\/SC, dos produtores rurais Edison Martins e Vera Maria Martins, consagrou-se nas categorias grande campe\u00e3o touro s\u00eanior, aspado (com chifres), e na categoria grande campe\u00e3o s\u00eanior, variedade mocho.<\/p>\n<p style=\"text-align: justify\">Para Oliveira, da Est\u00e2ncia do Sossego, o momento chegou em boa hora. \u201cS\u00e3o os olhos dos jurados que decidem. Ser premiado na Expointer dispensa coment\u00e1rios\u201d, comemorou.<\/p>\n<p style=\"text-align: justify\"><strong>O retorno da Ra\u00e7a Crioula Lageana \u00e0 Expointer<\/strong><\/p>\n<p style=\"text-align: justify\">Para o agr\u00f4nomo e doutor em Ci\u00eancia Animal da Universidade Federal de Santa Catarina (UFSC), Jos\u00e9 Ant\u00f4nio Ribas Ribeiro, a Expointer destaca o patrim\u00f4nio gen\u00e9tico do gado Lageano. \u201c\u00c9 preciso lembrar a pesquisa do norte-americano Don Hargrove, que nos cobrou o estudo dos animais r\u00fasticos nos anos de 1970 no Brasil.\u201d<\/p>\n<p style=\"text-align: justify\">O pesquisador destacou ainda que a Ra\u00e7a Crioula Lageana supera outras ra\u00e7as em prote\u00e7\u00e3o da cria, f\u00e1cil adapta\u00e7\u00e3o clim\u00e1tica a temperaturas elevadas e baixas, e em marmoreio da carne, o que garante sabor. \u201cAqui, se busca no julgamento morfol\u00f3gico, al\u00e9m de analisar a carca\u00e7a, o andamento, a quantidade de gordura; busca-se o julgamento pela fertilidade de animais a campo, a toler\u00e2ncia aos ectoparasitas e a qualidade da carne\u201d, disse Ribeiro, que avaliou os animais inscritos no julgamento morfol\u00f3gico.<\/p>\n<p style=\"text-align: justify\">Para o m\u00e9dico veterin\u00e1rio e produtor rural, Edison Martins, a origem das ra\u00e7as bovinas passa pela ra\u00e7a Crioula Lageana. \u201cEu sou a quinta gera\u00e7\u00e3o de criadores de Crioula Lageana na fam\u00edlia. Em 2003, se n\u00e3o fosse criada uma associa\u00e7\u00e3o, a ra\u00e7a poderia ter sido extinta.\u201d<\/p>\n<p style=\"text-align: justify\">Martins lembrou que, na assembleia de funda\u00e7\u00e3o da ABCCL, se definiu o nome Crioula Lageana porque foi a regi\u00e3o de Lages (SC) a \u00fanica que manteve esse material gen\u00e9tico por anos, com os animais dos criadores refer\u00eancia. A ABCCL \u00e9 a executora do Servi\u00e7o de Registro Geneal\u00f3gico oficial da ra\u00e7a, por delega\u00e7\u00e3o do Minist\u00e9rio da Agricultura, Pecu\u00e1ria e Abastecimento \u2013 MAPA, Portaria Ministerial n\u00ba 1048 (31\/8\/2008).<\/p>\n<p>Texto: <span class=\"TextRun SCXW146657699 BCX0\" lang=\"pt-br\" xml:lang=\"pt-br\"><span class=\"NormalTextRun SCXW146657699 BCX0\">Fabr\u00edzio<\/span><\/span><span class=\"TextRun SCXW146657699 BCX0\" lang=\"pt-br\" xml:lang=\"pt-br\"><span class=\"NormalTextRun SCXW146657699 BCX0\"> Fern\u00e1ndez\/Ascom<\/span><\/span><span class=\"TextRun SCXW146657699 BCX0\" lang=\"pt-br\" xml:lang=\"pt-br\"><span class=\"NormalTextRun SCXW146657699 BCX0\"> Expointer<\/span><\/span><\/p>\n<p>Foto: Fernando Dias\/Ascom Expointer<\/p>\n<p><img loading=\"lazy\" decoding=\"async\" class=\"alignnone  wp-image-9943\" src=\"https:\/\/portalmaisagro.com\/wp-content\/uploads\/2026\/09\/WhatsApp-Image-2026-08-11-at-10.28.27.jpeg\" alt=\"\" width=\"240\" height=\"315\" srcset=\"https:\/\/portalmaisagro.com\/wp-content\/uploads\/2026\/09\/WhatsApp-Image-2026-08-11-at-10.28.27.jpeg 298w, https:\/\/portalmaisagro.com\/wp-content\/uploads\/2026\/09\/WhatsApp-Image-2026-08-11-at-10.28.27-229x300.jpeg 229w, https:\/\/portalmaisagro.com\/wp-content\/uploads\/2026\/09\/WhatsApp-Image-2026-08-11-at-10.28.27-150x197.jpeg 150w\" sizes=\"auto, (max-width: 240px) 100vw, 240px\" \/><\/p>\n<p><a href=\"https:\/\/digital.agriculturafamiliar.agr.br\/pub\/agriculturafamiliar\/#page\/147\"><strong><em>Conte\u00fado exclusivo de empresas participantes do Anu\u00e1rio Brasileiro do Agroneg\u00f3cio e Agricultura Familiar \u2013 LEIA O ANU\u00c1RIO GRATUITAMENTE<\/em><\/strong><\/a><\/p>\n","protected":false},"excerpt":{"rendered":"<p>Animais passaram por julgamento morfol\u00f3gico e campe\u00f5es foram escolhidos na ultima quinta-feira (3\/9) A ra\u00e7a Crioula Lageana foi um dos destaques da 49\u00aa Expointer na quinta-feira (3\/9). O julgamento morfol\u00f3gico ressaltou o gado original que deu in\u00edcio ao povoamento de bovinos no Rio Grande do Sul. Os campe\u00f5es da ra\u00e7a&hellip;<\/p>\n","protected":false},"author":10,"featured_media":0,"comment_status":"closed","ping_status":"closed","sticky":false,"template":"","format":"standard","meta":{"footnotes":"","jetpack_publicize_message":"","jetpack_publicize_feature_enabled":true,"jetpack_social_post_already_shared":true,"jetpack_social_options":{"image_generator_settings":{"template":"highway","default_image_id":0,"font":"","enabled":false},"version":2},"_members_access_role":[],"_members_access_error":""},"categories":[131,230],"tags":[],"class_list":["post-10066","post","type-post","status-publish","format-standard","hentry","category-destaques","category-feiras-2"],"yoast_head":"<!-- This site is optimized with the Yoast SEO plugin v28.1 - https:\/\/yoast.com\/product\/yoast-seo-wordpress\/ -->\n<title>Ra\u00e7a bovina Crioula Lageana retorna \u00e0 Expointer ap\u00f3s 11 anos - MaisAgro<\/title>\n<meta name=\"robots\" content=\"index, follow, max-snippet:-1, max-image-preview:large, max-video-preview:-1\" \/>\n<link rel=\"canonical\" href=\"https:\/\/portalmaisagro.com\/?p=10066\" \/>\n<meta property=\"og:locale\" content=\"pt_BR\" \/>\n<meta property=\"og:type\" content=\"article\" \/>\n<meta property=\"og:title\" content=\"Ra\u00e7a bovina Crioula Lageana retorna \u00e0 Expointer ap\u00f3s 11 anos - MaisAgro\" \/>\n<meta property=\"og:description\" content=\"Animais passaram por julgamento morfol\u00f3gico e campe\u00f5es foram escolhidos na ultima quinta-feira (3\/9) A ra\u00e7a Crioula Lageana foi um dos destaques da 49\u00aa Expointer na quinta-feira (3\/9). O julgamento morfol\u00f3gico ressaltou o gado original que deu in\u00edcio ao povoamento de bovinos no Rio Grande do Sul. Os campe\u00f5es da ra\u00e7a&hellip;\" \/>\n<meta property=\"og:url\" content=\"https:\/\/portalmaisagro.com\/?p=10066\" \/>\n<meta property=\"og:site_name\" content=\"MaisAgro\" \/>\n<meta property=\"article:publisher\" content=\"https:\/\/www.facebook.com\/maisagroportal\" \/>\n<meta property=\"article:published_time\" content=\"2026-09-04T17:45:07+00:00\" \/>\n<meta property=\"og:image\" content=\"https:\/\/portalmaisagro.com\/wp-content\/uploads\/2026\/09\/04095223_91144_GD.jpeg\" \/>\n\t<meta property=\"og:image:width\" content=\"800\" \/>\n\t<meta property=\"og:image:height\" content=\"450\" \/>\n\t<meta property=\"og:image:type\" content=\"image\/jpeg\" \/>\n<meta name=\"author\" content=\"Taiane do Carmo\" \/>\n<meta name=\"twitter:card\" content=\"summary_large_image\" \/>\n<meta name=\"twitter:label1\" content=\"Escrito por\" \/>\n\t<meta name=\"twitter:data1\" content=\"Taiane do Carmo\" \/>\n\t<meta name=\"twitter:label2\" content=\"Est. tempo de leitura\" \/>\n\t<meta name=\"twitter:data2\" content=\"4 minutos\" \/>\n<script type=\"application\/ld+json\" class=\"yoast-schema-graph\">{\"@context\":\"https:\\\/\\\/schema.org\",\"@graph\":[{\"@type\":\"Article\",\"@id\":\"https:\\\/\\\/portalmaisagro.com\\\/?p=10066#article\",\"isPartOf\":{\"@id\":\"https:\\\/\\\/portalmaisagro.com\\\/?p=10066\"},\"author\":{\"name\":\"Taiane do Carmo\",\"@id\":\"https:\\\/\\\/portalmaisagro.com\\\/#\\\/schema\\\/person\\\/ade0f16b5a3434e1ec47b1fbdb9b9318\"},\"headline\":\"Ra\u00e7a bovina Crioula Lageana retorna \u00e0 Expointer ap\u00f3s 11 anos\",\"datePublished\":\"2026-09-04T17:45:07+00:00\",\"mainEntityOfPage\":{\"@id\":\"https:\\\/\\\/portalmaisagro.com\\\/?p=10066\"},\"wordCount\":694,\"publisher\":{\"@id\":\"https:\\\/\\\/portalmaisagro.com\\\/#organization\"},\"image\":{\"@id\":\"https:\\\/\\\/portalmaisagro.com\\\/?p=10066#primaryimage\"},\"thumbnailUrl\":\"https:\\\/\\\/portalmaisagro.com\\\/wp-content\\\/uploads\\\/2026\\\/09\\\/04095223_91144_GD.jpeg\",\"articleSection\":[\"DESTAQUES\",\"FEIRAS\"],\"inLanguage\":\"pt-BR\"},{\"@type\":\"WebPage\",\"@id\":\"https:\\\/\\\/portalmaisagro.com\\\/?p=10066\",\"url\":\"https:\\\/\\\/portalmaisagro.com\\\/?p=10066\",\"name\":\"Ra\u00e7a bovina Crioula Lageana retorna \u00e0 Expointer ap\u00f3s 11 anos - MaisAgro\",\"isPartOf\":{\"@id\":\"https:\\\/\\\/portalmaisagro.com\\\/#website\"},\"primaryImageOfPage\":{\"@id\":\"https:\\\/\\\/portalmaisagro.com\\\/?p=10066#primaryimage\"},\"image\":{\"@id\":\"https:\\\/\\\/portalmaisagro.com\\\/?p=10066#primaryimage\"},\"thumbnailUrl\":\"https:\\\/\\\/portalmaisagro.com\\\/wp-content\\\/uploads\\\/2026\\\/09\\\/04095223_91144_GD.jpeg\",\"datePublished\":\"2026-09-04T17:45:07+00:00\",\"breadcrumb\":{\"@id\":\"https:\\\/\\\/portalmaisagro.com\\\/?p=10066#breadcrumb\"},\"inLanguage\":\"pt-BR\",\"potentialAction\":[{\"@type\":\"ReadAction\",\"target\":[\"https:\\\/\\\/portalmaisagro.com\\\/?p=10066\"]}]},{\"@type\":\"ImageObject\",\"inLanguage\":\"pt-BR\",\"@id\":\"https:\\\/\\\/portalmaisagro.com\\\/?p=10066#primaryimage\",\"url\":\"https:\\\/\\\/portalmaisagro.com\\\/wp-content\\\/uploads\\\/2026\\\/09\\\/04095223_91144_GD.jpeg\",\"contentUrl\":\"https:\\\/\\\/portalmaisagro.com\\\/wp-content\\\/uploads\\\/2026\\\/09\\\/04095223_91144_GD.jpeg\",\"width\":800,\"height\":450},{\"@type\":\"BreadcrumbList\",\"@id\":\"https:\\\/\\\/portalmaisagro.com\\\/?p=10066#breadcrumb\",\"itemListElement\":[{\"@type\":\"ListItem\",\"position\":1,\"name\":\"In\u00edcio\",\"item\":\"https:\\\/\\\/portalmaisagro.com\\\/\"},{\"@type\":\"ListItem\",\"position\":2,\"name\":\"Ra\u00e7a bovina Crioula Lageana retorna \u00e0 Expointer ap\u00f3s 11 anos\"}]},{\"@type\":\"WebSite\",\"@id\":\"https:\\\/\\\/portalmaisagro.com\\\/#website\",\"url\":\"https:\\\/\\\/portalmaisagro.com\\\/\",\"name\":\"MaisAgro\",\"description\":\"O portal do agroneg\u00f3cio\",\"publisher\":{\"@id\":\"https:\\\/\\\/portalmaisagro.com\\\/#organization\"},\"potentialAction\":[{\"@type\":\"SearchAction\",\"target\":{\"@type\":\"EntryPoint\",\"urlTemplate\":\"https:\\\/\\\/portalmaisagro.com\\\/?s={search_term_string}\"},\"query-input\":{\"@type\":\"PropertyValueSpecification\",\"valueRequired\":true,\"valueName\":\"search_term_string\"}}],\"inLanguage\":\"pt-BR\"},{\"@type\":\"Organization\",\"@id\":\"https:\\\/\\\/portalmaisagro.com\\\/#organization\",\"name\":\"MaisAgro\",\"url\":\"https:\\\/\\\/portalmaisagro.com\\\/\",\"logo\":{\"@type\":\"ImageObject\",\"inLanguage\":\"pt-BR\",\"@id\":\"https:\\\/\\\/portalmaisagro.com\\\/#\\\/schema\\\/logo\\\/image\\\/\",\"url\":\"https:\\\/\\\/portalmaisagro.com\\\/wp-content\\\/uploads\\\/2024\\\/11\\\/logo_oficial-e1749247575377.png\",\"contentUrl\":\"https:\\\/\\\/portalmaisagro.com\\\/wp-content\\\/uploads\\\/2024\\\/11\\\/logo_oficial-e1749247575377.png\",\"width\":513,\"height\":107,\"caption\":\"MaisAgro\"},\"image\":{\"@id\":\"https:\\\/\\\/portalmaisagro.com\\\/#\\\/schema\\\/logo\\\/image\\\/\"},\"sameAs\":[\"https:\\\/\\\/www.facebook.com\\\/maisagroportal\"]},{\"@type\":\"Person\",\"@id\":\"https:\\\/\\\/portalmaisagro.com\\\/#\\\/schema\\\/person\\\/ade0f16b5a3434e1ec47b1fbdb9b9318\",\"name\":\"Taiane do Carmo\",\"image\":{\"@type\":\"ImageObject\",\"inLanguage\":\"pt-BR\",\"@id\":\"https:\\\/\\\/portalmaisagro.com\\\/wp-content\\\/uploads\\\/2026\\\/04\\\/images.jpeg640e5d69297d7dd56cc39a10251ad7db\",\"url\":\"https:\\\/\\\/portalmaisagro.com\\\/wp-content\\\/uploads\\\/2026\\\/04\\\/images.jpeg\",\"contentUrl\":\"https:\\\/\\\/portalmaisagro.com\\\/wp-content\\\/uploads\\\/2026\\\/04\\\/images.jpeg\",\"caption\":\"Taiane do Carmo\"},\"url\":\"https:\\\/\\\/portalmaisagro.com\\\/?author=10\"}]}<\/script>\n<!-- \/ Yoast SEO plugin. -->","yoast_head_json":{"title":"Ra\u00e7a bovina Crioula Lageana retorna \u00e0 Expointer ap\u00f3s 11 anos - MaisAgro","robots":{"index":"index","follow":"follow","max-snippet":"max-snippet:-1","max-image-preview":"max-image-preview:large","max-video-preview":"max-video-preview:-1"},"canonical":"https:\/\/portalmaisagro.com\/?p=10066","og_locale":"pt_BR","og_type":"article","og_title":"Ra\u00e7a bovina Crioula Lageana retorna \u00e0 Expointer ap\u00f3s 11 anos - MaisAgro","og_description":"Animais passaram por julgamento morfol\u00f3gico e campe\u00f5es foram escolhidos na ultima quinta-feira (3\/9) A ra\u00e7a Crioula Lageana foi um dos destaques da 49\u00aa Expointer na quinta-feira (3\/9). O julgamento morfol\u00f3gico ressaltou o gado original que deu in\u00edcio ao povoamento de bovinos no Rio Grande do Sul. Os campe\u00f5es da ra\u00e7a&hellip;","og_url":"https:\/\/portalmaisagro.com\/?p=10066","og_site_name":"MaisAgro","article_publisher":"https:\/\/www.facebook.com\/maisagroportal","article_published_time":"2026-09-04T17:45:07+00:00","og_image":[{"width":800,"height":450,"url":"https:\/\/portalmaisagro.com\/wp-content\/uploads\/2026\/09\/04095223_91144_GD.jpeg","type":"image\/jpeg"}],"author":"Taiane do Carmo","twitter_card":"summary_large_image","twitter_misc":{"Escrito por":"Taiane do Carmo","Est. tempo de leitura":"4 minutos"},"schema":{"@context":"https:\/\/schema.org","@graph":[{"@type":"Article","@id":"https:\/\/portalmaisagro.com\/?p=10066#article","isPartOf":{"@id":"https:\/\/portalmaisagro.com\/?p=10066"},"author":{"name":"Taiane do Carmo","@id":"https:\/\/portalmaisagro.com\/#\/schema\/person\/ade0f16b5a3434e1ec47b1fbdb9b9318"},"headline":"Ra\u00e7a bovina Crioula Lageana retorna \u00e0 Expointer ap\u00f3s 11 anos","datePublished":"2026-09-04T17:45:07+00:00","mainEntityOfPage":{"@id":"https:\/\/portalmaisagro.com\/?p=10066"},"wordCount":694,"publisher":{"@id":"https:\/\/portalmaisagro.com\/#organization"},"image":{"@id":"https:\/\/portalmaisagro.com\/?p=10066#primaryimage"},"thumbnailUrl":"https:\/\/portalmaisagro.com\/wp-content\/uploads\/2026\/09\/04095223_91144_GD.jpeg","articleSection":["DESTAQUES","FEIRAS"],"inLanguage":"pt-BR"},{"@type":"WebPage","@id":"https:\/\/portalmaisagro.com\/?p=10066","url":"https:\/\/portalmaisagro.com\/?p=10066","name":"Ra\u00e7a bovina Crioula Lageana retorna \u00e0 Expointer ap\u00f3s 11 anos - MaisAgro","isPartOf":{"@id":"https:\/\/portalmaisagro.com\/#website"},"primaryImageOfPage":{"@id":"https:\/\/portalmaisagro.com\/?p=10066#primaryimage"},"image":{"@id":"https:\/\/portalmaisagro.com\/?p=10066#primaryimage"},"thumbnailUrl":"https:\/\/portalmaisagro.com\/wp-content\/uploads\/2026\/09\/04095223_91144_GD.jpeg","datePublished":"2026-09-04T17:45:07+00:00","breadcrumb":{"@id":"https:\/\/portalmaisagro.com\/?p=10066#breadcrumb"},"inLanguage":"pt-BR","potentialAction":[{"@type":"ReadAction","target":["https:\/\/portalmaisagro.com\/?p=10066"]}]},{"@type":"ImageObject","inLanguage":"pt-BR","@id":"https:\/\/portalmaisagro.com\/?p=10066#primaryimage","url":"https:\/\/portalmaisagro.com\/wp-content\/uploads\/2026\/09\/04095223_91144_GD.jpeg","contentUrl":"https:\/\/portalmaisagro.com\/wp-content\/uploads\/2026\/09\/04095223_91144_GD.jpeg","width":800,"height":450},{"@type":"BreadcrumbList","@id":"https:\/\/portalmaisagro.com\/?p=10066#breadcrumb","itemListElement":[{"@type":"ListItem","position":1,"name":"In\u00edcio","item":"https:\/\/portalmaisagro.com\/"},{"@type":"ListItem","position":2,"name":"Ra\u00e7a bovina Crioula Lageana retorna \u00e0 Expointer ap\u00f3s 11 anos"}]},{"@type":"WebSite","@id":"https:\/\/portalmaisagro.com\/#website","url":"https:\/\/portalmaisagro.com\/","name":"MaisAgro","description":"O portal do agroneg\u00f3cio","publisher":{"@id":"https:\/\/portalmaisagro.com\/#organization"},"potentialAction":[{"@type":"SearchAction","target":{"@type":"EntryPoint","urlTemplate":"https:\/\/portalmaisagro.com\/?s={search_term_string}"},"query-input":{"@type":"PropertyValueSpecification","valueRequired":true,"valueName":"search_term_string"}}],"inLanguage":"pt-BR"},{"@type":"Organization","@id":"https:\/\/portalmaisagro.com\/#organization","name":"MaisAgro","url":"https:\/\/portalmaisagro.com\/","logo":{"@type":"ImageObject","inLanguage":"pt-BR","@id":"https:\/\/portalmaisagro.com\/#\/schema\/logo\/image\/","url":"https:\/\/portalmaisagro.com\/wp-content\/uploads\/2024\/11\/logo_oficial-e1749247575377.png","contentUrl":"https:\/\/portalmaisagro.com\/wp-content\/uploads\/2024\/11\/logo_oficial-e1749247575377.png","width":513,"height":107,"caption":"MaisAgro"},"image":{"@id":"https:\/\/portalmaisagro.com\/#\/schema\/logo\/image\/"},"sameAs":["https:\/\/www.facebook.com\/maisagroportal"]},{"@type":"Person","@id":"https:\/\/portalmaisagro.com\/#\/schema\/person\/ade0f16b5a3434e1ec47b1fbdb9b9318","name":"Taiane do Carmo","image":{"@type":"ImageObject","inLanguage":"pt-BR","@id":"https:\/\/portalmaisagro.com\/wp-content\/uploads\/2026\/04\/images.jpeg640e5d69297d7dd56cc39a10251ad7db","url":"https:\/\/portalmaisagro.com\/wp-content\/uploads\/2026\/04\/images.jpeg","contentUrl":"https:\/\/portalmaisagro.com\/wp-content\/uploads\/2026\/04\/images.jpeg","caption":"Taiane do Carmo"},"url":"https:\/\/portalmaisagro.com\/?author=10"}]}},"jetpack_publicize_connections":[],"authors":[],"_links":{"self":[{"href":"https:\/\/portalmaisagro.com\/index.php?rest_route=\/wp\/v2\/posts\/10066","targetHints":{"allow":["GET"]}}],"collection":[{"href":"https:\/\/portalmaisagro.com\/index.php?rest_route=\/wp\/v2\/posts"}],"about":[{"href":"https:\/\/portalmaisagro.com\/index.php?rest_route=\/wp\/v2\/types\/post"}],"author":[{"embeddable":true,"href":"https:\/\/portalmaisagro.com\/index.php?rest_route=\/wp\/v2\/users\/10"}],"replies":[{"embeddable":true,"href":"https:\/\/portalmaisagro.com\/index.php?rest_route=%2Fwp%2Fv2%2Fcomments&post=10066"}],"version-history":[{"count":1,"href":"https:\/\/portalmaisagro.com\/index.php?rest_route=\/wp\/v2\/posts\/10066\/revisions"}],"predecessor-version":[{"id":10068,"href":"https:\/\/portalmaisagro.com\/index.php?rest_route=\/wp\/v2\/posts\/10066\/revisions\/10068"}],"wp:attachment":[{"href":"https:\/\/portalmaisagro.com\/index.php?rest_route=%2Fwp%2Fv2%2Fmedia&parent=10066"}],"wp:term":[{"taxonomy":"category","embeddable":true,"href":"https:\/\/portalmaisagro.com\/index.php?rest_route=%2Fwp%2Fv2%2Fcategories&post=10066"},{"taxonomy":"post_tag","embeddable":true,"href":"https:\/\/portalmaisagro.com\/index.php?rest_route=%2Fwp%2Fv2%2Ftags&post=10066"}],"curies":[{"name":"wp","href":"https:\/\/api.w.org\/{rel}","templated":true}]}}