{"id":10057,"date":"2026-09-06T10:24:53","date_gmt":"2026-09-06T13:24:53","guid":{"rendered":"https:\/\/portalmaisagro.com\/?p=10057"},"modified":"2026-09-04T10:30:03","modified_gmt":"2026-09-04T13:30:03","slug":"agricultura-regenerativa-entenda-esse-conceito","status":"publish","type":"post","link":"https:\/\/portalmaisagro.com\/?p=10057","title":{"rendered":"Agricultura Regenerativa: entenda esse conceito"},"content":{"rendered":"<p><img loading=\"lazy\" decoding=\"async\" class=\"alignnone  wp-image-10058\" src=\"https:\/\/portalmaisagro.com\/wp-content\/uploads\/2026\/09\/shutterstock_2140237089-1024x683.webp\" alt=\"\" width=\"875\" height=\"584\" srcset=\"https:\/\/portalmaisagro.com\/wp-content\/uploads\/2026\/09\/shutterstock_2140237089-1024x683.webp 1024w, https:\/\/portalmaisagro.com\/wp-content\/uploads\/2026\/09\/shutterstock_2140237089-300x200.webp 300w, https:\/\/portalmaisagro.com\/wp-content\/uploads\/2026\/09\/shutterstock_2140237089-768x512.webp 768w, https:\/\/portalmaisagro.com\/wp-content\/uploads\/2026\/09\/shutterstock_2140237089-1536x1024.webp 1536w, https:\/\/portalmaisagro.com\/wp-content\/uploads\/2026\/09\/shutterstock_2140237089-2048x1365.webp 2048w, https:\/\/portalmaisagro.com\/wp-content\/uploads\/2026\/09\/shutterstock_2140237089-150x100.webp 150w\" sizes=\"auto, (max-width: 875px) 100vw, 875px\" \/><\/p>\n<p style=\"text-align: justify\">A\u00a0agricultura regenerativa\u00a0tem ganhado destaque como uma abordagem inovadora e necess\u00e1ria para o futuro do campo.<\/p>\n<p style=\"text-align: justify\">Mais do que produzir alimentos, esse modelo busca\u00a0regenerar o solo, fortalecer os ecossistemas e tornar a produ\u00e7\u00e3o agr\u00edcola mais sustent\u00e1vel ao longo do tempo.<\/p>\n<p style=\"text-align: justify\">Diante de desafios como degrada\u00e7\u00e3o do solo, mudan\u00e7as clim\u00e1ticas e perda de biodiversidade, a agricultura regenerativa surge como uma resposta pr\u00e1tica e estrat\u00e9gica, alinhando produtividade, responsabilidade ambiental e viabilidade econ\u00f4mica.<\/p>\n<p style=\"text-align: justify\">Neste conte\u00fado, voc\u00ea vai entender\u00a0o que \u00e9 agricultura regenerativa, como ela funciona e qual sua rela\u00e7\u00e3o com outros modelos agr\u00edcolas.<\/p>\n<h3 style=\"text-align: justify\" data-uw-rm-heading=\"prs\">O que \u00e9 agricultura regenerativa?<\/h3>\n<p style=\"text-align: justify\">A agricultura regenerativa \u00e9 um conjunto de pr\u00e1ticas agr\u00edcolas que tem como objetivo\u00a0restaurar e melhorar a sa\u00fade do solo, promovendo ciclos naturais mais equilibrados e resilientes.<\/p>\n<p style=\"text-align: justify\">Diferente de modelos que apenas reduzem impactos negativos, a agricultura regenerativa atua de forma ativa na\u00a0recupera\u00e7\u00e3o de \u00e1reas degradadas, no aumento da mat\u00e9ria org\u00e2nica do solo, na reten\u00e7\u00e3o de \u00e1gua e no est\u00edmulo \u00e0 biodiversidade.<\/p>\n<p style=\"text-align: justify\">Entre seus principais pilares est\u00e3o:<\/p>\n<ul style=\"text-align: justify\">\n<li>Regenera\u00e7\u00e3o do solo e da microbiologia;<\/li>\n<li>Redu\u00e7\u00e3o do revolvimento excessivo da terra;<\/li>\n<li>Uso consciente de insumos;<\/li>\n<li>Integra\u00e7\u00e3o entre lavoura, pecu\u00e1ria e meio ambiente;<\/li>\n<li>Produ\u00e7\u00e3o sustent\u00e1vel a longo prazo<\/li>\n<\/ul>\n<p style=\"text-align: justify\">Ou seja, n\u00e3o se trata apenas de preservar, mas de\u00a0regenerar aquilo que j\u00e1 foi impactado.<\/p>\n<h3 style=\"text-align: justify\" data-uw-rm-heading=\"prs\">Como funciona a agricultura regenerativa?<\/h3>\n<p style=\"text-align: justify\">A agricultura regenerativa funciona a partir da aplica\u00e7\u00e3o de pr\u00e1ticas que respeitam os ciclos naturais e fortalecem os sistemas produtivos. Entre as principais estrat\u00e9gias est\u00e3o:<\/p>\n<ul style=\"text-align: justify\">\n<li>Cobertura permanente do solo, com plantas de cobertura ou palhada, evitando eros\u00e3o<\/li>\n<li>Rota\u00e7\u00e3o e diversifica\u00e7\u00e3o de culturas, reduzindo pragas e doen\u00e7as<\/li>\n<li>Aduba\u00e7\u00e3o org\u00e2nica e verde, estimulando a vida no solo<\/li>\n<li>Redu\u00e7\u00e3o do uso de qu\u00edmicos, priorizando solu\u00e7\u00f5es biol\u00f3gicas<\/li>\n<li>Integra\u00e7\u00e3o lavoura-pecu\u00e1ria-floresta, promovendo equil\u00edbrio ecol\u00f3gico<\/li>\n<\/ul>\n<p style=\"text-align: justify\">Essas pr\u00e1ticas aumentam a fertilidade natural do solo, melhoram sua estrutura e tornam a produ\u00e7\u00e3o mais resiliente a per\u00edodos de seca ou excesso de chuva.<\/p>\n<p style=\"text-align: justify\">Al\u00e9m disso, solos mais saud\u00e1veis\u00a0capturam mais carbono, contribuindo para a mitiga\u00e7\u00e3o das mudan\u00e7as clim\u00e1ticas.<\/p>\n<h3 style=\"text-align: justify\" data-uw-rm-heading=\"prs\">Qual a rela\u00e7\u00e3o da agricultura regenerativa com a permacultura e a agricultura de subsist\u00eancia?<\/h3>\n<p style=\"text-align: justify\">A agricultura regenerativa dialoga diretamente com outros modelos sustent\u00e1veis, como a\u00a0permacultura\u00a0e a\u00a0agricultura de subsist\u00eancia, embora n\u00e3o sejam conceitos iguais.<\/p>\n<p style=\"text-align: justify\">A permacultura \u00e9 um sistema de planejamento que integra agricultura, arquitetura e organiza\u00e7\u00e3o social, buscando criar ambientes produtivos e autossuficientes.<\/p>\n<p style=\"text-align: justify\">Muitos de seus princ\u00edpios &#8211; como diversidade, observa\u00e7\u00e3o da natureza e uso eficiente de recursos &#8211; est\u00e3o presentes na agricultura regenerativa.<\/p>\n<p style=\"text-align: justify\">J\u00e1 a\u00a0agricultura de subsist\u00eancia\u00a0tem foco na produ\u00e7\u00e3o para consumo pr\u00f3prio, comum em pequenas propriedades. Quando associada a pr\u00e1ticas regenerativas, ela se torna mais eficiente, sustent\u00e1vel e menos dependente de insumos externos.<\/p>\n<p style=\"text-align: justify\">A agricultura regenerativa, por sua vez, pode ser aplicada tanto em\u00a0pequenas propriedades quanto em sistemas agr\u00edcolas de larga escala, funcionando como uma ponte entre tradi\u00e7\u00e3o, inova\u00e7\u00e3o e sustentabilidade.<\/p>\n<h3 style=\"text-align: justify\" data-uw-rm-heading=\"prs\">Conclus\u00e3o<\/h3>\n<p style=\"text-align: justify\">A\u00a0Agricultura Regenerativa\u00a0representa uma mudan\u00e7a de mentalidade no campo: produzir respeitando os limites da natureza e, ao mesmo tempo,\u00a0restaurar os recursos naturais essenciais para o futuro da agricultura.<\/p>\n<p style=\"text-align: justify\">Ao regenerar o solo, fortalecer ecossistemas e promover sistemas mais resilientes, esse modelo contribui n\u00e3o apenas para a produtividade, mas tamb\u00e9m para a seguran\u00e7a alimentar, o equil\u00edbrio ambiental e a sustentabilidade econ\u00f4mica do produtor rural.<\/p>\n<p style=\"text-align: justify\">Mais do que uma tend\u00eancia, a agricultura regenerativa \u00e9 um caminho poss\u00edvel (e necess\u00e1rio) para uma rela\u00e7\u00e3o mais equilibrada entre produ\u00e7\u00e3o agr\u00edcola e natureza.<\/p>\n<p>Texto: Branco<\/p>\n<p>Foto: Divulga\u00e7\u00e3o<\/p>\n<p><img loading=\"lazy\" decoding=\"async\" class=\"alignnone  wp-image-9943\" src=\"https:\/\/portalmaisagro.com\/wp-content\/uploads\/2026\/09\/WhatsApp-Image-2026-08-11-at-10.28.27.jpeg\" alt=\"\" width=\"255\" height=\"335\" srcset=\"https:\/\/portalmaisagro.com\/wp-content\/uploads\/2026\/09\/WhatsApp-Image-2026-08-11-at-10.28.27.jpeg 298w, https:\/\/portalmaisagro.com\/wp-content\/uploads\/2026\/09\/WhatsApp-Image-2026-08-11-at-10.28.27-229x300.jpeg 229w, https:\/\/portalmaisagro.com\/wp-content\/uploads\/2026\/09\/WhatsApp-Image-2026-08-11-at-10.28.27-150x197.jpeg 150w\" sizes=\"auto, (max-width: 255px) 100vw, 255px\" \/><\/p>\n<p><a href=\"https:\/\/digital.agriculturafamiliar.agr.br\/pub\/agriculturafamiliar\/#page\/147\"><strong><em>Conte\u00fado exclusivo de empresas participantes do Anu\u00e1rio Brasileiro do Agroneg\u00f3cio e Agricultura Familiar \u2013 LEIA O ANU\u00c1RIO GRATUITAMENTE<\/em><\/strong><\/a><\/p>\n","protected":false},"excerpt":{"rendered":"<p>A\u00a0agricultura regenerativa\u00a0tem ganhado destaque como uma abordagem inovadora e necess\u00e1ria para o futuro do campo. Mais do que produzir alimentos, esse modelo busca\u00a0regenerar o solo, fortalecer os ecossistemas e tornar a produ\u00e7\u00e3o agr\u00edcola mais sustent\u00e1vel ao longo do tempo. Diante de desafios como degrada\u00e7\u00e3o do solo, mudan\u00e7as clim\u00e1ticas e perda&hellip;<\/p>\n","protected":false},"author":10,"featured_media":0,"comment_status":"closed","ping_status":"closed","sticky":false,"template":"","format":"standard","meta":{"footnotes":"","jetpack_publicize_message":"","jetpack_publicize_feature_enabled":true,"jetpack_social_post_already_shared":true,"jetpack_social_options":{"image_generator_settings":{"template":"highway","default_image_id":0,"font":"","enabled":false},"version":2},"_members_access_role":[],"_members_access_error":""},"categories":[3,131],"tags":[],"class_list":["post-10057","post","type-post","status-publish","format-standard","hentry","category-agricultura","category-destaques"],"yoast_head":"<!-- This site is optimized with the Yoast SEO plugin v28.1 - https:\/\/yoast.com\/product\/yoast-seo-wordpress\/ -->\n<title>Agricultura Regenerativa: entenda esse conceito - MaisAgro<\/title>\n<meta name=\"robots\" content=\"index, follow, max-snippet:-1, max-image-preview:large, max-video-preview:-1\" \/>\n<link rel=\"canonical\" href=\"https:\/\/portalmaisagro.com\/?p=10057\" \/>\n<meta property=\"og:locale\" content=\"pt_BR\" \/>\n<meta property=\"og:type\" content=\"article\" \/>\n<meta property=\"og:title\" content=\"Agricultura Regenerativa: entenda esse conceito - MaisAgro\" \/>\n<meta property=\"og:description\" content=\"A\u00a0agricultura regenerativa\u00a0tem ganhado destaque como uma abordagem inovadora e necess\u00e1ria para o futuro do campo. Mais do que produzir alimentos, esse modelo busca\u00a0regenerar o solo, fortalecer os ecossistemas e tornar a produ\u00e7\u00e3o agr\u00edcola mais sustent\u00e1vel ao longo do tempo. Diante de desafios como degrada\u00e7\u00e3o do solo, mudan\u00e7as clim\u00e1ticas e perda&hellip;\" \/>\n<meta property=\"og:url\" content=\"https:\/\/portalmaisagro.com\/?p=10057\" \/>\n<meta property=\"og:site_name\" content=\"MaisAgro\" \/>\n<meta property=\"article:publisher\" content=\"https:\/\/www.facebook.com\/maisagroportal\" \/>\n<meta property=\"article:published_time\" content=\"2026-09-06T13:24:53+00:00\" \/>\n<meta property=\"og:image\" content=\"https:\/\/portalmaisagro.com\/wp-content\/uploads\/2026\/09\/shutterstock_2140237089-scaled.webp\" \/>\n\t<meta property=\"og:image:width\" content=\"2560\" \/>\n\t<meta property=\"og:image:height\" content=\"1707\" \/>\n\t<meta property=\"og:image:type\" content=\"image\/webp\" \/>\n<meta name=\"author\" content=\"Taiane do Carmo\" \/>\n<meta name=\"twitter:card\" content=\"summary_large_image\" \/>\n<meta name=\"twitter:label1\" content=\"Escrito por\" \/>\n\t<meta name=\"twitter:data1\" content=\"Taiane do Carmo\" \/>\n\t<meta name=\"twitter:label2\" content=\"Est. tempo de leitura\" \/>\n\t<meta name=\"twitter:data2\" content=\"4 minutos\" \/>\n<script type=\"application\/ld+json\" class=\"yoast-schema-graph\">{\"@context\":\"https:\\\/\\\/schema.org\",\"@graph\":[{\"@type\":\"Article\",\"@id\":\"https:\\\/\\\/portalmaisagro.com\\\/?p=10057#article\",\"isPartOf\":{\"@id\":\"https:\\\/\\\/portalmaisagro.com\\\/?p=10057\"},\"author\":{\"name\":\"Taiane do Carmo\",\"@id\":\"https:\\\/\\\/portalmaisagro.com\\\/#\\\/schema\\\/person\\\/ade0f16b5a3434e1ec47b1fbdb9b9318\"},\"headline\":\"Agricultura Regenerativa: entenda esse conceito\",\"datePublished\":\"2026-09-06T13:24:53+00:00\",\"mainEntityOfPage\":{\"@id\":\"https:\\\/\\\/portalmaisagro.com\\\/?p=10057\"},\"wordCount\":662,\"publisher\":{\"@id\":\"https:\\\/\\\/portalmaisagro.com\\\/#organization\"},\"image\":{\"@id\":\"https:\\\/\\\/portalmaisagro.com\\\/?p=10057#primaryimage\"},\"thumbnailUrl\":\"https:\\\/\\\/portalmaisagro.com\\\/wp-content\\\/uploads\\\/2026\\\/09\\\/shutterstock_2140237089-1024x683.webp\",\"articleSection\":[\"AGRICULTURA\",\"DESTAQUES\"],\"inLanguage\":\"pt-BR\"},{\"@type\":\"WebPage\",\"@id\":\"https:\\\/\\\/portalmaisagro.com\\\/?p=10057\",\"url\":\"https:\\\/\\\/portalmaisagro.com\\\/?p=10057\",\"name\":\"Agricultura Regenerativa: entenda esse conceito - MaisAgro\",\"isPartOf\":{\"@id\":\"https:\\\/\\\/portalmaisagro.com\\\/#website\"},\"primaryImageOfPage\":{\"@id\":\"https:\\\/\\\/portalmaisagro.com\\\/?p=10057#primaryimage\"},\"image\":{\"@id\":\"https:\\\/\\\/portalmaisagro.com\\\/?p=10057#primaryimage\"},\"thumbnailUrl\":\"https:\\\/\\\/portalmaisagro.com\\\/wp-content\\\/uploads\\\/2026\\\/09\\\/shutterstock_2140237089-1024x683.webp\",\"datePublished\":\"2026-09-06T13:24:53+00:00\",\"breadcrumb\":{\"@id\":\"https:\\\/\\\/portalmaisagro.com\\\/?p=10057#breadcrumb\"},\"inLanguage\":\"pt-BR\",\"potentialAction\":[{\"@type\":\"ReadAction\",\"target\":[\"https:\\\/\\\/portalmaisagro.com\\\/?p=10057\"]}]},{\"@type\":\"ImageObject\",\"inLanguage\":\"pt-BR\",\"@id\":\"https:\\\/\\\/portalmaisagro.com\\\/?p=10057#primaryimage\",\"url\":\"https:\\\/\\\/portalmaisagro.com\\\/wp-content\\\/uploads\\\/2026\\\/09\\\/shutterstock_2140237089-scaled.webp\",\"contentUrl\":\"https:\\\/\\\/portalmaisagro.com\\\/wp-content\\\/uploads\\\/2026\\\/09\\\/shutterstock_2140237089-scaled.webp\",\"width\":2560,\"height\":1707},{\"@type\":\"BreadcrumbList\",\"@id\":\"https:\\\/\\\/portalmaisagro.com\\\/?p=10057#breadcrumb\",\"itemListElement\":[{\"@type\":\"ListItem\",\"position\":1,\"name\":\"In\u00edcio\",\"item\":\"https:\\\/\\\/portalmaisagro.com\\\/\"},{\"@type\":\"ListItem\",\"position\":2,\"name\":\"Agricultura Regenerativa: entenda esse conceito\"}]},{\"@type\":\"WebSite\",\"@id\":\"https:\\\/\\\/portalmaisagro.com\\\/#website\",\"url\":\"https:\\\/\\\/portalmaisagro.com\\\/\",\"name\":\"MaisAgro\",\"description\":\"O portal do agroneg\u00f3cio\",\"publisher\":{\"@id\":\"https:\\\/\\\/portalmaisagro.com\\\/#organization\"},\"potentialAction\":[{\"@type\":\"SearchAction\",\"target\":{\"@type\":\"EntryPoint\",\"urlTemplate\":\"https:\\\/\\\/portalmaisagro.com\\\/?s={search_term_string}\"},\"query-input\":{\"@type\":\"PropertyValueSpecification\",\"valueRequired\":true,\"valueName\":\"search_term_string\"}}],\"inLanguage\":\"pt-BR\"},{\"@type\":\"Organization\",\"@id\":\"https:\\\/\\\/portalmaisagro.com\\\/#organization\",\"name\":\"MaisAgro\",\"url\":\"https:\\\/\\\/portalmaisagro.com\\\/\",\"logo\":{\"@type\":\"ImageObject\",\"inLanguage\":\"pt-BR\",\"@id\":\"https:\\\/\\\/portalmaisagro.com\\\/#\\\/schema\\\/logo\\\/image\\\/\",\"url\":\"https:\\\/\\\/portalmaisagro.com\\\/wp-content\\\/uploads\\\/2024\\\/11\\\/logo_oficial-e1749247575377.png\",\"contentUrl\":\"https:\\\/\\\/portalmaisagro.com\\\/wp-content\\\/uploads\\\/2024\\\/11\\\/logo_oficial-e1749247575377.png\",\"width\":513,\"height\":107,\"caption\":\"MaisAgro\"},\"image\":{\"@id\":\"https:\\\/\\\/portalmaisagro.com\\\/#\\\/schema\\\/logo\\\/image\\\/\"},\"sameAs\":[\"https:\\\/\\\/www.facebook.com\\\/maisagroportal\"]},{\"@type\":\"Person\",\"@id\":\"https:\\\/\\\/portalmaisagro.com\\\/#\\\/schema\\\/person\\\/ade0f16b5a3434e1ec47b1fbdb9b9318\",\"name\":\"Taiane do Carmo\",\"image\":{\"@type\":\"ImageObject\",\"inLanguage\":\"pt-BR\",\"@id\":\"https:\\\/\\\/portalmaisagro.com\\\/wp-content\\\/uploads\\\/2026\\\/04\\\/images.jpeg640e5d69297d7dd56cc39a10251ad7db\",\"url\":\"https:\\\/\\\/portalmaisagro.com\\\/wp-content\\\/uploads\\\/2026\\\/04\\\/images.jpeg\",\"contentUrl\":\"https:\\\/\\\/portalmaisagro.com\\\/wp-content\\\/uploads\\\/2026\\\/04\\\/images.jpeg\",\"caption\":\"Taiane do Carmo\"},\"url\":\"https:\\\/\\\/portalmaisagro.com\\\/?author=10\"}]}<\/script>\n<!-- \/ Yoast SEO plugin. -->","yoast_head_json":{"title":"Agricultura Regenerativa: entenda esse conceito - MaisAgro","robots":{"index":"index","follow":"follow","max-snippet":"max-snippet:-1","max-image-preview":"max-image-preview:large","max-video-preview":"max-video-preview:-1"},"canonical":"https:\/\/portalmaisagro.com\/?p=10057","og_locale":"pt_BR","og_type":"article","og_title":"Agricultura Regenerativa: entenda esse conceito - MaisAgro","og_description":"A\u00a0agricultura regenerativa\u00a0tem ganhado destaque como uma abordagem inovadora e necess\u00e1ria para o futuro do campo. Mais do que produzir alimentos, esse modelo busca\u00a0regenerar o solo, fortalecer os ecossistemas e tornar a produ\u00e7\u00e3o agr\u00edcola mais sustent\u00e1vel ao longo do tempo. Diante de desafios como degrada\u00e7\u00e3o do solo, mudan\u00e7as clim\u00e1ticas e perda&hellip;","og_url":"https:\/\/portalmaisagro.com\/?p=10057","og_site_name":"MaisAgro","article_publisher":"https:\/\/www.facebook.com\/maisagroportal","article_published_time":"2026-09-06T13:24:53+00:00","og_image":[{"width":2560,"height":1707,"url":"https:\/\/portalmaisagro.com\/wp-content\/uploads\/2026\/09\/shutterstock_2140237089-scaled.webp","type":"image\/webp"}],"author":"Taiane do Carmo","twitter_card":"summary_large_image","twitter_misc":{"Escrito por":"Taiane do Carmo","Est. tempo de leitura":"4 minutos"},"schema":{"@context":"https:\/\/schema.org","@graph":[{"@type":"Article","@id":"https:\/\/portalmaisagro.com\/?p=10057#article","isPartOf":{"@id":"https:\/\/portalmaisagro.com\/?p=10057"},"author":{"name":"Taiane do Carmo","@id":"https:\/\/portalmaisagro.com\/#\/schema\/person\/ade0f16b5a3434e1ec47b1fbdb9b9318"},"headline":"Agricultura Regenerativa: entenda esse conceito","datePublished":"2026-09-06T13:24:53+00:00","mainEntityOfPage":{"@id":"https:\/\/portalmaisagro.com\/?p=10057"},"wordCount":662,"publisher":{"@id":"https:\/\/portalmaisagro.com\/#organization"},"image":{"@id":"https:\/\/portalmaisagro.com\/?p=10057#primaryimage"},"thumbnailUrl":"https:\/\/portalmaisagro.com\/wp-content\/uploads\/2026\/09\/shutterstock_2140237089-1024x683.webp","articleSection":["AGRICULTURA","DESTAQUES"],"inLanguage":"pt-BR"},{"@type":"WebPage","@id":"https:\/\/portalmaisagro.com\/?p=10057","url":"https:\/\/portalmaisagro.com\/?p=10057","name":"Agricultura Regenerativa: entenda esse conceito - MaisAgro","isPartOf":{"@id":"https:\/\/portalmaisagro.com\/#website"},"primaryImageOfPage":{"@id":"https:\/\/portalmaisagro.com\/?p=10057#primaryimage"},"image":{"@id":"https:\/\/portalmaisagro.com\/?p=10057#primaryimage"},"thumbnailUrl":"https:\/\/portalmaisagro.com\/wp-content\/uploads\/2026\/09\/shutterstock_2140237089-1024x683.webp","datePublished":"2026-09-06T13:24:53+00:00","breadcrumb":{"@id":"https:\/\/portalmaisagro.com\/?p=10057#breadcrumb"},"inLanguage":"pt-BR","potentialAction":[{"@type":"ReadAction","target":["https:\/\/portalmaisagro.com\/?p=10057"]}]},{"@type":"ImageObject","inLanguage":"pt-BR","@id":"https:\/\/portalmaisagro.com\/?p=10057#primaryimage","url":"https:\/\/portalmaisagro.com\/wp-content\/uploads\/2026\/09\/shutterstock_2140237089-scaled.webp","contentUrl":"https:\/\/portalmaisagro.com\/wp-content\/uploads\/2026\/09\/shutterstock_2140237089-scaled.webp","width":2560,"height":1707},{"@type":"BreadcrumbList","@id":"https:\/\/portalmaisagro.com\/?p=10057#breadcrumb","itemListElement":[{"@type":"ListItem","position":1,"name":"In\u00edcio","item":"https:\/\/portalmaisagro.com\/"},{"@type":"ListItem","position":2,"name":"Agricultura Regenerativa: entenda esse conceito"}]},{"@type":"WebSite","@id":"https:\/\/portalmaisagro.com\/#website","url":"https:\/\/portalmaisagro.com\/","name":"MaisAgro","description":"O portal do agroneg\u00f3cio","publisher":{"@id":"https:\/\/portalmaisagro.com\/#organization"},"potentialAction":[{"@type":"SearchAction","target":{"@type":"EntryPoint","urlTemplate":"https:\/\/portalmaisagro.com\/?s={search_term_string}"},"query-input":{"@type":"PropertyValueSpecification","valueRequired":true,"valueName":"search_term_string"}}],"inLanguage":"pt-BR"},{"@type":"Organization","@id":"https:\/\/portalmaisagro.com\/#organization","name":"MaisAgro","url":"https:\/\/portalmaisagro.com\/","logo":{"@type":"ImageObject","inLanguage":"pt-BR","@id":"https:\/\/portalmaisagro.com\/#\/schema\/logo\/image\/","url":"https:\/\/portalmaisagro.com\/wp-content\/uploads\/2024\/11\/logo_oficial-e1749247575377.png","contentUrl":"https:\/\/portalmaisagro.com\/wp-content\/uploads\/2024\/11\/logo_oficial-e1749247575377.png","width":513,"height":107,"caption":"MaisAgro"},"image":{"@id":"https:\/\/portalmaisagro.com\/#\/schema\/logo\/image\/"},"sameAs":["https:\/\/www.facebook.com\/maisagroportal"]},{"@type":"Person","@id":"https:\/\/portalmaisagro.com\/#\/schema\/person\/ade0f16b5a3434e1ec47b1fbdb9b9318","name":"Taiane do Carmo","image":{"@type":"ImageObject","inLanguage":"pt-BR","@id":"https:\/\/portalmaisagro.com\/wp-content\/uploads\/2026\/04\/images.jpeg640e5d69297d7dd56cc39a10251ad7db","url":"https:\/\/portalmaisagro.com\/wp-content\/uploads\/2026\/04\/images.jpeg","contentUrl":"https:\/\/portalmaisagro.com\/wp-content\/uploads\/2026\/04\/images.jpeg","caption":"Taiane do Carmo"},"url":"https:\/\/portalmaisagro.com\/?author=10"}]}},"jetpack_publicize_connections":[],"authors":[],"_links":{"self":[{"href":"https:\/\/portalmaisagro.com\/index.php?rest_route=\/wp\/v2\/posts\/10057","targetHints":{"allow":["GET"]}}],"collection":[{"href":"https:\/\/portalmaisagro.com\/index.php?rest_route=\/wp\/v2\/posts"}],"about":[{"href":"https:\/\/portalmaisagro.com\/index.php?rest_route=\/wp\/v2\/types\/post"}],"author":[{"embeddable":true,"href":"https:\/\/portalmaisagro.com\/index.php?rest_route=\/wp\/v2\/users\/10"}],"replies":[{"embeddable":true,"href":"https:\/\/portalmaisagro.com\/index.php?rest_route=%2Fwp%2Fv2%2Fcomments&post=10057"}],"version-history":[{"count":1,"href":"https:\/\/portalmaisagro.com\/index.php?rest_route=\/wp\/v2\/posts\/10057\/revisions"}],"predecessor-version":[{"id":10059,"href":"https:\/\/portalmaisagro.com\/index.php?rest_route=\/wp\/v2\/posts\/10057\/revisions\/10059"}],"wp:attachment":[{"href":"https:\/\/portalmaisagro.com\/index.php?rest_route=%2Fwp%2Fv2%2Fmedia&parent=10057"}],"wp:term":[{"taxonomy":"category","embeddable":true,"href":"https:\/\/portalmaisagro.com\/index.php?rest_route=%2Fwp%2Fv2%2Fcategories&post=10057"},{"taxonomy":"post_tag","embeddable":true,"href":"https:\/\/portalmaisagro.com\/index.php?rest_route=%2Fwp%2Fv2%2Ftags&post=10057"}],"curies":[{"name":"wp","href":"https:\/\/api.w.org\/{rel}","templated":true}]}}