{"id":10038,"date":"2026-09-04T08:58:15","date_gmt":"2026-09-04T11:58:15","guid":{"rendered":"https:\/\/portalmaisagro.com\/?p=10038"},"modified":"2026-09-04T08:58:16","modified_gmt":"2026-09-04T11:58:16","slug":"como-o-preparo-de-solo-influencia-a-produtividade-no-campo","status":"publish","type":"post","link":"https:\/\/portalmaisagro.com\/?p=10038","title":{"rendered":"Como o preparo de solo influencia a produtividade no campo"},"content":{"rendered":"<h3><img loading=\"lazy\" decoding=\"async\" class=\"alignnone  wp-image-10039\" src=\"https:\/\/portalmaisagro.com\/wp-content\/uploads\/2026\/09\/1200x800px.png-1024x683.webp\" alt=\"\" width=\"899\" height=\"600\" srcset=\"https:\/\/portalmaisagro.com\/wp-content\/uploads\/2026\/09\/1200x800px.png-1024x683.webp 1024w, https:\/\/portalmaisagro.com\/wp-content\/uploads\/2026\/09\/1200x800px.png-300x200.webp 300w, https:\/\/portalmaisagro.com\/wp-content\/uploads\/2026\/09\/1200x800px.png-768x512.webp 768w, https:\/\/portalmaisagro.com\/wp-content\/uploads\/2026\/09\/1200x800px.png-150x100.webp 150w, https:\/\/portalmaisagro.com\/wp-content\/uploads\/2026\/09\/1200x800px.png.webp 1200w\" sizes=\"auto, (max-width: 899px) 100vw, 899px\" \/><\/h3>\n<h3 class=\"wp-block-paragraph\" style=\"text-align: justify\">Tecnologia\u00a0e efici\u00eancia desde o preparo de solo<\/h3>\n<p class=\"wp-block-paragraph\" style=\"text-align: justify\">Em um cen\u00e1rio de custos elevados, instabilidade clim\u00e1tica e margens cada vez mais pressionadas, a produtividade da lavoura come\u00e7a antes do plantio. O primeiro passo para alcan\u00e7ar altos rendimentos por hectare \u00e9 o preparo de solo.<\/p>\n<p class=\"wp-block-paragraph\" style=\"text-align: justify\">Mais do que uma opera\u00e7\u00e3o mec\u00e2nica, o preparo de solo \u00e9 uma estrat\u00e9gia agron\u00f4mica que influencia o desenvolvimento radicular, a infiltra\u00e7\u00e3o de \u00e1gua, a absor\u00e7\u00e3o de nutrientes, controle de plantas daninhas e a uniformidade da emerg\u00eancia. Quando bem executado, ele se torna determinante para o desempenho da cultura ao longo de todo o ciclo.<\/p>\n<h3 class=\"wp-block-paragraph\" style=\"text-align: justify\">Por que o preparo de solo \u00e9 decisivo para a produtividade no campo?<\/h3>\n<p class=\"wp-block-paragraph\" style=\"text-align: justify\">O preparo de solo tem papel fundamental na estrutura f\u00edsica do perfil do solo. Ele corrige limita\u00e7\u00f5es, reduz camadas compactadas e cria condi\u00e7\u00f5es ideais para o crescimento das ra\u00edzes.<\/p>\n<h4 class=\"wp-block-paragraph\" style=\"text-align: justify\">Entre os principais benef\u00edcios do preparo de solo est\u00e3o:<\/h4>\n<ul class=\"wp-block-list\" style=\"text-align: justify\">\n<li>Descompacta\u00e7\u00e3o eficiente<\/li>\n<li>Melhor aera\u00e7\u00e3o<\/li>\n<li>Maior infiltra\u00e7\u00e3o e reten\u00e7\u00e3o de \u00e1gua<\/li>\n<li>Incorpora\u00e7\u00e3o uniforme de fertilizantes e corretivos<\/li>\n<li>Redu\u00e7\u00e3o de torr\u00f5es<\/li>\n<li>Controle inicial de plantas daninhas<\/li>\n<li>Melhor uniformidade no plantio<\/li>\n<\/ul>\n<p class=\"wp-block-paragraph\" style=\"text-align: justify\">Sem um preparo adequado, a produtividade da lavoura pode ser comprometida ainda nas fases iniciais, impactando desde a germina\u00e7\u00e3o at\u00e9 potencial produtivo.<\/p>\n<p class=\"wp-block-paragraph\" style=\"text-align: justify\">Planejamento do preparo de solo: o que considerar?<\/p>\n<p class=\"wp-block-paragraph\" style=\"text-align: justify\">Para que o preparo de solo entregue m\u00e1xima efici\u00eancia, \u00e9 essencial planejamento t\u00e9cnico. Cada propriedade possui caracter\u00edsticas espec\u00edficas que precisam ser consideradas.<\/p>\n<h4 class=\"wp-block-paragraph\" style=\"text-align: justify\">Os principais fatores s\u00e3o:<\/h4>\n<ul class=\"wp-block-list\" style=\"text-align: justify\">\n<li>Textura de solo (arenoso, argiloso ou misto)<\/li>\n<li>Cultura a ser implantada (soja, milho, algod\u00e3o, cana-de-a\u00e7\u00facar)<\/li>\n<li>Sistema de manejo adotado<\/li>\n<li>Pot\u00eancia do trator<\/li>\n<li>Capacidade operacional dos implementos agr\u00edcolas<\/li>\n<li>Regulagem correta da grade aradora<\/li>\n<\/ul>\n<h4 class=\"wp-block-paragraph\" style=\"text-align: justify\">Quando o preparo de solo \u00e9 realizado com planejamento, os resultados aparecem em forma de:<\/h4>\n<ul class=\"wp-block-list\" style=\"text-align: justify\">\n<li>Melhor aproveitamento e sistematiza\u00e7\u00e3o da \u00e1rea<\/li>\n<li>Maior uniformidade de emerg\u00eancia<\/li>\n<li>Redu\u00e7\u00e3o de falhas no estande<\/li>\n<li>Resposta r\u00e1pida a exig\u00eancia nutricional da cultura<\/li>\n<li>Melhor desenvolvimento vegetativo<\/li>\n<li>Estabilidade produtiva mesmo sob estresse clim\u00e1tico<\/li>\n<\/ul>\n<p class=\"wp-block-paragraph\" style=\"text-align: justify\">Produtividade no campo n\u00e3o depende apenas de gen\u00e9tica ou tecnologia embarcada. Ela come\u00e7a no solo.<\/p>\n<p class=\"wp-block-paragraph\" style=\"text-align: justify\">Tecnologia em m\u00e1quinas agr\u00edcolas para preparo de solo<\/p>\n<figure class=\"wp-block-image size-full\" style=\"text-align: justify\"><img loading=\"lazy\" decoding=\"async\" class=\"wp-image-23525 lazyautosizes lazyloaded\" src=\"https:\/\/midias.baldan.com.br\/wp-content\/uploads\/2026\/03\/image-2.jpg.webp\" alt=\"\" width=\"750\" height=\"484\" data-src=\"https:\/\/midias.baldan.com.br\/wp-content\/uploads\/2026\/03\/image-2.jpg.webp\" data-srcset=\"https:\/\/midias.baldan.com.br\/wp-content\/uploads\/2026\/03\/image-2.jpg.webp 886w, https:\/\/midias.baldan.com.br\/wp-content\/uploads\/2026\/03\/image-2-300x194.jpg.webp 300w, https:\/\/midias.baldan.com.br\/wp-content\/uploads\/2026\/03\/image-2-768x496.jpg.webp 768w\" data-sizes=\"auto\" data-eio-rwidth=\"886\" data-eio-rheight=\"572\" \/><\/figure>\n<p class=\"wp-block-paragraph\" style=\"text-align: justify\">Refer\u00eancia nacional em m\u00e1quinas agr\u00edcolas, a Baldan Implementos Agr\u00edcolas desenvolve solu\u00e7\u00f5es voltadas para efici\u00eancia operacional e alto rendimento no campo.<\/p>\n<h4 class=\"wp-block-paragraph\" style=\"text-align: justify\">\nCom portf\u00f3lio superior a 200 produtos e mais de 2 mil vers\u00f5es, a empresa atua nas linhas de:<\/h4>\n<p class=\"wp-block-paragraph\" style=\"text-align: justify\">\n\u2022 Preparo de solo<br \/>\n\u2022 Plantio<br \/>\n\u2022 Pulveriza\u00e7\u00e3o<br \/>\n\u2022 Pe\u00e7as e reposi\u00e7\u00e3o<br \/>\nDesde 1952, quando produziu o primeiro disco de arado 100% nacional, a marca se consolidou como especialista em discos agr\u00edcolas e grades aradoras, com foco em resist\u00eancia, durabilidade e desempenho.<\/p>\n<p class=\"wp-block-paragraph\" style=\"text-align: justify\">CRI: grade aradora intermedi\u00e1ria para alto desempenhoRefer\u00eancia nacional em m\u00e1quinas agr\u00edcolas, a Baldan Implementos Agr\u00edcolas desenvolve solu\u00e7\u00f5es voltadas para efici\u00eancia operacional e alto rendimento no campo.<\/p>\n<h4 class=\"wp-block-paragraph\" style=\"text-align: justify\">\nCom portf\u00f3lio superior a 200 produtos e mais de 2 mil vers\u00f5es, a empresa atua nas linhas de:<\/h4>\n<p class=\"wp-block-paragraph\" style=\"text-align: justify\">\n\u2022 Preparo de solo<br \/>\n\u2022 Plantio<br \/>\n\u2022 Pulveriza\u00e7\u00e3o<br \/>\n\u2022 Pe\u00e7as e reposi\u00e7\u00e3o<br \/>\nDesde 1952, quando produziu o primeiro disco de arado 100% nacional, a marca se consolidou como especialista em discos agr\u00edcolas e grades aradoras, com foco em resist\u00eancia, durabilidade e desempenho.<\/p>\n<p class=\"wp-block-paragraph\" style=\"text-align: justify\">CRI: grade aradora intermedi\u00e1ria para alto desempenho<\/p>\n<figure class=\"wp-block-image size-full\" style=\"text-align: justify\"><img loading=\"lazy\" decoding=\"async\" class=\"wp-image-23532 lazyautosizes lazyloaded\" src=\"https:\/\/midias.baldan.com.br\/wp-content\/uploads\/2026\/03\/image-4.jpg.webp\" alt=\"\" width=\"755\" height=\"467\" data-src=\"https:\/\/midias.baldan.com.br\/wp-content\/uploads\/2026\/03\/image-4.jpg.webp\" data-srcset=\"https:\/\/midias.baldan.com.br\/wp-content\/uploads\/2026\/03\/image-4.jpg.webp 886w, https:\/\/midias.baldan.com.br\/wp-content\/uploads\/2026\/03\/image-4-300x186.jpg.webp 300w, https:\/\/midias.baldan.com.br\/wp-content\/uploads\/2026\/03\/image-4-768x475.jpg.webp 768w\" data-sizes=\"auto\" data-eio-rwidth=\"886\" data-eio-rheight=\"548\" \/><\/figure>\n<p class=\"wp-block-paragraph\" style=\"text-align: justify\">Entre as solu\u00e7\u00f5es para preparo de solo est\u00e1 a CRI, uma grade aradora intermedi\u00e1ria com controle remoto, desenvolvida para entregar for\u00e7a, versatilidade e precis\u00e3o operacional.<br \/>\nDispon\u00edvel em vers\u00f5es de 12 a 60 discos, adapta-se a diferentes tamanhos de propriedade e faixas de pot\u00eancia de trator.<\/p>\n<h4 class=\"wp-block-paragraph\" style=\"text-align: justify\">\nDiferenciais da CRI no preparo de solo:<\/h4>\n<p class=\"wp-block-paragraph\" style=\"text-align: justify\">\n\u2022 Estrutura refor\u00e7ada (chassi, vigas e chapas de alta resist\u00eancia)<br \/>\n\u2022 Distribui\u00e7\u00e3o de massa uniformemente otimizada na estrutura, visando maior efici\u00eancia e redu\u00e7\u00e3o do consumo de combust\u00edvel durante a opera\u00e7\u00e3o<br \/>\n\u2022 Excelente desempenho de corte em qualquer tipo de solo<br \/>\n\u2022 Controle remoto para ajuste preciso de profundidade<br \/>\n\u2022 Melhor estabiliza\u00e7\u00e3o do montante<br \/>\n\u2022 Facilidade de transporte<br \/>\n\u2022 Redu\u00e7\u00e3o de desgaste prematuro dos discos<br \/>\nA regulagem r\u00e1pida e precisa permite maior uniformidade nas opera\u00e7\u00f5es de preparo de solo, contribuindo de forma mais eficiente para a transforma\u00e7\u00e3o de um leito de semeadura tecnicamente adequado e homog\u00eaneo.<\/p>\n<figure class=\"wp-block-image size-full\" style=\"text-align: justify\"><img loading=\"lazy\" decoding=\"async\" class=\"wp-image-23542 lazyautosizes lazyloaded\" src=\"https:\/\/midias.baldan.com.br\/wp-content\/uploads\/2026\/03\/image-5.jpg.webp\" alt=\"\" width=\"729\" height=\"300\" data-src=\"https:\/\/midias.baldan.com.br\/wp-content\/uploads\/2026\/03\/image-5.jpg.webp\" data-srcset=\"https:\/\/midias.baldan.com.br\/wp-content\/uploads\/2026\/03\/image-5.jpg.webp 884w, https:\/\/midias.baldan.com.br\/wp-content\/uploads\/2026\/03\/image-5-300x124.jpg.webp 300w, https:\/\/midias.baldan.com.br\/wp-content\/uploads\/2026\/03\/image-5-768x316.jpg.webp 768w\" data-sizes=\"auto\" data-eio-rwidth=\"884\" data-eio-rheight=\"364\" \/><\/figure>\n<p class=\"wp-block-paragraph\" style=\"text-align: justify\">Manuten\u00e7\u00e3o preventiva: aliada da produtividade<\/p>\n<p class=\"wp-block-paragraph\" style=\"text-align: justify\">Para garantir desempenho cont\u00ednuo no preparo de solo, a manuten\u00e7\u00e3o preventiva \u00e9 indispens\u00e1vel.<\/p>\n<h4 class=\"wp-block-paragraph\" style=\"text-align: justify\">As recomenda\u00e7\u00f5es incluem:<\/h4>\n<ul class=\"wp-block-list\" style=\"text-align: justify\">\n<li>Lubrifica\u00e7\u00e3o com graxa a cada 24 horas de trabalho<\/li>\n<li>Verifica\u00e7\u00e3o da press\u00e3o dos pneus a cada 12 horas<\/li>\n<li>Reapertos e ajustes peri\u00f3dicos<\/li>\n<li>Lubrifica\u00e7\u00e3o dos mancais:\n<ul class=\"wp-block-list\">\n<li>Graxa a cada 24 horas<\/li>\n<li>\u00d3leo a cada 1.200 horas<\/li>\n<\/ul>\n<\/li>\n<\/ul>\n<p class=\"wp-block-paragraph\" style=\"text-align: justify\">A manuten\u00e7\u00e3o adequada reduz paradas n\u00e3o planejadas, aumenta a vida \u00fatil do implemento e protege o investimento do produtor rural.<\/p>\n<figure class=\"wp-block-image size-full\" style=\"text-align: justify\"><img loading=\"lazy\" decoding=\"async\" class=\"wp-image-23545 lazyautosizes lazyloaded\" src=\"https:\/\/midias.baldan.com.br\/wp-content\/uploads\/2026\/03\/image-6.jpg.webp\" alt=\"\" width=\"725\" height=\"253\" data-src=\"https:\/\/midias.baldan.com.br\/wp-content\/uploads\/2026\/03\/image-6.jpg.webp\" data-srcset=\"https:\/\/midias.baldan.com.br\/wp-content\/uploads\/2026\/03\/image-6.jpg.webp 886w, https:\/\/midias.baldan.com.br\/wp-content\/uploads\/2026\/03\/image-6-300x105.jpg.webp 300w, https:\/\/midias.baldan.com.br\/wp-content\/uploads\/2026\/03\/image-6-768x268.jpg.webp 768w\" data-sizes=\"auto\" data-eio-rwidth=\"886\" data-eio-rheight=\"309\" \/><\/figure>\n<p class=\"wp-block-paragraph\" style=\"text-align: justify\">Preparo de solo: base estrat\u00e9gica da produtividade<\/p>\n<p class=\"wp-block-paragraph\" style=\"text-align: justify\">O preparo de solo \u00e9 uma das etapas mais estrat\u00e9gicas do ciclo agr\u00edcola. Ele define o ambiente onde a cultura ir\u00e1 se desenvolver e influencia diretamente o resultado da safra.<\/p>\n<h4 class=\"wp-block-paragraph\" style=\"text-align: justify\">Investir em planejamento t\u00e9cnico, m\u00e1quinas agr\u00edcolas robustas e regulagem correta dos implementos \u00e9 investir em:<\/h4>\n<ul class=\"wp-block-list\" style=\"text-align: justify\">\n<li>Maior efici\u00eancia operacional<\/li>\n<li>Redu\u00e7\u00e3o de custos por hectare<\/li>\n<li>Estabilidade produtiva<\/li>\n<li>Melhor rentabilidade<\/li>\n<\/ul>\n<p class=\"wp-block-paragraph\" style=\"text-align: justify\">No agro moderno, produtividade n\u00e3o \u00e9 acaso. \u00c9 estrat\u00e9gia \u2014 e come\u00e7a no preparo de solo.<\/p>\n<p>Texto: Ascom Baldan<\/p>\n<p>Foto: Divulga\u00e7\u00e3o<\/p>\n<p><img loading=\"lazy\" decoding=\"async\" class=\"alignnone  wp-image-9943\" src=\"https:\/\/portalmaisagro.com\/wp-content\/uploads\/2026\/09\/WhatsApp-Image-2026-08-11-at-10.28.27.jpeg\" alt=\"\" width=\"236\" height=\"310\" srcset=\"https:\/\/portalmaisagro.com\/wp-content\/uploads\/2026\/09\/WhatsApp-Image-2026-08-11-at-10.28.27.jpeg 298w, https:\/\/portalmaisagro.com\/wp-content\/uploads\/2026\/09\/WhatsApp-Image-2026-08-11-at-10.28.27-229x300.jpeg 229w, https:\/\/portalmaisagro.com\/wp-content\/uploads\/2026\/09\/WhatsApp-Image-2026-08-11-at-10.28.27-150x197.jpeg 150w\" sizes=\"auto, (max-width: 236px) 100vw, 236px\" \/><\/p>\n<p><a href=\"https:\/\/digital.agriculturafamiliar.agr.br\/pub\/agriculturafamiliar\/#page\/147\"><strong><em>Conte\u00fado exclusivo de empresas participantes do Anu\u00e1rio Brasileiro do Agroneg\u00f3cio e Agricultura Familiar \u2013 LEIA O ANU\u00c1RIO GRATUITAMENTE<\/em><\/strong><\/a><\/p>\n","protected":false},"excerpt":{"rendered":"<p>Tecnologia\u00a0e efici\u00eancia desde o preparo de solo Em um cen\u00e1rio de custos elevados, instabilidade clim\u00e1tica e margens cada vez mais pressionadas, a produtividade da lavoura come\u00e7a antes do plantio. O primeiro passo para alcan\u00e7ar altos rendimentos por hectare \u00e9 o preparo de solo. Mais do que uma opera\u00e7\u00e3o mec\u00e2nica, o&hellip;<\/p>\n","protected":false},"author":10,"featured_media":0,"comment_status":"closed","ping_status":"closed","sticky":false,"template":"","format":"standard","meta":{"footnotes":"","jetpack_publicize_message":"","jetpack_publicize_feature_enabled":true,"jetpack_social_post_already_shared":true,"jetpack_social_options":{"image_generator_settings":{"template":"highway","default_image_id":0,"font":"","enabled":false},"version":2},"_members_access_role":[],"_members_access_error":""},"categories":[3,131],"tags":[],"class_list":["post-10038","post","type-post","status-publish","format-standard","hentry","category-agricultura","category-destaques"],"yoast_head":"<!-- This site is optimized with the Yoast SEO plugin v28.1 - https:\/\/yoast.com\/product\/yoast-seo-wordpress\/ -->\n<title>Como o preparo de solo influencia a produtividade no campo - MaisAgro<\/title>\n<meta name=\"robots\" content=\"index, follow, max-snippet:-1, max-image-preview:large, max-video-preview:-1\" \/>\n<link rel=\"canonical\" href=\"https:\/\/portalmaisagro.com\/?p=10038\" \/>\n<meta property=\"og:locale\" content=\"pt_BR\" \/>\n<meta property=\"og:type\" content=\"article\" \/>\n<meta property=\"og:title\" content=\"Como o preparo de solo influencia a produtividade no campo - MaisAgro\" \/>\n<meta property=\"og:description\" content=\"Tecnologia\u00a0e efici\u00eancia desde o preparo de solo Em um cen\u00e1rio de custos elevados, instabilidade clim\u00e1tica e margens cada vez mais pressionadas, a produtividade da lavoura come\u00e7a antes do plantio. O primeiro passo para alcan\u00e7ar altos rendimentos por hectare \u00e9 o preparo de solo. Mais do que uma opera\u00e7\u00e3o mec\u00e2nica, o&hellip;\" \/>\n<meta property=\"og:url\" content=\"https:\/\/portalmaisagro.com\/?p=10038\" \/>\n<meta property=\"og:site_name\" content=\"MaisAgro\" \/>\n<meta property=\"article:publisher\" content=\"https:\/\/www.facebook.com\/maisagroportal\" \/>\n<meta property=\"article:published_time\" content=\"2026-09-04T11:58:15+00:00\" \/>\n<meta property=\"article:modified_time\" content=\"2026-09-04T11:58:16+00:00\" \/>\n<meta property=\"og:image\" content=\"https:\/\/portalmaisagro.com\/wp-content\/uploads\/2026\/09\/1200x800px.png.webp\" \/>\n\t<meta property=\"og:image:width\" content=\"1200\" \/>\n\t<meta property=\"og:image:height\" content=\"800\" \/>\n\t<meta property=\"og:image:type\" content=\"image\/webp\" \/>\n<meta name=\"author\" content=\"Taiane do Carmo\" \/>\n<meta name=\"twitter:card\" content=\"summary_large_image\" \/>\n<meta name=\"twitter:label1\" content=\"Escrito por\" \/>\n\t<meta name=\"twitter:data1\" content=\"Taiane do Carmo\" \/>\n\t<meta name=\"twitter:label2\" content=\"Est. tempo de leitura\" \/>\n\t<meta name=\"twitter:data2\" content=\"6 minutos\" \/>\n<script type=\"application\/ld+json\" class=\"yoast-schema-graph\">{\"@context\":\"https:\\\/\\\/schema.org\",\"@graph\":[{\"@type\":\"Article\",\"@id\":\"https:\\\/\\\/portalmaisagro.com\\\/?p=10038#article\",\"isPartOf\":{\"@id\":\"https:\\\/\\\/portalmaisagro.com\\\/?p=10038\"},\"author\":{\"name\":\"Taiane do Carmo\",\"@id\":\"https:\\\/\\\/portalmaisagro.com\\\/#\\\/schema\\\/person\\\/ade0f16b5a3434e1ec47b1fbdb9b9318\"},\"headline\":\"Como o preparo de solo influencia a produtividade no campo\",\"datePublished\":\"2026-09-04T11:58:15+00:00\",\"dateModified\":\"2026-09-04T11:58:16+00:00\",\"mainEntityOfPage\":{\"@id\":\"https:\\\/\\\/portalmaisagro.com\\\/?p=10038\"},\"wordCount\":925,\"publisher\":{\"@id\":\"https:\\\/\\\/portalmaisagro.com\\\/#organization\"},\"image\":{\"@id\":\"https:\\\/\\\/portalmaisagro.com\\\/?p=10038#primaryimage\"},\"thumbnailUrl\":\"https:\\\/\\\/portalmaisagro.com\\\/wp-content\\\/uploads\\\/2026\\\/09\\\/1200x800px.png-1024x683.webp\",\"articleSection\":[\"AGRICULTURA\",\"DESTAQUES\"],\"inLanguage\":\"pt-BR\"},{\"@type\":\"WebPage\",\"@id\":\"https:\\\/\\\/portalmaisagro.com\\\/?p=10038\",\"url\":\"https:\\\/\\\/portalmaisagro.com\\\/?p=10038\",\"name\":\"Como o preparo de solo influencia a produtividade no campo - MaisAgro\",\"isPartOf\":{\"@id\":\"https:\\\/\\\/portalmaisagro.com\\\/#website\"},\"primaryImageOfPage\":{\"@id\":\"https:\\\/\\\/portalmaisagro.com\\\/?p=10038#primaryimage\"},\"image\":{\"@id\":\"https:\\\/\\\/portalmaisagro.com\\\/?p=10038#primaryimage\"},\"thumbnailUrl\":\"https:\\\/\\\/portalmaisagro.com\\\/wp-content\\\/uploads\\\/2026\\\/09\\\/1200x800px.png-1024x683.webp\",\"datePublished\":\"2026-09-04T11:58:15+00:00\",\"dateModified\":\"2026-09-04T11:58:16+00:00\",\"breadcrumb\":{\"@id\":\"https:\\\/\\\/portalmaisagro.com\\\/?p=10038#breadcrumb\"},\"inLanguage\":\"pt-BR\",\"potentialAction\":[{\"@type\":\"ReadAction\",\"target\":[\"https:\\\/\\\/portalmaisagro.com\\\/?p=10038\"]}]},{\"@type\":\"ImageObject\",\"inLanguage\":\"pt-BR\",\"@id\":\"https:\\\/\\\/portalmaisagro.com\\\/?p=10038#primaryimage\",\"url\":\"https:\\\/\\\/portalmaisagro.com\\\/wp-content\\\/uploads\\\/2026\\\/09\\\/1200x800px.png.webp\",\"contentUrl\":\"https:\\\/\\\/portalmaisagro.com\\\/wp-content\\\/uploads\\\/2026\\\/09\\\/1200x800px.png.webp\",\"width\":1200,\"height\":800},{\"@type\":\"BreadcrumbList\",\"@id\":\"https:\\\/\\\/portalmaisagro.com\\\/?p=10038#breadcrumb\",\"itemListElement\":[{\"@type\":\"ListItem\",\"position\":1,\"name\":\"In\u00edcio\",\"item\":\"https:\\\/\\\/portalmaisagro.com\\\/\"},{\"@type\":\"ListItem\",\"position\":2,\"name\":\"Como o preparo de solo influencia a produtividade no campo\"}]},{\"@type\":\"WebSite\",\"@id\":\"https:\\\/\\\/portalmaisagro.com\\\/#website\",\"url\":\"https:\\\/\\\/portalmaisagro.com\\\/\",\"name\":\"MaisAgro\",\"description\":\"O portal do agroneg\u00f3cio\",\"publisher\":{\"@id\":\"https:\\\/\\\/portalmaisagro.com\\\/#organization\"},\"potentialAction\":[{\"@type\":\"SearchAction\",\"target\":{\"@type\":\"EntryPoint\",\"urlTemplate\":\"https:\\\/\\\/portalmaisagro.com\\\/?s={search_term_string}\"},\"query-input\":{\"@type\":\"PropertyValueSpecification\",\"valueRequired\":true,\"valueName\":\"search_term_string\"}}],\"inLanguage\":\"pt-BR\"},{\"@type\":\"Organization\",\"@id\":\"https:\\\/\\\/portalmaisagro.com\\\/#organization\",\"name\":\"MaisAgro\",\"url\":\"https:\\\/\\\/portalmaisagro.com\\\/\",\"logo\":{\"@type\":\"ImageObject\",\"inLanguage\":\"pt-BR\",\"@id\":\"https:\\\/\\\/portalmaisagro.com\\\/#\\\/schema\\\/logo\\\/image\\\/\",\"url\":\"https:\\\/\\\/portalmaisagro.com\\\/wp-content\\\/uploads\\\/2024\\\/11\\\/logo_oficial-e1749247575377.png\",\"contentUrl\":\"https:\\\/\\\/portalmaisagro.com\\\/wp-content\\\/uploads\\\/2024\\\/11\\\/logo_oficial-e1749247575377.png\",\"width\":513,\"height\":107,\"caption\":\"MaisAgro\"},\"image\":{\"@id\":\"https:\\\/\\\/portalmaisagro.com\\\/#\\\/schema\\\/logo\\\/image\\\/\"},\"sameAs\":[\"https:\\\/\\\/www.facebook.com\\\/maisagroportal\"]},{\"@type\":\"Person\",\"@id\":\"https:\\\/\\\/portalmaisagro.com\\\/#\\\/schema\\\/person\\\/ade0f16b5a3434e1ec47b1fbdb9b9318\",\"name\":\"Taiane do Carmo\",\"image\":{\"@type\":\"ImageObject\",\"inLanguage\":\"pt-BR\",\"@id\":\"https:\\\/\\\/portalmaisagro.com\\\/wp-content\\\/uploads\\\/2026\\\/04\\\/images.jpeg640e5d69297d7dd56cc39a10251ad7db\",\"url\":\"https:\\\/\\\/portalmaisagro.com\\\/wp-content\\\/uploads\\\/2026\\\/04\\\/images.jpeg\",\"contentUrl\":\"https:\\\/\\\/portalmaisagro.com\\\/wp-content\\\/uploads\\\/2026\\\/04\\\/images.jpeg\",\"caption\":\"Taiane do Carmo\"},\"url\":\"https:\\\/\\\/portalmaisagro.com\\\/?author=10\"}]}<\/script>\n<!-- \/ Yoast SEO plugin. -->","yoast_head_json":{"title":"Como o preparo de solo influencia a produtividade no campo - MaisAgro","robots":{"index":"index","follow":"follow","max-snippet":"max-snippet:-1","max-image-preview":"max-image-preview:large","max-video-preview":"max-video-preview:-1"},"canonical":"https:\/\/portalmaisagro.com\/?p=10038","og_locale":"pt_BR","og_type":"article","og_title":"Como o preparo de solo influencia a produtividade no campo - MaisAgro","og_description":"Tecnologia\u00a0e efici\u00eancia desde o preparo de solo Em um cen\u00e1rio de custos elevados, instabilidade clim\u00e1tica e margens cada vez mais pressionadas, a produtividade da lavoura come\u00e7a antes do plantio. O primeiro passo para alcan\u00e7ar altos rendimentos por hectare \u00e9 o preparo de solo. Mais do que uma opera\u00e7\u00e3o mec\u00e2nica, o&hellip;","og_url":"https:\/\/portalmaisagro.com\/?p=10038","og_site_name":"MaisAgro","article_publisher":"https:\/\/www.facebook.com\/maisagroportal","article_published_time":"2026-09-04T11:58:15+00:00","article_modified_time":"2026-09-04T11:58:16+00:00","og_image":[{"width":1200,"height":800,"url":"https:\/\/portalmaisagro.com\/wp-content\/uploads\/2026\/09\/1200x800px.png.webp","type":"image\/webp"}],"author":"Taiane do Carmo","twitter_card":"summary_large_image","twitter_misc":{"Escrito por":"Taiane do Carmo","Est. tempo de leitura":"6 minutos"},"schema":{"@context":"https:\/\/schema.org","@graph":[{"@type":"Article","@id":"https:\/\/portalmaisagro.com\/?p=10038#article","isPartOf":{"@id":"https:\/\/portalmaisagro.com\/?p=10038"},"author":{"name":"Taiane do Carmo","@id":"https:\/\/portalmaisagro.com\/#\/schema\/person\/ade0f16b5a3434e1ec47b1fbdb9b9318"},"headline":"Como o preparo de solo influencia a produtividade no campo","datePublished":"2026-09-04T11:58:15+00:00","dateModified":"2026-09-04T11:58:16+00:00","mainEntityOfPage":{"@id":"https:\/\/portalmaisagro.com\/?p=10038"},"wordCount":925,"publisher":{"@id":"https:\/\/portalmaisagro.com\/#organization"},"image":{"@id":"https:\/\/portalmaisagro.com\/?p=10038#primaryimage"},"thumbnailUrl":"https:\/\/portalmaisagro.com\/wp-content\/uploads\/2026\/09\/1200x800px.png-1024x683.webp","articleSection":["AGRICULTURA","DESTAQUES"],"inLanguage":"pt-BR"},{"@type":"WebPage","@id":"https:\/\/portalmaisagro.com\/?p=10038","url":"https:\/\/portalmaisagro.com\/?p=10038","name":"Como o preparo de solo influencia a produtividade no campo - MaisAgro","isPartOf":{"@id":"https:\/\/portalmaisagro.com\/#website"},"primaryImageOfPage":{"@id":"https:\/\/portalmaisagro.com\/?p=10038#primaryimage"},"image":{"@id":"https:\/\/portalmaisagro.com\/?p=10038#primaryimage"},"thumbnailUrl":"https:\/\/portalmaisagro.com\/wp-content\/uploads\/2026\/09\/1200x800px.png-1024x683.webp","datePublished":"2026-09-04T11:58:15+00:00","dateModified":"2026-09-04T11:58:16+00:00","breadcrumb":{"@id":"https:\/\/portalmaisagro.com\/?p=10038#breadcrumb"},"inLanguage":"pt-BR","potentialAction":[{"@type":"ReadAction","target":["https:\/\/portalmaisagro.com\/?p=10038"]}]},{"@type":"ImageObject","inLanguage":"pt-BR","@id":"https:\/\/portalmaisagro.com\/?p=10038#primaryimage","url":"https:\/\/portalmaisagro.com\/wp-content\/uploads\/2026\/09\/1200x800px.png.webp","contentUrl":"https:\/\/portalmaisagro.com\/wp-content\/uploads\/2026\/09\/1200x800px.png.webp","width":1200,"height":800},{"@type":"BreadcrumbList","@id":"https:\/\/portalmaisagro.com\/?p=10038#breadcrumb","itemListElement":[{"@type":"ListItem","position":1,"name":"In\u00edcio","item":"https:\/\/portalmaisagro.com\/"},{"@type":"ListItem","position":2,"name":"Como o preparo de solo influencia a produtividade no campo"}]},{"@type":"WebSite","@id":"https:\/\/portalmaisagro.com\/#website","url":"https:\/\/portalmaisagro.com\/","name":"MaisAgro","description":"O portal do agroneg\u00f3cio","publisher":{"@id":"https:\/\/portalmaisagro.com\/#organization"},"potentialAction":[{"@type":"SearchAction","target":{"@type":"EntryPoint","urlTemplate":"https:\/\/portalmaisagro.com\/?s={search_term_string}"},"query-input":{"@type":"PropertyValueSpecification","valueRequired":true,"valueName":"search_term_string"}}],"inLanguage":"pt-BR"},{"@type":"Organization","@id":"https:\/\/portalmaisagro.com\/#organization","name":"MaisAgro","url":"https:\/\/portalmaisagro.com\/","logo":{"@type":"ImageObject","inLanguage":"pt-BR","@id":"https:\/\/portalmaisagro.com\/#\/schema\/logo\/image\/","url":"https:\/\/portalmaisagro.com\/wp-content\/uploads\/2024\/11\/logo_oficial-e1749247575377.png","contentUrl":"https:\/\/portalmaisagro.com\/wp-content\/uploads\/2024\/11\/logo_oficial-e1749247575377.png","width":513,"height":107,"caption":"MaisAgro"},"image":{"@id":"https:\/\/portalmaisagro.com\/#\/schema\/logo\/image\/"},"sameAs":["https:\/\/www.facebook.com\/maisagroportal"]},{"@type":"Person","@id":"https:\/\/portalmaisagro.com\/#\/schema\/person\/ade0f16b5a3434e1ec47b1fbdb9b9318","name":"Taiane do Carmo","image":{"@type":"ImageObject","inLanguage":"pt-BR","@id":"https:\/\/portalmaisagro.com\/wp-content\/uploads\/2026\/04\/images.jpeg640e5d69297d7dd56cc39a10251ad7db","url":"https:\/\/portalmaisagro.com\/wp-content\/uploads\/2026\/04\/images.jpeg","contentUrl":"https:\/\/portalmaisagro.com\/wp-content\/uploads\/2026\/04\/images.jpeg","caption":"Taiane do Carmo"},"url":"https:\/\/portalmaisagro.com\/?author=10"}]}},"jetpack_publicize_connections":[],"authors":[],"_links":{"self":[{"href":"https:\/\/portalmaisagro.com\/index.php?rest_route=\/wp\/v2\/posts\/10038","targetHints":{"allow":["GET"]}}],"collection":[{"href":"https:\/\/portalmaisagro.com\/index.php?rest_route=\/wp\/v2\/posts"}],"about":[{"href":"https:\/\/portalmaisagro.com\/index.php?rest_route=\/wp\/v2\/types\/post"}],"author":[{"embeddable":true,"href":"https:\/\/portalmaisagro.com\/index.php?rest_route=\/wp\/v2\/users\/10"}],"replies":[{"embeddable":true,"href":"https:\/\/portalmaisagro.com\/index.php?rest_route=%2Fwp%2Fv2%2Fcomments&post=10038"}],"version-history":[{"count":1,"href":"https:\/\/portalmaisagro.com\/index.php?rest_route=\/wp\/v2\/posts\/10038\/revisions"}],"predecessor-version":[{"id":10040,"href":"https:\/\/portalmaisagro.com\/index.php?rest_route=\/wp\/v2\/posts\/10038\/revisions\/10040"}],"wp:attachment":[{"href":"https:\/\/portalmaisagro.com\/index.php?rest_route=%2Fwp%2Fv2%2Fmedia&parent=10038"}],"wp:term":[{"taxonomy":"category","embeddable":true,"href":"https:\/\/portalmaisagro.com\/index.php?rest_route=%2Fwp%2Fv2%2Fcategories&post=10038"},{"taxonomy":"post_tag","embeddable":true,"href":"https:\/\/portalmaisagro.com\/index.php?rest_route=%2Fwp%2Fv2%2Ftags&post=10038"}],"curies":[{"name":"wp","href":"https:\/\/api.w.org\/{rel}","templated":true}]}}