{"id":10035,"date":"2026-09-04T08:50:17","date_gmt":"2026-09-04T11:50:17","guid":{"rendered":"https:\/\/portalmaisagro.com\/?p=10035"},"modified":"2026-09-04T08:50:17","modified_gmt":"2026-09-04T11:50:17","slug":"seca-na-amazonia-atingiu-38-das-areas-habitadas-no-ultimo-el-nino","status":"publish","type":"post","link":"https:\/\/portalmaisagro.com\/?p=10035","title":{"rendered":"Seca na Amaz\u00f4nia atingiu 38% das \u00e1reas habitadas no \u00faltimo El Ni\u00f1o"},"content":{"rendered":"<p><img loading=\"lazy\" decoding=\"async\" class=\"alignnone  wp-image-10036\" src=\"https:\/\/portalmaisagro.com\/wp-content\/uploads\/2026\/09\/54_retro_2023_seca_no_amazonas-1024x613.webp\" alt=\"\" width=\"837\" height=\"501\" srcset=\"https:\/\/portalmaisagro.com\/wp-content\/uploads\/2026\/09\/54_retro_2023_seca_no_amazonas-1024x613.webp 1024w, https:\/\/portalmaisagro.com\/wp-content\/uploads\/2026\/09\/54_retro_2023_seca_no_amazonas-300x179.webp 300w, https:\/\/portalmaisagro.com\/wp-content\/uploads\/2026\/09\/54_retro_2023_seca_no_amazonas-768x459.webp 768w, https:\/\/portalmaisagro.com\/wp-content\/uploads\/2026\/09\/54_retro_2023_seca_no_amazonas-150x90.webp 150w, https:\/\/portalmaisagro.com\/wp-content\/uploads\/2026\/09\/54_retro_2023_seca_no_amazonas.webp 1170w\" sizes=\"auto, (max-width: 837px) 100vw, 837px\" \/><\/p>\n<p style=\"text-align: justify\"><em>Dado serve de alerta para o que esperar do fen\u00f4meno neste ano<\/em><\/p>\n<p style=\"text-align: justify\">Mais de um ter\u00e7o (38%) das ocupa\u00e7\u00f5es humanas existentes na Amaz\u00f4nia tiveram\u00a0alta\u00a0exposi\u00e7\u00e3o aos efeitos do El Ni\u00f1o de 2024, segundo um estudo divulgado nesta sexta-feira (4) pelo Mapbiomas. Entre as 5.673 localidades habitadas\u00a0na regi\u00e3o, 2.172 sofreram de forma intensa com o fen\u00f4meno.<img decoding=\"async\" src=\"https:\/\/agenciabrasil.ebc.com.br\/ebc.png?id=1701467&amp;o=node\" \/><img decoding=\"async\" src=\"https:\/\/agenciabrasil.ebc.com.br\/ebc.gif?id=1701467&amp;o=node\" \/><\/p>\n<p style=\"text-align: justify\">O El Ni\u00f1o se caracteriza pelo aquecimento das \u00e1guas superficiais do Oceano Pac\u00edfico Tropical e provoca altera\u00e7\u00e3o na circula\u00e7\u00e3o atmosf\u00e9rica, tornando os volumes de chuvas irregulares.\u00a0Na Amaz\u00f4nia, ele causa seca e aumento na temperatura.<\/p>\n<p style=\"text-align: justify\">Diante da previs\u00e3o meteorol\u00f3gica de que o fen\u00f4nemo ser\u00e1 especialmente forte neste ano \u2500 um\u00a0&#8220;Super El Ni\u00f1o&#8221; \u2500,\u00a0os pesquisadores\u00a0cruzaram dados sobre a chuva\u00a0e a superf\u00edcie de \u00e1gua sobre a terra para mostrar como a Amaz\u00f4nia foi afetada na \u00faltima ocorr\u00eancia do evento clim\u00e1tico.<\/p>\n<p style=\"text-align: justify\">No per\u00edodo entre setembro e novembro de 2024, a superf\u00edcie de \u00e1gua na Amaz\u00f4nia ficou 1,9 milh\u00e3o de hectares abaixo da m\u00e9dia hist\u00f3rica dos anos de 1985 a\u00a02025. O volume de chuva tamb\u00e9m foi inferior, ficando 27% abaixo da m\u00e9dia.<\/p>\n<p style=\"text-align: justify\">A temperatura m\u00e1xima m\u00e9dia durante esses tr\u00eas meses tamb\u00e9m teve uma alta significativa, 2,6\u00baC acima do que \u00e9 historicamente observado no mesmo per\u00edodo.<\/p>\n<p style=\"text-align: justify\">\u201cMenos chuva e temperaturas mais elevadas aumentam a demanda evaporativa na atmosfera, favorecendo a perda de \u00e1gua do solo e o estresse h\u00eddrico da vegeta\u00e7\u00e3o\u201d, aponta o pesquisador do Instituto do Homem e Meio Ambiente da Amaz\u00f4nia (Imazon), Bruno Ferreira, da equipe da Amaz\u00f4nia do MapBiomas.<\/p>\n<h3 style=\"text-align: justify\">Popula\u00e7\u00f5es<\/h3>\n<p style=\"text-align: justify\">O estudo tamb\u00e9m observou os efeitos do fen\u00f4meno sobre diferentes tipos de ocupa\u00e7\u00e3o humana, como n\u00facleos urbanos, rurais, territ\u00f3rios ind\u00edgenas, quilombolas, assentamentos e outras categorias.<\/p>\n<p style=\"text-align: justify\">De acordo com os pesquisadores, as popula\u00e7\u00f5es desses lugares foram fortemente atingidas pelos efeitos do El Ni\u00f1o, j\u00e1 que\u00a093% dos locais analisados, 5.273 localidades, ficam a uma dist\u00e2ncia de at\u00e9 5 quil\u00f4metros das \u00e1reas que sofreram redu\u00e7\u00e3o da superf\u00edcie de \u00e1gua, aponta o estudo.<\/p>\n<blockquote><p>\u201cA seca tamb\u00e9m se manifesta na redu\u00e7\u00e3o dos n\u00edveis dos rios, com consequ\u00eancias para o transporte, o acesso \u00e0 \u00e1gua, a pesca e outras atividades que dependem dos sistemas fluviais&#8221;, destaca Bruno Ferreira.<\/p><\/blockquote>\n<p style=\"text-align: justify\">Os dados de cobertura e uso da terra complementam os fatores de exposi\u00e7\u00e3o do bioma, j\u00e1 que\u00a0ao longo dos 41 anos da s\u00e9rie hist\u00f3rica do estudo sobre o tema, foram perdidos 3,9 milh\u00f5es de hectares de vegeta\u00e7\u00e3o nativa, o que equivale a uma redu\u00e7\u00e3o de 14% da cobertura verde existente anteriormente.<\/p>\n<p style=\"text-align: justify\">No estudo, al\u00e9m dos dados da Cole\u00e7\u00e3o 11 do Mapbiomas sobre Cobertura e Uso da Terra, os pesquisadores trabalharam com a Cole\u00e7\u00e3o 5 sobre \u00c1gua, e a cole\u00e7\u00e3o beta sobre Atmosfera. Tamb\u00e9m foram usados dados do Instituto Brasileiro de Geografia e Estat\u00edstica (IBGE) sobre as \u00e1reas habitadas e informa\u00e7\u00f5es do Painel El Ni\u00f1o, do Instituto Nacional de Meteorologia (Inmet).<\/p>\n<p>Texto: Ag\u00eancia Brasil<\/p>\n<p>Foto: Rafa Neddermeyer\/Ag\u00eancia Brasil<\/p>\n<p><img loading=\"lazy\" decoding=\"async\" class=\"alignnone  wp-image-9943\" src=\"https:\/\/portalmaisagro.com\/wp-content\/uploads\/2026\/09\/WhatsApp-Image-2026-08-11-at-10.28.27.jpeg\" alt=\"\" width=\"235\" height=\"308\" srcset=\"https:\/\/portalmaisagro.com\/wp-content\/uploads\/2026\/09\/WhatsApp-Image-2026-08-11-at-10.28.27.jpeg 298w, https:\/\/portalmaisagro.com\/wp-content\/uploads\/2026\/09\/WhatsApp-Image-2026-08-11-at-10.28.27-229x300.jpeg 229w, https:\/\/portalmaisagro.com\/wp-content\/uploads\/2026\/09\/WhatsApp-Image-2026-08-11-at-10.28.27-150x197.jpeg 150w\" sizes=\"auto, (max-width: 235px) 100vw, 235px\" \/><\/p>\n<p><a href=\"https:\/\/digital.agriculturafamiliar.agr.br\/pub\/agriculturafamiliar\/#page\/147\"><strong><em>Conte\u00fado exclusivo de empresas participantes do Anu\u00e1rio Brasileiro do Agroneg\u00f3cio e Agricultura Familiar \u2013 LEIA O ANU\u00c1RIO GRATUITAMENTE<\/em><\/strong><\/a><\/p>\n","protected":false},"excerpt":{"rendered":"<p>Dado serve de alerta para o que esperar do fen\u00f4meno neste ano Mais de um ter\u00e7o (38%) das ocupa\u00e7\u00f5es humanas existentes na Amaz\u00f4nia tiveram\u00a0alta\u00a0exposi\u00e7\u00e3o aos efeitos do El Ni\u00f1o de 2024, segundo um estudo divulgado nesta sexta-feira (4) pelo Mapbiomas. Entre as 5.673 localidades habitadas\u00a0na regi\u00e3o, 2.172 sofreram de forma&hellip;<\/p>\n","protected":false},"author":10,"featured_media":0,"comment_status":"closed","ping_status":"closed","sticky":false,"template":"","format":"standard","meta":{"footnotes":"","jetpack_publicize_message":"","jetpack_publicize_feature_enabled":true,"jetpack_social_post_already_shared":true,"jetpack_social_options":{"image_generator_settings":{"template":"highway","default_image_id":0,"font":"","enabled":false},"version":2},"_members_access_role":[],"_members_access_error":""},"categories":[131,6],"tags":[],"class_list":["post-10035","post","type-post","status-publish","format-standard","hentry","category-destaques","category-tempo"],"yoast_head":"<!-- This site is optimized with the Yoast SEO plugin v28.1 - https:\/\/yoast.com\/product\/yoast-seo-wordpress\/ -->\n<title>Seca na Amaz\u00f4nia atingiu 38% das \u00e1reas habitadas no \u00faltimo El Ni\u00f1o - MaisAgro<\/title>\n<meta name=\"robots\" content=\"index, follow, max-snippet:-1, max-image-preview:large, max-video-preview:-1\" \/>\n<link rel=\"canonical\" href=\"https:\/\/portalmaisagro.com\/?p=10035\" \/>\n<meta property=\"og:locale\" content=\"pt_BR\" \/>\n<meta property=\"og:type\" content=\"article\" \/>\n<meta property=\"og:title\" content=\"Seca na Amaz\u00f4nia atingiu 38% das \u00e1reas habitadas no \u00faltimo El Ni\u00f1o - MaisAgro\" \/>\n<meta property=\"og:description\" content=\"Dado serve de alerta para o que esperar do fen\u00f4meno neste ano Mais de um ter\u00e7o (38%) das ocupa\u00e7\u00f5es humanas existentes na Amaz\u00f4nia tiveram\u00a0alta\u00a0exposi\u00e7\u00e3o aos efeitos do El Ni\u00f1o de 2024, segundo um estudo divulgado nesta sexta-feira (4) pelo Mapbiomas. Entre as 5.673 localidades habitadas\u00a0na regi\u00e3o, 2.172 sofreram de forma&hellip;\" \/>\n<meta property=\"og:url\" content=\"https:\/\/portalmaisagro.com\/?p=10035\" \/>\n<meta property=\"og:site_name\" content=\"MaisAgro\" \/>\n<meta property=\"article:publisher\" content=\"https:\/\/www.facebook.com\/maisagroportal\" \/>\n<meta property=\"article:published_time\" content=\"2026-09-04T11:50:17+00:00\" \/>\n<meta property=\"og:image\" content=\"https:\/\/portalmaisagro.com\/wp-content\/uploads\/2026\/09\/54_retro_2023_seca_no_amazonas.webp\" \/>\n\t<meta property=\"og:image:width\" content=\"1170\" \/>\n\t<meta property=\"og:image:height\" content=\"700\" \/>\n\t<meta property=\"og:image:type\" content=\"image\/webp\" \/>\n<meta name=\"author\" content=\"Taiane do Carmo\" \/>\n<meta name=\"twitter:card\" content=\"summary_large_image\" \/>\n<meta name=\"twitter:label1\" content=\"Escrito por\" \/>\n\t<meta name=\"twitter:data1\" content=\"Taiane do Carmo\" \/>\n\t<meta name=\"twitter:label2\" content=\"Est. tempo de leitura\" \/>\n\t<meta name=\"twitter:data2\" content=\"4 minutos\" \/>\n<script type=\"application\/ld+json\" class=\"yoast-schema-graph\">{\"@context\":\"https:\\\/\\\/schema.org\",\"@graph\":[{\"@type\":\"Article\",\"@id\":\"https:\\\/\\\/portalmaisagro.com\\\/?p=10035#article\",\"isPartOf\":{\"@id\":\"https:\\\/\\\/portalmaisagro.com\\\/?p=10035\"},\"author\":{\"name\":\"Taiane do Carmo\",\"@id\":\"https:\\\/\\\/portalmaisagro.com\\\/#\\\/schema\\\/person\\\/ade0f16b5a3434e1ec47b1fbdb9b9318\"},\"headline\":\"Seca na Amaz\u00f4nia atingiu 38% das \u00e1reas habitadas no \u00faltimo El Ni\u00f1o\",\"datePublished\":\"2026-09-04T11:50:17+00:00\",\"mainEntityOfPage\":{\"@id\":\"https:\\\/\\\/portalmaisagro.com\\\/?p=10035\"},\"wordCount\":556,\"publisher\":{\"@id\":\"https:\\\/\\\/portalmaisagro.com\\\/#organization\"},\"image\":{\"@id\":\"https:\\\/\\\/portalmaisagro.com\\\/?p=10035#primaryimage\"},\"thumbnailUrl\":\"https:\\\/\\\/portalmaisagro.com\\\/wp-content\\\/uploads\\\/2026\\\/09\\\/54_retro_2023_seca_no_amazonas-1024x613.webp\",\"articleSection\":[\"DESTAQUES\",\"TEMPO\"],\"inLanguage\":\"pt-BR\"},{\"@type\":\"WebPage\",\"@id\":\"https:\\\/\\\/portalmaisagro.com\\\/?p=10035\",\"url\":\"https:\\\/\\\/portalmaisagro.com\\\/?p=10035\",\"name\":\"Seca na Amaz\u00f4nia atingiu 38% das \u00e1reas habitadas no \u00faltimo El Ni\u00f1o - MaisAgro\",\"isPartOf\":{\"@id\":\"https:\\\/\\\/portalmaisagro.com\\\/#website\"},\"primaryImageOfPage\":{\"@id\":\"https:\\\/\\\/portalmaisagro.com\\\/?p=10035#primaryimage\"},\"image\":{\"@id\":\"https:\\\/\\\/portalmaisagro.com\\\/?p=10035#primaryimage\"},\"thumbnailUrl\":\"https:\\\/\\\/portalmaisagro.com\\\/wp-content\\\/uploads\\\/2026\\\/09\\\/54_retro_2023_seca_no_amazonas-1024x613.webp\",\"datePublished\":\"2026-09-04T11:50:17+00:00\",\"breadcrumb\":{\"@id\":\"https:\\\/\\\/portalmaisagro.com\\\/?p=10035#breadcrumb\"},\"inLanguage\":\"pt-BR\",\"potentialAction\":[{\"@type\":\"ReadAction\",\"target\":[\"https:\\\/\\\/portalmaisagro.com\\\/?p=10035\"]}]},{\"@type\":\"ImageObject\",\"inLanguage\":\"pt-BR\",\"@id\":\"https:\\\/\\\/portalmaisagro.com\\\/?p=10035#primaryimage\",\"url\":\"https:\\\/\\\/portalmaisagro.com\\\/wp-content\\\/uploads\\\/2026\\\/09\\\/54_retro_2023_seca_no_amazonas.webp\",\"contentUrl\":\"https:\\\/\\\/portalmaisagro.com\\\/wp-content\\\/uploads\\\/2026\\\/09\\\/54_retro_2023_seca_no_amazonas.webp\",\"width\":1170,\"height\":700},{\"@type\":\"BreadcrumbList\",\"@id\":\"https:\\\/\\\/portalmaisagro.com\\\/?p=10035#breadcrumb\",\"itemListElement\":[{\"@type\":\"ListItem\",\"position\":1,\"name\":\"In\u00edcio\",\"item\":\"https:\\\/\\\/portalmaisagro.com\\\/\"},{\"@type\":\"ListItem\",\"position\":2,\"name\":\"Seca na Amaz\u00f4nia atingiu 38% das \u00e1reas habitadas no \u00faltimo El Ni\u00f1o\"}]},{\"@type\":\"WebSite\",\"@id\":\"https:\\\/\\\/portalmaisagro.com\\\/#website\",\"url\":\"https:\\\/\\\/portalmaisagro.com\\\/\",\"name\":\"MaisAgro\",\"description\":\"O portal do agroneg\u00f3cio\",\"publisher\":{\"@id\":\"https:\\\/\\\/portalmaisagro.com\\\/#organization\"},\"potentialAction\":[{\"@type\":\"SearchAction\",\"target\":{\"@type\":\"EntryPoint\",\"urlTemplate\":\"https:\\\/\\\/portalmaisagro.com\\\/?s={search_term_string}\"},\"query-input\":{\"@type\":\"PropertyValueSpecification\",\"valueRequired\":true,\"valueName\":\"search_term_string\"}}],\"inLanguage\":\"pt-BR\"},{\"@type\":\"Organization\",\"@id\":\"https:\\\/\\\/portalmaisagro.com\\\/#organization\",\"name\":\"MaisAgro\",\"url\":\"https:\\\/\\\/portalmaisagro.com\\\/\",\"logo\":{\"@type\":\"ImageObject\",\"inLanguage\":\"pt-BR\",\"@id\":\"https:\\\/\\\/portalmaisagro.com\\\/#\\\/schema\\\/logo\\\/image\\\/\",\"url\":\"https:\\\/\\\/portalmaisagro.com\\\/wp-content\\\/uploads\\\/2024\\\/11\\\/logo_oficial-e1749247575377.png\",\"contentUrl\":\"https:\\\/\\\/portalmaisagro.com\\\/wp-content\\\/uploads\\\/2024\\\/11\\\/logo_oficial-e1749247575377.png\",\"width\":513,\"height\":107,\"caption\":\"MaisAgro\"},\"image\":{\"@id\":\"https:\\\/\\\/portalmaisagro.com\\\/#\\\/schema\\\/logo\\\/image\\\/\"},\"sameAs\":[\"https:\\\/\\\/www.facebook.com\\\/maisagroportal\"]},{\"@type\":\"Person\",\"@id\":\"https:\\\/\\\/portalmaisagro.com\\\/#\\\/schema\\\/person\\\/ade0f16b5a3434e1ec47b1fbdb9b9318\",\"name\":\"Taiane do Carmo\",\"image\":{\"@type\":\"ImageObject\",\"inLanguage\":\"pt-BR\",\"@id\":\"https:\\\/\\\/portalmaisagro.com\\\/wp-content\\\/uploads\\\/2026\\\/04\\\/images.jpeg640e5d69297d7dd56cc39a10251ad7db\",\"url\":\"https:\\\/\\\/portalmaisagro.com\\\/wp-content\\\/uploads\\\/2026\\\/04\\\/images.jpeg\",\"contentUrl\":\"https:\\\/\\\/portalmaisagro.com\\\/wp-content\\\/uploads\\\/2026\\\/04\\\/images.jpeg\",\"caption\":\"Taiane do Carmo\"},\"url\":\"https:\\\/\\\/portalmaisagro.com\\\/?author=10\"}]}<\/script>\n<!-- \/ Yoast SEO plugin. -->","yoast_head_json":{"title":"Seca na Amaz\u00f4nia atingiu 38% das \u00e1reas habitadas no \u00faltimo El Ni\u00f1o - MaisAgro","robots":{"index":"index","follow":"follow","max-snippet":"max-snippet:-1","max-image-preview":"max-image-preview:large","max-video-preview":"max-video-preview:-1"},"canonical":"https:\/\/portalmaisagro.com\/?p=10035","og_locale":"pt_BR","og_type":"article","og_title":"Seca na Amaz\u00f4nia atingiu 38% das \u00e1reas habitadas no \u00faltimo El Ni\u00f1o - MaisAgro","og_description":"Dado serve de alerta para o que esperar do fen\u00f4meno neste ano Mais de um ter\u00e7o (38%) das ocupa\u00e7\u00f5es humanas existentes na Amaz\u00f4nia tiveram\u00a0alta\u00a0exposi\u00e7\u00e3o aos efeitos do El Ni\u00f1o de 2024, segundo um estudo divulgado nesta sexta-feira (4) pelo Mapbiomas. Entre as 5.673 localidades habitadas\u00a0na regi\u00e3o, 2.172 sofreram de forma&hellip;","og_url":"https:\/\/portalmaisagro.com\/?p=10035","og_site_name":"MaisAgro","article_publisher":"https:\/\/www.facebook.com\/maisagroportal","article_published_time":"2026-09-04T11:50:17+00:00","og_image":[{"width":1170,"height":700,"url":"https:\/\/portalmaisagro.com\/wp-content\/uploads\/2026\/09\/54_retro_2023_seca_no_amazonas.webp","type":"image\/webp"}],"author":"Taiane do Carmo","twitter_card":"summary_large_image","twitter_misc":{"Escrito por":"Taiane do Carmo","Est. tempo de leitura":"4 minutos"},"schema":{"@context":"https:\/\/schema.org","@graph":[{"@type":"Article","@id":"https:\/\/portalmaisagro.com\/?p=10035#article","isPartOf":{"@id":"https:\/\/portalmaisagro.com\/?p=10035"},"author":{"name":"Taiane do Carmo","@id":"https:\/\/portalmaisagro.com\/#\/schema\/person\/ade0f16b5a3434e1ec47b1fbdb9b9318"},"headline":"Seca na Amaz\u00f4nia atingiu 38% das \u00e1reas habitadas no \u00faltimo El Ni\u00f1o","datePublished":"2026-09-04T11:50:17+00:00","mainEntityOfPage":{"@id":"https:\/\/portalmaisagro.com\/?p=10035"},"wordCount":556,"publisher":{"@id":"https:\/\/portalmaisagro.com\/#organization"},"image":{"@id":"https:\/\/portalmaisagro.com\/?p=10035#primaryimage"},"thumbnailUrl":"https:\/\/portalmaisagro.com\/wp-content\/uploads\/2026\/09\/54_retro_2023_seca_no_amazonas-1024x613.webp","articleSection":["DESTAQUES","TEMPO"],"inLanguage":"pt-BR"},{"@type":"WebPage","@id":"https:\/\/portalmaisagro.com\/?p=10035","url":"https:\/\/portalmaisagro.com\/?p=10035","name":"Seca na Amaz\u00f4nia atingiu 38% das \u00e1reas habitadas no \u00faltimo El Ni\u00f1o - MaisAgro","isPartOf":{"@id":"https:\/\/portalmaisagro.com\/#website"},"primaryImageOfPage":{"@id":"https:\/\/portalmaisagro.com\/?p=10035#primaryimage"},"image":{"@id":"https:\/\/portalmaisagro.com\/?p=10035#primaryimage"},"thumbnailUrl":"https:\/\/portalmaisagro.com\/wp-content\/uploads\/2026\/09\/54_retro_2023_seca_no_amazonas-1024x613.webp","datePublished":"2026-09-04T11:50:17+00:00","breadcrumb":{"@id":"https:\/\/portalmaisagro.com\/?p=10035#breadcrumb"},"inLanguage":"pt-BR","potentialAction":[{"@type":"ReadAction","target":["https:\/\/portalmaisagro.com\/?p=10035"]}]},{"@type":"ImageObject","inLanguage":"pt-BR","@id":"https:\/\/portalmaisagro.com\/?p=10035#primaryimage","url":"https:\/\/portalmaisagro.com\/wp-content\/uploads\/2026\/09\/54_retro_2023_seca_no_amazonas.webp","contentUrl":"https:\/\/portalmaisagro.com\/wp-content\/uploads\/2026\/09\/54_retro_2023_seca_no_amazonas.webp","width":1170,"height":700},{"@type":"BreadcrumbList","@id":"https:\/\/portalmaisagro.com\/?p=10035#breadcrumb","itemListElement":[{"@type":"ListItem","position":1,"name":"In\u00edcio","item":"https:\/\/portalmaisagro.com\/"},{"@type":"ListItem","position":2,"name":"Seca na Amaz\u00f4nia atingiu 38% das \u00e1reas habitadas no \u00faltimo El Ni\u00f1o"}]},{"@type":"WebSite","@id":"https:\/\/portalmaisagro.com\/#website","url":"https:\/\/portalmaisagro.com\/","name":"MaisAgro","description":"O portal do agroneg\u00f3cio","publisher":{"@id":"https:\/\/portalmaisagro.com\/#organization"},"potentialAction":[{"@type":"SearchAction","target":{"@type":"EntryPoint","urlTemplate":"https:\/\/portalmaisagro.com\/?s={search_term_string}"},"query-input":{"@type":"PropertyValueSpecification","valueRequired":true,"valueName":"search_term_string"}}],"inLanguage":"pt-BR"},{"@type":"Organization","@id":"https:\/\/portalmaisagro.com\/#organization","name":"MaisAgro","url":"https:\/\/portalmaisagro.com\/","logo":{"@type":"ImageObject","inLanguage":"pt-BR","@id":"https:\/\/portalmaisagro.com\/#\/schema\/logo\/image\/","url":"https:\/\/portalmaisagro.com\/wp-content\/uploads\/2024\/11\/logo_oficial-e1749247575377.png","contentUrl":"https:\/\/portalmaisagro.com\/wp-content\/uploads\/2024\/11\/logo_oficial-e1749247575377.png","width":513,"height":107,"caption":"MaisAgro"},"image":{"@id":"https:\/\/portalmaisagro.com\/#\/schema\/logo\/image\/"},"sameAs":["https:\/\/www.facebook.com\/maisagroportal"]},{"@type":"Person","@id":"https:\/\/portalmaisagro.com\/#\/schema\/person\/ade0f16b5a3434e1ec47b1fbdb9b9318","name":"Taiane do Carmo","image":{"@type":"ImageObject","inLanguage":"pt-BR","@id":"https:\/\/portalmaisagro.com\/wp-content\/uploads\/2026\/04\/images.jpeg640e5d69297d7dd56cc39a10251ad7db","url":"https:\/\/portalmaisagro.com\/wp-content\/uploads\/2026\/04\/images.jpeg","contentUrl":"https:\/\/portalmaisagro.com\/wp-content\/uploads\/2026\/04\/images.jpeg","caption":"Taiane do Carmo"},"url":"https:\/\/portalmaisagro.com\/?author=10"}]}},"jetpack_publicize_connections":[],"authors":[],"_links":{"self":[{"href":"https:\/\/portalmaisagro.com\/index.php?rest_route=\/wp\/v2\/posts\/10035","targetHints":{"allow":["GET"]}}],"collection":[{"href":"https:\/\/portalmaisagro.com\/index.php?rest_route=\/wp\/v2\/posts"}],"about":[{"href":"https:\/\/portalmaisagro.com\/index.php?rest_route=\/wp\/v2\/types\/post"}],"author":[{"embeddable":true,"href":"https:\/\/portalmaisagro.com\/index.php?rest_route=\/wp\/v2\/users\/10"}],"replies":[{"embeddable":true,"href":"https:\/\/portalmaisagro.com\/index.php?rest_route=%2Fwp%2Fv2%2Fcomments&post=10035"}],"version-history":[{"count":1,"href":"https:\/\/portalmaisagro.com\/index.php?rest_route=\/wp\/v2\/posts\/10035\/revisions"}],"predecessor-version":[{"id":10037,"href":"https:\/\/portalmaisagro.com\/index.php?rest_route=\/wp\/v2\/posts\/10035\/revisions\/10037"}],"wp:attachment":[{"href":"https:\/\/portalmaisagro.com\/index.php?rest_route=%2Fwp%2Fv2%2Fmedia&parent=10035"}],"wp:term":[{"taxonomy":"category","embeddable":true,"href":"https:\/\/portalmaisagro.com\/index.php?rest_route=%2Fwp%2Fv2%2Fcategories&post=10035"},{"taxonomy":"post_tag","embeddable":true,"href":"https:\/\/portalmaisagro.com\/index.php?rest_route=%2Fwp%2Fv2%2Ftags&post=10035"}],"curies":[{"name":"wp","href":"https:\/\/api.w.org\/{rel}","templated":true}]}}