{"id":10029,"date":"2026-09-04T08:38:10","date_gmt":"2026-09-04T11:38:10","guid":{"rendered":"https:\/\/portalmaisagro.com\/?p=10029"},"modified":"2026-09-04T08:38:10","modified_gmt":"2026-09-04T11:38:10","slug":"solenidade-marca-a-abertura-do-28o-pavilhao-da-agricultura-familiar-na-expointer","status":"publish","type":"post","link":"https:\/\/portalmaisagro.com\/?p=10029","title":{"rendered":"Solenidade marca a abertura do 28\u00ba Pavilh\u00e3o da Agricultura Familiar na Expointer"},"content":{"rendered":"<p><img loading=\"lazy\" decoding=\"async\" class=\"alignnone  wp-image-10030\" src=\"https:\/\/portalmaisagro.com\/wp-content\/uploads\/2026\/09\/03204125_91111_GD.jpeg\" alt=\"\" width=\"846\" height=\"476\" srcset=\"https:\/\/portalmaisagro.com\/wp-content\/uploads\/2026\/09\/03204125_91111_GD.jpeg 800w, https:\/\/portalmaisagro.com\/wp-content\/uploads\/2026\/09\/03204125_91111_GD-300x169.jpeg 300w, https:\/\/portalmaisagro.com\/wp-content\/uploads\/2026\/09\/03204125_91111_GD-768x432.jpeg 768w, https:\/\/portalmaisagro.com\/wp-content\/uploads\/2026\/09\/03204125_91111_GD-150x84.jpeg 150w\" sizes=\"auto, (max-width: 846px) 100vw, 846px\" \/><\/p>\n<p style=\"text-align: justify\"><em>Espa\u00e7o que re\u00fane 509 expositores comercializou mais de R$ 5,8 milh\u00f5es nos cinco primeiros dias<\/em><\/p>\n<p style=\"text-align: justify\">A for\u00e7a e a diversidade da agricultura familiar do Rio Grande do Sul foram celebradas nesta ultima quinta-feira (3\/9), durante a abertura oficial do 28\u00ba Pavilh\u00e3o da Agricultura Familiar da Expointer. O espa\u00e7o re\u00fane nesta edi\u00e7\u00e3o 509 expositores de 216 munic\u00edpios do Estado.<\/p>\n<p style=\"text-align: justify\">Nos cinco primeiros dias da Expointer, os empreendimentos instalados no pavilh\u00e3o j\u00e1 comercializaram R$ 5.803.659,76, considerando produtos das agroind\u00fastrias familiares, artesanato, plantas, mudas,\u00a0flores,\u00a0 e\u00a0itens comercializados pelas cozinhas.<\/p>\n<p style=\"text-align: justify\">A solenidade de abertura ocorreu no Parque de Exposi\u00e7\u00f5es Assis Brasil, em Esteio, e reuniu representantes de movimentos e entidades ligados \u00e0 agricultura familiar, al\u00e9m de autoridades estaduais e federais.<\/p>\n<p style=\"text-align: justify\">O governador Eduardo Leite destacou a import\u00e2ncia da agricultura familiar para o desenvolvimento econ\u00f4mico e social do Rio Grande do Sul. \u201cEste pavilh\u00e3o \u00e9 um dos destaques da Expointer porque coloca a agricultura familiar ga\u00facha diante de milhares de pessoas, mostrando a diversidade, a qualidade e o cuidado presentes em cada produto. \u00c9 uma oportunidade para os produtores ampliarem mercados, gerarem renda e apresentarem diretamente ao consumidor aquilo que \u00e9 produzido nas diferentes regi\u00f5es. \u00c9 muito significativo ver aqui tantos\u00a0empreendimentos\u00a0liderados por mulheres e por jovens. Isso mostra que a agricultura familiar n\u00e3o \u00e9 apenas uma atividade econ\u00f4mica importante para o Rio Grande do Sul, mas tamb\u00e9m uma oportunidade de inclus\u00e3o e de futuro para novas gera\u00e7\u00f5es.\u201d<\/p>\n<p style=\"text-align: justify\"><b><strong>Diversidade e gera\u00e7\u00e3o de renda\u00a0\u00a0<\/strong><\/b><\/p>\n<p style=\"text-align: justify\">&#8220;Dos 509 expositores desta edi\u00e7\u00e3o, 400 s\u00e3o agroind\u00fastrias familiares, 74 s\u00e3o empreendimentos de artesanato, 28 atuam nos segmentos de plantas, mudas e flores, e sete s\u00e3o cozinhas&#8221;, ressaltou o secret\u00e1rio de Desenvolvimento Rural, Gustavo Paim.<\/p>\n<p style=\"text-align: justify\">A diversidade tamb\u00e9m se reflete no perfil dos participantes, com 265 jovens e 179 mulheres \u00e0 frente dos empreendimentos. Entre os expositores de artesanato, oito s\u00e3o ind\u00edgenas e tr\u00eas s\u00e3o quilombolas. Ao todo, 69 empreendimentos possuem certifica\u00e7\u00e3o org\u00e2nica.<\/p>\n<p style=\"text-align: justify\">A estrutura re\u00fane empreendimentos de diferentes regi\u00f5es do Estado e tem estimativa de gera\u00e7\u00e3o de mais de 1,5 mil empregos durante os nove dias da Expointer.<\/p>\n<p style=\"text-align: justify\"><b><strong>Pavilh\u00e3o da Agricultura Familiar: n\u00fameros da edi\u00e7\u00e3o\u00a0<\/strong><\/b><\/p>\n<ul style=\"text-align: justify\">\n<li>509 expositores<\/li>\n<li>216 munic\u00edpios representados<\/li>\n<li>400 agroind\u00fastrias familiares<\/li>\n<li>74 empreendimentos de artesanato<\/li>\n<li>28 empreendimentos de plantas, mudas e flores<\/li>\n<li>7 cozinhas<\/li>\n<li>265 jovens \u00e0 frente de empreendimentos<\/li>\n<li>179 empreendimentos liderados por mulheres<\/li>\n<li>69 empreendimentos com certifica\u00e7\u00e3o org\u00e2nica<\/li>\n<li>11 empreendimentos ind\u00edgenas e quilombolas de artesanato<\/li>\n<li>22 categorias no Concurso de Produtos da Agricultura Familiar<\/li>\n<li>Mais de 1,5 mil empregos estimados durante a Expointer<\/li>\n<li>Mais de 4,1 mil agroind\u00fastrias cadastradas no Programa Estadual de Agroind\u00fastria Familiar (Peaf)<\/li>\n<li>R$ 5.803.659,76\u00a0comercializados nos cinco\u00a0primeiros dias da feira<\/li>\n<\/ul>\n<p>Texto: Mauricio Sena\/ Ascom Expointer<\/p>\n<p>Foto: \u00a0Mauricio Sena\/Ascom Expointer<\/p>\n<p><img loading=\"lazy\" decoding=\"async\" class=\"alignnone  wp-image-9943\" src=\"https:\/\/portalmaisagro.com\/wp-content\/uploads\/2026\/09\/WhatsApp-Image-2026-08-11-at-10.28.27.jpeg\" alt=\"\" width=\"242\" height=\"318\" srcset=\"https:\/\/portalmaisagro.com\/wp-content\/uploads\/2026\/09\/WhatsApp-Image-2026-08-11-at-10.28.27.jpeg 298w, https:\/\/portalmaisagro.com\/wp-content\/uploads\/2026\/09\/WhatsApp-Image-2026-08-11-at-10.28.27-229x300.jpeg 229w, https:\/\/portalmaisagro.com\/wp-content\/uploads\/2026\/09\/WhatsApp-Image-2026-08-11-at-10.28.27-150x197.jpeg 150w\" sizes=\"auto, (max-width: 242px) 100vw, 242px\" \/><\/p>\n<p><a href=\"https:\/\/digital.agriculturafamiliar.agr.br\/pub\/agriculturafamiliar\/#page\/147\"><strong><em>Conte\u00fado exclusivo de empresas participantes do Anu\u00e1rio Brasileiro do Agroneg\u00f3cio e Agricultura Familiar \u2013 LEIA O ANU\u00c1RIO GRATUITAMENTE<\/em><\/strong><\/a><\/p>\n","protected":false},"excerpt":{"rendered":"<p>Espa\u00e7o que re\u00fane 509 expositores comercializou mais de R$ 5,8 milh\u00f5es nos cinco primeiros dias A for\u00e7a e a diversidade da agricultura familiar do Rio Grande do Sul foram celebradas nesta ultima quinta-feira (3\/9), durante a abertura oficial do 28\u00ba Pavilh\u00e3o da Agricultura Familiar da Expointer. O espa\u00e7o re\u00fane nesta&hellip;<\/p>\n","protected":false},"author":10,"featured_media":0,"comment_status":"closed","ping_status":"closed","sticky":false,"template":"","format":"standard","meta":{"footnotes":"","jetpack_publicize_message":"","jetpack_publicize_feature_enabled":true,"jetpack_social_post_already_shared":true,"jetpack_social_options":{"image_generator_settings":{"template":"highway","default_image_id":0,"font":"","enabled":false},"version":2},"_members_access_role":[],"_members_access_error":""},"categories":[131,230],"tags":[],"class_list":["post-10029","post","type-post","status-publish","format-standard","hentry","category-destaques","category-feiras-2"],"yoast_head":"<!-- This site is optimized with the Yoast SEO plugin v28.1 - https:\/\/yoast.com\/product\/yoast-seo-wordpress\/ -->\n<title>Solenidade marca a abertura do 28\u00ba Pavilh\u00e3o da Agricultura Familiar na Expointer - MaisAgro<\/title>\n<meta name=\"robots\" content=\"index, follow, max-snippet:-1, max-image-preview:large, max-video-preview:-1\" \/>\n<link rel=\"canonical\" href=\"https:\/\/portalmaisagro.com\/?p=10029\" \/>\n<meta property=\"og:locale\" content=\"pt_BR\" \/>\n<meta property=\"og:type\" content=\"article\" \/>\n<meta property=\"og:title\" content=\"Solenidade marca a abertura do 28\u00ba Pavilh\u00e3o da Agricultura Familiar na Expointer - MaisAgro\" \/>\n<meta property=\"og:description\" content=\"Espa\u00e7o que re\u00fane 509 expositores comercializou mais de R$ 5,8 milh\u00f5es nos cinco primeiros dias A for\u00e7a e a diversidade da agricultura familiar do Rio Grande do Sul foram celebradas nesta ultima quinta-feira (3\/9), durante a abertura oficial do 28\u00ba Pavilh\u00e3o da Agricultura Familiar da Expointer. O espa\u00e7o re\u00fane nesta&hellip;\" \/>\n<meta property=\"og:url\" content=\"https:\/\/portalmaisagro.com\/?p=10029\" \/>\n<meta property=\"og:site_name\" content=\"MaisAgro\" \/>\n<meta property=\"article:publisher\" content=\"https:\/\/www.facebook.com\/maisagroportal\" \/>\n<meta property=\"article:published_time\" content=\"2026-09-04T11:38:10+00:00\" \/>\n<meta property=\"og:image\" content=\"https:\/\/portalmaisagro.com\/wp-content\/uploads\/2026\/09\/03204125_91111_GD.jpeg\" \/>\n\t<meta property=\"og:image:width\" content=\"800\" \/>\n\t<meta property=\"og:image:height\" content=\"450\" \/>\n\t<meta property=\"og:image:type\" content=\"image\/jpeg\" \/>\n<meta name=\"author\" content=\"Taiane do Carmo\" \/>\n<meta name=\"twitter:card\" content=\"summary_large_image\" \/>\n<meta name=\"twitter:label1\" content=\"Escrito por\" \/>\n\t<meta name=\"twitter:data1\" content=\"Taiane do Carmo\" \/>\n\t<meta name=\"twitter:label2\" content=\"Est. tempo de leitura\" \/>\n\t<meta name=\"twitter:data2\" content=\"3 minutos\" \/>\n<script type=\"application\/ld+json\" class=\"yoast-schema-graph\">{\"@context\":\"https:\\\/\\\/schema.org\",\"@graph\":[{\"@type\":\"Article\",\"@id\":\"https:\\\/\\\/portalmaisagro.com\\\/?p=10029#article\",\"isPartOf\":{\"@id\":\"https:\\\/\\\/portalmaisagro.com\\\/?p=10029\"},\"author\":{\"name\":\"Taiane do Carmo\",\"@id\":\"https:\\\/\\\/portalmaisagro.com\\\/#\\\/schema\\\/person\\\/ade0f16b5a3434e1ec47b1fbdb9b9318\"},\"headline\":\"Solenidade marca a abertura do 28\u00ba Pavilh\u00e3o da Agricultura Familiar na Expointer\",\"datePublished\":\"2026-09-04T11:38:10+00:00\",\"mainEntityOfPage\":{\"@id\":\"https:\\\/\\\/portalmaisagro.com\\\/?p=10029\"},\"wordCount\":486,\"publisher\":{\"@id\":\"https:\\\/\\\/portalmaisagro.com\\\/#organization\"},\"image\":{\"@id\":\"https:\\\/\\\/portalmaisagro.com\\\/?p=10029#primaryimage\"},\"thumbnailUrl\":\"https:\\\/\\\/portalmaisagro.com\\\/wp-content\\\/uploads\\\/2026\\\/09\\\/03204125_91111_GD.jpeg\",\"articleSection\":[\"DESTAQUES\",\"FEIRAS\"],\"inLanguage\":\"pt-BR\"},{\"@type\":\"WebPage\",\"@id\":\"https:\\\/\\\/portalmaisagro.com\\\/?p=10029\",\"url\":\"https:\\\/\\\/portalmaisagro.com\\\/?p=10029\",\"name\":\"Solenidade marca a abertura do 28\u00ba Pavilh\u00e3o da Agricultura Familiar na Expointer - MaisAgro\",\"isPartOf\":{\"@id\":\"https:\\\/\\\/portalmaisagro.com\\\/#website\"},\"primaryImageOfPage\":{\"@id\":\"https:\\\/\\\/portalmaisagro.com\\\/?p=10029#primaryimage\"},\"image\":{\"@id\":\"https:\\\/\\\/portalmaisagro.com\\\/?p=10029#primaryimage\"},\"thumbnailUrl\":\"https:\\\/\\\/portalmaisagro.com\\\/wp-content\\\/uploads\\\/2026\\\/09\\\/03204125_91111_GD.jpeg\",\"datePublished\":\"2026-09-04T11:38:10+00:00\",\"breadcrumb\":{\"@id\":\"https:\\\/\\\/portalmaisagro.com\\\/?p=10029#breadcrumb\"},\"inLanguage\":\"pt-BR\",\"potentialAction\":[{\"@type\":\"ReadAction\",\"target\":[\"https:\\\/\\\/portalmaisagro.com\\\/?p=10029\"]}]},{\"@type\":\"ImageObject\",\"inLanguage\":\"pt-BR\",\"@id\":\"https:\\\/\\\/portalmaisagro.com\\\/?p=10029#primaryimage\",\"url\":\"https:\\\/\\\/portalmaisagro.com\\\/wp-content\\\/uploads\\\/2026\\\/09\\\/03204125_91111_GD.jpeg\",\"contentUrl\":\"https:\\\/\\\/portalmaisagro.com\\\/wp-content\\\/uploads\\\/2026\\\/09\\\/03204125_91111_GD.jpeg\",\"width\":800,\"height\":450},{\"@type\":\"BreadcrumbList\",\"@id\":\"https:\\\/\\\/portalmaisagro.com\\\/?p=10029#breadcrumb\",\"itemListElement\":[{\"@type\":\"ListItem\",\"position\":1,\"name\":\"In\u00edcio\",\"item\":\"https:\\\/\\\/portalmaisagro.com\\\/\"},{\"@type\":\"ListItem\",\"position\":2,\"name\":\"Solenidade marca a abertura do 28\u00ba Pavilh\u00e3o da Agricultura Familiar na Expointer\"}]},{\"@type\":\"WebSite\",\"@id\":\"https:\\\/\\\/portalmaisagro.com\\\/#website\",\"url\":\"https:\\\/\\\/portalmaisagro.com\\\/\",\"name\":\"MaisAgro\",\"description\":\"O portal do agroneg\u00f3cio\",\"publisher\":{\"@id\":\"https:\\\/\\\/portalmaisagro.com\\\/#organization\"},\"potentialAction\":[{\"@type\":\"SearchAction\",\"target\":{\"@type\":\"EntryPoint\",\"urlTemplate\":\"https:\\\/\\\/portalmaisagro.com\\\/?s={search_term_string}\"},\"query-input\":{\"@type\":\"PropertyValueSpecification\",\"valueRequired\":true,\"valueName\":\"search_term_string\"}}],\"inLanguage\":\"pt-BR\"},{\"@type\":\"Organization\",\"@id\":\"https:\\\/\\\/portalmaisagro.com\\\/#organization\",\"name\":\"MaisAgro\",\"url\":\"https:\\\/\\\/portalmaisagro.com\\\/\",\"logo\":{\"@type\":\"ImageObject\",\"inLanguage\":\"pt-BR\",\"@id\":\"https:\\\/\\\/portalmaisagro.com\\\/#\\\/schema\\\/logo\\\/image\\\/\",\"url\":\"https:\\\/\\\/portalmaisagro.com\\\/wp-content\\\/uploads\\\/2024\\\/11\\\/logo_oficial-e1749247575377.png\",\"contentUrl\":\"https:\\\/\\\/portalmaisagro.com\\\/wp-content\\\/uploads\\\/2024\\\/11\\\/logo_oficial-e1749247575377.png\",\"width\":513,\"height\":107,\"caption\":\"MaisAgro\"},\"image\":{\"@id\":\"https:\\\/\\\/portalmaisagro.com\\\/#\\\/schema\\\/logo\\\/image\\\/\"},\"sameAs\":[\"https:\\\/\\\/www.facebook.com\\\/maisagroportal\"]},{\"@type\":\"Person\",\"@id\":\"https:\\\/\\\/portalmaisagro.com\\\/#\\\/schema\\\/person\\\/ade0f16b5a3434e1ec47b1fbdb9b9318\",\"name\":\"Taiane do Carmo\",\"image\":{\"@type\":\"ImageObject\",\"inLanguage\":\"pt-BR\",\"@id\":\"https:\\\/\\\/portalmaisagro.com\\\/wp-content\\\/uploads\\\/2026\\\/04\\\/images.jpeg640e5d69297d7dd56cc39a10251ad7db\",\"url\":\"https:\\\/\\\/portalmaisagro.com\\\/wp-content\\\/uploads\\\/2026\\\/04\\\/images.jpeg\",\"contentUrl\":\"https:\\\/\\\/portalmaisagro.com\\\/wp-content\\\/uploads\\\/2026\\\/04\\\/images.jpeg\",\"caption\":\"Taiane do Carmo\"},\"url\":\"https:\\\/\\\/portalmaisagro.com\\\/?author=10\"}]}<\/script>\n<!-- \/ Yoast SEO plugin. -->","yoast_head_json":{"title":"Solenidade marca a abertura do 28\u00ba Pavilh\u00e3o da Agricultura Familiar na Expointer - MaisAgro","robots":{"index":"index","follow":"follow","max-snippet":"max-snippet:-1","max-image-preview":"max-image-preview:large","max-video-preview":"max-video-preview:-1"},"canonical":"https:\/\/portalmaisagro.com\/?p=10029","og_locale":"pt_BR","og_type":"article","og_title":"Solenidade marca a abertura do 28\u00ba Pavilh\u00e3o da Agricultura Familiar na Expointer - MaisAgro","og_description":"Espa\u00e7o que re\u00fane 509 expositores comercializou mais de R$ 5,8 milh\u00f5es nos cinco primeiros dias A for\u00e7a e a diversidade da agricultura familiar do Rio Grande do Sul foram celebradas nesta ultima quinta-feira (3\/9), durante a abertura oficial do 28\u00ba Pavilh\u00e3o da Agricultura Familiar da Expointer. O espa\u00e7o re\u00fane nesta&hellip;","og_url":"https:\/\/portalmaisagro.com\/?p=10029","og_site_name":"MaisAgro","article_publisher":"https:\/\/www.facebook.com\/maisagroportal","article_published_time":"2026-09-04T11:38:10+00:00","og_image":[{"width":800,"height":450,"url":"https:\/\/portalmaisagro.com\/wp-content\/uploads\/2026\/09\/03204125_91111_GD.jpeg","type":"image\/jpeg"}],"author":"Taiane do Carmo","twitter_card":"summary_large_image","twitter_misc":{"Escrito por":"Taiane do Carmo","Est. tempo de leitura":"3 minutos"},"schema":{"@context":"https:\/\/schema.org","@graph":[{"@type":"Article","@id":"https:\/\/portalmaisagro.com\/?p=10029#article","isPartOf":{"@id":"https:\/\/portalmaisagro.com\/?p=10029"},"author":{"name":"Taiane do Carmo","@id":"https:\/\/portalmaisagro.com\/#\/schema\/person\/ade0f16b5a3434e1ec47b1fbdb9b9318"},"headline":"Solenidade marca a abertura do 28\u00ba Pavilh\u00e3o da Agricultura Familiar na Expointer","datePublished":"2026-09-04T11:38:10+00:00","mainEntityOfPage":{"@id":"https:\/\/portalmaisagro.com\/?p=10029"},"wordCount":486,"publisher":{"@id":"https:\/\/portalmaisagro.com\/#organization"},"image":{"@id":"https:\/\/portalmaisagro.com\/?p=10029#primaryimage"},"thumbnailUrl":"https:\/\/portalmaisagro.com\/wp-content\/uploads\/2026\/09\/03204125_91111_GD.jpeg","articleSection":["DESTAQUES","FEIRAS"],"inLanguage":"pt-BR"},{"@type":"WebPage","@id":"https:\/\/portalmaisagro.com\/?p=10029","url":"https:\/\/portalmaisagro.com\/?p=10029","name":"Solenidade marca a abertura do 28\u00ba Pavilh\u00e3o da Agricultura Familiar na Expointer - MaisAgro","isPartOf":{"@id":"https:\/\/portalmaisagro.com\/#website"},"primaryImageOfPage":{"@id":"https:\/\/portalmaisagro.com\/?p=10029#primaryimage"},"image":{"@id":"https:\/\/portalmaisagro.com\/?p=10029#primaryimage"},"thumbnailUrl":"https:\/\/portalmaisagro.com\/wp-content\/uploads\/2026\/09\/03204125_91111_GD.jpeg","datePublished":"2026-09-04T11:38:10+00:00","breadcrumb":{"@id":"https:\/\/portalmaisagro.com\/?p=10029#breadcrumb"},"inLanguage":"pt-BR","potentialAction":[{"@type":"ReadAction","target":["https:\/\/portalmaisagro.com\/?p=10029"]}]},{"@type":"ImageObject","inLanguage":"pt-BR","@id":"https:\/\/portalmaisagro.com\/?p=10029#primaryimage","url":"https:\/\/portalmaisagro.com\/wp-content\/uploads\/2026\/09\/03204125_91111_GD.jpeg","contentUrl":"https:\/\/portalmaisagro.com\/wp-content\/uploads\/2026\/09\/03204125_91111_GD.jpeg","width":800,"height":450},{"@type":"BreadcrumbList","@id":"https:\/\/portalmaisagro.com\/?p=10029#breadcrumb","itemListElement":[{"@type":"ListItem","position":1,"name":"In\u00edcio","item":"https:\/\/portalmaisagro.com\/"},{"@type":"ListItem","position":2,"name":"Solenidade marca a abertura do 28\u00ba Pavilh\u00e3o da Agricultura Familiar na Expointer"}]},{"@type":"WebSite","@id":"https:\/\/portalmaisagro.com\/#website","url":"https:\/\/portalmaisagro.com\/","name":"MaisAgro","description":"O portal do agroneg\u00f3cio","publisher":{"@id":"https:\/\/portalmaisagro.com\/#organization"},"potentialAction":[{"@type":"SearchAction","target":{"@type":"EntryPoint","urlTemplate":"https:\/\/portalmaisagro.com\/?s={search_term_string}"},"query-input":{"@type":"PropertyValueSpecification","valueRequired":true,"valueName":"search_term_string"}}],"inLanguage":"pt-BR"},{"@type":"Organization","@id":"https:\/\/portalmaisagro.com\/#organization","name":"MaisAgro","url":"https:\/\/portalmaisagro.com\/","logo":{"@type":"ImageObject","inLanguage":"pt-BR","@id":"https:\/\/portalmaisagro.com\/#\/schema\/logo\/image\/","url":"https:\/\/portalmaisagro.com\/wp-content\/uploads\/2024\/11\/logo_oficial-e1749247575377.png","contentUrl":"https:\/\/portalmaisagro.com\/wp-content\/uploads\/2024\/11\/logo_oficial-e1749247575377.png","width":513,"height":107,"caption":"MaisAgro"},"image":{"@id":"https:\/\/portalmaisagro.com\/#\/schema\/logo\/image\/"},"sameAs":["https:\/\/www.facebook.com\/maisagroportal"]},{"@type":"Person","@id":"https:\/\/portalmaisagro.com\/#\/schema\/person\/ade0f16b5a3434e1ec47b1fbdb9b9318","name":"Taiane do Carmo","image":{"@type":"ImageObject","inLanguage":"pt-BR","@id":"https:\/\/portalmaisagro.com\/wp-content\/uploads\/2026\/04\/images.jpeg640e5d69297d7dd56cc39a10251ad7db","url":"https:\/\/portalmaisagro.com\/wp-content\/uploads\/2026\/04\/images.jpeg","contentUrl":"https:\/\/portalmaisagro.com\/wp-content\/uploads\/2026\/04\/images.jpeg","caption":"Taiane do Carmo"},"url":"https:\/\/portalmaisagro.com\/?author=10"}]}},"jetpack_publicize_connections":[],"authors":[],"_links":{"self":[{"href":"https:\/\/portalmaisagro.com\/index.php?rest_route=\/wp\/v2\/posts\/10029","targetHints":{"allow":["GET"]}}],"collection":[{"href":"https:\/\/portalmaisagro.com\/index.php?rest_route=\/wp\/v2\/posts"}],"about":[{"href":"https:\/\/portalmaisagro.com\/index.php?rest_route=\/wp\/v2\/types\/post"}],"author":[{"embeddable":true,"href":"https:\/\/portalmaisagro.com\/index.php?rest_route=\/wp\/v2\/users\/10"}],"replies":[{"embeddable":true,"href":"https:\/\/portalmaisagro.com\/index.php?rest_route=%2Fwp%2Fv2%2Fcomments&post=10029"}],"version-history":[{"count":1,"href":"https:\/\/portalmaisagro.com\/index.php?rest_route=\/wp\/v2\/posts\/10029\/revisions"}],"predecessor-version":[{"id":10031,"href":"https:\/\/portalmaisagro.com\/index.php?rest_route=\/wp\/v2\/posts\/10029\/revisions\/10031"}],"wp:attachment":[{"href":"https:\/\/portalmaisagro.com\/index.php?rest_route=%2Fwp%2Fv2%2Fmedia&parent=10029"}],"wp:term":[{"taxonomy":"category","embeddable":true,"href":"https:\/\/portalmaisagro.com\/index.php?rest_route=%2Fwp%2Fv2%2Fcategories&post=10029"},{"taxonomy":"post_tag","embeddable":true,"href":"https:\/\/portalmaisagro.com\/index.php?rest_route=%2Fwp%2Fv2%2Ftags&post=10029"}],"curies":[{"name":"wp","href":"https:\/\/api.w.org\/{rel}","templated":true}]}}