{"id":10022,"date":"2026-09-03T10:52:04","date_gmt":"2026-09-03T13:52:04","guid":{"rendered":"https:\/\/portalmaisagro.com\/?p=10022"},"modified":"2026-09-03T10:52:04","modified_gmt":"2026-09-03T13:52:04","slug":"previsao-para-quinta-feira-03-e-sexta-feira-04","status":"publish","type":"post","link":"https:\/\/portalmaisagro.com\/?p=10022","title":{"rendered":"Previs\u00e3o para quinta-feira (03) e sexta-feira (04):"},"content":{"rendered":"<p><img loading=\"lazy\" decoding=\"async\" class=\" wp-image-10023\" src=\"https:\/\/portalmaisagro.com\/wp-content\/uploads\/2026\/09\/rain-falling-on-umbrella-in-lush-green-setting-2026-03-09-06-36-45-utc-1024x683.jpg\" alt=\"\" width=\"754\" height=\"503\" srcset=\"https:\/\/portalmaisagro.com\/wp-content\/uploads\/2026\/09\/rain-falling-on-umbrella-in-lush-green-setting-2026-03-09-06-36-45-utc-1024x683.jpg 1024w, https:\/\/portalmaisagro.com\/wp-content\/uploads\/2026\/09\/rain-falling-on-umbrella-in-lush-green-setting-2026-03-09-06-36-45-utc-300x200.jpg 300w, https:\/\/portalmaisagro.com\/wp-content\/uploads\/2026\/09\/rain-falling-on-umbrella-in-lush-green-setting-2026-03-09-06-36-45-utc-768x512.jpg 768w, https:\/\/portalmaisagro.com\/wp-content\/uploads\/2026\/09\/rain-falling-on-umbrella-in-lush-green-setting-2026-03-09-06-36-45-utc-1536x1024.jpg 1536w, https:\/\/portalmaisagro.com\/wp-content\/uploads\/2026\/09\/rain-falling-on-umbrella-in-lush-green-setting-2026-03-09-06-36-45-utc-2048x1365.jpg 2048w, https:\/\/portalmaisagro.com\/wp-content\/uploads\/2026\/09\/rain-falling-on-umbrella-in-lush-green-setting-2026-03-09-06-36-45-utc-150x100.jpg 150w\" sizes=\"auto, (max-width: 754px) 100vw, 754px\" \/><\/p>\n<p class=\"subheading\" style=\"text-align: justify\"><em>Frente fria entre o Esp\u00edrito Santo e o sul da Bahia organiza um canal de umidade sobre o Centro-Oeste e parte do Norte, com possibilidade de chuva no sul do Par\u00e1, Tocantins, Mato Grosso, Goi\u00e1s e Distrito Federal. No Rio Grande do Sul, um novo sistema de baixa press\u00e3o pode provocar chuva e queda de granizo<\/em><\/p>\n<p style=\"text-align: justify\">A passagem de uma frente fria pelo Sudeste do Brasil organiza muita nebulosidade e provoca chuvas isoladas em parte das regi\u00f5es Centro-Oeste, Sudeste e Nordeste, estabelecendo um canal de umidade sobre essas \u00e1reas. As chuvas mais intensas se concentram entre o norte de Minas Gerais e, principalmente, o Esp\u00edrito Santo e o sul da Bahia. A massa de ar frio que acompanha essa frente fria deixa a temperatura mais baixa durante a noite e madrugada de quinta-feira, principalmente nas regi\u00f5es de serra do Sudeste, onde h\u00e1 possibilidade de forma\u00e7\u00e3o de geada na Serra da Mantiqueira, entre as divisas dos estados de Minas Gerais, S\u00e3o Paulo e Rio de Janeiro, no centro-sul e Campos Gerais do Paran\u00e1. Al\u00e9m disso, outro sistema de baixa press\u00e3o deve passar ao sul do Rio Grande do Sul e contribuir para a ocorr\u00eancia de chuva e para a possibilidade de queda de granizo no sudeste ga\u00facho nesta quinta-feira. Por outro lado, o calor segue intenso no interior do Nordeste, com temperaturas que podem passar dos 40 \u00b0C.<\/p>\n<h3 style=\"text-align: justify\">REGI\u00c3O NORTE<\/h3>\n<p style=\"text-align: justify\">Nesta quinta-feira (03).\u00a0 O c\u00e9u fica com muitas nuvens em toda regi\u00e3o. Pancadas de chuva ocorrem no centro-oeste e no norte do Amazonas ao longo de todo o dia, e, de forma isolada, no sul do Tocantins e no sul do Par\u00e1. Nas demais \u00e1reas, h\u00e1 possibilidade de chuva isolada. Entre as capitais, a menor temperatura m\u00ednima ser\u00e1 de 23 \u00b0C em Rio Branco (AC). As m\u00e1ximas chegam a 37 \u00b0C em Manaus (AM) e Rio Branco (AC) e a 38 \u00b0C em Porto Velho (RO) e em Palmas (TO).<\/p>\n<p style=\"text-align: justify\"><em>Aviso amarelo de perigo potencial para baixa umidade do ar no sul do Tocantins.<\/em><\/p>\n<p style=\"text-align: justify\">Sexta-feira (04).\u00a0 Ocorrem pancadas de chuva com trovoadas isoladas no centro-oeste e noroeste do Amazonas. No centro-sul do Amazonas, sul do Par\u00e1 e no Tocantins, o c\u00e9u fica com muitas nuvens, com possibilidade de chuvas isoladas. Nas demais \u00e1reas, muitas nuvens, mas n\u00e3o h\u00e1 previs\u00e3o de chuva. A m\u00ednima, entre as capitais da regi\u00e3o, ser\u00e1 de 23\u00b0C, em Rio Branco (AC). A m\u00e1xima chega a 38 \u00b0C tamb\u00e9m na capital acreana e em Porto Velho (RO). O calor continua intenso em Manaus (AM) e em Palmas (TO), com m\u00e1xima de 37 \u00b0C.<\/p>\n<h3 style=\"text-align: justify\">REGI\u00c3O NORDESTE<\/h3>\n<p style=\"text-align: justify\">Nesta quinta-feira (03).\u00a0 A chegada de uma frente fria ao sul da Bahia cria condi\u00e7\u00f5es para chuvas isoladas no centro-sul do estado e em demais \u00e1reas, exceto no norte do estado, onde o tempo fica est\u00e1vel, mas com muitas nuvens. As chuvas isoladas tamb\u00e9m devem atingir o sul do Maranh\u00e3o e do Piau\u00ed e, durante a noite, no litoral leste da regi\u00e3o Nordeste, entre Sergipe, Alagoas, Pernambuco, Para\u00edba e Rio Grande do Norte. Nas demais \u00e1reas, n\u00e3o chove, mas deve haver aumento da nebulosidade. Entre as capitais, a temperatura m\u00ednima ser\u00e1 de 21 \u00b0C em Macei\u00f3 (AL). Em Teresina (PI), n\u00e3o h\u00e1 previs\u00e3o de chuva e a m\u00e1xima chega a 41 \u00b0C.<\/p>\n<p style=\"text-align: justify\"><em>Aviso amarelo de perigo potencial para baixa umidade do ar durante a tarde no Piau\u00ed, centro-sul do Cear\u00e1, sudoeste do Rio Grande do Norte e oeste da Para\u00edba, Pernambuco e Bahia. Para o sul da Bahia, h\u00e1 aviso amarelo de perigo potencial para chuvas intensas, na regi\u00e3o de Porto Seguro (BA).<\/em><\/p>\n<p style=\"text-align: justify\">Sexta-feira (04).\u00a0\u00a0A frente fria perde for\u00e7a, se afasta em dire\u00e7\u00e3o ao oceano e a nebulosidade diminui sobre o Nordeste. Mesmo assim, h\u00e1 possibilidade de chuvas isoladas no leste e no oeste da Bahia, em munic\u00edpios como Salvador (BA), Barreiras (BA) e Lu\u00eds Eduardo Magalh\u00e3es (BA), bem como no sul do Maranh\u00e3o, em munic\u00edpios como Balsas (MA) e Alto Parna\u00edba (MA), e na faixa litor\u00e2nea dos estados de Alagoas, Pernambuco, Para\u00edba e Rio Grande do Norte. Em contrapartida, no centro-sul do Cear\u00e1, oeste da Para\u00edba e de Pernambuco e na regi\u00e3o central da Bahia, poucas nuvens e calor prevalecem. Entre as capitais, a m\u00e1xima chega a 38 \u00b0C em Teresina (PI), mas na faixa leste n\u00e3o passa dos 29 \u00b0C em Salvador (BA) e Aracaju (SE). A temperatura m\u00ednima ser\u00e1 de 22 \u00b0C em Teresina (PI) e Macei\u00f3 (AL).<\/p>\n<h3 style=\"text-align: justify\">REGI\u00c3O CENTRO-OESTE<\/h3>\n<p style=\"text-align: justify\">Nesta quinta-feira (03).\u00a0\u00a0Dia ser\u00e1 de muitas nuvens e pancadas de chuva isoladas no centro-norte e no leste de Mato Grosso e no norte de Goi\u00e1s. H\u00e1 tamb\u00e9m possibilidade de chuvas isoladas na regi\u00e3o central de Goi\u00e1s e no Distrito Federal. Por outro lado, no Mato Grosso do Sul, o tempo fica mais aberto, com poucas nuvens e temperaturas amenas. Campo Grande (MS) registra a m\u00ednima entre as capitais do Centro-Oeste, com 16 \u00b0C. A m\u00e1xima ser\u00e1 de 37 \u00b0C em Cuiab\u00e1 (MT).<\/p>\n<p style=\"text-align: justify\"><em>Para quinta-feira, h\u00e1 aviso amarelo de perigo potencial para baixa umidade do ar em Mato Grosso do Sul, Goi\u00e1s, no Distrito Federal e no sudeste de Mato Grosso.<\/em><\/p>\n<p style=\"text-align: justify\">Sexta-feira (04).\u00a0 As nuvens permanecem sobre a regi\u00e3o e h\u00e1 possibilidade de chuva isolada no centro-norte de Mato Grosso e de Goi\u00e1s, no Distrito Federal e no sul de Mato Grosso do Sul. Temperatura m\u00ednima de 20 \u00b0C em Bras\u00edlia (DF) e m\u00e1xima de 38 \u00b0C em Cuiab\u00e1 (MT).<\/p>\n<h3 style=\"text-align: justify\">REGI\u00c3O SUDESTE<\/h3>\n<p style=\"text-align: justify\">Nesta quinta-feira (03).\u00a0 A frente fria entre o Esp\u00edrito Santo e o sul da Bahia forma \u00e1reas de instabilidade e provoca pancadas de chuva isoladas no Esp\u00edrito Santo e no norte e nordeste de Minas Gerais. H\u00e1 possibilidade de chuva isolada no centro-norte mineiro; em Belo Horizonte (MG) n\u00e3o chove, mas o c\u00e9u fica com muitas nuvens.<\/p>\n<p style=\"text-align: justify\">O dia amanhece com nevoeiro no leste de S\u00e3o Paulo e no litoral sul e nas regi\u00f5es serranas do Rio de Janeiro. A massa de ar frio avan\u00e7a sobre o Sudeste e diminui a nebulosidade no interior paulista e no sul de Minas Gerais; na Serra da Mantiqueira, pode haver forma\u00e7\u00e3o de geada durante a madrugada e ao amanhecer. Entre as capitais, a menor temperatura \u00e9 de 10 \u00b0C em S\u00e3o Paulo (SP), seguida de 12 \u00b0C em Belo Horizonte (MG). O frio dura pouco: as temperaturas sobem r\u00e1pido \u00e0 tarde e chegam a 27 \u00b0C em S\u00e3o Paulo e Belo Horizonte e a 28 \u00b0C no Rio de Janeiro (RJ) e em Vit\u00f3ria (ES).<\/p>\n<p style=\"text-align: justify\"><em>Aviso amarelo de perigo potencial para chuvas intensas no centro-sul do Esp\u00edrito Santo, incluindo Vit\u00f3ria; e amarelo de perigo potencial para baixa umidade do ar, durante a tarde, no extremo oeste de S\u00e3o Paulo e de Minas Gerais.<\/em><\/p>\n<p style=\"text-align: justify\">Sexta-feira (04).\u00a0\u00a0O tempo fica firme em grande parte do Sudeste. A manh\u00e3 \u00e9 fria, com m\u00ednima de 12 \u00b0C em Belo Horizonte (MG), e a temperatura sobe \u00e0 tarde, com m\u00e1xima de 31 \u00b0C em Vit\u00f3ria (ES). H\u00e1 possibilidade de chuva isolada no sul de S\u00e3o Paulo e no extremo noroeste de Minas Gerais, onde o c\u00e9u fica com muitas nuvens.<\/p>\n<h3 style=\"text-align: justify\">REGI\u00c3O SUL<\/h3>\n<p style=\"text-align: justify\">Para esta quinta-feira (03). Tempo firme em grande parte da regi\u00e3o Sul. O dia come\u00e7a com nevoeiro no leste de Santa Catarina e do Paran\u00e1. H\u00e1 possibilidade de forma\u00e7\u00e3o de geada em alguns pontos do centro-sul e dos Campos Gerais, no Paran\u00e1. Ainda pela manh\u00e3, h\u00e1 possibilidade de chuva isolada no extremo sul do Rio Grande do Sul. Durante a tarde e \u00e0 noite, a instabilidade aumenta, com pancadas de chuva isoladas no centro-sul ga\u00facho, incluindo a capital Porto Alegre (RS). H\u00e1 possibilidade de queda de granizo no sudeste do Rio Grande do Sul, em munic\u00edpios como Ca\u00e7apava do Sul (RS), Cangu\u00e7u (RS), Pelotas (RS) e Mostardas (RS). Em Santa Catarina, as nuvens tamb\u00e9m aumentam, mas sem chuva. No Paran\u00e1, o dia vai ser de sol e poucas nuvens. Entre as capitais, a temperatura m\u00ednima ser\u00e1 de 7 \u00b0C em Curitiba (PR), que amanhece com nevoeiro. A m\u00e1xima chega a 25 \u00b0C em Porto Alegre (RS).<\/p>\n<p style=\"text-align: justify\"><em>Para esta quinta-feira, h\u00e1 aviso amarelo de perigo potencial para tempestades no centro-sul do Rio Grande do Sul, incluindo a capital Porto Alegre (RS).<\/em><\/p>\n<p style=\"text-align: justify\">Sexta-feira (04).\u00a0\u00a0\u00c1reas de instabilidade formadas no interior do continente trazem possibilidade de chuvas isoladas para o Paran\u00e1 e para Santa Catarina. Tamb\u00e9m h\u00e1 possibilidade de chuva isolada na regi\u00e3o de Porto Alegre (RS). No leste ga\u00facho, o c\u00e9u fica com muitas nuvens, mas no centro-oeste do estado a sexta-feira ser\u00e1 de sol e poucas nuvens. Entre as capitais, a temperatura m\u00ednima ser\u00e1 de 9 \u00b0C em Porto Alegre. A m\u00e1xima chega a 23 \u00b0C em Curitiba (PR) e a 21 \u00b0C em Porto Alegre (RS) e n\u00e3o passa dos 19 \u00b0C em Florian\u00f3polis (SC).<\/p>\n<figure style=\"text-align: justify\"><em><img loading=\"lazy\" decoding=\"async\" class=\"\" src=\"https:\/\/portal.inmet.gov.br\/uploads\/fig1-prev-3-4.png\" alt=\"\" width=\"524\" height=\"582\" \/><\/em><\/figure>\n<p style=\"text-align: justify\"><em>Figura 1\u00a0\u2013 Press\u00e3o ao n\u00edvel do mar para o meio-dia desta quinta-feira (03). O mapa mostra a presen\u00e7a de um novo sistema de baixa press\u00e3o, destacado pelo ret\u00e2ngulo vermelho, que se desloca ao sul do Rio Grande do Sul. Este sistema deve influenciar o tempo no centro-sul do Rio Grande do sul, onde h\u00e1 possibilidade de chuva e ocorr\u00eancia de granizo. Fonte: INMET.<\/em><\/p>\n<p style=\"text-align: justify\">\n<figure style=\"text-align: justify\"><img loading=\"lazy\" decoding=\"async\" class=\"\" src=\"https:\/\/portal.inmet.gov.br\/uploads\/fig2-prev-3-4.png\" alt=\"\" width=\"509\" height=\"565\" \/><\/figure>\n<p style=\"text-align: justify\"><em>Figura 2 \u2013 \u00c1gua precipit\u00e1vel (mm) prevista para o come\u00e7o da manh\u00e3 desta quinta-feira (03). A \u00e1rea destacada entre as curvas pretas espessas representa o canal de umidade formado entre o sul da Regi\u00e3o Norte do Brasil e a frente fria que atua sobre o Oceano Atl\u00e2ntico, na altura do Esp\u00edrito Santo e do sul da Bahia. Os maiores valores de \u00e1gua precipit\u00e1vel s\u00e3o representados por tons de azul e indicam condi\u00e7\u00f5es favor\u00e1veis \u00e0 forma\u00e7\u00e3o de nuvens e \u00e0 ocorr\u00eancia de chuva. No Sul do Brasil e no sul da Regi\u00e3o Sudeste, por outro lado, observam-se baixos valores de \u00e1gua precipit\u00e1vel, representados por tons de vermelho, indicando a presen\u00e7a de massas de ar seco, o que contribui para o resfriamento noturno e a eventual forma\u00e7\u00e3o de geadas na Serra da Mantiqueira. Fonte: INMET.<br \/>\n<\/em><\/p>\n<p style=\"text-align: justify\">\n<figure style=\"text-align: justify\"><img loading=\"lazy\" decoding=\"async\" class=\"\" src=\"https:\/\/portal.inmet.gov.br\/uploads\/fig3-prev-3-4.png\" alt=\"\" width=\"502\" height=\"557\" \/><\/figure>\n<p style=\"text-align: justify\"><em>Figura 3 \u2013 Previs\u00e3o de chuva acumulada (mm) desde quarta-feira (02) at\u00e9 o final da sexta-feira (04). As cores indicam os totais acumulados no per\u00edodo. As \u00e1reas em verde podem apresentar acumulados superiores a 20 mm. Os maiores acumulados de chuva s\u00e3o previstos para a faixa leste da Regi\u00e3o Sudeste, sob influ\u00eancia de uma frente fria associada ao ciclone extratropical que j\u00e1 est\u00e1 distante do Brasil. Essa frente forma um canal de umidade que pode ocasionar chuvas isoladas na \u00e1rea delimitada pelas curvas pretas. Fonte: INMET.<br \/>\n<\/em><\/p>\n<p style=\"text-align: justify\">\n<figure style=\"text-align: justify\"><img loading=\"lazy\" decoding=\"async\" class=\"\" src=\"https:\/\/portal.inmet.gov.br\/uploads\/fig4-prev-3-4.png\" alt=\"\" width=\"503\" height=\"558\" \/><\/figure>\n<p style=\"text-align: justify\"><em>Figura 4 \u2013 Previs\u00e3o de temperatura m\u00ednima para a manh\u00e3 desta quinta-feira (03). A massa de ar frio que acompanha a passagem da frente fria pelo Sudeste contribui para a redu\u00e7\u00e3o das temperaturas na \u00e1rea destacada pelo ret\u00e2ngulo azul. Os menores valores de temperatura ocorrem no leste do Paran\u00e1 e nas regi\u00f5es de serra de Santa Catarina, S\u00e3o Paulo, Minas Gerais e Rio de Janeiro, em torno de 6 \u00b0C. Fonte: INMET.<br \/>\n<\/em><\/p>\n<figure style=\"text-align: justify\"><img loading=\"lazy\" decoding=\"async\" class=\"\" src=\"https:\/\/portal.inmet.gov.br\/uploads\/fig5-prev-3-4.png\" alt=\"\" width=\"500\" height=\"554\" \/><\/figure>\n<p style=\"text-align: justify\"><em>Figura 5 \u2013 Tend\u00eancia de temperatura para o meio-dia desta quinta-feira (03). A passagem da frente fria (curva com tri\u00e2ngulos azuis) entre o Esp\u00edrito Santo, Minas Gerais e o sul da Bahia organiza muita nebulosidade e mant\u00e9m o c\u00e9u com muitas nuvens, contribuindo para temperaturas mais baixas do que nos \u00faltimos dias nas \u00e1reas destacadas em azul. Fonte: INMET.<\/em><\/p>\n<p>Texto: INMET<\/p>\n<p>Foto: BrianAJackson<\/p>\n<p><img loading=\"lazy\" decoding=\"async\" class=\"alignnone  wp-image-9943\" src=\"https:\/\/portalmaisagro.com\/wp-content\/uploads\/2026\/09\/WhatsApp-Image-2026-08-11-at-10.28.27.jpeg\" alt=\"\" width=\"239\" height=\"314\" srcset=\"https:\/\/portalmaisagro.com\/wp-content\/uploads\/2026\/09\/WhatsApp-Image-2026-08-11-at-10.28.27.jpeg 298w, https:\/\/portalmaisagro.com\/wp-content\/uploads\/2026\/09\/WhatsApp-Image-2026-08-11-at-10.28.27-229x300.jpeg 229w, https:\/\/portalmaisagro.com\/wp-content\/uploads\/2026\/09\/WhatsApp-Image-2026-08-11-at-10.28.27-150x197.jpeg 150w\" sizes=\"auto, (max-width: 239px) 100vw, 239px\" \/><\/p>\n<p><a href=\"https:\/\/digital.agriculturafamiliar.agr.br\/pub\/agriculturafamiliar\/#page\/147\"><strong><em>Conte\u00fado exclusivo de empresas participantes do Anu\u00e1rio Brasileiro do Agroneg\u00f3cio e Agricultura Familiar \u2013 LEIA O ANU\u00c1RIO GRATUITAMENTE<\/em><\/strong><\/a><\/p>\n","protected":false},"excerpt":{"rendered":"<p>Frente fria entre o Esp\u00edrito Santo e o sul da Bahia organiza um canal de umidade sobre o Centro-Oeste e parte do Norte, com possibilidade de chuva no sul do Par\u00e1, Tocantins, Mato Grosso, Goi\u00e1s e Distrito Federal. No Rio Grande do Sul, um novo sistema de baixa press\u00e3o pode&hellip;<\/p>\n","protected":false},"author":10,"featured_media":0,"comment_status":"closed","ping_status":"closed","sticky":false,"template":"","format":"standard","meta":{"footnotes":"","jetpack_publicize_message":"","jetpack_publicize_feature_enabled":true,"jetpack_social_post_already_shared":true,"jetpack_social_options":{"image_generator_settings":{"template":"highway","default_image_id":0,"font":"","enabled":false},"version":2},"_members_access_role":[],"_members_access_error":""},"categories":[131,6],"tags":[],"class_list":["post-10022","post","type-post","status-publish","format-standard","hentry","category-destaques","category-tempo"],"yoast_head":"<!-- This site is optimized with the Yoast SEO plugin v28.1 - https:\/\/yoast.com\/product\/yoast-seo-wordpress\/ -->\n<title>Previs\u00e3o para quinta-feira (03) e sexta-feira (04): - MaisAgro<\/title>\n<meta name=\"robots\" content=\"index, follow, max-snippet:-1, max-image-preview:large, max-video-preview:-1\" \/>\n<link rel=\"canonical\" href=\"https:\/\/portalmaisagro.com\/?p=10022\" \/>\n<meta property=\"og:locale\" content=\"pt_BR\" \/>\n<meta property=\"og:type\" content=\"article\" \/>\n<meta property=\"og:title\" content=\"Previs\u00e3o para quinta-feira (03) e sexta-feira (04): - MaisAgro\" \/>\n<meta property=\"og:description\" content=\"Frente fria entre o Esp\u00edrito Santo e o sul da Bahia organiza um canal de umidade sobre o Centro-Oeste e parte do Norte, com possibilidade de chuva no sul do Par\u00e1, Tocantins, Mato Grosso, Goi\u00e1s e Distrito Federal. No Rio Grande do Sul, um novo sistema de baixa press\u00e3o pode&hellip;\" \/>\n<meta property=\"og:url\" content=\"https:\/\/portalmaisagro.com\/?p=10022\" \/>\n<meta property=\"og:site_name\" content=\"MaisAgro\" \/>\n<meta property=\"article:publisher\" content=\"https:\/\/www.facebook.com\/maisagroportal\" \/>\n<meta property=\"article:published_time\" content=\"2026-09-03T13:52:04+00:00\" \/>\n<meta property=\"og:image\" content=\"https:\/\/portalmaisagro.com\/wp-content\/uploads\/2026\/09\/rain-falling-on-umbrella-in-lush-green-setting-2026-03-09-06-36-45-utc-scaled.jpg\" \/>\n\t<meta property=\"og:image:width\" content=\"2560\" \/>\n\t<meta property=\"og:image:height\" content=\"1707\" \/>\n\t<meta property=\"og:image:type\" content=\"image\/jpeg\" \/>\n<meta name=\"author\" content=\"Taiane do Carmo\" \/>\n<meta name=\"twitter:card\" content=\"summary_large_image\" \/>\n<meta name=\"twitter:label1\" content=\"Escrito por\" \/>\n\t<meta name=\"twitter:data1\" content=\"Taiane do Carmo\" \/>\n\t<meta name=\"twitter:label2\" content=\"Est. tempo de leitura\" \/>\n\t<meta name=\"twitter:data2\" content=\"12 minutos\" \/>\n<script type=\"application\/ld+json\" class=\"yoast-schema-graph\">{\"@context\":\"https:\\\/\\\/schema.org\",\"@graph\":[{\"@type\":\"Article\",\"@id\":\"https:\\\/\\\/portalmaisagro.com\\\/?p=10022#article\",\"isPartOf\":{\"@id\":\"https:\\\/\\\/portalmaisagro.com\\\/?p=10022\"},\"author\":{\"name\":\"Taiane do Carmo\",\"@id\":\"https:\\\/\\\/portalmaisagro.com\\\/#\\\/schema\\\/person\\\/ade0f16b5a3434e1ec47b1fbdb9b9318\"},\"headline\":\"Previs\u00e3o para quinta-feira (03) e sexta-feira (04):\",\"datePublished\":\"2026-09-03T13:52:04+00:00\",\"mainEntityOfPage\":{\"@id\":\"https:\\\/\\\/portalmaisagro.com\\\/?p=10022\"},\"wordCount\":1969,\"publisher\":{\"@id\":\"https:\\\/\\\/portalmaisagro.com\\\/#organization\"},\"image\":{\"@id\":\"https:\\\/\\\/portalmaisagro.com\\\/?p=10022#primaryimage\"},\"thumbnailUrl\":\"https:\\\/\\\/portalmaisagro.com\\\/wp-content\\\/uploads\\\/2026\\\/09\\\/rain-falling-on-umbrella-in-lush-green-setting-2026-03-09-06-36-45-utc-1024x683.jpg\",\"articleSection\":[\"DESTAQUES\",\"TEMPO\"],\"inLanguage\":\"pt-BR\"},{\"@type\":\"WebPage\",\"@id\":\"https:\\\/\\\/portalmaisagro.com\\\/?p=10022\",\"url\":\"https:\\\/\\\/portalmaisagro.com\\\/?p=10022\",\"name\":\"Previs\u00e3o para quinta-feira (03) e sexta-feira (04): - MaisAgro\",\"isPartOf\":{\"@id\":\"https:\\\/\\\/portalmaisagro.com\\\/#website\"},\"primaryImageOfPage\":{\"@id\":\"https:\\\/\\\/portalmaisagro.com\\\/?p=10022#primaryimage\"},\"image\":{\"@id\":\"https:\\\/\\\/portalmaisagro.com\\\/?p=10022#primaryimage\"},\"thumbnailUrl\":\"https:\\\/\\\/portalmaisagro.com\\\/wp-content\\\/uploads\\\/2026\\\/09\\\/rain-falling-on-umbrella-in-lush-green-setting-2026-03-09-06-36-45-utc-1024x683.jpg\",\"datePublished\":\"2026-09-03T13:52:04+00:00\",\"breadcrumb\":{\"@id\":\"https:\\\/\\\/portalmaisagro.com\\\/?p=10022#breadcrumb\"},\"inLanguage\":\"pt-BR\",\"potentialAction\":[{\"@type\":\"ReadAction\",\"target\":[\"https:\\\/\\\/portalmaisagro.com\\\/?p=10022\"]}]},{\"@type\":\"ImageObject\",\"inLanguage\":\"pt-BR\",\"@id\":\"https:\\\/\\\/portalmaisagro.com\\\/?p=10022#primaryimage\",\"url\":\"https:\\\/\\\/portalmaisagro.com\\\/wp-content\\\/uploads\\\/2026\\\/09\\\/rain-falling-on-umbrella-in-lush-green-setting-2026-03-09-06-36-45-utc-scaled.jpg\",\"contentUrl\":\"https:\\\/\\\/portalmaisagro.com\\\/wp-content\\\/uploads\\\/2026\\\/09\\\/rain-falling-on-umbrella-in-lush-green-setting-2026-03-09-06-36-45-utc-scaled.jpg\",\"width\":2560,\"height\":1707,\"caption\":\"Rain drops falling from a black umbrella concept for bad weather, winter or protection\"},{\"@type\":\"BreadcrumbList\",\"@id\":\"https:\\\/\\\/portalmaisagro.com\\\/?p=10022#breadcrumb\",\"itemListElement\":[{\"@type\":\"ListItem\",\"position\":1,\"name\":\"In\u00edcio\",\"item\":\"https:\\\/\\\/portalmaisagro.com\\\/\"},{\"@type\":\"ListItem\",\"position\":2,\"name\":\"Previs\u00e3o para quinta-feira (03) e sexta-feira (04):\"}]},{\"@type\":\"WebSite\",\"@id\":\"https:\\\/\\\/portalmaisagro.com\\\/#website\",\"url\":\"https:\\\/\\\/portalmaisagro.com\\\/\",\"name\":\"MaisAgro\",\"description\":\"O portal do agroneg\u00f3cio\",\"publisher\":{\"@id\":\"https:\\\/\\\/portalmaisagro.com\\\/#organization\"},\"potentialAction\":[{\"@type\":\"SearchAction\",\"target\":{\"@type\":\"EntryPoint\",\"urlTemplate\":\"https:\\\/\\\/portalmaisagro.com\\\/?s={search_term_string}\"},\"query-input\":{\"@type\":\"PropertyValueSpecification\",\"valueRequired\":true,\"valueName\":\"search_term_string\"}}],\"inLanguage\":\"pt-BR\"},{\"@type\":\"Organization\",\"@id\":\"https:\\\/\\\/portalmaisagro.com\\\/#organization\",\"name\":\"MaisAgro\",\"url\":\"https:\\\/\\\/portalmaisagro.com\\\/\",\"logo\":{\"@type\":\"ImageObject\",\"inLanguage\":\"pt-BR\",\"@id\":\"https:\\\/\\\/portalmaisagro.com\\\/#\\\/schema\\\/logo\\\/image\\\/\",\"url\":\"https:\\\/\\\/portalmaisagro.com\\\/wp-content\\\/uploads\\\/2024\\\/11\\\/logo_oficial-e1749247575377.png\",\"contentUrl\":\"https:\\\/\\\/portalmaisagro.com\\\/wp-content\\\/uploads\\\/2024\\\/11\\\/logo_oficial-e1749247575377.png\",\"width\":513,\"height\":107,\"caption\":\"MaisAgro\"},\"image\":{\"@id\":\"https:\\\/\\\/portalmaisagro.com\\\/#\\\/schema\\\/logo\\\/image\\\/\"},\"sameAs\":[\"https:\\\/\\\/www.facebook.com\\\/maisagroportal\"]},{\"@type\":\"Person\",\"@id\":\"https:\\\/\\\/portalmaisagro.com\\\/#\\\/schema\\\/person\\\/ade0f16b5a3434e1ec47b1fbdb9b9318\",\"name\":\"Taiane do Carmo\",\"image\":{\"@type\":\"ImageObject\",\"inLanguage\":\"pt-BR\",\"@id\":\"https:\\\/\\\/portalmaisagro.com\\\/wp-content\\\/uploads\\\/2026\\\/04\\\/images.jpeg640e5d69297d7dd56cc39a10251ad7db\",\"url\":\"https:\\\/\\\/portalmaisagro.com\\\/wp-content\\\/uploads\\\/2026\\\/04\\\/images.jpeg\",\"contentUrl\":\"https:\\\/\\\/portalmaisagro.com\\\/wp-content\\\/uploads\\\/2026\\\/04\\\/images.jpeg\",\"caption\":\"Taiane do Carmo\"},\"url\":\"https:\\\/\\\/portalmaisagro.com\\\/?author=10\"}]}<\/script>\n<!-- \/ Yoast SEO plugin. -->","yoast_head_json":{"title":"Previs\u00e3o para quinta-feira (03) e sexta-feira (04): - MaisAgro","robots":{"index":"index","follow":"follow","max-snippet":"max-snippet:-1","max-image-preview":"max-image-preview:large","max-video-preview":"max-video-preview:-1"},"canonical":"https:\/\/portalmaisagro.com\/?p=10022","og_locale":"pt_BR","og_type":"article","og_title":"Previs\u00e3o para quinta-feira (03) e sexta-feira (04): - MaisAgro","og_description":"Frente fria entre o Esp\u00edrito Santo e o sul da Bahia organiza um canal de umidade sobre o Centro-Oeste e parte do Norte, com possibilidade de chuva no sul do Par\u00e1, Tocantins, Mato Grosso, Goi\u00e1s e Distrito Federal. No Rio Grande do Sul, um novo sistema de baixa press\u00e3o pode&hellip;","og_url":"https:\/\/portalmaisagro.com\/?p=10022","og_site_name":"MaisAgro","article_publisher":"https:\/\/www.facebook.com\/maisagroportal","article_published_time":"2026-09-03T13:52:04+00:00","og_image":[{"width":2560,"height":1707,"url":"https:\/\/portalmaisagro.com\/wp-content\/uploads\/2026\/09\/rain-falling-on-umbrella-in-lush-green-setting-2026-03-09-06-36-45-utc-scaled.jpg","type":"image\/jpeg"}],"author":"Taiane do Carmo","twitter_card":"summary_large_image","twitter_misc":{"Escrito por":"Taiane do Carmo","Est. tempo de leitura":"12 minutos"},"schema":{"@context":"https:\/\/schema.org","@graph":[{"@type":"Article","@id":"https:\/\/portalmaisagro.com\/?p=10022#article","isPartOf":{"@id":"https:\/\/portalmaisagro.com\/?p=10022"},"author":{"name":"Taiane do Carmo","@id":"https:\/\/portalmaisagro.com\/#\/schema\/person\/ade0f16b5a3434e1ec47b1fbdb9b9318"},"headline":"Previs\u00e3o para quinta-feira (03) e sexta-feira (04):","datePublished":"2026-09-03T13:52:04+00:00","mainEntityOfPage":{"@id":"https:\/\/portalmaisagro.com\/?p=10022"},"wordCount":1969,"publisher":{"@id":"https:\/\/portalmaisagro.com\/#organization"},"image":{"@id":"https:\/\/portalmaisagro.com\/?p=10022#primaryimage"},"thumbnailUrl":"https:\/\/portalmaisagro.com\/wp-content\/uploads\/2026\/09\/rain-falling-on-umbrella-in-lush-green-setting-2026-03-09-06-36-45-utc-1024x683.jpg","articleSection":["DESTAQUES","TEMPO"],"inLanguage":"pt-BR"},{"@type":"WebPage","@id":"https:\/\/portalmaisagro.com\/?p=10022","url":"https:\/\/portalmaisagro.com\/?p=10022","name":"Previs\u00e3o para quinta-feira (03) e sexta-feira (04): - MaisAgro","isPartOf":{"@id":"https:\/\/portalmaisagro.com\/#website"},"primaryImageOfPage":{"@id":"https:\/\/portalmaisagro.com\/?p=10022#primaryimage"},"image":{"@id":"https:\/\/portalmaisagro.com\/?p=10022#primaryimage"},"thumbnailUrl":"https:\/\/portalmaisagro.com\/wp-content\/uploads\/2026\/09\/rain-falling-on-umbrella-in-lush-green-setting-2026-03-09-06-36-45-utc-1024x683.jpg","datePublished":"2026-09-03T13:52:04+00:00","breadcrumb":{"@id":"https:\/\/portalmaisagro.com\/?p=10022#breadcrumb"},"inLanguage":"pt-BR","potentialAction":[{"@type":"ReadAction","target":["https:\/\/portalmaisagro.com\/?p=10022"]}]},{"@type":"ImageObject","inLanguage":"pt-BR","@id":"https:\/\/portalmaisagro.com\/?p=10022#primaryimage","url":"https:\/\/portalmaisagro.com\/wp-content\/uploads\/2026\/09\/rain-falling-on-umbrella-in-lush-green-setting-2026-03-09-06-36-45-utc-scaled.jpg","contentUrl":"https:\/\/portalmaisagro.com\/wp-content\/uploads\/2026\/09\/rain-falling-on-umbrella-in-lush-green-setting-2026-03-09-06-36-45-utc-scaled.jpg","width":2560,"height":1707,"caption":"Rain drops falling from a black umbrella concept for bad weather, winter or protection"},{"@type":"BreadcrumbList","@id":"https:\/\/portalmaisagro.com\/?p=10022#breadcrumb","itemListElement":[{"@type":"ListItem","position":1,"name":"In\u00edcio","item":"https:\/\/portalmaisagro.com\/"},{"@type":"ListItem","position":2,"name":"Previs\u00e3o para quinta-feira (03) e sexta-feira (04):"}]},{"@type":"WebSite","@id":"https:\/\/portalmaisagro.com\/#website","url":"https:\/\/portalmaisagro.com\/","name":"MaisAgro","description":"O portal do agroneg\u00f3cio","publisher":{"@id":"https:\/\/portalmaisagro.com\/#organization"},"potentialAction":[{"@type":"SearchAction","target":{"@type":"EntryPoint","urlTemplate":"https:\/\/portalmaisagro.com\/?s={search_term_string}"},"query-input":{"@type":"PropertyValueSpecification","valueRequired":true,"valueName":"search_term_string"}}],"inLanguage":"pt-BR"},{"@type":"Organization","@id":"https:\/\/portalmaisagro.com\/#organization","name":"MaisAgro","url":"https:\/\/portalmaisagro.com\/","logo":{"@type":"ImageObject","inLanguage":"pt-BR","@id":"https:\/\/portalmaisagro.com\/#\/schema\/logo\/image\/","url":"https:\/\/portalmaisagro.com\/wp-content\/uploads\/2024\/11\/logo_oficial-e1749247575377.png","contentUrl":"https:\/\/portalmaisagro.com\/wp-content\/uploads\/2024\/11\/logo_oficial-e1749247575377.png","width":513,"height":107,"caption":"MaisAgro"},"image":{"@id":"https:\/\/portalmaisagro.com\/#\/schema\/logo\/image\/"},"sameAs":["https:\/\/www.facebook.com\/maisagroportal"]},{"@type":"Person","@id":"https:\/\/portalmaisagro.com\/#\/schema\/person\/ade0f16b5a3434e1ec47b1fbdb9b9318","name":"Taiane do Carmo","image":{"@type":"ImageObject","inLanguage":"pt-BR","@id":"https:\/\/portalmaisagro.com\/wp-content\/uploads\/2026\/04\/images.jpeg640e5d69297d7dd56cc39a10251ad7db","url":"https:\/\/portalmaisagro.com\/wp-content\/uploads\/2026\/04\/images.jpeg","contentUrl":"https:\/\/portalmaisagro.com\/wp-content\/uploads\/2026\/04\/images.jpeg","caption":"Taiane do Carmo"},"url":"https:\/\/portalmaisagro.com\/?author=10"}]}},"jetpack_publicize_connections":[],"authors":[],"_links":{"self":[{"href":"https:\/\/portalmaisagro.com\/index.php?rest_route=\/wp\/v2\/posts\/10022","targetHints":{"allow":["GET"]}}],"collection":[{"href":"https:\/\/portalmaisagro.com\/index.php?rest_route=\/wp\/v2\/posts"}],"about":[{"href":"https:\/\/portalmaisagro.com\/index.php?rest_route=\/wp\/v2\/types\/post"}],"author":[{"embeddable":true,"href":"https:\/\/portalmaisagro.com\/index.php?rest_route=\/wp\/v2\/users\/10"}],"replies":[{"embeddable":true,"href":"https:\/\/portalmaisagro.com\/index.php?rest_route=%2Fwp%2Fv2%2Fcomments&post=10022"}],"version-history":[{"count":1,"href":"https:\/\/portalmaisagro.com\/index.php?rest_route=\/wp\/v2\/posts\/10022\/revisions"}],"predecessor-version":[{"id":10024,"href":"https:\/\/portalmaisagro.com\/index.php?rest_route=\/wp\/v2\/posts\/10022\/revisions\/10024"}],"wp:attachment":[{"href":"https:\/\/portalmaisagro.com\/index.php?rest_route=%2Fwp%2Fv2%2Fmedia&parent=10022"}],"wp:term":[{"taxonomy":"category","embeddable":true,"href":"https:\/\/portalmaisagro.com\/index.php?rest_route=%2Fwp%2Fv2%2Fcategories&post=10022"},{"taxonomy":"post_tag","embeddable":true,"href":"https:\/\/portalmaisagro.com\/index.php?rest_route=%2Fwp%2Fv2%2Ftags&post=10022"}],"curies":[{"name":"wp","href":"https:\/\/api.w.org\/{rel}","templated":true}]}}