{"id":10019,"date":"2026-09-03T10:38:48","date_gmt":"2026-09-03T13:38:48","guid":{"rendered":"https:\/\/portalmaisagro.com\/?p=10019"},"modified":"2026-09-03T10:38:48","modified_gmt":"2026-09-03T13:38:48","slug":"frente-fria-leva-chuva-ao-centro-oeste-e-parte-do-norte-do-pais","status":"publish","type":"post","link":"https:\/\/portalmaisagro.com\/?p=10019","title":{"rendered":"Frente fria leva chuva ao Centro-Oeste e parte do Norte do pa\u00eds"},"content":{"rendered":"<p style=\"text-align: justify\"><img loading=\"lazy\" decoding=\"async\" class=\"alignnone  wp-image-10020\" src=\"https:\/\/portalmaisagro.com\/wp-content\/uploads\/2026\/09\/unnamed-file-1024x613.webp\" alt=\"\" width=\"1004\" height=\"601\" srcset=\"https:\/\/portalmaisagro.com\/wp-content\/uploads\/2026\/09\/unnamed-file-1024x613.webp 1024w, https:\/\/portalmaisagro.com\/wp-content\/uploads\/2026\/09\/unnamed-file-300x179.webp 300w, https:\/\/portalmaisagro.com\/wp-content\/uploads\/2026\/09\/unnamed-file-768x459.webp 768w, https:\/\/portalmaisagro.com\/wp-content\/uploads\/2026\/09\/unnamed-file-150x90.webp 150w, https:\/\/portalmaisagro.com\/wp-content\/uploads\/2026\/09\/unnamed-file.webp 1170w\" sizes=\"auto, (max-width: 1004px) 100vw, 1004px\" \/><\/p>\n<p style=\"text-align: justify\"><em>Aviso de baixa umidade vale para Mato Grosso do Sul, Goi\u00e1s e DF<\/em><\/p>\n<p style=\"text-align: justify\">A passagem de uma frente fria entre o Esp\u00edrito Santo e o sul da Bahia leva umidade para a regi\u00e3o, provocando chuvas intensas at\u00e9 o norte de Minas Gerais. Tamb\u00e9m h\u00e1\u00a0possibilidade de chuva no sul do Par\u00e1, Tocantins, Mato Grosso, Goi\u00e1s e Distrito Federal, informa o Instituto Nacional de Meteorologia (Inmet).<img decoding=\"async\" src=\"https:\/\/agenciabrasil.ebc.com.br\/ebc.png?id=1701425&amp;o=node\" \/><img decoding=\"async\" src=\"https:\/\/agenciabrasil.ebc.com.br\/ebc.gif?id=1701425&amp;o=node\" \/><\/p>\n<p style=\"text-align: justify\">Um aviso amarelo de perigo potencial para baixa umidade do ar vale para Mato Grosso do Sul, Goi\u00e1s, Distrito Federal e sudeste de Mato Grosso.<\/p>\n<p style=\"text-align: justify\">Entre as capitais da regi\u00e3o Centro-Oeste, a temperatura m\u00e1xima ser\u00e1 de 37\u00b0C em Cuiab\u00e1 e m\u00ednima de 16\u00b0C em Campo Grande.<\/p>\n<blockquote>\n<p style=\"text-align: justify\">No Nordeste, s\u00e3o esperadas chuvas isoladas no centro-sul da Bahia e demais \u00e1reas, exceto no norte do estado, onde o tempo fica est\u00e1vel, mas com muitas nuvens.<\/p>\n<p style=\"text-align: justify\">No sul do Maranh\u00e3o e do Piau\u00ed e no litoral leste entre Sergipe, Alagoas, Pernambuco, Para\u00edba e Rio Grande do Norte tamb\u00e9m deve chover de forma isolada.<\/p>\n<p style=\"text-align: justify\">Nas capitais, a temperatura m\u00ednima ser\u00e1 de 21\u00b0C em Macei\u00f3, Em Teresina, onde n\u00e3o h\u00e1 previs\u00e3o de chuva, a m\u00e1xima deve chegar a 41\u00b0C.<\/p>\n<p style=\"text-align: justify\">No Norte do Brasil, o c\u00e9u ser\u00e1 de muitas nuvens em toda a regi\u00e3o, com previs\u00e3o de pancadas de chuva no centro-oeste e norte do Amazonas e chuva isolada no sul do Tocantins e do Par\u00e1.<\/p>\n<\/blockquote>\n<p style=\"text-align: justify\">Entre as capitais, a temperatura m\u00ednima ser\u00e1 de 23\u00b0C em Rio Branco e a m\u00e1xima prevista \u00e9 de 38\u00b0C em Porto Velho e em Palmas.<\/p>\n<p style=\"text-align: justify\">No Sul do pa\u00eds, outro sistema de baixa press\u00e3o deve passar pelo\u00a0sul do estado do Rio Grande do Sul e contribuir para a ocorr\u00eancia de chuva e possibilidade de queda de granizo no sudeste ga\u00facho. H\u00e1 possibilidade de forma\u00e7\u00e3o de geada em alguns pontos do centro-sul e dos Campos Gerais, no Paran\u00e1.<\/p>\n<p style=\"text-align: justify\">Um aviso amarelo de perigo potencial alerta para tempestades no centro-sul do Rio Grande do Sul, incluindo a capital Porto Alegre.<\/p>\n<p style=\"text-align: justify\">Nas capitais da regi\u00e3o, a temperatura m\u00ednima ser\u00e1 de 7\u00b0C em Curitiba e a m\u00e1xima chega a 25\u00b0C em Porto Alegre.<\/p>\n<p style=\"text-align: justify\">No Sudeste, \u00e1reas de instabilidade provocam pancadas de chuva isoladas no Esp\u00edrito Santo e no norte e nordeste de Minas Gerais. No centro-norte mineiro tamb\u00e9m h\u00e1 possibilidade de chuva.<\/p>\n<blockquote>\n<p style=\"text-align: justify\">Na Serra da Mantiqueira, pode haver forma\u00e7\u00e3o de geada durante a madrugada e ao amanhecer.<\/p>\n<p style=\"text-align: justify\">A temperatura m\u00ednima entre as capitais da regi\u00e3o ser\u00e1 de 12\u00b0C em Belo Horizonte e a m\u00e1xima de 31\u00b0C em Vit\u00f3ria.a<\/p>\n<\/blockquote>\n<p style=\"text-align: justify\">Texto: Ag\u00eancia Brasil<\/p>\n<p style=\"text-align: justify\">Foto: \u00a0Rafa Neddermeyer\/Ag\u00eancia Brasil<\/p>\n<p style=\"text-align: justify\"><img loading=\"lazy\" decoding=\"async\" class=\"alignnone  wp-image-9943\" src=\"https:\/\/portalmaisagro.com\/wp-content\/uploads\/2026\/09\/WhatsApp-Image-2026-08-11-at-10.28.27.jpeg\" alt=\"\" width=\"239\" height=\"314\" srcset=\"https:\/\/portalmaisagro.com\/wp-content\/uploads\/2026\/09\/WhatsApp-Image-2026-08-11-at-10.28.27.jpeg 298w, https:\/\/portalmaisagro.com\/wp-content\/uploads\/2026\/09\/WhatsApp-Image-2026-08-11-at-10.28.27-229x300.jpeg 229w, https:\/\/portalmaisagro.com\/wp-content\/uploads\/2026\/09\/WhatsApp-Image-2026-08-11-at-10.28.27-150x197.jpeg 150w\" sizes=\"auto, (max-width: 239px) 100vw, 239px\" \/><\/p>\n<p style=\"text-align: justify\"><a href=\"https:\/\/digital.agriculturafamiliar.agr.br\/pub\/agriculturafamiliar\/#page\/147\"><strong><em>Conte\u00fado exclusivo de empresas participantes do Anu\u00e1rio Brasileiro do Agroneg\u00f3cio e Agricultura Familiar \u2013 LEIA O ANU\u00c1RIO GRATUITAMENTE<\/em><\/strong><\/a><\/p>\n","protected":false},"excerpt":{"rendered":"<p>Aviso de baixa umidade vale para Mato Grosso do Sul, Goi\u00e1s e DF A passagem de uma frente fria entre o Esp\u00edrito Santo e o sul da Bahia leva umidade para a regi\u00e3o, provocando chuvas intensas at\u00e9 o norte de Minas Gerais. Tamb\u00e9m h\u00e1\u00a0possibilidade de chuva no sul do Par\u00e1,&hellip;<\/p>\n","protected":false},"author":10,"featured_media":0,"comment_status":"closed","ping_status":"closed","sticky":false,"template":"","format":"standard","meta":{"footnotes":"","jetpack_publicize_message":"","jetpack_publicize_feature_enabled":true,"jetpack_social_post_already_shared":true,"jetpack_social_options":{"image_generator_settings":{"template":"highway","default_image_id":0,"font":"","enabled":false},"version":2},"_members_access_role":[],"_members_access_error":""},"categories":[131,6],"tags":[],"class_list":["post-10019","post","type-post","status-publish","format-standard","hentry","category-destaques","category-tempo"],"yoast_head":"<!-- This site is optimized with the Yoast SEO plugin v28.1 - https:\/\/yoast.com\/product\/yoast-seo-wordpress\/ -->\n<title>Frente fria leva chuva ao Centro-Oeste e parte do Norte do pa\u00eds - MaisAgro<\/title>\n<meta name=\"robots\" content=\"index, follow, max-snippet:-1, max-image-preview:large, max-video-preview:-1\" \/>\n<link rel=\"canonical\" href=\"https:\/\/portalmaisagro.com\/?p=10019\" \/>\n<meta property=\"og:locale\" content=\"pt_BR\" \/>\n<meta property=\"og:type\" content=\"article\" \/>\n<meta property=\"og:title\" content=\"Frente fria leva chuva ao Centro-Oeste e parte do Norte do pa\u00eds - MaisAgro\" \/>\n<meta property=\"og:description\" content=\"Aviso de baixa umidade vale para Mato Grosso do Sul, Goi\u00e1s e DF A passagem de uma frente fria entre o Esp\u00edrito Santo e o sul da Bahia leva umidade para a regi\u00e3o, provocando chuvas intensas at\u00e9 o norte de Minas Gerais. Tamb\u00e9m h\u00e1\u00a0possibilidade de chuva no sul do Par\u00e1,&hellip;\" \/>\n<meta property=\"og:url\" content=\"https:\/\/portalmaisagro.com\/?p=10019\" \/>\n<meta property=\"og:site_name\" content=\"MaisAgro\" \/>\n<meta property=\"article:publisher\" content=\"https:\/\/www.facebook.com\/maisagroportal\" \/>\n<meta property=\"article:published_time\" content=\"2026-09-03T13:38:48+00:00\" \/>\n<meta property=\"og:image\" content=\"https:\/\/portalmaisagro.com\/wp-content\/uploads\/2026\/09\/unnamed-file.webp\" \/>\n\t<meta property=\"og:image:width\" content=\"1170\" \/>\n\t<meta property=\"og:image:height\" content=\"700\" \/>\n\t<meta property=\"og:image:type\" content=\"image\/webp\" \/>\n<meta name=\"author\" content=\"Taiane do Carmo\" \/>\n<meta name=\"twitter:card\" content=\"summary_large_image\" \/>\n<meta name=\"twitter:label1\" content=\"Escrito por\" \/>\n\t<meta name=\"twitter:data1\" content=\"Taiane do Carmo\" \/>\n\t<meta name=\"twitter:label2\" content=\"Est. tempo de leitura\" \/>\n\t<meta name=\"twitter:data2\" content=\"3 minutos\" \/>\n<script type=\"application\/ld+json\" class=\"yoast-schema-graph\">{\"@context\":\"https:\\\/\\\/schema.org\",\"@graph\":[{\"@type\":\"Article\",\"@id\":\"https:\\\/\\\/portalmaisagro.com\\\/?p=10019#article\",\"isPartOf\":{\"@id\":\"https:\\\/\\\/portalmaisagro.com\\\/?p=10019\"},\"author\":{\"name\":\"Taiane do Carmo\",\"@id\":\"https:\\\/\\\/portalmaisagro.com\\\/#\\\/schema\\\/person\\\/ade0f16b5a3434e1ec47b1fbdb9b9318\"},\"headline\":\"Frente fria leva chuva ao Centro-Oeste e parte do Norte do pa\u00eds\",\"datePublished\":\"2026-09-03T13:38:48+00:00\",\"mainEntityOfPage\":{\"@id\":\"https:\\\/\\\/portalmaisagro.com\\\/?p=10019\"},\"wordCount\":492,\"publisher\":{\"@id\":\"https:\\\/\\\/portalmaisagro.com\\\/#organization\"},\"image\":{\"@id\":\"https:\\\/\\\/portalmaisagro.com\\\/?p=10019#primaryimage\"},\"thumbnailUrl\":\"https:\\\/\\\/portalmaisagro.com\\\/wp-content\\\/uploads\\\/2026\\\/09\\\/unnamed-file-1024x613.webp\",\"articleSection\":[\"DESTAQUES\",\"TEMPO\"],\"inLanguage\":\"pt-BR\"},{\"@type\":\"WebPage\",\"@id\":\"https:\\\/\\\/portalmaisagro.com\\\/?p=10019\",\"url\":\"https:\\\/\\\/portalmaisagro.com\\\/?p=10019\",\"name\":\"Frente fria leva chuva ao Centro-Oeste e parte do Norte do pa\u00eds - MaisAgro\",\"isPartOf\":{\"@id\":\"https:\\\/\\\/portalmaisagro.com\\\/#website\"},\"primaryImageOfPage\":{\"@id\":\"https:\\\/\\\/portalmaisagro.com\\\/?p=10019#primaryimage\"},\"image\":{\"@id\":\"https:\\\/\\\/portalmaisagro.com\\\/?p=10019#primaryimage\"},\"thumbnailUrl\":\"https:\\\/\\\/portalmaisagro.com\\\/wp-content\\\/uploads\\\/2026\\\/09\\\/unnamed-file-1024x613.webp\",\"datePublished\":\"2026-09-03T13:38:48+00:00\",\"breadcrumb\":{\"@id\":\"https:\\\/\\\/portalmaisagro.com\\\/?p=10019#breadcrumb\"},\"inLanguage\":\"pt-BR\",\"potentialAction\":[{\"@type\":\"ReadAction\",\"target\":[\"https:\\\/\\\/portalmaisagro.com\\\/?p=10019\"]}]},{\"@type\":\"ImageObject\",\"inLanguage\":\"pt-BR\",\"@id\":\"https:\\\/\\\/portalmaisagro.com\\\/?p=10019#primaryimage\",\"url\":\"https:\\\/\\\/portalmaisagro.com\\\/wp-content\\\/uploads\\\/2026\\\/09\\\/unnamed-file.webp\",\"contentUrl\":\"https:\\\/\\\/portalmaisagro.com\\\/wp-content\\\/uploads\\\/2026\\\/09\\\/unnamed-file.webp\",\"width\":1170,\"height\":700},{\"@type\":\"BreadcrumbList\",\"@id\":\"https:\\\/\\\/portalmaisagro.com\\\/?p=10019#breadcrumb\",\"itemListElement\":[{\"@type\":\"ListItem\",\"position\":1,\"name\":\"In\u00edcio\",\"item\":\"https:\\\/\\\/portalmaisagro.com\\\/\"},{\"@type\":\"ListItem\",\"position\":2,\"name\":\"Frente fria leva chuva ao Centro-Oeste e parte do Norte do pa\u00eds\"}]},{\"@type\":\"WebSite\",\"@id\":\"https:\\\/\\\/portalmaisagro.com\\\/#website\",\"url\":\"https:\\\/\\\/portalmaisagro.com\\\/\",\"name\":\"MaisAgro\",\"description\":\"O portal do agroneg\u00f3cio\",\"publisher\":{\"@id\":\"https:\\\/\\\/portalmaisagro.com\\\/#organization\"},\"potentialAction\":[{\"@type\":\"SearchAction\",\"target\":{\"@type\":\"EntryPoint\",\"urlTemplate\":\"https:\\\/\\\/portalmaisagro.com\\\/?s={search_term_string}\"},\"query-input\":{\"@type\":\"PropertyValueSpecification\",\"valueRequired\":true,\"valueName\":\"search_term_string\"}}],\"inLanguage\":\"pt-BR\"},{\"@type\":\"Organization\",\"@id\":\"https:\\\/\\\/portalmaisagro.com\\\/#organization\",\"name\":\"MaisAgro\",\"url\":\"https:\\\/\\\/portalmaisagro.com\\\/\",\"logo\":{\"@type\":\"ImageObject\",\"inLanguage\":\"pt-BR\",\"@id\":\"https:\\\/\\\/portalmaisagro.com\\\/#\\\/schema\\\/logo\\\/image\\\/\",\"url\":\"https:\\\/\\\/portalmaisagro.com\\\/wp-content\\\/uploads\\\/2024\\\/11\\\/logo_oficial-e1749247575377.png\",\"contentUrl\":\"https:\\\/\\\/portalmaisagro.com\\\/wp-content\\\/uploads\\\/2024\\\/11\\\/logo_oficial-e1749247575377.png\",\"width\":513,\"height\":107,\"caption\":\"MaisAgro\"},\"image\":{\"@id\":\"https:\\\/\\\/portalmaisagro.com\\\/#\\\/schema\\\/logo\\\/image\\\/\"},\"sameAs\":[\"https:\\\/\\\/www.facebook.com\\\/maisagroportal\"]},{\"@type\":\"Person\",\"@id\":\"https:\\\/\\\/portalmaisagro.com\\\/#\\\/schema\\\/person\\\/ade0f16b5a3434e1ec47b1fbdb9b9318\",\"name\":\"Taiane do Carmo\",\"image\":{\"@type\":\"ImageObject\",\"inLanguage\":\"pt-BR\",\"@id\":\"https:\\\/\\\/portalmaisagro.com\\\/wp-content\\\/uploads\\\/2026\\\/04\\\/images.jpeg640e5d69297d7dd56cc39a10251ad7db\",\"url\":\"https:\\\/\\\/portalmaisagro.com\\\/wp-content\\\/uploads\\\/2026\\\/04\\\/images.jpeg\",\"contentUrl\":\"https:\\\/\\\/portalmaisagro.com\\\/wp-content\\\/uploads\\\/2026\\\/04\\\/images.jpeg\",\"caption\":\"Taiane do Carmo\"},\"url\":\"https:\\\/\\\/portalmaisagro.com\\\/?author=10\"}]}<\/script>\n<!-- \/ Yoast SEO plugin. -->","yoast_head_json":{"title":"Frente fria leva chuva ao Centro-Oeste e parte do Norte do pa\u00eds - MaisAgro","robots":{"index":"index","follow":"follow","max-snippet":"max-snippet:-1","max-image-preview":"max-image-preview:large","max-video-preview":"max-video-preview:-1"},"canonical":"https:\/\/portalmaisagro.com\/?p=10019","og_locale":"pt_BR","og_type":"article","og_title":"Frente fria leva chuva ao Centro-Oeste e parte do Norte do pa\u00eds - MaisAgro","og_description":"Aviso de baixa umidade vale para Mato Grosso do Sul, Goi\u00e1s e DF A passagem de uma frente fria entre o Esp\u00edrito Santo e o sul da Bahia leva umidade para a regi\u00e3o, provocando chuvas intensas at\u00e9 o norte de Minas Gerais. Tamb\u00e9m h\u00e1\u00a0possibilidade de chuva no sul do Par\u00e1,&hellip;","og_url":"https:\/\/portalmaisagro.com\/?p=10019","og_site_name":"MaisAgro","article_publisher":"https:\/\/www.facebook.com\/maisagroportal","article_published_time":"2026-09-03T13:38:48+00:00","og_image":[{"width":1170,"height":700,"url":"https:\/\/portalmaisagro.com\/wp-content\/uploads\/2026\/09\/unnamed-file.webp","type":"image\/webp"}],"author":"Taiane do Carmo","twitter_card":"summary_large_image","twitter_misc":{"Escrito por":"Taiane do Carmo","Est. tempo de leitura":"3 minutos"},"schema":{"@context":"https:\/\/schema.org","@graph":[{"@type":"Article","@id":"https:\/\/portalmaisagro.com\/?p=10019#article","isPartOf":{"@id":"https:\/\/portalmaisagro.com\/?p=10019"},"author":{"name":"Taiane do Carmo","@id":"https:\/\/portalmaisagro.com\/#\/schema\/person\/ade0f16b5a3434e1ec47b1fbdb9b9318"},"headline":"Frente fria leva chuva ao Centro-Oeste e parte do Norte do pa\u00eds","datePublished":"2026-09-03T13:38:48+00:00","mainEntityOfPage":{"@id":"https:\/\/portalmaisagro.com\/?p=10019"},"wordCount":492,"publisher":{"@id":"https:\/\/portalmaisagro.com\/#organization"},"image":{"@id":"https:\/\/portalmaisagro.com\/?p=10019#primaryimage"},"thumbnailUrl":"https:\/\/portalmaisagro.com\/wp-content\/uploads\/2026\/09\/unnamed-file-1024x613.webp","articleSection":["DESTAQUES","TEMPO"],"inLanguage":"pt-BR"},{"@type":"WebPage","@id":"https:\/\/portalmaisagro.com\/?p=10019","url":"https:\/\/portalmaisagro.com\/?p=10019","name":"Frente fria leva chuva ao Centro-Oeste e parte do Norte do pa\u00eds - MaisAgro","isPartOf":{"@id":"https:\/\/portalmaisagro.com\/#website"},"primaryImageOfPage":{"@id":"https:\/\/portalmaisagro.com\/?p=10019#primaryimage"},"image":{"@id":"https:\/\/portalmaisagro.com\/?p=10019#primaryimage"},"thumbnailUrl":"https:\/\/portalmaisagro.com\/wp-content\/uploads\/2026\/09\/unnamed-file-1024x613.webp","datePublished":"2026-09-03T13:38:48+00:00","breadcrumb":{"@id":"https:\/\/portalmaisagro.com\/?p=10019#breadcrumb"},"inLanguage":"pt-BR","potentialAction":[{"@type":"ReadAction","target":["https:\/\/portalmaisagro.com\/?p=10019"]}]},{"@type":"ImageObject","inLanguage":"pt-BR","@id":"https:\/\/portalmaisagro.com\/?p=10019#primaryimage","url":"https:\/\/portalmaisagro.com\/wp-content\/uploads\/2026\/09\/unnamed-file.webp","contentUrl":"https:\/\/portalmaisagro.com\/wp-content\/uploads\/2026\/09\/unnamed-file.webp","width":1170,"height":700},{"@type":"BreadcrumbList","@id":"https:\/\/portalmaisagro.com\/?p=10019#breadcrumb","itemListElement":[{"@type":"ListItem","position":1,"name":"In\u00edcio","item":"https:\/\/portalmaisagro.com\/"},{"@type":"ListItem","position":2,"name":"Frente fria leva chuva ao Centro-Oeste e parte do Norte do pa\u00eds"}]},{"@type":"WebSite","@id":"https:\/\/portalmaisagro.com\/#website","url":"https:\/\/portalmaisagro.com\/","name":"MaisAgro","description":"O portal do agroneg\u00f3cio","publisher":{"@id":"https:\/\/portalmaisagro.com\/#organization"},"potentialAction":[{"@type":"SearchAction","target":{"@type":"EntryPoint","urlTemplate":"https:\/\/portalmaisagro.com\/?s={search_term_string}"},"query-input":{"@type":"PropertyValueSpecification","valueRequired":true,"valueName":"search_term_string"}}],"inLanguage":"pt-BR"},{"@type":"Organization","@id":"https:\/\/portalmaisagro.com\/#organization","name":"MaisAgro","url":"https:\/\/portalmaisagro.com\/","logo":{"@type":"ImageObject","inLanguage":"pt-BR","@id":"https:\/\/portalmaisagro.com\/#\/schema\/logo\/image\/","url":"https:\/\/portalmaisagro.com\/wp-content\/uploads\/2024\/11\/logo_oficial-e1749247575377.png","contentUrl":"https:\/\/portalmaisagro.com\/wp-content\/uploads\/2024\/11\/logo_oficial-e1749247575377.png","width":513,"height":107,"caption":"MaisAgro"},"image":{"@id":"https:\/\/portalmaisagro.com\/#\/schema\/logo\/image\/"},"sameAs":["https:\/\/www.facebook.com\/maisagroportal"]},{"@type":"Person","@id":"https:\/\/portalmaisagro.com\/#\/schema\/person\/ade0f16b5a3434e1ec47b1fbdb9b9318","name":"Taiane do Carmo","image":{"@type":"ImageObject","inLanguage":"pt-BR","@id":"https:\/\/portalmaisagro.com\/wp-content\/uploads\/2026\/04\/images.jpeg640e5d69297d7dd56cc39a10251ad7db","url":"https:\/\/portalmaisagro.com\/wp-content\/uploads\/2026\/04\/images.jpeg","contentUrl":"https:\/\/portalmaisagro.com\/wp-content\/uploads\/2026\/04\/images.jpeg","caption":"Taiane do Carmo"},"url":"https:\/\/portalmaisagro.com\/?author=10"}]}},"jetpack_publicize_connections":[],"authors":[],"_links":{"self":[{"href":"https:\/\/portalmaisagro.com\/index.php?rest_route=\/wp\/v2\/posts\/10019","targetHints":{"allow":["GET"]}}],"collection":[{"href":"https:\/\/portalmaisagro.com\/index.php?rest_route=\/wp\/v2\/posts"}],"about":[{"href":"https:\/\/portalmaisagro.com\/index.php?rest_route=\/wp\/v2\/types\/post"}],"author":[{"embeddable":true,"href":"https:\/\/portalmaisagro.com\/index.php?rest_route=\/wp\/v2\/users\/10"}],"replies":[{"embeddable":true,"href":"https:\/\/portalmaisagro.com\/index.php?rest_route=%2Fwp%2Fv2%2Fcomments&post=10019"}],"version-history":[{"count":1,"href":"https:\/\/portalmaisagro.com\/index.php?rest_route=\/wp\/v2\/posts\/10019\/revisions"}],"predecessor-version":[{"id":10021,"href":"https:\/\/portalmaisagro.com\/index.php?rest_route=\/wp\/v2\/posts\/10019\/revisions\/10021"}],"wp:attachment":[{"href":"https:\/\/portalmaisagro.com\/index.php?rest_route=%2Fwp%2Fv2%2Fmedia&parent=10019"}],"wp:term":[{"taxonomy":"category","embeddable":true,"href":"https:\/\/portalmaisagro.com\/index.php?rest_route=%2Fwp%2Fv2%2Fcategories&post=10019"},{"taxonomy":"post_tag","embeddable":true,"href":"https:\/\/portalmaisagro.com\/index.php?rest_route=%2Fwp%2Fv2%2Ftags&post=10019"}],"curies":[{"name":"wp","href":"https:\/\/api.w.org\/{rel}","templated":true}]}}