{"id":10011,"date":"2026-09-03T10:23:09","date_gmt":"2026-09-03T13:23:09","guid":{"rendered":"https:\/\/portalmaisagro.com\/?p=10011"},"modified":"2026-09-03T10:23:09","modified_gmt":"2026-09-03T13:23:09","slug":"aquecimento-alem-de-15c-ameaca-saude-agricultura-e-economia","status":"publish","type":"post","link":"https:\/\/portalmaisagro.com\/?p=10011","title":{"rendered":"Aquecimento al\u00e9m de 1,5\u00b0C amea\u00e7a sa\u00fade, agricultura e economia"},"content":{"rendered":"<p><img loading=\"lazy\" decoding=\"async\" class=\"alignnone  wp-image-10017\" src=\"https:\/\/portalmaisagro.com\/wp-content\/uploads\/2026\/09\/seca_2-1024x613.jpg\" alt=\"\" width=\"790\" height=\"473\" srcset=\"https:\/\/portalmaisagro.com\/wp-content\/uploads\/2026\/09\/seca_2-1024x613.jpg 1024w, https:\/\/portalmaisagro.com\/wp-content\/uploads\/2026\/09\/seca_2-300x179.jpg 300w, https:\/\/portalmaisagro.com\/wp-content\/uploads\/2026\/09\/seca_2-768x459.jpg 768w, https:\/\/portalmaisagro.com\/wp-content\/uploads\/2026\/09\/seca_2-150x90.jpg 150w, https:\/\/portalmaisagro.com\/wp-content\/uploads\/2026\/09\/seca_2.jpg 1170w\" sizes=\"auto, (max-width: 790px) 100vw, 790px\" \/><\/p>\n<p style=\"text-align: justify\"><em>Especialistas defendem corte urgente das emiss\u00f5es de gases<\/em><\/p>\n<p style=\"text-align: justify\">Desastres naturais, ondas de calor, secas hist\u00f3ricas, chuvas intensas e perdas agr\u00edcolas s\u00e3o alguns dos eventos extremos que se tornar\u00e3o frequentes em um planeta mais quente do que o esperado. A conclus\u00e3o \u00e9 de especialistas diante do an\u00fancio das Na\u00e7\u00f5es Unidas nesta ultima quarta-feira (2) de que o planeta deve ultrapassar o limite de 1,5\u00ba C de aquecimento nos pr\u00f3ximos anos.<img decoding=\"async\" src=\"https:\/\/agenciabrasil.ebc.com.br\/ebc.png?id=1701404&amp;o=node\" \/><img decoding=\"async\" src=\"https:\/\/agenciabrasil.ebc.com.br\/ebc.gif?id=1701404&amp;o=node\" \/><\/p>\n<p style=\"text-align: justify\">Para o diretor executivo do Instituto de Pesquisa Ambiental da Amaz\u00f4nia (IPAM), Andr\u00e9 Guimar\u00e3es, a informa\u00e7\u00e3o precisa ser tratada com a devida gravidade e provocar esfor\u00e7os urgentes para mudar o cen\u00e1rio.<\/p>\n<blockquote><p>\u201cHoje \u00e9 um dia triste para a humanidade. Fomos derrotados por n\u00f3s mesmos\u201d, lamenta Andr\u00e9.<\/p><\/blockquote>\n<p style=\"text-align: justify\">E especialista diz que a humanidade pode\u00a0redesenhar o pr\u00f3prio futuro neste planeta.<\/p>\n<blockquote><p>&#8220;Temos que reduzir urgentemente a queima de combust\u00edveis f\u00f3sseis, acabar com a convers\u00e3o de florestas e mudar, de forma geral, nossa rela\u00e7\u00e3o com a natureza\u201d, complementa.<\/p><\/blockquote>\n<p style=\"text-align: justify\">Em evento promovido pelo pelo Instituto Clima e Sociedade (iCS), a presidente do Comit\u00ea Diretor do Sistema Global de Observa\u00e7\u00e3o do Clima (GCOS), da Organiza\u00e7\u00e3o Meteorol\u00f3gica Mundial (OMM),\u00a0Thelma Krug, disse\u00a0que a dimens\u00e3o e a dura\u00e7\u00e3o do aquecimento determinar\u00e3o o tamanho dos impactos sobre a sociedade e o meio ambiente.<\/p>\n<p style=\"text-align: justify\">Quanto mais quente e mais tempo o planeta permanecer acima do limite de 1,5\u00baC, maior ser\u00e1 a necessidade de remo\u00e7\u00e3o de di\u00f3xido de carbono da atmosfera e mais dif\u00edcil ser\u00e1 reverter o aquecimento.<\/p>\n<p style=\"text-align: justify\">A temperatura global, segundo Thelma Krug, j\u00e1 est\u00e1 cerca de 1,37\u00b0C acima dos n\u00edveis pr\u00e9-industriais, com avan\u00e7o aproximado de 0,26\u00b0C por d\u00e9cada.<\/p>\n<blockquote><p>\u201cFazendo uma conta bem r\u00e1pida, ter\u00edamos tr\u00eas ou quatro anos para limitar o aquecimento, se continuarmos no ritmo atual de emiss\u00f5es\u201d, explicou Thelma.<\/p><\/blockquote>\n<h2 style=\"text-align: justify\">Preju\u00edzos<\/h2>\n<p style=\"text-align: justify\">O economista Sergio Margulis, especialista do Instituto Internacional para Sustentabilidade (IIS) e professor da PUC-Rio, destaca os preju\u00edzos econ\u00f4micos do aumento das temperaturas.\u00a0Perdas em infraestrutura, agricultura, sa\u00fade e energia j\u00e1 representam 2% do PIB global.<\/p>\n<p style=\"text-align: justify\">Margulis\u00a0indica que \u00e9 preciso investir na transi\u00e7\u00e3o energ\u00e9tica agora, para n\u00e3o elevar ainda mais esses preju\u00edzos.<\/p>\n<blockquote><p>\u201cHoje o mundo gasta uns 2 trilh\u00f5es de d\u00f3lares com descarboniza\u00e7\u00e3o. S\u00f3 que a gente precisa aumentar esse patamar para 5 trilh\u00f5es ou at\u00e9 um pouco mais. N\u00e3o tem como fugir disso\u201d, analisa o economista.<\/p><\/blockquote>\n<p style=\"text-align: justify\">Margulis tamb\u00e9m destaca que os governos precisar\u00e3o ampliar os investimentos em adapta\u00e7\u00e3o, por\u00e9m, o mais urgente \u00e9 reduzir o problema na fonte.<\/p>\n<p style=\"text-align: justify\">\u201cAdapta\u00e7\u00e3o n\u00e3o resolve o problema f\u00edsico do aquecimento global. Temos que parar com as emiss\u00f5es. Os pa\u00edses n\u00e3o podem ficar esperando a revers\u00e3o do clima para agir\u201d, destacou.<\/p>\n<p style=\"text-align: justify\">O coordenador de pol\u00edtica internacional do Observat\u00f3rio do Clima (OC), Claudio Angelo, refor\u00e7a que o relat\u00f3rio da ONU \u00e9 um alerta para impedir que a ultrapassagem de 1,5\u00b0C seja ainda maior.<\/p>\n<p style=\"text-align: justify\">\u201cAbandonar o objetivo de devolver os term\u00f4metros a 1,5\u00baC n\u00e3o \u00e9 uma op\u00e7\u00e3o; seria assinar um pacto coletivo de suic\u00eddio. Mas o pico e o decl\u00ednio n\u00e3o ocorrer\u00e3o enquanto pa\u00edses produtores de combust\u00edveis f\u00f3sseis olharem para essas ind\u00fastrias como uma benesse em vez de uma maldi\u00e7\u00e3o\u201d, analisa Angelo.<\/p>\n<p style=\"text-align: justify\">\u201c\u00c9 preciso parar j\u00e1 a expans\u00e3o f\u00f3ssil no mundo, e a COP31, daqui a dois meses, \u00e9 uma oportunidade de tomar essa decis\u00e3o\u201d, finaliza.<\/p>\n<p>Texto: Ag\u00eancia Brasil<\/p>\n<p>Foto: Marcelo Camargo\/Ag\u00eancia Brasil<\/p>\n<p><img loading=\"lazy\" decoding=\"async\" class=\"alignnone  wp-image-9943\" src=\"https:\/\/portalmaisagro.com\/wp-content\/uploads\/2026\/09\/WhatsApp-Image-2026-08-11-at-10.28.27.jpeg\" alt=\"\" width=\"240\" height=\"315\" srcset=\"https:\/\/portalmaisagro.com\/wp-content\/uploads\/2026\/09\/WhatsApp-Image-2026-08-11-at-10.28.27.jpeg 298w, https:\/\/portalmaisagro.com\/wp-content\/uploads\/2026\/09\/WhatsApp-Image-2026-08-11-at-10.28.27-229x300.jpeg 229w, https:\/\/portalmaisagro.com\/wp-content\/uploads\/2026\/09\/WhatsApp-Image-2026-08-11-at-10.28.27-150x197.jpeg 150w\" sizes=\"auto, (max-width: 240px) 100vw, 240px\" \/><\/p>\n<p><a href=\"https:\/\/digital.agriculturafamiliar.agr.br\/pub\/agriculturafamiliar\/#page\/147\"><strong><em>Conte\u00fado exclusivo de empresas participantes do Anu\u00e1rio Brasileiro do Agroneg\u00f3cio e Agricultura Familiar \u2013 LEIA O ANU\u00c1RIO GRATUITAMENTE<\/em><\/strong><\/a><\/p>\n","protected":false},"excerpt":{"rendered":"<p>Especialistas defendem corte urgente das emiss\u00f5es de gases Desastres naturais, ondas de calor, secas hist\u00f3ricas, chuvas intensas e perdas agr\u00edcolas s\u00e3o alguns dos eventos extremos que se tornar\u00e3o frequentes em um planeta mais quente do que o esperado. A conclus\u00e3o \u00e9 de especialistas diante do an\u00fancio das Na\u00e7\u00f5es Unidas nesta&hellip;<\/p>\n","protected":false},"author":10,"featured_media":0,"comment_status":"closed","ping_status":"closed","sticky":false,"template":"","format":"standard","meta":{"footnotes":"","jetpack_publicize_message":"","jetpack_publicize_feature_enabled":true,"jetpack_social_post_already_shared":true,"jetpack_social_options":{"image_generator_settings":{"template":"highway","default_image_id":0,"font":"","enabled":false},"version":2},"_members_access_role":[],"_members_access_error":""},"categories":[165,131],"tags":[],"class_list":["post-10011","post","type-post","status-publish","format-standard","hentry","category-clima","category-destaques"],"yoast_head":"<!-- This site is optimized with the Yoast SEO plugin v28.1 - https:\/\/yoast.com\/product\/yoast-seo-wordpress\/ -->\n<title>Aquecimento al\u00e9m de 1,5\u00b0C amea\u00e7a sa\u00fade, agricultura e economia - MaisAgro<\/title>\n<meta name=\"robots\" content=\"index, follow, max-snippet:-1, max-image-preview:large, max-video-preview:-1\" \/>\n<link rel=\"canonical\" href=\"https:\/\/portalmaisagro.com\/?p=10011\" \/>\n<meta property=\"og:locale\" content=\"pt_BR\" \/>\n<meta property=\"og:type\" content=\"article\" \/>\n<meta property=\"og:title\" content=\"Aquecimento al\u00e9m de 1,5\u00b0C amea\u00e7a sa\u00fade, agricultura e economia - MaisAgro\" \/>\n<meta property=\"og:description\" content=\"Especialistas defendem corte urgente das emiss\u00f5es de gases Desastres naturais, ondas de calor, secas hist\u00f3ricas, chuvas intensas e perdas agr\u00edcolas s\u00e3o alguns dos eventos extremos que se tornar\u00e3o frequentes em um planeta mais quente do que o esperado. A conclus\u00e3o \u00e9 de especialistas diante do an\u00fancio das Na\u00e7\u00f5es Unidas nesta&hellip;\" \/>\n<meta property=\"og:url\" content=\"https:\/\/portalmaisagro.com\/?p=10011\" \/>\n<meta property=\"og:site_name\" content=\"MaisAgro\" \/>\n<meta property=\"article:publisher\" content=\"https:\/\/www.facebook.com\/maisagroportal\" \/>\n<meta property=\"article:published_time\" content=\"2026-09-03T13:23:09+00:00\" \/>\n<meta property=\"og:image\" content=\"https:\/\/portalmaisagro.com\/wp-content\/uploads\/2026\/09\/seca_2.jpg\" \/>\n\t<meta property=\"og:image:width\" content=\"1170\" \/>\n\t<meta property=\"og:image:height\" content=\"700\" \/>\n\t<meta property=\"og:image:type\" content=\"image\/jpeg\" \/>\n<meta name=\"author\" content=\"Taiane do Carmo\" \/>\n<meta name=\"twitter:card\" content=\"summary_large_image\" \/>\n<meta name=\"twitter:label1\" content=\"Escrito por\" \/>\n\t<meta name=\"twitter:data1\" content=\"Taiane do Carmo\" \/>\n\t<meta name=\"twitter:label2\" content=\"Est. tempo de leitura\" \/>\n\t<meta name=\"twitter:data2\" content=\"4 minutos\" \/>\n<script type=\"application\/ld+json\" class=\"yoast-schema-graph\">{\"@context\":\"https:\\\/\\\/schema.org\",\"@graph\":[{\"@type\":\"Article\",\"@id\":\"https:\\\/\\\/portalmaisagro.com\\\/?p=10011#article\",\"isPartOf\":{\"@id\":\"https:\\\/\\\/portalmaisagro.com\\\/?p=10011\"},\"author\":{\"name\":\"Taiane do Carmo\",\"@id\":\"https:\\\/\\\/portalmaisagro.com\\\/#\\\/schema\\\/person\\\/ade0f16b5a3434e1ec47b1fbdb9b9318\"},\"headline\":\"Aquecimento al\u00e9m de 1,5\u00b0C amea\u00e7a sa\u00fade, agricultura e economia\",\"datePublished\":\"2026-09-03T13:23:09+00:00\",\"mainEntityOfPage\":{\"@id\":\"https:\\\/\\\/portalmaisagro.com\\\/?p=10011\"},\"wordCount\":635,\"publisher\":{\"@id\":\"https:\\\/\\\/portalmaisagro.com\\\/#organization\"},\"image\":{\"@id\":\"https:\\\/\\\/portalmaisagro.com\\\/?p=10011#primaryimage\"},\"thumbnailUrl\":\"https:\\\/\\\/portalmaisagro.com\\\/wp-content\\\/uploads\\\/2026\\\/09\\\/seca_2-1024x613.jpg\",\"articleSection\":[\"CLIMA\",\"DESTAQUES\"],\"inLanguage\":\"pt-BR\"},{\"@type\":\"WebPage\",\"@id\":\"https:\\\/\\\/portalmaisagro.com\\\/?p=10011\",\"url\":\"https:\\\/\\\/portalmaisagro.com\\\/?p=10011\",\"name\":\"Aquecimento al\u00e9m de 1,5\u00b0C amea\u00e7a sa\u00fade, agricultura e economia - MaisAgro\",\"isPartOf\":{\"@id\":\"https:\\\/\\\/portalmaisagro.com\\\/#website\"},\"primaryImageOfPage\":{\"@id\":\"https:\\\/\\\/portalmaisagro.com\\\/?p=10011#primaryimage\"},\"image\":{\"@id\":\"https:\\\/\\\/portalmaisagro.com\\\/?p=10011#primaryimage\"},\"thumbnailUrl\":\"https:\\\/\\\/portalmaisagro.com\\\/wp-content\\\/uploads\\\/2026\\\/09\\\/seca_2-1024x613.jpg\",\"datePublished\":\"2026-09-03T13:23:09+00:00\",\"breadcrumb\":{\"@id\":\"https:\\\/\\\/portalmaisagro.com\\\/?p=10011#breadcrumb\"},\"inLanguage\":\"pt-BR\",\"potentialAction\":[{\"@type\":\"ReadAction\",\"target\":[\"https:\\\/\\\/portalmaisagro.com\\\/?p=10011\"]}]},{\"@type\":\"ImageObject\",\"inLanguage\":\"pt-BR\",\"@id\":\"https:\\\/\\\/portalmaisagro.com\\\/?p=10011#primaryimage\",\"url\":\"https:\\\/\\\/portalmaisagro.com\\\/wp-content\\\/uploads\\\/2026\\\/09\\\/seca_2.jpg\",\"contentUrl\":\"https:\\\/\\\/portalmaisagro.com\\\/wp-content\\\/uploads\\\/2026\\\/09\\\/seca_2.jpg\",\"width\":1170,\"height\":700},{\"@type\":\"BreadcrumbList\",\"@id\":\"https:\\\/\\\/portalmaisagro.com\\\/?p=10011#breadcrumb\",\"itemListElement\":[{\"@type\":\"ListItem\",\"position\":1,\"name\":\"In\u00edcio\",\"item\":\"https:\\\/\\\/portalmaisagro.com\\\/\"},{\"@type\":\"ListItem\",\"position\":2,\"name\":\"Aquecimento al\u00e9m de 1,5\u00b0C amea\u00e7a sa\u00fade, agricultura e economia\"}]},{\"@type\":\"WebSite\",\"@id\":\"https:\\\/\\\/portalmaisagro.com\\\/#website\",\"url\":\"https:\\\/\\\/portalmaisagro.com\\\/\",\"name\":\"MaisAgro\",\"description\":\"O portal do agroneg\u00f3cio\",\"publisher\":{\"@id\":\"https:\\\/\\\/portalmaisagro.com\\\/#organization\"},\"potentialAction\":[{\"@type\":\"SearchAction\",\"target\":{\"@type\":\"EntryPoint\",\"urlTemplate\":\"https:\\\/\\\/portalmaisagro.com\\\/?s={search_term_string}\"},\"query-input\":{\"@type\":\"PropertyValueSpecification\",\"valueRequired\":true,\"valueName\":\"search_term_string\"}}],\"inLanguage\":\"pt-BR\"},{\"@type\":\"Organization\",\"@id\":\"https:\\\/\\\/portalmaisagro.com\\\/#organization\",\"name\":\"MaisAgro\",\"url\":\"https:\\\/\\\/portalmaisagro.com\\\/\",\"logo\":{\"@type\":\"ImageObject\",\"inLanguage\":\"pt-BR\",\"@id\":\"https:\\\/\\\/portalmaisagro.com\\\/#\\\/schema\\\/logo\\\/image\\\/\",\"url\":\"https:\\\/\\\/portalmaisagro.com\\\/wp-content\\\/uploads\\\/2024\\\/11\\\/logo_oficial-e1749247575377.png\",\"contentUrl\":\"https:\\\/\\\/portalmaisagro.com\\\/wp-content\\\/uploads\\\/2024\\\/11\\\/logo_oficial-e1749247575377.png\",\"width\":513,\"height\":107,\"caption\":\"MaisAgro\"},\"image\":{\"@id\":\"https:\\\/\\\/portalmaisagro.com\\\/#\\\/schema\\\/logo\\\/image\\\/\"},\"sameAs\":[\"https:\\\/\\\/www.facebook.com\\\/maisagroportal\"]},{\"@type\":\"Person\",\"@id\":\"https:\\\/\\\/portalmaisagro.com\\\/#\\\/schema\\\/person\\\/ade0f16b5a3434e1ec47b1fbdb9b9318\",\"name\":\"Taiane do Carmo\",\"image\":{\"@type\":\"ImageObject\",\"inLanguage\":\"pt-BR\",\"@id\":\"https:\\\/\\\/portalmaisagro.com\\\/wp-content\\\/uploads\\\/2026\\\/04\\\/images.jpeg640e5d69297d7dd56cc39a10251ad7db\",\"url\":\"https:\\\/\\\/portalmaisagro.com\\\/wp-content\\\/uploads\\\/2026\\\/04\\\/images.jpeg\",\"contentUrl\":\"https:\\\/\\\/portalmaisagro.com\\\/wp-content\\\/uploads\\\/2026\\\/04\\\/images.jpeg\",\"caption\":\"Taiane do Carmo\"},\"url\":\"https:\\\/\\\/portalmaisagro.com\\\/?author=10\"}]}<\/script>\n<!-- \/ Yoast SEO plugin. -->","yoast_head_json":{"title":"Aquecimento al\u00e9m de 1,5\u00b0C amea\u00e7a sa\u00fade, agricultura e economia - MaisAgro","robots":{"index":"index","follow":"follow","max-snippet":"max-snippet:-1","max-image-preview":"max-image-preview:large","max-video-preview":"max-video-preview:-1"},"canonical":"https:\/\/portalmaisagro.com\/?p=10011","og_locale":"pt_BR","og_type":"article","og_title":"Aquecimento al\u00e9m de 1,5\u00b0C amea\u00e7a sa\u00fade, agricultura e economia - MaisAgro","og_description":"Especialistas defendem corte urgente das emiss\u00f5es de gases Desastres naturais, ondas de calor, secas hist\u00f3ricas, chuvas intensas e perdas agr\u00edcolas s\u00e3o alguns dos eventos extremos que se tornar\u00e3o frequentes em um planeta mais quente do que o esperado. A conclus\u00e3o \u00e9 de especialistas diante do an\u00fancio das Na\u00e7\u00f5es Unidas nesta&hellip;","og_url":"https:\/\/portalmaisagro.com\/?p=10011","og_site_name":"MaisAgro","article_publisher":"https:\/\/www.facebook.com\/maisagroportal","article_published_time":"2026-09-03T13:23:09+00:00","og_image":[{"width":1170,"height":700,"url":"https:\/\/portalmaisagro.com\/wp-content\/uploads\/2026\/09\/seca_2.jpg","type":"image\/jpeg"}],"author":"Taiane do Carmo","twitter_card":"summary_large_image","twitter_misc":{"Escrito por":"Taiane do Carmo","Est. tempo de leitura":"4 minutos"},"schema":{"@context":"https:\/\/schema.org","@graph":[{"@type":"Article","@id":"https:\/\/portalmaisagro.com\/?p=10011#article","isPartOf":{"@id":"https:\/\/portalmaisagro.com\/?p=10011"},"author":{"name":"Taiane do Carmo","@id":"https:\/\/portalmaisagro.com\/#\/schema\/person\/ade0f16b5a3434e1ec47b1fbdb9b9318"},"headline":"Aquecimento al\u00e9m de 1,5\u00b0C amea\u00e7a sa\u00fade, agricultura e economia","datePublished":"2026-09-03T13:23:09+00:00","mainEntityOfPage":{"@id":"https:\/\/portalmaisagro.com\/?p=10011"},"wordCount":635,"publisher":{"@id":"https:\/\/portalmaisagro.com\/#organization"},"image":{"@id":"https:\/\/portalmaisagro.com\/?p=10011#primaryimage"},"thumbnailUrl":"https:\/\/portalmaisagro.com\/wp-content\/uploads\/2026\/09\/seca_2-1024x613.jpg","articleSection":["CLIMA","DESTAQUES"],"inLanguage":"pt-BR"},{"@type":"WebPage","@id":"https:\/\/portalmaisagro.com\/?p=10011","url":"https:\/\/portalmaisagro.com\/?p=10011","name":"Aquecimento al\u00e9m de 1,5\u00b0C amea\u00e7a sa\u00fade, agricultura e economia - MaisAgro","isPartOf":{"@id":"https:\/\/portalmaisagro.com\/#website"},"primaryImageOfPage":{"@id":"https:\/\/portalmaisagro.com\/?p=10011#primaryimage"},"image":{"@id":"https:\/\/portalmaisagro.com\/?p=10011#primaryimage"},"thumbnailUrl":"https:\/\/portalmaisagro.com\/wp-content\/uploads\/2026\/09\/seca_2-1024x613.jpg","datePublished":"2026-09-03T13:23:09+00:00","breadcrumb":{"@id":"https:\/\/portalmaisagro.com\/?p=10011#breadcrumb"},"inLanguage":"pt-BR","potentialAction":[{"@type":"ReadAction","target":["https:\/\/portalmaisagro.com\/?p=10011"]}]},{"@type":"ImageObject","inLanguage":"pt-BR","@id":"https:\/\/portalmaisagro.com\/?p=10011#primaryimage","url":"https:\/\/portalmaisagro.com\/wp-content\/uploads\/2026\/09\/seca_2.jpg","contentUrl":"https:\/\/portalmaisagro.com\/wp-content\/uploads\/2026\/09\/seca_2.jpg","width":1170,"height":700},{"@type":"BreadcrumbList","@id":"https:\/\/portalmaisagro.com\/?p=10011#breadcrumb","itemListElement":[{"@type":"ListItem","position":1,"name":"In\u00edcio","item":"https:\/\/portalmaisagro.com\/"},{"@type":"ListItem","position":2,"name":"Aquecimento al\u00e9m de 1,5\u00b0C amea\u00e7a sa\u00fade, agricultura e economia"}]},{"@type":"WebSite","@id":"https:\/\/portalmaisagro.com\/#website","url":"https:\/\/portalmaisagro.com\/","name":"MaisAgro","description":"O portal do agroneg\u00f3cio","publisher":{"@id":"https:\/\/portalmaisagro.com\/#organization"},"potentialAction":[{"@type":"SearchAction","target":{"@type":"EntryPoint","urlTemplate":"https:\/\/portalmaisagro.com\/?s={search_term_string}"},"query-input":{"@type":"PropertyValueSpecification","valueRequired":true,"valueName":"search_term_string"}}],"inLanguage":"pt-BR"},{"@type":"Organization","@id":"https:\/\/portalmaisagro.com\/#organization","name":"MaisAgro","url":"https:\/\/portalmaisagro.com\/","logo":{"@type":"ImageObject","inLanguage":"pt-BR","@id":"https:\/\/portalmaisagro.com\/#\/schema\/logo\/image\/","url":"https:\/\/portalmaisagro.com\/wp-content\/uploads\/2024\/11\/logo_oficial-e1749247575377.png","contentUrl":"https:\/\/portalmaisagro.com\/wp-content\/uploads\/2024\/11\/logo_oficial-e1749247575377.png","width":513,"height":107,"caption":"MaisAgro"},"image":{"@id":"https:\/\/portalmaisagro.com\/#\/schema\/logo\/image\/"},"sameAs":["https:\/\/www.facebook.com\/maisagroportal"]},{"@type":"Person","@id":"https:\/\/portalmaisagro.com\/#\/schema\/person\/ade0f16b5a3434e1ec47b1fbdb9b9318","name":"Taiane do Carmo","image":{"@type":"ImageObject","inLanguage":"pt-BR","@id":"https:\/\/portalmaisagro.com\/wp-content\/uploads\/2026\/04\/images.jpeg640e5d69297d7dd56cc39a10251ad7db","url":"https:\/\/portalmaisagro.com\/wp-content\/uploads\/2026\/04\/images.jpeg","contentUrl":"https:\/\/portalmaisagro.com\/wp-content\/uploads\/2026\/04\/images.jpeg","caption":"Taiane do Carmo"},"url":"https:\/\/portalmaisagro.com\/?author=10"}]}},"jetpack_publicize_connections":[],"authors":[],"_links":{"self":[{"href":"https:\/\/portalmaisagro.com\/index.php?rest_route=\/wp\/v2\/posts\/10011","targetHints":{"allow":["GET"]}}],"collection":[{"href":"https:\/\/portalmaisagro.com\/index.php?rest_route=\/wp\/v2\/posts"}],"about":[{"href":"https:\/\/portalmaisagro.com\/index.php?rest_route=\/wp\/v2\/types\/post"}],"author":[{"embeddable":true,"href":"https:\/\/portalmaisagro.com\/index.php?rest_route=\/wp\/v2\/users\/10"}],"replies":[{"embeddable":true,"href":"https:\/\/portalmaisagro.com\/index.php?rest_route=%2Fwp%2Fv2%2Fcomments&post=10011"}],"version-history":[{"count":1,"href":"https:\/\/portalmaisagro.com\/index.php?rest_route=\/wp\/v2\/posts\/10011\/revisions"}],"predecessor-version":[{"id":10018,"href":"https:\/\/portalmaisagro.com\/index.php?rest_route=\/wp\/v2\/posts\/10011\/revisions\/10018"}],"wp:attachment":[{"href":"https:\/\/portalmaisagro.com\/index.php?rest_route=%2Fwp%2Fv2%2Fmedia&parent=10011"}],"wp:term":[{"taxonomy":"category","embeddable":true,"href":"https:\/\/portalmaisagro.com\/index.php?rest_route=%2Fwp%2Fv2%2Fcategories&post=10011"},{"taxonomy":"post_tag","embeddable":true,"href":"https:\/\/portalmaisagro.com\/index.php?rest_route=%2Fwp%2Fv2%2Ftags&post=10011"}],"curies":[{"name":"wp","href":"https:\/\/api.w.org\/{rel}","templated":true}]}}