{"id":10002,"date":"2026-09-03T09:50:42","date_gmt":"2026-09-03T12:50:42","guid":{"rendered":"https:\/\/portalmaisagro.com\/?p=10002"},"modified":"2026-09-03T09:51:27","modified_gmt":"2026-09-03T12:51:27","slug":"grupo-bom-dia-leva-a-forca-do-agro-brasileiro-para-a-expointer","status":"publish","type":"post","link":"https:\/\/portalmaisagro.com\/?p=10002","title":{"rendered":"Grupo Bom Dia leva a for\u00e7a do agro brasileiro para a Expointer"},"content":{"rendered":"<p><img loading=\"lazy\" decoding=\"async\" class=\"alignnone wp-image-10003\" src=\"https:\/\/portalmaisagro.com\/wp-content\/uploads\/2026\/09\/ANUARIO-2026-05-1024x665.jpg\" alt=\"\" width=\"869\" height=\"565\" srcset=\"https:\/\/portalmaisagro.com\/wp-content\/uploads\/2026\/09\/ANUARIO-2026-05-1024x665.jpg 1024w, https:\/\/portalmaisagro.com\/wp-content\/uploads\/2026\/09\/ANUARIO-2026-05-300x195.jpg 300w, https:\/\/portalmaisagro.com\/wp-content\/uploads\/2026\/09\/ANUARIO-2026-05-768x499.jpg 768w, https:\/\/portalmaisagro.com\/wp-content\/uploads\/2026\/09\/ANUARIO-2026-05-150x97.jpg 150w, https:\/\/portalmaisagro.com\/wp-content\/uploads\/2026\/09\/ANUARIO-2026-05.jpg 1200w\" sizes=\"auto, (max-width: 869px) 100vw, 869px\" \/><\/p>\n<p style=\"text-align: justify\"><em>Anu\u00e1rio Brasileiro do Agroneg\u00f3cio e Agricultura Familiar amplia presen\u00e7a em uma das maiores vitrines do setor e consolida trajet\u00f3ria constru\u00edda ao lado das principais feiras do pa\u00eds<\/em><\/p>\n<p style=\"text-align: justify\">A for\u00e7a do agroneg\u00f3cio brasileiro volta a encontrar, em Esteio, um dos seus principais pontos de converg\u00eancia. De 29 de agosto a 6 de setembro, a 49\u00aa Expointer re\u00fane produtores, empresas, cooperativas, institui\u00e7\u00f5es financeiras, pesquisadores, lideran\u00e7as pol\u00edticas e representantes de diferentes segmentos da cadeia produtiva no Parque Estadual de Exposi\u00e7\u00f5es Assis Brasil.<\/p>\n<p style=\"text-align: justify\">\u00a0Em meio a essa grande vitrine do campo, o Grupo Bom Dia de Comunica\u00e7\u00e3o, de Erechim, participa mais uma vez levando ao centro das discuss\u00f5es do setor o Anu\u00e1rio Brasileiro do Agroneg\u00f3cio e Agricultura Familiar 2026.<\/p>\n<p><img loading=\"lazy\" decoding=\"async\" class=\"alignnone wp-image-10004\" src=\"https:\/\/portalmaisagro.com\/wp-content\/uploads\/2026\/09\/ANUARIO-EXPOINTER-2026.jpg\" alt=\"\" width=\"619\" height=\"352\" srcset=\"https:\/\/portalmaisagro.com\/wp-content\/uploads\/2026\/09\/ANUARIO-EXPOINTER-2026.jpg 912w, https:\/\/portalmaisagro.com\/wp-content\/uploads\/2026\/09\/ANUARIO-EXPOINTER-2026-300x171.jpg 300w, https:\/\/portalmaisagro.com\/wp-content\/uploads\/2026\/09\/ANUARIO-EXPOINTER-2026-768x437.jpg 768w, https:\/\/portalmaisagro.com\/wp-content\/uploads\/2026\/09\/ANUARIO-EXPOINTER-2026-150x85.jpg 150w\" sizes=\"auto, (max-width: 619px) 100vw, 619px\" \/><\/p>\n<p style=\"text-align: justify\">\u00a0A presen\u00e7a representa mais do que a participa\u00e7\u00e3o em uma feira. \u00c9 a continuidade de uma trajet\u00f3ria que vem aproximando o Grupo Bom Dia das principais lideran\u00e7as, empresas, cooperativas e institui\u00e7\u00f5es ligadas ao agroneg\u00f3cio nacional. Por meio do Anu\u00e1rio, o grupo estabelece conex\u00f5es, divulga iniciativas, amplia relacionamentos e coloca em evid\u00eancia a produ\u00e7\u00e3o rural, a agricultura familiar, o cooperativismo, a tecnologia e as diferentes atividades que formam uma das principais for\u00e7as econ\u00f4micas do Brasil.<\/p>\n<p style=\"text-align: justify\">\u00a0A Expointer 2026 chega justamente em um momento em que o setor demonstra sua dimens\u00e3o. A feira re\u00fane cerca de dois mil expositores, quase oito mil animais inscritos e uma ampla programa\u00e7\u00e3o dedicada \u00e0 produ\u00e7\u00e3o animal, m\u00e1quinas, inova\u00e7\u00e3o, tecnologia, agricultura familiar, servi\u00e7os e neg\u00f3cios. O agroneg\u00f3cio responde por mais de 40% do PIB do Rio Grande do Sul, segundo declara\u00e7\u00e3o do governador Eduardo Leite no lan\u00e7amento da edi\u00e7\u00e3o deste ano.<\/p>\n<p><img loading=\"lazy\" decoding=\"async\" class=\"alignnone wp-image-10005\" src=\"https:\/\/portalmaisagro.com\/wp-content\/uploads\/2026\/09\/ANUARIO-2026-06-1024x768.jpg\" alt=\"\" width=\"384\" height=\"288\" srcset=\"https:\/\/portalmaisagro.com\/wp-content\/uploads\/2026\/09\/ANUARIO-2026-06-1024x768.jpg 1024w, https:\/\/portalmaisagro.com\/wp-content\/uploads\/2026\/09\/ANUARIO-2026-06-300x225.jpg 300w, https:\/\/portalmaisagro.com\/wp-content\/uploads\/2026\/09\/ANUARIO-2026-06-768x576.jpg 768w, https:\/\/portalmaisagro.com\/wp-content\/uploads\/2026\/09\/ANUARIO-2026-06-1536x1152.jpg 1536w, https:\/\/portalmaisagro.com\/wp-content\/uploads\/2026\/09\/ANUARIO-2026-06-150x113.jpg 150w, https:\/\/portalmaisagro.com\/wp-content\/uploads\/2026\/09\/ANUARIO-2026-06.jpg 1600w\" sizes=\"auto, (max-width: 384px) 100vw, 384px\" \/>\u00a0 \u00a0 \u00a0 \u00a0 \u00a0\u00a0 <img loading=\"lazy\" decoding=\"async\" class=\"alignnone wp-image-10006\" src=\"https:\/\/portalmaisagro.com\/wp-content\/uploads\/2026\/09\/ANUARIO-EXPOINTER-2026-001-1024x768.jpg\" alt=\"\" width=\"384\" height=\"288\" srcset=\"https:\/\/portalmaisagro.com\/wp-content\/uploads\/2026\/09\/ANUARIO-EXPOINTER-2026-001-1024x768.jpg 1024w, https:\/\/portalmaisagro.com\/wp-content\/uploads\/2026\/09\/ANUARIO-EXPOINTER-2026-001-300x225.jpg 300w, https:\/\/portalmaisagro.com\/wp-content\/uploads\/2026\/09\/ANUARIO-EXPOINTER-2026-001-768x576.jpg 768w, https:\/\/portalmaisagro.com\/wp-content\/uploads\/2026\/09\/ANUARIO-EXPOINTER-2026-001-1536x1152.jpg 1536w, https:\/\/portalmaisagro.com\/wp-content\/uploads\/2026\/09\/ANUARIO-EXPOINTER-2026-001-150x113.jpg 150w, https:\/\/portalmaisagro.com\/wp-content\/uploads\/2026\/09\/ANUARIO-EXPOINTER-2026-001.jpg 1600w\" sizes=\"auto, (max-width: 384px) 100vw, 384px\" \/><\/p>\n<p style=\"text-align: justify\"><strong>A agricultura familiar como protagonista<\/strong><\/p>\n<p style=\"text-align: justify\">\u00a0Um dos espa\u00e7os que melhor traduz a diversidade e a capilaridade do agro ga\u00facho \u00e9 o Pavilh\u00e3o da Agricultura Familiar. Em 2026, s\u00e3o 509 expositores de 216 munic\u00edpios, reunindo 400 agroind\u00fastrias familiares, 74 empreendimentos de artesanato e 28 ligados a plantas, mudas e flores. A participa\u00e7\u00e3o envolve ainda 265 jovens e 179 mulheres \u00e0 frente de empreendimentos.<\/p>\n<p style=\"text-align: justify\">\u00a0Os n\u00fameros mostram que falar de agro n\u00e3o significa falar apenas de grandes propriedades, m\u00e1quinas ou commodities. Significa tamb\u00e9m falar de fam\u00edlias, pequenas agroind\u00fastrias, cooperativas, artes\u00e3os, produtores de alimentos, sucess\u00e3o rural, sustentabilidade e gera\u00e7\u00e3o de renda.<\/p>\n<p><img loading=\"lazy\" decoding=\"async\" class=\"alignnone wp-image-10007\" src=\"https:\/\/portalmaisagro.com\/wp-content\/uploads\/2026\/09\/ANUARIO-EXPOINTER-2026-002-1024x622.jpg\" alt=\"\" width=\"584\" height=\"355\" srcset=\"https:\/\/portalmaisagro.com\/wp-content\/uploads\/2026\/09\/ANUARIO-EXPOINTER-2026-002-1024x622.jpg 1024w, https:\/\/portalmaisagro.com\/wp-content\/uploads\/2026\/09\/ANUARIO-EXPOINTER-2026-002-300x182.jpg 300w, https:\/\/portalmaisagro.com\/wp-content\/uploads\/2026\/09\/ANUARIO-EXPOINTER-2026-002-768x466.jpg 768w, https:\/\/portalmaisagro.com\/wp-content\/uploads\/2026\/09\/ANUARIO-EXPOINTER-2026-002-150x91.jpg 150w, https:\/\/portalmaisagro.com\/wp-content\/uploads\/2026\/09\/ANUARIO-EXPOINTER-2026-002.jpg 1153w\" sizes=\"auto, (max-width: 584px) 100vw, 584px\" \/><\/p>\n<p style=\"text-align: justify\">A hist\u00f3ria do Anu\u00e1rio Brasileiro da Agricultura Familiar se confunde com a pr\u00f3pria expans\u00e3o do Grupo Bom Dia. Lan\u00e7ado em 2012, o projeto nasceu com a proposta de dar visibilidade \u00e0 agricultura familiar brasileira. Ao longo dos anos, ganhou abrang\u00eancia nacional, incorporou informa\u00e7\u00f5es, personagens, empresas, institui\u00e7\u00f5es e diferentes segmentos do setor, at\u00e9 chegar \u00e0 edi\u00e7\u00e3o de 2026 com uma nova denomina\u00e7\u00e3o: Anu\u00e1rio Brasileiro do Agroneg\u00f3cio e Agricultura Familiar.<\/p>\n<p style=\"text-align: justify\"><strong>Presen\u00e7a que ultrapassa os limites do Estado<\/strong><\/p>\n<p style=\"text-align: justify\">\u00a0A participa\u00e7\u00e3o na Expointer faz parte de uma agenda nacional constru\u00edda pelo Grupo Bom Dia. Em 2026, o Anu\u00e1rio j\u00e1 esteve presente em eventos de grande relev\u00e2ncia para o setor. No Show Rural Coopavel, em Cascavel, no Paran\u00e1, a publica\u00e7\u00e3o foi apresentada a lideran\u00e7as e executivos do agroneg\u00f3cio, refor\u00e7ando a conex\u00e3o com empresas e institui\u00e7\u00f5es ligadas \u00e0 inova\u00e7\u00e3o e \u00e0 tecnologia.<\/p>\n<p><img loading=\"lazy\" decoding=\"async\" class=\"alignnone wp-image-10008\" src=\"https:\/\/portalmaisagro.com\/wp-content\/uploads\/2026\/09\/ANUARIO-2026-07-1024x732.jpg\" alt=\"\" width=\"499\" height=\"357\" srcset=\"https:\/\/portalmaisagro.com\/wp-content\/uploads\/2026\/09\/ANUARIO-2026-07-1024x732.jpg 1024w, https:\/\/portalmaisagro.com\/wp-content\/uploads\/2026\/09\/ANUARIO-2026-07-300x215.jpg 300w, https:\/\/portalmaisagro.com\/wp-content\/uploads\/2026\/09\/ANUARIO-2026-07-768x549.jpg 768w, https:\/\/portalmaisagro.com\/wp-content\/uploads\/2026\/09\/ANUARIO-2026-07-150x107.jpg 150w, https:\/\/portalmaisagro.com\/wp-content\/uploads\/2026\/09\/ANUARIO-2026-07.jpg 1200w\" sizes=\"auto, (max-width: 499px) 100vw, 499px\" \/><\/p>\n<p>Texto: Jornal Bom Dia<\/p>\n<p>Foto: Divulga\u00e7\u00e3o<\/p>\n<p><img loading=\"lazy\" decoding=\"async\" class=\"alignnone wp-image-9943\" src=\"https:\/\/portalmaisagro.com\/wp-content\/uploads\/2026\/09\/WhatsApp-Image-2026-08-11-at-10.28.27.jpeg\" alt=\"\" width=\"239\" height=\"314\" srcset=\"https:\/\/portalmaisagro.com\/wp-content\/uploads\/2026\/09\/WhatsApp-Image-2026-08-11-at-10.28.27.jpeg 298w, https:\/\/portalmaisagro.com\/wp-content\/uploads\/2026\/09\/WhatsApp-Image-2026-08-11-at-10.28.27-229x300.jpeg 229w, https:\/\/portalmaisagro.com\/wp-content\/uploads\/2026\/09\/WhatsApp-Image-2026-08-11-at-10.28.27-150x197.jpeg 150w\" sizes=\"auto, (max-width: 239px) 100vw, 239px\" \/><\/p>\n<p><a href=\"https:\/\/digital.agriculturafamiliar.agr.br\/pub\/agriculturafamiliar\/#page\/147\"><strong><em>Conte\u00fado exclusivo de empresas participantes do Anu\u00e1rio Brasileiro do Agroneg\u00f3cio e Agricultura Familiar \u2013 LEIA O ANU\u00c1RIO GRATUITAMENTE<\/em><\/strong><\/a><\/p>\n","protected":false},"excerpt":{"rendered":"<p>Anu\u00e1rio Brasileiro do Agroneg\u00f3cio e Agricultura Familiar amplia presen\u00e7a em uma das maiores vitrines do setor e consolida trajet\u00f3ria constru\u00edda ao lado das principais feiras do pa\u00eds A for\u00e7a do agroneg\u00f3cio brasileiro volta a encontrar, em Esteio, um dos seus principais pontos de converg\u00eancia. De 29 de agosto a 6&hellip;<\/p>\n","protected":false},"author":10,"featured_media":0,"comment_status":"closed","ping_status":"closed","sticky":false,"template":"","format":"standard","meta":{"footnotes":"","jetpack_publicize_message":"","jetpack_publicize_feature_enabled":true,"jetpack_social_post_already_shared":true,"jetpack_social_options":{"image_generator_settings":{"template":"highway","default_image_id":0,"font":"","enabled":false},"version":2},"_members_access_role":[],"_members_access_error":""},"categories":[3,131],"tags":[],"class_list":["post-10002","post","type-post","status-publish","format-standard","hentry","category-agricultura","category-destaques"],"yoast_head":"<!-- This site is optimized with the Yoast SEO plugin v28.1 - https:\/\/yoast.com\/product\/yoast-seo-wordpress\/ -->\n<title>Grupo Bom Dia leva a for\u00e7a do agro brasileiro para a Expointer - MaisAgro<\/title>\n<meta name=\"robots\" content=\"index, follow, max-snippet:-1, max-image-preview:large, max-video-preview:-1\" \/>\n<link rel=\"canonical\" href=\"https:\/\/portalmaisagro.com\/?p=10002\" \/>\n<meta property=\"og:locale\" content=\"pt_BR\" \/>\n<meta property=\"og:type\" content=\"article\" \/>\n<meta property=\"og:title\" content=\"Grupo Bom Dia leva a for\u00e7a do agro brasileiro para a Expointer - MaisAgro\" \/>\n<meta property=\"og:description\" content=\"Anu\u00e1rio Brasileiro do Agroneg\u00f3cio e Agricultura Familiar amplia presen\u00e7a em uma das maiores vitrines do setor e consolida trajet\u00f3ria constru\u00edda ao lado das principais feiras do pa\u00eds A for\u00e7a do agroneg\u00f3cio brasileiro volta a encontrar, em Esteio, um dos seus principais pontos de converg\u00eancia. De 29 de agosto a 6&hellip;\" \/>\n<meta property=\"og:url\" content=\"https:\/\/portalmaisagro.com\/?p=10002\" \/>\n<meta property=\"og:site_name\" content=\"MaisAgro\" \/>\n<meta property=\"article:publisher\" content=\"https:\/\/www.facebook.com\/maisagroportal\" \/>\n<meta property=\"article:published_time\" content=\"2026-09-03T12:50:42+00:00\" \/>\n<meta property=\"article:modified_time\" content=\"2026-09-03T12:51:27+00:00\" \/>\n<meta property=\"og:image\" content=\"https:\/\/portalmaisagro.com\/wp-content\/uploads\/2026\/09\/ANUARIO-2026-05.jpg\" \/>\n\t<meta property=\"og:image:width\" content=\"1200\" \/>\n\t<meta property=\"og:image:height\" content=\"779\" \/>\n\t<meta property=\"og:image:type\" content=\"image\/jpeg\" \/>\n<meta name=\"author\" content=\"Taiane do Carmo\" \/>\n<meta name=\"twitter:card\" content=\"summary_large_image\" \/>\n<meta name=\"twitter:label1\" content=\"Escrito por\" \/>\n\t<meta name=\"twitter:data1\" content=\"Taiane do Carmo\" \/>\n\t<meta name=\"twitter:label2\" content=\"Est. tempo de leitura\" \/>\n\t<meta name=\"twitter:data2\" content=\"5 minutos\" \/>\n<script type=\"application\/ld+json\" class=\"yoast-schema-graph\">{\"@context\":\"https:\\\/\\\/schema.org\",\"@graph\":[{\"@type\":\"Article\",\"@id\":\"https:\\\/\\\/portalmaisagro.com\\\/?p=10002#article\",\"isPartOf\":{\"@id\":\"https:\\\/\\\/portalmaisagro.com\\\/?p=10002\"},\"author\":{\"name\":\"Taiane do Carmo\",\"@id\":\"https:\\\/\\\/portalmaisagro.com\\\/#\\\/schema\\\/person\\\/ade0f16b5a3434e1ec47b1fbdb9b9318\"},\"headline\":\"Grupo Bom Dia leva a for\u00e7a do agro brasileiro para a Expointer\",\"datePublished\":\"2026-09-03T12:50:42+00:00\",\"dateModified\":\"2026-09-03T12:51:27+00:00\",\"mainEntityOfPage\":{\"@id\":\"https:\\\/\\\/portalmaisagro.com\\\/?p=10002\"},\"wordCount\":591,\"publisher\":{\"@id\":\"https:\\\/\\\/portalmaisagro.com\\\/#organization\"},\"image\":{\"@id\":\"https:\\\/\\\/portalmaisagro.com\\\/?p=10002#primaryimage\"},\"thumbnailUrl\":\"https:\\\/\\\/portalmaisagro.com\\\/wp-content\\\/uploads\\\/2026\\\/09\\\/ANUARIO-2026-05-1024x665.jpg\",\"articleSection\":[\"AGRICULTURA\",\"DESTAQUES\"],\"inLanguage\":\"pt-BR\"},{\"@type\":\"WebPage\",\"@id\":\"https:\\\/\\\/portalmaisagro.com\\\/?p=10002\",\"url\":\"https:\\\/\\\/portalmaisagro.com\\\/?p=10002\",\"name\":\"Grupo Bom Dia leva a for\u00e7a do agro brasileiro para a Expointer - MaisAgro\",\"isPartOf\":{\"@id\":\"https:\\\/\\\/portalmaisagro.com\\\/#website\"},\"primaryImageOfPage\":{\"@id\":\"https:\\\/\\\/portalmaisagro.com\\\/?p=10002#primaryimage\"},\"image\":{\"@id\":\"https:\\\/\\\/portalmaisagro.com\\\/?p=10002#primaryimage\"},\"thumbnailUrl\":\"https:\\\/\\\/portalmaisagro.com\\\/wp-content\\\/uploads\\\/2026\\\/09\\\/ANUARIO-2026-05-1024x665.jpg\",\"datePublished\":\"2026-09-03T12:50:42+00:00\",\"dateModified\":\"2026-09-03T12:51:27+00:00\",\"breadcrumb\":{\"@id\":\"https:\\\/\\\/portalmaisagro.com\\\/?p=10002#breadcrumb\"},\"inLanguage\":\"pt-BR\",\"potentialAction\":[{\"@type\":\"ReadAction\",\"target\":[\"https:\\\/\\\/portalmaisagro.com\\\/?p=10002\"]}]},{\"@type\":\"ImageObject\",\"inLanguage\":\"pt-BR\",\"@id\":\"https:\\\/\\\/portalmaisagro.com\\\/?p=10002#primaryimage\",\"url\":\"https:\\\/\\\/portalmaisagro.com\\\/wp-content\\\/uploads\\\/2026\\\/09\\\/ANUARIO-2026-05.jpg\",\"contentUrl\":\"https:\\\/\\\/portalmaisagro.com\\\/wp-content\\\/uploads\\\/2026\\\/09\\\/ANUARIO-2026-05.jpg\",\"width\":1200,\"height\":779},{\"@type\":\"BreadcrumbList\",\"@id\":\"https:\\\/\\\/portalmaisagro.com\\\/?p=10002#breadcrumb\",\"itemListElement\":[{\"@type\":\"ListItem\",\"position\":1,\"name\":\"In\u00edcio\",\"item\":\"https:\\\/\\\/portalmaisagro.com\\\/\"},{\"@type\":\"ListItem\",\"position\":2,\"name\":\"Grupo Bom Dia leva a for\u00e7a do agro brasileiro para a Expointer\"}]},{\"@type\":\"WebSite\",\"@id\":\"https:\\\/\\\/portalmaisagro.com\\\/#website\",\"url\":\"https:\\\/\\\/portalmaisagro.com\\\/\",\"name\":\"MaisAgro\",\"description\":\"O portal do agroneg\u00f3cio\",\"publisher\":{\"@id\":\"https:\\\/\\\/portalmaisagro.com\\\/#organization\"},\"potentialAction\":[{\"@type\":\"SearchAction\",\"target\":{\"@type\":\"EntryPoint\",\"urlTemplate\":\"https:\\\/\\\/portalmaisagro.com\\\/?s={search_term_string}\"},\"query-input\":{\"@type\":\"PropertyValueSpecification\",\"valueRequired\":true,\"valueName\":\"search_term_string\"}}],\"inLanguage\":\"pt-BR\"},{\"@type\":\"Organization\",\"@id\":\"https:\\\/\\\/portalmaisagro.com\\\/#organization\",\"name\":\"MaisAgro\",\"url\":\"https:\\\/\\\/portalmaisagro.com\\\/\",\"logo\":{\"@type\":\"ImageObject\",\"inLanguage\":\"pt-BR\",\"@id\":\"https:\\\/\\\/portalmaisagro.com\\\/#\\\/schema\\\/logo\\\/image\\\/\",\"url\":\"https:\\\/\\\/portalmaisagro.com\\\/wp-content\\\/uploads\\\/2024\\\/11\\\/logo_oficial-e1749247575377.png\",\"contentUrl\":\"https:\\\/\\\/portalmaisagro.com\\\/wp-content\\\/uploads\\\/2024\\\/11\\\/logo_oficial-e1749247575377.png\",\"width\":513,\"height\":107,\"caption\":\"MaisAgro\"},\"image\":{\"@id\":\"https:\\\/\\\/portalmaisagro.com\\\/#\\\/schema\\\/logo\\\/image\\\/\"},\"sameAs\":[\"https:\\\/\\\/www.facebook.com\\\/maisagroportal\"]},{\"@type\":\"Person\",\"@id\":\"https:\\\/\\\/portalmaisagro.com\\\/#\\\/schema\\\/person\\\/ade0f16b5a3434e1ec47b1fbdb9b9318\",\"name\":\"Taiane do Carmo\",\"image\":{\"@type\":\"ImageObject\",\"inLanguage\":\"pt-BR\",\"@id\":\"https:\\\/\\\/portalmaisagro.com\\\/wp-content\\\/uploads\\\/2026\\\/04\\\/images.jpeg640e5d69297d7dd56cc39a10251ad7db\",\"url\":\"https:\\\/\\\/portalmaisagro.com\\\/wp-content\\\/uploads\\\/2026\\\/04\\\/images.jpeg\",\"contentUrl\":\"https:\\\/\\\/portalmaisagro.com\\\/wp-content\\\/uploads\\\/2026\\\/04\\\/images.jpeg\",\"caption\":\"Taiane do Carmo\"},\"url\":\"https:\\\/\\\/portalmaisagro.com\\\/?author=10\"}]}<\/script>\n<!-- \/ Yoast SEO plugin. -->","yoast_head_json":{"title":"Grupo Bom Dia leva a for\u00e7a do agro brasileiro para a Expointer - MaisAgro","robots":{"index":"index","follow":"follow","max-snippet":"max-snippet:-1","max-image-preview":"max-image-preview:large","max-video-preview":"max-video-preview:-1"},"canonical":"https:\/\/portalmaisagro.com\/?p=10002","og_locale":"pt_BR","og_type":"article","og_title":"Grupo Bom Dia leva a for\u00e7a do agro brasileiro para a Expointer - MaisAgro","og_description":"Anu\u00e1rio Brasileiro do Agroneg\u00f3cio e Agricultura Familiar amplia presen\u00e7a em uma das maiores vitrines do setor e consolida trajet\u00f3ria constru\u00edda ao lado das principais feiras do pa\u00eds A for\u00e7a do agroneg\u00f3cio brasileiro volta a encontrar, em Esteio, um dos seus principais pontos de converg\u00eancia. De 29 de agosto a 6&hellip;","og_url":"https:\/\/portalmaisagro.com\/?p=10002","og_site_name":"MaisAgro","article_publisher":"https:\/\/www.facebook.com\/maisagroportal","article_published_time":"2026-09-03T12:50:42+00:00","article_modified_time":"2026-09-03T12:51:27+00:00","og_image":[{"width":1200,"height":779,"url":"https:\/\/portalmaisagro.com\/wp-content\/uploads\/2026\/09\/ANUARIO-2026-05.jpg","type":"image\/jpeg"}],"author":"Taiane do Carmo","twitter_card":"summary_large_image","twitter_misc":{"Escrito por":"Taiane do Carmo","Est. tempo de leitura":"5 minutos"},"schema":{"@context":"https:\/\/schema.org","@graph":[{"@type":"Article","@id":"https:\/\/portalmaisagro.com\/?p=10002#article","isPartOf":{"@id":"https:\/\/portalmaisagro.com\/?p=10002"},"author":{"name":"Taiane do Carmo","@id":"https:\/\/portalmaisagro.com\/#\/schema\/person\/ade0f16b5a3434e1ec47b1fbdb9b9318"},"headline":"Grupo Bom Dia leva a for\u00e7a do agro brasileiro para a Expointer","datePublished":"2026-09-03T12:50:42+00:00","dateModified":"2026-09-03T12:51:27+00:00","mainEntityOfPage":{"@id":"https:\/\/portalmaisagro.com\/?p=10002"},"wordCount":591,"publisher":{"@id":"https:\/\/portalmaisagro.com\/#organization"},"image":{"@id":"https:\/\/portalmaisagro.com\/?p=10002#primaryimage"},"thumbnailUrl":"https:\/\/portalmaisagro.com\/wp-content\/uploads\/2026\/09\/ANUARIO-2026-05-1024x665.jpg","articleSection":["AGRICULTURA","DESTAQUES"],"inLanguage":"pt-BR"},{"@type":"WebPage","@id":"https:\/\/portalmaisagro.com\/?p=10002","url":"https:\/\/portalmaisagro.com\/?p=10002","name":"Grupo Bom Dia leva a for\u00e7a do agro brasileiro para a Expointer - MaisAgro","isPartOf":{"@id":"https:\/\/portalmaisagro.com\/#website"},"primaryImageOfPage":{"@id":"https:\/\/portalmaisagro.com\/?p=10002#primaryimage"},"image":{"@id":"https:\/\/portalmaisagro.com\/?p=10002#primaryimage"},"thumbnailUrl":"https:\/\/portalmaisagro.com\/wp-content\/uploads\/2026\/09\/ANUARIO-2026-05-1024x665.jpg","datePublished":"2026-09-03T12:50:42+00:00","dateModified":"2026-09-03T12:51:27+00:00","breadcrumb":{"@id":"https:\/\/portalmaisagro.com\/?p=10002#breadcrumb"},"inLanguage":"pt-BR","potentialAction":[{"@type":"ReadAction","target":["https:\/\/portalmaisagro.com\/?p=10002"]}]},{"@type":"ImageObject","inLanguage":"pt-BR","@id":"https:\/\/portalmaisagro.com\/?p=10002#primaryimage","url":"https:\/\/portalmaisagro.com\/wp-content\/uploads\/2026\/09\/ANUARIO-2026-05.jpg","contentUrl":"https:\/\/portalmaisagro.com\/wp-content\/uploads\/2026\/09\/ANUARIO-2026-05.jpg","width":1200,"height":779},{"@type":"BreadcrumbList","@id":"https:\/\/portalmaisagro.com\/?p=10002#breadcrumb","itemListElement":[{"@type":"ListItem","position":1,"name":"In\u00edcio","item":"https:\/\/portalmaisagro.com\/"},{"@type":"ListItem","position":2,"name":"Grupo Bom Dia leva a for\u00e7a do agro brasileiro para a Expointer"}]},{"@type":"WebSite","@id":"https:\/\/portalmaisagro.com\/#website","url":"https:\/\/portalmaisagro.com\/","name":"MaisAgro","description":"O portal do agroneg\u00f3cio","publisher":{"@id":"https:\/\/portalmaisagro.com\/#organization"},"potentialAction":[{"@type":"SearchAction","target":{"@type":"EntryPoint","urlTemplate":"https:\/\/portalmaisagro.com\/?s={search_term_string}"},"query-input":{"@type":"PropertyValueSpecification","valueRequired":true,"valueName":"search_term_string"}}],"inLanguage":"pt-BR"},{"@type":"Organization","@id":"https:\/\/portalmaisagro.com\/#organization","name":"MaisAgro","url":"https:\/\/portalmaisagro.com\/","logo":{"@type":"ImageObject","inLanguage":"pt-BR","@id":"https:\/\/portalmaisagro.com\/#\/schema\/logo\/image\/","url":"https:\/\/portalmaisagro.com\/wp-content\/uploads\/2024\/11\/logo_oficial-e1749247575377.png","contentUrl":"https:\/\/portalmaisagro.com\/wp-content\/uploads\/2024\/11\/logo_oficial-e1749247575377.png","width":513,"height":107,"caption":"MaisAgro"},"image":{"@id":"https:\/\/portalmaisagro.com\/#\/schema\/logo\/image\/"},"sameAs":["https:\/\/www.facebook.com\/maisagroportal"]},{"@type":"Person","@id":"https:\/\/portalmaisagro.com\/#\/schema\/person\/ade0f16b5a3434e1ec47b1fbdb9b9318","name":"Taiane do Carmo","image":{"@type":"ImageObject","inLanguage":"pt-BR","@id":"https:\/\/portalmaisagro.com\/wp-content\/uploads\/2026\/04\/images.jpeg640e5d69297d7dd56cc39a10251ad7db","url":"https:\/\/portalmaisagro.com\/wp-content\/uploads\/2026\/04\/images.jpeg","contentUrl":"https:\/\/portalmaisagro.com\/wp-content\/uploads\/2026\/04\/images.jpeg","caption":"Taiane do Carmo"},"url":"https:\/\/portalmaisagro.com\/?author=10"}]}},"jetpack_publicize_connections":[],"authors":[],"_links":{"self":[{"href":"https:\/\/portalmaisagro.com\/index.php?rest_route=\/wp\/v2\/posts\/10002","targetHints":{"allow":["GET"]}}],"collection":[{"href":"https:\/\/portalmaisagro.com\/index.php?rest_route=\/wp\/v2\/posts"}],"about":[{"href":"https:\/\/portalmaisagro.com\/index.php?rest_route=\/wp\/v2\/types\/post"}],"author":[{"embeddable":true,"href":"https:\/\/portalmaisagro.com\/index.php?rest_route=\/wp\/v2\/users\/10"}],"replies":[{"embeddable":true,"href":"https:\/\/portalmaisagro.com\/index.php?rest_route=%2Fwp%2Fv2%2Fcomments&post=10002"}],"version-history":[{"count":2,"href":"https:\/\/portalmaisagro.com\/index.php?rest_route=\/wp\/v2\/posts\/10002\/revisions"}],"predecessor-version":[{"id":10010,"href":"https:\/\/portalmaisagro.com\/index.php?rest_route=\/wp\/v2\/posts\/10002\/revisions\/10010"}],"wp:attachment":[{"href":"https:\/\/portalmaisagro.com\/index.php?rest_route=%2Fwp%2Fv2%2Fmedia&parent=10002"}],"wp:term":[{"taxonomy":"category","embeddable":true,"href":"https:\/\/portalmaisagro.com\/index.php?rest_route=%2Fwp%2Fv2%2Fcategories&post=10002"},{"taxonomy":"post_tag","embeddable":true,"href":"https:\/\/portalmaisagro.com\/index.php?rest_route=%2Fwp%2Fv2%2Ftags&post=10002"}],"curies":[{"name":"wp","href":"https:\/\/api.w.org\/{rel}","templated":true}]}}